{"id":119304,"date":"2023-11-20T11:51:31","date_gmt":"2023-11-20T14:51:31","guid":{"rendered":"http:\/\/anoticiaonline.com.br\/site\/?p=119304"},"modified":"2023-11-20T11:51:51","modified_gmt":"2023-11-20T14:51:51","slug":"minas-decreta-luto-oficial-de-tres-dias-pela-morte-do-ex-governador-alberto-pinto-coelho","status":"publish","type":"post","link":"https:\/\/anoticiaonline.com.br\/site\/minas-decreta-luto-oficial-de-tres-dias-pela-morte-do-ex-governador-alberto-pinto-coelho\/","title":{"rendered":"Minas decreta luto oficial de tr\u00eas dias pela morte do ex-governador Alberto Pinto Coelho"},"content":{"rendered":"\n<p>O governador Romeu Zema lamenta profundamente a morte do ex-governador de Minas Gerais Alberto Pinto Coelho, aos 78 anos, nesta segunda-feira (20\/11). O governador decretou luto oficial de tr\u00eas dias.<br><br>Um dos pol\u00edticos mais expressivos do estado, dotado de h\u00e1bil caracter\u00edstica conciliat\u00f3ria reconhecida amplamente entre seus pares, Alberto Pinto Coelho deixa quatro filhos, netos e a esposa, C\u00e9lia Pinto Coelho.<br><br>\u201c\u00c9 uma grande perda para a pol\u00edtica de Minas. Alberto foi um dos pol\u00edticos mais vers\u00e1teis do estado. Muito gentil, mantinha\u00a0habilidade incomum para atingir o consenso, sempre disposto a ouvir o pr\u00f3ximo, um tra\u00e7o essencial para quem chefiou o Legislativo e o Executivo. Minas perde com sua aus\u00eancia, mas sempre ter\u00e1 o legado de um homem que dedicou a vida aos mineiros\u201d, disse o governador.<br><br>Nascido em 1945, em Rio Verde (GO), mas criado desde os 3 anos em Manhua\u00e7u, na Zona da Mata, Alberto Pinto Coelho \u00e9 considerado mineiro de cora\u00e7\u00e3o. \u00c9 filho de dona Abigail, pedagoga de forma\u00e7\u00e3o, e de Alberto Pinto Coelho pai, ex-deputado estadual e\u00a0<strong>ex-presidente da Assembleia Legislativa de Goi\u00e1s<\/strong>, de quem herdou o talento para a vida p\u00fablica.<\/p>\n","protected":false},"excerpt":{"rendered":"<p>O governador Romeu Zema lamenta profundamente a morte do ex-governador de Minas Gerais Alberto Pinto Coelho, aos 78 anos, nesta segunda-feira (20\/11). O governador decretou luto oficial de tr\u00eas dias. Um dos pol\u00edticos mais expressivos do estado, dotado de h\u00e1bil caracter\u00edstica conciliat\u00f3ria reconhecida amplamente entre seus pares, Alberto Pinto Coelho deixa quatro filhos, netos e &#8230; <a title=\"Minas decreta luto oficial de tr\u00eas dias pela morte do ex-governador Alberto Pinto Coelho\" class=\"read-more\" href=\"https:\/\/anoticiaonline.com.br\/site\/minas-decreta-luto-oficial-de-tres-dias-pela-morte-do-ex-governador-alberto-pinto-coelho\/\" aria-label=\"Read more about Minas decreta luto oficial de tr\u00eas dias pela morte do ex-governador Alberto Pinto Coelho\">Ler mais<\/a><\/p>\n","protected":false},"author":2,"featured_media":119305,"comment_status":"open","ping_status":"closed","sticky":false,"template":"","format":"standard","meta":{"_acf_changed":false,"_monsterinsights_skip_tracking":false,"_monsterinsights_sitenote_active":false,"_monsterinsights_sitenote_note":"","_monsterinsights_sitenote_category":0,"footnotes":""},"categories":[30,2893,1,7660],"tags":[],"class_list":["post-119304","post","type-post","status-publish","format-standard","has-post-thumbnail","hentry","category-muriae","category-cotidiano","category-gerais","category-slide-principal"],"acf":[],"aioseo_notices":[],"views":208,"_links":{"self":[{"href":"https:\/\/anoticiaonline.com.br\/site\/wp-json\/wp\/v2\/posts\/119304","targetHints":{"allow":["GET"]}}],"collection":[{"href":"https:\/\/anoticiaonline.com.br\/site\/wp-json\/wp\/v2\/posts"}],"about":[{"href":"https:\/\/anoticiaonline.com.br\/site\/wp-json\/wp\/v2\/types\/post"}],"author":[{"embeddable":true,"href":"https:\/\/anoticiaonline.com.br\/site\/wp-json\/wp\/v2\/users\/2"}],"replies":[{"embeddable":true,"href":"https:\/\/anoticiaonline.com.br\/site\/wp-json\/wp\/v2\/comments?post=119304"}],"version-history":[{"count":0,"href":"https:\/\/anoticiaonline.com.br\/site\/wp-json\/wp\/v2\/posts\/119304\/revisions"}],"wp:featuredmedia":[{"embeddable":true,"href":"https:\/\/anoticiaonline.com.br\/site\/wp-json\/wp\/v2\/media\/119305"}],"wp:attachment":[{"href":"https:\/\/anoticiaonline.com.br\/site\/wp-json\/wp\/v2\/media?parent=119304"}],"wp:term":[{"taxonomy":"category","embeddable":true,"href":"https:\/\/anoticiaonline.com.br\/site\/wp-json\/wp\/v2\/categories?post=119304"},{"taxonomy":"post_tag","embeddable":true,"href":"https:\/\/anoticiaonline.com.br\/site\/wp-json\/wp\/v2\/tags?post=119304"}],"curies":[{"name":"wp","href":"https:\/\/api.w.org\/{rel}","templated":true}]}}