{"id":119277,"date":"2023-11-20T08:09:09","date_gmt":"2023-11-20T11:09:09","guid":{"rendered":"http:\/\/anoticiaonline.com.br\/site\/?p=119277"},"modified":"2023-11-20T08:09:20","modified_gmt":"2023-11-20T11:09:20","slug":"faminas-lanca-novos-cursos-na-area-de-tecnologia-com-ingresso-disponivel-para-o-primeiro-semestre-de-2024","status":"publish","type":"post","link":"https:\/\/anoticiaonline.com.br\/site\/faminas-lanca-novos-cursos-na-area-de-tecnologia-com-ingresso-disponivel-para-o-primeiro-semestre-de-2024\/","title":{"rendered":"Faminas lan\u00e7a novos cursos na \u00e1rea de Tecnologia, com ingresso dispon\u00edvel para o primeiro semestre de 2024"},"content":{"rendered":"\n<p>A Faminas Tech chega para impulsionar educa\u00e7\u00e3o tecnol\u00f3gica de ponta na Zona da Mata mineira.<\/p>\n\n\n\n<p>Com tecnologias disruptivas, as melhores oportunidades do mercado e o que h\u00e1 de mais vision\u00e1rio em termos de inova\u00e7\u00e3o, o programa lan\u00e7a dois novos cursos, Ci\u00eancia de Dados e Computa\u00e7\u00e3o em Nuvem.<\/p>\n\n\n\n<p>Al\u00e9m disso, abarca o curso com conceito m\u00e1ximo no Minist\u00e9rio da Educa\u00e7\u00e3o, An\u00e1lise e Desenvolvimento de Sistemas, que entra em 2024 com uma matriz renovada, ainda mais din\u00e2mica e alinhada \u00e0s principais demandas e habilidades exigidas pelo mercado.<\/p>\n\n\n\n<p>INSCRI\u00c7\u00d5ES ABERTAS<\/p>\n\n\n\n<p>INGRESSO DISPON\u00cdVEL NO PRIMEIRO SEMESTRE DE 2024<\/p>\n\n\n\n<p><a href=\"http:\/\/graduacao.faminas.edu.br\/\">CLIQUE AQUI E GARANTA SUA VAGA<\/a><\/p>\n\n\n\n<p>DESCUBRA NOSSOS CURSOS<\/p>\n\n\n\n<p>AN\u00c1LISE E DESENVOLVIMENTO DE SISTEMAS<\/p>\n\n\n\n<p>Seja um especialista em projetar, implementar e gerenciar solu\u00e7\u00f5es tecnol\u00f3gicas eficientes para as demandas do mercado din\u00e2mico de Tecnologia da Informa\u00e7\u00e3o.<\/p>\n\n\n\n<p>CI\u00caNCIA DE DADOS<\/p>\n\n\n\n<p>Torne-se um especialista em extrair insights valiosos, a partir de grandes volumes de dados, utilizando t\u00e9cnicas avan\u00e7adas de an\u00e1lise estat\u00edstica, machine learning e intelig\u00eancia artificial.<\/p>\n\n\n\n<p>COMPUTA\u00c7\u00c3O EM NUVEM<\/p>\n\n\n\n<p>Prepare-se para se tornar um especialista para gerir infraestruturas, plataformas e servi\u00e7os em nuvens. Mergulhe nas tecnologias de armazenamento e processamento online.<\/p>\n\n\n\n<p>CERTIFICA\u00c7\u00c3O EM M\u00d3DULOS<\/p>\n\n\n\n<p>Um dos principais diferenciais da FAMINAS Tech ser\u00e1 a certifica\u00e7\u00e3o em m\u00f3dulos, ao final de cada per\u00edodo, garantindo o cumprimento dos padr\u00f5es de qualidade, al\u00e9m do reconhecimento da metodologia, os requisitos profissionais necess\u00e1rios para o mercado e a vantagem competitiva. Tudo isso em um programa de dois anos e meio, na modalidade Tecnol\u00f3gico.<\/p>\n\n\n\n<p>CORPO DOCENTE EXPERIENTE EM TI<\/p>\n\n\n\n<p>A FAMINAS Tech entra no mercado com um corpo docente altamente experiente em Tecnologia da Informa\u00e7\u00e3o, liderado pelo coordenador Fl\u00e1vio Motta, doutorando e mestre em Ci\u00eancias da Computa\u00e7\u00e3o.<\/p>\n\n\n\n<p>\u201cEsta expans\u00e3o \u00e9 uma resposta direta \u00e0s necessidades crescentes da Zona da Mata, em termos de compet\u00eancias tecnol\u00f3gicas. Nossos cursos v\u00e3o preparar uma nova gera\u00e7\u00e3o de profissionais qualificados, que ser\u00e3o fundamentais para impulsionar a inova\u00e7\u00e3o e o desenvolvimento econ\u00f4mico local. Estamos em um ponto de virada, onde a educa\u00e7\u00e3o em tecnologia de ponta est\u00e1 ao alcance, prometendo transformar as carreiras individuais, e alavancar o crescimento e o avan\u00e7o de toda a nossa comunidade\u201d, acredita o coordenador.<\/p>\n\n\n\n<p>SOBRE O PROCESSO SELETIVO<\/p>\n\n\n\n<p>Inscreva-se at\u00e9 o dia 27 de novembro<\/p>\n\n\n\n<p><a href=\"http:\/\/graduacao.faminas.edu.br\/\">CLIQUE AQUI <\/a>e garanta sua vaga<\/p>\n\n\n\n<p>Valor da taxa: R$ 30<\/p>\n\n\n\n<p>Prova presencial: 2 de dezembro, das 13h \u00e0s 17h, na FAMINAS<\/p>\n\n\n\n<p>Gabarito preliminar: 2 de dezembro, a partir das 20h<\/p>\n\n\n\n<p>Recurso: 4 de dezembro<\/p>\n\n\n\n<p>Resultado: 12 de dezembro<\/p>\n\n\n\n<p>Matr\u00edcula (1\u00aa chamada): 14 e 15 de dezembro<\/p>\n\n\n\n<p><a href=\"http:\/\/unifaminas.s3.amazonaws.com\/upload\/noticias\/25d79736d27a404ea4b8f27f202c2222.pdf\">CLIQUE AQUI <\/a>e acesse o edital<\/p>\n\n\n\n<p><a href=\"http:\/\/unifaminas.s3.amazonaws.com\/upload\/noticias\/4cc22b4640b14d32bd57ec3ce898b629.pdf\">CLIQUE AQUI<\/a> e acesse o adendo do edital<\/p>\n\n\n\n<p><a href=\"http:\/\/unifaminas.s3.amazonaws.com\/upload\/noticias\/121bd12ba6be4fcbab9b3017c3b2b9c2.pdf\">CLIQUE AQUI<\/a> e acesse a Portaria 04\/2023<\/p>\n\n\n\n<p>POR QUE ESCOLHER A FAMINAS TECH?<\/p>\n\n\n\n<p>A FAMINAS Tech tem o DNA da FAMINAS, ou seja, j\u00e1 nasce em uma institui\u00e7\u00e3o nota m\u00e1xima no MEC, que investe em tecnologia, tem o melhor corpo docente, infraestrutura de ponta e credibilidade institucional.<\/p>\n\n\n\n<p>Os cursos de An\u00e1lise e Desenvolvimento de Sistemas, Ci\u00eancia de Dados e Computa\u00e7\u00e3o em Nuvem foram estruturados para serem totalmente imersivos, pr\u00e1ticos e interativos, com curr\u00edculos integrados \u00e0s demandas das maiores e melhores empresas do pa\u00eds.<\/p>\n\n\n\n<p>A FAMINAS Tech acredita na import\u00e2ncia do aprendizado pr\u00e1tico. Todos os cursos incluem pr\u00e1ticas de mercado reais e atuais para voc\u00ea aplicar suas habilidades e construir seu portf\u00f3lio.<\/p>\n\n\n\n<p>MAIS INFORMA\u00c7\u00d5ES<\/p>\n\n\n\n<p>WhatsApp: (32) 3729-7500<\/p>\n\n\n\n<p>E-mail: <a href=\"mailto:vestibular@faminas.edu.br\">vestibular@faminas.edu.br<\/a><\/p>\n","protected":false},"excerpt":{"rendered":"<p>A Faminas Tech chega para impulsionar educa\u00e7\u00e3o tecnol\u00f3gica de ponta na Zona da Mata mineira. Com tecnologias disruptivas, as melhores oportunidades do mercado e o que h\u00e1 de mais vision\u00e1rio em termos de inova\u00e7\u00e3o, o programa lan\u00e7a dois novos cursos, Ci\u00eancia de Dados e Computa\u00e7\u00e3o em Nuvem. Al\u00e9m disso, abarca o curso com conceito m\u00e1ximo &#8230; <a title=\"Faminas lan\u00e7a novos cursos na \u00e1rea de Tecnologia, com ingresso dispon\u00edvel para o primeiro semestre de 2024\" class=\"read-more\" href=\"https:\/\/anoticiaonline.com.br\/site\/faminas-lanca-novos-cursos-na-area-de-tecnologia-com-ingresso-disponivel-para-o-primeiro-semestre-de-2024\/\" aria-label=\"Read more about Faminas lan\u00e7a novos cursos na \u00e1rea de Tecnologia, com ingresso dispon\u00edvel para o primeiro semestre de 2024\">Ler mais<\/a><\/p>\n","protected":false},"author":2,"featured_media":119278,"comment_status":"open","ping_status":"closed","sticky":false,"template":"","format":"standard","meta":{"_acf_changed":false,"_monsterinsights_skip_tracking":false,"_monsterinsights_sitenote_active":false,"_monsterinsights_sitenote_note":"","_monsterinsights_sitenote_category":0,"footnotes":""},"categories":[30,2893,1,6,7660],"tags":[],"class_list":["post-119277","post","type-post","status-publish","format-standard","has-post-thumbnail","hentry","category-muriae","category-cotidiano","category-gerais","category-regiao","category-slide-principal"],"acf":[],"aioseo_notices":[],"views":361,"_links":{"self":[{"href":"https:\/\/anoticiaonline.com.br\/site\/wp-json\/wp\/v2\/posts\/119277","targetHints":{"allow":["GET"]}}],"collection":[{"href":"https:\/\/anoticiaonline.com.br\/site\/wp-json\/wp\/v2\/posts"}],"about":[{"href":"https:\/\/anoticiaonline.com.br\/site\/wp-json\/wp\/v2\/types\/post"}],"author":[{"embeddable":true,"href":"https:\/\/anoticiaonline.com.br\/site\/wp-json\/wp\/v2\/users\/2"}],"replies":[{"embeddable":true,"href":"https:\/\/anoticiaonline.com.br\/site\/wp-json\/wp\/v2\/comments?post=119277"}],"version-history":[{"count":0,"href":"https:\/\/anoticiaonline.com.br\/site\/wp-json\/wp\/v2\/posts\/119277\/revisions"}],"wp:featuredmedia":[{"embeddable":true,"href":"https:\/\/anoticiaonline.com.br\/site\/wp-json\/wp\/v2\/media\/119278"}],"wp:attachment":[{"href":"https:\/\/anoticiaonline.com.br\/site\/wp-json\/wp\/v2\/media?parent=119277"}],"wp:term":[{"taxonomy":"category","embeddable":true,"href":"https:\/\/anoticiaonline.com.br\/site\/wp-json\/wp\/v2\/categories?post=119277"},{"taxonomy":"post_tag","embeddable":true,"href":"https:\/\/anoticiaonline.com.br\/site\/wp-json\/wp\/v2\/tags?post=119277"}],"curies":[{"name":"wp","href":"https:\/\/api.w.org\/{rel}","templated":true}]}}