{"id":11873,"date":"2016-04-14T19:00:14","date_gmt":"2016-04-14T22:00:14","guid":{"rendered":"http:\/\/anoticiaonline.com.br\/site\/?p=11873"},"modified":"2016-04-14T20:14:11","modified_gmt":"2016-04-14T23:14:11","slug":"presidente-do-conselho-de-arquitetura-e-urbanismo-de-minas-ministra-palestra-na-faminas","status":"publish","type":"post","link":"https:\/\/anoticiaonline.com.br\/site\/presidente-do-conselho-de-arquitetura-e-urbanismo-de-minas-ministra-palestra-na-faminas\/","title":{"rendered":"Presidente do Conselho de Arquitetura e Urbanismo de Minas ministra palestra na FAMINAS"},"content":{"rendered":"<p><a href=\"https:\/\/anoticiaonline.com.br\/site\/wp-content\/uploads\/2016\/04\/Presidente-do-Conselho-de-Arquitetura-e-Urbanismo-de-Minas-ministra-palestra-na-FAMINAS.jpg\"><img fetchpriority=\"high\" decoding=\"async\" class=\" size-medium wp-image-11874 alignleft\" src=\"https:\/\/anoticiaonline.com.br\/site\/wp-content\/uploads\/2016\/04\/Presidente-do-Conselho-de-Arquitetura-e-Urbanismo-de-Minas-ministra-palestra-na-FAMINAS-300x185.jpg\" alt=\"Presidente do Conselho de Arquitetura e Urbanismo de Minas ministra palestra na FAMINAS\" width=\"300\" height=\"185\" srcset=\"https:\/\/anoticiaonline.com.br\/site\/wp-content\/uploads\/2016\/04\/Presidente-do-Conselho-de-Arquitetura-e-Urbanismo-de-Minas-ministra-palestra-na-FAMINAS-300x185.jpg 300w, https:\/\/anoticiaonline.com.br\/site\/wp-content\/uploads\/2016\/04\/Presidente-do-Conselho-de-Arquitetura-e-Urbanismo-de-Minas-ministra-palestra-na-FAMINAS.jpg 640w\" sizes=\"(max-width: 300px) 100vw, 300px\" \/><\/a>A presidente do Conselho de Arquitetura e Urbanismo de Minas Gerais \u2013 CAU\/MG, Vera Carneiro de Ara\u00fajo, ministrou uma palestra para os alunos do curso de Arquitetura e Urbanismo da FAMINAS na noite de ter\u00e7a-feira (12), no Sal\u00e3o Nobre da faculdade.<\/p>\n<p>Vera Carneiro de Ara\u00fajo destaca que o objetivo da palestra foi, principalmente, orientar os futuros profissionais quanto \u00e0s atribui\u00e7\u00f5es da profiss\u00e3o e a import\u00e2ncia do trabalho do arquiteto. \u201cPercebemos que muitos dos erros que os nossos arquitetos cometem, no sentido de n\u00e3o valorizarem a sua profiss\u00e3o, \u00e9 por desconhecimento. Os alunos t\u00eam que ter todas as informa\u00e7\u00f5es para que possam direcionar o seu per\u00edodo escolar, atrav\u00e9s da an\u00e1lise das atribui\u00e7\u00f5es profissionais, para que verifiquem o que podem ou n\u00e3o fazer quando se formarem\u201d, afirma.<\/p>\n<p>Segundo a presidente do CAU\/MG, ainda h\u00e1 uma grande desinforma\u00e7\u00e3o por parte do estudante de Arquitetura quanto \u00e0 profiss\u00e3o. \u201cPor isso \u00e9 importante levar esse conhecimento para o estudante, para que, enquanto acad\u00eamico, possa aproveitar melhor seus est\u00e1gios. A faculdade qualifica, mas o est\u00e1gio \u00e9 fundamental. Se o estudante sabe que tipo de atividade pode exercer, ele vai direcionar melhor todo o aproveitamento dos est\u00e1gios\u201d, diz, elogiando a estrutura da FAMINAS e o curso de Arquitetura e Urbanismo da institui\u00e7\u00e3o. Cerca de 150 alunos participaram da palestra.<\/p>\n<p>A coordenadora do curso de Arquitetura e Urbanismo da FAMINAS, Regina Gouveia Varella, afirma que com a palestra, os acad\u00eamicos j\u00e1 ficam sabendo, desde o in\u00edcio do curso, a import\u00e2ncia do trabalho do arquiteto.\u00a0 Ela disse, ainda, que a presidente do Conselho de Arquitetura e Urbanismo de Minas Gerais trouxe para a regi\u00e3o uma vis\u00e3o melhor da import\u00e2ncia do trabalho do arquiteto e da cria\u00e7\u00e3o de uma associa\u00e7\u00e3o da categoria. \u201cTemos na nossa regi\u00e3o a atua\u00e7\u00e3o de pessoas que n\u00e3o s\u00e3o da \u00e1rea, exercendo ilegalmente a profiss\u00e3o, algo que est\u00e1 trazendo transtornos para a classe, porque essas pessoas n\u00e3o t\u00eam qualifica\u00e7\u00e3o e n\u00f3s, profissionais, temos que consertar os erros cometidos por essas pessoas. Elas agem de m\u00e1 f\u00e9, oferecendo o trabalho de arquiteto a um custo menor, pois n\u00e3o t\u00eam custo para nada. N\u00e3o se registram, n\u00e3o pagam uma associa\u00e7\u00e3o e nem um conselho e n\u00e3o gastam para estudar e para se qualificar\u201d, aponta.<\/p>\n<p>Em sua passagem pela cidade, Vera tamb\u00e9m participou de reuni\u00f5es. Durante o dia, a presidente da CAU reuniu-se com o prefeito de Muria\u00e9, Aloysio Aquino e ministrou palestra e esclareceu d\u00favidas de profissionais da regi\u00e3o, no Centro Administrativo.<\/p>\n<p><strong>CAU &#8211;<\/strong> O Conselho de Arquitetura e Urbanismo do Brasil \u2013 CAU\/BR e os Conselhos de Arquitetura e Urbanismo dos estados e do Distrito Federal s\u00e3o autarquias dotadas de personalidade jur\u00eddica, de direito p\u00fablico, que tem como fun\u00e7\u00e3o, dentre outras, orientar, disciplinar e fiscalizar o exerc\u00edcio da profiss\u00e3o de arquitetura e urbanismo em todo territ\u00f3rio nacional.<\/p>\n","protected":false},"excerpt":{"rendered":"<p>A presidente do Conselho de Arquitetura e Urbanismo de Minas Gerais \u2013 CAU\/MG, Vera Carneiro de Ara\u00fajo, ministrou uma palestra para os alunos do curso de Arquitetura e Urbanismo da FAMINAS na noite de ter\u00e7a-feira (12), no Sal\u00e3o Nobre da faculdade. Vera Carneiro de Ara\u00fajo destaca que o objetivo da palestra foi, principalmente, orientar os &#8230; <a title=\"Presidente do Conselho de Arquitetura e Urbanismo de Minas ministra palestra na FAMINAS\" class=\"read-more\" href=\"https:\/\/anoticiaonline.com.br\/site\/presidente-do-conselho-de-arquitetura-e-urbanismo-de-minas-ministra-palestra-na-faminas\/\" aria-label=\"Read more about Presidente do Conselho de Arquitetura e Urbanismo de Minas ministra palestra na FAMINAS\">Ler mais<\/a><\/p>\n","protected":false},"author":2,"featured_media":11874,"comment_status":"open","ping_status":"open","sticky":false,"template":"","format":"standard","meta":{"_acf_changed":false,"_monsterinsights_skip_tracking":false,"footnotes":""},"categories":[30],"tags":[3],"class_list":["post-11873","post","type-post","status-publish","format-standard","has-post-thumbnail","hentry","category-muriae","tag-slide"],"acf":[],"aioseo_notices":[],"aioseo_head":"\n\t\t<!-- All in One SEO 5.0.0.1 - aioseo.com -->\n\t<meta name=\"description\" content=\"A presidente do Conselho de Arquitetura e Urbanismo de Minas Gerais \u2013 CAU\/MG, Vera Carneiro de Ara\u00fajo, ministrou uma palestra para os alunos do curso de Arquitetura e Urbanismo da FAMINAS na noite de ter\u00e7a-feira (12), no Sal\u00e3o Nobre da faculdade. Vera Carneiro de Ara\u00fajo destaca que o objetivo da palestra foi, principalmente, orientar os\" \/>\n\t<meta name=\"robots\" content=\"max-image-preview:large\" \/>\n\t<meta name=\"author\" content=\"Juliana Laviola\"\/>\n\t<link rel=\"canonical\" href=\"https:\/\/anoticiaonline.com.br\/site\/presidente-do-conselho-de-arquitetura-e-urbanismo-de-minas-ministra-palestra-na-faminas\/\" \/>\n\t<meta name=\"generator\" content=\"All in One SEO (AIOSEO) 5.0.0.1\" \/>\n\t\t<meta property=\"og:locale\" content=\"pt_BR\" \/>\n\t\t<meta property=\"og:site_name\" content=\"A Not\u00edcia Online - Noticias de Muria\u00e9 e regi\u00e3o\" \/>\n\t\t<meta property=\"og:type\" content=\"article\" \/>\n\t\t<meta property=\"og:title\" content=\"Presidente do Conselho de Arquitetura e Urbanismo de Minas ministra palestra na FAMINAS - A Not\u00edcia Online\" \/>\n\t\t<meta property=\"og:description\" content=\"A presidente do Conselho de Arquitetura e Urbanismo de Minas Gerais \u2013 CAU\/MG, Vera Carneiro de Ara\u00fajo, ministrou uma palestra para os alunos do curso de Arquitetura e Urbanismo da FAMINAS na noite de ter\u00e7a-feira (12), no Sal\u00e3o Nobre da faculdade. Vera Carneiro de Ara\u00fajo destaca que o objetivo da palestra foi, principalmente, orientar os\" \/>\n\t\t<meta property=\"og:url\" content=\"https:\/\/anoticiaonline.com.br\/site\/presidente-do-conselho-de-arquitetura-e-urbanismo-de-minas-ministra-palestra-na-faminas\/\" \/>\n\t\t<meta property=\"og:image\" content=\"https:\/\/scontent-gig4-1.xx.fbcdn.net\/v\/t39.30808-1\/270437624_4564083193639691_6907940295614233970_n.jpg?stp=dst-jpg_s200x200_tt6&#038;_nc_cat=111&#038;ccb=1-7&#038;_nc_sid=f907e8&#038;_nc_ohc=SM1wRlP3lJwQ7kNvwEPuBYA&#038;_nc_oc=AdnqrjDN_BNjSSHWO-GbkIWH6fkGMLw4bqvL_NH6e2wMveX7G-rP2dAqsDSq1mJMOaY&#038;_nc_zt=24&#038;_nc_ht=scontent-gig4-1.xx&#038;_nc_gid=AoBFJeGrT1hVaew_6rchkQ&#038;oh=00_AfX7QmFGhQhG2jAllVgXCiM1ZrWgvtp80-Bfppyexh1QEg&#038;oe=689E923C\" \/>\n\t\t<meta property=\"og:image:secure_url\" content=\"https:\/\/scontent-gig4-1.xx.fbcdn.net\/v\/t39.30808-1\/270437624_4564083193639691_6907940295614233970_n.jpg?stp=dst-jpg_s200x200_tt6&#038;_nc_cat=111&#038;ccb=1-7&#038;_nc_sid=f907e8&#038;_nc_ohc=SM1wRlP3lJwQ7kNvwEPuBYA&#038;_nc_oc=AdnqrjDN_BNjSSHWO-GbkIWH6fkGMLw4bqvL_NH6e2wMveX7G-rP2dAqsDSq1mJMOaY&#038;_nc_zt=24&#038;_nc_ht=scontent-gig4-1.xx&#038;_nc_gid=AoBFJeGrT1hVaew_6rchkQ&#038;oh=00_AfX7QmFGhQhG2jAllVgXCiM1ZrWgvtp80-Bfppyexh1QEg&#038;oe=689E923C\" \/>\n\t\t<meta property=\"article:published_time\" content=\"2016-04-14T22:00:14+00:00\" \/>\n\t\t<meta property=\"article:modified_time\" content=\"2016-04-14T23:14:11+00:00\" \/>\n\t\t<meta name=\"twitter:card\" content=\"summary_large_image\" \/>\n\t\t<meta name=\"twitter:title\" content=\"Presidente do Conselho de Arquitetura e Urbanismo de Minas ministra palestra na FAMINAS - A Not\u00edcia Online\" \/>\n\t\t<meta name=\"twitter:description\" content=\"A presidente do Conselho de Arquitetura e Urbanismo de Minas Gerais \u2013 CAU\/MG, Vera Carneiro de Ara\u00fajo, ministrou uma palestra para os alunos do curso de Arquitetura e Urbanismo da FAMINAS na noite de ter\u00e7a-feira (12), no Sal\u00e3o Nobre da faculdade. Vera Carneiro de Ara\u00fajo destaca que o objetivo da palestra foi, principalmente, orientar os\" \/>\n\t\t<meta name=\"twitter:image\" content=\"https:\/\/scontent-gig4-1.xx.fbcdn.net\/v\/t39.30808-1\/270437624_4564083193639691_6907940295614233970_n.jpg?stp=dst-jpg_s200x200_tt6&amp;_nc_cat=111&amp;ccb=1-7&amp;_nc_sid=f907e8&amp;_nc_ohc=SM1wRlP3lJwQ7kNvwEPuBYA&amp;_nc_oc=AdnqrjDN_BNjSSHWO-GbkIWH6fkGMLw4bqvL_NH6e2wMveX7G-rP2dAqsDSq1mJMOaY&amp;_nc_zt=24&amp;_nc_ht=scontent-gig4-1.xx&amp;_nc_gid=AoBFJeGrT1hVaew_6rchkQ&amp;oh=00_AfX7QmFGhQhG2jAllVgXCiM1ZrWgvtp80-Bfppyexh1QEg&amp;oe=689E923C\" \/>\n\t\t<script type=\"application\/ld+json\" class=\"aioseo-schema\">\n\t\t\t{\"@context\":\"https:\\\/\\\/schema.org\",\"@graph\":[{\"@type\":\"BlogPosting\",\"@id\":\"https:\\\/\\\/anoticiaonline.com.br\\\/site\\\/presidente-do-conselho-de-arquitetura-e-urbanismo-de-minas-ministra-palestra-na-faminas\\\/#blogposting\",\"name\":\"Presidente do Conselho de Arquitetura e Urbanismo de Minas ministra palestra na FAMINAS - A Not\\u00edcia Online\",\"headline\":\"Presidente do Conselho de Arquitetura e Urbanismo de Minas ministra palestra na FAMINAS\",\"author\":{\"@id\":\"https:\\\/\\\/anoticiaonline.com.br\\\/site\\\/author\\\/juliana\\\/#author\"},\"publisher\":{\"@id\":\"https:\\\/\\\/anoticiaonline.com.br\\\/site\\\/#organization\"},\"image\":{\"@type\":\"ImageObject\",\"url\":\"https:\\\/\\\/anoticiaonline.com.br\\\/site\\\/wp-content\\\/uploads\\\/2016\\\/04\\\/Presidente-do-Conselho-de-Arquitetura-e-Urbanismo-de-Minas-ministra-palestra-na-FAMINAS.jpg\",\"width\":640,\"height\":394},\"datePublished\":\"2016-04-14T19:00:14-03:00\",\"dateModified\":\"2016-04-14T20:14:11-03:00\",\"inLanguage\":\"pt-BR\",\"mainEntityOfPage\":{\"@id\":\"https:\\\/\\\/anoticiaonline.com.br\\\/site\\\/presidente-do-conselho-de-arquitetura-e-urbanismo-de-minas-ministra-palestra-na-faminas\\\/#webpage\"},\"isPartOf\":{\"@id\":\"https:\\\/\\\/anoticiaonline.com.br\\\/site\\\/presidente-do-conselho-de-arquitetura-e-urbanismo-de-minas-ministra-palestra-na-faminas\\\/#webpage\"},\"articleSection\":\"Blog, slide\"},{\"@type\":\"BreadcrumbList\",\"@id\":\"https:\\\/\\\/anoticiaonline.com.br\\\/site\\\/presidente-do-conselho-de-arquitetura-e-urbanismo-de-minas-ministra-palestra-na-faminas\\\/#breadcrumblist\",\"itemListElement\":[{\"@type\":\"ListItem\",\"@id\":\"https:\\\/\\\/anoticiaonline.com.br\\\/site#listItem\",\"position\":1,\"name\":\"Home\",\"item\":\"https:\\\/\\\/anoticiaonline.com.br\\\/site\",\"nextItem\":{\"@type\":\"ListItem\",\"@id\":\"https:\\\/\\\/anoticiaonline.com.br\\\/site\\\/categoria\\\/muriae\\\/#listItem\",\"name\":\"Blog\"}},{\"@type\":\"ListItem\",\"@id\":\"https:\\\/\\\/anoticiaonline.com.br\\\/site\\\/categoria\\\/muriae\\\/#listItem\",\"position\":2,\"name\":\"Blog\",\"item\":\"https:\\\/\\\/anoticiaonline.com.br\\\/site\\\/categoria\\\/muriae\\\/\",\"nextItem\":{\"@type\":\"ListItem\",\"@id\":\"https:\\\/\\\/anoticiaonline.com.br\\\/site\\\/presidente-do-conselho-de-arquitetura-e-urbanismo-de-minas-ministra-palestra-na-faminas\\\/#listItem\",\"name\":\"Presidente do Conselho de Arquitetura e Urbanismo de Minas ministra palestra na FAMINAS\"},\"previousItem\":{\"@type\":\"ListItem\",\"@id\":\"https:\\\/\\\/anoticiaonline.com.br\\\/site#listItem\",\"name\":\"Home\"}},{\"@type\":\"ListItem\",\"@id\":\"https:\\\/\\\/anoticiaonline.com.br\\\/site\\\/presidente-do-conselho-de-arquitetura-e-urbanismo-de-minas-ministra-palestra-na-faminas\\\/#listItem\",\"position\":3,\"name\":\"Presidente do Conselho de Arquitetura e Urbanismo de Minas ministra palestra na FAMINAS\",\"previousItem\":{\"@type\":\"ListItem\",\"@id\":\"https:\\\/\\\/anoticiaonline.com.br\\\/site\\\/categoria\\\/muriae\\\/#listItem\",\"name\":\"Blog\"}}]},{\"@type\":\"Organization\",\"@id\":\"https:\\\/\\\/anoticiaonline.com.br\\\/site\\\/#organization\",\"name\":\"A Not\\u00edcia Online\",\"description\":\"Noticias de Muria\\u00e9 e regi\\u00e3o\",\"url\":\"https:\\\/\\\/anoticiaonline.com.br\\\/site\\\/\",\"logo\":{\"@type\":\"ImageObject\",\"url\":\"https:\\\/\\\/scontent-gig4-1.xx.fbcdn.net\\\/v\\\/t39.30808-1\\\/270437624_4564083193639691_6907940295614233970_n.jpg?stp=dst-jpg_s200x200_tt6&_nc_cat=111&ccb=1-7&_nc_sid=f907e8&_nc_ohc=SM1wRlP3lJwQ7kNvwEPuBYA&_nc_oc=AdnqrjDN_BNjSSHWO-GbkIWH6fkGMLw4bqvL_NH6e2wMveX7G-rP2dAqsDSq1mJMOaY&_nc_zt=24&_nc_ht=scontent-gig4-1.xx&_nc_gid=AoBFJeGrT1hVaew_6rchkQ&oh=00_AfX7QmFGhQhG2jAllVgXCiM1ZrWgvtp80-Bfppyexh1QEg&oe=689E923C\",\"@id\":\"https:\\\/\\\/anoticiaonline.com.br\\\/site\\\/presidente-do-conselho-de-arquitetura-e-urbanismo-de-minas-ministra-palestra-na-faminas\\\/#organizationLogo\"},\"image\":{\"@id\":\"https:\\\/\\\/anoticiaonline.com.br\\\/site\\\/presidente-do-conselho-de-arquitetura-e-urbanismo-de-minas-ministra-palestra-na-faminas\\\/#organizationLogo\"}},{\"@type\":\"Person\",\"@id\":\"https:\\\/\\\/anoticiaonline.com.br\\\/site\\\/author\\\/juliana\\\/#author\",\"url\":\"https:\\\/\\\/anoticiaonline.com.br\\\/site\\\/author\\\/juliana\\\/\",\"name\":\"Juliana Laviola\",\"image\":{\"@type\":\"ImageObject\",\"@id\":\"https:\\\/\\\/anoticiaonline.com.br\\\/site\\\/presidente-do-conselho-de-arquitetura-e-urbanismo-de-minas-ministra-palestra-na-faminas\\\/#authorImage\",\"url\":\"https:\\\/\\\/secure.gravatar.com\\\/avatar\\\/b8d45f5c699b100dfaf0e543582f38f38bf94cb7ae3a5e9abf8d891a34773335?s=96&d=mm&r=g\",\"width\":96,\"height\":96,\"caption\":\"Juliana Laviola\"}},{\"@type\":\"WebPage\",\"@id\":\"https:\\\/\\\/anoticiaonline.com.br\\\/site\\\/presidente-do-conselho-de-arquitetura-e-urbanismo-de-minas-ministra-palestra-na-faminas\\\/#webpage\",\"url\":\"https:\\\/\\\/anoticiaonline.com.br\\\/site\\\/presidente-do-conselho-de-arquitetura-e-urbanismo-de-minas-ministra-palestra-na-faminas\\\/\",\"name\":\"Presidente do Conselho de Arquitetura e Urbanismo de Minas ministra palestra na FAMINAS - A Not\\u00edcia Online\",\"description\":\"A presidente do Conselho de Arquitetura e Urbanismo de Minas Gerais \\u2013 CAU\\\/MG, Vera Carneiro de Ara\\u00fajo, ministrou uma palestra para os alunos do curso de Arquitetura e Urbanismo da FAMINAS na noite de ter\\u00e7a-feira (12), no Sal\\u00e3o Nobre da faculdade. Vera Carneiro de Ara\\u00fajo destaca que o objetivo da palestra foi, principalmente, orientar os\",\"inLanguage\":\"pt-BR\",\"isPartOf\":{\"@id\":\"https:\\\/\\\/anoticiaonline.com.br\\\/site\\\/#website\"},\"breadcrumb\":{\"@id\":\"https:\\\/\\\/anoticiaonline.com.br\\\/site\\\/presidente-do-conselho-de-arquitetura-e-urbanismo-de-minas-ministra-palestra-na-faminas\\\/#breadcrumblist\"},\"author\":{\"@id\":\"https:\\\/\\\/anoticiaonline.com.br\\\/site\\\/author\\\/juliana\\\/#author\"},\"creator\":{\"@id\":\"https:\\\/\\\/anoticiaonline.com.br\\\/site\\\/author\\\/juliana\\\/#author\"},\"image\":{\"@type\":\"ImageObject\",\"url\":\"https:\\\/\\\/anoticiaonline.com.br\\\/site\\\/wp-content\\\/uploads\\\/2016\\\/04\\\/Presidente-do-Conselho-de-Arquitetura-e-Urbanismo-de-Minas-ministra-palestra-na-FAMINAS.jpg\",\"@id\":\"https:\\\/\\\/anoticiaonline.com.br\\\/site\\\/presidente-do-conselho-de-arquitetura-e-urbanismo-de-minas-ministra-palestra-na-faminas\\\/#mainImage\",\"width\":640,\"height\":394},\"primaryImageOfPage\":{\"@id\":\"https:\\\/\\\/anoticiaonline.com.br\\\/site\\\/presidente-do-conselho-de-arquitetura-e-urbanismo-de-minas-ministra-palestra-na-faminas\\\/#mainImage\"},\"datePublished\":\"2016-04-14T19:00:14-03:00\",\"dateModified\":\"2016-04-14T20:14:11-03:00\"},{\"@type\":\"WebSite\",\"@id\":\"https:\\\/\\\/anoticiaonline.com.br\\\/site\\\/#website\",\"url\":\"https:\\\/\\\/anoticiaonline.com.br\\\/site\\\/\",\"name\":\"A Not\\u00edcia Online\",\"description\":\"Noticias de Muria\\u00e9 e regi\\u00e3o\",\"inLanguage\":\"pt-BR\",\"publisher\":{\"@id\":\"https:\\\/\\\/anoticiaonline.com.br\\\/site\\\/#organization\"}}]}\n\t\t<\/script>\n\t\t<!-- All in One SEO -->\n\n","aioseo_head_json":{"title":"Presidente do Conselho de Arquitetura e Urbanismo de Minas ministra palestra na FAMINAS - A Not\u00edcia Online","description":"A presidente do Conselho de Arquitetura e Urbanismo de Minas Gerais \u2013 CAU\/MG, Vera Carneiro de Ara\u00fajo, ministrou uma palestra para os alunos do curso de Arquitetura e Urbanismo da FAMINAS na noite de ter\u00e7a-feira (12), no Sal\u00e3o Nobre da faculdade. Vera Carneiro de Ara\u00fajo destaca que o objetivo da palestra foi, principalmente, orientar os","canonical_url":"https:\/\/anoticiaonline.com.br\/site\/presidente-do-conselho-de-arquitetura-e-urbanismo-de-minas-ministra-palestra-na-faminas\/","robots":"max-image-preview:large","keywords":"","webmasterTools":{"miscellaneous":""},"schema":{"@context":"https:\/\/schema.org","@graph":[{"@type":"BlogPosting","@id":"https:\/\/anoticiaonline.com.br\/site\/presidente-do-conselho-de-arquitetura-e-urbanismo-de-minas-ministra-palestra-na-faminas\/#blogposting","name":"Presidente do Conselho de Arquitetura e Urbanismo de Minas ministra palestra na FAMINAS - A Not\u00edcia Online","headline":"Presidente do Conselho de Arquitetura e Urbanismo de Minas ministra palestra na FAMINAS","author":{"@id":"https:\/\/anoticiaonline.com.br\/site\/author\/juliana\/#author"},"publisher":{"@id":"https:\/\/anoticiaonline.com.br\/site\/#organization"},"image":{"@type":"ImageObject","url":"https:\/\/anoticiaonline.com.br\/site\/wp-content\/uploads\/2016\/04\/Presidente-do-Conselho-de-Arquitetura-e-Urbanismo-de-Minas-ministra-palestra-na-FAMINAS.jpg","width":640,"height":394},"datePublished":"2016-04-14T19:00:14-03:00","dateModified":"2016-04-14T20:14:11-03:00","inLanguage":"pt-BR","mainEntityOfPage":{"@id":"https:\/\/anoticiaonline.com.br\/site\/presidente-do-conselho-de-arquitetura-e-urbanismo-de-minas-ministra-palestra-na-faminas\/#webpage"},"isPartOf":{"@id":"https:\/\/anoticiaonline.com.br\/site\/presidente-do-conselho-de-arquitetura-e-urbanismo-de-minas-ministra-palestra-na-faminas\/#webpage"},"articleSection":"Blog, slide"},{"@type":"BreadcrumbList","@id":"https:\/\/anoticiaonline.com.br\/site\/presidente-do-conselho-de-arquitetura-e-urbanismo-de-minas-ministra-palestra-na-faminas\/#breadcrumblist","itemListElement":[{"@type":"ListItem","@id":"https:\/\/anoticiaonline.com.br\/site#listItem","position":1,"name":"Home","item":"https:\/\/anoticiaonline.com.br\/site","nextItem":{"@type":"ListItem","@id":"https:\/\/anoticiaonline.com.br\/site\/categoria\/muriae\/#listItem","name":"Blog"}},{"@type":"ListItem","@id":"https:\/\/anoticiaonline.com.br\/site\/categoria\/muriae\/#listItem","position":2,"name":"Blog","item":"https:\/\/anoticiaonline.com.br\/site\/categoria\/muriae\/","nextItem":{"@type":"ListItem","@id":"https:\/\/anoticiaonline.com.br\/site\/presidente-do-conselho-de-arquitetura-e-urbanismo-de-minas-ministra-palestra-na-faminas\/#listItem","name":"Presidente do Conselho de Arquitetura e Urbanismo de Minas ministra palestra na FAMINAS"},"previousItem":{"@type":"ListItem","@id":"https:\/\/anoticiaonline.com.br\/site#listItem","name":"Home"}},{"@type":"ListItem","@id":"https:\/\/anoticiaonline.com.br\/site\/presidente-do-conselho-de-arquitetura-e-urbanismo-de-minas-ministra-palestra-na-faminas\/#listItem","position":3,"name":"Presidente do Conselho de Arquitetura e Urbanismo de Minas ministra palestra na FAMINAS","previousItem":{"@type":"ListItem","@id":"https:\/\/anoticiaonline.com.br\/site\/categoria\/muriae\/#listItem","name":"Blog"}}]},{"@type":"Organization","@id":"https:\/\/anoticiaonline.com.br\/site\/#organization","name":"A Not\u00edcia Online","description":"Noticias de Muria\u00e9 e regi\u00e3o","url":"https:\/\/anoticiaonline.com.br\/site\/","logo":{"@type":"ImageObject","url":"https:\/\/scontent-gig4-1.xx.fbcdn.net\/v\/t39.30808-1\/270437624_4564083193639691_6907940295614233970_n.jpg?stp=dst-jpg_s200x200_tt6&_nc_cat=111&ccb=1-7&_nc_sid=f907e8&_nc_ohc=SM1wRlP3lJwQ7kNvwEPuBYA&_nc_oc=AdnqrjDN_BNjSSHWO-GbkIWH6fkGMLw4bqvL_NH6e2wMveX7G-rP2dAqsDSq1mJMOaY&_nc_zt=24&_nc_ht=scontent-gig4-1.xx&_nc_gid=AoBFJeGrT1hVaew_6rchkQ&oh=00_AfX7QmFGhQhG2jAllVgXCiM1ZrWgvtp80-Bfppyexh1QEg&oe=689E923C","@id":"https:\/\/anoticiaonline.com.br\/site\/presidente-do-conselho-de-arquitetura-e-urbanismo-de-minas-ministra-palestra-na-faminas\/#organizationLogo"},"image":{"@id":"https:\/\/anoticiaonline.com.br\/site\/presidente-do-conselho-de-arquitetura-e-urbanismo-de-minas-ministra-palestra-na-faminas\/#organizationLogo"}},{"@type":"Person","@id":"https:\/\/anoticiaonline.com.br\/site\/author\/juliana\/#author","url":"https:\/\/anoticiaonline.com.br\/site\/author\/juliana\/","name":"Juliana Laviola","image":{"@type":"ImageObject","@id":"https:\/\/anoticiaonline.com.br\/site\/presidente-do-conselho-de-arquitetura-e-urbanismo-de-minas-ministra-palestra-na-faminas\/#authorImage","url":"https:\/\/secure.gravatar.com\/avatar\/b8d45f5c699b100dfaf0e543582f38f38bf94cb7ae3a5e9abf8d891a34773335?s=96&d=mm&r=g","width":96,"height":96,"caption":"Juliana Laviola"}},{"@type":"WebPage","@id":"https:\/\/anoticiaonline.com.br\/site\/presidente-do-conselho-de-arquitetura-e-urbanismo-de-minas-ministra-palestra-na-faminas\/#webpage","url":"https:\/\/anoticiaonline.com.br\/site\/presidente-do-conselho-de-arquitetura-e-urbanismo-de-minas-ministra-palestra-na-faminas\/","name":"Presidente do Conselho de Arquitetura e Urbanismo de Minas ministra palestra na FAMINAS - A Not\u00edcia Online","description":"A presidente do Conselho de Arquitetura e Urbanismo de Minas Gerais \u2013 CAU\/MG, Vera Carneiro de Ara\u00fajo, ministrou uma palestra para os alunos do curso de Arquitetura e Urbanismo da FAMINAS na noite de ter\u00e7a-feira (12), no Sal\u00e3o Nobre da faculdade. Vera Carneiro de Ara\u00fajo destaca que o objetivo da palestra foi, principalmente, orientar os","inLanguage":"pt-BR","isPartOf":{"@id":"https:\/\/anoticiaonline.com.br\/site\/#website"},"breadcrumb":{"@id":"https:\/\/anoticiaonline.com.br\/site\/presidente-do-conselho-de-arquitetura-e-urbanismo-de-minas-ministra-palestra-na-faminas\/#breadcrumblist"},"author":{"@id":"https:\/\/anoticiaonline.com.br\/site\/author\/juliana\/#author"},"creator":{"@id":"https:\/\/anoticiaonline.com.br\/site\/author\/juliana\/#author"},"image":{"@type":"ImageObject","url":"https:\/\/anoticiaonline.com.br\/site\/wp-content\/uploads\/2016\/04\/Presidente-do-Conselho-de-Arquitetura-e-Urbanismo-de-Minas-ministra-palestra-na-FAMINAS.jpg","@id":"https:\/\/anoticiaonline.com.br\/site\/presidente-do-conselho-de-arquitetura-e-urbanismo-de-minas-ministra-palestra-na-faminas\/#mainImage","width":640,"height":394},"primaryImageOfPage":{"@id":"https:\/\/anoticiaonline.com.br\/site\/presidente-do-conselho-de-arquitetura-e-urbanismo-de-minas-ministra-palestra-na-faminas\/#mainImage"},"datePublished":"2016-04-14T19:00:14-03:00","dateModified":"2016-04-14T20:14:11-03:00"},{"@type":"WebSite","@id":"https:\/\/anoticiaonline.com.br\/site\/#website","url":"https:\/\/anoticiaonline.com.br\/site\/","name":"A Not\u00edcia Online","description":"Noticias de Muria\u00e9 e regi\u00e3o","inLanguage":"pt-BR","publisher":{"@id":"https:\/\/anoticiaonline.com.br\/site\/#organization"}}]},"og:locale":"pt_BR","og:site_name":"A Not\u00edcia Online - Noticias de Muria\u00e9 e regi\u00e3o","og:type":"article","og:title":"Presidente do Conselho de Arquitetura e Urbanismo de Minas ministra palestra na FAMINAS - A Not\u00edcia Online","og:description":"A presidente do Conselho de Arquitetura e Urbanismo de Minas Gerais \u2013 CAU\/MG, Vera Carneiro de Ara\u00fajo, ministrou uma palestra para os alunos do curso de Arquitetura e Urbanismo da FAMINAS na noite de ter\u00e7a-feira (12), no Sal\u00e3o Nobre da faculdade. Vera Carneiro de Ara\u00fajo destaca que o objetivo da palestra foi, principalmente, orientar os","og:url":"https:\/\/anoticiaonline.com.br\/site\/presidente-do-conselho-de-arquitetura-e-urbanismo-de-minas-ministra-palestra-na-faminas\/","og:image":"https:\/\/scontent-gig4-1.xx.fbcdn.net\/v\/t39.30808-1\/270437624_4564083193639691_6907940295614233970_n.jpg?stp=dst-jpg_s200x200_tt6&#038;_nc_cat=111&#038;ccb=1-7&#038;_nc_sid=f907e8&#038;_nc_ohc=SM1wRlP3lJwQ7kNvwEPuBYA&#038;_nc_oc=AdnqrjDN_BNjSSHWO-GbkIWH6fkGMLw4bqvL_NH6e2wMveX7G-rP2dAqsDSq1mJMOaY&#038;_nc_zt=24&#038;_nc_ht=scontent-gig4-1.xx&#038;_nc_gid=AoBFJeGrT1hVaew_6rchkQ&#038;oh=00_AfX7QmFGhQhG2jAllVgXCiM1ZrWgvtp80-Bfppyexh1QEg&#038;oe=689E923C","og:image:secure_url":"https:\/\/scontent-gig4-1.xx.fbcdn.net\/v\/t39.30808-1\/270437624_4564083193639691_6907940295614233970_n.jpg?stp=dst-jpg_s200x200_tt6&#038;_nc_cat=111&#038;ccb=1-7&#038;_nc_sid=f907e8&#038;_nc_ohc=SM1wRlP3lJwQ7kNvwEPuBYA&#038;_nc_oc=AdnqrjDN_BNjSSHWO-GbkIWH6fkGMLw4bqvL_NH6e2wMveX7G-rP2dAqsDSq1mJMOaY&#038;_nc_zt=24&#038;_nc_ht=scontent-gig4-1.xx&#038;_nc_gid=AoBFJeGrT1hVaew_6rchkQ&#038;oh=00_AfX7QmFGhQhG2jAllVgXCiM1ZrWgvtp80-Bfppyexh1QEg&#038;oe=689E923C","article:published_time":"2016-04-14T22:00:14+00:00","article:modified_time":"2016-04-14T23:14:11+00:00","twitter:card":"summary_large_image","twitter:title":"Presidente do Conselho de Arquitetura e Urbanismo de Minas ministra palestra na FAMINAS - A Not\u00edcia Online","twitter:description":"A presidente do Conselho de Arquitetura e Urbanismo de Minas Gerais \u2013 CAU\/MG, Vera Carneiro de Ara\u00fajo, ministrou uma palestra para os alunos do curso de Arquitetura e Urbanismo da FAMINAS na noite de ter\u00e7a-feira (12), no Sal\u00e3o Nobre da faculdade. Vera Carneiro de Ara\u00fajo destaca que o objetivo da palestra foi, principalmente, orientar os","twitter:image":"https:\/\/scontent-gig4-1.xx.fbcdn.net\/v\/t39.30808-1\/270437624_4564083193639691_6907940295614233970_n.jpg?stp=dst-jpg_s200x200_tt6&_nc_cat=111&ccb=1-7&_nc_sid=f907e8&_nc_ohc=SM1wRlP3lJwQ7kNvwEPuBYA&_nc_oc=AdnqrjDN_BNjSSHWO-GbkIWH6fkGMLw4bqvL_NH6e2wMveX7G-rP2dAqsDSq1mJMOaY&_nc_zt=24&_nc_ht=scontent-gig4-1.xx&_nc_gid=AoBFJeGrT1hVaew_6rchkQ&oh=00_AfX7QmFGhQhG2jAllVgXCiM1ZrWgvtp80-Bfppyexh1QEg&oe=689E923C"},"aioseo_meta_data":{"post_id":"11873","title":null,"description":null,"keywords":null,"keyphrases":null,"primary_term":null,"canonical_url":null,"og_title":null,"og_description":null,"og_object_type":"default","og_image_type":"default","og_image_url":null,"og_image_width":null,"og_image_height":null,"og_image_custom_url":null,"og_image_custom_fields":null,"og_video":null,"og_custom_url":null,"og_article_section":null,"og_article_tags":null,"twitter_use_og":false,"twitter_card":"default","twitter_image_type":"default","twitter_image_url":null,"twitter_image_custom_url":null,"twitter_image_custom_fields":null,"twitter_title":null,"twitter_description":null,"schema":{"blockGraphs":[],"customGraphs":[],"default":{"data":{"Article":[],"Course":[],"Dataset":[],"FAQPage":[],"Movie":[],"Person":[],"Product":[],"ProductReview":[],"Car":[],"Recipe":[],"Service":[],"SoftwareApplication":[],"WebPage":[]},"graphName":"","isEnabled":true},"graphs":[]},"schema_type":"default","schema_type_options":null,"pillar_content":false,"robots_default":true,"robots_noindex":false,"robots_noarchive":false,"robots_nosnippet":false,"robots_nofollow":false,"robots_noimageindex":false,"robots_noodp":false,"robots_notranslate":false,"robots_max_snippet":null,"robots_max_videopreview":null,"robots_max_imagepreview":"large","priority":null,"frequency":null,"local_seo":null,"breadcrumb_settings":null,"limit_modified_date":false,"ai":null,"created":"2025-08-16 15:46:49","updated":"2025-08-16 15:46:49","focus_keyword":null,"additional_keywords":null,"truseo_locale":null,"seo_analyzer_scan_date":null},"aioseo_breadcrumb":"<div class=\"aioseo-breadcrumbs\"><span class=\"aioseo-breadcrumb\">\n\t\t\t<a href=\"https:\/\/anoticiaonline.com.br\/site\" title=\"Home\">Home<\/a>\n\t\t<\/span><span class=\"aioseo-breadcrumb-separator\">&raquo;<\/span><span class=\"aioseo-breadcrumb\">\n\t\t\t<a href=\"https:\/\/anoticiaonline.com.br\/site\/categoria\/muriae\/\" title=\"Blog\">Blog<\/a>\n\t\t<\/span><span class=\"aioseo-breadcrumb-separator\">&raquo;<\/span><span class=\"aioseo-breadcrumb\">\n\t\t\tPresidente do Conselho de Arquitetura e Urbanismo de Minas ministra palestra na FAMINAS\n\t\t<\/span><\/div>","aioseo_breadcrumb_json":[{"label":"Home","link":"https:\/\/anoticiaonline.com.br\/site"},{"label":"Blog","link":"https:\/\/anoticiaonline.com.br\/site\/categoria\/muriae\/"},{"label":"Presidente do Conselho de Arquitetura e Urbanismo de Minas ministra palestra na FAMINAS","link":"https:\/\/anoticiaonline.com.br\/site\/presidente-do-conselho-de-arquitetura-e-urbanismo-de-minas-ministra-palestra-na-faminas\/"}],"views":148,"_links":{"self":[{"href":"https:\/\/anoticiaonline.com.br\/site\/wp-json\/wp\/v2\/posts\/11873","targetHints":{"allow":["GET"]}}],"collection":[{"href":"https:\/\/anoticiaonline.com.br\/site\/wp-json\/wp\/v2\/posts"}],"about":[{"href":"https:\/\/anoticiaonline.com.br\/site\/wp-json\/wp\/v2\/types\/post"}],"author":[{"embeddable":true,"href":"https:\/\/anoticiaonline.com.br\/site\/wp-json\/wp\/v2\/users\/2"}],"replies":[{"embeddable":true,"href":"https:\/\/anoticiaonline.com.br\/site\/wp-json\/wp\/v2\/comments?post=11873"}],"version-history":[{"count":0,"href":"https:\/\/anoticiaonline.com.br\/site\/wp-json\/wp\/v2\/posts\/11873\/revisions"}],"wp:featuredmedia":[{"embeddable":true,"href":"https:\/\/anoticiaonline.com.br\/site\/wp-json\/wp\/v2\/media\/11874"}],"wp:attachment":[{"href":"https:\/\/anoticiaonline.com.br\/site\/wp-json\/wp\/v2\/media?parent=11873"}],"wp:term":[{"taxonomy":"category","embeddable":true,"href":"https:\/\/anoticiaonline.com.br\/site\/wp-json\/wp\/v2\/categories?post=11873"},{"taxonomy":"post_tag","embeddable":true,"href":"https:\/\/anoticiaonline.com.br\/site\/wp-json\/wp\/v2\/tags?post=11873"}],"curies":[{"name":"wp","href":"https:\/\/api.w.org\/{rel}","templated":true}]}}