{"id":11851,"date":"2016-04-14T14:00:08","date_gmt":"2016-04-14T17:00:08","guid":{"rendered":"http:\/\/anoticiaonline.com.br\/site\/?p=11851"},"modified":"2016-04-14T14:00:08","modified_gmt":"2016-04-14T17:00:08","slug":"barao-do-monte-alto-tres-sao-detidos-durante-a-operacao-alferes-tiradentes","status":"publish","type":"post","link":"https:\/\/anoticiaonline.com.br\/site\/barao-do-monte-alto-tres-sao-detidos-durante-a-operacao-alferes-tiradentes\/","title":{"rendered":"Bar\u00e3o do Monte Alto: tr\u00eas s\u00e3o detidos durante a \u201cOpera\u00e7\u00e3o Alferes Tiradentes\u201d"},"content":{"rendered":"<p><a href=\"https:\/\/anoticiaonline.com.br\/site\/wp-content\/uploads\/2016\/04\/Bar\u00e3o-do-Monte-Alto-tr\u00eas-s\u00e3o-detidos-durante-a-\u201cOpera\u00e7\u00e3o-Alferes-Tiradentes\u201d.jpg\"><img fetchpriority=\"high\" decoding=\"async\" class=\" size-medium wp-image-11852 alignleft\" src=\"https:\/\/anoticiaonline.com.br\/site\/wp-content\/uploads\/2016\/04\/Bar\u00e3o-do-Monte-Alto-tr\u00eas-s\u00e3o-detidos-durante-a-\u201cOpera\u00e7\u00e3o-Alferes-Tiradentes\u201d-300x180.jpg\" alt=\"Bar\u00e3o do Monte Alto tr\u00eas s\u00e3o detidos durante a \u201cOpera\u00e7\u00e3o Alferes Tiradentes\u201d\" width=\"300\" height=\"180\" srcset=\"https:\/\/anoticiaonline.com.br\/site\/wp-content\/uploads\/2016\/04\/Bar\u00e3o-do-Monte-Alto-tr\u00eas-s\u00e3o-detidos-durante-a-\u201cOpera\u00e7\u00e3o-Alferes-Tiradentes\u201d-300x180.jpg 300w, https:\/\/anoticiaonline.com.br\/site\/wp-content\/uploads\/2016\/04\/Bar\u00e3o-do-Monte-Alto-tr\u00eas-s\u00e3o-detidos-durante-a-\u201cOpera\u00e7\u00e3o-Alferes-Tiradentes\u201d.jpg 640w\" sizes=\"(max-width: 300px) 100vw, 300px\" \/><\/a>Tr\u00eas pessoas foram detidas durante a \u201cOpera\u00e7\u00e3o Alferes Tiradentes\u201d, deflagrada pela Pol\u00edcia militar em Bar\u00e3o do Monte Alto, na manh\u00e3 desta quinta-feira (14). A a\u00e7\u00e3o teve o objetivo de desarticular a\u00e7\u00f5es delituosas voltadas \u00e0 pr\u00e1tica de crimes violentos naquele munic\u00edpio e demais cidades pertencentes ao comando do 47\u00ba Batalh\u00e3o de Pol\u00edcia Militar.<\/p>\n<p>Foram apreendidos 18 muni\u00e7\u00f5es calibre 38, 21 muni\u00e7\u00f5es calibre 22, seis muni\u00e7\u00f5es calibre 36, oito estojos diversos, um cano de arma de fogo, duas coronhas de arma de fogo, quatro armas de fogo e 11 papelotes de coca\u00edna. Dois adultos presos e um adolescente apreendido foram encaminhados para delegacia de Palma.<\/p>\n<p>Ao todo, 47 policiais militares e 17 viaturas foram empenhados em toda a opera\u00e7\u00e3o.<\/p>\n","protected":false},"excerpt":{"rendered":"<p>Tr\u00eas pessoas foram detidas durante a \u201cOpera\u00e7\u00e3o Alferes Tiradentes\u201d, deflagrada pela Pol\u00edcia militar em Bar\u00e3o do Monte Alto, na manh\u00e3 desta quinta-feira (14). A a\u00e7\u00e3o teve o objetivo de desarticular a\u00e7\u00f5es delituosas voltadas \u00e0 pr\u00e1tica de crimes violentos naquele munic\u00edpio e demais cidades pertencentes ao comando do 47\u00ba Batalh\u00e3o de Pol\u00edcia Militar. Foram apreendidos 18 &#8230; <a title=\"Bar\u00e3o do Monte Alto: tr\u00eas s\u00e3o detidos durante a \u201cOpera\u00e7\u00e3o Alferes Tiradentes\u201d\" class=\"read-more\" href=\"https:\/\/anoticiaonline.com.br\/site\/barao-do-monte-alto-tres-sao-detidos-durante-a-operacao-alferes-tiradentes\/\" aria-label=\"Read more about Bar\u00e3o do Monte Alto: tr\u00eas s\u00e3o detidos durante a \u201cOpera\u00e7\u00e3o Alferes Tiradentes\u201d\">Ler mais<\/a><\/p>\n","protected":false},"author":2,"featured_media":11852,"comment_status":"open","ping_status":"open","sticky":false,"template":"","format":"standard","meta":{"_acf_changed":false,"_monsterinsights_skip_tracking":false,"footnotes":""},"categories":[6],"tags":[3],"class_list":["post-11851","post","type-post","status-publish","format-standard","has-post-thumbnail","hentry","category-regiao","tag-slide"],"acf":[],"aioseo_notices":[],"aioseo_head":"\n\t\t<!-- All in One SEO 5.0.0.1 - aioseo.com -->\n\t<meta name=\"description\" content=\"Tr\u00eas pessoas foram detidas durante a \u201cOpera\u00e7\u00e3o Alferes Tiradentes\u201d, deflagrada pela Pol\u00edcia militar em Bar\u00e3o do Monte Alto, na manh\u00e3 desta quinta-feira (14). A a\u00e7\u00e3o teve o objetivo de desarticular a\u00e7\u00f5es delituosas voltadas \u00e0 pr\u00e1tica de crimes violentos naquele munic\u00edpio e demais cidades pertencentes ao comando do 47\u00ba Batalh\u00e3o de Pol\u00edcia Militar. Foram apreendidos 18\" \/>\n\t<meta name=\"robots\" content=\"max-image-preview:large\" \/>\n\t<meta name=\"author\" content=\"Juliana Laviola\"\/>\n\t<link rel=\"canonical\" href=\"https:\/\/anoticiaonline.com.br\/site\/barao-do-monte-alto-tres-sao-detidos-durante-a-operacao-alferes-tiradentes\/\" \/>\n\t<meta name=\"generator\" content=\"All in One SEO (AIOSEO) 5.0.0.1\" \/>\n\t\t<meta property=\"og:locale\" content=\"pt_BR\" \/>\n\t\t<meta property=\"og:site_name\" content=\"A Not\u00edcia Online - Noticias de Muria\u00e9 e regi\u00e3o\" \/>\n\t\t<meta property=\"og:type\" content=\"article\" \/>\n\t\t<meta property=\"og:title\" content=\"Bar\u00e3o do Monte Alto: tr\u00eas s\u00e3o detidos durante a \u201cOpera\u00e7\u00e3o Alferes Tiradentes\u201d - A Not\u00edcia Online\" \/>\n\t\t<meta property=\"og:description\" content=\"Tr\u00eas pessoas foram detidas durante a \u201cOpera\u00e7\u00e3o Alferes Tiradentes\u201d, deflagrada pela Pol\u00edcia militar em Bar\u00e3o do Monte Alto, na manh\u00e3 desta quinta-feira (14). A a\u00e7\u00e3o teve o objetivo de desarticular a\u00e7\u00f5es delituosas voltadas \u00e0 pr\u00e1tica de crimes violentos naquele munic\u00edpio e demais cidades pertencentes ao comando do 47\u00ba Batalh\u00e3o de Pol\u00edcia Militar. Foram apreendidos 18\" \/>\n\t\t<meta property=\"og:url\" content=\"https:\/\/anoticiaonline.com.br\/site\/barao-do-monte-alto-tres-sao-detidos-durante-a-operacao-alferes-tiradentes\/\" \/>\n\t\t<meta property=\"og:image\" content=\"https:\/\/scontent-gig4-1.xx.fbcdn.net\/v\/t39.30808-1\/270437624_4564083193639691_6907940295614233970_n.jpg?stp=dst-jpg_s200x200_tt6&#038;_nc_cat=111&#038;ccb=1-7&#038;_nc_sid=f907e8&#038;_nc_ohc=SM1wRlP3lJwQ7kNvwEPuBYA&#038;_nc_oc=AdnqrjDN_BNjSSHWO-GbkIWH6fkGMLw4bqvL_NH6e2wMveX7G-rP2dAqsDSq1mJMOaY&#038;_nc_zt=24&#038;_nc_ht=scontent-gig4-1.xx&#038;_nc_gid=AoBFJeGrT1hVaew_6rchkQ&#038;oh=00_AfX7QmFGhQhG2jAllVgXCiM1ZrWgvtp80-Bfppyexh1QEg&#038;oe=689E923C\" \/>\n\t\t<meta property=\"og:image:secure_url\" content=\"https:\/\/scontent-gig4-1.xx.fbcdn.net\/v\/t39.30808-1\/270437624_4564083193639691_6907940295614233970_n.jpg?stp=dst-jpg_s200x200_tt6&#038;_nc_cat=111&#038;ccb=1-7&#038;_nc_sid=f907e8&#038;_nc_ohc=SM1wRlP3lJwQ7kNvwEPuBYA&#038;_nc_oc=AdnqrjDN_BNjSSHWO-GbkIWH6fkGMLw4bqvL_NH6e2wMveX7G-rP2dAqsDSq1mJMOaY&#038;_nc_zt=24&#038;_nc_ht=scontent-gig4-1.xx&#038;_nc_gid=AoBFJeGrT1hVaew_6rchkQ&#038;oh=00_AfX7QmFGhQhG2jAllVgXCiM1ZrWgvtp80-Bfppyexh1QEg&#038;oe=689E923C\" \/>\n\t\t<meta property=\"article:published_time\" content=\"2016-04-14T17:00:08+00:00\" \/>\n\t\t<meta property=\"article:modified_time\" content=\"2016-04-14T17:00:08+00:00\" \/>\n\t\t<meta name=\"twitter:card\" content=\"summary_large_image\" \/>\n\t\t<meta name=\"twitter:title\" content=\"Bar\u00e3o do Monte Alto: tr\u00eas s\u00e3o detidos durante a \u201cOpera\u00e7\u00e3o Alferes Tiradentes\u201d - A Not\u00edcia Online\" \/>\n\t\t<meta name=\"twitter:description\" content=\"Tr\u00eas pessoas foram detidas durante a \u201cOpera\u00e7\u00e3o Alferes Tiradentes\u201d, deflagrada pela Pol\u00edcia militar em Bar\u00e3o do Monte Alto, na manh\u00e3 desta quinta-feira (14). A a\u00e7\u00e3o teve o objetivo de desarticular a\u00e7\u00f5es delituosas voltadas \u00e0 pr\u00e1tica de crimes violentos naquele munic\u00edpio e demais cidades pertencentes ao comando do 47\u00ba Batalh\u00e3o de Pol\u00edcia Militar. Foram apreendidos 18\" \/>\n\t\t<meta name=\"twitter:image\" content=\"https:\/\/scontent-gig4-1.xx.fbcdn.net\/v\/t39.30808-1\/270437624_4564083193639691_6907940295614233970_n.jpg?stp=dst-jpg_s200x200_tt6&amp;_nc_cat=111&amp;ccb=1-7&amp;_nc_sid=f907e8&amp;_nc_ohc=SM1wRlP3lJwQ7kNvwEPuBYA&amp;_nc_oc=AdnqrjDN_BNjSSHWO-GbkIWH6fkGMLw4bqvL_NH6e2wMveX7G-rP2dAqsDSq1mJMOaY&amp;_nc_zt=24&amp;_nc_ht=scontent-gig4-1.xx&amp;_nc_gid=AoBFJeGrT1hVaew_6rchkQ&amp;oh=00_AfX7QmFGhQhG2jAllVgXCiM1ZrWgvtp80-Bfppyexh1QEg&amp;oe=689E923C\" \/>\n\t\t<script type=\"application\/ld+json\" class=\"aioseo-schema\">\n\t\t\t{\"@context\":\"https:\\\/\\\/schema.org\",\"@graph\":[{\"@type\":\"BlogPosting\",\"@id\":\"https:\\\/\\\/anoticiaonline.com.br\\\/site\\\/barao-do-monte-alto-tres-sao-detidos-durante-a-operacao-alferes-tiradentes\\\/#blogposting\",\"name\":\"Bar\\u00e3o do Monte Alto: tr\\u00eas s\\u00e3o detidos durante a \\u201cOpera\\u00e7\\u00e3o Alferes Tiradentes\\u201d - A Not\\u00edcia Online\",\"headline\":\"Bar\\u00e3o do Monte Alto: tr\\u00eas s\\u00e3o detidos durante a \\u201cOpera\\u00e7\\u00e3o Alferes Tiradentes\\u201d\",\"author\":{\"@id\":\"https:\\\/\\\/anoticiaonline.com.br\\\/site\\\/author\\\/juliana\\\/#author\"},\"publisher\":{\"@id\":\"https:\\\/\\\/anoticiaonline.com.br\\\/site\\\/#organization\"},\"image\":{\"@type\":\"ImageObject\",\"url\":\"https:\\\/\\\/anoticiaonline.com.br\\\/site\\\/wp-content\\\/uploads\\\/2016\\\/04\\\/Bar\\u00e3o-do-Monte-Alto-tr\\u00eas-s\\u00e3o-detidos-durante-a-\\u201cOpera\\u00e7\\u00e3o-Alferes-Tiradentes\\u201d.jpg\",\"width\":640,\"height\":384},\"datePublished\":\"2016-04-14T14:00:08-03:00\",\"dateModified\":\"2016-04-14T14:00:08-03:00\",\"inLanguage\":\"pt-BR\",\"mainEntityOfPage\":{\"@id\":\"https:\\\/\\\/anoticiaonline.com.br\\\/site\\\/barao-do-monte-alto-tres-sao-detidos-durante-a-operacao-alferes-tiradentes\\\/#webpage\"},\"isPartOf\":{\"@id\":\"https:\\\/\\\/anoticiaonline.com.br\\\/site\\\/barao-do-monte-alto-tres-sao-detidos-durante-a-operacao-alferes-tiradentes\\\/#webpage\"},\"articleSection\":\"Regi\\u00e3o, slide\"},{\"@type\":\"BreadcrumbList\",\"@id\":\"https:\\\/\\\/anoticiaonline.com.br\\\/site\\\/barao-do-monte-alto-tres-sao-detidos-durante-a-operacao-alferes-tiradentes\\\/#breadcrumblist\",\"itemListElement\":[{\"@type\":\"ListItem\",\"@id\":\"https:\\\/\\\/anoticiaonline.com.br\\\/site#listItem\",\"position\":1,\"name\":\"Home\",\"item\":\"https:\\\/\\\/anoticiaonline.com.br\\\/site\",\"nextItem\":{\"@type\":\"ListItem\",\"@id\":\"https:\\\/\\\/anoticiaonline.com.br\\\/site\\\/categoria\\\/regiao\\\/#listItem\",\"name\":\"Regi\\u00e3o\"}},{\"@type\":\"ListItem\",\"@id\":\"https:\\\/\\\/anoticiaonline.com.br\\\/site\\\/categoria\\\/regiao\\\/#listItem\",\"position\":2,\"name\":\"Regi\\u00e3o\",\"item\":\"https:\\\/\\\/anoticiaonline.com.br\\\/site\\\/categoria\\\/regiao\\\/\",\"nextItem\":{\"@type\":\"ListItem\",\"@id\":\"https:\\\/\\\/anoticiaonline.com.br\\\/site\\\/barao-do-monte-alto-tres-sao-detidos-durante-a-operacao-alferes-tiradentes\\\/#listItem\",\"name\":\"Bar\\u00e3o do Monte Alto: tr\\u00eas s\\u00e3o detidos durante a \\u201cOpera\\u00e7\\u00e3o Alferes Tiradentes\\u201d\"},\"previousItem\":{\"@type\":\"ListItem\",\"@id\":\"https:\\\/\\\/anoticiaonline.com.br\\\/site#listItem\",\"name\":\"Home\"}},{\"@type\":\"ListItem\",\"@id\":\"https:\\\/\\\/anoticiaonline.com.br\\\/site\\\/barao-do-monte-alto-tres-sao-detidos-durante-a-operacao-alferes-tiradentes\\\/#listItem\",\"position\":3,\"name\":\"Bar\\u00e3o do Monte Alto: tr\\u00eas s\\u00e3o detidos durante a \\u201cOpera\\u00e7\\u00e3o Alferes Tiradentes\\u201d\",\"previousItem\":{\"@type\":\"ListItem\",\"@id\":\"https:\\\/\\\/anoticiaonline.com.br\\\/site\\\/categoria\\\/regiao\\\/#listItem\",\"name\":\"Regi\\u00e3o\"}}]},{\"@type\":\"Organization\",\"@id\":\"https:\\\/\\\/anoticiaonline.com.br\\\/site\\\/#organization\",\"name\":\"A Not\\u00edcia Online\",\"description\":\"Noticias de Muria\\u00e9 e regi\\u00e3o\",\"url\":\"https:\\\/\\\/anoticiaonline.com.br\\\/site\\\/\",\"logo\":{\"@type\":\"ImageObject\",\"url\":\"https:\\\/\\\/scontent-gig4-1.xx.fbcdn.net\\\/v\\\/t39.30808-1\\\/270437624_4564083193639691_6907940295614233970_n.jpg?stp=dst-jpg_s200x200_tt6&_nc_cat=111&ccb=1-7&_nc_sid=f907e8&_nc_ohc=SM1wRlP3lJwQ7kNvwEPuBYA&_nc_oc=AdnqrjDN_BNjSSHWO-GbkIWH6fkGMLw4bqvL_NH6e2wMveX7G-rP2dAqsDSq1mJMOaY&_nc_zt=24&_nc_ht=scontent-gig4-1.xx&_nc_gid=AoBFJeGrT1hVaew_6rchkQ&oh=00_AfX7QmFGhQhG2jAllVgXCiM1ZrWgvtp80-Bfppyexh1QEg&oe=689E923C\",\"@id\":\"https:\\\/\\\/anoticiaonline.com.br\\\/site\\\/barao-do-monte-alto-tres-sao-detidos-durante-a-operacao-alferes-tiradentes\\\/#organizationLogo\"},\"image\":{\"@id\":\"https:\\\/\\\/anoticiaonline.com.br\\\/site\\\/barao-do-monte-alto-tres-sao-detidos-durante-a-operacao-alferes-tiradentes\\\/#organizationLogo\"}},{\"@type\":\"Person\",\"@id\":\"https:\\\/\\\/anoticiaonline.com.br\\\/site\\\/author\\\/juliana\\\/#author\",\"url\":\"https:\\\/\\\/anoticiaonline.com.br\\\/site\\\/author\\\/juliana\\\/\",\"name\":\"Juliana Laviola\",\"image\":{\"@type\":\"ImageObject\",\"@id\":\"https:\\\/\\\/anoticiaonline.com.br\\\/site\\\/barao-do-monte-alto-tres-sao-detidos-durante-a-operacao-alferes-tiradentes\\\/#authorImage\",\"url\":\"https:\\\/\\\/secure.gravatar.com\\\/avatar\\\/b8d45f5c699b100dfaf0e543582f38f38bf94cb7ae3a5e9abf8d891a34773335?s=96&d=mm&r=g\",\"width\":96,\"height\":96,\"caption\":\"Juliana Laviola\"}},{\"@type\":\"WebPage\",\"@id\":\"https:\\\/\\\/anoticiaonline.com.br\\\/site\\\/barao-do-monte-alto-tres-sao-detidos-durante-a-operacao-alferes-tiradentes\\\/#webpage\",\"url\":\"https:\\\/\\\/anoticiaonline.com.br\\\/site\\\/barao-do-monte-alto-tres-sao-detidos-durante-a-operacao-alferes-tiradentes\\\/\",\"name\":\"Bar\\u00e3o do Monte Alto: tr\\u00eas s\\u00e3o detidos durante a \\u201cOpera\\u00e7\\u00e3o Alferes Tiradentes\\u201d - A Not\\u00edcia Online\",\"description\":\"Tr\\u00eas pessoas foram detidas durante a \\u201cOpera\\u00e7\\u00e3o Alferes Tiradentes\\u201d, deflagrada pela Pol\\u00edcia militar em Bar\\u00e3o do Monte Alto, na manh\\u00e3 desta quinta-feira (14). A a\\u00e7\\u00e3o teve o objetivo de desarticular a\\u00e7\\u00f5es delituosas voltadas \\u00e0 pr\\u00e1tica de crimes violentos naquele munic\\u00edpio e demais cidades pertencentes ao comando do 47\\u00ba Batalh\\u00e3o de Pol\\u00edcia Militar. Foram apreendidos 18\",\"inLanguage\":\"pt-BR\",\"isPartOf\":{\"@id\":\"https:\\\/\\\/anoticiaonline.com.br\\\/site\\\/#website\"},\"breadcrumb\":{\"@id\":\"https:\\\/\\\/anoticiaonline.com.br\\\/site\\\/barao-do-monte-alto-tres-sao-detidos-durante-a-operacao-alferes-tiradentes\\\/#breadcrumblist\"},\"author\":{\"@id\":\"https:\\\/\\\/anoticiaonline.com.br\\\/site\\\/author\\\/juliana\\\/#author\"},\"creator\":{\"@id\":\"https:\\\/\\\/anoticiaonline.com.br\\\/site\\\/author\\\/juliana\\\/#author\"},\"image\":{\"@type\":\"ImageObject\",\"url\":\"https:\\\/\\\/anoticiaonline.com.br\\\/site\\\/wp-content\\\/uploads\\\/2016\\\/04\\\/Bar\\u00e3o-do-Monte-Alto-tr\\u00eas-s\\u00e3o-detidos-durante-a-\\u201cOpera\\u00e7\\u00e3o-Alferes-Tiradentes\\u201d.jpg\",\"@id\":\"https:\\\/\\\/anoticiaonline.com.br\\\/site\\\/barao-do-monte-alto-tres-sao-detidos-durante-a-operacao-alferes-tiradentes\\\/#mainImage\",\"width\":640,\"height\":384},\"primaryImageOfPage\":{\"@id\":\"https:\\\/\\\/anoticiaonline.com.br\\\/site\\\/barao-do-monte-alto-tres-sao-detidos-durante-a-operacao-alferes-tiradentes\\\/#mainImage\"},\"datePublished\":\"2016-04-14T14:00:08-03:00\",\"dateModified\":\"2016-04-14T14:00:08-03:00\"},{\"@type\":\"WebSite\",\"@id\":\"https:\\\/\\\/anoticiaonline.com.br\\\/site\\\/#website\",\"url\":\"https:\\\/\\\/anoticiaonline.com.br\\\/site\\\/\",\"name\":\"A Not\\u00edcia Online\",\"description\":\"Noticias de Muria\\u00e9 e regi\\u00e3o\",\"inLanguage\":\"pt-BR\",\"publisher\":{\"@id\":\"https:\\\/\\\/anoticiaonline.com.br\\\/site\\\/#organization\"}}]}\n\t\t<\/script>\n\t\t<!-- All in One SEO -->\n\n","aioseo_head_json":{"title":"Bar\u00e3o do Monte Alto: tr\u00eas s\u00e3o detidos durante a \u201cOpera\u00e7\u00e3o Alferes Tiradentes\u201d - A Not\u00edcia Online","description":"Tr\u00eas pessoas foram detidas durante a \u201cOpera\u00e7\u00e3o Alferes Tiradentes\u201d, deflagrada pela Pol\u00edcia militar em Bar\u00e3o do Monte Alto, na manh\u00e3 desta quinta-feira (14). A a\u00e7\u00e3o teve o objetivo de desarticular a\u00e7\u00f5es delituosas voltadas \u00e0 pr\u00e1tica de crimes violentos naquele munic\u00edpio e demais cidades pertencentes ao comando do 47\u00ba Batalh\u00e3o de Pol\u00edcia Militar. Foram apreendidos 18","canonical_url":"https:\/\/anoticiaonline.com.br\/site\/barao-do-monte-alto-tres-sao-detidos-durante-a-operacao-alferes-tiradentes\/","robots":"max-image-preview:large","keywords":"","webmasterTools":{"miscellaneous":""},"schema":{"@context":"https:\/\/schema.org","@graph":[{"@type":"BlogPosting","@id":"https:\/\/anoticiaonline.com.br\/site\/barao-do-monte-alto-tres-sao-detidos-durante-a-operacao-alferes-tiradentes\/#blogposting","name":"Bar\u00e3o do Monte Alto: tr\u00eas s\u00e3o detidos durante a \u201cOpera\u00e7\u00e3o Alferes Tiradentes\u201d - A Not\u00edcia Online","headline":"Bar\u00e3o do Monte Alto: tr\u00eas s\u00e3o detidos durante a \u201cOpera\u00e7\u00e3o Alferes Tiradentes\u201d","author":{"@id":"https:\/\/anoticiaonline.com.br\/site\/author\/juliana\/#author"},"publisher":{"@id":"https:\/\/anoticiaonline.com.br\/site\/#organization"},"image":{"@type":"ImageObject","url":"https:\/\/anoticiaonline.com.br\/site\/wp-content\/uploads\/2016\/04\/Bar\u00e3o-do-Monte-Alto-tr\u00eas-s\u00e3o-detidos-durante-a-\u201cOpera\u00e7\u00e3o-Alferes-Tiradentes\u201d.jpg","width":640,"height":384},"datePublished":"2016-04-14T14:00:08-03:00","dateModified":"2016-04-14T14:00:08-03:00","inLanguage":"pt-BR","mainEntityOfPage":{"@id":"https:\/\/anoticiaonline.com.br\/site\/barao-do-monte-alto-tres-sao-detidos-durante-a-operacao-alferes-tiradentes\/#webpage"},"isPartOf":{"@id":"https:\/\/anoticiaonline.com.br\/site\/barao-do-monte-alto-tres-sao-detidos-durante-a-operacao-alferes-tiradentes\/#webpage"},"articleSection":"Regi\u00e3o, slide"},{"@type":"BreadcrumbList","@id":"https:\/\/anoticiaonline.com.br\/site\/barao-do-monte-alto-tres-sao-detidos-durante-a-operacao-alferes-tiradentes\/#breadcrumblist","itemListElement":[{"@type":"ListItem","@id":"https:\/\/anoticiaonline.com.br\/site#listItem","position":1,"name":"Home","item":"https:\/\/anoticiaonline.com.br\/site","nextItem":{"@type":"ListItem","@id":"https:\/\/anoticiaonline.com.br\/site\/categoria\/regiao\/#listItem","name":"Regi\u00e3o"}},{"@type":"ListItem","@id":"https:\/\/anoticiaonline.com.br\/site\/categoria\/regiao\/#listItem","position":2,"name":"Regi\u00e3o","item":"https:\/\/anoticiaonline.com.br\/site\/categoria\/regiao\/","nextItem":{"@type":"ListItem","@id":"https:\/\/anoticiaonline.com.br\/site\/barao-do-monte-alto-tres-sao-detidos-durante-a-operacao-alferes-tiradentes\/#listItem","name":"Bar\u00e3o do Monte Alto: tr\u00eas s\u00e3o detidos durante a \u201cOpera\u00e7\u00e3o Alferes Tiradentes\u201d"},"previousItem":{"@type":"ListItem","@id":"https:\/\/anoticiaonline.com.br\/site#listItem","name":"Home"}},{"@type":"ListItem","@id":"https:\/\/anoticiaonline.com.br\/site\/barao-do-monte-alto-tres-sao-detidos-durante-a-operacao-alferes-tiradentes\/#listItem","position":3,"name":"Bar\u00e3o do Monte Alto: tr\u00eas s\u00e3o detidos durante a \u201cOpera\u00e7\u00e3o Alferes Tiradentes\u201d","previousItem":{"@type":"ListItem","@id":"https:\/\/anoticiaonline.com.br\/site\/categoria\/regiao\/#listItem","name":"Regi\u00e3o"}}]},{"@type":"Organization","@id":"https:\/\/anoticiaonline.com.br\/site\/#organization","name":"A Not\u00edcia Online","description":"Noticias de Muria\u00e9 e regi\u00e3o","url":"https:\/\/anoticiaonline.com.br\/site\/","logo":{"@type":"ImageObject","url":"https:\/\/scontent-gig4-1.xx.fbcdn.net\/v\/t39.30808-1\/270437624_4564083193639691_6907940295614233970_n.jpg?stp=dst-jpg_s200x200_tt6&_nc_cat=111&ccb=1-7&_nc_sid=f907e8&_nc_ohc=SM1wRlP3lJwQ7kNvwEPuBYA&_nc_oc=AdnqrjDN_BNjSSHWO-GbkIWH6fkGMLw4bqvL_NH6e2wMveX7G-rP2dAqsDSq1mJMOaY&_nc_zt=24&_nc_ht=scontent-gig4-1.xx&_nc_gid=AoBFJeGrT1hVaew_6rchkQ&oh=00_AfX7QmFGhQhG2jAllVgXCiM1ZrWgvtp80-Bfppyexh1QEg&oe=689E923C","@id":"https:\/\/anoticiaonline.com.br\/site\/barao-do-monte-alto-tres-sao-detidos-durante-a-operacao-alferes-tiradentes\/#organizationLogo"},"image":{"@id":"https:\/\/anoticiaonline.com.br\/site\/barao-do-monte-alto-tres-sao-detidos-durante-a-operacao-alferes-tiradentes\/#organizationLogo"}},{"@type":"Person","@id":"https:\/\/anoticiaonline.com.br\/site\/author\/juliana\/#author","url":"https:\/\/anoticiaonline.com.br\/site\/author\/juliana\/","name":"Juliana Laviola","image":{"@type":"ImageObject","@id":"https:\/\/anoticiaonline.com.br\/site\/barao-do-monte-alto-tres-sao-detidos-durante-a-operacao-alferes-tiradentes\/#authorImage","url":"https:\/\/secure.gravatar.com\/avatar\/b8d45f5c699b100dfaf0e543582f38f38bf94cb7ae3a5e9abf8d891a34773335?s=96&d=mm&r=g","width":96,"height":96,"caption":"Juliana Laviola"}},{"@type":"WebPage","@id":"https:\/\/anoticiaonline.com.br\/site\/barao-do-monte-alto-tres-sao-detidos-durante-a-operacao-alferes-tiradentes\/#webpage","url":"https:\/\/anoticiaonline.com.br\/site\/barao-do-monte-alto-tres-sao-detidos-durante-a-operacao-alferes-tiradentes\/","name":"Bar\u00e3o do Monte Alto: tr\u00eas s\u00e3o detidos durante a \u201cOpera\u00e7\u00e3o Alferes Tiradentes\u201d - A Not\u00edcia Online","description":"Tr\u00eas pessoas foram detidas durante a \u201cOpera\u00e7\u00e3o Alferes Tiradentes\u201d, deflagrada pela Pol\u00edcia militar em Bar\u00e3o do Monte Alto, na manh\u00e3 desta quinta-feira (14). A a\u00e7\u00e3o teve o objetivo de desarticular a\u00e7\u00f5es delituosas voltadas \u00e0 pr\u00e1tica de crimes violentos naquele munic\u00edpio e demais cidades pertencentes ao comando do 47\u00ba Batalh\u00e3o de Pol\u00edcia Militar. Foram apreendidos 18","inLanguage":"pt-BR","isPartOf":{"@id":"https:\/\/anoticiaonline.com.br\/site\/#website"},"breadcrumb":{"@id":"https:\/\/anoticiaonline.com.br\/site\/barao-do-monte-alto-tres-sao-detidos-durante-a-operacao-alferes-tiradentes\/#breadcrumblist"},"author":{"@id":"https:\/\/anoticiaonline.com.br\/site\/author\/juliana\/#author"},"creator":{"@id":"https:\/\/anoticiaonline.com.br\/site\/author\/juliana\/#author"},"image":{"@type":"ImageObject","url":"https:\/\/anoticiaonline.com.br\/site\/wp-content\/uploads\/2016\/04\/Bar\u00e3o-do-Monte-Alto-tr\u00eas-s\u00e3o-detidos-durante-a-\u201cOpera\u00e7\u00e3o-Alferes-Tiradentes\u201d.jpg","@id":"https:\/\/anoticiaonline.com.br\/site\/barao-do-monte-alto-tres-sao-detidos-durante-a-operacao-alferes-tiradentes\/#mainImage","width":640,"height":384},"primaryImageOfPage":{"@id":"https:\/\/anoticiaonline.com.br\/site\/barao-do-monte-alto-tres-sao-detidos-durante-a-operacao-alferes-tiradentes\/#mainImage"},"datePublished":"2016-04-14T14:00:08-03:00","dateModified":"2016-04-14T14:00:08-03:00"},{"@type":"WebSite","@id":"https:\/\/anoticiaonline.com.br\/site\/#website","url":"https:\/\/anoticiaonline.com.br\/site\/","name":"A Not\u00edcia Online","description":"Noticias de Muria\u00e9 e regi\u00e3o","inLanguage":"pt-BR","publisher":{"@id":"https:\/\/anoticiaonline.com.br\/site\/#organization"}}]},"og:locale":"pt_BR","og:site_name":"A Not\u00edcia Online - Noticias de Muria\u00e9 e regi\u00e3o","og:type":"article","og:title":"Bar\u00e3o do Monte Alto: tr\u00eas s\u00e3o detidos durante a \u201cOpera\u00e7\u00e3o Alferes Tiradentes\u201d - A Not\u00edcia Online","og:description":"Tr\u00eas pessoas foram detidas durante a \u201cOpera\u00e7\u00e3o Alferes Tiradentes\u201d, deflagrada pela Pol\u00edcia militar em Bar\u00e3o do Monte Alto, na manh\u00e3 desta quinta-feira (14). A a\u00e7\u00e3o teve o objetivo de desarticular a\u00e7\u00f5es delituosas voltadas \u00e0 pr\u00e1tica de crimes violentos naquele munic\u00edpio e demais cidades pertencentes ao comando do 47\u00ba Batalh\u00e3o de Pol\u00edcia Militar. Foram apreendidos 18","og:url":"https:\/\/anoticiaonline.com.br\/site\/barao-do-monte-alto-tres-sao-detidos-durante-a-operacao-alferes-tiradentes\/","og:image":"https:\/\/scontent-gig4-1.xx.fbcdn.net\/v\/t39.30808-1\/270437624_4564083193639691_6907940295614233970_n.jpg?stp=dst-jpg_s200x200_tt6&#038;_nc_cat=111&#038;ccb=1-7&#038;_nc_sid=f907e8&#038;_nc_ohc=SM1wRlP3lJwQ7kNvwEPuBYA&#038;_nc_oc=AdnqrjDN_BNjSSHWO-GbkIWH6fkGMLw4bqvL_NH6e2wMveX7G-rP2dAqsDSq1mJMOaY&#038;_nc_zt=24&#038;_nc_ht=scontent-gig4-1.xx&#038;_nc_gid=AoBFJeGrT1hVaew_6rchkQ&#038;oh=00_AfX7QmFGhQhG2jAllVgXCiM1ZrWgvtp80-Bfppyexh1QEg&#038;oe=689E923C","og:image:secure_url":"https:\/\/scontent-gig4-1.xx.fbcdn.net\/v\/t39.30808-1\/270437624_4564083193639691_6907940295614233970_n.jpg?stp=dst-jpg_s200x200_tt6&#038;_nc_cat=111&#038;ccb=1-7&#038;_nc_sid=f907e8&#038;_nc_ohc=SM1wRlP3lJwQ7kNvwEPuBYA&#038;_nc_oc=AdnqrjDN_BNjSSHWO-GbkIWH6fkGMLw4bqvL_NH6e2wMveX7G-rP2dAqsDSq1mJMOaY&#038;_nc_zt=24&#038;_nc_ht=scontent-gig4-1.xx&#038;_nc_gid=AoBFJeGrT1hVaew_6rchkQ&#038;oh=00_AfX7QmFGhQhG2jAllVgXCiM1ZrWgvtp80-Bfppyexh1QEg&#038;oe=689E923C","article:published_time":"2016-04-14T17:00:08+00:00","article:modified_time":"2016-04-14T17:00:08+00:00","twitter:card":"summary_large_image","twitter:title":"Bar\u00e3o do Monte Alto: tr\u00eas s\u00e3o detidos durante a \u201cOpera\u00e7\u00e3o Alferes Tiradentes\u201d - A Not\u00edcia Online","twitter:description":"Tr\u00eas pessoas foram detidas durante a \u201cOpera\u00e7\u00e3o Alferes Tiradentes\u201d, deflagrada pela Pol\u00edcia militar em Bar\u00e3o do Monte Alto, na manh\u00e3 desta quinta-feira (14). A a\u00e7\u00e3o teve o objetivo de desarticular a\u00e7\u00f5es delituosas voltadas \u00e0 pr\u00e1tica de crimes violentos naquele munic\u00edpio e demais cidades pertencentes ao comando do 47\u00ba Batalh\u00e3o de Pol\u00edcia Militar. Foram apreendidos 18","twitter:image":"https:\/\/scontent-gig4-1.xx.fbcdn.net\/v\/t39.30808-1\/270437624_4564083193639691_6907940295614233970_n.jpg?stp=dst-jpg_s200x200_tt6&_nc_cat=111&ccb=1-7&_nc_sid=f907e8&_nc_ohc=SM1wRlP3lJwQ7kNvwEPuBYA&_nc_oc=AdnqrjDN_BNjSSHWO-GbkIWH6fkGMLw4bqvL_NH6e2wMveX7G-rP2dAqsDSq1mJMOaY&_nc_zt=24&_nc_ht=scontent-gig4-1.xx&_nc_gid=AoBFJeGrT1hVaew_6rchkQ&oh=00_AfX7QmFGhQhG2jAllVgXCiM1ZrWgvtp80-Bfppyexh1QEg&oe=689E923C"},"aioseo_meta_data":{"post_id":"11851","title":null,"description":null,"keywords":null,"keyphrases":null,"primary_term":null,"canonical_url":null,"og_title":null,"og_description":null,"og_object_type":"default","og_image_type":"default","og_image_url":null,"og_image_width":null,"og_image_height":null,"og_image_custom_url":null,"og_image_custom_fields":null,"og_video":null,"og_custom_url":null,"og_article_section":null,"og_article_tags":null,"twitter_use_og":false,"twitter_card":"default","twitter_image_type":"default","twitter_image_url":null,"twitter_image_custom_url":null,"twitter_image_custom_fields":null,"twitter_title":null,"twitter_description":null,"schema":{"blockGraphs":[],"customGraphs":[],"default":{"data":{"Article":[],"Course":[],"Dataset":[],"FAQPage":[],"Movie":[],"Person":[],"Product":[],"ProductReview":[],"Car":[],"Recipe":[],"Service":[],"SoftwareApplication":[],"WebPage":[]},"graphName":"","isEnabled":true},"graphs":[]},"schema_type":"default","schema_type_options":null,"pillar_content":false,"robots_default":true,"robots_noindex":false,"robots_noarchive":false,"robots_nosnippet":false,"robots_nofollow":false,"robots_noimageindex":false,"robots_noodp":false,"robots_notranslate":false,"robots_max_snippet":null,"robots_max_videopreview":null,"robots_max_imagepreview":"large","priority":null,"frequency":null,"local_seo":null,"breadcrumb_settings":null,"limit_modified_date":false,"ai":null,"created":"2025-08-16 15:46:49","updated":"2025-08-16 15:46:49","focus_keyword":null,"additional_keywords":null,"truseo_locale":null,"seo_analyzer_scan_date":null},"aioseo_breadcrumb":"<div class=\"aioseo-breadcrumbs\"><span class=\"aioseo-breadcrumb\">\n\t\t\t<a href=\"https:\/\/anoticiaonline.com.br\/site\" title=\"Home\">Home<\/a>\n\t\t<\/span><span class=\"aioseo-breadcrumb-separator\">&raquo;<\/span><span class=\"aioseo-breadcrumb\">\n\t\t\t<a href=\"https:\/\/anoticiaonline.com.br\/site\/categoria\/regiao\/\" title=\"Regi\u00e3o\">Regi\u00e3o<\/a>\n\t\t<\/span><span class=\"aioseo-breadcrumb-separator\">&raquo;<\/span><span class=\"aioseo-breadcrumb\">\n\t\t\tBar\u00e3o do Monte Alto: tr\u00eas s\u00e3o detidos durante a \u201cOpera\u00e7\u00e3o Alferes Tiradentes\u201d\n\t\t<\/span><\/div>","aioseo_breadcrumb_json":[{"label":"Home","link":"https:\/\/anoticiaonline.com.br\/site"},{"label":"Regi\u00e3o","link":"https:\/\/anoticiaonline.com.br\/site\/categoria\/regiao\/"},{"label":"Bar\u00e3o do Monte Alto: tr\u00eas s\u00e3o detidos durante a \u201cOpera\u00e7\u00e3o Alferes Tiradentes\u201d","link":"https:\/\/anoticiaonline.com.br\/site\/barao-do-monte-alto-tres-sao-detidos-durante-a-operacao-alferes-tiradentes\/"}],"views":132,"_links":{"self":[{"href":"https:\/\/anoticiaonline.com.br\/site\/wp-json\/wp\/v2\/posts\/11851","targetHints":{"allow":["GET"]}}],"collection":[{"href":"https:\/\/anoticiaonline.com.br\/site\/wp-json\/wp\/v2\/posts"}],"about":[{"href":"https:\/\/anoticiaonline.com.br\/site\/wp-json\/wp\/v2\/types\/post"}],"author":[{"embeddable":true,"href":"https:\/\/anoticiaonline.com.br\/site\/wp-json\/wp\/v2\/users\/2"}],"replies":[{"embeddable":true,"href":"https:\/\/anoticiaonline.com.br\/site\/wp-json\/wp\/v2\/comments?post=11851"}],"version-history":[{"count":0,"href":"https:\/\/anoticiaonline.com.br\/site\/wp-json\/wp\/v2\/posts\/11851\/revisions"}],"wp:featuredmedia":[{"embeddable":true,"href":"https:\/\/anoticiaonline.com.br\/site\/wp-json\/wp\/v2\/media\/11852"}],"wp:attachment":[{"href":"https:\/\/anoticiaonline.com.br\/site\/wp-json\/wp\/v2\/media?parent=11851"}],"wp:term":[{"taxonomy":"category","embeddable":true,"href":"https:\/\/anoticiaonline.com.br\/site\/wp-json\/wp\/v2\/categories?post=11851"},{"taxonomy":"post_tag","embeddable":true,"href":"https:\/\/anoticiaonline.com.br\/site\/wp-json\/wp\/v2\/tags?post=11851"}],"curies":[{"name":"wp","href":"https:\/\/api.w.org\/{rel}","templated":true}]}}