{"id":11812,"date":"2016-04-14T10:14:56","date_gmt":"2016-04-14T13:14:56","guid":{"rendered":"http:\/\/anoticiaonline.com.br\/site\/?p=11812"},"modified":"2016-04-14T10:14:56","modified_gmt":"2016-04-14T13:14:56","slug":"dia-de-campo-discute-sobre-a-cafeicultura-sustentavel","status":"publish","type":"post","link":"https:\/\/anoticiaonline.com.br\/site\/dia-de-campo-discute-sobre-a-cafeicultura-sustentavel\/","title":{"rendered":"Dia de Campo discute sobre a cafeicultura sustent\u00e1vel"},"content":{"rendered":"<p><a href=\"https:\/\/anoticiaonline.com.br\/site\/wp-content\/uploads\/2016\/04\/Dia-de-Campo-discute-sobre-a-cafeicultura-sustent\u00e1vel.jpg\"><img fetchpriority=\"high\" decoding=\"async\" class=\" size-medium wp-image-11813 alignleft\" src=\"https:\/\/anoticiaonline.com.br\/site\/wp-content\/uploads\/2016\/04\/Dia-de-Campo-discute-sobre-a-cafeicultura-sustent\u00e1vel-300x179.jpg\" alt=\"Dia de Campo discute sobre a cafeicultura sustent\u00e1vel\" width=\"300\" height=\"179\" srcset=\"https:\/\/anoticiaonline.com.br\/site\/wp-content\/uploads\/2016\/04\/Dia-de-Campo-discute-sobre-a-cafeicultura-sustent\u00e1vel-300x179.jpg 300w, https:\/\/anoticiaonline.com.br\/site\/wp-content\/uploads\/2016\/04\/Dia-de-Campo-discute-sobre-a-cafeicultura-sustent\u00e1vel.jpg 640w\" sizes=\"(max-width: 300px) 100vw, 300px\" \/><\/a>Cafeicultores se reuniram na Fazenda S\u00e3o Jos\u00e9, de propriedade de Delto Macedo, localizada no distrito de Pirapanema, na tarde de quarta-feira (13), para aprenderem mais e discutirem sobre os manejos e t\u00e9cnicas do cultivo do caf\u00e9.<\/p>\n<p>O Dia de Campo foi dividido em tr\u00eas esta\u00e7\u00f5es, nas quais foram abordadas quest\u00f5es sobre sistema safra zero (um sistema de poda, que \u00e9 uma alternativa para o agricultor manejar a lavoura), produ\u00e7\u00e3o de caf\u00e9 de qualidade e caldas alternativas para controle de pragas e doen\u00e7as do cafeeiro. \u201cA safra zero, que \u00e9 um sistema de poda, faz com que o produtor colha o caf\u00e9 de dois em dois anos. Quando o produtor colhe uma boa safra, ele fica um ano sem colher, e colhe, no ano seguinte, outra boa safra\u201d, explica o engenheiro agr\u00f4nomo da Emater, Rob\u00e9rio de Oliveira Torres.<\/p>\n<p>Segundo Rob\u00e9rio, a vantagem da safra zero \u00e9 evitar preju\u00edzos por parte do produtor na colheita de uma safra ruim. \u201c\u00c0s vezes, o produtor colhe uma safra boa e uma safra ruim. Essa safra ruim gera uma despesa muito grande na colheita, portanto, o produtor leva preju\u00edzo. No sistema safra zero, como o produtor n\u00e3o tem colheita por um ano, ele n\u00e3o tem despesa neste sentido. Com isso, melhora a condi\u00e7\u00e3o financeira e de trabalho do cafeicultor. As vantagens s\u00e3o v\u00e1rias\u201d, conta.<\/p>\n<p>O coordenador t\u00e9cnico regional e engenheiro agr\u00f4nomo da Emater, Ricardo Tadeu Galv\u00e3o Pereira, destaca que o Dia de Campo tem a fun\u00e7\u00e3o de divulgar tecnologias que s\u00e3o aplic\u00e1veis \u00e0 cafeicultura, as quais v\u00e3o melhorar a qualidade da propriedade. O p\u00fablico principal destes eventos \u00e9 o agricultor familiar.<\/p>\n","protected":false},"excerpt":{"rendered":"<p>Cafeicultores se reuniram na Fazenda S\u00e3o Jos\u00e9, de propriedade de Delto Macedo, localizada no distrito de Pirapanema, na tarde de quarta-feira (13), para aprenderem mais e discutirem sobre os manejos e t\u00e9cnicas do cultivo do caf\u00e9. O Dia de Campo foi dividido em tr\u00eas esta\u00e7\u00f5es, nas quais foram abordadas quest\u00f5es sobre sistema safra zero (um &#8230; <a title=\"Dia de Campo discute sobre a cafeicultura sustent\u00e1vel\" class=\"read-more\" href=\"https:\/\/anoticiaonline.com.br\/site\/dia-de-campo-discute-sobre-a-cafeicultura-sustentavel\/\" aria-label=\"Read more about Dia de Campo discute sobre a cafeicultura sustent\u00e1vel\">Ler mais<\/a><\/p>\n","protected":false},"author":2,"featured_media":11813,"comment_status":"open","ping_status":"open","sticky":false,"template":"","format":"standard","meta":{"_acf_changed":false,"_monsterinsights_skip_tracking":false,"footnotes":""},"categories":[30],"tags":[3],"class_list":["post-11812","post","type-post","status-publish","format-standard","has-post-thumbnail","hentry","category-muriae","tag-slide"],"acf":[],"aioseo_notices":[],"aioseo_head":"\n\t\t<!-- All in One SEO 5.0.0.1 - aioseo.com -->\n\t<meta name=\"description\" content=\"Cafeicultores se reuniram na Fazenda S\u00e3o Jos\u00e9, de propriedade de Delto Macedo, localizada no distrito de Pirapanema, na tarde de quarta-feira (13), para aprenderem mais e discutirem sobre os manejos e t\u00e9cnicas do cultivo do caf\u00e9. O Dia de Campo foi dividido em tr\u00eas esta\u00e7\u00f5es, nas quais foram abordadas quest\u00f5es sobre sistema safra zero (um\" \/>\n\t<meta name=\"robots\" content=\"max-image-preview:large\" \/>\n\t<meta name=\"author\" content=\"Juliana Laviola\"\/>\n\t<link rel=\"canonical\" href=\"https:\/\/anoticiaonline.com.br\/site\/dia-de-campo-discute-sobre-a-cafeicultura-sustentavel\/\" \/>\n\t<meta name=\"generator\" content=\"All in One SEO (AIOSEO) 5.0.0.1\" \/>\n\t\t<meta property=\"og:locale\" content=\"pt_BR\" \/>\n\t\t<meta property=\"og:site_name\" content=\"A Not\u00edcia Online - Noticias de Muria\u00e9 e regi\u00e3o\" \/>\n\t\t<meta property=\"og:type\" content=\"article\" \/>\n\t\t<meta property=\"og:title\" content=\"Dia de Campo discute sobre a cafeicultura sustent\u00e1vel - A Not\u00edcia Online\" \/>\n\t\t<meta property=\"og:description\" content=\"Cafeicultores se reuniram na Fazenda S\u00e3o Jos\u00e9, de propriedade de Delto Macedo, localizada no distrito de Pirapanema, na tarde de quarta-feira (13), para aprenderem mais e discutirem sobre os manejos e t\u00e9cnicas do cultivo do caf\u00e9. O Dia de Campo foi dividido em tr\u00eas esta\u00e7\u00f5es, nas quais foram abordadas quest\u00f5es sobre sistema safra zero (um\" \/>\n\t\t<meta property=\"og:url\" content=\"https:\/\/anoticiaonline.com.br\/site\/dia-de-campo-discute-sobre-a-cafeicultura-sustentavel\/\" \/>\n\t\t<meta property=\"og:image\" content=\"https:\/\/scontent-gig4-1.xx.fbcdn.net\/v\/t39.30808-1\/270437624_4564083193639691_6907940295614233970_n.jpg?stp=dst-jpg_s200x200_tt6&#038;_nc_cat=111&#038;ccb=1-7&#038;_nc_sid=f907e8&#038;_nc_ohc=SM1wRlP3lJwQ7kNvwEPuBYA&#038;_nc_oc=AdnqrjDN_BNjSSHWO-GbkIWH6fkGMLw4bqvL_NH6e2wMveX7G-rP2dAqsDSq1mJMOaY&#038;_nc_zt=24&#038;_nc_ht=scontent-gig4-1.xx&#038;_nc_gid=AoBFJeGrT1hVaew_6rchkQ&#038;oh=00_AfX7QmFGhQhG2jAllVgXCiM1ZrWgvtp80-Bfppyexh1QEg&#038;oe=689E923C\" \/>\n\t\t<meta property=\"og:image:secure_url\" content=\"https:\/\/scontent-gig4-1.xx.fbcdn.net\/v\/t39.30808-1\/270437624_4564083193639691_6907940295614233970_n.jpg?stp=dst-jpg_s200x200_tt6&#038;_nc_cat=111&#038;ccb=1-7&#038;_nc_sid=f907e8&#038;_nc_ohc=SM1wRlP3lJwQ7kNvwEPuBYA&#038;_nc_oc=AdnqrjDN_BNjSSHWO-GbkIWH6fkGMLw4bqvL_NH6e2wMveX7G-rP2dAqsDSq1mJMOaY&#038;_nc_zt=24&#038;_nc_ht=scontent-gig4-1.xx&#038;_nc_gid=AoBFJeGrT1hVaew_6rchkQ&#038;oh=00_AfX7QmFGhQhG2jAllVgXCiM1ZrWgvtp80-Bfppyexh1QEg&#038;oe=689E923C\" \/>\n\t\t<meta property=\"article:published_time\" content=\"2016-04-14T13:14:56+00:00\" \/>\n\t\t<meta property=\"article:modified_time\" content=\"2016-04-14T13:14:56+00:00\" \/>\n\t\t<meta name=\"twitter:card\" content=\"summary_large_image\" \/>\n\t\t<meta name=\"twitter:title\" content=\"Dia de Campo discute sobre a cafeicultura sustent\u00e1vel - A Not\u00edcia Online\" \/>\n\t\t<meta name=\"twitter:description\" content=\"Cafeicultores se reuniram na Fazenda S\u00e3o Jos\u00e9, de propriedade de Delto Macedo, localizada no distrito de Pirapanema, na tarde de quarta-feira (13), para aprenderem mais e discutirem sobre os manejos e t\u00e9cnicas do cultivo do caf\u00e9. O Dia de Campo foi dividido em tr\u00eas esta\u00e7\u00f5es, nas quais foram abordadas quest\u00f5es sobre sistema safra zero (um\" \/>\n\t\t<meta name=\"twitter:image\" content=\"https:\/\/scontent-gig4-1.xx.fbcdn.net\/v\/t39.30808-1\/270437624_4564083193639691_6907940295614233970_n.jpg?stp=dst-jpg_s200x200_tt6&amp;_nc_cat=111&amp;ccb=1-7&amp;_nc_sid=f907e8&amp;_nc_ohc=SM1wRlP3lJwQ7kNvwEPuBYA&amp;_nc_oc=AdnqrjDN_BNjSSHWO-GbkIWH6fkGMLw4bqvL_NH6e2wMveX7G-rP2dAqsDSq1mJMOaY&amp;_nc_zt=24&amp;_nc_ht=scontent-gig4-1.xx&amp;_nc_gid=AoBFJeGrT1hVaew_6rchkQ&amp;oh=00_AfX7QmFGhQhG2jAllVgXCiM1ZrWgvtp80-Bfppyexh1QEg&amp;oe=689E923C\" \/>\n\t\t<script type=\"application\/ld+json\" class=\"aioseo-schema\">\n\t\t\t{\"@context\":\"https:\\\/\\\/schema.org\",\"@graph\":[{\"@type\":\"BlogPosting\",\"@id\":\"https:\\\/\\\/anoticiaonline.com.br\\\/site\\\/dia-de-campo-discute-sobre-a-cafeicultura-sustentavel\\\/#blogposting\",\"name\":\"Dia de Campo discute sobre a cafeicultura sustent\\u00e1vel - A Not\\u00edcia Online\",\"headline\":\"Dia de Campo discute sobre a cafeicultura sustent\\u00e1vel\",\"author\":{\"@id\":\"https:\\\/\\\/anoticiaonline.com.br\\\/site\\\/author\\\/juliana\\\/#author\"},\"publisher\":{\"@id\":\"https:\\\/\\\/anoticiaonline.com.br\\\/site\\\/#organization\"},\"image\":{\"@type\":\"ImageObject\",\"url\":\"https:\\\/\\\/anoticiaonline.com.br\\\/site\\\/wp-content\\\/uploads\\\/2016\\\/04\\\/Dia-de-Campo-discute-sobre-a-cafeicultura-sustent\\u00e1vel.jpg\",\"width\":640,\"height\":382},\"datePublished\":\"2016-04-14T10:14:56-03:00\",\"dateModified\":\"2016-04-14T10:14:56-03:00\",\"inLanguage\":\"pt-BR\",\"mainEntityOfPage\":{\"@id\":\"https:\\\/\\\/anoticiaonline.com.br\\\/site\\\/dia-de-campo-discute-sobre-a-cafeicultura-sustentavel\\\/#webpage\"},\"isPartOf\":{\"@id\":\"https:\\\/\\\/anoticiaonline.com.br\\\/site\\\/dia-de-campo-discute-sobre-a-cafeicultura-sustentavel\\\/#webpage\"},\"articleSection\":\"Blog, slide\"},{\"@type\":\"BreadcrumbList\",\"@id\":\"https:\\\/\\\/anoticiaonline.com.br\\\/site\\\/dia-de-campo-discute-sobre-a-cafeicultura-sustentavel\\\/#breadcrumblist\",\"itemListElement\":[{\"@type\":\"ListItem\",\"@id\":\"https:\\\/\\\/anoticiaonline.com.br\\\/site#listItem\",\"position\":1,\"name\":\"Home\",\"item\":\"https:\\\/\\\/anoticiaonline.com.br\\\/site\",\"nextItem\":{\"@type\":\"ListItem\",\"@id\":\"https:\\\/\\\/anoticiaonline.com.br\\\/site\\\/categoria\\\/muriae\\\/#listItem\",\"name\":\"Blog\"}},{\"@type\":\"ListItem\",\"@id\":\"https:\\\/\\\/anoticiaonline.com.br\\\/site\\\/categoria\\\/muriae\\\/#listItem\",\"position\":2,\"name\":\"Blog\",\"item\":\"https:\\\/\\\/anoticiaonline.com.br\\\/site\\\/categoria\\\/muriae\\\/\",\"nextItem\":{\"@type\":\"ListItem\",\"@id\":\"https:\\\/\\\/anoticiaonline.com.br\\\/site\\\/dia-de-campo-discute-sobre-a-cafeicultura-sustentavel\\\/#listItem\",\"name\":\"Dia de Campo discute sobre a cafeicultura sustent\\u00e1vel\"},\"previousItem\":{\"@type\":\"ListItem\",\"@id\":\"https:\\\/\\\/anoticiaonline.com.br\\\/site#listItem\",\"name\":\"Home\"}},{\"@type\":\"ListItem\",\"@id\":\"https:\\\/\\\/anoticiaonline.com.br\\\/site\\\/dia-de-campo-discute-sobre-a-cafeicultura-sustentavel\\\/#listItem\",\"position\":3,\"name\":\"Dia de Campo discute sobre a cafeicultura sustent\\u00e1vel\",\"previousItem\":{\"@type\":\"ListItem\",\"@id\":\"https:\\\/\\\/anoticiaonline.com.br\\\/site\\\/categoria\\\/muriae\\\/#listItem\",\"name\":\"Blog\"}}]},{\"@type\":\"Organization\",\"@id\":\"https:\\\/\\\/anoticiaonline.com.br\\\/site\\\/#organization\",\"name\":\"A Not\\u00edcia Online\",\"description\":\"Noticias de Muria\\u00e9 e regi\\u00e3o\",\"url\":\"https:\\\/\\\/anoticiaonline.com.br\\\/site\\\/\",\"logo\":{\"@type\":\"ImageObject\",\"url\":\"https:\\\/\\\/scontent-gig4-1.xx.fbcdn.net\\\/v\\\/t39.30808-1\\\/270437624_4564083193639691_6907940295614233970_n.jpg?stp=dst-jpg_s200x200_tt6&_nc_cat=111&ccb=1-7&_nc_sid=f907e8&_nc_ohc=SM1wRlP3lJwQ7kNvwEPuBYA&_nc_oc=AdnqrjDN_BNjSSHWO-GbkIWH6fkGMLw4bqvL_NH6e2wMveX7G-rP2dAqsDSq1mJMOaY&_nc_zt=24&_nc_ht=scontent-gig4-1.xx&_nc_gid=AoBFJeGrT1hVaew_6rchkQ&oh=00_AfX7QmFGhQhG2jAllVgXCiM1ZrWgvtp80-Bfppyexh1QEg&oe=689E923C\",\"@id\":\"https:\\\/\\\/anoticiaonline.com.br\\\/site\\\/dia-de-campo-discute-sobre-a-cafeicultura-sustentavel\\\/#organizationLogo\"},\"image\":{\"@id\":\"https:\\\/\\\/anoticiaonline.com.br\\\/site\\\/dia-de-campo-discute-sobre-a-cafeicultura-sustentavel\\\/#organizationLogo\"}},{\"@type\":\"Person\",\"@id\":\"https:\\\/\\\/anoticiaonline.com.br\\\/site\\\/author\\\/juliana\\\/#author\",\"url\":\"https:\\\/\\\/anoticiaonline.com.br\\\/site\\\/author\\\/juliana\\\/\",\"name\":\"Juliana Laviola\",\"image\":{\"@type\":\"ImageObject\",\"@id\":\"https:\\\/\\\/anoticiaonline.com.br\\\/site\\\/dia-de-campo-discute-sobre-a-cafeicultura-sustentavel\\\/#authorImage\",\"url\":\"https:\\\/\\\/secure.gravatar.com\\\/avatar\\\/b8d45f5c699b100dfaf0e543582f38f38bf94cb7ae3a5e9abf8d891a34773335?s=96&d=mm&r=g\",\"width\":96,\"height\":96,\"caption\":\"Juliana Laviola\"}},{\"@type\":\"WebPage\",\"@id\":\"https:\\\/\\\/anoticiaonline.com.br\\\/site\\\/dia-de-campo-discute-sobre-a-cafeicultura-sustentavel\\\/#webpage\",\"url\":\"https:\\\/\\\/anoticiaonline.com.br\\\/site\\\/dia-de-campo-discute-sobre-a-cafeicultura-sustentavel\\\/\",\"name\":\"Dia de Campo discute sobre a cafeicultura sustent\\u00e1vel - A Not\\u00edcia Online\",\"description\":\"Cafeicultores se reuniram na Fazenda S\\u00e3o Jos\\u00e9, de propriedade de Delto Macedo, localizada no distrito de Pirapanema, na tarde de quarta-feira (13), para aprenderem mais e discutirem sobre os manejos e t\\u00e9cnicas do cultivo do caf\\u00e9. O Dia de Campo foi dividido em tr\\u00eas esta\\u00e7\\u00f5es, nas quais foram abordadas quest\\u00f5es sobre sistema safra zero (um\",\"inLanguage\":\"pt-BR\",\"isPartOf\":{\"@id\":\"https:\\\/\\\/anoticiaonline.com.br\\\/site\\\/#website\"},\"breadcrumb\":{\"@id\":\"https:\\\/\\\/anoticiaonline.com.br\\\/site\\\/dia-de-campo-discute-sobre-a-cafeicultura-sustentavel\\\/#breadcrumblist\"},\"author\":{\"@id\":\"https:\\\/\\\/anoticiaonline.com.br\\\/site\\\/author\\\/juliana\\\/#author\"},\"creator\":{\"@id\":\"https:\\\/\\\/anoticiaonline.com.br\\\/site\\\/author\\\/juliana\\\/#author\"},\"image\":{\"@type\":\"ImageObject\",\"url\":\"https:\\\/\\\/anoticiaonline.com.br\\\/site\\\/wp-content\\\/uploads\\\/2016\\\/04\\\/Dia-de-Campo-discute-sobre-a-cafeicultura-sustent\\u00e1vel.jpg\",\"@id\":\"https:\\\/\\\/anoticiaonline.com.br\\\/site\\\/dia-de-campo-discute-sobre-a-cafeicultura-sustentavel\\\/#mainImage\",\"width\":640,\"height\":382},\"primaryImageOfPage\":{\"@id\":\"https:\\\/\\\/anoticiaonline.com.br\\\/site\\\/dia-de-campo-discute-sobre-a-cafeicultura-sustentavel\\\/#mainImage\"},\"datePublished\":\"2016-04-14T10:14:56-03:00\",\"dateModified\":\"2016-04-14T10:14:56-03:00\"},{\"@type\":\"WebSite\",\"@id\":\"https:\\\/\\\/anoticiaonline.com.br\\\/site\\\/#website\",\"url\":\"https:\\\/\\\/anoticiaonline.com.br\\\/site\\\/\",\"name\":\"A Not\\u00edcia Online\",\"description\":\"Noticias de Muria\\u00e9 e regi\\u00e3o\",\"inLanguage\":\"pt-BR\",\"publisher\":{\"@id\":\"https:\\\/\\\/anoticiaonline.com.br\\\/site\\\/#organization\"}}]}\n\t\t<\/script>\n\t\t<!-- All in One SEO -->\n\n","aioseo_head_json":{"title":"Dia de Campo discute sobre a cafeicultura sustent\u00e1vel - A Not\u00edcia Online","description":"Cafeicultores se reuniram na Fazenda S\u00e3o Jos\u00e9, de propriedade de Delto Macedo, localizada no distrito de Pirapanema, na tarde de quarta-feira (13), para aprenderem mais e discutirem sobre os manejos e t\u00e9cnicas do cultivo do caf\u00e9. O Dia de Campo foi dividido em tr\u00eas esta\u00e7\u00f5es, nas quais foram abordadas quest\u00f5es sobre sistema safra zero (um","canonical_url":"https:\/\/anoticiaonline.com.br\/site\/dia-de-campo-discute-sobre-a-cafeicultura-sustentavel\/","robots":"max-image-preview:large","keywords":"","webmasterTools":{"miscellaneous":""},"schema":{"@context":"https:\/\/schema.org","@graph":[{"@type":"BlogPosting","@id":"https:\/\/anoticiaonline.com.br\/site\/dia-de-campo-discute-sobre-a-cafeicultura-sustentavel\/#blogposting","name":"Dia de Campo discute sobre a cafeicultura sustent\u00e1vel - A Not\u00edcia Online","headline":"Dia de Campo discute sobre a cafeicultura sustent\u00e1vel","author":{"@id":"https:\/\/anoticiaonline.com.br\/site\/author\/juliana\/#author"},"publisher":{"@id":"https:\/\/anoticiaonline.com.br\/site\/#organization"},"image":{"@type":"ImageObject","url":"https:\/\/anoticiaonline.com.br\/site\/wp-content\/uploads\/2016\/04\/Dia-de-Campo-discute-sobre-a-cafeicultura-sustent\u00e1vel.jpg","width":640,"height":382},"datePublished":"2016-04-14T10:14:56-03:00","dateModified":"2016-04-14T10:14:56-03:00","inLanguage":"pt-BR","mainEntityOfPage":{"@id":"https:\/\/anoticiaonline.com.br\/site\/dia-de-campo-discute-sobre-a-cafeicultura-sustentavel\/#webpage"},"isPartOf":{"@id":"https:\/\/anoticiaonline.com.br\/site\/dia-de-campo-discute-sobre-a-cafeicultura-sustentavel\/#webpage"},"articleSection":"Blog, slide"},{"@type":"BreadcrumbList","@id":"https:\/\/anoticiaonline.com.br\/site\/dia-de-campo-discute-sobre-a-cafeicultura-sustentavel\/#breadcrumblist","itemListElement":[{"@type":"ListItem","@id":"https:\/\/anoticiaonline.com.br\/site#listItem","position":1,"name":"Home","item":"https:\/\/anoticiaonline.com.br\/site","nextItem":{"@type":"ListItem","@id":"https:\/\/anoticiaonline.com.br\/site\/categoria\/muriae\/#listItem","name":"Blog"}},{"@type":"ListItem","@id":"https:\/\/anoticiaonline.com.br\/site\/categoria\/muriae\/#listItem","position":2,"name":"Blog","item":"https:\/\/anoticiaonline.com.br\/site\/categoria\/muriae\/","nextItem":{"@type":"ListItem","@id":"https:\/\/anoticiaonline.com.br\/site\/dia-de-campo-discute-sobre-a-cafeicultura-sustentavel\/#listItem","name":"Dia de Campo discute sobre a cafeicultura sustent\u00e1vel"},"previousItem":{"@type":"ListItem","@id":"https:\/\/anoticiaonline.com.br\/site#listItem","name":"Home"}},{"@type":"ListItem","@id":"https:\/\/anoticiaonline.com.br\/site\/dia-de-campo-discute-sobre-a-cafeicultura-sustentavel\/#listItem","position":3,"name":"Dia de Campo discute sobre a cafeicultura sustent\u00e1vel","previousItem":{"@type":"ListItem","@id":"https:\/\/anoticiaonline.com.br\/site\/categoria\/muriae\/#listItem","name":"Blog"}}]},{"@type":"Organization","@id":"https:\/\/anoticiaonline.com.br\/site\/#organization","name":"A Not\u00edcia Online","description":"Noticias de Muria\u00e9 e regi\u00e3o","url":"https:\/\/anoticiaonline.com.br\/site\/","logo":{"@type":"ImageObject","url":"https:\/\/scontent-gig4-1.xx.fbcdn.net\/v\/t39.30808-1\/270437624_4564083193639691_6907940295614233970_n.jpg?stp=dst-jpg_s200x200_tt6&_nc_cat=111&ccb=1-7&_nc_sid=f907e8&_nc_ohc=SM1wRlP3lJwQ7kNvwEPuBYA&_nc_oc=AdnqrjDN_BNjSSHWO-GbkIWH6fkGMLw4bqvL_NH6e2wMveX7G-rP2dAqsDSq1mJMOaY&_nc_zt=24&_nc_ht=scontent-gig4-1.xx&_nc_gid=AoBFJeGrT1hVaew_6rchkQ&oh=00_AfX7QmFGhQhG2jAllVgXCiM1ZrWgvtp80-Bfppyexh1QEg&oe=689E923C","@id":"https:\/\/anoticiaonline.com.br\/site\/dia-de-campo-discute-sobre-a-cafeicultura-sustentavel\/#organizationLogo"},"image":{"@id":"https:\/\/anoticiaonline.com.br\/site\/dia-de-campo-discute-sobre-a-cafeicultura-sustentavel\/#organizationLogo"}},{"@type":"Person","@id":"https:\/\/anoticiaonline.com.br\/site\/author\/juliana\/#author","url":"https:\/\/anoticiaonline.com.br\/site\/author\/juliana\/","name":"Juliana Laviola","image":{"@type":"ImageObject","@id":"https:\/\/anoticiaonline.com.br\/site\/dia-de-campo-discute-sobre-a-cafeicultura-sustentavel\/#authorImage","url":"https:\/\/secure.gravatar.com\/avatar\/b8d45f5c699b100dfaf0e543582f38f38bf94cb7ae3a5e9abf8d891a34773335?s=96&d=mm&r=g","width":96,"height":96,"caption":"Juliana Laviola"}},{"@type":"WebPage","@id":"https:\/\/anoticiaonline.com.br\/site\/dia-de-campo-discute-sobre-a-cafeicultura-sustentavel\/#webpage","url":"https:\/\/anoticiaonline.com.br\/site\/dia-de-campo-discute-sobre-a-cafeicultura-sustentavel\/","name":"Dia de Campo discute sobre a cafeicultura sustent\u00e1vel - A Not\u00edcia Online","description":"Cafeicultores se reuniram na Fazenda S\u00e3o Jos\u00e9, de propriedade de Delto Macedo, localizada no distrito de Pirapanema, na tarde de quarta-feira (13), para aprenderem mais e discutirem sobre os manejos e t\u00e9cnicas do cultivo do caf\u00e9. O Dia de Campo foi dividido em tr\u00eas esta\u00e7\u00f5es, nas quais foram abordadas quest\u00f5es sobre sistema safra zero (um","inLanguage":"pt-BR","isPartOf":{"@id":"https:\/\/anoticiaonline.com.br\/site\/#website"},"breadcrumb":{"@id":"https:\/\/anoticiaonline.com.br\/site\/dia-de-campo-discute-sobre-a-cafeicultura-sustentavel\/#breadcrumblist"},"author":{"@id":"https:\/\/anoticiaonline.com.br\/site\/author\/juliana\/#author"},"creator":{"@id":"https:\/\/anoticiaonline.com.br\/site\/author\/juliana\/#author"},"image":{"@type":"ImageObject","url":"https:\/\/anoticiaonline.com.br\/site\/wp-content\/uploads\/2016\/04\/Dia-de-Campo-discute-sobre-a-cafeicultura-sustent\u00e1vel.jpg","@id":"https:\/\/anoticiaonline.com.br\/site\/dia-de-campo-discute-sobre-a-cafeicultura-sustentavel\/#mainImage","width":640,"height":382},"primaryImageOfPage":{"@id":"https:\/\/anoticiaonline.com.br\/site\/dia-de-campo-discute-sobre-a-cafeicultura-sustentavel\/#mainImage"},"datePublished":"2016-04-14T10:14:56-03:00","dateModified":"2016-04-14T10:14:56-03:00"},{"@type":"WebSite","@id":"https:\/\/anoticiaonline.com.br\/site\/#website","url":"https:\/\/anoticiaonline.com.br\/site\/","name":"A Not\u00edcia Online","description":"Noticias de Muria\u00e9 e regi\u00e3o","inLanguage":"pt-BR","publisher":{"@id":"https:\/\/anoticiaonline.com.br\/site\/#organization"}}]},"og:locale":"pt_BR","og:site_name":"A Not\u00edcia Online - Noticias de Muria\u00e9 e regi\u00e3o","og:type":"article","og:title":"Dia de Campo discute sobre a cafeicultura sustent\u00e1vel - A Not\u00edcia Online","og:description":"Cafeicultores se reuniram na Fazenda S\u00e3o Jos\u00e9, de propriedade de Delto Macedo, localizada no distrito de Pirapanema, na tarde de quarta-feira (13), para aprenderem mais e discutirem sobre os manejos e t\u00e9cnicas do cultivo do caf\u00e9. O Dia de Campo foi dividido em tr\u00eas esta\u00e7\u00f5es, nas quais foram abordadas quest\u00f5es sobre sistema safra zero (um","og:url":"https:\/\/anoticiaonline.com.br\/site\/dia-de-campo-discute-sobre-a-cafeicultura-sustentavel\/","og:image":"https:\/\/scontent-gig4-1.xx.fbcdn.net\/v\/t39.30808-1\/270437624_4564083193639691_6907940295614233970_n.jpg?stp=dst-jpg_s200x200_tt6&#038;_nc_cat=111&#038;ccb=1-7&#038;_nc_sid=f907e8&#038;_nc_ohc=SM1wRlP3lJwQ7kNvwEPuBYA&#038;_nc_oc=AdnqrjDN_BNjSSHWO-GbkIWH6fkGMLw4bqvL_NH6e2wMveX7G-rP2dAqsDSq1mJMOaY&#038;_nc_zt=24&#038;_nc_ht=scontent-gig4-1.xx&#038;_nc_gid=AoBFJeGrT1hVaew_6rchkQ&#038;oh=00_AfX7QmFGhQhG2jAllVgXCiM1ZrWgvtp80-Bfppyexh1QEg&#038;oe=689E923C","og:image:secure_url":"https:\/\/scontent-gig4-1.xx.fbcdn.net\/v\/t39.30808-1\/270437624_4564083193639691_6907940295614233970_n.jpg?stp=dst-jpg_s200x200_tt6&#038;_nc_cat=111&#038;ccb=1-7&#038;_nc_sid=f907e8&#038;_nc_ohc=SM1wRlP3lJwQ7kNvwEPuBYA&#038;_nc_oc=AdnqrjDN_BNjSSHWO-GbkIWH6fkGMLw4bqvL_NH6e2wMveX7G-rP2dAqsDSq1mJMOaY&#038;_nc_zt=24&#038;_nc_ht=scontent-gig4-1.xx&#038;_nc_gid=AoBFJeGrT1hVaew_6rchkQ&#038;oh=00_AfX7QmFGhQhG2jAllVgXCiM1ZrWgvtp80-Bfppyexh1QEg&#038;oe=689E923C","article:published_time":"2016-04-14T13:14:56+00:00","article:modified_time":"2016-04-14T13:14:56+00:00","twitter:card":"summary_large_image","twitter:title":"Dia de Campo discute sobre a cafeicultura sustent\u00e1vel - A Not\u00edcia Online","twitter:description":"Cafeicultores se reuniram na Fazenda S\u00e3o Jos\u00e9, de propriedade de Delto Macedo, localizada no distrito de Pirapanema, na tarde de quarta-feira (13), para aprenderem mais e discutirem sobre os manejos e t\u00e9cnicas do cultivo do caf\u00e9. O Dia de Campo foi dividido em tr\u00eas esta\u00e7\u00f5es, nas quais foram abordadas quest\u00f5es sobre sistema safra zero (um","twitter:image":"https:\/\/scontent-gig4-1.xx.fbcdn.net\/v\/t39.30808-1\/270437624_4564083193639691_6907940295614233970_n.jpg?stp=dst-jpg_s200x200_tt6&_nc_cat=111&ccb=1-7&_nc_sid=f907e8&_nc_ohc=SM1wRlP3lJwQ7kNvwEPuBYA&_nc_oc=AdnqrjDN_BNjSSHWO-GbkIWH6fkGMLw4bqvL_NH6e2wMveX7G-rP2dAqsDSq1mJMOaY&_nc_zt=24&_nc_ht=scontent-gig4-1.xx&_nc_gid=AoBFJeGrT1hVaew_6rchkQ&oh=00_AfX7QmFGhQhG2jAllVgXCiM1ZrWgvtp80-Bfppyexh1QEg&oe=689E923C"},"aioseo_meta_data":{"post_id":"11812","title":null,"description":null,"keywords":null,"keyphrases":null,"primary_term":null,"canonical_url":null,"og_title":null,"og_description":null,"og_object_type":"default","og_image_type":"default","og_image_url":null,"og_image_width":null,"og_image_height":null,"og_image_custom_url":null,"og_image_custom_fields":null,"og_video":null,"og_custom_url":null,"og_article_section":null,"og_article_tags":null,"twitter_use_og":false,"twitter_card":"default","twitter_image_type":"default","twitter_image_url":null,"twitter_image_custom_url":null,"twitter_image_custom_fields":null,"twitter_title":null,"twitter_description":null,"schema":{"blockGraphs":[],"customGraphs":[],"default":{"data":{"Article":[],"Course":[],"Dataset":[],"FAQPage":[],"Movie":[],"Person":[],"Product":[],"ProductReview":[],"Car":[],"Recipe":[],"Service":[],"SoftwareApplication":[],"WebPage":[]},"graphName":"","isEnabled":true},"graphs":[]},"schema_type":"default","schema_type_options":null,"pillar_content":false,"robots_default":true,"robots_noindex":false,"robots_noarchive":false,"robots_nosnippet":false,"robots_nofollow":false,"robots_noimageindex":false,"robots_noodp":false,"robots_notranslate":false,"robots_max_snippet":null,"robots_max_videopreview":null,"robots_max_imagepreview":"large","priority":null,"frequency":null,"local_seo":null,"breadcrumb_settings":null,"limit_modified_date":false,"ai":null,"created":"2025-08-16 15:46:49","updated":"2025-08-16 15:46:49","focus_keyword":null,"additional_keywords":null,"truseo_locale":null,"seo_analyzer_scan_date":null},"aioseo_breadcrumb":"<div class=\"aioseo-breadcrumbs\"><span class=\"aioseo-breadcrumb\">\n\t\t\t<a href=\"https:\/\/anoticiaonline.com.br\/site\" title=\"Home\">Home<\/a>\n\t\t<\/span><span class=\"aioseo-breadcrumb-separator\">&raquo;<\/span><span class=\"aioseo-breadcrumb\">\n\t\t\t<a href=\"https:\/\/anoticiaonline.com.br\/site\/categoria\/muriae\/\" title=\"Blog\">Blog<\/a>\n\t\t<\/span><span class=\"aioseo-breadcrumb-separator\">&raquo;<\/span><span class=\"aioseo-breadcrumb\">\n\t\t\tDia de Campo discute sobre a cafeicultura sustent\u00e1vel\n\t\t<\/span><\/div>","aioseo_breadcrumb_json":[{"label":"Home","link":"https:\/\/anoticiaonline.com.br\/site"},{"label":"Blog","link":"https:\/\/anoticiaonline.com.br\/site\/categoria\/muriae\/"},{"label":"Dia de Campo discute sobre a cafeicultura sustent\u00e1vel","link":"https:\/\/anoticiaonline.com.br\/site\/dia-de-campo-discute-sobre-a-cafeicultura-sustentavel\/"}],"views":135,"_links":{"self":[{"href":"https:\/\/anoticiaonline.com.br\/site\/wp-json\/wp\/v2\/posts\/11812","targetHints":{"allow":["GET"]}}],"collection":[{"href":"https:\/\/anoticiaonline.com.br\/site\/wp-json\/wp\/v2\/posts"}],"about":[{"href":"https:\/\/anoticiaonline.com.br\/site\/wp-json\/wp\/v2\/types\/post"}],"author":[{"embeddable":true,"href":"https:\/\/anoticiaonline.com.br\/site\/wp-json\/wp\/v2\/users\/2"}],"replies":[{"embeddable":true,"href":"https:\/\/anoticiaonline.com.br\/site\/wp-json\/wp\/v2\/comments?post=11812"}],"version-history":[{"count":0,"href":"https:\/\/anoticiaonline.com.br\/site\/wp-json\/wp\/v2\/posts\/11812\/revisions"}],"wp:featuredmedia":[{"embeddable":true,"href":"https:\/\/anoticiaonline.com.br\/site\/wp-json\/wp\/v2\/media\/11813"}],"wp:attachment":[{"href":"https:\/\/anoticiaonline.com.br\/site\/wp-json\/wp\/v2\/media?parent=11812"}],"wp:term":[{"taxonomy":"category","embeddable":true,"href":"https:\/\/anoticiaonline.com.br\/site\/wp-json\/wp\/v2\/categories?post=11812"},{"taxonomy":"post_tag","embeddable":true,"href":"https:\/\/anoticiaonline.com.br\/site\/wp-json\/wp\/v2\/tags?post=11812"}],"curies":[{"name":"wp","href":"https:\/\/api.w.org\/{rel}","templated":true}]}}