{"id":11723,"date":"2016-04-12T09:14:28","date_gmt":"2016-04-12T12:14:28","guid":{"rendered":"http:\/\/anoticiaonline.com.br\/site\/?p=11723"},"modified":"2016-04-12T09:14:28","modified_gmt":"2016-04-12T12:14:28","slug":"morre-ademar-pedrosa-coordenador-do-setor-de-endemias","status":"publish","type":"post","link":"https:\/\/anoticiaonline.com.br\/site\/morre-ademar-pedrosa-coordenador-do-setor-de-endemias\/","title":{"rendered":"Morre Ademar Pedrosa, coordenador do setor de Endemias"},"content":{"rendered":"<figure id=\"attachment_11724\" aria-describedby=\"caption-attachment-11724\" style=\"width: 290px\" class=\"wp-caption alignleft\"><a href=\"https:\/\/anoticiaonline.com.br\/site\/wp-content\/uploads\/2016\/04\/ademar-pedrosa-diretor-de-endemias.jpg\"><img fetchpriority=\"high\" decoding=\"async\" class=\"size-medium wp-image-11724\" src=\"https:\/\/anoticiaonline.com.br\/site\/wp-content\/uploads\/2016\/04\/ademar-pedrosa-diretor-de-endemias-300x225.jpg\" alt=\"Ademar Pedrosa (Foto: Arquivo A NOT\u00cdCIA) \" width=\"300\" height=\"225\" srcset=\"https:\/\/anoticiaonline.com.br\/site\/wp-content\/uploads\/2016\/04\/ademar-pedrosa-diretor-de-endemias-300x225.jpg 300w, https:\/\/anoticiaonline.com.br\/site\/wp-content\/uploads\/2016\/04\/ademar-pedrosa-diretor-de-endemias.jpg 640w\" sizes=\"(max-width: 300px) 100vw, 300px\" \/><\/a><figcaption id=\"caption-attachment-11724\" class=\"wp-caption-text\">Ademar Pedrosa (Foto: Arquivo A NOT\u00cdCIA)<\/figcaption><\/figure>\n<p>Morreu, na noite desta segunda-feira (11), no Hospital S\u00e3o Paulo, o coordenador do setor de Endemias de Muria\u00e9, Ademar Pedrosa Filho, de 66 anos, um morador tradicional do bairro do Porto.<\/p>\n<p>Ademar, que era diab\u00e9tico e havia amputado parte do p\u00e9 h\u00e1 alguns meses, por\u00e9m continuava coordenando o setor de Endemias, estava internado h\u00e1 cerca de 10 dias no HSP, para onde foi levado ap\u00f3s ser atropelado perto de sua casa e onde permaneceu internado at\u00e9 a noite de segunda, quando faleceu.<\/p>\n<p>Ademar deixa esposa, Anfila e os filhos, Ademar Pedrosa e Ana L\u00edvia.<\/p>\n<p>O corpo est\u00e1 sendo velado na capela do Cemit\u00e9rio Municipal de Muria\u00e9, onde ser\u00e1 sepultado \u00e0s 11h.<\/p>\n","protected":false},"excerpt":{"rendered":"<p>Morreu, na noite desta segunda-feira (11), no Hospital S\u00e3o Paulo, o coordenador do setor de Endemias de Muria\u00e9, Ademar Pedrosa Filho, de 66 anos, um morador tradicional do bairro do Porto. Ademar, que era diab\u00e9tico e havia amputado parte do p\u00e9 h\u00e1 alguns meses, por\u00e9m continuava coordenando o setor de Endemias, estava internado h\u00e1 cerca &#8230; <a title=\"Morre Ademar Pedrosa, coordenador do setor de Endemias\" class=\"read-more\" href=\"https:\/\/anoticiaonline.com.br\/site\/morre-ademar-pedrosa-coordenador-do-setor-de-endemias\/\" aria-label=\"Read more about Morre Ademar Pedrosa, coordenador do setor de Endemias\">Ler mais<\/a><\/p>\n","protected":false},"author":2,"featured_media":11724,"comment_status":"open","ping_status":"open","sticky":false,"template":"","format":"standard","meta":{"_acf_changed":false,"_monsterinsights_skip_tracking":false,"footnotes":""},"categories":[30],"tags":[3],"class_list":["post-11723","post","type-post","status-publish","format-standard","has-post-thumbnail","hentry","category-muriae","tag-slide"],"acf":[],"aioseo_notices":[],"aioseo_head":"\n\t\t<!-- All in One SEO 5.0.0.1 - aioseo.com -->\n\t<meta name=\"description\" content=\"Morreu, na noite desta segunda-feira (11), no Hospital S\u00e3o Paulo, o coordenador do setor de Endemias de Muria\u00e9, Ademar Pedrosa Filho, de 66 anos, um morador tradicional do bairro do Porto. Ademar, que era diab\u00e9tico e havia amputado parte do p\u00e9 h\u00e1 alguns meses, por\u00e9m continuava coordenando o setor de Endemias, estava internado h\u00e1 cerca\" \/>\n\t<meta name=\"robots\" content=\"max-image-preview:large\" \/>\n\t<meta name=\"author\" content=\"Juliana Laviola\"\/>\n\t<link rel=\"canonical\" href=\"https:\/\/anoticiaonline.com.br\/site\/morre-ademar-pedrosa-coordenador-do-setor-de-endemias\/\" \/>\n\t<meta name=\"generator\" content=\"All in One SEO (AIOSEO) 5.0.0.1\" \/>\n\t\t<meta property=\"og:locale\" content=\"pt_BR\" \/>\n\t\t<meta property=\"og:site_name\" content=\"A Not\u00edcia Online - Noticias de Muria\u00e9 e regi\u00e3o\" \/>\n\t\t<meta property=\"og:type\" content=\"article\" \/>\n\t\t<meta property=\"og:title\" content=\"Morre Ademar Pedrosa, coordenador do setor de Endemias - A Not\u00edcia Online\" \/>\n\t\t<meta property=\"og:description\" content=\"Morreu, na noite desta segunda-feira (11), no Hospital S\u00e3o Paulo, o coordenador do setor de Endemias de Muria\u00e9, Ademar Pedrosa Filho, de 66 anos, um morador tradicional do bairro do Porto. Ademar, que era diab\u00e9tico e havia amputado parte do p\u00e9 h\u00e1 alguns meses, por\u00e9m continuava coordenando o setor de Endemias, estava internado h\u00e1 cerca\" \/>\n\t\t<meta property=\"og:url\" content=\"https:\/\/anoticiaonline.com.br\/site\/morre-ademar-pedrosa-coordenador-do-setor-de-endemias\/\" \/>\n\t\t<meta property=\"og:image\" content=\"https:\/\/scontent-gig4-1.xx.fbcdn.net\/v\/t39.30808-1\/270437624_4564083193639691_6907940295614233970_n.jpg?stp=dst-jpg_s200x200_tt6&#038;_nc_cat=111&#038;ccb=1-7&#038;_nc_sid=f907e8&#038;_nc_ohc=SM1wRlP3lJwQ7kNvwEPuBYA&#038;_nc_oc=AdnqrjDN_BNjSSHWO-GbkIWH6fkGMLw4bqvL_NH6e2wMveX7G-rP2dAqsDSq1mJMOaY&#038;_nc_zt=24&#038;_nc_ht=scontent-gig4-1.xx&#038;_nc_gid=AoBFJeGrT1hVaew_6rchkQ&#038;oh=00_AfX7QmFGhQhG2jAllVgXCiM1ZrWgvtp80-Bfppyexh1QEg&#038;oe=689E923C\" \/>\n\t\t<meta property=\"og:image:secure_url\" content=\"https:\/\/scontent-gig4-1.xx.fbcdn.net\/v\/t39.30808-1\/270437624_4564083193639691_6907940295614233970_n.jpg?stp=dst-jpg_s200x200_tt6&#038;_nc_cat=111&#038;ccb=1-7&#038;_nc_sid=f907e8&#038;_nc_ohc=SM1wRlP3lJwQ7kNvwEPuBYA&#038;_nc_oc=AdnqrjDN_BNjSSHWO-GbkIWH6fkGMLw4bqvL_NH6e2wMveX7G-rP2dAqsDSq1mJMOaY&#038;_nc_zt=24&#038;_nc_ht=scontent-gig4-1.xx&#038;_nc_gid=AoBFJeGrT1hVaew_6rchkQ&#038;oh=00_AfX7QmFGhQhG2jAllVgXCiM1ZrWgvtp80-Bfppyexh1QEg&#038;oe=689E923C\" \/>\n\t\t<meta property=\"article:published_time\" content=\"2016-04-12T12:14:28+00:00\" \/>\n\t\t<meta property=\"article:modified_time\" content=\"2016-04-12T12:14:28+00:00\" \/>\n\t\t<meta name=\"twitter:card\" content=\"summary_large_image\" \/>\n\t\t<meta name=\"twitter:title\" content=\"Morre Ademar Pedrosa, coordenador do setor de Endemias - A Not\u00edcia Online\" \/>\n\t\t<meta name=\"twitter:description\" content=\"Morreu, na noite desta segunda-feira (11), no Hospital S\u00e3o Paulo, o coordenador do setor de Endemias de Muria\u00e9, Ademar Pedrosa Filho, de 66 anos, um morador tradicional do bairro do Porto. Ademar, que era diab\u00e9tico e havia amputado parte do p\u00e9 h\u00e1 alguns meses, por\u00e9m continuava coordenando o setor de Endemias, estava internado h\u00e1 cerca\" \/>\n\t\t<meta name=\"twitter:image\" content=\"https:\/\/scontent-gig4-1.xx.fbcdn.net\/v\/t39.30808-1\/270437624_4564083193639691_6907940295614233970_n.jpg?stp=dst-jpg_s200x200_tt6&amp;_nc_cat=111&amp;ccb=1-7&amp;_nc_sid=f907e8&amp;_nc_ohc=SM1wRlP3lJwQ7kNvwEPuBYA&amp;_nc_oc=AdnqrjDN_BNjSSHWO-GbkIWH6fkGMLw4bqvL_NH6e2wMveX7G-rP2dAqsDSq1mJMOaY&amp;_nc_zt=24&amp;_nc_ht=scontent-gig4-1.xx&amp;_nc_gid=AoBFJeGrT1hVaew_6rchkQ&amp;oh=00_AfX7QmFGhQhG2jAllVgXCiM1ZrWgvtp80-Bfppyexh1QEg&amp;oe=689E923C\" \/>\n\t\t<script type=\"application\/ld+json\" class=\"aioseo-schema\">\n\t\t\t{\"@context\":\"https:\\\/\\\/schema.org\",\"@graph\":[{\"@type\":\"BlogPosting\",\"@id\":\"https:\\\/\\\/anoticiaonline.com.br\\\/site\\\/morre-ademar-pedrosa-coordenador-do-setor-de-endemias\\\/#blogposting\",\"name\":\"Morre Ademar Pedrosa, coordenador do setor de Endemias - A Not\\u00edcia Online\",\"headline\":\"Morre Ademar Pedrosa, coordenador do setor de Endemias\",\"author\":{\"@id\":\"https:\\\/\\\/anoticiaonline.com.br\\\/site\\\/author\\\/juliana\\\/#author\"},\"publisher\":{\"@id\":\"https:\\\/\\\/anoticiaonline.com.br\\\/site\\\/#organization\"},\"image\":{\"@type\":\"ImageObject\",\"url\":\"https:\\\/\\\/anoticiaonline.com.br\\\/site\\\/wp-content\\\/uploads\\\/2016\\\/04\\\/ademar-pedrosa-diretor-de-endemias.jpg\",\"width\":640,\"height\":480,\"caption\":\"Ademar Pedrosa (Foto: Arquivo A NOT\\u00cdCIA)\"},\"datePublished\":\"2016-04-12T09:14:28-03:00\",\"dateModified\":\"2016-04-12T09:14:28-03:00\",\"inLanguage\":\"pt-BR\",\"mainEntityOfPage\":{\"@id\":\"https:\\\/\\\/anoticiaonline.com.br\\\/site\\\/morre-ademar-pedrosa-coordenador-do-setor-de-endemias\\\/#webpage\"},\"isPartOf\":{\"@id\":\"https:\\\/\\\/anoticiaonline.com.br\\\/site\\\/morre-ademar-pedrosa-coordenador-do-setor-de-endemias\\\/#webpage\"},\"articleSection\":\"Blog, slide\"},{\"@type\":\"BreadcrumbList\",\"@id\":\"https:\\\/\\\/anoticiaonline.com.br\\\/site\\\/morre-ademar-pedrosa-coordenador-do-setor-de-endemias\\\/#breadcrumblist\",\"itemListElement\":[{\"@type\":\"ListItem\",\"@id\":\"https:\\\/\\\/anoticiaonline.com.br\\\/site#listItem\",\"position\":1,\"name\":\"Home\",\"item\":\"https:\\\/\\\/anoticiaonline.com.br\\\/site\",\"nextItem\":{\"@type\":\"ListItem\",\"@id\":\"https:\\\/\\\/anoticiaonline.com.br\\\/site\\\/categoria\\\/muriae\\\/#listItem\",\"name\":\"Blog\"}},{\"@type\":\"ListItem\",\"@id\":\"https:\\\/\\\/anoticiaonline.com.br\\\/site\\\/categoria\\\/muriae\\\/#listItem\",\"position\":2,\"name\":\"Blog\",\"item\":\"https:\\\/\\\/anoticiaonline.com.br\\\/site\\\/categoria\\\/muriae\\\/\",\"nextItem\":{\"@type\":\"ListItem\",\"@id\":\"https:\\\/\\\/anoticiaonline.com.br\\\/site\\\/morre-ademar-pedrosa-coordenador-do-setor-de-endemias\\\/#listItem\",\"name\":\"Morre Ademar Pedrosa, coordenador do setor de Endemias\"},\"previousItem\":{\"@type\":\"ListItem\",\"@id\":\"https:\\\/\\\/anoticiaonline.com.br\\\/site#listItem\",\"name\":\"Home\"}},{\"@type\":\"ListItem\",\"@id\":\"https:\\\/\\\/anoticiaonline.com.br\\\/site\\\/morre-ademar-pedrosa-coordenador-do-setor-de-endemias\\\/#listItem\",\"position\":3,\"name\":\"Morre Ademar Pedrosa, coordenador do setor de Endemias\",\"previousItem\":{\"@type\":\"ListItem\",\"@id\":\"https:\\\/\\\/anoticiaonline.com.br\\\/site\\\/categoria\\\/muriae\\\/#listItem\",\"name\":\"Blog\"}}]},{\"@type\":\"Organization\",\"@id\":\"https:\\\/\\\/anoticiaonline.com.br\\\/site\\\/#organization\",\"name\":\"A Not\\u00edcia Online\",\"description\":\"Noticias de Muria\\u00e9 e regi\\u00e3o\",\"url\":\"https:\\\/\\\/anoticiaonline.com.br\\\/site\\\/\",\"logo\":{\"@type\":\"ImageObject\",\"url\":\"https:\\\/\\\/scontent-gig4-1.xx.fbcdn.net\\\/v\\\/t39.30808-1\\\/270437624_4564083193639691_6907940295614233970_n.jpg?stp=dst-jpg_s200x200_tt6&_nc_cat=111&ccb=1-7&_nc_sid=f907e8&_nc_ohc=SM1wRlP3lJwQ7kNvwEPuBYA&_nc_oc=AdnqrjDN_BNjSSHWO-GbkIWH6fkGMLw4bqvL_NH6e2wMveX7G-rP2dAqsDSq1mJMOaY&_nc_zt=24&_nc_ht=scontent-gig4-1.xx&_nc_gid=AoBFJeGrT1hVaew_6rchkQ&oh=00_AfX7QmFGhQhG2jAllVgXCiM1ZrWgvtp80-Bfppyexh1QEg&oe=689E923C\",\"@id\":\"https:\\\/\\\/anoticiaonline.com.br\\\/site\\\/morre-ademar-pedrosa-coordenador-do-setor-de-endemias\\\/#organizationLogo\"},\"image\":{\"@id\":\"https:\\\/\\\/anoticiaonline.com.br\\\/site\\\/morre-ademar-pedrosa-coordenador-do-setor-de-endemias\\\/#organizationLogo\"}},{\"@type\":\"Person\",\"@id\":\"https:\\\/\\\/anoticiaonline.com.br\\\/site\\\/author\\\/juliana\\\/#author\",\"url\":\"https:\\\/\\\/anoticiaonline.com.br\\\/site\\\/author\\\/juliana\\\/\",\"name\":\"Juliana Laviola\",\"image\":{\"@type\":\"ImageObject\",\"@id\":\"https:\\\/\\\/anoticiaonline.com.br\\\/site\\\/morre-ademar-pedrosa-coordenador-do-setor-de-endemias\\\/#authorImage\",\"url\":\"https:\\\/\\\/secure.gravatar.com\\\/avatar\\\/b8d45f5c699b100dfaf0e543582f38f38bf94cb7ae3a5e9abf8d891a34773335?s=96&d=mm&r=g\",\"width\":96,\"height\":96,\"caption\":\"Juliana Laviola\"}},{\"@type\":\"WebPage\",\"@id\":\"https:\\\/\\\/anoticiaonline.com.br\\\/site\\\/morre-ademar-pedrosa-coordenador-do-setor-de-endemias\\\/#webpage\",\"url\":\"https:\\\/\\\/anoticiaonline.com.br\\\/site\\\/morre-ademar-pedrosa-coordenador-do-setor-de-endemias\\\/\",\"name\":\"Morre Ademar Pedrosa, coordenador do setor de Endemias - A Not\\u00edcia Online\",\"description\":\"Morreu, na noite desta segunda-feira (11), no Hospital S\\u00e3o Paulo, o coordenador do setor de Endemias de Muria\\u00e9, Ademar Pedrosa Filho, de 66 anos, um morador tradicional do bairro do Porto. Ademar, que era diab\\u00e9tico e havia amputado parte do p\\u00e9 h\\u00e1 alguns meses, por\\u00e9m continuava coordenando o setor de Endemias, estava internado h\\u00e1 cerca\",\"inLanguage\":\"pt-BR\",\"isPartOf\":{\"@id\":\"https:\\\/\\\/anoticiaonline.com.br\\\/site\\\/#website\"},\"breadcrumb\":{\"@id\":\"https:\\\/\\\/anoticiaonline.com.br\\\/site\\\/morre-ademar-pedrosa-coordenador-do-setor-de-endemias\\\/#breadcrumblist\"},\"author\":{\"@id\":\"https:\\\/\\\/anoticiaonline.com.br\\\/site\\\/author\\\/juliana\\\/#author\"},\"creator\":{\"@id\":\"https:\\\/\\\/anoticiaonline.com.br\\\/site\\\/author\\\/juliana\\\/#author\"},\"image\":{\"@type\":\"ImageObject\",\"url\":\"https:\\\/\\\/anoticiaonline.com.br\\\/site\\\/wp-content\\\/uploads\\\/2016\\\/04\\\/ademar-pedrosa-diretor-de-endemias.jpg\",\"@id\":\"https:\\\/\\\/anoticiaonline.com.br\\\/site\\\/morre-ademar-pedrosa-coordenador-do-setor-de-endemias\\\/#mainImage\",\"width\":640,\"height\":480,\"caption\":\"Ademar Pedrosa (Foto: Arquivo A NOT\\u00cdCIA)\"},\"primaryImageOfPage\":{\"@id\":\"https:\\\/\\\/anoticiaonline.com.br\\\/site\\\/morre-ademar-pedrosa-coordenador-do-setor-de-endemias\\\/#mainImage\"},\"datePublished\":\"2016-04-12T09:14:28-03:00\",\"dateModified\":\"2016-04-12T09:14:28-03:00\"},{\"@type\":\"WebSite\",\"@id\":\"https:\\\/\\\/anoticiaonline.com.br\\\/site\\\/#website\",\"url\":\"https:\\\/\\\/anoticiaonline.com.br\\\/site\\\/\",\"name\":\"A Not\\u00edcia Online\",\"description\":\"Noticias de Muria\\u00e9 e regi\\u00e3o\",\"inLanguage\":\"pt-BR\",\"publisher\":{\"@id\":\"https:\\\/\\\/anoticiaonline.com.br\\\/site\\\/#organization\"}}]}\n\t\t<\/script>\n\t\t<!-- All in One SEO -->\n\n","aioseo_head_json":{"title":"Morre Ademar Pedrosa, coordenador do setor de Endemias - A Not\u00edcia Online","description":"Morreu, na noite desta segunda-feira (11), no Hospital S\u00e3o Paulo, o coordenador do setor de Endemias de Muria\u00e9, Ademar Pedrosa Filho, de 66 anos, um morador tradicional do bairro do Porto. Ademar, que era diab\u00e9tico e havia amputado parte do p\u00e9 h\u00e1 alguns meses, por\u00e9m continuava coordenando o setor de Endemias, estava internado h\u00e1 cerca","canonical_url":"https:\/\/anoticiaonline.com.br\/site\/morre-ademar-pedrosa-coordenador-do-setor-de-endemias\/","robots":"max-image-preview:large","keywords":"","webmasterTools":{"miscellaneous":""},"schema":{"@context":"https:\/\/schema.org","@graph":[{"@type":"BlogPosting","@id":"https:\/\/anoticiaonline.com.br\/site\/morre-ademar-pedrosa-coordenador-do-setor-de-endemias\/#blogposting","name":"Morre Ademar Pedrosa, coordenador do setor de Endemias - A Not\u00edcia Online","headline":"Morre Ademar Pedrosa, coordenador do setor de Endemias","author":{"@id":"https:\/\/anoticiaonline.com.br\/site\/author\/juliana\/#author"},"publisher":{"@id":"https:\/\/anoticiaonline.com.br\/site\/#organization"},"image":{"@type":"ImageObject","url":"https:\/\/anoticiaonline.com.br\/site\/wp-content\/uploads\/2016\/04\/ademar-pedrosa-diretor-de-endemias.jpg","width":640,"height":480,"caption":"Ademar Pedrosa (Foto: Arquivo A NOT\u00cdCIA)"},"datePublished":"2016-04-12T09:14:28-03:00","dateModified":"2016-04-12T09:14:28-03:00","inLanguage":"pt-BR","mainEntityOfPage":{"@id":"https:\/\/anoticiaonline.com.br\/site\/morre-ademar-pedrosa-coordenador-do-setor-de-endemias\/#webpage"},"isPartOf":{"@id":"https:\/\/anoticiaonline.com.br\/site\/morre-ademar-pedrosa-coordenador-do-setor-de-endemias\/#webpage"},"articleSection":"Blog, slide"},{"@type":"BreadcrumbList","@id":"https:\/\/anoticiaonline.com.br\/site\/morre-ademar-pedrosa-coordenador-do-setor-de-endemias\/#breadcrumblist","itemListElement":[{"@type":"ListItem","@id":"https:\/\/anoticiaonline.com.br\/site#listItem","position":1,"name":"Home","item":"https:\/\/anoticiaonline.com.br\/site","nextItem":{"@type":"ListItem","@id":"https:\/\/anoticiaonline.com.br\/site\/categoria\/muriae\/#listItem","name":"Blog"}},{"@type":"ListItem","@id":"https:\/\/anoticiaonline.com.br\/site\/categoria\/muriae\/#listItem","position":2,"name":"Blog","item":"https:\/\/anoticiaonline.com.br\/site\/categoria\/muriae\/","nextItem":{"@type":"ListItem","@id":"https:\/\/anoticiaonline.com.br\/site\/morre-ademar-pedrosa-coordenador-do-setor-de-endemias\/#listItem","name":"Morre Ademar Pedrosa, coordenador do setor de Endemias"},"previousItem":{"@type":"ListItem","@id":"https:\/\/anoticiaonline.com.br\/site#listItem","name":"Home"}},{"@type":"ListItem","@id":"https:\/\/anoticiaonline.com.br\/site\/morre-ademar-pedrosa-coordenador-do-setor-de-endemias\/#listItem","position":3,"name":"Morre Ademar Pedrosa, coordenador do setor de Endemias","previousItem":{"@type":"ListItem","@id":"https:\/\/anoticiaonline.com.br\/site\/categoria\/muriae\/#listItem","name":"Blog"}}]},{"@type":"Organization","@id":"https:\/\/anoticiaonline.com.br\/site\/#organization","name":"A Not\u00edcia Online","description":"Noticias de Muria\u00e9 e regi\u00e3o","url":"https:\/\/anoticiaonline.com.br\/site\/","logo":{"@type":"ImageObject","url":"https:\/\/scontent-gig4-1.xx.fbcdn.net\/v\/t39.30808-1\/270437624_4564083193639691_6907940295614233970_n.jpg?stp=dst-jpg_s200x200_tt6&_nc_cat=111&ccb=1-7&_nc_sid=f907e8&_nc_ohc=SM1wRlP3lJwQ7kNvwEPuBYA&_nc_oc=AdnqrjDN_BNjSSHWO-GbkIWH6fkGMLw4bqvL_NH6e2wMveX7G-rP2dAqsDSq1mJMOaY&_nc_zt=24&_nc_ht=scontent-gig4-1.xx&_nc_gid=AoBFJeGrT1hVaew_6rchkQ&oh=00_AfX7QmFGhQhG2jAllVgXCiM1ZrWgvtp80-Bfppyexh1QEg&oe=689E923C","@id":"https:\/\/anoticiaonline.com.br\/site\/morre-ademar-pedrosa-coordenador-do-setor-de-endemias\/#organizationLogo"},"image":{"@id":"https:\/\/anoticiaonline.com.br\/site\/morre-ademar-pedrosa-coordenador-do-setor-de-endemias\/#organizationLogo"}},{"@type":"Person","@id":"https:\/\/anoticiaonline.com.br\/site\/author\/juliana\/#author","url":"https:\/\/anoticiaonline.com.br\/site\/author\/juliana\/","name":"Juliana Laviola","image":{"@type":"ImageObject","@id":"https:\/\/anoticiaonline.com.br\/site\/morre-ademar-pedrosa-coordenador-do-setor-de-endemias\/#authorImage","url":"https:\/\/secure.gravatar.com\/avatar\/b8d45f5c699b100dfaf0e543582f38f38bf94cb7ae3a5e9abf8d891a34773335?s=96&d=mm&r=g","width":96,"height":96,"caption":"Juliana Laviola"}},{"@type":"WebPage","@id":"https:\/\/anoticiaonline.com.br\/site\/morre-ademar-pedrosa-coordenador-do-setor-de-endemias\/#webpage","url":"https:\/\/anoticiaonline.com.br\/site\/morre-ademar-pedrosa-coordenador-do-setor-de-endemias\/","name":"Morre Ademar Pedrosa, coordenador do setor de Endemias - A Not\u00edcia Online","description":"Morreu, na noite desta segunda-feira (11), no Hospital S\u00e3o Paulo, o coordenador do setor de Endemias de Muria\u00e9, Ademar Pedrosa Filho, de 66 anos, um morador tradicional do bairro do Porto. Ademar, que era diab\u00e9tico e havia amputado parte do p\u00e9 h\u00e1 alguns meses, por\u00e9m continuava coordenando o setor de Endemias, estava internado h\u00e1 cerca","inLanguage":"pt-BR","isPartOf":{"@id":"https:\/\/anoticiaonline.com.br\/site\/#website"},"breadcrumb":{"@id":"https:\/\/anoticiaonline.com.br\/site\/morre-ademar-pedrosa-coordenador-do-setor-de-endemias\/#breadcrumblist"},"author":{"@id":"https:\/\/anoticiaonline.com.br\/site\/author\/juliana\/#author"},"creator":{"@id":"https:\/\/anoticiaonline.com.br\/site\/author\/juliana\/#author"},"image":{"@type":"ImageObject","url":"https:\/\/anoticiaonline.com.br\/site\/wp-content\/uploads\/2016\/04\/ademar-pedrosa-diretor-de-endemias.jpg","@id":"https:\/\/anoticiaonline.com.br\/site\/morre-ademar-pedrosa-coordenador-do-setor-de-endemias\/#mainImage","width":640,"height":480,"caption":"Ademar Pedrosa (Foto: Arquivo A NOT\u00cdCIA)"},"primaryImageOfPage":{"@id":"https:\/\/anoticiaonline.com.br\/site\/morre-ademar-pedrosa-coordenador-do-setor-de-endemias\/#mainImage"},"datePublished":"2016-04-12T09:14:28-03:00","dateModified":"2016-04-12T09:14:28-03:00"},{"@type":"WebSite","@id":"https:\/\/anoticiaonline.com.br\/site\/#website","url":"https:\/\/anoticiaonline.com.br\/site\/","name":"A Not\u00edcia Online","description":"Noticias de Muria\u00e9 e regi\u00e3o","inLanguage":"pt-BR","publisher":{"@id":"https:\/\/anoticiaonline.com.br\/site\/#organization"}}]},"og:locale":"pt_BR","og:site_name":"A Not\u00edcia Online - Noticias de Muria\u00e9 e regi\u00e3o","og:type":"article","og:title":"Morre Ademar Pedrosa, coordenador do setor de Endemias - A Not\u00edcia Online","og:description":"Morreu, na noite desta segunda-feira (11), no Hospital S\u00e3o Paulo, o coordenador do setor de Endemias de Muria\u00e9, Ademar Pedrosa Filho, de 66 anos, um morador tradicional do bairro do Porto. Ademar, que era diab\u00e9tico e havia amputado parte do p\u00e9 h\u00e1 alguns meses, por\u00e9m continuava coordenando o setor de Endemias, estava internado h\u00e1 cerca","og:url":"https:\/\/anoticiaonline.com.br\/site\/morre-ademar-pedrosa-coordenador-do-setor-de-endemias\/","og:image":"https:\/\/scontent-gig4-1.xx.fbcdn.net\/v\/t39.30808-1\/270437624_4564083193639691_6907940295614233970_n.jpg?stp=dst-jpg_s200x200_tt6&#038;_nc_cat=111&#038;ccb=1-7&#038;_nc_sid=f907e8&#038;_nc_ohc=SM1wRlP3lJwQ7kNvwEPuBYA&#038;_nc_oc=AdnqrjDN_BNjSSHWO-GbkIWH6fkGMLw4bqvL_NH6e2wMveX7G-rP2dAqsDSq1mJMOaY&#038;_nc_zt=24&#038;_nc_ht=scontent-gig4-1.xx&#038;_nc_gid=AoBFJeGrT1hVaew_6rchkQ&#038;oh=00_AfX7QmFGhQhG2jAllVgXCiM1ZrWgvtp80-Bfppyexh1QEg&#038;oe=689E923C","og:image:secure_url":"https:\/\/scontent-gig4-1.xx.fbcdn.net\/v\/t39.30808-1\/270437624_4564083193639691_6907940295614233970_n.jpg?stp=dst-jpg_s200x200_tt6&#038;_nc_cat=111&#038;ccb=1-7&#038;_nc_sid=f907e8&#038;_nc_ohc=SM1wRlP3lJwQ7kNvwEPuBYA&#038;_nc_oc=AdnqrjDN_BNjSSHWO-GbkIWH6fkGMLw4bqvL_NH6e2wMveX7G-rP2dAqsDSq1mJMOaY&#038;_nc_zt=24&#038;_nc_ht=scontent-gig4-1.xx&#038;_nc_gid=AoBFJeGrT1hVaew_6rchkQ&#038;oh=00_AfX7QmFGhQhG2jAllVgXCiM1ZrWgvtp80-Bfppyexh1QEg&#038;oe=689E923C","article:published_time":"2016-04-12T12:14:28+00:00","article:modified_time":"2016-04-12T12:14:28+00:00","twitter:card":"summary_large_image","twitter:title":"Morre Ademar Pedrosa, coordenador do setor de Endemias - A Not\u00edcia Online","twitter:description":"Morreu, na noite desta segunda-feira (11), no Hospital S\u00e3o Paulo, o coordenador do setor de Endemias de Muria\u00e9, Ademar Pedrosa Filho, de 66 anos, um morador tradicional do bairro do Porto. Ademar, que era diab\u00e9tico e havia amputado parte do p\u00e9 h\u00e1 alguns meses, por\u00e9m continuava coordenando o setor de Endemias, estava internado h\u00e1 cerca","twitter:image":"https:\/\/scontent-gig4-1.xx.fbcdn.net\/v\/t39.30808-1\/270437624_4564083193639691_6907940295614233970_n.jpg?stp=dst-jpg_s200x200_tt6&_nc_cat=111&ccb=1-7&_nc_sid=f907e8&_nc_ohc=SM1wRlP3lJwQ7kNvwEPuBYA&_nc_oc=AdnqrjDN_BNjSSHWO-GbkIWH6fkGMLw4bqvL_NH6e2wMveX7G-rP2dAqsDSq1mJMOaY&_nc_zt=24&_nc_ht=scontent-gig4-1.xx&_nc_gid=AoBFJeGrT1hVaew_6rchkQ&oh=00_AfX7QmFGhQhG2jAllVgXCiM1ZrWgvtp80-Bfppyexh1QEg&oe=689E923C"},"aioseo_meta_data":{"post_id":"11723","title":null,"description":null,"keywords":null,"keyphrases":null,"primary_term":null,"canonical_url":null,"og_title":null,"og_description":null,"og_object_type":"default","og_image_type":"default","og_image_url":null,"og_image_width":null,"og_image_height":null,"og_image_custom_url":null,"og_image_custom_fields":null,"og_video":null,"og_custom_url":null,"og_article_section":null,"og_article_tags":null,"twitter_use_og":false,"twitter_card":"default","twitter_image_type":"default","twitter_image_url":null,"twitter_image_custom_url":null,"twitter_image_custom_fields":null,"twitter_title":null,"twitter_description":null,"schema":{"blockGraphs":[],"customGraphs":[],"default":{"data":{"Article":[],"Course":[],"Dataset":[],"FAQPage":[],"Movie":[],"Person":[],"Product":[],"ProductReview":[],"Car":[],"Recipe":[],"Service":[],"SoftwareApplication":[],"WebPage":[]},"graphName":"","isEnabled":true},"graphs":[]},"schema_type":"default","schema_type_options":null,"pillar_content":false,"robots_default":true,"robots_noindex":false,"robots_noarchive":false,"robots_nosnippet":false,"robots_nofollow":false,"robots_noimageindex":false,"robots_noodp":false,"robots_notranslate":false,"robots_max_snippet":null,"robots_max_videopreview":null,"robots_max_imagepreview":"large","priority":null,"frequency":null,"local_seo":null,"breadcrumb_settings":null,"limit_modified_date":false,"ai":null,"created":"2025-08-16 15:45:44","updated":"2025-08-16 15:45:44","focus_keyword":null,"additional_keywords":null,"truseo_locale":null,"seo_analyzer_scan_date":null},"aioseo_breadcrumb":"<div class=\"aioseo-breadcrumbs\"><span class=\"aioseo-breadcrumb\">\n\t\t\t<a href=\"https:\/\/anoticiaonline.com.br\/site\" title=\"Home\">Home<\/a>\n\t\t<\/span><span class=\"aioseo-breadcrumb-separator\">&raquo;<\/span><span class=\"aioseo-breadcrumb\">\n\t\t\t<a href=\"https:\/\/anoticiaonline.com.br\/site\/categoria\/muriae\/\" title=\"Blog\">Blog<\/a>\n\t\t<\/span><span class=\"aioseo-breadcrumb-separator\">&raquo;<\/span><span class=\"aioseo-breadcrumb\">\n\t\t\tMorre Ademar Pedrosa, coordenador do setor de Endemias\n\t\t<\/span><\/div>","aioseo_breadcrumb_json":[{"label":"Home","link":"https:\/\/anoticiaonline.com.br\/site"},{"label":"Blog","link":"https:\/\/anoticiaonline.com.br\/site\/categoria\/muriae\/"},{"label":"Morre Ademar Pedrosa, coordenador do setor de Endemias","link":"https:\/\/anoticiaonline.com.br\/site\/morre-ademar-pedrosa-coordenador-do-setor-de-endemias\/"}],"views":163,"_links":{"self":[{"href":"https:\/\/anoticiaonline.com.br\/site\/wp-json\/wp\/v2\/posts\/11723","targetHints":{"allow":["GET"]}}],"collection":[{"href":"https:\/\/anoticiaonline.com.br\/site\/wp-json\/wp\/v2\/posts"}],"about":[{"href":"https:\/\/anoticiaonline.com.br\/site\/wp-json\/wp\/v2\/types\/post"}],"author":[{"embeddable":true,"href":"https:\/\/anoticiaonline.com.br\/site\/wp-json\/wp\/v2\/users\/2"}],"replies":[{"embeddable":true,"href":"https:\/\/anoticiaonline.com.br\/site\/wp-json\/wp\/v2\/comments?post=11723"}],"version-history":[{"count":0,"href":"https:\/\/anoticiaonline.com.br\/site\/wp-json\/wp\/v2\/posts\/11723\/revisions"}],"wp:featuredmedia":[{"embeddable":true,"href":"https:\/\/anoticiaonline.com.br\/site\/wp-json\/wp\/v2\/media\/11724"}],"wp:attachment":[{"href":"https:\/\/anoticiaonline.com.br\/site\/wp-json\/wp\/v2\/media?parent=11723"}],"wp:term":[{"taxonomy":"category","embeddable":true,"href":"https:\/\/anoticiaonline.com.br\/site\/wp-json\/wp\/v2\/categories?post=11723"},{"taxonomy":"post_tag","embeddable":true,"href":"https:\/\/anoticiaonline.com.br\/site\/wp-json\/wp\/v2\/tags?post=11723"}],"curies":[{"name":"wp","href":"https:\/\/api.w.org\/{rel}","templated":true}]}}