{"id":11594,"date":"2016-04-07T17:35:40","date_gmt":"2016-04-07T20:35:40","guid":{"rendered":"http:\/\/anoticiaonline.com.br\/site\/?p=11594"},"modified":"2016-04-07T17:35:40","modified_gmt":"2016-04-07T20:35:40","slug":"a-retorica-falida","status":"publish","type":"post","link":"https:\/\/anoticiaonline.com.br\/site\/a-retorica-falida\/","title":{"rendered":"A ret\u00f3rica falida"},"content":{"rendered":"<p>Caio T\u00falio C\u00edcero, um dos maiores advogados e oradores romanos, disse certa vez que \u201cn\u00e3o \u00e9 importante que a raz\u00e3o esteja do seu lado, o importante \u00e9 que voc\u00ea tenha uma ret\u00f3rica e uma orat\u00f3ria tais que fa\u00e7am parecer que a raz\u00e3o est\u00e1 do seu lado\u201d. Muitos advogados t\u00eam usado desse artif\u00edcio no exerc\u00edcio da sua profiss\u00e3o e muitos conseguem atingir o seu objetivo.<\/p>\n<p>O advogado-geral da Uni\u00e3o, Jos\u00e9 Eduardo Cardozo, bem que tentou esse artif\u00edcio ao defender a Dilma do impeachment, na C\u00e2mara Federal. Mas ele n\u00e3o \u00e9 um C\u00edcero e est\u00e1 muito longe de s\u00ea-lo. N\u00e3o teve nem ret\u00f3rica nem orat\u00f3ria suficientes para tentar enfiar, goela abaixo, o fraqu\u00edssimo argumento em favor da Dilma.<\/p>\n<p>Jos\u00e9 Eduardo Cardozo formou-se em Direito na Pontif\u00edcia Universidade Cat\u00f3lica de S\u00e3o Paulo e fez o seu nome, quando vereador do munic\u00edpio de S\u00e3o Paulo, trabalhando pelo impeachment do prefeito Celso Pita (o que n\u00e3o conseguiu) e depois como presidente da CPI da m\u00e1fia dos fiscais, que resultou na cassa\u00e7\u00e3o de mandato de tr\u00eas parlamentares. Acumula muitas incoer\u00eancias, como por exemplo: sempre foi favor\u00e1vel ao desarmamento da popula\u00e7\u00e3o e contra a redu\u00e7\u00e3o da maioridade penal, mas para a prote\u00e7\u00e3o da sua fam\u00edlia e a sua pr\u00f3pria, conta com uma escolta da Pol\u00edcia Federal paga, \u00e9 claro, pelos cofres p\u00fablicos.<\/p>\n<p>Mas o m\u00e1ximo foi a sua representa\u00e7\u00e3o histri\u00f4nica na C\u00e2mara Federal, para fazer a defesa do indefens\u00e1vel, que \u00e9 o mandato da Dilma. Primeiro afirmou que n\u00e3o poderiam constar do processo fatos anteriores a 2015, como se os abusos da m\u00e1quina administrativa para vencer as elei\u00e7\u00f5es n\u00e3o fossem crimes e n\u00e3o se constitu\u00edssem como estelionato eleitoral. Depois teve a ousadia e a insensatez de dizer que nos epis\u00f3dios das \u201cpedaladas\u201d, a Dilma assinou depois que a equipe t\u00e9cnica do governo aprovou e que, por isso, n\u00e3o podia ser responsabilizada. Ela agiu de boa f\u00e9, gente&#8230;! Depois, o advogado da Uni\u00e3o disse que o pedido de impeachment \u201cfoi um ato de vingan\u00e7a do Presidente da C\u00e2mara, Eduardo Cunha\u201d. Ora, ora, o Dr. Cardozo ignora o clamor popular de mais de 6 milh\u00f5es de pessoas que foram \u00e0s ruas em todo o pa\u00eds pedindo o impeachment da presidente Dilma e a investiga\u00e7\u00e3o sobre as maracutaias do Lula e do lulopetismo.<\/p>\n<p>O povo exige o prosseguimento das investiga\u00e7\u00f5es do juiz S\u00e9rgio Moro e a pris\u00e3o de todos os envolvidos, sejam de quais partidos forem. Essa \u00e9 a hora de iniciarmos a moraliza\u00e7\u00e3o das nossas institui\u00e7\u00f5es e passarmos a limpo o nosso Brasil. Somos hoje uma vergonha internacional por culpa de uma gang que se instalou tanto no poder pol\u00edtico como no poder econ\u00f4mico. Corruptos e corruptores compondo a \u201cSinfonia da Imoralidade\u201d, enquanto a popula\u00e7\u00e3o amarga em filas de hospitais, a educa\u00e7\u00e3o perde os \u00faltimos resqu\u00edcios de qualidade, o desemprego atinge quase dez milh\u00f5es de pessoas, a recess\u00e3o se acentua e a infla\u00e7\u00e3o corr\u00f3i os sal\u00e1rios.<\/p>\n<p>Eu n\u00e3o queria ter necessidade de escrever sobre esses assuntos. Queria continuar escrevendo as minhas cr\u00f4nicas sobre temas que afagassem a alma das pessoas. Mas em um momento desses, n\u00e3o podemos deixar de empunhar a bandeira da moralidade.<\/p>\n<p>Mas, honestamente, eu me sinto mal em escrever sobre todas essas bandalheiras que enlameiam o nosso pa\u00eds. E sabe o que mais d\u00f3i? \u00c9 perceber que, saindo a Dilma, o vice Michel Temer tamb\u00e9m tem acusa\u00e7\u00f5es contra ele e que ser\u00e3o, por certo, apuradas, o presidente da C\u00e2mara, Eduardo Cunha, tamb\u00e9m tem culpas no cart\u00f3rio e o presidente do Senado, o senhor Renan\u00a0 Calheiros, tamb\u00e9m. Ser\u00e1 que saindo essa turma vamos ter que importar algu\u00e9m de outro pa\u00eds para dirigir o nosso Brasil&#8230;?<\/p>\n","protected":false},"excerpt":{"rendered":"<p>Caio T\u00falio C\u00edcero, um dos maiores advogados e oradores romanos, disse certa vez que \u201cn\u00e3o \u00e9 importante que a raz\u00e3o esteja do seu lado, o importante \u00e9 que voc\u00ea tenha uma ret\u00f3rica e uma orat\u00f3ria tais que fa\u00e7am parecer que a raz\u00e3o est\u00e1 do seu lado\u201d. Muitos advogados t\u00eam usado desse artif\u00edcio no exerc\u00edcio da &#8230; <a title=\"A ret\u00f3rica falida\" class=\"read-more\" href=\"https:\/\/anoticiaonline.com.br\/site\/a-retorica-falida\/\" aria-label=\"Read more about A ret\u00f3rica falida\">Ler mais<\/a><\/p>\n","protected":false},"author":2,"featured_media":0,"comment_status":"open","ping_status":"open","sticky":false,"template":"","format":"standard","meta":{"_acf_changed":false,"_monsterinsights_skip_tracking":false,"footnotes":""},"categories":[36],"tags":[],"class_list":["post-11594","post","type-post","status-publish","format-standard","hentry","category-logos-adellunar-marge"],"acf":[],"aioseo_notices":[],"aioseo_head":"\n\t\t<!-- All in One SEO 5.0.0.1 - aioseo.com -->\n\t<meta name=\"description\" content=\"Caio T\u00falio C\u00edcero, um dos maiores advogados e oradores romanos, disse certa vez que \u201cn\u00e3o \u00e9 importante que a raz\u00e3o esteja do seu lado, o importante \u00e9 que voc\u00ea tenha uma ret\u00f3rica e uma orat\u00f3ria tais que fa\u00e7am parecer que a raz\u00e3o est\u00e1 do seu lado\u201d. Muitos advogados t\u00eam usado desse artif\u00edcio no exerc\u00edcio da\" \/>\n\t<meta name=\"robots\" content=\"max-image-preview:large\" \/>\n\t<meta name=\"author\" content=\"Juliana Laviola\"\/>\n\t<link rel=\"canonical\" href=\"https:\/\/anoticiaonline.com.br\/site\/a-retorica-falida\/\" \/>\n\t<meta name=\"generator\" content=\"All in One SEO (AIOSEO) 5.0.0.1\" \/>\n\t\t<meta property=\"og:locale\" content=\"pt_BR\" \/>\n\t\t<meta property=\"og:site_name\" content=\"A Not\u00edcia Online - Noticias de Muria\u00e9 e regi\u00e3o\" \/>\n\t\t<meta property=\"og:type\" content=\"article\" \/>\n\t\t<meta property=\"og:title\" content=\"A ret\u00f3rica falida - A Not\u00edcia Online\" \/>\n\t\t<meta property=\"og:description\" content=\"Caio T\u00falio C\u00edcero, um dos maiores advogados e oradores romanos, disse certa vez que \u201cn\u00e3o \u00e9 importante que a raz\u00e3o esteja do seu lado, o importante \u00e9 que voc\u00ea tenha uma ret\u00f3rica e uma orat\u00f3ria tais que fa\u00e7am parecer que a raz\u00e3o est\u00e1 do seu lado\u201d. Muitos advogados t\u00eam usado desse artif\u00edcio no exerc\u00edcio da\" \/>\n\t\t<meta property=\"og:url\" content=\"https:\/\/anoticiaonline.com.br\/site\/a-retorica-falida\/\" \/>\n\t\t<meta property=\"og:image\" content=\"https:\/\/scontent-gig4-1.xx.fbcdn.net\/v\/t39.30808-1\/270437624_4564083193639691_6907940295614233970_n.jpg?stp=dst-jpg_s200x200_tt6&#038;_nc_cat=111&#038;ccb=1-7&#038;_nc_sid=f907e8&#038;_nc_ohc=SM1wRlP3lJwQ7kNvwEPuBYA&#038;_nc_oc=AdnqrjDN_BNjSSHWO-GbkIWH6fkGMLw4bqvL_NH6e2wMveX7G-rP2dAqsDSq1mJMOaY&#038;_nc_zt=24&#038;_nc_ht=scontent-gig4-1.xx&#038;_nc_gid=AoBFJeGrT1hVaew_6rchkQ&#038;oh=00_AfX7QmFGhQhG2jAllVgXCiM1ZrWgvtp80-Bfppyexh1QEg&#038;oe=689E923C\" \/>\n\t\t<meta property=\"og:image:secure_url\" content=\"https:\/\/scontent-gig4-1.xx.fbcdn.net\/v\/t39.30808-1\/270437624_4564083193639691_6907940295614233970_n.jpg?stp=dst-jpg_s200x200_tt6&#038;_nc_cat=111&#038;ccb=1-7&#038;_nc_sid=f907e8&#038;_nc_ohc=SM1wRlP3lJwQ7kNvwEPuBYA&#038;_nc_oc=AdnqrjDN_BNjSSHWO-GbkIWH6fkGMLw4bqvL_NH6e2wMveX7G-rP2dAqsDSq1mJMOaY&#038;_nc_zt=24&#038;_nc_ht=scontent-gig4-1.xx&#038;_nc_gid=AoBFJeGrT1hVaew_6rchkQ&#038;oh=00_AfX7QmFGhQhG2jAllVgXCiM1ZrWgvtp80-Bfppyexh1QEg&#038;oe=689E923C\" \/>\n\t\t<meta property=\"article:published_time\" content=\"2016-04-07T20:35:40+00:00\" \/>\n\t\t<meta property=\"article:modified_time\" content=\"2016-04-07T20:35:40+00:00\" \/>\n\t\t<meta name=\"twitter:card\" content=\"summary_large_image\" \/>\n\t\t<meta name=\"twitter:title\" content=\"A ret\u00f3rica falida - A Not\u00edcia Online\" \/>\n\t\t<meta name=\"twitter:description\" content=\"Caio T\u00falio C\u00edcero, um dos maiores advogados e oradores romanos, disse certa vez que \u201cn\u00e3o \u00e9 importante que a raz\u00e3o esteja do seu lado, o importante \u00e9 que voc\u00ea tenha uma ret\u00f3rica e uma orat\u00f3ria tais que fa\u00e7am parecer que a raz\u00e3o est\u00e1 do seu lado\u201d. Muitos advogados t\u00eam usado desse artif\u00edcio no exerc\u00edcio da\" \/>\n\t\t<meta name=\"twitter:image\" content=\"https:\/\/scontent-gig4-1.xx.fbcdn.net\/v\/t39.30808-1\/270437624_4564083193639691_6907940295614233970_n.jpg?stp=dst-jpg_s200x200_tt6&amp;_nc_cat=111&amp;ccb=1-7&amp;_nc_sid=f907e8&amp;_nc_ohc=SM1wRlP3lJwQ7kNvwEPuBYA&amp;_nc_oc=AdnqrjDN_BNjSSHWO-GbkIWH6fkGMLw4bqvL_NH6e2wMveX7G-rP2dAqsDSq1mJMOaY&amp;_nc_zt=24&amp;_nc_ht=scontent-gig4-1.xx&amp;_nc_gid=AoBFJeGrT1hVaew_6rchkQ&amp;oh=00_AfX7QmFGhQhG2jAllVgXCiM1ZrWgvtp80-Bfppyexh1QEg&amp;oe=689E923C\" \/>\n\t\t<script type=\"application\/ld+json\" class=\"aioseo-schema\">\n\t\t\t{\"@context\":\"https:\\\/\\\/schema.org\",\"@graph\":[{\"@type\":\"BlogPosting\",\"@id\":\"https:\\\/\\\/anoticiaonline.com.br\\\/site\\\/a-retorica-falida\\\/#blogposting\",\"name\":\"A ret\\u00f3rica falida - A Not\\u00edcia Online\",\"headline\":\"A ret\\u00f3rica falida\",\"author\":{\"@id\":\"https:\\\/\\\/anoticiaonline.com.br\\\/site\\\/author\\\/juliana\\\/#author\"},\"publisher\":{\"@id\":\"https:\\\/\\\/anoticiaonline.com.br\\\/site\\\/#organization\"},\"image\":{\"@type\":\"ImageObject\",\"url\":\"https:\\\/\\\/scontent-gig4-1.xx.fbcdn.net\\\/v\\\/t39.30808-1\\\/270437624_4564083193639691_6907940295614233970_n.jpg?stp=dst-jpg_s200x200_tt6&_nc_cat=111&ccb=1-7&_nc_sid=f907e8&_nc_ohc=SM1wRlP3lJwQ7kNvwEPuBYA&_nc_oc=AdnqrjDN_BNjSSHWO-GbkIWH6fkGMLw4bqvL_NH6e2wMveX7G-rP2dAqsDSq1mJMOaY&_nc_zt=24&_nc_ht=scontent-gig4-1.xx&_nc_gid=AoBFJeGrT1hVaew_6rchkQ&oh=00_AfX7QmFGhQhG2jAllVgXCiM1ZrWgvtp80-Bfppyexh1QEg&oe=689E923C\",\"@id\":\"https:\\\/\\\/anoticiaonline.com.br\\\/site\\\/#articleImage\"},\"datePublished\":\"2016-04-07T17:35:40-03:00\",\"dateModified\":\"2016-04-07T17:35:40-03:00\",\"inLanguage\":\"pt-BR\",\"mainEntityOfPage\":{\"@id\":\"https:\\\/\\\/anoticiaonline.com.br\\\/site\\\/a-retorica-falida\\\/#webpage\"},\"isPartOf\":{\"@id\":\"https:\\\/\\\/anoticiaonline.com.br\\\/site\\\/a-retorica-falida\\\/#webpage\"},\"articleSection\":\"Logos - Adellunar Marge\"},{\"@type\":\"BreadcrumbList\",\"@id\":\"https:\\\/\\\/anoticiaonline.com.br\\\/site\\\/a-retorica-falida\\\/#breadcrumblist\",\"itemListElement\":[{\"@type\":\"ListItem\",\"@id\":\"https:\\\/\\\/anoticiaonline.com.br\\\/site#listItem\",\"position\":1,\"name\":\"Home\",\"item\":\"https:\\\/\\\/anoticiaonline.com.br\\\/site\",\"nextItem\":{\"@type\":\"ListItem\",\"@id\":\"https:\\\/\\\/anoticiaonline.com.br\\\/site\\\/categoria\\\/colunistas\\\/#listItem\",\"name\":\"Colunistas\"}},{\"@type\":\"ListItem\",\"@id\":\"https:\\\/\\\/anoticiaonline.com.br\\\/site\\\/categoria\\\/colunistas\\\/#listItem\",\"position\":2,\"name\":\"Colunistas\",\"item\":\"https:\\\/\\\/anoticiaonline.com.br\\\/site\\\/categoria\\\/colunistas\\\/\",\"nextItem\":{\"@type\":\"ListItem\",\"@id\":\"https:\\\/\\\/anoticiaonline.com.br\\\/site\\\/categoria\\\/colunistas\\\/logos-adellunar-marge\\\/#listItem\",\"name\":\"Logos - Adellunar Marge\"},\"previousItem\":{\"@type\":\"ListItem\",\"@id\":\"https:\\\/\\\/anoticiaonline.com.br\\\/site#listItem\",\"name\":\"Home\"}},{\"@type\":\"ListItem\",\"@id\":\"https:\\\/\\\/anoticiaonline.com.br\\\/site\\\/categoria\\\/colunistas\\\/logos-adellunar-marge\\\/#listItem\",\"position\":3,\"name\":\"Logos - Adellunar Marge\",\"item\":\"https:\\\/\\\/anoticiaonline.com.br\\\/site\\\/categoria\\\/colunistas\\\/logos-adellunar-marge\\\/\",\"nextItem\":{\"@type\":\"ListItem\",\"@id\":\"https:\\\/\\\/anoticiaonline.com.br\\\/site\\\/a-retorica-falida\\\/#listItem\",\"name\":\"A ret\\u00f3rica falida\"},\"previousItem\":{\"@type\":\"ListItem\",\"@id\":\"https:\\\/\\\/anoticiaonline.com.br\\\/site\\\/categoria\\\/colunistas\\\/#listItem\",\"name\":\"Colunistas\"}},{\"@type\":\"ListItem\",\"@id\":\"https:\\\/\\\/anoticiaonline.com.br\\\/site\\\/a-retorica-falida\\\/#listItem\",\"position\":4,\"name\":\"A ret\\u00f3rica falida\",\"previousItem\":{\"@type\":\"ListItem\",\"@id\":\"https:\\\/\\\/anoticiaonline.com.br\\\/site\\\/categoria\\\/colunistas\\\/logos-adellunar-marge\\\/#listItem\",\"name\":\"Logos - Adellunar Marge\"}}]},{\"@type\":\"Organization\",\"@id\":\"https:\\\/\\\/anoticiaonline.com.br\\\/site\\\/#organization\",\"name\":\"A Not\\u00edcia Online\",\"description\":\"Noticias de Muria\\u00e9 e regi\\u00e3o\",\"url\":\"https:\\\/\\\/anoticiaonline.com.br\\\/site\\\/\",\"logo\":{\"@type\":\"ImageObject\",\"url\":\"https:\\\/\\\/scontent-gig4-1.xx.fbcdn.net\\\/v\\\/t39.30808-1\\\/270437624_4564083193639691_6907940295614233970_n.jpg?stp=dst-jpg_s200x200_tt6&_nc_cat=111&ccb=1-7&_nc_sid=f907e8&_nc_ohc=SM1wRlP3lJwQ7kNvwEPuBYA&_nc_oc=AdnqrjDN_BNjSSHWO-GbkIWH6fkGMLw4bqvL_NH6e2wMveX7G-rP2dAqsDSq1mJMOaY&_nc_zt=24&_nc_ht=scontent-gig4-1.xx&_nc_gid=AoBFJeGrT1hVaew_6rchkQ&oh=00_AfX7QmFGhQhG2jAllVgXCiM1ZrWgvtp80-Bfppyexh1QEg&oe=689E923C\",\"@id\":\"https:\\\/\\\/anoticiaonline.com.br\\\/site\\\/a-retorica-falida\\\/#organizationLogo\"},\"image\":{\"@id\":\"https:\\\/\\\/anoticiaonline.com.br\\\/site\\\/a-retorica-falida\\\/#organizationLogo\"}},{\"@type\":\"Person\",\"@id\":\"https:\\\/\\\/anoticiaonline.com.br\\\/site\\\/author\\\/juliana\\\/#author\",\"url\":\"https:\\\/\\\/anoticiaonline.com.br\\\/site\\\/author\\\/juliana\\\/\",\"name\":\"Juliana Laviola\",\"image\":{\"@type\":\"ImageObject\",\"@id\":\"https:\\\/\\\/anoticiaonline.com.br\\\/site\\\/a-retorica-falida\\\/#authorImage\",\"url\":\"https:\\\/\\\/secure.gravatar.com\\\/avatar\\\/b8d45f5c699b100dfaf0e543582f38f38bf94cb7ae3a5e9abf8d891a34773335?s=96&d=mm&r=g\",\"width\":96,\"height\":96,\"caption\":\"Juliana Laviola\"}},{\"@type\":\"WebPage\",\"@id\":\"https:\\\/\\\/anoticiaonline.com.br\\\/site\\\/a-retorica-falida\\\/#webpage\",\"url\":\"https:\\\/\\\/anoticiaonline.com.br\\\/site\\\/a-retorica-falida\\\/\",\"name\":\"A ret\\u00f3rica falida - A Not\\u00edcia Online\",\"description\":\"Caio T\\u00falio C\\u00edcero, um dos maiores advogados e oradores romanos, disse certa vez que \\u201cn\\u00e3o \\u00e9 importante que a raz\\u00e3o esteja do seu lado, o importante \\u00e9 que voc\\u00ea tenha uma ret\\u00f3rica e uma orat\\u00f3ria tais que fa\\u00e7am parecer que a raz\\u00e3o est\\u00e1 do seu lado\\u201d. Muitos advogados t\\u00eam usado desse artif\\u00edcio no exerc\\u00edcio da\",\"inLanguage\":\"pt-BR\",\"isPartOf\":{\"@id\":\"https:\\\/\\\/anoticiaonline.com.br\\\/site\\\/#website\"},\"breadcrumb\":{\"@id\":\"https:\\\/\\\/anoticiaonline.com.br\\\/site\\\/a-retorica-falida\\\/#breadcrumblist\"},\"author\":{\"@id\":\"https:\\\/\\\/anoticiaonline.com.br\\\/site\\\/author\\\/juliana\\\/#author\"},\"creator\":{\"@id\":\"https:\\\/\\\/anoticiaonline.com.br\\\/site\\\/author\\\/juliana\\\/#author\"},\"datePublished\":\"2016-04-07T17:35:40-03:00\",\"dateModified\":\"2016-04-07T17:35:40-03:00\"},{\"@type\":\"WebSite\",\"@id\":\"https:\\\/\\\/anoticiaonline.com.br\\\/site\\\/#website\",\"url\":\"https:\\\/\\\/anoticiaonline.com.br\\\/site\\\/\",\"name\":\"A Not\\u00edcia Online\",\"description\":\"Noticias de Muria\\u00e9 e regi\\u00e3o\",\"inLanguage\":\"pt-BR\",\"publisher\":{\"@id\":\"https:\\\/\\\/anoticiaonline.com.br\\\/site\\\/#organization\"}}]}\n\t\t<\/script>\n\t\t<!-- All in One SEO -->\n\n","aioseo_head_json":{"title":"A ret\u00f3rica falida - A Not\u00edcia Online","description":"Caio T\u00falio C\u00edcero, um dos maiores advogados e oradores romanos, disse certa vez que \u201cn\u00e3o \u00e9 importante que a raz\u00e3o esteja do seu lado, o importante \u00e9 que voc\u00ea tenha uma ret\u00f3rica e uma orat\u00f3ria tais que fa\u00e7am parecer que a raz\u00e3o est\u00e1 do seu lado\u201d. Muitos advogados t\u00eam usado desse artif\u00edcio no exerc\u00edcio da","canonical_url":"https:\/\/anoticiaonline.com.br\/site\/a-retorica-falida\/","robots":"max-image-preview:large","keywords":"","webmasterTools":{"miscellaneous":""},"schema":{"@context":"https:\/\/schema.org","@graph":[{"@type":"BlogPosting","@id":"https:\/\/anoticiaonline.com.br\/site\/a-retorica-falida\/#blogposting","name":"A ret\u00f3rica falida - A Not\u00edcia Online","headline":"A ret\u00f3rica falida","author":{"@id":"https:\/\/anoticiaonline.com.br\/site\/author\/juliana\/#author"},"publisher":{"@id":"https:\/\/anoticiaonline.com.br\/site\/#organization"},"image":{"@type":"ImageObject","url":"https:\/\/scontent-gig4-1.xx.fbcdn.net\/v\/t39.30808-1\/270437624_4564083193639691_6907940295614233970_n.jpg?stp=dst-jpg_s200x200_tt6&_nc_cat=111&ccb=1-7&_nc_sid=f907e8&_nc_ohc=SM1wRlP3lJwQ7kNvwEPuBYA&_nc_oc=AdnqrjDN_BNjSSHWO-GbkIWH6fkGMLw4bqvL_NH6e2wMveX7G-rP2dAqsDSq1mJMOaY&_nc_zt=24&_nc_ht=scontent-gig4-1.xx&_nc_gid=AoBFJeGrT1hVaew_6rchkQ&oh=00_AfX7QmFGhQhG2jAllVgXCiM1ZrWgvtp80-Bfppyexh1QEg&oe=689E923C","@id":"https:\/\/anoticiaonline.com.br\/site\/#articleImage"},"datePublished":"2016-04-07T17:35:40-03:00","dateModified":"2016-04-07T17:35:40-03:00","inLanguage":"pt-BR","mainEntityOfPage":{"@id":"https:\/\/anoticiaonline.com.br\/site\/a-retorica-falida\/#webpage"},"isPartOf":{"@id":"https:\/\/anoticiaonline.com.br\/site\/a-retorica-falida\/#webpage"},"articleSection":"Logos - Adellunar Marge"},{"@type":"BreadcrumbList","@id":"https:\/\/anoticiaonline.com.br\/site\/a-retorica-falida\/#breadcrumblist","itemListElement":[{"@type":"ListItem","@id":"https:\/\/anoticiaonline.com.br\/site#listItem","position":1,"name":"Home","item":"https:\/\/anoticiaonline.com.br\/site","nextItem":{"@type":"ListItem","@id":"https:\/\/anoticiaonline.com.br\/site\/categoria\/colunistas\/#listItem","name":"Colunistas"}},{"@type":"ListItem","@id":"https:\/\/anoticiaonline.com.br\/site\/categoria\/colunistas\/#listItem","position":2,"name":"Colunistas","item":"https:\/\/anoticiaonline.com.br\/site\/categoria\/colunistas\/","nextItem":{"@type":"ListItem","@id":"https:\/\/anoticiaonline.com.br\/site\/categoria\/colunistas\/logos-adellunar-marge\/#listItem","name":"Logos - Adellunar Marge"},"previousItem":{"@type":"ListItem","@id":"https:\/\/anoticiaonline.com.br\/site#listItem","name":"Home"}},{"@type":"ListItem","@id":"https:\/\/anoticiaonline.com.br\/site\/categoria\/colunistas\/logos-adellunar-marge\/#listItem","position":3,"name":"Logos - Adellunar Marge","item":"https:\/\/anoticiaonline.com.br\/site\/categoria\/colunistas\/logos-adellunar-marge\/","nextItem":{"@type":"ListItem","@id":"https:\/\/anoticiaonline.com.br\/site\/a-retorica-falida\/#listItem","name":"A ret\u00f3rica falida"},"previousItem":{"@type":"ListItem","@id":"https:\/\/anoticiaonline.com.br\/site\/categoria\/colunistas\/#listItem","name":"Colunistas"}},{"@type":"ListItem","@id":"https:\/\/anoticiaonline.com.br\/site\/a-retorica-falida\/#listItem","position":4,"name":"A ret\u00f3rica falida","previousItem":{"@type":"ListItem","@id":"https:\/\/anoticiaonline.com.br\/site\/categoria\/colunistas\/logos-adellunar-marge\/#listItem","name":"Logos - Adellunar Marge"}}]},{"@type":"Organization","@id":"https:\/\/anoticiaonline.com.br\/site\/#organization","name":"A Not\u00edcia Online","description":"Noticias de Muria\u00e9 e regi\u00e3o","url":"https:\/\/anoticiaonline.com.br\/site\/","logo":{"@type":"ImageObject","url":"https:\/\/scontent-gig4-1.xx.fbcdn.net\/v\/t39.30808-1\/270437624_4564083193639691_6907940295614233970_n.jpg?stp=dst-jpg_s200x200_tt6&_nc_cat=111&ccb=1-7&_nc_sid=f907e8&_nc_ohc=SM1wRlP3lJwQ7kNvwEPuBYA&_nc_oc=AdnqrjDN_BNjSSHWO-GbkIWH6fkGMLw4bqvL_NH6e2wMveX7G-rP2dAqsDSq1mJMOaY&_nc_zt=24&_nc_ht=scontent-gig4-1.xx&_nc_gid=AoBFJeGrT1hVaew_6rchkQ&oh=00_AfX7QmFGhQhG2jAllVgXCiM1ZrWgvtp80-Bfppyexh1QEg&oe=689E923C","@id":"https:\/\/anoticiaonline.com.br\/site\/a-retorica-falida\/#organizationLogo"},"image":{"@id":"https:\/\/anoticiaonline.com.br\/site\/a-retorica-falida\/#organizationLogo"}},{"@type":"Person","@id":"https:\/\/anoticiaonline.com.br\/site\/author\/juliana\/#author","url":"https:\/\/anoticiaonline.com.br\/site\/author\/juliana\/","name":"Juliana Laviola","image":{"@type":"ImageObject","@id":"https:\/\/anoticiaonline.com.br\/site\/a-retorica-falida\/#authorImage","url":"https:\/\/secure.gravatar.com\/avatar\/b8d45f5c699b100dfaf0e543582f38f38bf94cb7ae3a5e9abf8d891a34773335?s=96&d=mm&r=g","width":96,"height":96,"caption":"Juliana Laviola"}},{"@type":"WebPage","@id":"https:\/\/anoticiaonline.com.br\/site\/a-retorica-falida\/#webpage","url":"https:\/\/anoticiaonline.com.br\/site\/a-retorica-falida\/","name":"A ret\u00f3rica falida - A Not\u00edcia Online","description":"Caio T\u00falio C\u00edcero, um dos maiores advogados e oradores romanos, disse certa vez que \u201cn\u00e3o \u00e9 importante que a raz\u00e3o esteja do seu lado, o importante \u00e9 que voc\u00ea tenha uma ret\u00f3rica e uma orat\u00f3ria tais que fa\u00e7am parecer que a raz\u00e3o est\u00e1 do seu lado\u201d. Muitos advogados t\u00eam usado desse artif\u00edcio no exerc\u00edcio da","inLanguage":"pt-BR","isPartOf":{"@id":"https:\/\/anoticiaonline.com.br\/site\/#website"},"breadcrumb":{"@id":"https:\/\/anoticiaonline.com.br\/site\/a-retorica-falida\/#breadcrumblist"},"author":{"@id":"https:\/\/anoticiaonline.com.br\/site\/author\/juliana\/#author"},"creator":{"@id":"https:\/\/anoticiaonline.com.br\/site\/author\/juliana\/#author"},"datePublished":"2016-04-07T17:35:40-03:00","dateModified":"2016-04-07T17:35:40-03:00"},{"@type":"WebSite","@id":"https:\/\/anoticiaonline.com.br\/site\/#website","url":"https:\/\/anoticiaonline.com.br\/site\/","name":"A Not\u00edcia Online","description":"Noticias de Muria\u00e9 e regi\u00e3o","inLanguage":"pt-BR","publisher":{"@id":"https:\/\/anoticiaonline.com.br\/site\/#organization"}}]},"og:locale":"pt_BR","og:site_name":"A Not\u00edcia Online - Noticias de Muria\u00e9 e regi\u00e3o","og:type":"article","og:title":"A ret\u00f3rica falida - A Not\u00edcia Online","og:description":"Caio T\u00falio C\u00edcero, um dos maiores advogados e oradores romanos, disse certa vez que \u201cn\u00e3o \u00e9 importante que a raz\u00e3o esteja do seu lado, o importante \u00e9 que voc\u00ea tenha uma ret\u00f3rica e uma orat\u00f3ria tais que fa\u00e7am parecer que a raz\u00e3o est\u00e1 do seu lado\u201d. Muitos advogados t\u00eam usado desse artif\u00edcio no exerc\u00edcio da","og:url":"https:\/\/anoticiaonline.com.br\/site\/a-retorica-falida\/","og:image":"https:\/\/scontent-gig4-1.xx.fbcdn.net\/v\/t39.30808-1\/270437624_4564083193639691_6907940295614233970_n.jpg?stp=dst-jpg_s200x200_tt6&#038;_nc_cat=111&#038;ccb=1-7&#038;_nc_sid=f907e8&#038;_nc_ohc=SM1wRlP3lJwQ7kNvwEPuBYA&#038;_nc_oc=AdnqrjDN_BNjSSHWO-GbkIWH6fkGMLw4bqvL_NH6e2wMveX7G-rP2dAqsDSq1mJMOaY&#038;_nc_zt=24&#038;_nc_ht=scontent-gig4-1.xx&#038;_nc_gid=AoBFJeGrT1hVaew_6rchkQ&#038;oh=00_AfX7QmFGhQhG2jAllVgXCiM1ZrWgvtp80-Bfppyexh1QEg&#038;oe=689E923C","og:image:secure_url":"https:\/\/scontent-gig4-1.xx.fbcdn.net\/v\/t39.30808-1\/270437624_4564083193639691_6907940295614233970_n.jpg?stp=dst-jpg_s200x200_tt6&#038;_nc_cat=111&#038;ccb=1-7&#038;_nc_sid=f907e8&#038;_nc_ohc=SM1wRlP3lJwQ7kNvwEPuBYA&#038;_nc_oc=AdnqrjDN_BNjSSHWO-GbkIWH6fkGMLw4bqvL_NH6e2wMveX7G-rP2dAqsDSq1mJMOaY&#038;_nc_zt=24&#038;_nc_ht=scontent-gig4-1.xx&#038;_nc_gid=AoBFJeGrT1hVaew_6rchkQ&#038;oh=00_AfX7QmFGhQhG2jAllVgXCiM1ZrWgvtp80-Bfppyexh1QEg&#038;oe=689E923C","article:published_time":"2016-04-07T20:35:40+00:00","article:modified_time":"2016-04-07T20:35:40+00:00","twitter:card":"summary_large_image","twitter:title":"A ret\u00f3rica falida - A Not\u00edcia Online","twitter:description":"Caio T\u00falio C\u00edcero, um dos maiores advogados e oradores romanos, disse certa vez que \u201cn\u00e3o \u00e9 importante que a raz\u00e3o esteja do seu lado, o importante \u00e9 que voc\u00ea tenha uma ret\u00f3rica e uma orat\u00f3ria tais que fa\u00e7am parecer que a raz\u00e3o est\u00e1 do seu lado\u201d. Muitos advogados t\u00eam usado desse artif\u00edcio no exerc\u00edcio da","twitter:image":"https:\/\/scontent-gig4-1.xx.fbcdn.net\/v\/t39.30808-1\/270437624_4564083193639691_6907940295614233970_n.jpg?stp=dst-jpg_s200x200_tt6&_nc_cat=111&ccb=1-7&_nc_sid=f907e8&_nc_ohc=SM1wRlP3lJwQ7kNvwEPuBYA&_nc_oc=AdnqrjDN_BNjSSHWO-GbkIWH6fkGMLw4bqvL_NH6e2wMveX7G-rP2dAqsDSq1mJMOaY&_nc_zt=24&_nc_ht=scontent-gig4-1.xx&_nc_gid=AoBFJeGrT1hVaew_6rchkQ&oh=00_AfX7QmFGhQhG2jAllVgXCiM1ZrWgvtp80-Bfppyexh1QEg&oe=689E923C"},"aioseo_meta_data":{"post_id":"11594","title":null,"description":null,"keywords":null,"keyphrases":null,"primary_term":null,"canonical_url":null,"og_title":null,"og_description":null,"og_object_type":"default","og_image_type":"default","og_image_url":null,"og_image_width":null,"og_image_height":null,"og_image_custom_url":null,"og_image_custom_fields":null,"og_video":null,"og_custom_url":null,"og_article_section":null,"og_article_tags":null,"twitter_use_og":false,"twitter_card":"default","twitter_image_type":"default","twitter_image_url":null,"twitter_image_custom_url":null,"twitter_image_custom_fields":null,"twitter_title":null,"twitter_description":null,"schema":{"blockGraphs":[],"customGraphs":[],"default":{"data":{"Article":[],"Course":[],"Dataset":[],"FAQPage":[],"Movie":[],"Person":[],"Product":[],"ProductReview":[],"Car":[],"Recipe":[],"Service":[],"SoftwareApplication":[],"WebPage":[]},"graphName":"","isEnabled":true},"graphs":[]},"schema_type":"default","schema_type_options":null,"pillar_content":false,"robots_default":true,"robots_noindex":false,"robots_noarchive":false,"robots_nosnippet":false,"robots_nofollow":false,"robots_noimageindex":false,"robots_noodp":false,"robots_notranslate":false,"robots_max_snippet":null,"robots_max_videopreview":null,"robots_max_imagepreview":"large","priority":null,"frequency":null,"local_seo":null,"breadcrumb_settings":null,"limit_modified_date":false,"ai":null,"created":"2025-08-16 15:44:34","updated":"2025-08-16 15:44:34","focus_keyword":null,"additional_keywords":null,"truseo_locale":null,"seo_analyzer_scan_date":null},"aioseo_breadcrumb":"<div class=\"aioseo-breadcrumbs\"><span class=\"aioseo-breadcrumb\">\n\t\t\t<a href=\"https:\/\/anoticiaonline.com.br\/site\" title=\"Home\">Home<\/a>\n\t\t<\/span><span class=\"aioseo-breadcrumb-separator\">&raquo;<\/span><span class=\"aioseo-breadcrumb\">\n\t\t\t<a href=\"https:\/\/anoticiaonline.com.br\/site\/categoria\/colunistas\/\" title=\"Colunistas\">Colunistas<\/a>\n\t\t<\/span><span class=\"aioseo-breadcrumb-separator\">&raquo;<\/span><span class=\"aioseo-breadcrumb\">\n\t\t\t<a href=\"https:\/\/anoticiaonline.com.br\/site\/categoria\/colunistas\/logos-adellunar-marge\/\" title=\"Logos - Adellunar Marge\">Logos - Adellunar Marge<\/a>\n\t\t<\/span><span class=\"aioseo-breadcrumb-separator\">&raquo;<\/span><span class=\"aioseo-breadcrumb\">\n\t\t\tA ret\u00f3rica falida\n\t\t<\/span><\/div>","aioseo_breadcrumb_json":[{"label":"Home","link":"https:\/\/anoticiaonline.com.br\/site"},{"label":"Colunistas","link":"https:\/\/anoticiaonline.com.br\/site\/categoria\/colunistas\/"},{"label":"Logos - Adellunar Marge","link":"https:\/\/anoticiaonline.com.br\/site\/categoria\/colunistas\/logos-adellunar-marge\/"},{"label":"A ret\u00f3rica falida","link":"https:\/\/anoticiaonline.com.br\/site\/a-retorica-falida\/"}],"views":175,"_links":{"self":[{"href":"https:\/\/anoticiaonline.com.br\/site\/wp-json\/wp\/v2\/posts\/11594","targetHints":{"allow":["GET"]}}],"collection":[{"href":"https:\/\/anoticiaonline.com.br\/site\/wp-json\/wp\/v2\/posts"}],"about":[{"href":"https:\/\/anoticiaonline.com.br\/site\/wp-json\/wp\/v2\/types\/post"}],"author":[{"embeddable":true,"href":"https:\/\/anoticiaonline.com.br\/site\/wp-json\/wp\/v2\/users\/2"}],"replies":[{"embeddable":true,"href":"https:\/\/anoticiaonline.com.br\/site\/wp-json\/wp\/v2\/comments?post=11594"}],"version-history":[{"count":0,"href":"https:\/\/anoticiaonline.com.br\/site\/wp-json\/wp\/v2\/posts\/11594\/revisions"}],"wp:attachment":[{"href":"https:\/\/anoticiaonline.com.br\/site\/wp-json\/wp\/v2\/media?parent=11594"}],"wp:term":[{"taxonomy":"category","embeddable":true,"href":"https:\/\/anoticiaonline.com.br\/site\/wp-json\/wp\/v2\/categories?post=11594"},{"taxonomy":"post_tag","embeddable":true,"href":"https:\/\/anoticiaonline.com.br\/site\/wp-json\/wp\/v2\/tags?post=11594"}],"curies":[{"name":"wp","href":"https:\/\/api.w.org\/{rel}","templated":true}]}}