{"id":11529,"date":"2016-04-06T15:32:32","date_gmt":"2016-04-06T18:32:32","guid":{"rendered":"http:\/\/anoticiaonline.com.br\/site\/?p=11529"},"modified":"2016-04-06T15:32:32","modified_gmt":"2016-04-06T18:32:32","slug":"area-de-convivencia-do-cras-aeroporto-ganha-reforma-e-ampliacao","status":"publish","type":"post","link":"https:\/\/anoticiaonline.com.br\/site\/area-de-convivencia-do-cras-aeroporto-ganha-reforma-e-ampliacao\/","title":{"rendered":"\u00c1rea de conviv\u00eancia do CRAS Aeroporto ganha reforma e amplia\u00e7\u00e3o"},"content":{"rendered":"<p><a href=\"https:\/\/anoticiaonline.com.br\/site\/wp-content\/uploads\/2016\/04\/01.jpg\"><img fetchpriority=\"high\" decoding=\"async\" class=\" size-medium wp-image-11530 alignleft\" src=\"https:\/\/anoticiaonline.com.br\/site\/wp-content\/uploads\/2016\/04\/01-300x200.jpg\" alt=\"01\" width=\"300\" height=\"200\" srcset=\"https:\/\/anoticiaonline.com.br\/site\/wp-content\/uploads\/2016\/04\/01-300x200.jpg 300w, https:\/\/anoticiaonline.com.br\/site\/wp-content\/uploads\/2016\/04\/01.jpg 640w\" sizes=\"(max-width: 300px) 100vw, 300px\" \/><\/a>O espa\u00e7o de conviv\u00eancia localizado no Centro de Refer\u00eancia e Assist\u00eancia Social (CRAS) do bairro Aeroporto acaba de ser renovado. As novas instala\u00e7\u00f5es, que incluem constru\u00e7\u00e3o de cobertura, cozinha e banheiros, al\u00e9m da reforma do piso, foram inauguradas pelo prefeito Aloysio Aquino na tarde de ter\u00e7a-feira (5).<\/p>\n<p>No local, os profissionais da Secretaria Municipal de Desenvolvimento Social realizam trabalhos de conviv\u00eancia em grupo e de fortalecimento de v\u00ednculos familiares e comunit\u00e1rios, promovendo atividades e trocas de experi\u00eancias entre os membros da comunidade. Ao todo, cerca de 800 pessoas s\u00e3o atendidas por m\u00eas, dentre crian\u00e7as, adolescentes, adultos e idosos.<\/p>\n<p>O prefeito Aloysio Aquino falou sobre a import\u00e2ncia do trabalho social desenvolvido junto \u00e0 comunidade no CRAS, salientando que as atividades acontecem tamb\u00e9m em outros bairros da cidade. De acordo com ele, a reforma e a amplia\u00e7\u00e3o do espa\u00e7o de conviv\u00eancia permitem que as equipes profissionais atuem de forma melhor e mais efetiva junto \u00e0 popula\u00e7\u00e3o assistida.<\/p>\n<p>As palavras do prefeito foram endossadas pelo promotor F\u00e1bio Lauriano, que parabenizou a equipe da Secretaria de Desenvolvimento Social pelo trabalho que vem sendo realizado com as comunidades do munic\u00edpio. &#8220;Nos \u00faltimos anos, tivemos a aproxima\u00e7\u00e3o do Poder Executivo com o Judici\u00e1rio, o que facilitou n\u00e3o s\u00f3 a atua\u00e7\u00e3o de todos, mas, principalmente, a busca por solu\u00e7\u00f5es para os problemas que enfrentamos no dia a dia&#8221;, destaca.<\/p>\n<p>A cerim\u00f4nia de inaugura\u00e7\u00e3o contou ainda com a presen\u00e7a das secret\u00e1rias de Desenvolvimento Social e de Educa\u00e7\u00e3o de Muria\u00e9, Cl\u00e1udia Sigiliano e Cristina Navarro, respectivamente; do secret\u00e1rio municipal de Sa\u00fade, Franklin Leandro Neto, do diretor geral do Demsur, Rodrigo Guar\u00e7oni e do comandante do 47\u00ba Batalh\u00e3o de Pol\u00edcia Militar, tenente-coronel Ranieri.<\/p>\n<p><img decoding=\"async\" class=\"ngg_displayed_gallery mceItem\" src=\"https:\/\/anoticiaonline.com.br\/site\/nextgen-attach_to_post\/preview\/id--11547\" alt=\"\" \/><\/p>\n","protected":false},"excerpt":{"rendered":"<p>O espa\u00e7o de conviv\u00eancia localizado no Centro de Refer\u00eancia e Assist\u00eancia Social (CRAS) do bairro Aeroporto acaba de ser renovado. As novas instala\u00e7\u00f5es, que incluem constru\u00e7\u00e3o de cobertura, cozinha e banheiros, al\u00e9m da reforma do piso, foram inauguradas pelo prefeito Aloysio Aquino na tarde de ter\u00e7a-feira (5). No local, os profissionais da Secretaria Municipal de &#8230; <a title=\"\u00c1rea de conviv\u00eancia do CRAS Aeroporto ganha reforma e amplia\u00e7\u00e3o\" class=\"read-more\" href=\"https:\/\/anoticiaonline.com.br\/site\/area-de-convivencia-do-cras-aeroporto-ganha-reforma-e-ampliacao\/\" aria-label=\"Read more about \u00c1rea de conviv\u00eancia do CRAS Aeroporto ganha reforma e amplia\u00e7\u00e3o\">Ler mais<\/a><\/p>\n","protected":false},"author":2,"featured_media":11530,"comment_status":"open","ping_status":"open","sticky":false,"template":"","format":"standard","meta":{"_acf_changed":false,"_monsterinsights_skip_tracking":false,"footnotes":""},"categories":[30],"tags":[3],"class_list":["post-11529","post","type-post","status-publish","format-standard","has-post-thumbnail","hentry","category-muriae","tag-slide"],"acf":[],"aioseo_notices":[],"aioseo_head":"\n\t\t<!-- All in One SEO 5.0.0.1 - aioseo.com -->\n\t<meta name=\"description\" content=\"O espa\u00e7o de conviv\u00eancia localizado no Centro de Refer\u00eancia e Assist\u00eancia Social (CRAS) do bairro Aeroporto acaba de ser renovado. As novas instala\u00e7\u00f5es, que incluem constru\u00e7\u00e3o de cobertura, cozinha e banheiros, al\u00e9m da reforma do piso, foram inauguradas pelo prefeito Aloysio Aquino na tarde de ter\u00e7a-feira (5). No local, os profissionais da Secretaria Municipal de\" \/>\n\t<meta name=\"robots\" content=\"max-image-preview:large\" \/>\n\t<meta name=\"author\" content=\"Juliana Laviola\"\/>\n\t<link rel=\"canonical\" href=\"https:\/\/anoticiaonline.com.br\/site\/area-de-convivencia-do-cras-aeroporto-ganha-reforma-e-ampliacao\/\" \/>\n\t<meta name=\"generator\" content=\"All in One SEO (AIOSEO) 5.0.0.1\" \/>\n\t\t<meta property=\"og:locale\" content=\"pt_BR\" \/>\n\t\t<meta property=\"og:site_name\" content=\"A Not\u00edcia Online - Noticias de Muria\u00e9 e regi\u00e3o\" \/>\n\t\t<meta property=\"og:type\" content=\"article\" \/>\n\t\t<meta property=\"og:title\" content=\"\u00c1rea de conviv\u00eancia do CRAS Aeroporto ganha reforma e amplia\u00e7\u00e3o - A Not\u00edcia Online\" \/>\n\t\t<meta property=\"og:description\" content=\"O espa\u00e7o de conviv\u00eancia localizado no Centro de Refer\u00eancia e Assist\u00eancia Social (CRAS) do bairro Aeroporto acaba de ser renovado. As novas instala\u00e7\u00f5es, que incluem constru\u00e7\u00e3o de cobertura, cozinha e banheiros, al\u00e9m da reforma do piso, foram inauguradas pelo prefeito Aloysio Aquino na tarde de ter\u00e7a-feira (5). No local, os profissionais da Secretaria Municipal de\" \/>\n\t\t<meta property=\"og:url\" content=\"https:\/\/anoticiaonline.com.br\/site\/area-de-convivencia-do-cras-aeroporto-ganha-reforma-e-ampliacao\/\" \/>\n\t\t<meta property=\"og:image\" content=\"https:\/\/scontent-gig4-1.xx.fbcdn.net\/v\/t39.30808-1\/270437624_4564083193639691_6907940295614233970_n.jpg?stp=dst-jpg_s200x200_tt6&#038;_nc_cat=111&#038;ccb=1-7&#038;_nc_sid=f907e8&#038;_nc_ohc=SM1wRlP3lJwQ7kNvwEPuBYA&#038;_nc_oc=AdnqrjDN_BNjSSHWO-GbkIWH6fkGMLw4bqvL_NH6e2wMveX7G-rP2dAqsDSq1mJMOaY&#038;_nc_zt=24&#038;_nc_ht=scontent-gig4-1.xx&#038;_nc_gid=AoBFJeGrT1hVaew_6rchkQ&#038;oh=00_AfX7QmFGhQhG2jAllVgXCiM1ZrWgvtp80-Bfppyexh1QEg&#038;oe=689E923C\" \/>\n\t\t<meta property=\"og:image:secure_url\" content=\"https:\/\/scontent-gig4-1.xx.fbcdn.net\/v\/t39.30808-1\/270437624_4564083193639691_6907940295614233970_n.jpg?stp=dst-jpg_s200x200_tt6&#038;_nc_cat=111&#038;ccb=1-7&#038;_nc_sid=f907e8&#038;_nc_ohc=SM1wRlP3lJwQ7kNvwEPuBYA&#038;_nc_oc=AdnqrjDN_BNjSSHWO-GbkIWH6fkGMLw4bqvL_NH6e2wMveX7G-rP2dAqsDSq1mJMOaY&#038;_nc_zt=24&#038;_nc_ht=scontent-gig4-1.xx&#038;_nc_gid=AoBFJeGrT1hVaew_6rchkQ&#038;oh=00_AfX7QmFGhQhG2jAllVgXCiM1ZrWgvtp80-Bfppyexh1QEg&#038;oe=689E923C\" \/>\n\t\t<meta property=\"article:published_time\" content=\"2016-04-06T18:32:32+00:00\" \/>\n\t\t<meta property=\"article:modified_time\" content=\"2016-04-06T18:32:32+00:00\" \/>\n\t\t<meta name=\"twitter:card\" content=\"summary_large_image\" \/>\n\t\t<meta name=\"twitter:title\" content=\"\u00c1rea de conviv\u00eancia do CRAS Aeroporto ganha reforma e amplia\u00e7\u00e3o - A Not\u00edcia Online\" \/>\n\t\t<meta name=\"twitter:description\" content=\"O espa\u00e7o de conviv\u00eancia localizado no Centro de Refer\u00eancia e Assist\u00eancia Social (CRAS) do bairro Aeroporto acaba de ser renovado. As novas instala\u00e7\u00f5es, que incluem constru\u00e7\u00e3o de cobertura, cozinha e banheiros, al\u00e9m da reforma do piso, foram inauguradas pelo prefeito Aloysio Aquino na tarde de ter\u00e7a-feira (5). No local, os profissionais da Secretaria Municipal de\" \/>\n\t\t<meta name=\"twitter:image\" content=\"https:\/\/scontent-gig4-1.xx.fbcdn.net\/v\/t39.30808-1\/270437624_4564083193639691_6907940295614233970_n.jpg?stp=dst-jpg_s200x200_tt6&amp;_nc_cat=111&amp;ccb=1-7&amp;_nc_sid=f907e8&amp;_nc_ohc=SM1wRlP3lJwQ7kNvwEPuBYA&amp;_nc_oc=AdnqrjDN_BNjSSHWO-GbkIWH6fkGMLw4bqvL_NH6e2wMveX7G-rP2dAqsDSq1mJMOaY&amp;_nc_zt=24&amp;_nc_ht=scontent-gig4-1.xx&amp;_nc_gid=AoBFJeGrT1hVaew_6rchkQ&amp;oh=00_AfX7QmFGhQhG2jAllVgXCiM1ZrWgvtp80-Bfppyexh1QEg&amp;oe=689E923C\" \/>\n\t\t<script type=\"application\/ld+json\" class=\"aioseo-schema\">\n\t\t\t{\"@context\":\"https:\\\/\\\/schema.org\",\"@graph\":[{\"@type\":\"BlogPosting\",\"@id\":\"https:\\\/\\\/anoticiaonline.com.br\\\/site\\\/area-de-convivencia-do-cras-aeroporto-ganha-reforma-e-ampliacao\\\/#blogposting\",\"name\":\"\\u00c1rea de conviv\\u00eancia do CRAS Aeroporto ganha reforma e amplia\\u00e7\\u00e3o - A Not\\u00edcia Online\",\"headline\":\"\\u00c1rea de conviv\\u00eancia do CRAS Aeroporto ganha reforma e amplia\\u00e7\\u00e3o\",\"author\":{\"@id\":\"https:\\\/\\\/anoticiaonline.com.br\\\/site\\\/author\\\/juliana\\\/#author\"},\"publisher\":{\"@id\":\"https:\\\/\\\/anoticiaonline.com.br\\\/site\\\/#organization\"},\"image\":{\"@type\":\"ImageObject\",\"url\":\"https:\\\/\\\/anoticiaonline.com.br\\\/site\\\/wp-content\\\/uploads\\\/2016\\\/04\\\/01.jpg\",\"width\":640,\"height\":427},\"datePublished\":\"2016-04-06T15:32:32-03:00\",\"dateModified\":\"2016-04-06T15:32:32-03:00\",\"inLanguage\":\"pt-BR\",\"mainEntityOfPage\":{\"@id\":\"https:\\\/\\\/anoticiaonline.com.br\\\/site\\\/area-de-convivencia-do-cras-aeroporto-ganha-reforma-e-ampliacao\\\/#webpage\"},\"isPartOf\":{\"@id\":\"https:\\\/\\\/anoticiaonline.com.br\\\/site\\\/area-de-convivencia-do-cras-aeroporto-ganha-reforma-e-ampliacao\\\/#webpage\"},\"articleSection\":\"Blog, slide\"},{\"@type\":\"BreadcrumbList\",\"@id\":\"https:\\\/\\\/anoticiaonline.com.br\\\/site\\\/area-de-convivencia-do-cras-aeroporto-ganha-reforma-e-ampliacao\\\/#breadcrumblist\",\"itemListElement\":[{\"@type\":\"ListItem\",\"@id\":\"https:\\\/\\\/anoticiaonline.com.br\\\/site#listItem\",\"position\":1,\"name\":\"Home\",\"item\":\"https:\\\/\\\/anoticiaonline.com.br\\\/site\",\"nextItem\":{\"@type\":\"ListItem\",\"@id\":\"https:\\\/\\\/anoticiaonline.com.br\\\/site\\\/categoria\\\/muriae\\\/#listItem\",\"name\":\"Blog\"}},{\"@type\":\"ListItem\",\"@id\":\"https:\\\/\\\/anoticiaonline.com.br\\\/site\\\/categoria\\\/muriae\\\/#listItem\",\"position\":2,\"name\":\"Blog\",\"item\":\"https:\\\/\\\/anoticiaonline.com.br\\\/site\\\/categoria\\\/muriae\\\/\",\"nextItem\":{\"@type\":\"ListItem\",\"@id\":\"https:\\\/\\\/anoticiaonline.com.br\\\/site\\\/area-de-convivencia-do-cras-aeroporto-ganha-reforma-e-ampliacao\\\/#listItem\",\"name\":\"\\u00c1rea de conviv\\u00eancia do CRAS Aeroporto ganha reforma e amplia\\u00e7\\u00e3o\"},\"previousItem\":{\"@type\":\"ListItem\",\"@id\":\"https:\\\/\\\/anoticiaonline.com.br\\\/site#listItem\",\"name\":\"Home\"}},{\"@type\":\"ListItem\",\"@id\":\"https:\\\/\\\/anoticiaonline.com.br\\\/site\\\/area-de-convivencia-do-cras-aeroporto-ganha-reforma-e-ampliacao\\\/#listItem\",\"position\":3,\"name\":\"\\u00c1rea de conviv\\u00eancia do CRAS Aeroporto ganha reforma e amplia\\u00e7\\u00e3o\",\"previousItem\":{\"@type\":\"ListItem\",\"@id\":\"https:\\\/\\\/anoticiaonline.com.br\\\/site\\\/categoria\\\/muriae\\\/#listItem\",\"name\":\"Blog\"}}]},{\"@type\":\"Organization\",\"@id\":\"https:\\\/\\\/anoticiaonline.com.br\\\/site\\\/#organization\",\"name\":\"A Not\\u00edcia Online\",\"description\":\"Noticias de Muria\\u00e9 e regi\\u00e3o\",\"url\":\"https:\\\/\\\/anoticiaonline.com.br\\\/site\\\/\",\"logo\":{\"@type\":\"ImageObject\",\"url\":\"https:\\\/\\\/scontent-gig4-1.xx.fbcdn.net\\\/v\\\/t39.30808-1\\\/270437624_4564083193639691_6907940295614233970_n.jpg?stp=dst-jpg_s200x200_tt6&_nc_cat=111&ccb=1-7&_nc_sid=f907e8&_nc_ohc=SM1wRlP3lJwQ7kNvwEPuBYA&_nc_oc=AdnqrjDN_BNjSSHWO-GbkIWH6fkGMLw4bqvL_NH6e2wMveX7G-rP2dAqsDSq1mJMOaY&_nc_zt=24&_nc_ht=scontent-gig4-1.xx&_nc_gid=AoBFJeGrT1hVaew_6rchkQ&oh=00_AfX7QmFGhQhG2jAllVgXCiM1ZrWgvtp80-Bfppyexh1QEg&oe=689E923C\",\"@id\":\"https:\\\/\\\/anoticiaonline.com.br\\\/site\\\/area-de-convivencia-do-cras-aeroporto-ganha-reforma-e-ampliacao\\\/#organizationLogo\"},\"image\":{\"@id\":\"https:\\\/\\\/anoticiaonline.com.br\\\/site\\\/area-de-convivencia-do-cras-aeroporto-ganha-reforma-e-ampliacao\\\/#organizationLogo\"}},{\"@type\":\"Person\",\"@id\":\"https:\\\/\\\/anoticiaonline.com.br\\\/site\\\/author\\\/juliana\\\/#author\",\"url\":\"https:\\\/\\\/anoticiaonline.com.br\\\/site\\\/author\\\/juliana\\\/\",\"name\":\"Juliana Laviola\",\"image\":{\"@type\":\"ImageObject\",\"@id\":\"https:\\\/\\\/anoticiaonline.com.br\\\/site\\\/area-de-convivencia-do-cras-aeroporto-ganha-reforma-e-ampliacao\\\/#authorImage\",\"url\":\"https:\\\/\\\/secure.gravatar.com\\\/avatar\\\/b8d45f5c699b100dfaf0e543582f38f38bf94cb7ae3a5e9abf8d891a34773335?s=96&d=mm&r=g\",\"width\":96,\"height\":96,\"caption\":\"Juliana Laviola\"}},{\"@type\":\"WebPage\",\"@id\":\"https:\\\/\\\/anoticiaonline.com.br\\\/site\\\/area-de-convivencia-do-cras-aeroporto-ganha-reforma-e-ampliacao\\\/#webpage\",\"url\":\"https:\\\/\\\/anoticiaonline.com.br\\\/site\\\/area-de-convivencia-do-cras-aeroporto-ganha-reforma-e-ampliacao\\\/\",\"name\":\"\\u00c1rea de conviv\\u00eancia do CRAS Aeroporto ganha reforma e amplia\\u00e7\\u00e3o - A Not\\u00edcia Online\",\"description\":\"O espa\\u00e7o de conviv\\u00eancia localizado no Centro de Refer\\u00eancia e Assist\\u00eancia Social (CRAS) do bairro Aeroporto acaba de ser renovado. As novas instala\\u00e7\\u00f5es, que incluem constru\\u00e7\\u00e3o de cobertura, cozinha e banheiros, al\\u00e9m da reforma do piso, foram inauguradas pelo prefeito Aloysio Aquino na tarde de ter\\u00e7a-feira (5). No local, os profissionais da Secretaria Municipal de\",\"inLanguage\":\"pt-BR\",\"isPartOf\":{\"@id\":\"https:\\\/\\\/anoticiaonline.com.br\\\/site\\\/#website\"},\"breadcrumb\":{\"@id\":\"https:\\\/\\\/anoticiaonline.com.br\\\/site\\\/area-de-convivencia-do-cras-aeroporto-ganha-reforma-e-ampliacao\\\/#breadcrumblist\"},\"author\":{\"@id\":\"https:\\\/\\\/anoticiaonline.com.br\\\/site\\\/author\\\/juliana\\\/#author\"},\"creator\":{\"@id\":\"https:\\\/\\\/anoticiaonline.com.br\\\/site\\\/author\\\/juliana\\\/#author\"},\"image\":{\"@type\":\"ImageObject\",\"url\":\"https:\\\/\\\/anoticiaonline.com.br\\\/site\\\/wp-content\\\/uploads\\\/2016\\\/04\\\/01.jpg\",\"@id\":\"https:\\\/\\\/anoticiaonline.com.br\\\/site\\\/area-de-convivencia-do-cras-aeroporto-ganha-reforma-e-ampliacao\\\/#mainImage\",\"width\":640,\"height\":427},\"primaryImageOfPage\":{\"@id\":\"https:\\\/\\\/anoticiaonline.com.br\\\/site\\\/area-de-convivencia-do-cras-aeroporto-ganha-reforma-e-ampliacao\\\/#mainImage\"},\"datePublished\":\"2016-04-06T15:32:32-03:00\",\"dateModified\":\"2016-04-06T15:32:32-03:00\"},{\"@type\":\"WebSite\",\"@id\":\"https:\\\/\\\/anoticiaonline.com.br\\\/site\\\/#website\",\"url\":\"https:\\\/\\\/anoticiaonline.com.br\\\/site\\\/\",\"name\":\"A Not\\u00edcia Online\",\"description\":\"Noticias de Muria\\u00e9 e regi\\u00e3o\",\"inLanguage\":\"pt-BR\",\"publisher\":{\"@id\":\"https:\\\/\\\/anoticiaonline.com.br\\\/site\\\/#organization\"}}]}\n\t\t<\/script>\n\t\t<!-- All in One SEO -->\n\n","aioseo_head_json":{"title":"\u00c1rea de conviv\u00eancia do CRAS Aeroporto ganha reforma e amplia\u00e7\u00e3o - A Not\u00edcia Online","description":"O espa\u00e7o de conviv\u00eancia localizado no Centro de Refer\u00eancia e Assist\u00eancia Social (CRAS) do bairro Aeroporto acaba de ser renovado. As novas instala\u00e7\u00f5es, que incluem constru\u00e7\u00e3o de cobertura, cozinha e banheiros, al\u00e9m da reforma do piso, foram inauguradas pelo prefeito Aloysio Aquino na tarde de ter\u00e7a-feira (5). No local, os profissionais da Secretaria Municipal de","canonical_url":"https:\/\/anoticiaonline.com.br\/site\/area-de-convivencia-do-cras-aeroporto-ganha-reforma-e-ampliacao\/","robots":"max-image-preview:large","keywords":"","webmasterTools":{"miscellaneous":""},"schema":{"@context":"https:\/\/schema.org","@graph":[{"@type":"BlogPosting","@id":"https:\/\/anoticiaonline.com.br\/site\/area-de-convivencia-do-cras-aeroporto-ganha-reforma-e-ampliacao\/#blogposting","name":"\u00c1rea de conviv\u00eancia do CRAS Aeroporto ganha reforma e amplia\u00e7\u00e3o - A Not\u00edcia Online","headline":"\u00c1rea de conviv\u00eancia do CRAS Aeroporto ganha reforma e amplia\u00e7\u00e3o","author":{"@id":"https:\/\/anoticiaonline.com.br\/site\/author\/juliana\/#author"},"publisher":{"@id":"https:\/\/anoticiaonline.com.br\/site\/#organization"},"image":{"@type":"ImageObject","url":"https:\/\/anoticiaonline.com.br\/site\/wp-content\/uploads\/2016\/04\/01.jpg","width":640,"height":427},"datePublished":"2016-04-06T15:32:32-03:00","dateModified":"2016-04-06T15:32:32-03:00","inLanguage":"pt-BR","mainEntityOfPage":{"@id":"https:\/\/anoticiaonline.com.br\/site\/area-de-convivencia-do-cras-aeroporto-ganha-reforma-e-ampliacao\/#webpage"},"isPartOf":{"@id":"https:\/\/anoticiaonline.com.br\/site\/area-de-convivencia-do-cras-aeroporto-ganha-reforma-e-ampliacao\/#webpage"},"articleSection":"Blog, slide"},{"@type":"BreadcrumbList","@id":"https:\/\/anoticiaonline.com.br\/site\/area-de-convivencia-do-cras-aeroporto-ganha-reforma-e-ampliacao\/#breadcrumblist","itemListElement":[{"@type":"ListItem","@id":"https:\/\/anoticiaonline.com.br\/site#listItem","position":1,"name":"Home","item":"https:\/\/anoticiaonline.com.br\/site","nextItem":{"@type":"ListItem","@id":"https:\/\/anoticiaonline.com.br\/site\/categoria\/muriae\/#listItem","name":"Blog"}},{"@type":"ListItem","@id":"https:\/\/anoticiaonline.com.br\/site\/categoria\/muriae\/#listItem","position":2,"name":"Blog","item":"https:\/\/anoticiaonline.com.br\/site\/categoria\/muriae\/","nextItem":{"@type":"ListItem","@id":"https:\/\/anoticiaonline.com.br\/site\/area-de-convivencia-do-cras-aeroporto-ganha-reforma-e-ampliacao\/#listItem","name":"\u00c1rea de conviv\u00eancia do CRAS Aeroporto ganha reforma e amplia\u00e7\u00e3o"},"previousItem":{"@type":"ListItem","@id":"https:\/\/anoticiaonline.com.br\/site#listItem","name":"Home"}},{"@type":"ListItem","@id":"https:\/\/anoticiaonline.com.br\/site\/area-de-convivencia-do-cras-aeroporto-ganha-reforma-e-ampliacao\/#listItem","position":3,"name":"\u00c1rea de conviv\u00eancia do CRAS Aeroporto ganha reforma e amplia\u00e7\u00e3o","previousItem":{"@type":"ListItem","@id":"https:\/\/anoticiaonline.com.br\/site\/categoria\/muriae\/#listItem","name":"Blog"}}]},{"@type":"Organization","@id":"https:\/\/anoticiaonline.com.br\/site\/#organization","name":"A Not\u00edcia Online","description":"Noticias de Muria\u00e9 e regi\u00e3o","url":"https:\/\/anoticiaonline.com.br\/site\/","logo":{"@type":"ImageObject","url":"https:\/\/scontent-gig4-1.xx.fbcdn.net\/v\/t39.30808-1\/270437624_4564083193639691_6907940295614233970_n.jpg?stp=dst-jpg_s200x200_tt6&_nc_cat=111&ccb=1-7&_nc_sid=f907e8&_nc_ohc=SM1wRlP3lJwQ7kNvwEPuBYA&_nc_oc=AdnqrjDN_BNjSSHWO-GbkIWH6fkGMLw4bqvL_NH6e2wMveX7G-rP2dAqsDSq1mJMOaY&_nc_zt=24&_nc_ht=scontent-gig4-1.xx&_nc_gid=AoBFJeGrT1hVaew_6rchkQ&oh=00_AfX7QmFGhQhG2jAllVgXCiM1ZrWgvtp80-Bfppyexh1QEg&oe=689E923C","@id":"https:\/\/anoticiaonline.com.br\/site\/area-de-convivencia-do-cras-aeroporto-ganha-reforma-e-ampliacao\/#organizationLogo"},"image":{"@id":"https:\/\/anoticiaonline.com.br\/site\/area-de-convivencia-do-cras-aeroporto-ganha-reforma-e-ampliacao\/#organizationLogo"}},{"@type":"Person","@id":"https:\/\/anoticiaonline.com.br\/site\/author\/juliana\/#author","url":"https:\/\/anoticiaonline.com.br\/site\/author\/juliana\/","name":"Juliana Laviola","image":{"@type":"ImageObject","@id":"https:\/\/anoticiaonline.com.br\/site\/area-de-convivencia-do-cras-aeroporto-ganha-reforma-e-ampliacao\/#authorImage","url":"https:\/\/secure.gravatar.com\/avatar\/b8d45f5c699b100dfaf0e543582f38f38bf94cb7ae3a5e9abf8d891a34773335?s=96&d=mm&r=g","width":96,"height":96,"caption":"Juliana Laviola"}},{"@type":"WebPage","@id":"https:\/\/anoticiaonline.com.br\/site\/area-de-convivencia-do-cras-aeroporto-ganha-reforma-e-ampliacao\/#webpage","url":"https:\/\/anoticiaonline.com.br\/site\/area-de-convivencia-do-cras-aeroporto-ganha-reforma-e-ampliacao\/","name":"\u00c1rea de conviv\u00eancia do CRAS Aeroporto ganha reforma e amplia\u00e7\u00e3o - A Not\u00edcia Online","description":"O espa\u00e7o de conviv\u00eancia localizado no Centro de Refer\u00eancia e Assist\u00eancia Social (CRAS) do bairro Aeroporto acaba de ser renovado. As novas instala\u00e7\u00f5es, que incluem constru\u00e7\u00e3o de cobertura, cozinha e banheiros, al\u00e9m da reforma do piso, foram inauguradas pelo prefeito Aloysio Aquino na tarde de ter\u00e7a-feira (5). No local, os profissionais da Secretaria Municipal de","inLanguage":"pt-BR","isPartOf":{"@id":"https:\/\/anoticiaonline.com.br\/site\/#website"},"breadcrumb":{"@id":"https:\/\/anoticiaonline.com.br\/site\/area-de-convivencia-do-cras-aeroporto-ganha-reforma-e-ampliacao\/#breadcrumblist"},"author":{"@id":"https:\/\/anoticiaonline.com.br\/site\/author\/juliana\/#author"},"creator":{"@id":"https:\/\/anoticiaonline.com.br\/site\/author\/juliana\/#author"},"image":{"@type":"ImageObject","url":"https:\/\/anoticiaonline.com.br\/site\/wp-content\/uploads\/2016\/04\/01.jpg","@id":"https:\/\/anoticiaonline.com.br\/site\/area-de-convivencia-do-cras-aeroporto-ganha-reforma-e-ampliacao\/#mainImage","width":640,"height":427},"primaryImageOfPage":{"@id":"https:\/\/anoticiaonline.com.br\/site\/area-de-convivencia-do-cras-aeroporto-ganha-reforma-e-ampliacao\/#mainImage"},"datePublished":"2016-04-06T15:32:32-03:00","dateModified":"2016-04-06T15:32:32-03:00"},{"@type":"WebSite","@id":"https:\/\/anoticiaonline.com.br\/site\/#website","url":"https:\/\/anoticiaonline.com.br\/site\/","name":"A Not\u00edcia Online","description":"Noticias de Muria\u00e9 e regi\u00e3o","inLanguage":"pt-BR","publisher":{"@id":"https:\/\/anoticiaonline.com.br\/site\/#organization"}}]},"og:locale":"pt_BR","og:site_name":"A Not\u00edcia Online - Noticias de Muria\u00e9 e regi\u00e3o","og:type":"article","og:title":"\u00c1rea de conviv\u00eancia do CRAS Aeroporto ganha reforma e amplia\u00e7\u00e3o - A Not\u00edcia Online","og:description":"O espa\u00e7o de conviv\u00eancia localizado no Centro de Refer\u00eancia e Assist\u00eancia Social (CRAS) do bairro Aeroporto acaba de ser renovado. As novas instala\u00e7\u00f5es, que incluem constru\u00e7\u00e3o de cobertura, cozinha e banheiros, al\u00e9m da reforma do piso, foram inauguradas pelo prefeito Aloysio Aquino na tarde de ter\u00e7a-feira (5). No local, os profissionais da Secretaria Municipal de","og:url":"https:\/\/anoticiaonline.com.br\/site\/area-de-convivencia-do-cras-aeroporto-ganha-reforma-e-ampliacao\/","og:image":"https:\/\/scontent-gig4-1.xx.fbcdn.net\/v\/t39.30808-1\/270437624_4564083193639691_6907940295614233970_n.jpg?stp=dst-jpg_s200x200_tt6&#038;_nc_cat=111&#038;ccb=1-7&#038;_nc_sid=f907e8&#038;_nc_ohc=SM1wRlP3lJwQ7kNvwEPuBYA&#038;_nc_oc=AdnqrjDN_BNjSSHWO-GbkIWH6fkGMLw4bqvL_NH6e2wMveX7G-rP2dAqsDSq1mJMOaY&#038;_nc_zt=24&#038;_nc_ht=scontent-gig4-1.xx&#038;_nc_gid=AoBFJeGrT1hVaew_6rchkQ&#038;oh=00_AfX7QmFGhQhG2jAllVgXCiM1ZrWgvtp80-Bfppyexh1QEg&#038;oe=689E923C","og:image:secure_url":"https:\/\/scontent-gig4-1.xx.fbcdn.net\/v\/t39.30808-1\/270437624_4564083193639691_6907940295614233970_n.jpg?stp=dst-jpg_s200x200_tt6&#038;_nc_cat=111&#038;ccb=1-7&#038;_nc_sid=f907e8&#038;_nc_ohc=SM1wRlP3lJwQ7kNvwEPuBYA&#038;_nc_oc=AdnqrjDN_BNjSSHWO-GbkIWH6fkGMLw4bqvL_NH6e2wMveX7G-rP2dAqsDSq1mJMOaY&#038;_nc_zt=24&#038;_nc_ht=scontent-gig4-1.xx&#038;_nc_gid=AoBFJeGrT1hVaew_6rchkQ&#038;oh=00_AfX7QmFGhQhG2jAllVgXCiM1ZrWgvtp80-Bfppyexh1QEg&#038;oe=689E923C","article:published_time":"2016-04-06T18:32:32+00:00","article:modified_time":"2016-04-06T18:32:32+00:00","twitter:card":"summary_large_image","twitter:title":"\u00c1rea de conviv\u00eancia do CRAS Aeroporto ganha reforma e amplia\u00e7\u00e3o - A Not\u00edcia Online","twitter:description":"O espa\u00e7o de conviv\u00eancia localizado no Centro de Refer\u00eancia e Assist\u00eancia Social (CRAS) do bairro Aeroporto acaba de ser renovado. As novas instala\u00e7\u00f5es, que incluem constru\u00e7\u00e3o de cobertura, cozinha e banheiros, al\u00e9m da reforma do piso, foram inauguradas pelo prefeito Aloysio Aquino na tarde de ter\u00e7a-feira (5). No local, os profissionais da Secretaria Municipal de","twitter:image":"https:\/\/scontent-gig4-1.xx.fbcdn.net\/v\/t39.30808-1\/270437624_4564083193639691_6907940295614233970_n.jpg?stp=dst-jpg_s200x200_tt6&_nc_cat=111&ccb=1-7&_nc_sid=f907e8&_nc_ohc=SM1wRlP3lJwQ7kNvwEPuBYA&_nc_oc=AdnqrjDN_BNjSSHWO-GbkIWH6fkGMLw4bqvL_NH6e2wMveX7G-rP2dAqsDSq1mJMOaY&_nc_zt=24&_nc_ht=scontent-gig4-1.xx&_nc_gid=AoBFJeGrT1hVaew_6rchkQ&oh=00_AfX7QmFGhQhG2jAllVgXCiM1ZrWgvtp80-Bfppyexh1QEg&oe=689E923C"},"aioseo_meta_data":{"post_id":"11529","title":null,"description":null,"keywords":null,"keyphrases":null,"primary_term":null,"canonical_url":null,"og_title":null,"og_description":null,"og_object_type":"default","og_image_type":"default","og_image_url":null,"og_image_width":null,"og_image_height":null,"og_image_custom_url":null,"og_image_custom_fields":null,"og_video":null,"og_custom_url":null,"og_article_section":null,"og_article_tags":null,"twitter_use_og":false,"twitter_card":"default","twitter_image_type":"default","twitter_image_url":null,"twitter_image_custom_url":null,"twitter_image_custom_fields":null,"twitter_title":null,"twitter_description":null,"schema":{"blockGraphs":[],"customGraphs":[],"default":{"data":{"Article":[],"Course":[],"Dataset":[],"FAQPage":[],"Movie":[],"Person":[],"Product":[],"ProductReview":[],"Car":[],"Recipe":[],"Service":[],"SoftwareApplication":[],"WebPage":[]},"graphName":"","isEnabled":true},"graphs":[]},"schema_type":"default","schema_type_options":null,"pillar_content":false,"robots_default":true,"robots_noindex":false,"robots_noarchive":false,"robots_nosnippet":false,"robots_nofollow":false,"robots_noimageindex":false,"robots_noodp":false,"robots_notranslate":false,"robots_max_snippet":null,"robots_max_videopreview":null,"robots_max_imagepreview":"large","priority":null,"frequency":null,"local_seo":null,"breadcrumb_settings":null,"limit_modified_date":false,"ai":null,"created":"2025-08-16 15:43:19","updated":"2025-08-16 15:43:19","focus_keyword":null,"additional_keywords":null,"truseo_locale":null,"seo_analyzer_scan_date":null},"aioseo_breadcrumb":"<div class=\"aioseo-breadcrumbs\"><span class=\"aioseo-breadcrumb\">\n\t\t\t<a href=\"https:\/\/anoticiaonline.com.br\/site\" title=\"Home\">Home<\/a>\n\t\t<\/span><span class=\"aioseo-breadcrumb-separator\">&raquo;<\/span><span class=\"aioseo-breadcrumb\">\n\t\t\t<a href=\"https:\/\/anoticiaonline.com.br\/site\/categoria\/muriae\/\" title=\"Blog\">Blog<\/a>\n\t\t<\/span><span class=\"aioseo-breadcrumb-separator\">&raquo;<\/span><span class=\"aioseo-breadcrumb\">\n\t\t\t\u00c1rea de conviv\u00eancia do CRAS Aeroporto ganha reforma e amplia\u00e7\u00e3o\n\t\t<\/span><\/div>","aioseo_breadcrumb_json":[{"label":"Home","link":"https:\/\/anoticiaonline.com.br\/site"},{"label":"Blog","link":"https:\/\/anoticiaonline.com.br\/site\/categoria\/muriae\/"},{"label":"\u00c1rea de conviv\u00eancia do CRAS Aeroporto ganha reforma e amplia\u00e7\u00e3o","link":"https:\/\/anoticiaonline.com.br\/site\/area-de-convivencia-do-cras-aeroporto-ganha-reforma-e-ampliacao\/"}],"views":123,"_links":{"self":[{"href":"https:\/\/anoticiaonline.com.br\/site\/wp-json\/wp\/v2\/posts\/11529","targetHints":{"allow":["GET"]}}],"collection":[{"href":"https:\/\/anoticiaonline.com.br\/site\/wp-json\/wp\/v2\/posts"}],"about":[{"href":"https:\/\/anoticiaonline.com.br\/site\/wp-json\/wp\/v2\/types\/post"}],"author":[{"embeddable":true,"href":"https:\/\/anoticiaonline.com.br\/site\/wp-json\/wp\/v2\/users\/2"}],"replies":[{"embeddable":true,"href":"https:\/\/anoticiaonline.com.br\/site\/wp-json\/wp\/v2\/comments?post=11529"}],"version-history":[{"count":0,"href":"https:\/\/anoticiaonline.com.br\/site\/wp-json\/wp\/v2\/posts\/11529\/revisions"}],"wp:featuredmedia":[{"embeddable":true,"href":"https:\/\/anoticiaonline.com.br\/site\/wp-json\/wp\/v2\/media\/11530"}],"wp:attachment":[{"href":"https:\/\/anoticiaonline.com.br\/site\/wp-json\/wp\/v2\/media?parent=11529"}],"wp:term":[{"taxonomy":"category","embeddable":true,"href":"https:\/\/anoticiaonline.com.br\/site\/wp-json\/wp\/v2\/categories?post=11529"},{"taxonomy":"post_tag","embeddable":true,"href":"https:\/\/anoticiaonline.com.br\/site\/wp-json\/wp\/v2\/tags?post=11529"}],"curies":[{"name":"wp","href":"https:\/\/api.w.org\/{rel}","templated":true}]}}