{"id":11521,"date":"2016-04-06T10:52:32","date_gmt":"2016-04-06T13:52:32","guid":{"rendered":"http:\/\/anoticiaonline.com.br\/site\/?p=11521"},"modified":"2016-04-06T11:39:06","modified_gmt":"2016-04-06T14:39:06","slug":"comecam-as-oficinas-de-gastronomia-para-eventos-do-circuito-cultural","status":"publish","type":"post","link":"https:\/\/anoticiaonline.com.br\/site\/comecam-as-oficinas-de-gastronomia-para-eventos-do-circuito-cultural\/","title":{"rendered":"Come\u00e7am as oficinas de gastronomia para eventos do Circuito Cultural"},"content":{"rendered":"<figure id=\"attachment_11523\" aria-describedby=\"caption-attachment-11523\" style=\"width: 290px\" class=\"wp-caption alignleft\"><a href=\"https:\/\/anoticiaonline.com.br\/site\/wp-content\/uploads\/2016\/04\/12916063_814470772018958_2044797190468755188_o.jpg\"><img fetchpriority=\"high\" decoding=\"async\" class=\"wp-image-11523 size-medium\" src=\"https:\/\/anoticiaonline.com.br\/site\/wp-content\/uploads\/2016\/04\/12916063_814470772018958_2044797190468755188_o-300x297.jpg\" alt=\"12916063_814470772018958_2044797190468755188_o\" width=\"300\" height=\"297\" srcset=\"https:\/\/anoticiaonline.com.br\/site\/wp-content\/uploads\/2016\/04\/12916063_814470772018958_2044797190468755188_o-300x297.jpg 300w, https:\/\/anoticiaonline.com.br\/site\/wp-content\/uploads\/2016\/04\/12916063_814470772018958_2044797190468755188_o-150x150.jpg 150w, https:\/\/anoticiaonline.com.br\/site\/wp-content\/uploads\/2016\/04\/12916063_814470772018958_2044797190468755188_o.jpg 582w\" sizes=\"(max-width: 300px) 100vw, 300px\" \/><\/a><figcaption id=\"caption-attachment-11523\" class=\"wp-caption-text\">Foto: Rog\u00e9rio Sartory<\/figcaption><\/figure>\n<p>O renomado chef de cozinha, Eduardo Avelar, ministrou, na tarde de segunda e\u00a0 ter\u00e7a-feira (4 e 5), no Sesc, uma oficina para os propriet\u00e1rios de restaurantes dos distritos de Muria\u00e9 que fazem parte dos eventos do Circuito Cultural Grande Hotel Muriahe, como \u201cBoa Fam\u00edlia na Rota do Samba\u201d, \u201cGastronomia na Serra de Pirapanema\u201d, \u201cCavalgada Cultural R\u00e9dea Solta de Vermelho\u201d, \u201cEscalada Cultural de Macuco\u201d e \u201cFestival de Inverno de Belis\u00e1rio\u201d.<\/p>\n<p>Em maio, mais uma edi\u00e7\u00e3o da oficina ser\u00e1 ministrada por Eduardo Avelar e Felipe Rameh, que voltam a participar do \u201cFestival de Gastronomia na Serra de Pirapanema\u201d. Este ano, o festival gastron\u00f4mico de Pirapanema acontece entre os dias 2 e 5 de junho.<\/p>\n<p>&nbsp;<\/p>\n<p>&nbsp;<\/p>\n<figure id=\"attachment_11522\" aria-describedby=\"caption-attachment-11522\" style=\"width: 290px\" class=\"wp-caption aligncenter\"><a href=\"https:\/\/anoticiaonline.com.br\/site\/wp-content\/uploads\/2016\/04\/Oficinas-de-gastronomia-capacitam-propriet\u00e1rios-de-restaurantes-para-eventos-do-Circuito-Cultural-2.jpg\"><img decoding=\"async\" class=\"size-medium wp-image-11522\" src=\"https:\/\/anoticiaonline.com.br\/site\/wp-content\/uploads\/2016\/04\/Oficinas-de-gastronomia-capacitam-propriet\u00e1rios-de-restaurantes-para-eventos-do-Circuito-Cultural-2-300x248.jpg\" alt=\"Foto: Rog\u00e9rio Sartory\" width=\"300\" height=\"248\" srcset=\"https:\/\/anoticiaonline.com.br\/site\/wp-content\/uploads\/2016\/04\/Oficinas-de-gastronomia-capacitam-propriet\u00e1rios-de-restaurantes-para-eventos-do-Circuito-Cultural-2-300x248.jpg 300w, https:\/\/anoticiaonline.com.br\/site\/wp-content\/uploads\/2016\/04\/Oficinas-de-gastronomia-capacitam-propriet\u00e1rios-de-restaurantes-para-eventos-do-Circuito-Cultural-2.jpg 640w\" sizes=\"(max-width: 300px) 100vw, 300px\" \/><\/a><figcaption id=\"caption-attachment-11522\" class=\"wp-caption-text\">Foto: Rog\u00e9rio Sartory<\/figcaption><\/figure>\n","protected":false},"excerpt":{"rendered":"<p>O renomado chef de cozinha, Eduardo Avelar, ministrou, na tarde de segunda e\u00a0 ter\u00e7a-feira (4 e 5), no Sesc, uma oficina para os propriet\u00e1rios de restaurantes dos distritos de Muria\u00e9 que fazem parte dos eventos do Circuito Cultural Grande Hotel Muriahe, como \u201cBoa Fam\u00edlia na Rota do Samba\u201d, \u201cGastronomia na Serra de Pirapanema\u201d, \u201cCavalgada Cultural &#8230; <a title=\"Come\u00e7am as oficinas de gastronomia para eventos do Circuito Cultural\" class=\"read-more\" href=\"https:\/\/anoticiaonline.com.br\/site\/comecam-as-oficinas-de-gastronomia-para-eventos-do-circuito-cultural\/\" aria-label=\"Read more about Come\u00e7am as oficinas de gastronomia para eventos do Circuito Cultural\">Ler mais<\/a><\/p>\n","protected":false},"author":2,"featured_media":11522,"comment_status":"open","ping_status":"open","sticky":false,"template":"","format":"standard","meta":{"_acf_changed":false,"_monsterinsights_skip_tracking":false,"footnotes":""},"categories":[30],"tags":[3],"class_list":["post-11521","post","type-post","status-publish","format-standard","has-post-thumbnail","hentry","category-muriae","tag-slide"],"acf":[],"aioseo_notices":[],"aioseo_head":"\n\t\t<!-- All in One SEO 5.0.0.1 - aioseo.com -->\n\t<meta name=\"description\" content=\"O renomado chef de cozinha, Eduardo Avelar, ministrou, na tarde de segunda e ter\u00e7a-feira (4 e 5), no Sesc, uma oficina para os propriet\u00e1rios de restaurantes dos distritos de Muria\u00e9 que fazem parte dos eventos do Circuito Cultural Grande Hotel Muriahe, como \u201cBoa Fam\u00edlia na Rota do Samba\u201d, \u201cGastronomia na Serra de Pirapanema\u201d, \u201cCavalgada Cultural\" \/>\n\t<meta name=\"robots\" content=\"max-image-preview:large\" \/>\n\t<meta name=\"author\" content=\"Juliana Laviola\"\/>\n\t<link rel=\"canonical\" href=\"https:\/\/anoticiaonline.com.br\/site\/comecam-as-oficinas-de-gastronomia-para-eventos-do-circuito-cultural\/\" \/>\n\t<meta name=\"generator\" content=\"All in One SEO (AIOSEO) 5.0.0.1\" \/>\n\t\t<meta property=\"og:locale\" content=\"pt_BR\" \/>\n\t\t<meta property=\"og:site_name\" content=\"A Not\u00edcia Online - Noticias de Muria\u00e9 e regi\u00e3o\" \/>\n\t\t<meta property=\"og:type\" content=\"article\" \/>\n\t\t<meta property=\"og:title\" content=\"Come\u00e7am as oficinas de gastronomia para eventos do Circuito Cultural - A Not\u00edcia Online\" \/>\n\t\t<meta property=\"og:description\" content=\"O renomado chef de cozinha, Eduardo Avelar, ministrou, na tarde de segunda e ter\u00e7a-feira (4 e 5), no Sesc, uma oficina para os propriet\u00e1rios de restaurantes dos distritos de Muria\u00e9 que fazem parte dos eventos do Circuito Cultural Grande Hotel Muriahe, como \u201cBoa Fam\u00edlia na Rota do Samba\u201d, \u201cGastronomia na Serra de Pirapanema\u201d, \u201cCavalgada Cultural\" \/>\n\t\t<meta property=\"og:url\" content=\"https:\/\/anoticiaonline.com.br\/site\/comecam-as-oficinas-de-gastronomia-para-eventos-do-circuito-cultural\/\" \/>\n\t\t<meta property=\"og:image\" content=\"https:\/\/scontent-gig4-1.xx.fbcdn.net\/v\/t39.30808-1\/270437624_4564083193639691_6907940295614233970_n.jpg?stp=dst-jpg_s200x200_tt6&#038;_nc_cat=111&#038;ccb=1-7&#038;_nc_sid=f907e8&#038;_nc_ohc=SM1wRlP3lJwQ7kNvwEPuBYA&#038;_nc_oc=AdnqrjDN_BNjSSHWO-GbkIWH6fkGMLw4bqvL_NH6e2wMveX7G-rP2dAqsDSq1mJMOaY&#038;_nc_zt=24&#038;_nc_ht=scontent-gig4-1.xx&#038;_nc_gid=AoBFJeGrT1hVaew_6rchkQ&#038;oh=00_AfX7QmFGhQhG2jAllVgXCiM1ZrWgvtp80-Bfppyexh1QEg&#038;oe=689E923C\" \/>\n\t\t<meta property=\"og:image:secure_url\" content=\"https:\/\/scontent-gig4-1.xx.fbcdn.net\/v\/t39.30808-1\/270437624_4564083193639691_6907940295614233970_n.jpg?stp=dst-jpg_s200x200_tt6&#038;_nc_cat=111&#038;ccb=1-7&#038;_nc_sid=f907e8&#038;_nc_ohc=SM1wRlP3lJwQ7kNvwEPuBYA&#038;_nc_oc=AdnqrjDN_BNjSSHWO-GbkIWH6fkGMLw4bqvL_NH6e2wMveX7G-rP2dAqsDSq1mJMOaY&#038;_nc_zt=24&#038;_nc_ht=scontent-gig4-1.xx&#038;_nc_gid=AoBFJeGrT1hVaew_6rchkQ&#038;oh=00_AfX7QmFGhQhG2jAllVgXCiM1ZrWgvtp80-Bfppyexh1QEg&#038;oe=689E923C\" \/>\n\t\t<meta property=\"article:published_time\" content=\"2016-04-06T13:52:32+00:00\" \/>\n\t\t<meta property=\"article:modified_time\" content=\"2016-04-06T14:39:06+00:00\" \/>\n\t\t<meta name=\"twitter:card\" content=\"summary_large_image\" \/>\n\t\t<meta name=\"twitter:title\" content=\"Come\u00e7am as oficinas de gastronomia para eventos do Circuito Cultural - A Not\u00edcia Online\" \/>\n\t\t<meta name=\"twitter:description\" content=\"O renomado chef de cozinha, Eduardo Avelar, ministrou, na tarde de segunda e ter\u00e7a-feira (4 e 5), no Sesc, uma oficina para os propriet\u00e1rios de restaurantes dos distritos de Muria\u00e9 que fazem parte dos eventos do Circuito Cultural Grande Hotel Muriahe, como \u201cBoa Fam\u00edlia na Rota do Samba\u201d, \u201cGastronomia na Serra de Pirapanema\u201d, \u201cCavalgada Cultural\" \/>\n\t\t<meta name=\"twitter:image\" content=\"https:\/\/scontent-gig4-1.xx.fbcdn.net\/v\/t39.30808-1\/270437624_4564083193639691_6907940295614233970_n.jpg?stp=dst-jpg_s200x200_tt6&amp;_nc_cat=111&amp;ccb=1-7&amp;_nc_sid=f907e8&amp;_nc_ohc=SM1wRlP3lJwQ7kNvwEPuBYA&amp;_nc_oc=AdnqrjDN_BNjSSHWO-GbkIWH6fkGMLw4bqvL_NH6e2wMveX7G-rP2dAqsDSq1mJMOaY&amp;_nc_zt=24&amp;_nc_ht=scontent-gig4-1.xx&amp;_nc_gid=AoBFJeGrT1hVaew_6rchkQ&amp;oh=00_AfX7QmFGhQhG2jAllVgXCiM1ZrWgvtp80-Bfppyexh1QEg&amp;oe=689E923C\" \/>\n\t\t<script type=\"application\/ld+json\" class=\"aioseo-schema\">\n\t\t\t{\"@context\":\"https:\\\/\\\/schema.org\",\"@graph\":[{\"@type\":\"BlogPosting\",\"@id\":\"https:\\\/\\\/anoticiaonline.com.br\\\/site\\\/comecam-as-oficinas-de-gastronomia-para-eventos-do-circuito-cultural\\\/#blogposting\",\"name\":\"Come\\u00e7am as oficinas de gastronomia para eventos do Circuito Cultural - A Not\\u00edcia Online\",\"headline\":\"Come\\u00e7am as oficinas de gastronomia para eventos do Circuito Cultural\",\"author\":{\"@id\":\"https:\\\/\\\/anoticiaonline.com.br\\\/site\\\/author\\\/juliana\\\/#author\"},\"publisher\":{\"@id\":\"https:\\\/\\\/anoticiaonline.com.br\\\/site\\\/#organization\"},\"image\":{\"@type\":\"ImageObject\",\"url\":\"https:\\\/\\\/anoticiaonline.com.br\\\/site\\\/wp-content\\\/uploads\\\/2016\\\/04\\\/Oficinas-de-gastronomia-capacitam-propriet\\u00e1rios-de-restaurantes-para-eventos-do-Circuito-Cultural-2.jpg\",\"width\":640,\"height\":529,\"caption\":\"Foto: Rog\\u00e9rio Sartory\"},\"datePublished\":\"2016-04-06T10:52:32-03:00\",\"dateModified\":\"2016-04-06T11:39:06-03:00\",\"inLanguage\":\"pt-BR\",\"mainEntityOfPage\":{\"@id\":\"https:\\\/\\\/anoticiaonline.com.br\\\/site\\\/comecam-as-oficinas-de-gastronomia-para-eventos-do-circuito-cultural\\\/#webpage\"},\"isPartOf\":{\"@id\":\"https:\\\/\\\/anoticiaonline.com.br\\\/site\\\/comecam-as-oficinas-de-gastronomia-para-eventos-do-circuito-cultural\\\/#webpage\"},\"articleSection\":\"Blog, slide\"},{\"@type\":\"BreadcrumbList\",\"@id\":\"https:\\\/\\\/anoticiaonline.com.br\\\/site\\\/comecam-as-oficinas-de-gastronomia-para-eventos-do-circuito-cultural\\\/#breadcrumblist\",\"itemListElement\":[{\"@type\":\"ListItem\",\"@id\":\"https:\\\/\\\/anoticiaonline.com.br\\\/site#listItem\",\"position\":1,\"name\":\"Home\",\"item\":\"https:\\\/\\\/anoticiaonline.com.br\\\/site\",\"nextItem\":{\"@type\":\"ListItem\",\"@id\":\"https:\\\/\\\/anoticiaonline.com.br\\\/site\\\/categoria\\\/muriae\\\/#listItem\",\"name\":\"Blog\"}},{\"@type\":\"ListItem\",\"@id\":\"https:\\\/\\\/anoticiaonline.com.br\\\/site\\\/categoria\\\/muriae\\\/#listItem\",\"position\":2,\"name\":\"Blog\",\"item\":\"https:\\\/\\\/anoticiaonline.com.br\\\/site\\\/categoria\\\/muriae\\\/\",\"nextItem\":{\"@type\":\"ListItem\",\"@id\":\"https:\\\/\\\/anoticiaonline.com.br\\\/site\\\/comecam-as-oficinas-de-gastronomia-para-eventos-do-circuito-cultural\\\/#listItem\",\"name\":\"Come\\u00e7am as oficinas de gastronomia para eventos do Circuito Cultural\"},\"previousItem\":{\"@type\":\"ListItem\",\"@id\":\"https:\\\/\\\/anoticiaonline.com.br\\\/site#listItem\",\"name\":\"Home\"}},{\"@type\":\"ListItem\",\"@id\":\"https:\\\/\\\/anoticiaonline.com.br\\\/site\\\/comecam-as-oficinas-de-gastronomia-para-eventos-do-circuito-cultural\\\/#listItem\",\"position\":3,\"name\":\"Come\\u00e7am as oficinas de gastronomia para eventos do Circuito Cultural\",\"previousItem\":{\"@type\":\"ListItem\",\"@id\":\"https:\\\/\\\/anoticiaonline.com.br\\\/site\\\/categoria\\\/muriae\\\/#listItem\",\"name\":\"Blog\"}}]},{\"@type\":\"Organization\",\"@id\":\"https:\\\/\\\/anoticiaonline.com.br\\\/site\\\/#organization\",\"name\":\"A Not\\u00edcia Online\",\"description\":\"Noticias de Muria\\u00e9 e regi\\u00e3o\",\"url\":\"https:\\\/\\\/anoticiaonline.com.br\\\/site\\\/\",\"logo\":{\"@type\":\"ImageObject\",\"url\":\"https:\\\/\\\/scontent-gig4-1.xx.fbcdn.net\\\/v\\\/t39.30808-1\\\/270437624_4564083193639691_6907940295614233970_n.jpg?stp=dst-jpg_s200x200_tt6&_nc_cat=111&ccb=1-7&_nc_sid=f907e8&_nc_ohc=SM1wRlP3lJwQ7kNvwEPuBYA&_nc_oc=AdnqrjDN_BNjSSHWO-GbkIWH6fkGMLw4bqvL_NH6e2wMveX7G-rP2dAqsDSq1mJMOaY&_nc_zt=24&_nc_ht=scontent-gig4-1.xx&_nc_gid=AoBFJeGrT1hVaew_6rchkQ&oh=00_AfX7QmFGhQhG2jAllVgXCiM1ZrWgvtp80-Bfppyexh1QEg&oe=689E923C\",\"@id\":\"https:\\\/\\\/anoticiaonline.com.br\\\/site\\\/comecam-as-oficinas-de-gastronomia-para-eventos-do-circuito-cultural\\\/#organizationLogo\"},\"image\":{\"@id\":\"https:\\\/\\\/anoticiaonline.com.br\\\/site\\\/comecam-as-oficinas-de-gastronomia-para-eventos-do-circuito-cultural\\\/#organizationLogo\"}},{\"@type\":\"Person\",\"@id\":\"https:\\\/\\\/anoticiaonline.com.br\\\/site\\\/author\\\/juliana\\\/#author\",\"url\":\"https:\\\/\\\/anoticiaonline.com.br\\\/site\\\/author\\\/juliana\\\/\",\"name\":\"Juliana Laviola\",\"image\":{\"@type\":\"ImageObject\",\"@id\":\"https:\\\/\\\/anoticiaonline.com.br\\\/site\\\/comecam-as-oficinas-de-gastronomia-para-eventos-do-circuito-cultural\\\/#authorImage\",\"url\":\"https:\\\/\\\/secure.gravatar.com\\\/avatar\\\/b8d45f5c699b100dfaf0e543582f38f38bf94cb7ae3a5e9abf8d891a34773335?s=96&d=mm&r=g\",\"width\":96,\"height\":96,\"caption\":\"Juliana Laviola\"}},{\"@type\":\"WebPage\",\"@id\":\"https:\\\/\\\/anoticiaonline.com.br\\\/site\\\/comecam-as-oficinas-de-gastronomia-para-eventos-do-circuito-cultural\\\/#webpage\",\"url\":\"https:\\\/\\\/anoticiaonline.com.br\\\/site\\\/comecam-as-oficinas-de-gastronomia-para-eventos-do-circuito-cultural\\\/\",\"name\":\"Come\\u00e7am as oficinas de gastronomia para eventos do Circuito Cultural - A Not\\u00edcia Online\",\"description\":\"O renomado chef de cozinha, Eduardo Avelar, ministrou, na tarde de segunda e ter\\u00e7a-feira (4 e 5), no Sesc, uma oficina para os propriet\\u00e1rios de restaurantes dos distritos de Muria\\u00e9 que fazem parte dos eventos do Circuito Cultural Grande Hotel Muriahe, como \\u201cBoa Fam\\u00edlia na Rota do Samba\\u201d, \\u201cGastronomia na Serra de Pirapanema\\u201d, \\u201cCavalgada Cultural\",\"inLanguage\":\"pt-BR\",\"isPartOf\":{\"@id\":\"https:\\\/\\\/anoticiaonline.com.br\\\/site\\\/#website\"},\"breadcrumb\":{\"@id\":\"https:\\\/\\\/anoticiaonline.com.br\\\/site\\\/comecam-as-oficinas-de-gastronomia-para-eventos-do-circuito-cultural\\\/#breadcrumblist\"},\"author\":{\"@id\":\"https:\\\/\\\/anoticiaonline.com.br\\\/site\\\/author\\\/juliana\\\/#author\"},\"creator\":{\"@id\":\"https:\\\/\\\/anoticiaonline.com.br\\\/site\\\/author\\\/juliana\\\/#author\"},\"image\":{\"@type\":\"ImageObject\",\"url\":\"https:\\\/\\\/anoticiaonline.com.br\\\/site\\\/wp-content\\\/uploads\\\/2016\\\/04\\\/Oficinas-de-gastronomia-capacitam-propriet\\u00e1rios-de-restaurantes-para-eventos-do-Circuito-Cultural-2.jpg\",\"@id\":\"https:\\\/\\\/anoticiaonline.com.br\\\/site\\\/comecam-as-oficinas-de-gastronomia-para-eventos-do-circuito-cultural\\\/#mainImage\",\"width\":640,\"height\":529,\"caption\":\"Foto: Rog\\u00e9rio Sartory\"},\"primaryImageOfPage\":{\"@id\":\"https:\\\/\\\/anoticiaonline.com.br\\\/site\\\/comecam-as-oficinas-de-gastronomia-para-eventos-do-circuito-cultural\\\/#mainImage\"},\"datePublished\":\"2016-04-06T10:52:32-03:00\",\"dateModified\":\"2016-04-06T11:39:06-03:00\"},{\"@type\":\"WebSite\",\"@id\":\"https:\\\/\\\/anoticiaonline.com.br\\\/site\\\/#website\",\"url\":\"https:\\\/\\\/anoticiaonline.com.br\\\/site\\\/\",\"name\":\"A Not\\u00edcia Online\",\"description\":\"Noticias de Muria\\u00e9 e regi\\u00e3o\",\"inLanguage\":\"pt-BR\",\"publisher\":{\"@id\":\"https:\\\/\\\/anoticiaonline.com.br\\\/site\\\/#organization\"}}]}\n\t\t<\/script>\n\t\t<!-- All in One SEO -->\n\n","aioseo_head_json":{"title":"Come\u00e7am as oficinas de gastronomia para eventos do Circuito Cultural - A Not\u00edcia Online","description":"O renomado chef de cozinha, Eduardo Avelar, ministrou, na tarde de segunda e ter\u00e7a-feira (4 e 5), no Sesc, uma oficina para os propriet\u00e1rios de restaurantes dos distritos de Muria\u00e9 que fazem parte dos eventos do Circuito Cultural Grande Hotel Muriahe, como \u201cBoa Fam\u00edlia na Rota do Samba\u201d, \u201cGastronomia na Serra de Pirapanema\u201d, \u201cCavalgada Cultural","canonical_url":"https:\/\/anoticiaonline.com.br\/site\/comecam-as-oficinas-de-gastronomia-para-eventos-do-circuito-cultural\/","robots":"max-image-preview:large","keywords":"","webmasterTools":{"miscellaneous":""},"schema":{"@context":"https:\/\/schema.org","@graph":[{"@type":"BlogPosting","@id":"https:\/\/anoticiaonline.com.br\/site\/comecam-as-oficinas-de-gastronomia-para-eventos-do-circuito-cultural\/#blogposting","name":"Come\u00e7am as oficinas de gastronomia para eventos do Circuito Cultural - A Not\u00edcia Online","headline":"Come\u00e7am as oficinas de gastronomia para eventos do Circuito Cultural","author":{"@id":"https:\/\/anoticiaonline.com.br\/site\/author\/juliana\/#author"},"publisher":{"@id":"https:\/\/anoticiaonline.com.br\/site\/#organization"},"image":{"@type":"ImageObject","url":"https:\/\/anoticiaonline.com.br\/site\/wp-content\/uploads\/2016\/04\/Oficinas-de-gastronomia-capacitam-propriet\u00e1rios-de-restaurantes-para-eventos-do-Circuito-Cultural-2.jpg","width":640,"height":529,"caption":"Foto: Rog\u00e9rio Sartory"},"datePublished":"2016-04-06T10:52:32-03:00","dateModified":"2016-04-06T11:39:06-03:00","inLanguage":"pt-BR","mainEntityOfPage":{"@id":"https:\/\/anoticiaonline.com.br\/site\/comecam-as-oficinas-de-gastronomia-para-eventos-do-circuito-cultural\/#webpage"},"isPartOf":{"@id":"https:\/\/anoticiaonline.com.br\/site\/comecam-as-oficinas-de-gastronomia-para-eventos-do-circuito-cultural\/#webpage"},"articleSection":"Blog, slide"},{"@type":"BreadcrumbList","@id":"https:\/\/anoticiaonline.com.br\/site\/comecam-as-oficinas-de-gastronomia-para-eventos-do-circuito-cultural\/#breadcrumblist","itemListElement":[{"@type":"ListItem","@id":"https:\/\/anoticiaonline.com.br\/site#listItem","position":1,"name":"Home","item":"https:\/\/anoticiaonline.com.br\/site","nextItem":{"@type":"ListItem","@id":"https:\/\/anoticiaonline.com.br\/site\/categoria\/muriae\/#listItem","name":"Blog"}},{"@type":"ListItem","@id":"https:\/\/anoticiaonline.com.br\/site\/categoria\/muriae\/#listItem","position":2,"name":"Blog","item":"https:\/\/anoticiaonline.com.br\/site\/categoria\/muriae\/","nextItem":{"@type":"ListItem","@id":"https:\/\/anoticiaonline.com.br\/site\/comecam-as-oficinas-de-gastronomia-para-eventos-do-circuito-cultural\/#listItem","name":"Come\u00e7am as oficinas de gastronomia para eventos do Circuito Cultural"},"previousItem":{"@type":"ListItem","@id":"https:\/\/anoticiaonline.com.br\/site#listItem","name":"Home"}},{"@type":"ListItem","@id":"https:\/\/anoticiaonline.com.br\/site\/comecam-as-oficinas-de-gastronomia-para-eventos-do-circuito-cultural\/#listItem","position":3,"name":"Come\u00e7am as oficinas de gastronomia para eventos do Circuito Cultural","previousItem":{"@type":"ListItem","@id":"https:\/\/anoticiaonline.com.br\/site\/categoria\/muriae\/#listItem","name":"Blog"}}]},{"@type":"Organization","@id":"https:\/\/anoticiaonline.com.br\/site\/#organization","name":"A Not\u00edcia Online","description":"Noticias de Muria\u00e9 e regi\u00e3o","url":"https:\/\/anoticiaonline.com.br\/site\/","logo":{"@type":"ImageObject","url":"https:\/\/scontent-gig4-1.xx.fbcdn.net\/v\/t39.30808-1\/270437624_4564083193639691_6907940295614233970_n.jpg?stp=dst-jpg_s200x200_tt6&_nc_cat=111&ccb=1-7&_nc_sid=f907e8&_nc_ohc=SM1wRlP3lJwQ7kNvwEPuBYA&_nc_oc=AdnqrjDN_BNjSSHWO-GbkIWH6fkGMLw4bqvL_NH6e2wMveX7G-rP2dAqsDSq1mJMOaY&_nc_zt=24&_nc_ht=scontent-gig4-1.xx&_nc_gid=AoBFJeGrT1hVaew_6rchkQ&oh=00_AfX7QmFGhQhG2jAllVgXCiM1ZrWgvtp80-Bfppyexh1QEg&oe=689E923C","@id":"https:\/\/anoticiaonline.com.br\/site\/comecam-as-oficinas-de-gastronomia-para-eventos-do-circuito-cultural\/#organizationLogo"},"image":{"@id":"https:\/\/anoticiaonline.com.br\/site\/comecam-as-oficinas-de-gastronomia-para-eventos-do-circuito-cultural\/#organizationLogo"}},{"@type":"Person","@id":"https:\/\/anoticiaonline.com.br\/site\/author\/juliana\/#author","url":"https:\/\/anoticiaonline.com.br\/site\/author\/juliana\/","name":"Juliana Laviola","image":{"@type":"ImageObject","@id":"https:\/\/anoticiaonline.com.br\/site\/comecam-as-oficinas-de-gastronomia-para-eventos-do-circuito-cultural\/#authorImage","url":"https:\/\/secure.gravatar.com\/avatar\/b8d45f5c699b100dfaf0e543582f38f38bf94cb7ae3a5e9abf8d891a34773335?s=96&d=mm&r=g","width":96,"height":96,"caption":"Juliana Laviola"}},{"@type":"WebPage","@id":"https:\/\/anoticiaonline.com.br\/site\/comecam-as-oficinas-de-gastronomia-para-eventos-do-circuito-cultural\/#webpage","url":"https:\/\/anoticiaonline.com.br\/site\/comecam-as-oficinas-de-gastronomia-para-eventos-do-circuito-cultural\/","name":"Come\u00e7am as oficinas de gastronomia para eventos do Circuito Cultural - A Not\u00edcia Online","description":"O renomado chef de cozinha, Eduardo Avelar, ministrou, na tarde de segunda e ter\u00e7a-feira (4 e 5), no Sesc, uma oficina para os propriet\u00e1rios de restaurantes dos distritos de Muria\u00e9 que fazem parte dos eventos do Circuito Cultural Grande Hotel Muriahe, como \u201cBoa Fam\u00edlia na Rota do Samba\u201d, \u201cGastronomia na Serra de Pirapanema\u201d, \u201cCavalgada Cultural","inLanguage":"pt-BR","isPartOf":{"@id":"https:\/\/anoticiaonline.com.br\/site\/#website"},"breadcrumb":{"@id":"https:\/\/anoticiaonline.com.br\/site\/comecam-as-oficinas-de-gastronomia-para-eventos-do-circuito-cultural\/#breadcrumblist"},"author":{"@id":"https:\/\/anoticiaonline.com.br\/site\/author\/juliana\/#author"},"creator":{"@id":"https:\/\/anoticiaonline.com.br\/site\/author\/juliana\/#author"},"image":{"@type":"ImageObject","url":"https:\/\/anoticiaonline.com.br\/site\/wp-content\/uploads\/2016\/04\/Oficinas-de-gastronomia-capacitam-propriet\u00e1rios-de-restaurantes-para-eventos-do-Circuito-Cultural-2.jpg","@id":"https:\/\/anoticiaonline.com.br\/site\/comecam-as-oficinas-de-gastronomia-para-eventos-do-circuito-cultural\/#mainImage","width":640,"height":529,"caption":"Foto: Rog\u00e9rio Sartory"},"primaryImageOfPage":{"@id":"https:\/\/anoticiaonline.com.br\/site\/comecam-as-oficinas-de-gastronomia-para-eventos-do-circuito-cultural\/#mainImage"},"datePublished":"2016-04-06T10:52:32-03:00","dateModified":"2016-04-06T11:39:06-03:00"},{"@type":"WebSite","@id":"https:\/\/anoticiaonline.com.br\/site\/#website","url":"https:\/\/anoticiaonline.com.br\/site\/","name":"A Not\u00edcia Online","description":"Noticias de Muria\u00e9 e regi\u00e3o","inLanguage":"pt-BR","publisher":{"@id":"https:\/\/anoticiaonline.com.br\/site\/#organization"}}]},"og:locale":"pt_BR","og:site_name":"A Not\u00edcia Online - Noticias de Muria\u00e9 e regi\u00e3o","og:type":"article","og:title":"Come\u00e7am as oficinas de gastronomia para eventos do Circuito Cultural - A Not\u00edcia Online","og:description":"O renomado chef de cozinha, Eduardo Avelar, ministrou, na tarde de segunda e ter\u00e7a-feira (4 e 5), no Sesc, uma oficina para os propriet\u00e1rios de restaurantes dos distritos de Muria\u00e9 que fazem parte dos eventos do Circuito Cultural Grande Hotel Muriahe, como \u201cBoa Fam\u00edlia na Rota do Samba\u201d, \u201cGastronomia na Serra de Pirapanema\u201d, \u201cCavalgada Cultural","og:url":"https:\/\/anoticiaonline.com.br\/site\/comecam-as-oficinas-de-gastronomia-para-eventos-do-circuito-cultural\/","og:image":"https:\/\/scontent-gig4-1.xx.fbcdn.net\/v\/t39.30808-1\/270437624_4564083193639691_6907940295614233970_n.jpg?stp=dst-jpg_s200x200_tt6&#038;_nc_cat=111&#038;ccb=1-7&#038;_nc_sid=f907e8&#038;_nc_ohc=SM1wRlP3lJwQ7kNvwEPuBYA&#038;_nc_oc=AdnqrjDN_BNjSSHWO-GbkIWH6fkGMLw4bqvL_NH6e2wMveX7G-rP2dAqsDSq1mJMOaY&#038;_nc_zt=24&#038;_nc_ht=scontent-gig4-1.xx&#038;_nc_gid=AoBFJeGrT1hVaew_6rchkQ&#038;oh=00_AfX7QmFGhQhG2jAllVgXCiM1ZrWgvtp80-Bfppyexh1QEg&#038;oe=689E923C","og:image:secure_url":"https:\/\/scontent-gig4-1.xx.fbcdn.net\/v\/t39.30808-1\/270437624_4564083193639691_6907940295614233970_n.jpg?stp=dst-jpg_s200x200_tt6&#038;_nc_cat=111&#038;ccb=1-7&#038;_nc_sid=f907e8&#038;_nc_ohc=SM1wRlP3lJwQ7kNvwEPuBYA&#038;_nc_oc=AdnqrjDN_BNjSSHWO-GbkIWH6fkGMLw4bqvL_NH6e2wMveX7G-rP2dAqsDSq1mJMOaY&#038;_nc_zt=24&#038;_nc_ht=scontent-gig4-1.xx&#038;_nc_gid=AoBFJeGrT1hVaew_6rchkQ&#038;oh=00_AfX7QmFGhQhG2jAllVgXCiM1ZrWgvtp80-Bfppyexh1QEg&#038;oe=689E923C","article:published_time":"2016-04-06T13:52:32+00:00","article:modified_time":"2016-04-06T14:39:06+00:00","twitter:card":"summary_large_image","twitter:title":"Come\u00e7am as oficinas de gastronomia para eventos do Circuito Cultural - A Not\u00edcia Online","twitter:description":"O renomado chef de cozinha, Eduardo Avelar, ministrou, na tarde de segunda e ter\u00e7a-feira (4 e 5), no Sesc, uma oficina para os propriet\u00e1rios de restaurantes dos distritos de Muria\u00e9 que fazem parte dos eventos do Circuito Cultural Grande Hotel Muriahe, como \u201cBoa Fam\u00edlia na Rota do Samba\u201d, \u201cGastronomia na Serra de Pirapanema\u201d, \u201cCavalgada Cultural","twitter:image":"https:\/\/scontent-gig4-1.xx.fbcdn.net\/v\/t39.30808-1\/270437624_4564083193639691_6907940295614233970_n.jpg?stp=dst-jpg_s200x200_tt6&_nc_cat=111&ccb=1-7&_nc_sid=f907e8&_nc_ohc=SM1wRlP3lJwQ7kNvwEPuBYA&_nc_oc=AdnqrjDN_BNjSSHWO-GbkIWH6fkGMLw4bqvL_NH6e2wMveX7G-rP2dAqsDSq1mJMOaY&_nc_zt=24&_nc_ht=scontent-gig4-1.xx&_nc_gid=AoBFJeGrT1hVaew_6rchkQ&oh=00_AfX7QmFGhQhG2jAllVgXCiM1ZrWgvtp80-Bfppyexh1QEg&oe=689E923C"},"aioseo_meta_data":{"post_id":"11521","title":null,"description":null,"keywords":null,"keyphrases":null,"primary_term":null,"canonical_url":null,"og_title":null,"og_description":null,"og_object_type":"default","og_image_type":"default","og_image_url":null,"og_image_width":null,"og_image_height":null,"og_image_custom_url":null,"og_image_custom_fields":null,"og_video":null,"og_custom_url":null,"og_article_section":null,"og_article_tags":null,"twitter_use_og":false,"twitter_card":"default","twitter_image_type":"default","twitter_image_url":null,"twitter_image_custom_url":null,"twitter_image_custom_fields":null,"twitter_title":null,"twitter_description":null,"schema":{"blockGraphs":[],"customGraphs":[],"default":{"data":{"Article":[],"Course":[],"Dataset":[],"FAQPage":[],"Movie":[],"Person":[],"Product":[],"ProductReview":[],"Car":[],"Recipe":[],"Service":[],"SoftwareApplication":[],"WebPage":[]},"graphName":"","isEnabled":true},"graphs":[]},"schema_type":"default","schema_type_options":null,"pillar_content":false,"robots_default":true,"robots_noindex":false,"robots_noarchive":false,"robots_nosnippet":false,"robots_nofollow":false,"robots_noimageindex":false,"robots_noodp":false,"robots_notranslate":false,"robots_max_snippet":null,"robots_max_videopreview":null,"robots_max_imagepreview":"large","priority":null,"frequency":null,"local_seo":null,"breadcrumb_settings":null,"limit_modified_date":false,"ai":null,"created":"2025-08-16 15:43:19","updated":"2025-08-16 15:43:19","focus_keyword":null,"additional_keywords":null,"truseo_locale":null,"seo_analyzer_scan_date":null},"aioseo_breadcrumb":"<div class=\"aioseo-breadcrumbs\"><span class=\"aioseo-breadcrumb\">\n\t\t\t<a href=\"https:\/\/anoticiaonline.com.br\/site\" title=\"Home\">Home<\/a>\n\t\t<\/span><span class=\"aioseo-breadcrumb-separator\">&raquo;<\/span><span class=\"aioseo-breadcrumb\">\n\t\t\t<a href=\"https:\/\/anoticiaonline.com.br\/site\/categoria\/muriae\/\" title=\"Blog\">Blog<\/a>\n\t\t<\/span><span class=\"aioseo-breadcrumb-separator\">&raquo;<\/span><span class=\"aioseo-breadcrumb\">\n\t\t\tCome\u00e7am as oficinas de gastronomia para eventos do Circuito Cultural\n\t\t<\/span><\/div>","aioseo_breadcrumb_json":[{"label":"Home","link":"https:\/\/anoticiaonline.com.br\/site"},{"label":"Blog","link":"https:\/\/anoticiaonline.com.br\/site\/categoria\/muriae\/"},{"label":"Come\u00e7am as oficinas de gastronomia para eventos do Circuito Cultural","link":"https:\/\/anoticiaonline.com.br\/site\/comecam-as-oficinas-de-gastronomia-para-eventos-do-circuito-cultural\/"}],"views":137,"_links":{"self":[{"href":"https:\/\/anoticiaonline.com.br\/site\/wp-json\/wp\/v2\/posts\/11521","targetHints":{"allow":["GET"]}}],"collection":[{"href":"https:\/\/anoticiaonline.com.br\/site\/wp-json\/wp\/v2\/posts"}],"about":[{"href":"https:\/\/anoticiaonline.com.br\/site\/wp-json\/wp\/v2\/types\/post"}],"author":[{"embeddable":true,"href":"https:\/\/anoticiaonline.com.br\/site\/wp-json\/wp\/v2\/users\/2"}],"replies":[{"embeddable":true,"href":"https:\/\/anoticiaonline.com.br\/site\/wp-json\/wp\/v2\/comments?post=11521"}],"version-history":[{"count":0,"href":"https:\/\/anoticiaonline.com.br\/site\/wp-json\/wp\/v2\/posts\/11521\/revisions"}],"wp:featuredmedia":[{"embeddable":true,"href":"https:\/\/anoticiaonline.com.br\/site\/wp-json\/wp\/v2\/media\/11522"}],"wp:attachment":[{"href":"https:\/\/anoticiaonline.com.br\/site\/wp-json\/wp\/v2\/media?parent=11521"}],"wp:term":[{"taxonomy":"category","embeddable":true,"href":"https:\/\/anoticiaonline.com.br\/site\/wp-json\/wp\/v2\/categories?post=11521"},{"taxonomy":"post_tag","embeddable":true,"href":"https:\/\/anoticiaonline.com.br\/site\/wp-json\/wp\/v2\/tags?post=11521"}],"curies":[{"name":"wp","href":"https:\/\/api.w.org\/{rel}","templated":true}]}}