{"id":11438,"date":"2016-04-01T10:27:07","date_gmt":"2016-04-01T13:27:07","guid":{"rendered":"http:\/\/anoticiaonline.com.br\/site\/?p=11438"},"modified":"2016-04-01T10:27:07","modified_gmt":"2016-04-01T13:27:07","slug":"clubinho-ambiental-de-mirai-se-mobiliza-no-combate-a-dengue","status":"publish","type":"post","link":"https:\/\/anoticiaonline.com.br\/site\/clubinho-ambiental-de-mirai-se-mobiliza-no-combate-a-dengue\/","title":{"rendered":"Clubinho Ambiental de Mira\u00ed se mobiliza no combate \u00e0 dengue"},"content":{"rendered":"<p><a href=\"https:\/\/anoticiaonline.com.br\/site\/wp-content\/uploads\/2016\/04\/IMG-20160401-WA0016.jpg\"><img fetchpriority=\"high\" decoding=\"async\" class=\" size-medium wp-image-11440 alignleft\" src=\"https:\/\/anoticiaonline.com.br\/site\/wp-content\/uploads\/2016\/04\/IMG-20160401-WA0016-300x182.jpg\" alt=\"IMG-20160401-WA0016\" width=\"300\" height=\"182\" srcset=\"https:\/\/anoticiaonline.com.br\/site\/wp-content\/uploads\/2016\/04\/IMG-20160401-WA0016-300x182.jpg 300w, https:\/\/anoticiaonline.com.br\/site\/wp-content\/uploads\/2016\/04\/IMG-20160401-WA0016.jpg 640w\" sizes=\"(max-width: 300px) 100vw, 300px\" \/><\/a>O Clubinho Ambiental da Escola Municipal Doutor Justino Pereira, em Mira\u00ed, realizou, na manh\u00e3 de quinta-feira (31), uma passeata pelas ruas daquele munic\u00edpio distribuindo panfletos com orienta\u00e7\u00e3o de combate \u00e0 dengue.<\/p>\n<p>Participaram da a\u00e7\u00e3o alunos do Programa de Educa\u00e7\u00e3o Ambiental (Progea), projeto idealizado e desenvolvido pela Pol\u00edcia Militar, do ano passado, alunos que est\u00e3o participando do programa em 2016, representantes das secretarias de Educa\u00e7\u00e3o e Epidemiologia daquele munic\u00edpio, militares do Pelot\u00e3o de Mira\u00ed, professores e alguns pais.<\/p>\n<p>Ap\u00f3s percorrerem as ruas centrais de Mira\u00ed, os participantes se encontraram, na pra\u00e7a central, com os alunos do Programa Educacional de Resist\u00eancias \u00e0s Drogas e \u00e0 Viol\u00eancia (Proerd).<\/p>\n<p><strong><a href=\"https:\/\/anoticiaonline.com.br\/site\/wp-content\/uploads\/2016\/04\/IMG-20160401-WA0011.jpg\"><img decoding=\"async\" class=\" size-medium wp-image-11441 alignleft\" src=\"https:\/\/anoticiaonline.com.br\/site\/wp-content\/uploads\/2016\/04\/IMG-20160401-WA0011-300x195.jpg\" alt=\"IMG-20160401-WA0011\" width=\"300\" height=\"195\" srcset=\"https:\/\/anoticiaonline.com.br\/site\/wp-content\/uploads\/2016\/04\/IMG-20160401-WA0011-300x195.jpg 300w, https:\/\/anoticiaonline.com.br\/site\/wp-content\/uploads\/2016\/04\/IMG-20160401-WA0011.jpg 640w\" sizes=\"(max-width: 300px) 100vw, 300px\" \/><\/a>VISITA DO COMANDANTE \u2013<\/strong> O 5\u00ba Grupamento de Meio Ambiente e Tr\u00e2nsito recebeu, ao final da tarde de quinta-feira, a primeira visita do comandante da 4\u00aa Companhia Independente de Meio Ambiente e Tr\u00e2nsito Rodovi\u00e1rio, tenente-coronel Paulo Henrique, o qual estava acompanhado do tenente-coronel Wagner e o tenente Andr\u00e9 Barbosa, respons\u00e1vel pelo Pelot\u00e3o de Meio Ambiente em Cataguases.<\/p>\n<p><img decoding=\"async\" class=\"ngg_displayed_gallery mceItem\" src=\"https:\/\/anoticiaonline.com.br\/site\/nextgen-attach_to_post\/preview\/id--11456\" alt=\"\" \/><\/p>\n","protected":false},"excerpt":{"rendered":"<p>O Clubinho Ambiental da Escola Municipal Doutor Justino Pereira, em Mira\u00ed, realizou, na manh\u00e3 de quinta-feira (31), uma passeata pelas ruas daquele munic\u00edpio distribuindo panfletos com orienta\u00e7\u00e3o de combate \u00e0 dengue. Participaram da a\u00e7\u00e3o alunos do Programa de Educa\u00e7\u00e3o Ambiental (Progea), projeto idealizado e desenvolvido pela Pol\u00edcia Militar, do ano passado, alunos que est\u00e3o participando &#8230; <a title=\"Clubinho Ambiental de Mira\u00ed se mobiliza no combate \u00e0 dengue\" class=\"read-more\" href=\"https:\/\/anoticiaonline.com.br\/site\/clubinho-ambiental-de-mirai-se-mobiliza-no-combate-a-dengue\/\" aria-label=\"Read more about Clubinho Ambiental de Mira\u00ed se mobiliza no combate \u00e0 dengue\">Ler mais<\/a><\/p>\n","protected":false},"author":2,"featured_media":11440,"comment_status":"open","ping_status":"open","sticky":false,"template":"","format":"standard","meta":{"_acf_changed":false,"_monsterinsights_skip_tracking":false,"footnotes":""},"categories":[6],"tags":[3],"class_list":["post-11438","post","type-post","status-publish","format-standard","has-post-thumbnail","hentry","category-regiao","tag-slide"],"acf":[],"aioseo_notices":[],"aioseo_head":"\n\t\t<!-- All in One SEO 5.0.0.1 - aioseo.com -->\n\t<meta name=\"description\" content=\"O Clubinho Ambiental da Escola Municipal Doutor Justino Pereira, em Mira\u00ed, realizou, na manh\u00e3 de quinta-feira (31), uma passeata pelas ruas daquele munic\u00edpio distribuindo panfletos com orienta\u00e7\u00e3o de combate \u00e0 dengue. Participaram da a\u00e7\u00e3o alunos do Programa de Educa\u00e7\u00e3o Ambiental (Progea), projeto idealizado e desenvolvido pela Pol\u00edcia Militar, do ano passado, alunos que est\u00e3o participando\" \/>\n\t<meta name=\"robots\" content=\"max-image-preview:large\" \/>\n\t<meta name=\"author\" content=\"Juliana Laviola\"\/>\n\t<link rel=\"canonical\" href=\"https:\/\/anoticiaonline.com.br\/site\/clubinho-ambiental-de-mirai-se-mobiliza-no-combate-a-dengue\/\" \/>\n\t<meta name=\"generator\" content=\"All in One SEO (AIOSEO) 5.0.0.1\" \/>\n\t\t<meta property=\"og:locale\" content=\"pt_BR\" \/>\n\t\t<meta property=\"og:site_name\" content=\"A Not\u00edcia Online - Noticias de Muria\u00e9 e regi\u00e3o\" \/>\n\t\t<meta property=\"og:type\" content=\"article\" \/>\n\t\t<meta property=\"og:title\" content=\"Clubinho Ambiental de Mira\u00ed se mobiliza no combate \u00e0 dengue - A Not\u00edcia Online\" \/>\n\t\t<meta property=\"og:description\" content=\"O Clubinho Ambiental da Escola Municipal Doutor Justino Pereira, em Mira\u00ed, realizou, na manh\u00e3 de quinta-feira (31), uma passeata pelas ruas daquele munic\u00edpio distribuindo panfletos com orienta\u00e7\u00e3o de combate \u00e0 dengue. Participaram da a\u00e7\u00e3o alunos do Programa de Educa\u00e7\u00e3o Ambiental (Progea), projeto idealizado e desenvolvido pela Pol\u00edcia Militar, do ano passado, alunos que est\u00e3o participando\" \/>\n\t\t<meta property=\"og:url\" content=\"https:\/\/anoticiaonline.com.br\/site\/clubinho-ambiental-de-mirai-se-mobiliza-no-combate-a-dengue\/\" \/>\n\t\t<meta property=\"og:image\" content=\"https:\/\/scontent-gig4-1.xx.fbcdn.net\/v\/t39.30808-1\/270437624_4564083193639691_6907940295614233970_n.jpg?stp=dst-jpg_s200x200_tt6&#038;_nc_cat=111&#038;ccb=1-7&#038;_nc_sid=f907e8&#038;_nc_ohc=SM1wRlP3lJwQ7kNvwEPuBYA&#038;_nc_oc=AdnqrjDN_BNjSSHWO-GbkIWH6fkGMLw4bqvL_NH6e2wMveX7G-rP2dAqsDSq1mJMOaY&#038;_nc_zt=24&#038;_nc_ht=scontent-gig4-1.xx&#038;_nc_gid=AoBFJeGrT1hVaew_6rchkQ&#038;oh=00_AfX7QmFGhQhG2jAllVgXCiM1ZrWgvtp80-Bfppyexh1QEg&#038;oe=689E923C\" \/>\n\t\t<meta property=\"og:image:secure_url\" content=\"https:\/\/scontent-gig4-1.xx.fbcdn.net\/v\/t39.30808-1\/270437624_4564083193639691_6907940295614233970_n.jpg?stp=dst-jpg_s200x200_tt6&#038;_nc_cat=111&#038;ccb=1-7&#038;_nc_sid=f907e8&#038;_nc_ohc=SM1wRlP3lJwQ7kNvwEPuBYA&#038;_nc_oc=AdnqrjDN_BNjSSHWO-GbkIWH6fkGMLw4bqvL_NH6e2wMveX7G-rP2dAqsDSq1mJMOaY&#038;_nc_zt=24&#038;_nc_ht=scontent-gig4-1.xx&#038;_nc_gid=AoBFJeGrT1hVaew_6rchkQ&#038;oh=00_AfX7QmFGhQhG2jAllVgXCiM1ZrWgvtp80-Bfppyexh1QEg&#038;oe=689E923C\" \/>\n\t\t<meta property=\"article:published_time\" content=\"2016-04-01T13:27:07+00:00\" \/>\n\t\t<meta property=\"article:modified_time\" content=\"2016-04-01T13:27:07+00:00\" \/>\n\t\t<meta name=\"twitter:card\" content=\"summary_large_image\" \/>\n\t\t<meta name=\"twitter:title\" content=\"Clubinho Ambiental de Mira\u00ed se mobiliza no combate \u00e0 dengue - A Not\u00edcia Online\" \/>\n\t\t<meta name=\"twitter:description\" content=\"O Clubinho Ambiental da Escola Municipal Doutor Justino Pereira, em Mira\u00ed, realizou, na manh\u00e3 de quinta-feira (31), uma passeata pelas ruas daquele munic\u00edpio distribuindo panfletos com orienta\u00e7\u00e3o de combate \u00e0 dengue. Participaram da a\u00e7\u00e3o alunos do Programa de Educa\u00e7\u00e3o Ambiental (Progea), projeto idealizado e desenvolvido pela Pol\u00edcia Militar, do ano passado, alunos que est\u00e3o participando\" \/>\n\t\t<meta name=\"twitter:image\" content=\"https:\/\/scontent-gig4-1.xx.fbcdn.net\/v\/t39.30808-1\/270437624_4564083193639691_6907940295614233970_n.jpg?stp=dst-jpg_s200x200_tt6&amp;_nc_cat=111&amp;ccb=1-7&amp;_nc_sid=f907e8&amp;_nc_ohc=SM1wRlP3lJwQ7kNvwEPuBYA&amp;_nc_oc=AdnqrjDN_BNjSSHWO-GbkIWH6fkGMLw4bqvL_NH6e2wMveX7G-rP2dAqsDSq1mJMOaY&amp;_nc_zt=24&amp;_nc_ht=scontent-gig4-1.xx&amp;_nc_gid=AoBFJeGrT1hVaew_6rchkQ&amp;oh=00_AfX7QmFGhQhG2jAllVgXCiM1ZrWgvtp80-Bfppyexh1QEg&amp;oe=689E923C\" \/>\n\t\t<script type=\"application\/ld+json\" class=\"aioseo-schema\">\n\t\t\t{\"@context\":\"https:\\\/\\\/schema.org\",\"@graph\":[{\"@type\":\"BlogPosting\",\"@id\":\"https:\\\/\\\/anoticiaonline.com.br\\\/site\\\/clubinho-ambiental-de-mirai-se-mobiliza-no-combate-a-dengue\\\/#blogposting\",\"name\":\"Clubinho Ambiental de Mira\\u00ed se mobiliza no combate \\u00e0 dengue - A Not\\u00edcia Online\",\"headline\":\"Clubinho Ambiental de Mira\\u00ed se mobiliza no combate \\u00e0 dengue\",\"author\":{\"@id\":\"https:\\\/\\\/anoticiaonline.com.br\\\/site\\\/author\\\/juliana\\\/#author\"},\"publisher\":{\"@id\":\"https:\\\/\\\/anoticiaonline.com.br\\\/site\\\/#organization\"},\"image\":{\"@type\":\"ImageObject\",\"url\":\"https:\\\/\\\/anoticiaonline.com.br\\\/site\\\/wp-content\\\/uploads\\\/2016\\\/04\\\/IMG-20160401-WA0016.jpg\",\"width\":640,\"height\":389},\"datePublished\":\"2016-04-01T10:27:07-03:00\",\"dateModified\":\"2016-04-01T10:27:07-03:00\",\"inLanguage\":\"pt-BR\",\"mainEntityOfPage\":{\"@id\":\"https:\\\/\\\/anoticiaonline.com.br\\\/site\\\/clubinho-ambiental-de-mirai-se-mobiliza-no-combate-a-dengue\\\/#webpage\"},\"isPartOf\":{\"@id\":\"https:\\\/\\\/anoticiaonline.com.br\\\/site\\\/clubinho-ambiental-de-mirai-se-mobiliza-no-combate-a-dengue\\\/#webpage\"},\"articleSection\":\"Regi\\u00e3o, slide\"},{\"@type\":\"BreadcrumbList\",\"@id\":\"https:\\\/\\\/anoticiaonline.com.br\\\/site\\\/clubinho-ambiental-de-mirai-se-mobiliza-no-combate-a-dengue\\\/#breadcrumblist\",\"itemListElement\":[{\"@type\":\"ListItem\",\"@id\":\"https:\\\/\\\/anoticiaonline.com.br\\\/site#listItem\",\"position\":1,\"name\":\"Home\",\"item\":\"https:\\\/\\\/anoticiaonline.com.br\\\/site\",\"nextItem\":{\"@type\":\"ListItem\",\"@id\":\"https:\\\/\\\/anoticiaonline.com.br\\\/site\\\/categoria\\\/regiao\\\/#listItem\",\"name\":\"Regi\\u00e3o\"}},{\"@type\":\"ListItem\",\"@id\":\"https:\\\/\\\/anoticiaonline.com.br\\\/site\\\/categoria\\\/regiao\\\/#listItem\",\"position\":2,\"name\":\"Regi\\u00e3o\",\"item\":\"https:\\\/\\\/anoticiaonline.com.br\\\/site\\\/categoria\\\/regiao\\\/\",\"nextItem\":{\"@type\":\"ListItem\",\"@id\":\"https:\\\/\\\/anoticiaonline.com.br\\\/site\\\/clubinho-ambiental-de-mirai-se-mobiliza-no-combate-a-dengue\\\/#listItem\",\"name\":\"Clubinho Ambiental de Mira\\u00ed se mobiliza no combate \\u00e0 dengue\"},\"previousItem\":{\"@type\":\"ListItem\",\"@id\":\"https:\\\/\\\/anoticiaonline.com.br\\\/site#listItem\",\"name\":\"Home\"}},{\"@type\":\"ListItem\",\"@id\":\"https:\\\/\\\/anoticiaonline.com.br\\\/site\\\/clubinho-ambiental-de-mirai-se-mobiliza-no-combate-a-dengue\\\/#listItem\",\"position\":3,\"name\":\"Clubinho Ambiental de Mira\\u00ed se mobiliza no combate \\u00e0 dengue\",\"previousItem\":{\"@type\":\"ListItem\",\"@id\":\"https:\\\/\\\/anoticiaonline.com.br\\\/site\\\/categoria\\\/regiao\\\/#listItem\",\"name\":\"Regi\\u00e3o\"}}]},{\"@type\":\"Organization\",\"@id\":\"https:\\\/\\\/anoticiaonline.com.br\\\/site\\\/#organization\",\"name\":\"A Not\\u00edcia Online\",\"description\":\"Noticias de Muria\\u00e9 e regi\\u00e3o\",\"url\":\"https:\\\/\\\/anoticiaonline.com.br\\\/site\\\/\",\"logo\":{\"@type\":\"ImageObject\",\"url\":\"https:\\\/\\\/scontent-gig4-1.xx.fbcdn.net\\\/v\\\/t39.30808-1\\\/270437624_4564083193639691_6907940295614233970_n.jpg?stp=dst-jpg_s200x200_tt6&_nc_cat=111&ccb=1-7&_nc_sid=f907e8&_nc_ohc=SM1wRlP3lJwQ7kNvwEPuBYA&_nc_oc=AdnqrjDN_BNjSSHWO-GbkIWH6fkGMLw4bqvL_NH6e2wMveX7G-rP2dAqsDSq1mJMOaY&_nc_zt=24&_nc_ht=scontent-gig4-1.xx&_nc_gid=AoBFJeGrT1hVaew_6rchkQ&oh=00_AfX7QmFGhQhG2jAllVgXCiM1ZrWgvtp80-Bfppyexh1QEg&oe=689E923C\",\"@id\":\"https:\\\/\\\/anoticiaonline.com.br\\\/site\\\/clubinho-ambiental-de-mirai-se-mobiliza-no-combate-a-dengue\\\/#organizationLogo\"},\"image\":{\"@id\":\"https:\\\/\\\/anoticiaonline.com.br\\\/site\\\/clubinho-ambiental-de-mirai-se-mobiliza-no-combate-a-dengue\\\/#organizationLogo\"}},{\"@type\":\"Person\",\"@id\":\"https:\\\/\\\/anoticiaonline.com.br\\\/site\\\/author\\\/juliana\\\/#author\",\"url\":\"https:\\\/\\\/anoticiaonline.com.br\\\/site\\\/author\\\/juliana\\\/\",\"name\":\"Juliana Laviola\",\"image\":{\"@type\":\"ImageObject\",\"@id\":\"https:\\\/\\\/anoticiaonline.com.br\\\/site\\\/clubinho-ambiental-de-mirai-se-mobiliza-no-combate-a-dengue\\\/#authorImage\",\"url\":\"https:\\\/\\\/secure.gravatar.com\\\/avatar\\\/b8d45f5c699b100dfaf0e543582f38f38bf94cb7ae3a5e9abf8d891a34773335?s=96&d=mm&r=g\",\"width\":96,\"height\":96,\"caption\":\"Juliana Laviola\"}},{\"@type\":\"WebPage\",\"@id\":\"https:\\\/\\\/anoticiaonline.com.br\\\/site\\\/clubinho-ambiental-de-mirai-se-mobiliza-no-combate-a-dengue\\\/#webpage\",\"url\":\"https:\\\/\\\/anoticiaonline.com.br\\\/site\\\/clubinho-ambiental-de-mirai-se-mobiliza-no-combate-a-dengue\\\/\",\"name\":\"Clubinho Ambiental de Mira\\u00ed se mobiliza no combate \\u00e0 dengue - A Not\\u00edcia Online\",\"description\":\"O Clubinho Ambiental da Escola Municipal Doutor Justino Pereira, em Mira\\u00ed, realizou, na manh\\u00e3 de quinta-feira (31), uma passeata pelas ruas daquele munic\\u00edpio distribuindo panfletos com orienta\\u00e7\\u00e3o de combate \\u00e0 dengue. Participaram da a\\u00e7\\u00e3o alunos do Programa de Educa\\u00e7\\u00e3o Ambiental (Progea), projeto idealizado e desenvolvido pela Pol\\u00edcia Militar, do ano passado, alunos que est\\u00e3o participando\",\"inLanguage\":\"pt-BR\",\"isPartOf\":{\"@id\":\"https:\\\/\\\/anoticiaonline.com.br\\\/site\\\/#website\"},\"breadcrumb\":{\"@id\":\"https:\\\/\\\/anoticiaonline.com.br\\\/site\\\/clubinho-ambiental-de-mirai-se-mobiliza-no-combate-a-dengue\\\/#breadcrumblist\"},\"author\":{\"@id\":\"https:\\\/\\\/anoticiaonline.com.br\\\/site\\\/author\\\/juliana\\\/#author\"},\"creator\":{\"@id\":\"https:\\\/\\\/anoticiaonline.com.br\\\/site\\\/author\\\/juliana\\\/#author\"},\"image\":{\"@type\":\"ImageObject\",\"url\":\"https:\\\/\\\/anoticiaonline.com.br\\\/site\\\/wp-content\\\/uploads\\\/2016\\\/04\\\/IMG-20160401-WA0016.jpg\",\"@id\":\"https:\\\/\\\/anoticiaonline.com.br\\\/site\\\/clubinho-ambiental-de-mirai-se-mobiliza-no-combate-a-dengue\\\/#mainImage\",\"width\":640,\"height\":389},\"primaryImageOfPage\":{\"@id\":\"https:\\\/\\\/anoticiaonline.com.br\\\/site\\\/clubinho-ambiental-de-mirai-se-mobiliza-no-combate-a-dengue\\\/#mainImage\"},\"datePublished\":\"2016-04-01T10:27:07-03:00\",\"dateModified\":\"2016-04-01T10:27:07-03:00\"},{\"@type\":\"WebSite\",\"@id\":\"https:\\\/\\\/anoticiaonline.com.br\\\/site\\\/#website\",\"url\":\"https:\\\/\\\/anoticiaonline.com.br\\\/site\\\/\",\"name\":\"A Not\\u00edcia Online\",\"description\":\"Noticias de Muria\\u00e9 e regi\\u00e3o\",\"inLanguage\":\"pt-BR\",\"publisher\":{\"@id\":\"https:\\\/\\\/anoticiaonline.com.br\\\/site\\\/#organization\"}}]}\n\t\t<\/script>\n\t\t<!-- All in One SEO -->\n\n","aioseo_head_json":{"title":"Clubinho Ambiental de Mira\u00ed se mobiliza no combate \u00e0 dengue - A Not\u00edcia Online","description":"O Clubinho Ambiental da Escola Municipal Doutor Justino Pereira, em Mira\u00ed, realizou, na manh\u00e3 de quinta-feira (31), uma passeata pelas ruas daquele munic\u00edpio distribuindo panfletos com orienta\u00e7\u00e3o de combate \u00e0 dengue. Participaram da a\u00e7\u00e3o alunos do Programa de Educa\u00e7\u00e3o Ambiental (Progea), projeto idealizado e desenvolvido pela Pol\u00edcia Militar, do ano passado, alunos que est\u00e3o participando","canonical_url":"https:\/\/anoticiaonline.com.br\/site\/clubinho-ambiental-de-mirai-se-mobiliza-no-combate-a-dengue\/","robots":"max-image-preview:large","keywords":"","webmasterTools":{"miscellaneous":""},"schema":{"@context":"https:\/\/schema.org","@graph":[{"@type":"BlogPosting","@id":"https:\/\/anoticiaonline.com.br\/site\/clubinho-ambiental-de-mirai-se-mobiliza-no-combate-a-dengue\/#blogposting","name":"Clubinho Ambiental de Mira\u00ed se mobiliza no combate \u00e0 dengue - A Not\u00edcia Online","headline":"Clubinho Ambiental de Mira\u00ed se mobiliza no combate \u00e0 dengue","author":{"@id":"https:\/\/anoticiaonline.com.br\/site\/author\/juliana\/#author"},"publisher":{"@id":"https:\/\/anoticiaonline.com.br\/site\/#organization"},"image":{"@type":"ImageObject","url":"https:\/\/anoticiaonline.com.br\/site\/wp-content\/uploads\/2016\/04\/IMG-20160401-WA0016.jpg","width":640,"height":389},"datePublished":"2016-04-01T10:27:07-03:00","dateModified":"2016-04-01T10:27:07-03:00","inLanguage":"pt-BR","mainEntityOfPage":{"@id":"https:\/\/anoticiaonline.com.br\/site\/clubinho-ambiental-de-mirai-se-mobiliza-no-combate-a-dengue\/#webpage"},"isPartOf":{"@id":"https:\/\/anoticiaonline.com.br\/site\/clubinho-ambiental-de-mirai-se-mobiliza-no-combate-a-dengue\/#webpage"},"articleSection":"Regi\u00e3o, slide"},{"@type":"BreadcrumbList","@id":"https:\/\/anoticiaonline.com.br\/site\/clubinho-ambiental-de-mirai-se-mobiliza-no-combate-a-dengue\/#breadcrumblist","itemListElement":[{"@type":"ListItem","@id":"https:\/\/anoticiaonline.com.br\/site#listItem","position":1,"name":"Home","item":"https:\/\/anoticiaonline.com.br\/site","nextItem":{"@type":"ListItem","@id":"https:\/\/anoticiaonline.com.br\/site\/categoria\/regiao\/#listItem","name":"Regi\u00e3o"}},{"@type":"ListItem","@id":"https:\/\/anoticiaonline.com.br\/site\/categoria\/regiao\/#listItem","position":2,"name":"Regi\u00e3o","item":"https:\/\/anoticiaonline.com.br\/site\/categoria\/regiao\/","nextItem":{"@type":"ListItem","@id":"https:\/\/anoticiaonline.com.br\/site\/clubinho-ambiental-de-mirai-se-mobiliza-no-combate-a-dengue\/#listItem","name":"Clubinho Ambiental de Mira\u00ed se mobiliza no combate \u00e0 dengue"},"previousItem":{"@type":"ListItem","@id":"https:\/\/anoticiaonline.com.br\/site#listItem","name":"Home"}},{"@type":"ListItem","@id":"https:\/\/anoticiaonline.com.br\/site\/clubinho-ambiental-de-mirai-se-mobiliza-no-combate-a-dengue\/#listItem","position":3,"name":"Clubinho Ambiental de Mira\u00ed se mobiliza no combate \u00e0 dengue","previousItem":{"@type":"ListItem","@id":"https:\/\/anoticiaonline.com.br\/site\/categoria\/regiao\/#listItem","name":"Regi\u00e3o"}}]},{"@type":"Organization","@id":"https:\/\/anoticiaonline.com.br\/site\/#organization","name":"A Not\u00edcia Online","description":"Noticias de Muria\u00e9 e regi\u00e3o","url":"https:\/\/anoticiaonline.com.br\/site\/","logo":{"@type":"ImageObject","url":"https:\/\/scontent-gig4-1.xx.fbcdn.net\/v\/t39.30808-1\/270437624_4564083193639691_6907940295614233970_n.jpg?stp=dst-jpg_s200x200_tt6&_nc_cat=111&ccb=1-7&_nc_sid=f907e8&_nc_ohc=SM1wRlP3lJwQ7kNvwEPuBYA&_nc_oc=AdnqrjDN_BNjSSHWO-GbkIWH6fkGMLw4bqvL_NH6e2wMveX7G-rP2dAqsDSq1mJMOaY&_nc_zt=24&_nc_ht=scontent-gig4-1.xx&_nc_gid=AoBFJeGrT1hVaew_6rchkQ&oh=00_AfX7QmFGhQhG2jAllVgXCiM1ZrWgvtp80-Bfppyexh1QEg&oe=689E923C","@id":"https:\/\/anoticiaonline.com.br\/site\/clubinho-ambiental-de-mirai-se-mobiliza-no-combate-a-dengue\/#organizationLogo"},"image":{"@id":"https:\/\/anoticiaonline.com.br\/site\/clubinho-ambiental-de-mirai-se-mobiliza-no-combate-a-dengue\/#organizationLogo"}},{"@type":"Person","@id":"https:\/\/anoticiaonline.com.br\/site\/author\/juliana\/#author","url":"https:\/\/anoticiaonline.com.br\/site\/author\/juliana\/","name":"Juliana Laviola","image":{"@type":"ImageObject","@id":"https:\/\/anoticiaonline.com.br\/site\/clubinho-ambiental-de-mirai-se-mobiliza-no-combate-a-dengue\/#authorImage","url":"https:\/\/secure.gravatar.com\/avatar\/b8d45f5c699b100dfaf0e543582f38f38bf94cb7ae3a5e9abf8d891a34773335?s=96&d=mm&r=g","width":96,"height":96,"caption":"Juliana Laviola"}},{"@type":"WebPage","@id":"https:\/\/anoticiaonline.com.br\/site\/clubinho-ambiental-de-mirai-se-mobiliza-no-combate-a-dengue\/#webpage","url":"https:\/\/anoticiaonline.com.br\/site\/clubinho-ambiental-de-mirai-se-mobiliza-no-combate-a-dengue\/","name":"Clubinho Ambiental de Mira\u00ed se mobiliza no combate \u00e0 dengue - A Not\u00edcia Online","description":"O Clubinho Ambiental da Escola Municipal Doutor Justino Pereira, em Mira\u00ed, realizou, na manh\u00e3 de quinta-feira (31), uma passeata pelas ruas daquele munic\u00edpio distribuindo panfletos com orienta\u00e7\u00e3o de combate \u00e0 dengue. Participaram da a\u00e7\u00e3o alunos do Programa de Educa\u00e7\u00e3o Ambiental (Progea), projeto idealizado e desenvolvido pela Pol\u00edcia Militar, do ano passado, alunos que est\u00e3o participando","inLanguage":"pt-BR","isPartOf":{"@id":"https:\/\/anoticiaonline.com.br\/site\/#website"},"breadcrumb":{"@id":"https:\/\/anoticiaonline.com.br\/site\/clubinho-ambiental-de-mirai-se-mobiliza-no-combate-a-dengue\/#breadcrumblist"},"author":{"@id":"https:\/\/anoticiaonline.com.br\/site\/author\/juliana\/#author"},"creator":{"@id":"https:\/\/anoticiaonline.com.br\/site\/author\/juliana\/#author"},"image":{"@type":"ImageObject","url":"https:\/\/anoticiaonline.com.br\/site\/wp-content\/uploads\/2016\/04\/IMG-20160401-WA0016.jpg","@id":"https:\/\/anoticiaonline.com.br\/site\/clubinho-ambiental-de-mirai-se-mobiliza-no-combate-a-dengue\/#mainImage","width":640,"height":389},"primaryImageOfPage":{"@id":"https:\/\/anoticiaonline.com.br\/site\/clubinho-ambiental-de-mirai-se-mobiliza-no-combate-a-dengue\/#mainImage"},"datePublished":"2016-04-01T10:27:07-03:00","dateModified":"2016-04-01T10:27:07-03:00"},{"@type":"WebSite","@id":"https:\/\/anoticiaonline.com.br\/site\/#website","url":"https:\/\/anoticiaonline.com.br\/site\/","name":"A Not\u00edcia Online","description":"Noticias de Muria\u00e9 e regi\u00e3o","inLanguage":"pt-BR","publisher":{"@id":"https:\/\/anoticiaonline.com.br\/site\/#organization"}}]},"og:locale":"pt_BR","og:site_name":"A Not\u00edcia Online - Noticias de Muria\u00e9 e regi\u00e3o","og:type":"article","og:title":"Clubinho Ambiental de Mira\u00ed se mobiliza no combate \u00e0 dengue - A Not\u00edcia Online","og:description":"O Clubinho Ambiental da Escola Municipal Doutor Justino Pereira, em Mira\u00ed, realizou, na manh\u00e3 de quinta-feira (31), uma passeata pelas ruas daquele munic\u00edpio distribuindo panfletos com orienta\u00e7\u00e3o de combate \u00e0 dengue. Participaram da a\u00e7\u00e3o alunos do Programa de Educa\u00e7\u00e3o Ambiental (Progea), projeto idealizado e desenvolvido pela Pol\u00edcia Militar, do ano passado, alunos que est\u00e3o participando","og:url":"https:\/\/anoticiaonline.com.br\/site\/clubinho-ambiental-de-mirai-se-mobiliza-no-combate-a-dengue\/","og:image":"https:\/\/scontent-gig4-1.xx.fbcdn.net\/v\/t39.30808-1\/270437624_4564083193639691_6907940295614233970_n.jpg?stp=dst-jpg_s200x200_tt6&#038;_nc_cat=111&#038;ccb=1-7&#038;_nc_sid=f907e8&#038;_nc_ohc=SM1wRlP3lJwQ7kNvwEPuBYA&#038;_nc_oc=AdnqrjDN_BNjSSHWO-GbkIWH6fkGMLw4bqvL_NH6e2wMveX7G-rP2dAqsDSq1mJMOaY&#038;_nc_zt=24&#038;_nc_ht=scontent-gig4-1.xx&#038;_nc_gid=AoBFJeGrT1hVaew_6rchkQ&#038;oh=00_AfX7QmFGhQhG2jAllVgXCiM1ZrWgvtp80-Bfppyexh1QEg&#038;oe=689E923C","og:image:secure_url":"https:\/\/scontent-gig4-1.xx.fbcdn.net\/v\/t39.30808-1\/270437624_4564083193639691_6907940295614233970_n.jpg?stp=dst-jpg_s200x200_tt6&#038;_nc_cat=111&#038;ccb=1-7&#038;_nc_sid=f907e8&#038;_nc_ohc=SM1wRlP3lJwQ7kNvwEPuBYA&#038;_nc_oc=AdnqrjDN_BNjSSHWO-GbkIWH6fkGMLw4bqvL_NH6e2wMveX7G-rP2dAqsDSq1mJMOaY&#038;_nc_zt=24&#038;_nc_ht=scontent-gig4-1.xx&#038;_nc_gid=AoBFJeGrT1hVaew_6rchkQ&#038;oh=00_AfX7QmFGhQhG2jAllVgXCiM1ZrWgvtp80-Bfppyexh1QEg&#038;oe=689E923C","article:published_time":"2016-04-01T13:27:07+00:00","article:modified_time":"2016-04-01T13:27:07+00:00","twitter:card":"summary_large_image","twitter:title":"Clubinho Ambiental de Mira\u00ed se mobiliza no combate \u00e0 dengue - A Not\u00edcia Online","twitter:description":"O Clubinho Ambiental da Escola Municipal Doutor Justino Pereira, em Mira\u00ed, realizou, na manh\u00e3 de quinta-feira (31), uma passeata pelas ruas daquele munic\u00edpio distribuindo panfletos com orienta\u00e7\u00e3o de combate \u00e0 dengue. Participaram da a\u00e7\u00e3o alunos do Programa de Educa\u00e7\u00e3o Ambiental (Progea), projeto idealizado e desenvolvido pela Pol\u00edcia Militar, do ano passado, alunos que est\u00e3o participando","twitter:image":"https:\/\/scontent-gig4-1.xx.fbcdn.net\/v\/t39.30808-1\/270437624_4564083193639691_6907940295614233970_n.jpg?stp=dst-jpg_s200x200_tt6&_nc_cat=111&ccb=1-7&_nc_sid=f907e8&_nc_ohc=SM1wRlP3lJwQ7kNvwEPuBYA&_nc_oc=AdnqrjDN_BNjSSHWO-GbkIWH6fkGMLw4bqvL_NH6e2wMveX7G-rP2dAqsDSq1mJMOaY&_nc_zt=24&_nc_ht=scontent-gig4-1.xx&_nc_gid=AoBFJeGrT1hVaew_6rchkQ&oh=00_AfX7QmFGhQhG2jAllVgXCiM1ZrWgvtp80-Bfppyexh1QEg&oe=689E923C"},"aioseo_meta_data":{"post_id":"11438","title":null,"description":null,"keywords":null,"keyphrases":null,"primary_term":null,"canonical_url":null,"og_title":null,"og_description":null,"og_object_type":"default","og_image_type":"default","og_image_url":null,"og_image_width":null,"og_image_height":null,"og_image_custom_url":null,"og_image_custom_fields":null,"og_video":null,"og_custom_url":null,"og_article_section":null,"og_article_tags":null,"twitter_use_og":false,"twitter_card":"default","twitter_image_type":"default","twitter_image_url":null,"twitter_image_custom_url":null,"twitter_image_custom_fields":null,"twitter_title":null,"twitter_description":null,"schema":{"blockGraphs":[],"customGraphs":[],"default":{"data":{"Article":[],"Course":[],"Dataset":[],"FAQPage":[],"Movie":[],"Person":[],"Product":[],"ProductReview":[],"Car":[],"Recipe":[],"Service":[],"SoftwareApplication":[],"WebPage":[]},"graphName":"","isEnabled":true},"graphs":[]},"schema_type":"default","schema_type_options":null,"pillar_content":false,"robots_default":true,"robots_noindex":false,"robots_noarchive":false,"robots_nosnippet":false,"robots_nofollow":false,"robots_noimageindex":false,"robots_noodp":false,"robots_notranslate":false,"robots_max_snippet":null,"robots_max_videopreview":null,"robots_max_imagepreview":"large","priority":null,"frequency":null,"local_seo":null,"breadcrumb_settings":null,"limit_modified_date":false,"ai":null,"created":"2025-08-16 15:42:33","updated":"2025-08-16 15:42:33","focus_keyword":null,"additional_keywords":null,"truseo_locale":null,"seo_analyzer_scan_date":null},"aioseo_breadcrumb":"<div class=\"aioseo-breadcrumbs\"><span class=\"aioseo-breadcrumb\">\n\t\t\t<a href=\"https:\/\/anoticiaonline.com.br\/site\" title=\"Home\">Home<\/a>\n\t\t<\/span><span class=\"aioseo-breadcrumb-separator\">&raquo;<\/span><span class=\"aioseo-breadcrumb\">\n\t\t\t<a href=\"https:\/\/anoticiaonline.com.br\/site\/categoria\/regiao\/\" title=\"Regi\u00e3o\">Regi\u00e3o<\/a>\n\t\t<\/span><span class=\"aioseo-breadcrumb-separator\">&raquo;<\/span><span class=\"aioseo-breadcrumb\">\n\t\t\tClubinho Ambiental de Mira\u00ed se mobiliza no combate \u00e0 dengue\n\t\t<\/span><\/div>","aioseo_breadcrumb_json":[{"label":"Home","link":"https:\/\/anoticiaonline.com.br\/site"},{"label":"Regi\u00e3o","link":"https:\/\/anoticiaonline.com.br\/site\/categoria\/regiao\/"},{"label":"Clubinho Ambiental de Mira\u00ed se mobiliza no combate \u00e0 dengue","link":"https:\/\/anoticiaonline.com.br\/site\/clubinho-ambiental-de-mirai-se-mobiliza-no-combate-a-dengue\/"}],"views":136,"_links":{"self":[{"href":"https:\/\/anoticiaonline.com.br\/site\/wp-json\/wp\/v2\/posts\/11438","targetHints":{"allow":["GET"]}}],"collection":[{"href":"https:\/\/anoticiaonline.com.br\/site\/wp-json\/wp\/v2\/posts"}],"about":[{"href":"https:\/\/anoticiaonline.com.br\/site\/wp-json\/wp\/v2\/types\/post"}],"author":[{"embeddable":true,"href":"https:\/\/anoticiaonline.com.br\/site\/wp-json\/wp\/v2\/users\/2"}],"replies":[{"embeddable":true,"href":"https:\/\/anoticiaonline.com.br\/site\/wp-json\/wp\/v2\/comments?post=11438"}],"version-history":[{"count":0,"href":"https:\/\/anoticiaonline.com.br\/site\/wp-json\/wp\/v2\/posts\/11438\/revisions"}],"wp:featuredmedia":[{"embeddable":true,"href":"https:\/\/anoticiaonline.com.br\/site\/wp-json\/wp\/v2\/media\/11440"}],"wp:attachment":[{"href":"https:\/\/anoticiaonline.com.br\/site\/wp-json\/wp\/v2\/media?parent=11438"}],"wp:term":[{"taxonomy":"category","embeddable":true,"href":"https:\/\/anoticiaonline.com.br\/site\/wp-json\/wp\/v2\/categories?post=11438"},{"taxonomy":"post_tag","embeddable":true,"href":"https:\/\/anoticiaonline.com.br\/site\/wp-json\/wp\/v2\/tags?post=11438"}],"curies":[{"name":"wp","href":"https:\/\/api.w.org\/{rel}","templated":true}]}}