{"id":11435,"date":"2016-03-31T21:59:14","date_gmt":"2016-04-01T00:59:14","guid":{"rendered":"http:\/\/anoticiaonline.com.br\/site\/?p=11435"},"modified":"2016-03-31T21:59:14","modified_gmt":"2016-04-01T00:59:14","slug":"47o-bpm-tem-novo-comandante-2","status":"publish","type":"post","link":"https:\/\/anoticiaonline.com.br\/site\/47o-bpm-tem-novo-comandante-2\/","title":{"rendered":"47\u00ba BPM tem novo comandante"},"content":{"rendered":"<p><a href=\"https:\/\/anoticiaonline.com.br\/site\/wp-content\/uploads\/2016\/03\/7348_953784691336244_6116652873868376164_n.jpg\"><img fetchpriority=\"high\" decoding=\"async\" class=\" size-medium wp-image-11430 alignleft\" src=\"https:\/\/anoticiaonline.com.br\/site\/wp-content\/uploads\/2016\/03\/7348_953784691336244_6116652873868376164_n-300x199.jpg\" alt=\"7348_953784691336244_6116652873868376164_n\" width=\"300\" height=\"199\" srcset=\"https:\/\/anoticiaonline.com.br\/site\/wp-content\/uploads\/2016\/03\/7348_953784691336244_6116652873868376164_n-300x199.jpg 300w, https:\/\/anoticiaonline.com.br\/site\/wp-content\/uploads\/2016\/03\/7348_953784691336244_6116652873868376164_n.jpg 640w\" sizes=\"(max-width: 300px) 100vw, 300px\" \/><\/a>O 47\u00ba Batalh\u00e3o de Pol\u00edcia Militar tem novo comandante. O tenente-coronel Raniere M\u00e1rcio da Cruz, que \u00e9 natural de Muria\u00e9, assumiu o comando da unidade durante solenidade realizada na tarde de quinta-feira (31), com a presen\u00e7a de diversas autoridades militares e civis.<\/p>\n<p>O novo comandante substitui o coronel Cl\u00e1udio Naz\u00e1rio da Silva Machado, que deixa o cargo ao entrar para a reserva da Pol\u00edcia Militar de Minas Gerais, ap\u00f3s 30 anos de servi\u00e7os prestados \u00e0 PMMG, sendo tr\u00eas destes atuando \u00e0 frente do comando do 47\u00ba Batalh\u00e3o. \u201cSaio com a sensa\u00e7\u00e3o de dever cumprido, de ter deixado um legado do qual n\u00e3o tenho d\u00favidas de que o tenente-coronel Raniere, pela sua compet\u00eancia, n\u00e3o s\u00f3 vai dar sequ\u00eancia, mas como vai aprimorar, e muito. O 47\u00ba Batalh\u00e3o ganha muito com a presen\u00e7a do tenente-coronel \u00e0 frente da unidade. Fico feliz em ter passado pelo Batalh\u00e3o durante estes tr\u00eas anos e ter podido realizar um bom trabalho para a sociedade muriaeense e das cidades que comp\u00f5em a \u00e1rea do Batalh\u00e3o\u201d, diz.<\/p>\n<p>O tenente-coronel Raniere, que estava \u00e0 frente da 6\u00aa Companhia Independente, em Leopoldina, afirma que o desafio de assumir o comando do 47\u00ba Batalh\u00e3o \u00e9 \u201cgrande\u201d e que pretende prosseguir com o trabalho desenvolvido pelo coronel Naz\u00e1rio. \u201c\u00c9 um prazer retornar \u00e0s origens. O 47\u00ba BPM, por suas caracter\u00edsticas pr\u00f3prias, tem revelado uma incid\u00eancia de criminalidade consider\u00e1vel. O trabalho pr\u00f3-ativo do coronel Naz\u00e1rio permitiu que essa incid\u00eancia se reduzisse nos tr\u00eas anos de seu comando na unidade. Pretendemos continuar com o trabalho vitorioso que o coronel Naz\u00e1rio realizou, continuar com os projetos sociais e contar, principalmente, com a participa\u00e7\u00e3o comunit\u00e1ria\u201d, afirma.<\/p>\n<figure id=\"attachment_10998\" aria-describedby=\"caption-attachment-10998\" style=\"width: 189px\" class=\"wp-caption alignleft\"><a href=\"https:\/\/anoticiaonline.com.br\/site\/wp-content\/uploads\/2016\/03\/DSC_0081.jpg\"><img decoding=\"async\" class=\"size-medium wp-image-10998\" src=\"https:\/\/anoticiaonline.com.br\/site\/wp-content\/uploads\/2016\/03\/DSC_0081-199x300.jpg\" alt=\"Tenente-coronel Raniere, novo comandante do 47\u00ba BPM\" width=\"199\" height=\"300\" srcset=\"https:\/\/anoticiaonline.com.br\/site\/wp-content\/uploads\/2016\/03\/DSC_0081-199x300.jpg 199w, https:\/\/anoticiaonline.com.br\/site\/wp-content\/uploads\/2016\/03\/DSC_0081.jpg 424w\" sizes=\"(max-width: 199px) 100vw, 199px\" \/><\/a><figcaption id=\"caption-attachment-10998\" class=\"wp-caption-text\">Tenente-coronel Raniere, novo comandante do 47\u00ba BPM<\/figcaption><\/figure>\n<p>Ainda segundo o novo comandante, o fato de conhecer os militares e a cidade facilitar\u00e1 o seu trabalho. O oficial, antes de assumir a Companhia de Leopoldina, ainda como major, ocupava o cargo de subcomandante da unidade em Muria\u00e9. \u201cConhe\u00e7o o perfil de cada policial militar e sei da compet\u00eancia desses homens valorosos da Pol\u00edcia Militar de Minas Gerais. Tenho a certeza que eles far\u00e3o coro, juntamente com o comandante, no sentido de bem prover a seguran\u00e7a dos 18 munic\u00edpios que comp\u00f5em a \u00e1rea de jurisdi\u00e7\u00e3o\u201d, completa. O 47\u00ba BPM \u00e9 respons\u00e1vel pelo policiamento de Muria\u00e9 e de mais de 17 cidades.<\/p>\n<p>O coronel Wagner Eust\u00e1quio da Silva Almeida, comandante da 4\u00aa Regi\u00e3o de Pol\u00edcia Militar, cuja sede \u00e9 em Juiz de Fora, a qual o 47\u00ba Batalh\u00e3o est\u00e1 subordinado, ressaltou a representatividade da fra\u00e7\u00e3o muriaeense e afirmou que o novo comandante tem \u201cuma bagagem profissional que o capacitou estar \u00e0 frente da responsabilidade territorial de Muria\u00e9\u201d. \u201cO tenente-coronel Raniere, filho desta terra, tem toda a sua hist\u00f3ria profissional enraizada aqui na cidade. Creio que o ditado do bom filho retornar \u00e0 sua casa \u00e9 s\u00f3lida nesta situa\u00e7\u00e3o. Tenho a certeza de que o tenente-coronel Raniere dar\u00e1 continuidade ao exitoso trabalho que foi desenvolvido pelo coronel Naz\u00e1rio nos \u00faltimos tr\u00eas anos, quando, de forma in\u00e9dita, tivemos, de 2013 a 2015, redu\u00e7\u00e3o do \u00edndice de criminalidade na regi\u00e3o de Muria\u00e9\u201d, afirma.<\/p>\n<p><img decoding=\"async\" class=\"ngg_displayed_gallery mceItem\" src=\"https:\/\/anoticiaonline.com.br\/site\/nextgen-attach_to_post\/preview\/id--11436\" alt=\"\" \/><\/p>\n","protected":false},"excerpt":{"rendered":"<p>O 47\u00ba Batalh\u00e3o de Pol\u00edcia Militar tem novo comandante. O tenente-coronel Raniere M\u00e1rcio da Cruz, que \u00e9 natural de Muria\u00e9, assumiu o comando da unidade durante solenidade realizada na tarde de quinta-feira (31), com a presen\u00e7a de diversas autoridades militares e civis. O novo comandante substitui o coronel Cl\u00e1udio Naz\u00e1rio da Silva Machado, que deixa &#8230; <a title=\"47\u00ba BPM tem novo comandante\" class=\"read-more\" href=\"https:\/\/anoticiaonline.com.br\/site\/47o-bpm-tem-novo-comandante-2\/\" aria-label=\"Read more about 47\u00ba BPM tem novo comandante\">Ler mais<\/a><\/p>\n","protected":false},"author":2,"featured_media":11430,"comment_status":"open","ping_status":"open","sticky":false,"template":"","format":"standard","meta":{"_acf_changed":false,"_monsterinsights_skip_tracking":false,"footnotes":""},"categories":[30],"tags":[3],"class_list":["post-11435","post","type-post","status-publish","format-standard","has-post-thumbnail","hentry","category-muriae","tag-slide"],"acf":[],"aioseo_notices":[],"aioseo_head":"\n\t\t<!-- All in One SEO 5.0.0.1 - aioseo.com -->\n\t<meta name=\"description\" content=\"O 47\u00ba Batalh\u00e3o de Pol\u00edcia Militar tem novo comandante. O tenente-coronel Raniere M\u00e1rcio da Cruz, que \u00e9 natural de Muria\u00e9, assumiu o comando da unidade durante solenidade realizada na tarde de quinta-feira (31), com a presen\u00e7a de diversas autoridades militares e civis. O novo comandante substitui o coronel Cl\u00e1udio Naz\u00e1rio da Silva Machado, que deixa\" \/>\n\t<meta name=\"robots\" content=\"max-image-preview:large\" \/>\n\t<meta name=\"author\" content=\"Juliana Laviola\"\/>\n\t<link rel=\"canonical\" href=\"https:\/\/anoticiaonline.com.br\/site\/47o-bpm-tem-novo-comandante-2\/\" \/>\n\t<meta name=\"generator\" content=\"All in One SEO (AIOSEO) 5.0.0.1\" \/>\n\t\t<meta property=\"og:locale\" content=\"pt_BR\" \/>\n\t\t<meta property=\"og:site_name\" content=\"A Not\u00edcia Online - Noticias de Muria\u00e9 e regi\u00e3o\" \/>\n\t\t<meta property=\"og:type\" content=\"article\" \/>\n\t\t<meta property=\"og:title\" content=\"47\u00ba BPM tem novo comandante - A Not\u00edcia Online\" \/>\n\t\t<meta property=\"og:description\" content=\"O 47\u00ba Batalh\u00e3o de Pol\u00edcia Militar tem novo comandante. O tenente-coronel Raniere M\u00e1rcio da Cruz, que \u00e9 natural de Muria\u00e9, assumiu o comando da unidade durante solenidade realizada na tarde de quinta-feira (31), com a presen\u00e7a de diversas autoridades militares e civis. O novo comandante substitui o coronel Cl\u00e1udio Naz\u00e1rio da Silva Machado, que deixa\" \/>\n\t\t<meta property=\"og:url\" content=\"https:\/\/anoticiaonline.com.br\/site\/47o-bpm-tem-novo-comandante-2\/\" \/>\n\t\t<meta property=\"og:image\" content=\"https:\/\/scontent-gig4-1.xx.fbcdn.net\/v\/t39.30808-1\/270437624_4564083193639691_6907940295614233970_n.jpg?stp=dst-jpg_s200x200_tt6&#038;_nc_cat=111&#038;ccb=1-7&#038;_nc_sid=f907e8&#038;_nc_ohc=SM1wRlP3lJwQ7kNvwEPuBYA&#038;_nc_oc=AdnqrjDN_BNjSSHWO-GbkIWH6fkGMLw4bqvL_NH6e2wMveX7G-rP2dAqsDSq1mJMOaY&#038;_nc_zt=24&#038;_nc_ht=scontent-gig4-1.xx&#038;_nc_gid=AoBFJeGrT1hVaew_6rchkQ&#038;oh=00_AfX7QmFGhQhG2jAllVgXCiM1ZrWgvtp80-Bfppyexh1QEg&#038;oe=689E923C\" \/>\n\t\t<meta property=\"og:image:secure_url\" content=\"https:\/\/scontent-gig4-1.xx.fbcdn.net\/v\/t39.30808-1\/270437624_4564083193639691_6907940295614233970_n.jpg?stp=dst-jpg_s200x200_tt6&#038;_nc_cat=111&#038;ccb=1-7&#038;_nc_sid=f907e8&#038;_nc_ohc=SM1wRlP3lJwQ7kNvwEPuBYA&#038;_nc_oc=AdnqrjDN_BNjSSHWO-GbkIWH6fkGMLw4bqvL_NH6e2wMveX7G-rP2dAqsDSq1mJMOaY&#038;_nc_zt=24&#038;_nc_ht=scontent-gig4-1.xx&#038;_nc_gid=AoBFJeGrT1hVaew_6rchkQ&#038;oh=00_AfX7QmFGhQhG2jAllVgXCiM1ZrWgvtp80-Bfppyexh1QEg&#038;oe=689E923C\" \/>\n\t\t<meta property=\"article:published_time\" content=\"2016-04-01T00:59:14+00:00\" \/>\n\t\t<meta property=\"article:modified_time\" content=\"2016-04-01T00:59:14+00:00\" \/>\n\t\t<meta name=\"twitter:card\" content=\"summary_large_image\" \/>\n\t\t<meta name=\"twitter:title\" content=\"47\u00ba BPM tem novo comandante - A Not\u00edcia Online\" \/>\n\t\t<meta name=\"twitter:description\" content=\"O 47\u00ba Batalh\u00e3o de Pol\u00edcia Militar tem novo comandante. O tenente-coronel Raniere M\u00e1rcio da Cruz, que \u00e9 natural de Muria\u00e9, assumiu o comando da unidade durante solenidade realizada na tarde de quinta-feira (31), com a presen\u00e7a de diversas autoridades militares e civis. O novo comandante substitui o coronel Cl\u00e1udio Naz\u00e1rio da Silva Machado, que deixa\" \/>\n\t\t<meta name=\"twitter:image\" content=\"https:\/\/scontent-gig4-1.xx.fbcdn.net\/v\/t39.30808-1\/270437624_4564083193639691_6907940295614233970_n.jpg?stp=dst-jpg_s200x200_tt6&amp;_nc_cat=111&amp;ccb=1-7&amp;_nc_sid=f907e8&amp;_nc_ohc=SM1wRlP3lJwQ7kNvwEPuBYA&amp;_nc_oc=AdnqrjDN_BNjSSHWO-GbkIWH6fkGMLw4bqvL_NH6e2wMveX7G-rP2dAqsDSq1mJMOaY&amp;_nc_zt=24&amp;_nc_ht=scontent-gig4-1.xx&amp;_nc_gid=AoBFJeGrT1hVaew_6rchkQ&amp;oh=00_AfX7QmFGhQhG2jAllVgXCiM1ZrWgvtp80-Bfppyexh1QEg&amp;oe=689E923C\" \/>\n\t\t<script type=\"application\/ld+json\" class=\"aioseo-schema\">\n\t\t\t{\"@context\":\"https:\\\/\\\/schema.org\",\"@graph\":[{\"@type\":\"BlogPosting\",\"@id\":\"https:\\\/\\\/anoticiaonline.com.br\\\/site\\\/47o-bpm-tem-novo-comandante-2\\\/#blogposting\",\"name\":\"47\\u00ba BPM tem novo comandante - A Not\\u00edcia Online\",\"headline\":\"47\\u00ba BPM tem novo comandante\",\"author\":{\"@id\":\"https:\\\/\\\/anoticiaonline.com.br\\\/site\\\/author\\\/juliana\\\/#author\"},\"publisher\":{\"@id\":\"https:\\\/\\\/anoticiaonline.com.br\\\/site\\\/#organization\"},\"image\":{\"@type\":\"ImageObject\",\"url\":\"https:\\\/\\\/anoticiaonline.com.br\\\/site\\\/wp-content\\\/uploads\\\/2016\\\/03\\\/7348_953784691336244_6116652873868376164_n.jpg\",\"width\":640,\"height\":424},\"datePublished\":\"2016-03-31T21:59:14-03:00\",\"dateModified\":\"2016-03-31T21:59:14-03:00\",\"inLanguage\":\"pt-BR\",\"mainEntityOfPage\":{\"@id\":\"https:\\\/\\\/anoticiaonline.com.br\\\/site\\\/47o-bpm-tem-novo-comandante-2\\\/#webpage\"},\"isPartOf\":{\"@id\":\"https:\\\/\\\/anoticiaonline.com.br\\\/site\\\/47o-bpm-tem-novo-comandante-2\\\/#webpage\"},\"articleSection\":\"Blog, slide\"},{\"@type\":\"BreadcrumbList\",\"@id\":\"https:\\\/\\\/anoticiaonline.com.br\\\/site\\\/47o-bpm-tem-novo-comandante-2\\\/#breadcrumblist\",\"itemListElement\":[{\"@type\":\"ListItem\",\"@id\":\"https:\\\/\\\/anoticiaonline.com.br\\\/site#listItem\",\"position\":1,\"name\":\"Home\",\"item\":\"https:\\\/\\\/anoticiaonline.com.br\\\/site\",\"nextItem\":{\"@type\":\"ListItem\",\"@id\":\"https:\\\/\\\/anoticiaonline.com.br\\\/site\\\/categoria\\\/muriae\\\/#listItem\",\"name\":\"Blog\"}},{\"@type\":\"ListItem\",\"@id\":\"https:\\\/\\\/anoticiaonline.com.br\\\/site\\\/categoria\\\/muriae\\\/#listItem\",\"position\":2,\"name\":\"Blog\",\"item\":\"https:\\\/\\\/anoticiaonline.com.br\\\/site\\\/categoria\\\/muriae\\\/\",\"nextItem\":{\"@type\":\"ListItem\",\"@id\":\"https:\\\/\\\/anoticiaonline.com.br\\\/site\\\/47o-bpm-tem-novo-comandante-2\\\/#listItem\",\"name\":\"47\\u00ba BPM tem novo comandante\"},\"previousItem\":{\"@type\":\"ListItem\",\"@id\":\"https:\\\/\\\/anoticiaonline.com.br\\\/site#listItem\",\"name\":\"Home\"}},{\"@type\":\"ListItem\",\"@id\":\"https:\\\/\\\/anoticiaonline.com.br\\\/site\\\/47o-bpm-tem-novo-comandante-2\\\/#listItem\",\"position\":3,\"name\":\"47\\u00ba BPM tem novo comandante\",\"previousItem\":{\"@type\":\"ListItem\",\"@id\":\"https:\\\/\\\/anoticiaonline.com.br\\\/site\\\/categoria\\\/muriae\\\/#listItem\",\"name\":\"Blog\"}}]},{\"@type\":\"Organization\",\"@id\":\"https:\\\/\\\/anoticiaonline.com.br\\\/site\\\/#organization\",\"name\":\"A Not\\u00edcia Online\",\"description\":\"Noticias de Muria\\u00e9 e regi\\u00e3o\",\"url\":\"https:\\\/\\\/anoticiaonline.com.br\\\/site\\\/\",\"logo\":{\"@type\":\"ImageObject\",\"url\":\"https:\\\/\\\/scontent-gig4-1.xx.fbcdn.net\\\/v\\\/t39.30808-1\\\/270437624_4564083193639691_6907940295614233970_n.jpg?stp=dst-jpg_s200x200_tt6&_nc_cat=111&ccb=1-7&_nc_sid=f907e8&_nc_ohc=SM1wRlP3lJwQ7kNvwEPuBYA&_nc_oc=AdnqrjDN_BNjSSHWO-GbkIWH6fkGMLw4bqvL_NH6e2wMveX7G-rP2dAqsDSq1mJMOaY&_nc_zt=24&_nc_ht=scontent-gig4-1.xx&_nc_gid=AoBFJeGrT1hVaew_6rchkQ&oh=00_AfX7QmFGhQhG2jAllVgXCiM1ZrWgvtp80-Bfppyexh1QEg&oe=689E923C\",\"@id\":\"https:\\\/\\\/anoticiaonline.com.br\\\/site\\\/47o-bpm-tem-novo-comandante-2\\\/#organizationLogo\"},\"image\":{\"@id\":\"https:\\\/\\\/anoticiaonline.com.br\\\/site\\\/47o-bpm-tem-novo-comandante-2\\\/#organizationLogo\"}},{\"@type\":\"Person\",\"@id\":\"https:\\\/\\\/anoticiaonline.com.br\\\/site\\\/author\\\/juliana\\\/#author\",\"url\":\"https:\\\/\\\/anoticiaonline.com.br\\\/site\\\/author\\\/juliana\\\/\",\"name\":\"Juliana Laviola\",\"image\":{\"@type\":\"ImageObject\",\"@id\":\"https:\\\/\\\/anoticiaonline.com.br\\\/site\\\/47o-bpm-tem-novo-comandante-2\\\/#authorImage\",\"url\":\"https:\\\/\\\/secure.gravatar.com\\\/avatar\\\/b8d45f5c699b100dfaf0e543582f38f38bf94cb7ae3a5e9abf8d891a34773335?s=96&d=mm&r=g\",\"width\":96,\"height\":96,\"caption\":\"Juliana Laviola\"}},{\"@type\":\"WebPage\",\"@id\":\"https:\\\/\\\/anoticiaonline.com.br\\\/site\\\/47o-bpm-tem-novo-comandante-2\\\/#webpage\",\"url\":\"https:\\\/\\\/anoticiaonline.com.br\\\/site\\\/47o-bpm-tem-novo-comandante-2\\\/\",\"name\":\"47\\u00ba BPM tem novo comandante - A Not\\u00edcia Online\",\"description\":\"O 47\\u00ba Batalh\\u00e3o de Pol\\u00edcia Militar tem novo comandante. O tenente-coronel Raniere M\\u00e1rcio da Cruz, que \\u00e9 natural de Muria\\u00e9, assumiu o comando da unidade durante solenidade realizada na tarde de quinta-feira (31), com a presen\\u00e7a de diversas autoridades militares e civis. O novo comandante substitui o coronel Cl\\u00e1udio Naz\\u00e1rio da Silva Machado, que deixa\",\"inLanguage\":\"pt-BR\",\"isPartOf\":{\"@id\":\"https:\\\/\\\/anoticiaonline.com.br\\\/site\\\/#website\"},\"breadcrumb\":{\"@id\":\"https:\\\/\\\/anoticiaonline.com.br\\\/site\\\/47o-bpm-tem-novo-comandante-2\\\/#breadcrumblist\"},\"author\":{\"@id\":\"https:\\\/\\\/anoticiaonline.com.br\\\/site\\\/author\\\/juliana\\\/#author\"},\"creator\":{\"@id\":\"https:\\\/\\\/anoticiaonline.com.br\\\/site\\\/author\\\/juliana\\\/#author\"},\"image\":{\"@type\":\"ImageObject\",\"url\":\"https:\\\/\\\/anoticiaonline.com.br\\\/site\\\/wp-content\\\/uploads\\\/2016\\\/03\\\/7348_953784691336244_6116652873868376164_n.jpg\",\"@id\":\"https:\\\/\\\/anoticiaonline.com.br\\\/site\\\/47o-bpm-tem-novo-comandante-2\\\/#mainImage\",\"width\":640,\"height\":424},\"primaryImageOfPage\":{\"@id\":\"https:\\\/\\\/anoticiaonline.com.br\\\/site\\\/47o-bpm-tem-novo-comandante-2\\\/#mainImage\"},\"datePublished\":\"2016-03-31T21:59:14-03:00\",\"dateModified\":\"2016-03-31T21:59:14-03:00\"},{\"@type\":\"WebSite\",\"@id\":\"https:\\\/\\\/anoticiaonline.com.br\\\/site\\\/#website\",\"url\":\"https:\\\/\\\/anoticiaonline.com.br\\\/site\\\/\",\"name\":\"A Not\\u00edcia Online\",\"description\":\"Noticias de Muria\\u00e9 e regi\\u00e3o\",\"inLanguage\":\"pt-BR\",\"publisher\":{\"@id\":\"https:\\\/\\\/anoticiaonline.com.br\\\/site\\\/#organization\"}}]}\n\t\t<\/script>\n\t\t<!-- All in One SEO -->\n\n","aioseo_head_json":{"title":"47\u00ba BPM tem novo comandante - A Not\u00edcia Online","description":"O 47\u00ba Batalh\u00e3o de Pol\u00edcia Militar tem novo comandante. O tenente-coronel Raniere M\u00e1rcio da Cruz, que \u00e9 natural de Muria\u00e9, assumiu o comando da unidade durante solenidade realizada na tarde de quinta-feira (31), com a presen\u00e7a de diversas autoridades militares e civis. O novo comandante substitui o coronel Cl\u00e1udio Naz\u00e1rio da Silva Machado, que deixa","canonical_url":"https:\/\/anoticiaonline.com.br\/site\/47o-bpm-tem-novo-comandante-2\/","robots":"max-image-preview:large","keywords":"","webmasterTools":{"miscellaneous":""},"schema":{"@context":"https:\/\/schema.org","@graph":[{"@type":"BlogPosting","@id":"https:\/\/anoticiaonline.com.br\/site\/47o-bpm-tem-novo-comandante-2\/#blogposting","name":"47\u00ba BPM tem novo comandante - A Not\u00edcia Online","headline":"47\u00ba BPM tem novo comandante","author":{"@id":"https:\/\/anoticiaonline.com.br\/site\/author\/juliana\/#author"},"publisher":{"@id":"https:\/\/anoticiaonline.com.br\/site\/#organization"},"image":{"@type":"ImageObject","url":"https:\/\/anoticiaonline.com.br\/site\/wp-content\/uploads\/2016\/03\/7348_953784691336244_6116652873868376164_n.jpg","width":640,"height":424},"datePublished":"2016-03-31T21:59:14-03:00","dateModified":"2016-03-31T21:59:14-03:00","inLanguage":"pt-BR","mainEntityOfPage":{"@id":"https:\/\/anoticiaonline.com.br\/site\/47o-bpm-tem-novo-comandante-2\/#webpage"},"isPartOf":{"@id":"https:\/\/anoticiaonline.com.br\/site\/47o-bpm-tem-novo-comandante-2\/#webpage"},"articleSection":"Blog, slide"},{"@type":"BreadcrumbList","@id":"https:\/\/anoticiaonline.com.br\/site\/47o-bpm-tem-novo-comandante-2\/#breadcrumblist","itemListElement":[{"@type":"ListItem","@id":"https:\/\/anoticiaonline.com.br\/site#listItem","position":1,"name":"Home","item":"https:\/\/anoticiaonline.com.br\/site","nextItem":{"@type":"ListItem","@id":"https:\/\/anoticiaonline.com.br\/site\/categoria\/muriae\/#listItem","name":"Blog"}},{"@type":"ListItem","@id":"https:\/\/anoticiaonline.com.br\/site\/categoria\/muriae\/#listItem","position":2,"name":"Blog","item":"https:\/\/anoticiaonline.com.br\/site\/categoria\/muriae\/","nextItem":{"@type":"ListItem","@id":"https:\/\/anoticiaonline.com.br\/site\/47o-bpm-tem-novo-comandante-2\/#listItem","name":"47\u00ba BPM tem novo comandante"},"previousItem":{"@type":"ListItem","@id":"https:\/\/anoticiaonline.com.br\/site#listItem","name":"Home"}},{"@type":"ListItem","@id":"https:\/\/anoticiaonline.com.br\/site\/47o-bpm-tem-novo-comandante-2\/#listItem","position":3,"name":"47\u00ba BPM tem novo comandante","previousItem":{"@type":"ListItem","@id":"https:\/\/anoticiaonline.com.br\/site\/categoria\/muriae\/#listItem","name":"Blog"}}]},{"@type":"Organization","@id":"https:\/\/anoticiaonline.com.br\/site\/#organization","name":"A Not\u00edcia Online","description":"Noticias de Muria\u00e9 e regi\u00e3o","url":"https:\/\/anoticiaonline.com.br\/site\/","logo":{"@type":"ImageObject","url":"https:\/\/scontent-gig4-1.xx.fbcdn.net\/v\/t39.30808-1\/270437624_4564083193639691_6907940295614233970_n.jpg?stp=dst-jpg_s200x200_tt6&_nc_cat=111&ccb=1-7&_nc_sid=f907e8&_nc_ohc=SM1wRlP3lJwQ7kNvwEPuBYA&_nc_oc=AdnqrjDN_BNjSSHWO-GbkIWH6fkGMLw4bqvL_NH6e2wMveX7G-rP2dAqsDSq1mJMOaY&_nc_zt=24&_nc_ht=scontent-gig4-1.xx&_nc_gid=AoBFJeGrT1hVaew_6rchkQ&oh=00_AfX7QmFGhQhG2jAllVgXCiM1ZrWgvtp80-Bfppyexh1QEg&oe=689E923C","@id":"https:\/\/anoticiaonline.com.br\/site\/47o-bpm-tem-novo-comandante-2\/#organizationLogo"},"image":{"@id":"https:\/\/anoticiaonline.com.br\/site\/47o-bpm-tem-novo-comandante-2\/#organizationLogo"}},{"@type":"Person","@id":"https:\/\/anoticiaonline.com.br\/site\/author\/juliana\/#author","url":"https:\/\/anoticiaonline.com.br\/site\/author\/juliana\/","name":"Juliana Laviola","image":{"@type":"ImageObject","@id":"https:\/\/anoticiaonline.com.br\/site\/47o-bpm-tem-novo-comandante-2\/#authorImage","url":"https:\/\/secure.gravatar.com\/avatar\/b8d45f5c699b100dfaf0e543582f38f38bf94cb7ae3a5e9abf8d891a34773335?s=96&d=mm&r=g","width":96,"height":96,"caption":"Juliana Laviola"}},{"@type":"WebPage","@id":"https:\/\/anoticiaonline.com.br\/site\/47o-bpm-tem-novo-comandante-2\/#webpage","url":"https:\/\/anoticiaonline.com.br\/site\/47o-bpm-tem-novo-comandante-2\/","name":"47\u00ba BPM tem novo comandante - A Not\u00edcia Online","description":"O 47\u00ba Batalh\u00e3o de Pol\u00edcia Militar tem novo comandante. O tenente-coronel Raniere M\u00e1rcio da Cruz, que \u00e9 natural de Muria\u00e9, assumiu o comando da unidade durante solenidade realizada na tarde de quinta-feira (31), com a presen\u00e7a de diversas autoridades militares e civis. O novo comandante substitui o coronel Cl\u00e1udio Naz\u00e1rio da Silva Machado, que deixa","inLanguage":"pt-BR","isPartOf":{"@id":"https:\/\/anoticiaonline.com.br\/site\/#website"},"breadcrumb":{"@id":"https:\/\/anoticiaonline.com.br\/site\/47o-bpm-tem-novo-comandante-2\/#breadcrumblist"},"author":{"@id":"https:\/\/anoticiaonline.com.br\/site\/author\/juliana\/#author"},"creator":{"@id":"https:\/\/anoticiaonline.com.br\/site\/author\/juliana\/#author"},"image":{"@type":"ImageObject","url":"https:\/\/anoticiaonline.com.br\/site\/wp-content\/uploads\/2016\/03\/7348_953784691336244_6116652873868376164_n.jpg","@id":"https:\/\/anoticiaonline.com.br\/site\/47o-bpm-tem-novo-comandante-2\/#mainImage","width":640,"height":424},"primaryImageOfPage":{"@id":"https:\/\/anoticiaonline.com.br\/site\/47o-bpm-tem-novo-comandante-2\/#mainImage"},"datePublished":"2016-03-31T21:59:14-03:00","dateModified":"2016-03-31T21:59:14-03:00"},{"@type":"WebSite","@id":"https:\/\/anoticiaonline.com.br\/site\/#website","url":"https:\/\/anoticiaonline.com.br\/site\/","name":"A Not\u00edcia Online","description":"Noticias de Muria\u00e9 e regi\u00e3o","inLanguage":"pt-BR","publisher":{"@id":"https:\/\/anoticiaonline.com.br\/site\/#organization"}}]},"og:locale":"pt_BR","og:site_name":"A Not\u00edcia Online - Noticias de Muria\u00e9 e regi\u00e3o","og:type":"article","og:title":"47\u00ba BPM tem novo comandante - A Not\u00edcia Online","og:description":"O 47\u00ba Batalh\u00e3o de Pol\u00edcia Militar tem novo comandante. O tenente-coronel Raniere M\u00e1rcio da Cruz, que \u00e9 natural de Muria\u00e9, assumiu o comando da unidade durante solenidade realizada na tarde de quinta-feira (31), com a presen\u00e7a de diversas autoridades militares e civis. O novo comandante substitui o coronel Cl\u00e1udio Naz\u00e1rio da Silva Machado, que deixa","og:url":"https:\/\/anoticiaonline.com.br\/site\/47o-bpm-tem-novo-comandante-2\/","og:image":"https:\/\/scontent-gig4-1.xx.fbcdn.net\/v\/t39.30808-1\/270437624_4564083193639691_6907940295614233970_n.jpg?stp=dst-jpg_s200x200_tt6&#038;_nc_cat=111&#038;ccb=1-7&#038;_nc_sid=f907e8&#038;_nc_ohc=SM1wRlP3lJwQ7kNvwEPuBYA&#038;_nc_oc=AdnqrjDN_BNjSSHWO-GbkIWH6fkGMLw4bqvL_NH6e2wMveX7G-rP2dAqsDSq1mJMOaY&#038;_nc_zt=24&#038;_nc_ht=scontent-gig4-1.xx&#038;_nc_gid=AoBFJeGrT1hVaew_6rchkQ&#038;oh=00_AfX7QmFGhQhG2jAllVgXCiM1ZrWgvtp80-Bfppyexh1QEg&#038;oe=689E923C","og:image:secure_url":"https:\/\/scontent-gig4-1.xx.fbcdn.net\/v\/t39.30808-1\/270437624_4564083193639691_6907940295614233970_n.jpg?stp=dst-jpg_s200x200_tt6&#038;_nc_cat=111&#038;ccb=1-7&#038;_nc_sid=f907e8&#038;_nc_ohc=SM1wRlP3lJwQ7kNvwEPuBYA&#038;_nc_oc=AdnqrjDN_BNjSSHWO-GbkIWH6fkGMLw4bqvL_NH6e2wMveX7G-rP2dAqsDSq1mJMOaY&#038;_nc_zt=24&#038;_nc_ht=scontent-gig4-1.xx&#038;_nc_gid=AoBFJeGrT1hVaew_6rchkQ&#038;oh=00_AfX7QmFGhQhG2jAllVgXCiM1ZrWgvtp80-Bfppyexh1QEg&#038;oe=689E923C","article:published_time":"2016-04-01T00:59:14+00:00","article:modified_time":"2016-04-01T00:59:14+00:00","twitter:card":"summary_large_image","twitter:title":"47\u00ba BPM tem novo comandante - A Not\u00edcia Online","twitter:description":"O 47\u00ba Batalh\u00e3o de Pol\u00edcia Militar tem novo comandante. O tenente-coronel Raniere M\u00e1rcio da Cruz, que \u00e9 natural de Muria\u00e9, assumiu o comando da unidade durante solenidade realizada na tarde de quinta-feira (31), com a presen\u00e7a de diversas autoridades militares e civis. O novo comandante substitui o coronel Cl\u00e1udio Naz\u00e1rio da Silva Machado, que deixa","twitter:image":"https:\/\/scontent-gig4-1.xx.fbcdn.net\/v\/t39.30808-1\/270437624_4564083193639691_6907940295614233970_n.jpg?stp=dst-jpg_s200x200_tt6&_nc_cat=111&ccb=1-7&_nc_sid=f907e8&_nc_ohc=SM1wRlP3lJwQ7kNvwEPuBYA&_nc_oc=AdnqrjDN_BNjSSHWO-GbkIWH6fkGMLw4bqvL_NH6e2wMveX7G-rP2dAqsDSq1mJMOaY&_nc_zt=24&_nc_ht=scontent-gig4-1.xx&_nc_gid=AoBFJeGrT1hVaew_6rchkQ&oh=00_AfX7QmFGhQhG2jAllVgXCiM1ZrWgvtp80-Bfppyexh1QEg&oe=689E923C"},"aioseo_meta_data":{"post_id":"11435","title":null,"description":null,"keywords":null,"keyphrases":null,"primary_term":null,"canonical_url":null,"og_title":null,"og_description":null,"og_object_type":"default","og_image_type":"default","og_image_url":null,"og_image_width":null,"og_image_height":null,"og_image_custom_url":null,"og_image_custom_fields":null,"og_video":null,"og_custom_url":null,"og_article_section":null,"og_article_tags":null,"twitter_use_og":false,"twitter_card":"default","twitter_image_type":"default","twitter_image_url":null,"twitter_image_custom_url":null,"twitter_image_custom_fields":null,"twitter_title":null,"twitter_description":null,"schema":{"blockGraphs":[],"customGraphs":[],"default":{"data":{"Article":[],"Course":[],"Dataset":[],"FAQPage":[],"Movie":[],"Person":[],"Product":[],"ProductReview":[],"Car":[],"Recipe":[],"Service":[],"SoftwareApplication":[],"WebPage":[]},"graphName":"","isEnabled":true},"graphs":[]},"schema_type":"default","schema_type_options":null,"pillar_content":false,"robots_default":true,"robots_noindex":false,"robots_noarchive":false,"robots_nosnippet":false,"robots_nofollow":false,"robots_noimageindex":false,"robots_noodp":false,"robots_notranslate":false,"robots_max_snippet":null,"robots_max_videopreview":null,"robots_max_imagepreview":"large","priority":null,"frequency":null,"local_seo":null,"breadcrumb_settings":null,"limit_modified_date":false,"ai":null,"created":"2025-08-16 15:42:33","updated":"2025-08-16 15:42:33","focus_keyword":null,"additional_keywords":null,"truseo_locale":null,"seo_analyzer_scan_date":null},"aioseo_breadcrumb":"<div class=\"aioseo-breadcrumbs\"><span class=\"aioseo-breadcrumb\">\n\t\t\t<a href=\"https:\/\/anoticiaonline.com.br\/site\" title=\"Home\">Home<\/a>\n\t\t<\/span><span class=\"aioseo-breadcrumb-separator\">&raquo;<\/span><span class=\"aioseo-breadcrumb\">\n\t\t\t<a href=\"https:\/\/anoticiaonline.com.br\/site\/categoria\/muriae\/\" title=\"Blog\">Blog<\/a>\n\t\t<\/span><span class=\"aioseo-breadcrumb-separator\">&raquo;<\/span><span class=\"aioseo-breadcrumb\">\n\t\t\t47\u00ba BPM tem novo comandante\n\t\t<\/span><\/div>","aioseo_breadcrumb_json":[{"label":"Home","link":"https:\/\/anoticiaonline.com.br\/site"},{"label":"Blog","link":"https:\/\/anoticiaonline.com.br\/site\/categoria\/muriae\/"},{"label":"47\u00ba BPM tem novo comandante","link":"https:\/\/anoticiaonline.com.br\/site\/47o-bpm-tem-novo-comandante-2\/"}],"views":158,"_links":{"self":[{"href":"https:\/\/anoticiaonline.com.br\/site\/wp-json\/wp\/v2\/posts\/11435","targetHints":{"allow":["GET"]}}],"collection":[{"href":"https:\/\/anoticiaonline.com.br\/site\/wp-json\/wp\/v2\/posts"}],"about":[{"href":"https:\/\/anoticiaonline.com.br\/site\/wp-json\/wp\/v2\/types\/post"}],"author":[{"embeddable":true,"href":"https:\/\/anoticiaonline.com.br\/site\/wp-json\/wp\/v2\/users\/2"}],"replies":[{"embeddable":true,"href":"https:\/\/anoticiaonline.com.br\/site\/wp-json\/wp\/v2\/comments?post=11435"}],"version-history":[{"count":0,"href":"https:\/\/anoticiaonline.com.br\/site\/wp-json\/wp\/v2\/posts\/11435\/revisions"}],"wp:featuredmedia":[{"embeddable":true,"href":"https:\/\/anoticiaonline.com.br\/site\/wp-json\/wp\/v2\/media\/11430"}],"wp:attachment":[{"href":"https:\/\/anoticiaonline.com.br\/site\/wp-json\/wp\/v2\/media?parent=11435"}],"wp:term":[{"taxonomy":"category","embeddable":true,"href":"https:\/\/anoticiaonline.com.br\/site\/wp-json\/wp\/v2\/categories?post=11435"},{"taxonomy":"post_tag","embeddable":true,"href":"https:\/\/anoticiaonline.com.br\/site\/wp-json\/wp\/v2\/tags?post=11435"}],"curies":[{"name":"wp","href":"https:\/\/api.w.org\/{rel}","templated":true}]}}