{"id":10849,"date":"2016-03-30T12:18:58","date_gmt":"2016-03-30T15:18:58","guid":{"rendered":"http:\/\/anoticiaonline.com.br\/site\/?p=10849"},"modified":"2016-03-30T15:32:17","modified_gmt":"2016-03-30T18:32:17","slug":"servidores-dos-psfs-protestam-por-reajuste-salarial-de-11","status":"publish","type":"post","link":"https:\/\/anoticiaonline.com.br\/site\/servidores-dos-psfs-protestam-por-reajuste-salarial-de-11\/","title":{"rendered":"Servidores dos PSF\u2019s protestam por reajuste salarial de 11%"},"content":{"rendered":"<p><a href=\"https:\/\/anoticiaonline.com.br\/site\/wp-content\/uploads\/2016\/03\/Imagem-005.jpg\"><img decoding=\"async\" class=\" size-medium wp-image-10850 alignleft\" src=\"https:\/\/anoticiaonline.com.br\/site\/wp-content\/uploads\/2016\/03\/Imagem-005-300x136.jpg\" alt=\"Imagem 005\" width=\"300\" height=\"136\" srcset=\"https:\/\/anoticiaonline.com.br\/site\/wp-content\/uploads\/2016\/03\/Imagem-005-300x136.jpg 300w, https:\/\/anoticiaonline.com.br\/site\/wp-content\/uploads\/2016\/03\/Imagem-005.jpg 640w\" sizes=\"(max-width: 300px) 100vw, 300px\" \/><\/a>Os servidores p\u00fablicos do Programa Sa\u00fade da Fam\u00edlia de Muria\u00e9 fizeram um protesto na manh\u00e3 desta quarta-feira (30) reivindicando os 11% de reajuste salarial que foi concedido aos servidores efetivos e que n\u00e3o contemplou a categoria.<\/p>\n<p>Todos os 31 PSF\u2019s do munic\u00edpio aderiram ao movimento \u2013 sendo que 28 fecharam para participar da manifesta\u00e7\u00e3o e tr\u00eas n\u00e3o atenderam o p\u00fablico nesta quarta-feira. Participaram do protesto profissionais do Setor de Endemias, dentistas, m\u00e9dicos, enfermeiros, t\u00e9cnicos de enfermagem e auxiliares de enfermagem. Os servidores, com faixas, cartazes e apitos, sa\u00edram da sede do Sindicato dos Servidores P\u00fablicos de Muria\u00e9 e Regi\u00e3o, pr\u00f3ximo ao CD Moda, e seguiram em caminhada at\u00e9 o Centro Administrativo.<\/p>\n<figure id=\"attachment_10851\" aria-describedby=\"caption-attachment-10851\" style=\"width: 290px\" class=\"wp-caption alignleft\"><a href=\"https:\/\/anoticiaonline.com.br\/site\/wp-content\/uploads\/2016\/03\/Imagem-006.jpg\"><img fetchpriority=\"high\" decoding=\"async\" class=\"size-medium wp-image-10851\" src=\"https:\/\/anoticiaonline.com.br\/site\/wp-content\/uploads\/2016\/03\/Imagem-006-300x180.jpg\" alt=\"Manifestantes sa\u00edram da sede do sindicato para o Centro Administrativo\" width=\"300\" height=\"180\" srcset=\"https:\/\/anoticiaonline.com.br\/site\/wp-content\/uploads\/2016\/03\/Imagem-006-300x180.jpg 300w, https:\/\/anoticiaonline.com.br\/site\/wp-content\/uploads\/2016\/03\/Imagem-006.jpg 640w\" sizes=\"(max-width: 300px) 100vw, 300px\" \/><\/a><figcaption id=\"caption-attachment-10851\" class=\"wp-caption-text\">Manifestantes sa\u00edram da sede do sindicato para o Centro Administrativo<\/figcaption><\/figure>\n<p>De acordo com o presidente do sindicato, Ronaldo Alvarenga, foi negociado com o sindicato de que todos os funcion\u00e1rios, efetivos e contratados, teriam os 11% de reajuste salarial, algo que, segundo ele, n\u00e3o aconteceu para os servidores dos PSF\u2019s. \u201cOs funcion\u00e1rios contratados n\u00e3o est\u00e3o recebendo esse reajuste. A alega\u00e7\u00e3o \u00e9 que n\u00e3o tem dinheiro para o PSF repassar esse reajuste. Mas tem dinheiro para fazer contratos para funcion\u00e1rios comissionados e de chefia. Dinheiro tem. \u00c9 s\u00f3 saber repartir melhor\u201d, afirma. \u201cO movimento vai continuar. Estamos em estado de greve, n\u00e3o em greve. Vamos fazer protestos at\u00e9 atitudes serem tomadas\u201d, completa.<\/p>\n<p><strong>POSI\u00c7\u00c3O DA SECRETARIA DE SA\u00daDE \u2013<\/strong> A Secretaria Municipal de Sa\u00fade de Muria\u00e9 informa que as remunera\u00e7\u00f5es dos agentes comunit\u00e1rios de sa\u00fade, m\u00e9dicos, enfermeiros e dos auxiliares de enfermagem que ocupam cargos de contrato s\u00e3o pagas com recursos oriundos da Estrat\u00e9gia Sa\u00fade da Fam\u00edlia (ESF) e do Programa de Melhoria do Acesso e da Qualidade (PMAQ), ambos mantidos pelo Governo Federal.<\/p>\n<p>Assim, segundo a Secretaria de Sa\u00fade, a concess\u00e3o de reajuste salarial para tais classes profissionais necessita que os valores repassados pelo Minist\u00e9rio da Sa\u00fade para esta finalidade tamb\u00e9m sejam reajustados.<\/p>\n<p>A secretaria informa, ainda, que consideram justas as reivindica\u00e7\u00f5es feitas pelos servidores p\u00fablicos e que est\u00e1 atenta \u00e0 situa\u00e7\u00e3o. O \u00f3rg\u00e3o informa vem pleiteando, junto ao Governo Federal, o aumento das verbas repassadas atrav\u00e9s da ESF e do PMAQ, a fim de conceder reajuste salarial tamb\u00e9m para aquelas classes.<\/p>\n<p>Atualmente, os recursos oriundos da ESF e do PMAQ somam, mensalmente, o montante de R$412.300,00; enquanto os custos mensais de folha de pagamento para os cargos citados, al\u00e9m das obriga\u00e7\u00f5es patronais, totalizam R$595.404,59 &#8211; ou seja, aproximadamente R$183 mil a mais do que \u00e9 arrecadado atrav\u00e9s das verbas federais. Somam-se, ainda, a esses valores, as despesas referentes a aux\u00edlio-transporte, vale-alimenta\u00e7\u00e3o e pagamento de insalubridade.<\/p>\n<p>\u201cAssim, cabe lembrar que a decis\u00e3o de n\u00e3o conceder reajuste sem a contrapartida federal est\u00e1 de acordo com os princ\u00edpios da responsabilidade fiscal e tem o objetivo de garantir que os sal\u00e1rios de todos os servidores p\u00fablicos municipais, bem como as progress\u00f5es e os benef\u00edcios previstos nos planos de carreira, continuem sendo pagos rigorosamente em dia, como vem sendo feito at\u00e9 o momento\u201d, afirma.<\/p>\n<p>Ainda de acordo com a Secretaria de Sa\u00fade, em Muria\u00e9, as remunera\u00e7\u00f5es pagas \u00e0s classes reivindicantes est\u00e3o totalmente de acordo com as m\u00e9dias cada categoria. \u201cNo caso dos enfermeiros, o valor chega a superar o valor praticado no mercado, inclusive na iniciativa privada. Os sal\u00e1rios pagos mensalmente pela Prefeitura s\u00e3o da ordem de R$880,00 para auxiliares de enfermagem, R$1.072,46 para agentes comunit\u00e1rios de sa\u00fade, R$3.081,99 para enfermeiros e R$10.500,00 para m\u00e9dicos\u201d, finaliza a secretaria.<\/p>\n<p><strong><em>*Mat\u00e9ria atualiza \u00e0s 15h30min<\/em><\/strong><\/p>\n","protected":false},"excerpt":{"rendered":"<p>Os servidores p\u00fablicos do Programa Sa\u00fade da Fam\u00edlia de Muria\u00e9 fizeram um protesto na manh\u00e3 desta quarta-feira (30) reivindicando os 11% de reajuste salarial que foi concedido aos servidores efetivos e que n\u00e3o contemplou a categoria. Todos os 31 PSF\u2019s do munic\u00edpio aderiram ao movimento \u2013 sendo que 28 fecharam para participar da manifesta\u00e7\u00e3o e &#8230; <a title=\"Servidores dos PSF\u2019s protestam por reajuste salarial de 11%\" class=\"read-more\" href=\"https:\/\/anoticiaonline.com.br\/site\/servidores-dos-psfs-protestam-por-reajuste-salarial-de-11\/\" aria-label=\"Read more about Servidores dos PSF\u2019s protestam por reajuste salarial de 11%\">Ler mais<\/a><\/p>\n","protected":false},"author":2,"featured_media":10850,"comment_status":"open","ping_status":"open","sticky":false,"template":"","format":"standard","meta":{"_acf_changed":false,"_monsterinsights_skip_tracking":false,"footnotes":""},"categories":[30],"tags":[3],"class_list":["post-10849","post","type-post","status-publish","format-standard","has-post-thumbnail","hentry","category-muriae","tag-slide"],"acf":[],"aioseo_notices":[],"aioseo_head":"\n\t\t<!-- All in One SEO 5.0.0.1 - aioseo.com -->\n\t<meta name=\"description\" content=\"Os servidores p\u00fablicos do Programa Sa\u00fade da Fam\u00edlia de Muria\u00e9 fizeram um protesto na manh\u00e3 desta quarta-feira (30) reivindicando os 11% de reajuste salarial que foi concedido aos servidores efetivos e que n\u00e3o contemplou a categoria. Todos os 31 PSF\u2019s do munic\u00edpio aderiram ao movimento \u2013 sendo que 28 fecharam para participar da manifesta\u00e7\u00e3o e\" \/>\n\t<meta name=\"robots\" content=\"max-image-preview:large\" \/>\n\t<meta name=\"author\" content=\"Juliana Laviola\"\/>\n\t<link rel=\"canonical\" href=\"https:\/\/anoticiaonline.com.br\/site\/servidores-dos-psfs-protestam-por-reajuste-salarial-de-11\/\" \/>\n\t<meta name=\"generator\" content=\"All in One SEO (AIOSEO) 5.0.0.1\" \/>\n\t\t<meta property=\"og:locale\" content=\"pt_BR\" \/>\n\t\t<meta property=\"og:site_name\" content=\"A Not\u00edcia Online - Noticias de Muria\u00e9 e regi\u00e3o\" \/>\n\t\t<meta property=\"og:type\" content=\"article\" \/>\n\t\t<meta property=\"og:title\" content=\"Servidores dos PSF\u2019s protestam por reajuste salarial de 11% - A Not\u00edcia Online\" \/>\n\t\t<meta property=\"og:description\" content=\"Os servidores p\u00fablicos do Programa Sa\u00fade da Fam\u00edlia de Muria\u00e9 fizeram um protesto na manh\u00e3 desta quarta-feira (30) reivindicando os 11% de reajuste salarial que foi concedido aos servidores efetivos e que n\u00e3o contemplou a categoria. Todos os 31 PSF\u2019s do munic\u00edpio aderiram ao movimento \u2013 sendo que 28 fecharam para participar da manifesta\u00e7\u00e3o e\" \/>\n\t\t<meta property=\"og:url\" content=\"https:\/\/anoticiaonline.com.br\/site\/servidores-dos-psfs-protestam-por-reajuste-salarial-de-11\/\" \/>\n\t\t<meta property=\"og:image\" content=\"https:\/\/scontent-gig4-1.xx.fbcdn.net\/v\/t39.30808-1\/270437624_4564083193639691_6907940295614233970_n.jpg?stp=dst-jpg_s200x200_tt6&#038;_nc_cat=111&#038;ccb=1-7&#038;_nc_sid=f907e8&#038;_nc_ohc=SM1wRlP3lJwQ7kNvwEPuBYA&#038;_nc_oc=AdnqrjDN_BNjSSHWO-GbkIWH6fkGMLw4bqvL_NH6e2wMveX7G-rP2dAqsDSq1mJMOaY&#038;_nc_zt=24&#038;_nc_ht=scontent-gig4-1.xx&#038;_nc_gid=AoBFJeGrT1hVaew_6rchkQ&#038;oh=00_AfX7QmFGhQhG2jAllVgXCiM1ZrWgvtp80-Bfppyexh1QEg&#038;oe=689E923C\" \/>\n\t\t<meta property=\"og:image:secure_url\" content=\"https:\/\/scontent-gig4-1.xx.fbcdn.net\/v\/t39.30808-1\/270437624_4564083193639691_6907940295614233970_n.jpg?stp=dst-jpg_s200x200_tt6&#038;_nc_cat=111&#038;ccb=1-7&#038;_nc_sid=f907e8&#038;_nc_ohc=SM1wRlP3lJwQ7kNvwEPuBYA&#038;_nc_oc=AdnqrjDN_BNjSSHWO-GbkIWH6fkGMLw4bqvL_NH6e2wMveX7G-rP2dAqsDSq1mJMOaY&#038;_nc_zt=24&#038;_nc_ht=scontent-gig4-1.xx&#038;_nc_gid=AoBFJeGrT1hVaew_6rchkQ&#038;oh=00_AfX7QmFGhQhG2jAllVgXCiM1ZrWgvtp80-Bfppyexh1QEg&#038;oe=689E923C\" \/>\n\t\t<meta property=\"article:published_time\" content=\"2016-03-30T15:18:58+00:00\" \/>\n\t\t<meta property=\"article:modified_time\" content=\"2016-03-30T18:32:17+00:00\" \/>\n\t\t<meta name=\"twitter:card\" content=\"summary_large_image\" \/>\n\t\t<meta name=\"twitter:title\" content=\"Servidores dos PSF\u2019s protestam por reajuste salarial de 11% - A Not\u00edcia Online\" \/>\n\t\t<meta name=\"twitter:description\" content=\"Os servidores p\u00fablicos do Programa Sa\u00fade da Fam\u00edlia de Muria\u00e9 fizeram um protesto na manh\u00e3 desta quarta-feira (30) reivindicando os 11% de reajuste salarial que foi concedido aos servidores efetivos e que n\u00e3o contemplou a categoria. Todos os 31 PSF\u2019s do munic\u00edpio aderiram ao movimento \u2013 sendo que 28 fecharam para participar da manifesta\u00e7\u00e3o e\" \/>\n\t\t<meta name=\"twitter:image\" content=\"https:\/\/scontent-gig4-1.xx.fbcdn.net\/v\/t39.30808-1\/270437624_4564083193639691_6907940295614233970_n.jpg?stp=dst-jpg_s200x200_tt6&amp;_nc_cat=111&amp;ccb=1-7&amp;_nc_sid=f907e8&amp;_nc_ohc=SM1wRlP3lJwQ7kNvwEPuBYA&amp;_nc_oc=AdnqrjDN_BNjSSHWO-GbkIWH6fkGMLw4bqvL_NH6e2wMveX7G-rP2dAqsDSq1mJMOaY&amp;_nc_zt=24&amp;_nc_ht=scontent-gig4-1.xx&amp;_nc_gid=AoBFJeGrT1hVaew_6rchkQ&amp;oh=00_AfX7QmFGhQhG2jAllVgXCiM1ZrWgvtp80-Bfppyexh1QEg&amp;oe=689E923C\" \/>\n\t\t<script type=\"application\/ld+json\" class=\"aioseo-schema\">\n\t\t\t{\"@context\":\"https:\\\/\\\/schema.org\",\"@graph\":[{\"@type\":\"BlogPosting\",\"@id\":\"https:\\\/\\\/anoticiaonline.com.br\\\/site\\\/servidores-dos-psfs-protestam-por-reajuste-salarial-de-11\\\/#blogposting\",\"name\":\"Servidores dos PSF\\u2019s protestam por reajuste salarial de 11% - A Not\\u00edcia Online\",\"headline\":\"Servidores dos PSF\\u2019s protestam por reajuste salarial de 11%\",\"author\":{\"@id\":\"https:\\\/\\\/anoticiaonline.com.br\\\/site\\\/author\\\/juliana\\\/#author\"},\"publisher\":{\"@id\":\"https:\\\/\\\/anoticiaonline.com.br\\\/site\\\/#organization\"},\"image\":{\"@type\":\"ImageObject\",\"url\":\"https:\\\/\\\/anoticiaonline.com.br\\\/site\\\/wp-content\\\/uploads\\\/2016\\\/03\\\/Imagem-005.jpg\",\"width\":640,\"height\":290},\"datePublished\":\"2016-03-30T12:18:58-03:00\",\"dateModified\":\"2016-03-30T15:32:17-03:00\",\"inLanguage\":\"pt-BR\",\"mainEntityOfPage\":{\"@id\":\"https:\\\/\\\/anoticiaonline.com.br\\\/site\\\/servidores-dos-psfs-protestam-por-reajuste-salarial-de-11\\\/#webpage\"},\"isPartOf\":{\"@id\":\"https:\\\/\\\/anoticiaonline.com.br\\\/site\\\/servidores-dos-psfs-protestam-por-reajuste-salarial-de-11\\\/#webpage\"},\"articleSection\":\"Blog, slide\"},{\"@type\":\"BreadcrumbList\",\"@id\":\"https:\\\/\\\/anoticiaonline.com.br\\\/site\\\/servidores-dos-psfs-protestam-por-reajuste-salarial-de-11\\\/#breadcrumblist\",\"itemListElement\":[{\"@type\":\"ListItem\",\"@id\":\"https:\\\/\\\/anoticiaonline.com.br\\\/site#listItem\",\"position\":1,\"name\":\"Home\",\"item\":\"https:\\\/\\\/anoticiaonline.com.br\\\/site\",\"nextItem\":{\"@type\":\"ListItem\",\"@id\":\"https:\\\/\\\/anoticiaonline.com.br\\\/site\\\/categoria\\\/muriae\\\/#listItem\",\"name\":\"Blog\"}},{\"@type\":\"ListItem\",\"@id\":\"https:\\\/\\\/anoticiaonline.com.br\\\/site\\\/categoria\\\/muriae\\\/#listItem\",\"position\":2,\"name\":\"Blog\",\"item\":\"https:\\\/\\\/anoticiaonline.com.br\\\/site\\\/categoria\\\/muriae\\\/\",\"nextItem\":{\"@type\":\"ListItem\",\"@id\":\"https:\\\/\\\/anoticiaonline.com.br\\\/site\\\/servidores-dos-psfs-protestam-por-reajuste-salarial-de-11\\\/#listItem\",\"name\":\"Servidores dos PSF\\u2019s protestam por reajuste salarial de 11%\"},\"previousItem\":{\"@type\":\"ListItem\",\"@id\":\"https:\\\/\\\/anoticiaonline.com.br\\\/site#listItem\",\"name\":\"Home\"}},{\"@type\":\"ListItem\",\"@id\":\"https:\\\/\\\/anoticiaonline.com.br\\\/site\\\/servidores-dos-psfs-protestam-por-reajuste-salarial-de-11\\\/#listItem\",\"position\":3,\"name\":\"Servidores dos PSF\\u2019s protestam por reajuste salarial de 11%\",\"previousItem\":{\"@type\":\"ListItem\",\"@id\":\"https:\\\/\\\/anoticiaonline.com.br\\\/site\\\/categoria\\\/muriae\\\/#listItem\",\"name\":\"Blog\"}}]},{\"@type\":\"Organization\",\"@id\":\"https:\\\/\\\/anoticiaonline.com.br\\\/site\\\/#organization\",\"name\":\"A Not\\u00edcia Online\",\"description\":\"Noticias de Muria\\u00e9 e regi\\u00e3o\",\"url\":\"https:\\\/\\\/anoticiaonline.com.br\\\/site\\\/\",\"logo\":{\"@type\":\"ImageObject\",\"url\":\"https:\\\/\\\/scontent-gig4-1.xx.fbcdn.net\\\/v\\\/t39.30808-1\\\/270437624_4564083193639691_6907940295614233970_n.jpg?stp=dst-jpg_s200x200_tt6&_nc_cat=111&ccb=1-7&_nc_sid=f907e8&_nc_ohc=SM1wRlP3lJwQ7kNvwEPuBYA&_nc_oc=AdnqrjDN_BNjSSHWO-GbkIWH6fkGMLw4bqvL_NH6e2wMveX7G-rP2dAqsDSq1mJMOaY&_nc_zt=24&_nc_ht=scontent-gig4-1.xx&_nc_gid=AoBFJeGrT1hVaew_6rchkQ&oh=00_AfX7QmFGhQhG2jAllVgXCiM1ZrWgvtp80-Bfppyexh1QEg&oe=689E923C\",\"@id\":\"https:\\\/\\\/anoticiaonline.com.br\\\/site\\\/servidores-dos-psfs-protestam-por-reajuste-salarial-de-11\\\/#organizationLogo\"},\"image\":{\"@id\":\"https:\\\/\\\/anoticiaonline.com.br\\\/site\\\/servidores-dos-psfs-protestam-por-reajuste-salarial-de-11\\\/#organizationLogo\"}},{\"@type\":\"Person\",\"@id\":\"https:\\\/\\\/anoticiaonline.com.br\\\/site\\\/author\\\/juliana\\\/#author\",\"url\":\"https:\\\/\\\/anoticiaonline.com.br\\\/site\\\/author\\\/juliana\\\/\",\"name\":\"Juliana Laviola\",\"image\":{\"@type\":\"ImageObject\",\"@id\":\"https:\\\/\\\/anoticiaonline.com.br\\\/site\\\/servidores-dos-psfs-protestam-por-reajuste-salarial-de-11\\\/#authorImage\",\"url\":\"https:\\\/\\\/secure.gravatar.com\\\/avatar\\\/b8d45f5c699b100dfaf0e543582f38f38bf94cb7ae3a5e9abf8d891a34773335?s=96&d=mm&r=g\",\"width\":96,\"height\":96,\"caption\":\"Juliana Laviola\"}},{\"@type\":\"WebPage\",\"@id\":\"https:\\\/\\\/anoticiaonline.com.br\\\/site\\\/servidores-dos-psfs-protestam-por-reajuste-salarial-de-11\\\/#webpage\",\"url\":\"https:\\\/\\\/anoticiaonline.com.br\\\/site\\\/servidores-dos-psfs-protestam-por-reajuste-salarial-de-11\\\/\",\"name\":\"Servidores dos PSF\\u2019s protestam por reajuste salarial de 11% - A Not\\u00edcia Online\",\"description\":\"Os servidores p\\u00fablicos do Programa Sa\\u00fade da Fam\\u00edlia de Muria\\u00e9 fizeram um protesto na manh\\u00e3 desta quarta-feira (30) reivindicando os 11% de reajuste salarial que foi concedido aos servidores efetivos e que n\\u00e3o contemplou a categoria. Todos os 31 PSF\\u2019s do munic\\u00edpio aderiram ao movimento \\u2013 sendo que 28 fecharam para participar da manifesta\\u00e7\\u00e3o e\",\"inLanguage\":\"pt-BR\",\"isPartOf\":{\"@id\":\"https:\\\/\\\/anoticiaonline.com.br\\\/site\\\/#website\"},\"breadcrumb\":{\"@id\":\"https:\\\/\\\/anoticiaonline.com.br\\\/site\\\/servidores-dos-psfs-protestam-por-reajuste-salarial-de-11\\\/#breadcrumblist\"},\"author\":{\"@id\":\"https:\\\/\\\/anoticiaonline.com.br\\\/site\\\/author\\\/juliana\\\/#author\"},\"creator\":{\"@id\":\"https:\\\/\\\/anoticiaonline.com.br\\\/site\\\/author\\\/juliana\\\/#author\"},\"image\":{\"@type\":\"ImageObject\",\"url\":\"https:\\\/\\\/anoticiaonline.com.br\\\/site\\\/wp-content\\\/uploads\\\/2016\\\/03\\\/Imagem-005.jpg\",\"@id\":\"https:\\\/\\\/anoticiaonline.com.br\\\/site\\\/servidores-dos-psfs-protestam-por-reajuste-salarial-de-11\\\/#mainImage\",\"width\":640,\"height\":290},\"primaryImageOfPage\":{\"@id\":\"https:\\\/\\\/anoticiaonline.com.br\\\/site\\\/servidores-dos-psfs-protestam-por-reajuste-salarial-de-11\\\/#mainImage\"},\"datePublished\":\"2016-03-30T12:18:58-03:00\",\"dateModified\":\"2016-03-30T15:32:17-03:00\"},{\"@type\":\"WebSite\",\"@id\":\"https:\\\/\\\/anoticiaonline.com.br\\\/site\\\/#website\",\"url\":\"https:\\\/\\\/anoticiaonline.com.br\\\/site\\\/\",\"name\":\"A Not\\u00edcia Online\",\"description\":\"Noticias de Muria\\u00e9 e regi\\u00e3o\",\"inLanguage\":\"pt-BR\",\"publisher\":{\"@id\":\"https:\\\/\\\/anoticiaonline.com.br\\\/site\\\/#organization\"}}]}\n\t\t<\/script>\n\t\t<!-- All in One SEO -->\n\n","aioseo_head_json":{"title":"Servidores dos PSF\u2019s protestam por reajuste salarial de 11% - A Not\u00edcia Online","description":"Os servidores p\u00fablicos do Programa Sa\u00fade da Fam\u00edlia de Muria\u00e9 fizeram um protesto na manh\u00e3 desta quarta-feira (30) reivindicando os 11% de reajuste salarial que foi concedido aos servidores efetivos e que n\u00e3o contemplou a categoria. Todos os 31 PSF\u2019s do munic\u00edpio aderiram ao movimento \u2013 sendo que 28 fecharam para participar da manifesta\u00e7\u00e3o e","canonical_url":"https:\/\/anoticiaonline.com.br\/site\/servidores-dos-psfs-protestam-por-reajuste-salarial-de-11\/","robots":"max-image-preview:large","keywords":"","webmasterTools":{"miscellaneous":""},"schema":{"@context":"https:\/\/schema.org","@graph":[{"@type":"BlogPosting","@id":"https:\/\/anoticiaonline.com.br\/site\/servidores-dos-psfs-protestam-por-reajuste-salarial-de-11\/#blogposting","name":"Servidores dos PSF\u2019s protestam por reajuste salarial de 11% - A Not\u00edcia Online","headline":"Servidores dos PSF\u2019s protestam por reajuste salarial de 11%","author":{"@id":"https:\/\/anoticiaonline.com.br\/site\/author\/juliana\/#author"},"publisher":{"@id":"https:\/\/anoticiaonline.com.br\/site\/#organization"},"image":{"@type":"ImageObject","url":"https:\/\/anoticiaonline.com.br\/site\/wp-content\/uploads\/2016\/03\/Imagem-005.jpg","width":640,"height":290},"datePublished":"2016-03-30T12:18:58-03:00","dateModified":"2016-03-30T15:32:17-03:00","inLanguage":"pt-BR","mainEntityOfPage":{"@id":"https:\/\/anoticiaonline.com.br\/site\/servidores-dos-psfs-protestam-por-reajuste-salarial-de-11\/#webpage"},"isPartOf":{"@id":"https:\/\/anoticiaonline.com.br\/site\/servidores-dos-psfs-protestam-por-reajuste-salarial-de-11\/#webpage"},"articleSection":"Blog, slide"},{"@type":"BreadcrumbList","@id":"https:\/\/anoticiaonline.com.br\/site\/servidores-dos-psfs-protestam-por-reajuste-salarial-de-11\/#breadcrumblist","itemListElement":[{"@type":"ListItem","@id":"https:\/\/anoticiaonline.com.br\/site#listItem","position":1,"name":"Home","item":"https:\/\/anoticiaonline.com.br\/site","nextItem":{"@type":"ListItem","@id":"https:\/\/anoticiaonline.com.br\/site\/categoria\/muriae\/#listItem","name":"Blog"}},{"@type":"ListItem","@id":"https:\/\/anoticiaonline.com.br\/site\/categoria\/muriae\/#listItem","position":2,"name":"Blog","item":"https:\/\/anoticiaonline.com.br\/site\/categoria\/muriae\/","nextItem":{"@type":"ListItem","@id":"https:\/\/anoticiaonline.com.br\/site\/servidores-dos-psfs-protestam-por-reajuste-salarial-de-11\/#listItem","name":"Servidores dos PSF\u2019s protestam por reajuste salarial de 11%"},"previousItem":{"@type":"ListItem","@id":"https:\/\/anoticiaonline.com.br\/site#listItem","name":"Home"}},{"@type":"ListItem","@id":"https:\/\/anoticiaonline.com.br\/site\/servidores-dos-psfs-protestam-por-reajuste-salarial-de-11\/#listItem","position":3,"name":"Servidores dos PSF\u2019s protestam por reajuste salarial de 11%","previousItem":{"@type":"ListItem","@id":"https:\/\/anoticiaonline.com.br\/site\/categoria\/muriae\/#listItem","name":"Blog"}}]},{"@type":"Organization","@id":"https:\/\/anoticiaonline.com.br\/site\/#organization","name":"A Not\u00edcia Online","description":"Noticias de Muria\u00e9 e regi\u00e3o","url":"https:\/\/anoticiaonline.com.br\/site\/","logo":{"@type":"ImageObject","url":"https:\/\/scontent-gig4-1.xx.fbcdn.net\/v\/t39.30808-1\/270437624_4564083193639691_6907940295614233970_n.jpg?stp=dst-jpg_s200x200_tt6&_nc_cat=111&ccb=1-7&_nc_sid=f907e8&_nc_ohc=SM1wRlP3lJwQ7kNvwEPuBYA&_nc_oc=AdnqrjDN_BNjSSHWO-GbkIWH6fkGMLw4bqvL_NH6e2wMveX7G-rP2dAqsDSq1mJMOaY&_nc_zt=24&_nc_ht=scontent-gig4-1.xx&_nc_gid=AoBFJeGrT1hVaew_6rchkQ&oh=00_AfX7QmFGhQhG2jAllVgXCiM1ZrWgvtp80-Bfppyexh1QEg&oe=689E923C","@id":"https:\/\/anoticiaonline.com.br\/site\/servidores-dos-psfs-protestam-por-reajuste-salarial-de-11\/#organizationLogo"},"image":{"@id":"https:\/\/anoticiaonline.com.br\/site\/servidores-dos-psfs-protestam-por-reajuste-salarial-de-11\/#organizationLogo"}},{"@type":"Person","@id":"https:\/\/anoticiaonline.com.br\/site\/author\/juliana\/#author","url":"https:\/\/anoticiaonline.com.br\/site\/author\/juliana\/","name":"Juliana Laviola","image":{"@type":"ImageObject","@id":"https:\/\/anoticiaonline.com.br\/site\/servidores-dos-psfs-protestam-por-reajuste-salarial-de-11\/#authorImage","url":"https:\/\/secure.gravatar.com\/avatar\/b8d45f5c699b100dfaf0e543582f38f38bf94cb7ae3a5e9abf8d891a34773335?s=96&d=mm&r=g","width":96,"height":96,"caption":"Juliana Laviola"}},{"@type":"WebPage","@id":"https:\/\/anoticiaonline.com.br\/site\/servidores-dos-psfs-protestam-por-reajuste-salarial-de-11\/#webpage","url":"https:\/\/anoticiaonline.com.br\/site\/servidores-dos-psfs-protestam-por-reajuste-salarial-de-11\/","name":"Servidores dos PSF\u2019s protestam por reajuste salarial de 11% - A Not\u00edcia Online","description":"Os servidores p\u00fablicos do Programa Sa\u00fade da Fam\u00edlia de Muria\u00e9 fizeram um protesto na manh\u00e3 desta quarta-feira (30) reivindicando os 11% de reajuste salarial que foi concedido aos servidores efetivos e que n\u00e3o contemplou a categoria. Todos os 31 PSF\u2019s do munic\u00edpio aderiram ao movimento \u2013 sendo que 28 fecharam para participar da manifesta\u00e7\u00e3o e","inLanguage":"pt-BR","isPartOf":{"@id":"https:\/\/anoticiaonline.com.br\/site\/#website"},"breadcrumb":{"@id":"https:\/\/anoticiaonline.com.br\/site\/servidores-dos-psfs-protestam-por-reajuste-salarial-de-11\/#breadcrumblist"},"author":{"@id":"https:\/\/anoticiaonline.com.br\/site\/author\/juliana\/#author"},"creator":{"@id":"https:\/\/anoticiaonline.com.br\/site\/author\/juliana\/#author"},"image":{"@type":"ImageObject","url":"https:\/\/anoticiaonline.com.br\/site\/wp-content\/uploads\/2016\/03\/Imagem-005.jpg","@id":"https:\/\/anoticiaonline.com.br\/site\/servidores-dos-psfs-protestam-por-reajuste-salarial-de-11\/#mainImage","width":640,"height":290},"primaryImageOfPage":{"@id":"https:\/\/anoticiaonline.com.br\/site\/servidores-dos-psfs-protestam-por-reajuste-salarial-de-11\/#mainImage"},"datePublished":"2016-03-30T12:18:58-03:00","dateModified":"2016-03-30T15:32:17-03:00"},{"@type":"WebSite","@id":"https:\/\/anoticiaonline.com.br\/site\/#website","url":"https:\/\/anoticiaonline.com.br\/site\/","name":"A Not\u00edcia Online","description":"Noticias de Muria\u00e9 e regi\u00e3o","inLanguage":"pt-BR","publisher":{"@id":"https:\/\/anoticiaonline.com.br\/site\/#organization"}}]},"og:locale":"pt_BR","og:site_name":"A Not\u00edcia Online - Noticias de Muria\u00e9 e regi\u00e3o","og:type":"article","og:title":"Servidores dos PSF\u2019s protestam por reajuste salarial de 11% - A Not\u00edcia Online","og:description":"Os servidores p\u00fablicos do Programa Sa\u00fade da Fam\u00edlia de Muria\u00e9 fizeram um protesto na manh\u00e3 desta quarta-feira (30) reivindicando os 11% de reajuste salarial que foi concedido aos servidores efetivos e que n\u00e3o contemplou a categoria. Todos os 31 PSF\u2019s do munic\u00edpio aderiram ao movimento \u2013 sendo que 28 fecharam para participar da manifesta\u00e7\u00e3o e","og:url":"https:\/\/anoticiaonline.com.br\/site\/servidores-dos-psfs-protestam-por-reajuste-salarial-de-11\/","og:image":"https:\/\/scontent-gig4-1.xx.fbcdn.net\/v\/t39.30808-1\/270437624_4564083193639691_6907940295614233970_n.jpg?stp=dst-jpg_s200x200_tt6&#038;_nc_cat=111&#038;ccb=1-7&#038;_nc_sid=f907e8&#038;_nc_ohc=SM1wRlP3lJwQ7kNvwEPuBYA&#038;_nc_oc=AdnqrjDN_BNjSSHWO-GbkIWH6fkGMLw4bqvL_NH6e2wMveX7G-rP2dAqsDSq1mJMOaY&#038;_nc_zt=24&#038;_nc_ht=scontent-gig4-1.xx&#038;_nc_gid=AoBFJeGrT1hVaew_6rchkQ&#038;oh=00_AfX7QmFGhQhG2jAllVgXCiM1ZrWgvtp80-Bfppyexh1QEg&#038;oe=689E923C","og:image:secure_url":"https:\/\/scontent-gig4-1.xx.fbcdn.net\/v\/t39.30808-1\/270437624_4564083193639691_6907940295614233970_n.jpg?stp=dst-jpg_s200x200_tt6&#038;_nc_cat=111&#038;ccb=1-7&#038;_nc_sid=f907e8&#038;_nc_ohc=SM1wRlP3lJwQ7kNvwEPuBYA&#038;_nc_oc=AdnqrjDN_BNjSSHWO-GbkIWH6fkGMLw4bqvL_NH6e2wMveX7G-rP2dAqsDSq1mJMOaY&#038;_nc_zt=24&#038;_nc_ht=scontent-gig4-1.xx&#038;_nc_gid=AoBFJeGrT1hVaew_6rchkQ&#038;oh=00_AfX7QmFGhQhG2jAllVgXCiM1ZrWgvtp80-Bfppyexh1QEg&#038;oe=689E923C","article:published_time":"2016-03-30T15:18:58+00:00","article:modified_time":"2016-03-30T18:32:17+00:00","twitter:card":"summary_large_image","twitter:title":"Servidores dos PSF\u2019s protestam por reajuste salarial de 11% - A Not\u00edcia Online","twitter:description":"Os servidores p\u00fablicos do Programa Sa\u00fade da Fam\u00edlia de Muria\u00e9 fizeram um protesto na manh\u00e3 desta quarta-feira (30) reivindicando os 11% de reajuste salarial que foi concedido aos servidores efetivos e que n\u00e3o contemplou a categoria. Todos os 31 PSF\u2019s do munic\u00edpio aderiram ao movimento \u2013 sendo que 28 fecharam para participar da manifesta\u00e7\u00e3o e","twitter:image":"https:\/\/scontent-gig4-1.xx.fbcdn.net\/v\/t39.30808-1\/270437624_4564083193639691_6907940295614233970_n.jpg?stp=dst-jpg_s200x200_tt6&_nc_cat=111&ccb=1-7&_nc_sid=f907e8&_nc_ohc=SM1wRlP3lJwQ7kNvwEPuBYA&_nc_oc=AdnqrjDN_BNjSSHWO-GbkIWH6fkGMLw4bqvL_NH6e2wMveX7G-rP2dAqsDSq1mJMOaY&_nc_zt=24&_nc_ht=scontent-gig4-1.xx&_nc_gid=AoBFJeGrT1hVaew_6rchkQ&oh=00_AfX7QmFGhQhG2jAllVgXCiM1ZrWgvtp80-Bfppyexh1QEg&oe=689E923C"},"aioseo_meta_data":{"post_id":"10849","title":null,"description":null,"keywords":null,"keyphrases":null,"primary_term":null,"canonical_url":null,"og_title":null,"og_description":null,"og_object_type":"default","og_image_type":"default","og_image_url":null,"og_image_width":null,"og_image_height":null,"og_image_custom_url":null,"og_image_custom_fields":null,"og_video":null,"og_custom_url":null,"og_article_section":null,"og_article_tags":null,"twitter_use_og":false,"twitter_card":"default","twitter_image_type":"default","twitter_image_url":null,"twitter_image_custom_url":null,"twitter_image_custom_fields":null,"twitter_title":null,"twitter_description":null,"schema":{"blockGraphs":[],"customGraphs":[],"default":{"data":{"Article":[],"Course":[],"Dataset":[],"FAQPage":[],"Movie":[],"Person":[],"Product":[],"ProductReview":[],"Car":[],"Recipe":[],"Service":[],"SoftwareApplication":[],"WebPage":[]},"graphName":"","isEnabled":true},"graphs":[]},"schema_type":"default","schema_type_options":null,"pillar_content":false,"robots_default":true,"robots_noindex":false,"robots_noarchive":false,"robots_nosnippet":false,"robots_nofollow":false,"robots_noimageindex":false,"robots_noodp":false,"robots_notranslate":false,"robots_max_snippet":null,"robots_max_videopreview":null,"robots_max_imagepreview":"large","priority":null,"frequency":null,"local_seo":null,"breadcrumb_settings":null,"limit_modified_date":false,"ai":null,"created":"2025-08-16 15:40:19","updated":"2025-08-16 15:40:19","focus_keyword":null,"additional_keywords":null,"truseo_locale":null,"seo_analyzer_scan_date":null},"aioseo_breadcrumb":"<div class=\"aioseo-breadcrumbs\"><span class=\"aioseo-breadcrumb\">\n\t\t\t<a href=\"https:\/\/anoticiaonline.com.br\/site\" title=\"Home\">Home<\/a>\n\t\t<\/span><span class=\"aioseo-breadcrumb-separator\">&raquo;<\/span><span class=\"aioseo-breadcrumb\">\n\t\t\t<a href=\"https:\/\/anoticiaonline.com.br\/site\/categoria\/muriae\/\" title=\"Blog\">Blog<\/a>\n\t\t<\/span><span class=\"aioseo-breadcrumb-separator\">&raquo;<\/span><span class=\"aioseo-breadcrumb\">\n\t\t\tServidores dos PSF\u2019s protestam por reajuste salarial de 11%\n\t\t<\/span><\/div>","aioseo_breadcrumb_json":[{"label":"Home","link":"https:\/\/anoticiaonline.com.br\/site"},{"label":"Blog","link":"https:\/\/anoticiaonline.com.br\/site\/categoria\/muriae\/"},{"label":"Servidores dos PSF\u2019s protestam por reajuste salarial de 11%","link":"https:\/\/anoticiaonline.com.br\/site\/servidores-dos-psfs-protestam-por-reajuste-salarial-de-11\/"}],"views":105,"_links":{"self":[{"href":"https:\/\/anoticiaonline.com.br\/site\/wp-json\/wp\/v2\/posts\/10849","targetHints":{"allow":["GET"]}}],"collection":[{"href":"https:\/\/anoticiaonline.com.br\/site\/wp-json\/wp\/v2\/posts"}],"about":[{"href":"https:\/\/anoticiaonline.com.br\/site\/wp-json\/wp\/v2\/types\/post"}],"author":[{"embeddable":true,"href":"https:\/\/anoticiaonline.com.br\/site\/wp-json\/wp\/v2\/users\/2"}],"replies":[{"embeddable":true,"href":"https:\/\/anoticiaonline.com.br\/site\/wp-json\/wp\/v2\/comments?post=10849"}],"version-history":[{"count":0,"href":"https:\/\/anoticiaonline.com.br\/site\/wp-json\/wp\/v2\/posts\/10849\/revisions"}],"wp:featuredmedia":[{"embeddable":true,"href":"https:\/\/anoticiaonline.com.br\/site\/wp-json\/wp\/v2\/media\/10850"}],"wp:attachment":[{"href":"https:\/\/anoticiaonline.com.br\/site\/wp-json\/wp\/v2\/media?parent=10849"}],"wp:term":[{"taxonomy":"category","embeddable":true,"href":"https:\/\/anoticiaonline.com.br\/site\/wp-json\/wp\/v2\/categories?post=10849"},{"taxonomy":"post_tag","embeddable":true,"href":"https:\/\/anoticiaonline.com.br\/site\/wp-json\/wp\/v2\/tags?post=10849"}],"curies":[{"name":"wp","href":"https:\/\/api.w.org\/{rel}","templated":true}]}}