{"id":10793,"date":"2016-03-24T12:00:12","date_gmt":"2016-03-24T15:00:12","guid":{"rendered":"http:\/\/anoticiaonline.com.br\/site\/?p=10793"},"modified":"2016-03-24T10:34:34","modified_gmt":"2016-03-24T13:34:34","slug":"detran-mg-bate-recorde-de-leiloes-de-veiculos-em-2015","status":"publish","type":"post","link":"https:\/\/anoticiaonline.com.br\/site\/detran-mg-bate-recorde-de-leiloes-de-veiculos-em-2015\/","title":{"rendered":"Detran-MG bate recorde de leil\u00f5es de ve\u00edculos em 2015"},"content":{"rendered":"<figure id=\"attachment_10794\" aria-describedby=\"caption-attachment-10794\" style=\"width: 290px\" class=\"wp-caption alignleft\"><a href=\"https:\/\/anoticiaonline.com.br\/site\/wp-content\/uploads\/2016\/03\/leil\u00e3o-detran.jpg\"><img fetchpriority=\"high\" decoding=\"async\" class=\"wp-image-10794 size-medium\" src=\"https:\/\/anoticiaonline.com.br\/site\/wp-content\/uploads\/2016\/03\/leil\u00e3o-detran-300x229.jpg\" alt=\"Foto: Arquivo A NOT\u00cdCIA\" width=\"300\" height=\"229\" srcset=\"https:\/\/anoticiaonline.com.br\/site\/wp-content\/uploads\/2016\/03\/leil\u00e3o-detran-300x229.jpg 300w, https:\/\/anoticiaonline.com.br\/site\/wp-content\/uploads\/2016\/03\/leil\u00e3o-detran.jpg 640w\" sizes=\"(max-width: 300px) 100vw, 300px\" \/><\/a><figcaption id=\"caption-attachment-10794\" class=\"wp-caption-text\">Leil\u00e3o do P\u00e1tio Itajuru em Muria\u00e9 (Foto: Arquivo A NOT\u00cdCIA)<\/figcaption><\/figure>\n<p>Cerca de 40 mil ve\u00edculos foram arrematados dos p\u00e1tios do Departamento de Tr\u00e2nsito de Minas Gerais (Detran-MG) em 2015. Foram 168 leil\u00f5es em diversas cidades do estado, um recorde do departamento de transito, que colocou \u00e0 disposi\u00e7\u00e3o dos interessados, carros, caminh\u00f5es, motocicletas, utilit\u00e1rios e sucatas.<\/p>\n<p>A quantidade de lotes arrematados representa mais de 90% dos aproximadamente 44 mil ve\u00edculos leiloados no ano passado. O presidente da comiss\u00e3o de leil\u00f5es do Detran, Paulo Henrique Silva Moreira, considera o \u00edndice positivo, permitindo desafogar os p\u00e1tios. Ele acrescenta que o resultado se deve ao trabalho de divulga\u00e7\u00e3o e \u00e0 pol\u00edtica de transpar\u00eancia dos leil\u00f5es em Minas Gerais.<\/p>\n<p>A expectativa do Detran-MG para este ano tamb\u00e9m \u00e9 otimista. Do in\u00edcio de 2016 at\u00e9 agora foram realizados 36 leil\u00f5es em todo estado, com o arremate de mais de 4 mil ve\u00edculos e uma arrecada\u00e7\u00e3o de quase R$ 5 milh\u00f5es. A maior parte do dinheiro arrecadado nas vendas p\u00fabicas \u00e9 utilizada para pagar os d\u00e9bitos da estadia dos ve\u00edculos nos p\u00e1tios credenciados.<\/p>\n<p><strong>PROCESSO &#8211;<\/strong> Os ve\u00edculos que v\u00e3o a leil\u00e3o s\u00e3o aqueles apreendidos por infra\u00e7\u00e3o \u00e0 legisla\u00e7\u00e3o de tr\u00e2nsito ou recuperados de furtos e roubos e os que o propriet\u00e1rio n\u00e3o providenciou a retirada no prazo estabelecido na lei.<\/p>\n<p>Quando o ve\u00edculo chega aos p\u00e1tios credenciados do Detran-MG, o dono recebe um comunicado pelos correios e tem 60 dias para retirar o carro. Depois desse prazo, o ve\u00edculo passa por uma vistoria e, se n\u00e3o houver impedimento legal, pode ser levado a leil\u00e3o.<\/p>\n<p>Antes, o propriet\u00e1rio \u00e9 notificado mais tr\u00eas vezes por meio de edital, uma publicada na Imprensa Oficial do Estado de Minas Gerais (IOMG) e outras duas num jornal de grande circula\u00e7\u00e3o. Os comunicados estabelecem outros 30 dias para a retirada do ve\u00edculo.<\/p>\n<p><strong>LEIL\u00c3O &#8211;<\/strong> Terminado o \u00faltimo prazo, o edital de leil\u00e3o do ve\u00edculo \u00e9 publicado, informando o local e o dia em que ser\u00e1 realizado. Antes do leil\u00e3o, os p\u00e1tios abrem as portas para a visita\u00e7\u00e3o dos interessados em conhecer os ve\u00edculos, que s\u00e3o classificados como sucatas ou recuper\u00e1veis.<\/p>\n<p>O presidente da comiss\u00e3o de leil\u00f5es observa que os ve\u00edculos-sucatas s\u00f3 podem ser adquiridos por empresas dos ramos de desmonte, de venda de pe\u00e7as usadas ou de reciclagem.<\/p>\n<p>Depois do leil\u00e3o, a pessoa que arrematou o ve\u00edculo recebe o Documento de Arrecada\u00e7\u00e3o Estadual (DAE), com vencimento em tr\u00eas dias. Ap\u00f3s o pagamento, \u00e9 feita a desvincula\u00e7\u00e3o de impostos, taxas, multas e restri\u00e7\u00f5es financeiras, para que o ve\u00edculo seja entregue ao novo dono sem nenhum outro \u00f4nus, exceto o seguro obrigat\u00f3rio, o Seguro de Danos Pessoais Causados por Ve\u00edculos Automotores de Vias Terrestres (DPVAT).<\/p>\n<p>Segundo o Detran, em 30 dias, a documenta\u00e7\u00e3o do ve\u00edculo, que inclui a carta de arremata\u00e7\u00e3o e o alvar\u00e1 de libera\u00e7\u00e3o, \u00e9 entregue ao comprador. Ele, por sua, vez, tem um m\u00eas para fazer as adequa\u00e7\u00f5es e reparos para que o ve\u00edculo volte a circular.<\/p>\n<p>Mais informa\u00e7\u00f5es sobre o leil\u00e3o de ve\u00edculos podem ser obtidas no site do Detran-MG: www.detran.mg.gov.br\/veiculos\/leiloes.<\/p>\n","protected":false},"excerpt":{"rendered":"<p>Cerca de 40 mil ve\u00edculos foram arrematados dos p\u00e1tios do Departamento de Tr\u00e2nsito de Minas Gerais (Detran-MG) em 2015. Foram 168 leil\u00f5es em diversas cidades do estado, um recorde do departamento de transito, que colocou \u00e0 disposi\u00e7\u00e3o dos interessados, carros, caminh\u00f5es, motocicletas, utilit\u00e1rios e sucatas. A quantidade de lotes arrematados representa mais de 90% dos &#8230; <a title=\"Detran-MG bate recorde de leil\u00f5es de ve\u00edculos em 2015\" class=\"read-more\" href=\"https:\/\/anoticiaonline.com.br\/site\/detran-mg-bate-recorde-de-leiloes-de-veiculos-em-2015\/\" aria-label=\"Read more about Detran-MG bate recorde de leil\u00f5es de ve\u00edculos em 2015\">Ler mais<\/a><\/p>\n","protected":false},"author":2,"featured_media":10794,"comment_status":"open","ping_status":"open","sticky":false,"template":"","format":"standard","meta":{"_acf_changed":false,"_monsterinsights_skip_tracking":false,"footnotes":""},"categories":[1],"tags":[3],"class_list":["post-10793","post","type-post","status-publish","format-standard","has-post-thumbnail","hentry","category-gerais","tag-slide"],"acf":[],"aioseo_notices":[],"aioseo_head":"\n\t\t<!-- All in One SEO 5.0.0.1 - aioseo.com -->\n\t<meta name=\"description\" content=\"Cerca de 40 mil ve\u00edculos foram arrematados dos p\u00e1tios do Departamento de Tr\u00e2nsito de Minas Gerais (Detran-MG) em 2015. Foram 168 leil\u00f5es em diversas cidades do estado, um recorde do departamento de transito, que colocou \u00e0 disposi\u00e7\u00e3o dos interessados, carros, caminh\u00f5es, motocicletas, utilit\u00e1rios e sucatas. A quantidade de lotes arrematados representa mais de 90% dos\" \/>\n\t<meta name=\"robots\" content=\"max-image-preview:large\" \/>\n\t<meta name=\"author\" content=\"Juliana Laviola\"\/>\n\t<link rel=\"canonical\" href=\"https:\/\/anoticiaonline.com.br\/site\/detran-mg-bate-recorde-de-leiloes-de-veiculos-em-2015\/\" \/>\n\t<meta name=\"generator\" content=\"All in One SEO (AIOSEO) 5.0.0.1\" \/>\n\t\t<meta property=\"og:locale\" content=\"pt_BR\" \/>\n\t\t<meta property=\"og:site_name\" content=\"A Not\u00edcia Online - Noticias de Muria\u00e9 e regi\u00e3o\" \/>\n\t\t<meta property=\"og:type\" content=\"article\" \/>\n\t\t<meta property=\"og:title\" content=\"Detran-MG bate recorde de leil\u00f5es de ve\u00edculos em 2015 - A Not\u00edcia Online\" \/>\n\t\t<meta property=\"og:description\" content=\"Cerca de 40 mil ve\u00edculos foram arrematados dos p\u00e1tios do Departamento de Tr\u00e2nsito de Minas Gerais (Detran-MG) em 2015. Foram 168 leil\u00f5es em diversas cidades do estado, um recorde do departamento de transito, que colocou \u00e0 disposi\u00e7\u00e3o dos interessados, carros, caminh\u00f5es, motocicletas, utilit\u00e1rios e sucatas. A quantidade de lotes arrematados representa mais de 90% dos\" \/>\n\t\t<meta property=\"og:url\" content=\"https:\/\/anoticiaonline.com.br\/site\/detran-mg-bate-recorde-de-leiloes-de-veiculos-em-2015\/\" \/>\n\t\t<meta property=\"og:image\" content=\"https:\/\/scontent-gig4-1.xx.fbcdn.net\/v\/t39.30808-1\/270437624_4564083193639691_6907940295614233970_n.jpg?stp=dst-jpg_s200x200_tt6&#038;_nc_cat=111&#038;ccb=1-7&#038;_nc_sid=f907e8&#038;_nc_ohc=SM1wRlP3lJwQ7kNvwEPuBYA&#038;_nc_oc=AdnqrjDN_BNjSSHWO-GbkIWH6fkGMLw4bqvL_NH6e2wMveX7G-rP2dAqsDSq1mJMOaY&#038;_nc_zt=24&#038;_nc_ht=scontent-gig4-1.xx&#038;_nc_gid=AoBFJeGrT1hVaew_6rchkQ&#038;oh=00_AfX7QmFGhQhG2jAllVgXCiM1ZrWgvtp80-Bfppyexh1QEg&#038;oe=689E923C\" \/>\n\t\t<meta property=\"og:image:secure_url\" content=\"https:\/\/scontent-gig4-1.xx.fbcdn.net\/v\/t39.30808-1\/270437624_4564083193639691_6907940295614233970_n.jpg?stp=dst-jpg_s200x200_tt6&#038;_nc_cat=111&#038;ccb=1-7&#038;_nc_sid=f907e8&#038;_nc_ohc=SM1wRlP3lJwQ7kNvwEPuBYA&#038;_nc_oc=AdnqrjDN_BNjSSHWO-GbkIWH6fkGMLw4bqvL_NH6e2wMveX7G-rP2dAqsDSq1mJMOaY&#038;_nc_zt=24&#038;_nc_ht=scontent-gig4-1.xx&#038;_nc_gid=AoBFJeGrT1hVaew_6rchkQ&#038;oh=00_AfX7QmFGhQhG2jAllVgXCiM1ZrWgvtp80-Bfppyexh1QEg&#038;oe=689E923C\" \/>\n\t\t<meta property=\"article:published_time\" content=\"2016-03-24T15:00:12+00:00\" \/>\n\t\t<meta property=\"article:modified_time\" content=\"2016-03-24T13:34:34+00:00\" \/>\n\t\t<meta name=\"twitter:card\" content=\"summary_large_image\" \/>\n\t\t<meta name=\"twitter:title\" content=\"Detran-MG bate recorde de leil\u00f5es de ve\u00edculos em 2015 - A Not\u00edcia Online\" \/>\n\t\t<meta name=\"twitter:description\" content=\"Cerca de 40 mil ve\u00edculos foram arrematados dos p\u00e1tios do Departamento de Tr\u00e2nsito de Minas Gerais (Detran-MG) em 2015. Foram 168 leil\u00f5es em diversas cidades do estado, um recorde do departamento de transito, que colocou \u00e0 disposi\u00e7\u00e3o dos interessados, carros, caminh\u00f5es, motocicletas, utilit\u00e1rios e sucatas. A quantidade de lotes arrematados representa mais de 90% dos\" \/>\n\t\t<meta name=\"twitter:image\" content=\"https:\/\/scontent-gig4-1.xx.fbcdn.net\/v\/t39.30808-1\/270437624_4564083193639691_6907940295614233970_n.jpg?stp=dst-jpg_s200x200_tt6&amp;_nc_cat=111&amp;ccb=1-7&amp;_nc_sid=f907e8&amp;_nc_ohc=SM1wRlP3lJwQ7kNvwEPuBYA&amp;_nc_oc=AdnqrjDN_BNjSSHWO-GbkIWH6fkGMLw4bqvL_NH6e2wMveX7G-rP2dAqsDSq1mJMOaY&amp;_nc_zt=24&amp;_nc_ht=scontent-gig4-1.xx&amp;_nc_gid=AoBFJeGrT1hVaew_6rchkQ&amp;oh=00_AfX7QmFGhQhG2jAllVgXCiM1ZrWgvtp80-Bfppyexh1QEg&amp;oe=689E923C\" \/>\n\t\t<script type=\"application\/ld+json\" class=\"aioseo-schema\">\n\t\t\t{\"@context\":\"https:\\\/\\\/schema.org\",\"@graph\":[{\"@type\":\"BlogPosting\",\"@id\":\"https:\\\/\\\/anoticiaonline.com.br\\\/site\\\/detran-mg-bate-recorde-de-leiloes-de-veiculos-em-2015\\\/#blogposting\",\"name\":\"Detran-MG bate recorde de leil\\u00f5es de ve\\u00edculos em 2015 - A Not\\u00edcia Online\",\"headline\":\"Detran-MG bate recorde de leil\\u00f5es de ve\\u00edculos em 2015\",\"author\":{\"@id\":\"https:\\\/\\\/anoticiaonline.com.br\\\/site\\\/author\\\/juliana\\\/#author\"},\"publisher\":{\"@id\":\"https:\\\/\\\/anoticiaonline.com.br\\\/site\\\/#organization\"},\"image\":{\"@type\":\"ImageObject\",\"url\":\"https:\\\/\\\/anoticiaonline.com.br\\\/site\\\/wp-content\\\/uploads\\\/2016\\\/03\\\/leil\\u00e3o-detran.jpg\",\"width\":640,\"height\":488,\"caption\":\"Foto: Arquivo A NOT\\u00cdCIA\"},\"datePublished\":\"2016-03-24T12:00:12-03:00\",\"dateModified\":\"2016-03-24T10:34:34-03:00\",\"inLanguage\":\"pt-BR\",\"mainEntityOfPage\":{\"@id\":\"https:\\\/\\\/anoticiaonline.com.br\\\/site\\\/detran-mg-bate-recorde-de-leiloes-de-veiculos-em-2015\\\/#webpage\"},\"isPartOf\":{\"@id\":\"https:\\\/\\\/anoticiaonline.com.br\\\/site\\\/detran-mg-bate-recorde-de-leiloes-de-veiculos-em-2015\\\/#webpage\"},\"articleSection\":\"Gerais, slide\"},{\"@type\":\"BreadcrumbList\",\"@id\":\"https:\\\/\\\/anoticiaonline.com.br\\\/site\\\/detran-mg-bate-recorde-de-leiloes-de-veiculos-em-2015\\\/#breadcrumblist\",\"itemListElement\":[{\"@type\":\"ListItem\",\"@id\":\"https:\\\/\\\/anoticiaonline.com.br\\\/site#listItem\",\"position\":1,\"name\":\"Home\",\"item\":\"https:\\\/\\\/anoticiaonline.com.br\\\/site\",\"nextItem\":{\"@type\":\"ListItem\",\"@id\":\"https:\\\/\\\/anoticiaonline.com.br\\\/site\\\/categoria\\\/gerais\\\/#listItem\",\"name\":\"Gerais\"}},{\"@type\":\"ListItem\",\"@id\":\"https:\\\/\\\/anoticiaonline.com.br\\\/site\\\/categoria\\\/gerais\\\/#listItem\",\"position\":2,\"name\":\"Gerais\",\"item\":\"https:\\\/\\\/anoticiaonline.com.br\\\/site\\\/categoria\\\/gerais\\\/\",\"nextItem\":{\"@type\":\"ListItem\",\"@id\":\"https:\\\/\\\/anoticiaonline.com.br\\\/site\\\/detran-mg-bate-recorde-de-leiloes-de-veiculos-em-2015\\\/#listItem\",\"name\":\"Detran-MG bate recorde de leil\\u00f5es de ve\\u00edculos em 2015\"},\"previousItem\":{\"@type\":\"ListItem\",\"@id\":\"https:\\\/\\\/anoticiaonline.com.br\\\/site#listItem\",\"name\":\"Home\"}},{\"@type\":\"ListItem\",\"@id\":\"https:\\\/\\\/anoticiaonline.com.br\\\/site\\\/detran-mg-bate-recorde-de-leiloes-de-veiculos-em-2015\\\/#listItem\",\"position\":3,\"name\":\"Detran-MG bate recorde de leil\\u00f5es de ve\\u00edculos em 2015\",\"previousItem\":{\"@type\":\"ListItem\",\"@id\":\"https:\\\/\\\/anoticiaonline.com.br\\\/site\\\/categoria\\\/gerais\\\/#listItem\",\"name\":\"Gerais\"}}]},{\"@type\":\"Organization\",\"@id\":\"https:\\\/\\\/anoticiaonline.com.br\\\/site\\\/#organization\",\"name\":\"A Not\\u00edcia Online\",\"description\":\"Noticias de Muria\\u00e9 e regi\\u00e3o\",\"url\":\"https:\\\/\\\/anoticiaonline.com.br\\\/site\\\/\",\"logo\":{\"@type\":\"ImageObject\",\"url\":\"https:\\\/\\\/scontent-gig4-1.xx.fbcdn.net\\\/v\\\/t39.30808-1\\\/270437624_4564083193639691_6907940295614233970_n.jpg?stp=dst-jpg_s200x200_tt6&_nc_cat=111&ccb=1-7&_nc_sid=f907e8&_nc_ohc=SM1wRlP3lJwQ7kNvwEPuBYA&_nc_oc=AdnqrjDN_BNjSSHWO-GbkIWH6fkGMLw4bqvL_NH6e2wMveX7G-rP2dAqsDSq1mJMOaY&_nc_zt=24&_nc_ht=scontent-gig4-1.xx&_nc_gid=AoBFJeGrT1hVaew_6rchkQ&oh=00_AfX7QmFGhQhG2jAllVgXCiM1ZrWgvtp80-Bfppyexh1QEg&oe=689E923C\",\"@id\":\"https:\\\/\\\/anoticiaonline.com.br\\\/site\\\/detran-mg-bate-recorde-de-leiloes-de-veiculos-em-2015\\\/#organizationLogo\"},\"image\":{\"@id\":\"https:\\\/\\\/anoticiaonline.com.br\\\/site\\\/detran-mg-bate-recorde-de-leiloes-de-veiculos-em-2015\\\/#organizationLogo\"}},{\"@type\":\"Person\",\"@id\":\"https:\\\/\\\/anoticiaonline.com.br\\\/site\\\/author\\\/juliana\\\/#author\",\"url\":\"https:\\\/\\\/anoticiaonline.com.br\\\/site\\\/author\\\/juliana\\\/\",\"name\":\"Juliana Laviola\",\"image\":{\"@type\":\"ImageObject\",\"@id\":\"https:\\\/\\\/anoticiaonline.com.br\\\/site\\\/detran-mg-bate-recorde-de-leiloes-de-veiculos-em-2015\\\/#authorImage\",\"url\":\"https:\\\/\\\/secure.gravatar.com\\\/avatar\\\/b8d45f5c699b100dfaf0e543582f38f38bf94cb7ae3a5e9abf8d891a34773335?s=96&d=mm&r=g\",\"width\":96,\"height\":96,\"caption\":\"Juliana Laviola\"}},{\"@type\":\"WebPage\",\"@id\":\"https:\\\/\\\/anoticiaonline.com.br\\\/site\\\/detran-mg-bate-recorde-de-leiloes-de-veiculos-em-2015\\\/#webpage\",\"url\":\"https:\\\/\\\/anoticiaonline.com.br\\\/site\\\/detran-mg-bate-recorde-de-leiloes-de-veiculos-em-2015\\\/\",\"name\":\"Detran-MG bate recorde de leil\\u00f5es de ve\\u00edculos em 2015 - A Not\\u00edcia Online\",\"description\":\"Cerca de 40 mil ve\\u00edculos foram arrematados dos p\\u00e1tios do Departamento de Tr\\u00e2nsito de Minas Gerais (Detran-MG) em 2015. Foram 168 leil\\u00f5es em diversas cidades do estado, um recorde do departamento de transito, que colocou \\u00e0 disposi\\u00e7\\u00e3o dos interessados, carros, caminh\\u00f5es, motocicletas, utilit\\u00e1rios e sucatas. A quantidade de lotes arrematados representa mais de 90% dos\",\"inLanguage\":\"pt-BR\",\"isPartOf\":{\"@id\":\"https:\\\/\\\/anoticiaonline.com.br\\\/site\\\/#website\"},\"breadcrumb\":{\"@id\":\"https:\\\/\\\/anoticiaonline.com.br\\\/site\\\/detran-mg-bate-recorde-de-leiloes-de-veiculos-em-2015\\\/#breadcrumblist\"},\"author\":{\"@id\":\"https:\\\/\\\/anoticiaonline.com.br\\\/site\\\/author\\\/juliana\\\/#author\"},\"creator\":{\"@id\":\"https:\\\/\\\/anoticiaonline.com.br\\\/site\\\/author\\\/juliana\\\/#author\"},\"image\":{\"@type\":\"ImageObject\",\"url\":\"https:\\\/\\\/anoticiaonline.com.br\\\/site\\\/wp-content\\\/uploads\\\/2016\\\/03\\\/leil\\u00e3o-detran.jpg\",\"@id\":\"https:\\\/\\\/anoticiaonline.com.br\\\/site\\\/detran-mg-bate-recorde-de-leiloes-de-veiculos-em-2015\\\/#mainImage\",\"width\":640,\"height\":488,\"caption\":\"Foto: Arquivo A NOT\\u00cdCIA\"},\"primaryImageOfPage\":{\"@id\":\"https:\\\/\\\/anoticiaonline.com.br\\\/site\\\/detran-mg-bate-recorde-de-leiloes-de-veiculos-em-2015\\\/#mainImage\"},\"datePublished\":\"2016-03-24T12:00:12-03:00\",\"dateModified\":\"2016-03-24T10:34:34-03:00\"},{\"@type\":\"WebSite\",\"@id\":\"https:\\\/\\\/anoticiaonline.com.br\\\/site\\\/#website\",\"url\":\"https:\\\/\\\/anoticiaonline.com.br\\\/site\\\/\",\"name\":\"A Not\\u00edcia Online\",\"description\":\"Noticias de Muria\\u00e9 e regi\\u00e3o\",\"inLanguage\":\"pt-BR\",\"publisher\":{\"@id\":\"https:\\\/\\\/anoticiaonline.com.br\\\/site\\\/#organization\"}}]}\n\t\t<\/script>\n\t\t<!-- All in One SEO -->\n\n","aioseo_head_json":{"title":"Detran-MG bate recorde de leil\u00f5es de ve\u00edculos em 2015 - A Not\u00edcia Online","description":"Cerca de 40 mil ve\u00edculos foram arrematados dos p\u00e1tios do Departamento de Tr\u00e2nsito de Minas Gerais (Detran-MG) em 2015. Foram 168 leil\u00f5es em diversas cidades do estado, um recorde do departamento de transito, que colocou \u00e0 disposi\u00e7\u00e3o dos interessados, carros, caminh\u00f5es, motocicletas, utilit\u00e1rios e sucatas. A quantidade de lotes arrematados representa mais de 90% dos","canonical_url":"https:\/\/anoticiaonline.com.br\/site\/detran-mg-bate-recorde-de-leiloes-de-veiculos-em-2015\/","robots":"max-image-preview:large","keywords":"","webmasterTools":{"miscellaneous":""},"schema":{"@context":"https:\/\/schema.org","@graph":[{"@type":"BlogPosting","@id":"https:\/\/anoticiaonline.com.br\/site\/detran-mg-bate-recorde-de-leiloes-de-veiculos-em-2015\/#blogposting","name":"Detran-MG bate recorde de leil\u00f5es de ve\u00edculos em 2015 - A Not\u00edcia Online","headline":"Detran-MG bate recorde de leil\u00f5es de ve\u00edculos em 2015","author":{"@id":"https:\/\/anoticiaonline.com.br\/site\/author\/juliana\/#author"},"publisher":{"@id":"https:\/\/anoticiaonline.com.br\/site\/#organization"},"image":{"@type":"ImageObject","url":"https:\/\/anoticiaonline.com.br\/site\/wp-content\/uploads\/2016\/03\/leil\u00e3o-detran.jpg","width":640,"height":488,"caption":"Foto: Arquivo A NOT\u00cdCIA"},"datePublished":"2016-03-24T12:00:12-03:00","dateModified":"2016-03-24T10:34:34-03:00","inLanguage":"pt-BR","mainEntityOfPage":{"@id":"https:\/\/anoticiaonline.com.br\/site\/detran-mg-bate-recorde-de-leiloes-de-veiculos-em-2015\/#webpage"},"isPartOf":{"@id":"https:\/\/anoticiaonline.com.br\/site\/detran-mg-bate-recorde-de-leiloes-de-veiculos-em-2015\/#webpage"},"articleSection":"Gerais, slide"},{"@type":"BreadcrumbList","@id":"https:\/\/anoticiaonline.com.br\/site\/detran-mg-bate-recorde-de-leiloes-de-veiculos-em-2015\/#breadcrumblist","itemListElement":[{"@type":"ListItem","@id":"https:\/\/anoticiaonline.com.br\/site#listItem","position":1,"name":"Home","item":"https:\/\/anoticiaonline.com.br\/site","nextItem":{"@type":"ListItem","@id":"https:\/\/anoticiaonline.com.br\/site\/categoria\/gerais\/#listItem","name":"Gerais"}},{"@type":"ListItem","@id":"https:\/\/anoticiaonline.com.br\/site\/categoria\/gerais\/#listItem","position":2,"name":"Gerais","item":"https:\/\/anoticiaonline.com.br\/site\/categoria\/gerais\/","nextItem":{"@type":"ListItem","@id":"https:\/\/anoticiaonline.com.br\/site\/detran-mg-bate-recorde-de-leiloes-de-veiculos-em-2015\/#listItem","name":"Detran-MG bate recorde de leil\u00f5es de ve\u00edculos em 2015"},"previousItem":{"@type":"ListItem","@id":"https:\/\/anoticiaonline.com.br\/site#listItem","name":"Home"}},{"@type":"ListItem","@id":"https:\/\/anoticiaonline.com.br\/site\/detran-mg-bate-recorde-de-leiloes-de-veiculos-em-2015\/#listItem","position":3,"name":"Detran-MG bate recorde de leil\u00f5es de ve\u00edculos em 2015","previousItem":{"@type":"ListItem","@id":"https:\/\/anoticiaonline.com.br\/site\/categoria\/gerais\/#listItem","name":"Gerais"}}]},{"@type":"Organization","@id":"https:\/\/anoticiaonline.com.br\/site\/#organization","name":"A Not\u00edcia Online","description":"Noticias de Muria\u00e9 e regi\u00e3o","url":"https:\/\/anoticiaonline.com.br\/site\/","logo":{"@type":"ImageObject","url":"https:\/\/scontent-gig4-1.xx.fbcdn.net\/v\/t39.30808-1\/270437624_4564083193639691_6907940295614233970_n.jpg?stp=dst-jpg_s200x200_tt6&_nc_cat=111&ccb=1-7&_nc_sid=f907e8&_nc_ohc=SM1wRlP3lJwQ7kNvwEPuBYA&_nc_oc=AdnqrjDN_BNjSSHWO-GbkIWH6fkGMLw4bqvL_NH6e2wMveX7G-rP2dAqsDSq1mJMOaY&_nc_zt=24&_nc_ht=scontent-gig4-1.xx&_nc_gid=AoBFJeGrT1hVaew_6rchkQ&oh=00_AfX7QmFGhQhG2jAllVgXCiM1ZrWgvtp80-Bfppyexh1QEg&oe=689E923C","@id":"https:\/\/anoticiaonline.com.br\/site\/detran-mg-bate-recorde-de-leiloes-de-veiculos-em-2015\/#organizationLogo"},"image":{"@id":"https:\/\/anoticiaonline.com.br\/site\/detran-mg-bate-recorde-de-leiloes-de-veiculos-em-2015\/#organizationLogo"}},{"@type":"Person","@id":"https:\/\/anoticiaonline.com.br\/site\/author\/juliana\/#author","url":"https:\/\/anoticiaonline.com.br\/site\/author\/juliana\/","name":"Juliana Laviola","image":{"@type":"ImageObject","@id":"https:\/\/anoticiaonline.com.br\/site\/detran-mg-bate-recorde-de-leiloes-de-veiculos-em-2015\/#authorImage","url":"https:\/\/secure.gravatar.com\/avatar\/b8d45f5c699b100dfaf0e543582f38f38bf94cb7ae3a5e9abf8d891a34773335?s=96&d=mm&r=g","width":96,"height":96,"caption":"Juliana Laviola"}},{"@type":"WebPage","@id":"https:\/\/anoticiaonline.com.br\/site\/detran-mg-bate-recorde-de-leiloes-de-veiculos-em-2015\/#webpage","url":"https:\/\/anoticiaonline.com.br\/site\/detran-mg-bate-recorde-de-leiloes-de-veiculos-em-2015\/","name":"Detran-MG bate recorde de leil\u00f5es de ve\u00edculos em 2015 - A Not\u00edcia Online","description":"Cerca de 40 mil ve\u00edculos foram arrematados dos p\u00e1tios do Departamento de Tr\u00e2nsito de Minas Gerais (Detran-MG) em 2015. Foram 168 leil\u00f5es em diversas cidades do estado, um recorde do departamento de transito, que colocou \u00e0 disposi\u00e7\u00e3o dos interessados, carros, caminh\u00f5es, motocicletas, utilit\u00e1rios e sucatas. A quantidade de lotes arrematados representa mais de 90% dos","inLanguage":"pt-BR","isPartOf":{"@id":"https:\/\/anoticiaonline.com.br\/site\/#website"},"breadcrumb":{"@id":"https:\/\/anoticiaonline.com.br\/site\/detran-mg-bate-recorde-de-leiloes-de-veiculos-em-2015\/#breadcrumblist"},"author":{"@id":"https:\/\/anoticiaonline.com.br\/site\/author\/juliana\/#author"},"creator":{"@id":"https:\/\/anoticiaonline.com.br\/site\/author\/juliana\/#author"},"image":{"@type":"ImageObject","url":"https:\/\/anoticiaonline.com.br\/site\/wp-content\/uploads\/2016\/03\/leil\u00e3o-detran.jpg","@id":"https:\/\/anoticiaonline.com.br\/site\/detran-mg-bate-recorde-de-leiloes-de-veiculos-em-2015\/#mainImage","width":640,"height":488,"caption":"Foto: Arquivo A NOT\u00cdCIA"},"primaryImageOfPage":{"@id":"https:\/\/anoticiaonline.com.br\/site\/detran-mg-bate-recorde-de-leiloes-de-veiculos-em-2015\/#mainImage"},"datePublished":"2016-03-24T12:00:12-03:00","dateModified":"2016-03-24T10:34:34-03:00"},{"@type":"WebSite","@id":"https:\/\/anoticiaonline.com.br\/site\/#website","url":"https:\/\/anoticiaonline.com.br\/site\/","name":"A Not\u00edcia Online","description":"Noticias de Muria\u00e9 e regi\u00e3o","inLanguage":"pt-BR","publisher":{"@id":"https:\/\/anoticiaonline.com.br\/site\/#organization"}}]},"og:locale":"pt_BR","og:site_name":"A Not\u00edcia Online - Noticias de Muria\u00e9 e regi\u00e3o","og:type":"article","og:title":"Detran-MG bate recorde de leil\u00f5es de ve\u00edculos em 2015 - A Not\u00edcia Online","og:description":"Cerca de 40 mil ve\u00edculos foram arrematados dos p\u00e1tios do Departamento de Tr\u00e2nsito de Minas Gerais (Detran-MG) em 2015. Foram 168 leil\u00f5es em diversas cidades do estado, um recorde do departamento de transito, que colocou \u00e0 disposi\u00e7\u00e3o dos interessados, carros, caminh\u00f5es, motocicletas, utilit\u00e1rios e sucatas. A quantidade de lotes arrematados representa mais de 90% dos","og:url":"https:\/\/anoticiaonline.com.br\/site\/detran-mg-bate-recorde-de-leiloes-de-veiculos-em-2015\/","og:image":"https:\/\/scontent-gig4-1.xx.fbcdn.net\/v\/t39.30808-1\/270437624_4564083193639691_6907940295614233970_n.jpg?stp=dst-jpg_s200x200_tt6&#038;_nc_cat=111&#038;ccb=1-7&#038;_nc_sid=f907e8&#038;_nc_ohc=SM1wRlP3lJwQ7kNvwEPuBYA&#038;_nc_oc=AdnqrjDN_BNjSSHWO-GbkIWH6fkGMLw4bqvL_NH6e2wMveX7G-rP2dAqsDSq1mJMOaY&#038;_nc_zt=24&#038;_nc_ht=scontent-gig4-1.xx&#038;_nc_gid=AoBFJeGrT1hVaew_6rchkQ&#038;oh=00_AfX7QmFGhQhG2jAllVgXCiM1ZrWgvtp80-Bfppyexh1QEg&#038;oe=689E923C","og:image:secure_url":"https:\/\/scontent-gig4-1.xx.fbcdn.net\/v\/t39.30808-1\/270437624_4564083193639691_6907940295614233970_n.jpg?stp=dst-jpg_s200x200_tt6&#038;_nc_cat=111&#038;ccb=1-7&#038;_nc_sid=f907e8&#038;_nc_ohc=SM1wRlP3lJwQ7kNvwEPuBYA&#038;_nc_oc=AdnqrjDN_BNjSSHWO-GbkIWH6fkGMLw4bqvL_NH6e2wMveX7G-rP2dAqsDSq1mJMOaY&#038;_nc_zt=24&#038;_nc_ht=scontent-gig4-1.xx&#038;_nc_gid=AoBFJeGrT1hVaew_6rchkQ&#038;oh=00_AfX7QmFGhQhG2jAllVgXCiM1ZrWgvtp80-Bfppyexh1QEg&#038;oe=689E923C","article:published_time":"2016-03-24T15:00:12+00:00","article:modified_time":"2016-03-24T13:34:34+00:00","twitter:card":"summary_large_image","twitter:title":"Detran-MG bate recorde de leil\u00f5es de ve\u00edculos em 2015 - A Not\u00edcia Online","twitter:description":"Cerca de 40 mil ve\u00edculos foram arrematados dos p\u00e1tios do Departamento de Tr\u00e2nsito de Minas Gerais (Detran-MG) em 2015. Foram 168 leil\u00f5es em diversas cidades do estado, um recorde do departamento de transito, que colocou \u00e0 disposi\u00e7\u00e3o dos interessados, carros, caminh\u00f5es, motocicletas, utilit\u00e1rios e sucatas. A quantidade de lotes arrematados representa mais de 90% dos","twitter:image":"https:\/\/scontent-gig4-1.xx.fbcdn.net\/v\/t39.30808-1\/270437624_4564083193639691_6907940295614233970_n.jpg?stp=dst-jpg_s200x200_tt6&_nc_cat=111&ccb=1-7&_nc_sid=f907e8&_nc_ohc=SM1wRlP3lJwQ7kNvwEPuBYA&_nc_oc=AdnqrjDN_BNjSSHWO-GbkIWH6fkGMLw4bqvL_NH6e2wMveX7G-rP2dAqsDSq1mJMOaY&_nc_zt=24&_nc_ht=scontent-gig4-1.xx&_nc_gid=AoBFJeGrT1hVaew_6rchkQ&oh=00_AfX7QmFGhQhG2jAllVgXCiM1ZrWgvtp80-Bfppyexh1QEg&oe=689E923C"},"aioseo_meta_data":{"post_id":"10793","title":null,"description":null,"keywords":null,"keyphrases":null,"primary_term":null,"canonical_url":null,"og_title":null,"og_description":null,"og_object_type":"default","og_image_type":"default","og_image_url":null,"og_image_width":null,"og_image_height":null,"og_image_custom_url":null,"og_image_custom_fields":null,"og_video":null,"og_custom_url":null,"og_article_section":null,"og_article_tags":null,"twitter_use_og":false,"twitter_card":"default","twitter_image_type":"default","twitter_image_url":null,"twitter_image_custom_url":null,"twitter_image_custom_fields":null,"twitter_title":null,"twitter_description":null,"schema":{"blockGraphs":[],"customGraphs":[],"default":{"data":{"Article":[],"Course":[],"Dataset":[],"FAQPage":[],"Movie":[],"Person":[],"Product":[],"ProductReview":[],"Car":[],"Recipe":[],"Service":[],"SoftwareApplication":[],"WebPage":[]},"graphName":"","isEnabled":true},"graphs":[]},"schema_type":"default","schema_type_options":null,"pillar_content":false,"robots_default":true,"robots_noindex":false,"robots_noarchive":false,"robots_nosnippet":false,"robots_nofollow":false,"robots_noimageindex":false,"robots_noodp":false,"robots_notranslate":false,"robots_max_snippet":null,"robots_max_videopreview":null,"robots_max_imagepreview":"large","priority":null,"frequency":null,"local_seo":null,"breadcrumb_settings":null,"limit_modified_date":false,"ai":null,"created":"2025-08-16 15:39:20","updated":"2025-08-16 15:39:20","focus_keyword":null,"additional_keywords":null,"truseo_locale":null,"seo_analyzer_scan_date":null},"aioseo_breadcrumb":"<div class=\"aioseo-breadcrumbs\"><span class=\"aioseo-breadcrumb\">\n\t\t\t<a href=\"https:\/\/anoticiaonline.com.br\/site\" title=\"Home\">Home<\/a>\n\t\t<\/span><span class=\"aioseo-breadcrumb-separator\">&raquo;<\/span><span class=\"aioseo-breadcrumb\">\n\t\t\t<a href=\"https:\/\/anoticiaonline.com.br\/site\/categoria\/gerais\/\" title=\"Gerais\">Gerais<\/a>\n\t\t<\/span><span class=\"aioseo-breadcrumb-separator\">&raquo;<\/span><span class=\"aioseo-breadcrumb\">\n\t\t\tDetran-MG bate recorde de leil\u00f5es de ve\u00edculos em 2015\n\t\t<\/span><\/div>","aioseo_breadcrumb_json":[{"label":"Home","link":"https:\/\/anoticiaonline.com.br\/site"},{"label":"Gerais","link":"https:\/\/anoticiaonline.com.br\/site\/categoria\/gerais\/"},{"label":"Detran-MG bate recorde de leil\u00f5es de ve\u00edculos em 2015","link":"https:\/\/anoticiaonline.com.br\/site\/detran-mg-bate-recorde-de-leiloes-de-veiculos-em-2015\/"}],"views":130,"_links":{"self":[{"href":"https:\/\/anoticiaonline.com.br\/site\/wp-json\/wp\/v2\/posts\/10793","targetHints":{"allow":["GET"]}}],"collection":[{"href":"https:\/\/anoticiaonline.com.br\/site\/wp-json\/wp\/v2\/posts"}],"about":[{"href":"https:\/\/anoticiaonline.com.br\/site\/wp-json\/wp\/v2\/types\/post"}],"author":[{"embeddable":true,"href":"https:\/\/anoticiaonline.com.br\/site\/wp-json\/wp\/v2\/users\/2"}],"replies":[{"embeddable":true,"href":"https:\/\/anoticiaonline.com.br\/site\/wp-json\/wp\/v2\/comments?post=10793"}],"version-history":[{"count":0,"href":"https:\/\/anoticiaonline.com.br\/site\/wp-json\/wp\/v2\/posts\/10793\/revisions"}],"wp:featuredmedia":[{"embeddable":true,"href":"https:\/\/anoticiaonline.com.br\/site\/wp-json\/wp\/v2\/media\/10794"}],"wp:attachment":[{"href":"https:\/\/anoticiaonline.com.br\/site\/wp-json\/wp\/v2\/media?parent=10793"}],"wp:term":[{"taxonomy":"category","embeddable":true,"href":"https:\/\/anoticiaonline.com.br\/site\/wp-json\/wp\/v2\/categories?post=10793"},{"taxonomy":"post_tag","embeddable":true,"href":"https:\/\/anoticiaonline.com.br\/site\/wp-json\/wp\/v2\/tags?post=10793"}],"curies":[{"name":"wp","href":"https:\/\/api.w.org\/{rel}","templated":true}]}}