{"id":10648,"date":"2016-03-23T19:12:35","date_gmt":"2016-03-23T22:12:35","guid":{"rendered":"http:\/\/anoticiaonline.com.br\/site\/?p=10648"},"modified":"2016-03-23T19:12:35","modified_gmt":"2016-03-23T22:12:35","slug":"o-clamor-popular","status":"publish","type":"post","link":"https:\/\/anoticiaonline.com.br\/site\/o-clamor-popular\/","title":{"rendered":"O clamor popular"},"content":{"rendered":"<p>A rea\u00e7\u00e3o popular a favor do impeachment da Dilma, contra a corrup\u00e7\u00e3o, o Lula e o PT foi, sem d\u00favida, a maior manifesta\u00e7\u00e3o c\u00edvica da hist\u00f3ria do nosso pa\u00eds. Aproximadamente 6 milh\u00f5es de pessoas foram \u00e0s ruas em todo o pa\u00eds manifestar o seu inconformismo. As manifesta\u00e7\u00f5es ocorreram n\u00e3o s\u00f3 em nosso pa\u00eds, mas em v\u00e1rias capitais do mundo onde brasileiros, ali residentes, empunharam a mesma bandeira.<\/p>\n<p>As manifesta\u00e7\u00f5es, que continuam ocorrendo, s\u00e3o pac\u00edficas, como pede a democracia, mas firmes e decisivas. E o mais importante: s\u00e3o manifesta\u00e7\u00f5es espont\u00e2neas e apartid\u00e1rias, refletindo o inconformismo coletivo de uma na\u00e7\u00e3o que se viu lesada em sua dignidade e quer, a todo custo, que os respons\u00e1veis pela corrup\u00e7\u00e3o que assola o pa\u00eds seja apurada e os seus mentores responsabilizados.<\/p>\n<p>O juiz do Supremo Tribunal Federal, Gilmar Mendes, impediu que Lula se escondesse das investiga\u00e7\u00f5es do juiz S\u00e9rgio Moro, sob o manto protetor de um Minist\u00e9rio. Que governo \u00e9 esse, que n\u00e3o se acanha em expor o nosso pa\u00eds \u00e0 vergonha internacional?<\/p>\n<p>Os brasileiros est\u00e3o dando uma resposta c\u00edvica e democr\u00e1tica aos governantes&#8230; um pux\u00e3o de orelhas. Que eles n\u00e3o confundam \u201cmanifesta\u00e7\u00e3o pac\u00edfica\u201d com \u201cpassividade\u201d.\u00a0 O pa\u00eds exige a moraliza\u00e7\u00e3o do sistema e a puni\u00e7\u00e3o exemplar dos envolvidos. A insist\u00eancia do governo em querer proporcionar ao Lula um foro privilegiado \u00e9, al\u00e9m de absurda e rid\u00edcula, um atentado ao povo brasileiro. A \u00e9poca das a\u00e7\u00f5es terroristas em nosso pa\u00eds j\u00e1 foi sepultada pela hist\u00f3ria h\u00e1 muito tempo. Por que fugir das investiga\u00e7\u00f5es do juiz S\u00e9rgio Moro? Quem n\u00e3o deve, n\u00e3o teme.<\/p>\n<p>O governo, fragilizado e corro\u00eddo pelos esc\u00e2ndalos do lulopetismo, se mant\u00e9m como um fruto apodrecido preso aos galhos do poder por uma t\u00eanue e apodrecida haste. Seria melhor para o nosso pa\u00eds se suas lideran\u00e7as reconhecessem a fal\u00eancia do sistema e retirassem o time de campo. Reconhecessem que a subida ao poder foi uma aventura malograda que durou enquanto duraram os recursos e as medidas constru\u00eddas e conquistadas em governos anteriores e que, agora, exauridos os recursos e a confian\u00e7a popular, \u00e9 hora de jogar a toalha, nocauteados que foram por si pr\u00f3prios e pela inabilidade em governar um pa\u00eds. A infla\u00e7\u00e3o descontrolada, o desemprego que aumenta a cada dia, a paralisa\u00e7\u00e3o dos investimentos, as \u201cpedaladas\u201d e a retra\u00e7\u00e3o brutal da economia levam o pa\u00eds para o abismo e a popula\u00e7\u00e3o, principalmente as faixas de menor poder aquisitivo, \u00e9 que mais sofre.<\/p>\n<p>N\u00e3o h\u00e1 mais como iludir uma popula\u00e7\u00e3o inteira, negando o \u00f3bvio ou culpando a oposi\u00e7\u00e3o pelo que ocorre no pa\u00eds. Imaginam se a oposi\u00e7\u00e3o ao governo Dilma agisse como o PT agia na oposi\u00e7\u00e3o aos governos anteriores! O que se exige \u00e9 o imp\u00e9rio da lei e Lula tem que se submeter a ela. Isso n\u00e3o \u00e9 pedir demais. Que se defenda nos tribunais.<\/p>\n<p>Pensando bem, o Lula ainda tem a sa\u00edda da dela\u00e7\u00e3o premiada, soltando a l\u00edngua e revelando tudo o que sabe. Seria uma enorme economia para o nosso pa\u00eds em termos de tempo e de dinheiro.<\/p>\n<p>S\u00f3 para ilustrar: parte do dinheiro roubado da Petrobras que est\u00e1 retida em bancos da Su\u00ed\u00e7a&#8230; apenas uma parte, j\u00e1 somam 800 milh\u00f5es de d\u00f3lares. Muitos pa\u00edses n\u00e3o t\u00eam isso de PIB. Em consequ\u00eancia desse desastre administrativo, a Petrobras, que j\u00e1 foi um orgulho nacional, teve um preju\u00edzo no ano que passou de quase R$32 bilh\u00f5es. J\u00e1 passou da hora de acabarmos com essa farra. Ainda bem que temos muitos ju\u00edzes e promotores com o mesmo \u00edmpeto e valor moral de S\u00e9rgio Moro.<\/p>\n","protected":false},"excerpt":{"rendered":"<p>A rea\u00e7\u00e3o popular a favor do impeachment da Dilma, contra a corrup\u00e7\u00e3o, o Lula e o PT foi, sem d\u00favida, a maior manifesta\u00e7\u00e3o c\u00edvica da hist\u00f3ria do nosso pa\u00eds. Aproximadamente 6 milh\u00f5es de pessoas foram \u00e0s ruas em todo o pa\u00eds manifestar o seu inconformismo. As manifesta\u00e7\u00f5es ocorreram n\u00e3o s\u00f3 em nosso pa\u00eds, mas em &#8230; <a title=\"O clamor popular\" class=\"read-more\" href=\"https:\/\/anoticiaonline.com.br\/site\/o-clamor-popular\/\" aria-label=\"Read more about O clamor popular\">Ler mais<\/a><\/p>\n","protected":false},"author":2,"featured_media":0,"comment_status":"open","ping_status":"open","sticky":false,"template":"","format":"standard","meta":{"_acf_changed":false,"_monsterinsights_skip_tracking":false,"footnotes":""},"categories":[36],"tags":[],"class_list":["post-10648","post","type-post","status-publish","format-standard","hentry","category-logos-adellunar-marge"],"acf":[],"aioseo_notices":[],"aioseo_head":"\n\t\t<!-- All in One SEO 5.0.0.1 - aioseo.com -->\n\t<meta name=\"description\" content=\"A rea\u00e7\u00e3o popular a favor do impeachment da Dilma, contra a corrup\u00e7\u00e3o, o Lula e o PT foi, sem d\u00favida, a maior manifesta\u00e7\u00e3o c\u00edvica da hist\u00f3ria do nosso pa\u00eds. Aproximadamente 6 milh\u00f5es de pessoas foram \u00e0s ruas em todo o pa\u00eds manifestar o seu inconformismo. As manifesta\u00e7\u00f5es ocorreram n\u00e3o s\u00f3 em nosso pa\u00eds, mas em\" \/>\n\t<meta name=\"robots\" content=\"max-image-preview:large\" \/>\n\t<meta name=\"author\" content=\"Juliana Laviola\"\/>\n\t<link rel=\"canonical\" href=\"https:\/\/anoticiaonline.com.br\/site\/o-clamor-popular\/\" \/>\n\t<meta name=\"generator\" content=\"All in One SEO (AIOSEO) 5.0.0.1\" \/>\n\t\t<meta property=\"og:locale\" content=\"pt_BR\" \/>\n\t\t<meta property=\"og:site_name\" content=\"A Not\u00edcia Online - Noticias de Muria\u00e9 e regi\u00e3o\" \/>\n\t\t<meta property=\"og:type\" content=\"article\" \/>\n\t\t<meta property=\"og:title\" content=\"O clamor popular - A Not\u00edcia Online\" \/>\n\t\t<meta property=\"og:description\" content=\"A rea\u00e7\u00e3o popular a favor do impeachment da Dilma, contra a corrup\u00e7\u00e3o, o Lula e o PT foi, sem d\u00favida, a maior manifesta\u00e7\u00e3o c\u00edvica da hist\u00f3ria do nosso pa\u00eds. Aproximadamente 6 milh\u00f5es de pessoas foram \u00e0s ruas em todo o pa\u00eds manifestar o seu inconformismo. As manifesta\u00e7\u00f5es ocorreram n\u00e3o s\u00f3 em nosso pa\u00eds, mas em\" \/>\n\t\t<meta property=\"og:url\" content=\"https:\/\/anoticiaonline.com.br\/site\/o-clamor-popular\/\" \/>\n\t\t<meta property=\"og:image\" content=\"https:\/\/scontent-gig4-1.xx.fbcdn.net\/v\/t39.30808-1\/270437624_4564083193639691_6907940295614233970_n.jpg?stp=dst-jpg_s200x200_tt6&#038;_nc_cat=111&#038;ccb=1-7&#038;_nc_sid=f907e8&#038;_nc_ohc=SM1wRlP3lJwQ7kNvwEPuBYA&#038;_nc_oc=AdnqrjDN_BNjSSHWO-GbkIWH6fkGMLw4bqvL_NH6e2wMveX7G-rP2dAqsDSq1mJMOaY&#038;_nc_zt=24&#038;_nc_ht=scontent-gig4-1.xx&#038;_nc_gid=AoBFJeGrT1hVaew_6rchkQ&#038;oh=00_AfX7QmFGhQhG2jAllVgXCiM1ZrWgvtp80-Bfppyexh1QEg&#038;oe=689E923C\" \/>\n\t\t<meta property=\"og:image:secure_url\" content=\"https:\/\/scontent-gig4-1.xx.fbcdn.net\/v\/t39.30808-1\/270437624_4564083193639691_6907940295614233970_n.jpg?stp=dst-jpg_s200x200_tt6&#038;_nc_cat=111&#038;ccb=1-7&#038;_nc_sid=f907e8&#038;_nc_ohc=SM1wRlP3lJwQ7kNvwEPuBYA&#038;_nc_oc=AdnqrjDN_BNjSSHWO-GbkIWH6fkGMLw4bqvL_NH6e2wMveX7G-rP2dAqsDSq1mJMOaY&#038;_nc_zt=24&#038;_nc_ht=scontent-gig4-1.xx&#038;_nc_gid=AoBFJeGrT1hVaew_6rchkQ&#038;oh=00_AfX7QmFGhQhG2jAllVgXCiM1ZrWgvtp80-Bfppyexh1QEg&#038;oe=689E923C\" \/>\n\t\t<meta property=\"article:published_time\" content=\"2016-03-23T22:12:35+00:00\" \/>\n\t\t<meta property=\"article:modified_time\" content=\"2016-03-23T22:12:35+00:00\" \/>\n\t\t<meta name=\"twitter:card\" content=\"summary_large_image\" \/>\n\t\t<meta name=\"twitter:title\" content=\"O clamor popular - A Not\u00edcia Online\" \/>\n\t\t<meta name=\"twitter:description\" content=\"A rea\u00e7\u00e3o popular a favor do impeachment da Dilma, contra a corrup\u00e7\u00e3o, o Lula e o PT foi, sem d\u00favida, a maior manifesta\u00e7\u00e3o c\u00edvica da hist\u00f3ria do nosso pa\u00eds. Aproximadamente 6 milh\u00f5es de pessoas foram \u00e0s ruas em todo o pa\u00eds manifestar o seu inconformismo. As manifesta\u00e7\u00f5es ocorreram n\u00e3o s\u00f3 em nosso pa\u00eds, mas em\" \/>\n\t\t<meta name=\"twitter:image\" content=\"https:\/\/scontent-gig4-1.xx.fbcdn.net\/v\/t39.30808-1\/270437624_4564083193639691_6907940295614233970_n.jpg?stp=dst-jpg_s200x200_tt6&amp;_nc_cat=111&amp;ccb=1-7&amp;_nc_sid=f907e8&amp;_nc_ohc=SM1wRlP3lJwQ7kNvwEPuBYA&amp;_nc_oc=AdnqrjDN_BNjSSHWO-GbkIWH6fkGMLw4bqvL_NH6e2wMveX7G-rP2dAqsDSq1mJMOaY&amp;_nc_zt=24&amp;_nc_ht=scontent-gig4-1.xx&amp;_nc_gid=AoBFJeGrT1hVaew_6rchkQ&amp;oh=00_AfX7QmFGhQhG2jAllVgXCiM1ZrWgvtp80-Bfppyexh1QEg&amp;oe=689E923C\" \/>\n\t\t<script type=\"application\/ld+json\" class=\"aioseo-schema\">\n\t\t\t{\"@context\":\"https:\\\/\\\/schema.org\",\"@graph\":[{\"@type\":\"BlogPosting\",\"@id\":\"https:\\\/\\\/anoticiaonline.com.br\\\/site\\\/o-clamor-popular\\\/#blogposting\",\"name\":\"O clamor popular - A Not\\u00edcia Online\",\"headline\":\"O clamor popular\",\"author\":{\"@id\":\"https:\\\/\\\/anoticiaonline.com.br\\\/site\\\/author\\\/juliana\\\/#author\"},\"publisher\":{\"@id\":\"https:\\\/\\\/anoticiaonline.com.br\\\/site\\\/#organization\"},\"image\":{\"@type\":\"ImageObject\",\"url\":\"https:\\\/\\\/scontent-gig4-1.xx.fbcdn.net\\\/v\\\/t39.30808-1\\\/270437624_4564083193639691_6907940295614233970_n.jpg?stp=dst-jpg_s200x200_tt6&_nc_cat=111&ccb=1-7&_nc_sid=f907e8&_nc_ohc=SM1wRlP3lJwQ7kNvwEPuBYA&_nc_oc=AdnqrjDN_BNjSSHWO-GbkIWH6fkGMLw4bqvL_NH6e2wMveX7G-rP2dAqsDSq1mJMOaY&_nc_zt=24&_nc_ht=scontent-gig4-1.xx&_nc_gid=AoBFJeGrT1hVaew_6rchkQ&oh=00_AfX7QmFGhQhG2jAllVgXCiM1ZrWgvtp80-Bfppyexh1QEg&oe=689E923C\",\"@id\":\"https:\\\/\\\/anoticiaonline.com.br\\\/site\\\/#articleImage\"},\"datePublished\":\"2016-03-23T19:12:35-03:00\",\"dateModified\":\"2016-03-23T19:12:35-03:00\",\"inLanguage\":\"pt-BR\",\"mainEntityOfPage\":{\"@id\":\"https:\\\/\\\/anoticiaonline.com.br\\\/site\\\/o-clamor-popular\\\/#webpage\"},\"isPartOf\":{\"@id\":\"https:\\\/\\\/anoticiaonline.com.br\\\/site\\\/o-clamor-popular\\\/#webpage\"},\"articleSection\":\"Logos - Adellunar Marge\"},{\"@type\":\"BreadcrumbList\",\"@id\":\"https:\\\/\\\/anoticiaonline.com.br\\\/site\\\/o-clamor-popular\\\/#breadcrumblist\",\"itemListElement\":[{\"@type\":\"ListItem\",\"@id\":\"https:\\\/\\\/anoticiaonline.com.br\\\/site#listItem\",\"position\":1,\"name\":\"Home\",\"item\":\"https:\\\/\\\/anoticiaonline.com.br\\\/site\",\"nextItem\":{\"@type\":\"ListItem\",\"@id\":\"https:\\\/\\\/anoticiaonline.com.br\\\/site\\\/categoria\\\/colunistas\\\/#listItem\",\"name\":\"Colunistas\"}},{\"@type\":\"ListItem\",\"@id\":\"https:\\\/\\\/anoticiaonline.com.br\\\/site\\\/categoria\\\/colunistas\\\/#listItem\",\"position\":2,\"name\":\"Colunistas\",\"item\":\"https:\\\/\\\/anoticiaonline.com.br\\\/site\\\/categoria\\\/colunistas\\\/\",\"nextItem\":{\"@type\":\"ListItem\",\"@id\":\"https:\\\/\\\/anoticiaonline.com.br\\\/site\\\/categoria\\\/colunistas\\\/logos-adellunar-marge\\\/#listItem\",\"name\":\"Logos - Adellunar Marge\"},\"previousItem\":{\"@type\":\"ListItem\",\"@id\":\"https:\\\/\\\/anoticiaonline.com.br\\\/site#listItem\",\"name\":\"Home\"}},{\"@type\":\"ListItem\",\"@id\":\"https:\\\/\\\/anoticiaonline.com.br\\\/site\\\/categoria\\\/colunistas\\\/logos-adellunar-marge\\\/#listItem\",\"position\":3,\"name\":\"Logos - Adellunar Marge\",\"item\":\"https:\\\/\\\/anoticiaonline.com.br\\\/site\\\/categoria\\\/colunistas\\\/logos-adellunar-marge\\\/\",\"nextItem\":{\"@type\":\"ListItem\",\"@id\":\"https:\\\/\\\/anoticiaonline.com.br\\\/site\\\/o-clamor-popular\\\/#listItem\",\"name\":\"O clamor popular\"},\"previousItem\":{\"@type\":\"ListItem\",\"@id\":\"https:\\\/\\\/anoticiaonline.com.br\\\/site\\\/categoria\\\/colunistas\\\/#listItem\",\"name\":\"Colunistas\"}},{\"@type\":\"ListItem\",\"@id\":\"https:\\\/\\\/anoticiaonline.com.br\\\/site\\\/o-clamor-popular\\\/#listItem\",\"position\":4,\"name\":\"O clamor popular\",\"previousItem\":{\"@type\":\"ListItem\",\"@id\":\"https:\\\/\\\/anoticiaonline.com.br\\\/site\\\/categoria\\\/colunistas\\\/logos-adellunar-marge\\\/#listItem\",\"name\":\"Logos - Adellunar Marge\"}}]},{\"@type\":\"Organization\",\"@id\":\"https:\\\/\\\/anoticiaonline.com.br\\\/site\\\/#organization\",\"name\":\"A Not\\u00edcia Online\",\"description\":\"Noticias de Muria\\u00e9 e regi\\u00e3o\",\"url\":\"https:\\\/\\\/anoticiaonline.com.br\\\/site\\\/\",\"logo\":{\"@type\":\"ImageObject\",\"url\":\"https:\\\/\\\/scontent-gig4-1.xx.fbcdn.net\\\/v\\\/t39.30808-1\\\/270437624_4564083193639691_6907940295614233970_n.jpg?stp=dst-jpg_s200x200_tt6&_nc_cat=111&ccb=1-7&_nc_sid=f907e8&_nc_ohc=SM1wRlP3lJwQ7kNvwEPuBYA&_nc_oc=AdnqrjDN_BNjSSHWO-GbkIWH6fkGMLw4bqvL_NH6e2wMveX7G-rP2dAqsDSq1mJMOaY&_nc_zt=24&_nc_ht=scontent-gig4-1.xx&_nc_gid=AoBFJeGrT1hVaew_6rchkQ&oh=00_AfX7QmFGhQhG2jAllVgXCiM1ZrWgvtp80-Bfppyexh1QEg&oe=689E923C\",\"@id\":\"https:\\\/\\\/anoticiaonline.com.br\\\/site\\\/o-clamor-popular\\\/#organizationLogo\"},\"image\":{\"@id\":\"https:\\\/\\\/anoticiaonline.com.br\\\/site\\\/o-clamor-popular\\\/#organizationLogo\"}},{\"@type\":\"Person\",\"@id\":\"https:\\\/\\\/anoticiaonline.com.br\\\/site\\\/author\\\/juliana\\\/#author\",\"url\":\"https:\\\/\\\/anoticiaonline.com.br\\\/site\\\/author\\\/juliana\\\/\",\"name\":\"Juliana Laviola\",\"image\":{\"@type\":\"ImageObject\",\"@id\":\"https:\\\/\\\/anoticiaonline.com.br\\\/site\\\/o-clamor-popular\\\/#authorImage\",\"url\":\"https:\\\/\\\/secure.gravatar.com\\\/avatar\\\/b8d45f5c699b100dfaf0e543582f38f38bf94cb7ae3a5e9abf8d891a34773335?s=96&d=mm&r=g\",\"width\":96,\"height\":96,\"caption\":\"Juliana Laviola\"}},{\"@type\":\"WebPage\",\"@id\":\"https:\\\/\\\/anoticiaonline.com.br\\\/site\\\/o-clamor-popular\\\/#webpage\",\"url\":\"https:\\\/\\\/anoticiaonline.com.br\\\/site\\\/o-clamor-popular\\\/\",\"name\":\"O clamor popular - A Not\\u00edcia Online\",\"description\":\"A rea\\u00e7\\u00e3o popular a favor do impeachment da Dilma, contra a corrup\\u00e7\\u00e3o, o Lula e o PT foi, sem d\\u00favida, a maior manifesta\\u00e7\\u00e3o c\\u00edvica da hist\\u00f3ria do nosso pa\\u00eds. Aproximadamente 6 milh\\u00f5es de pessoas foram \\u00e0s ruas em todo o pa\\u00eds manifestar o seu inconformismo. As manifesta\\u00e7\\u00f5es ocorreram n\\u00e3o s\\u00f3 em nosso pa\\u00eds, mas em\",\"inLanguage\":\"pt-BR\",\"isPartOf\":{\"@id\":\"https:\\\/\\\/anoticiaonline.com.br\\\/site\\\/#website\"},\"breadcrumb\":{\"@id\":\"https:\\\/\\\/anoticiaonline.com.br\\\/site\\\/o-clamor-popular\\\/#breadcrumblist\"},\"author\":{\"@id\":\"https:\\\/\\\/anoticiaonline.com.br\\\/site\\\/author\\\/juliana\\\/#author\"},\"creator\":{\"@id\":\"https:\\\/\\\/anoticiaonline.com.br\\\/site\\\/author\\\/juliana\\\/#author\"},\"datePublished\":\"2016-03-23T19:12:35-03:00\",\"dateModified\":\"2016-03-23T19:12:35-03:00\"},{\"@type\":\"WebSite\",\"@id\":\"https:\\\/\\\/anoticiaonline.com.br\\\/site\\\/#website\",\"url\":\"https:\\\/\\\/anoticiaonline.com.br\\\/site\\\/\",\"name\":\"A Not\\u00edcia Online\",\"description\":\"Noticias de Muria\\u00e9 e regi\\u00e3o\",\"inLanguage\":\"pt-BR\",\"publisher\":{\"@id\":\"https:\\\/\\\/anoticiaonline.com.br\\\/site\\\/#organization\"}}]}\n\t\t<\/script>\n\t\t<!-- All in One SEO -->\n\n","aioseo_head_json":{"title":"O clamor popular - A Not\u00edcia Online","description":"A rea\u00e7\u00e3o popular a favor do impeachment da Dilma, contra a corrup\u00e7\u00e3o, o Lula e o PT foi, sem d\u00favida, a maior manifesta\u00e7\u00e3o c\u00edvica da hist\u00f3ria do nosso pa\u00eds. Aproximadamente 6 milh\u00f5es de pessoas foram \u00e0s ruas em todo o pa\u00eds manifestar o seu inconformismo. As manifesta\u00e7\u00f5es ocorreram n\u00e3o s\u00f3 em nosso pa\u00eds, mas em","canonical_url":"https:\/\/anoticiaonline.com.br\/site\/o-clamor-popular\/","robots":"max-image-preview:large","keywords":"","webmasterTools":{"miscellaneous":""},"schema":{"@context":"https:\/\/schema.org","@graph":[{"@type":"BlogPosting","@id":"https:\/\/anoticiaonline.com.br\/site\/o-clamor-popular\/#blogposting","name":"O clamor popular - A Not\u00edcia Online","headline":"O clamor popular","author":{"@id":"https:\/\/anoticiaonline.com.br\/site\/author\/juliana\/#author"},"publisher":{"@id":"https:\/\/anoticiaonline.com.br\/site\/#organization"},"image":{"@type":"ImageObject","url":"https:\/\/scontent-gig4-1.xx.fbcdn.net\/v\/t39.30808-1\/270437624_4564083193639691_6907940295614233970_n.jpg?stp=dst-jpg_s200x200_tt6&_nc_cat=111&ccb=1-7&_nc_sid=f907e8&_nc_ohc=SM1wRlP3lJwQ7kNvwEPuBYA&_nc_oc=AdnqrjDN_BNjSSHWO-GbkIWH6fkGMLw4bqvL_NH6e2wMveX7G-rP2dAqsDSq1mJMOaY&_nc_zt=24&_nc_ht=scontent-gig4-1.xx&_nc_gid=AoBFJeGrT1hVaew_6rchkQ&oh=00_AfX7QmFGhQhG2jAllVgXCiM1ZrWgvtp80-Bfppyexh1QEg&oe=689E923C","@id":"https:\/\/anoticiaonline.com.br\/site\/#articleImage"},"datePublished":"2016-03-23T19:12:35-03:00","dateModified":"2016-03-23T19:12:35-03:00","inLanguage":"pt-BR","mainEntityOfPage":{"@id":"https:\/\/anoticiaonline.com.br\/site\/o-clamor-popular\/#webpage"},"isPartOf":{"@id":"https:\/\/anoticiaonline.com.br\/site\/o-clamor-popular\/#webpage"},"articleSection":"Logos - Adellunar Marge"},{"@type":"BreadcrumbList","@id":"https:\/\/anoticiaonline.com.br\/site\/o-clamor-popular\/#breadcrumblist","itemListElement":[{"@type":"ListItem","@id":"https:\/\/anoticiaonline.com.br\/site#listItem","position":1,"name":"Home","item":"https:\/\/anoticiaonline.com.br\/site","nextItem":{"@type":"ListItem","@id":"https:\/\/anoticiaonline.com.br\/site\/categoria\/colunistas\/#listItem","name":"Colunistas"}},{"@type":"ListItem","@id":"https:\/\/anoticiaonline.com.br\/site\/categoria\/colunistas\/#listItem","position":2,"name":"Colunistas","item":"https:\/\/anoticiaonline.com.br\/site\/categoria\/colunistas\/","nextItem":{"@type":"ListItem","@id":"https:\/\/anoticiaonline.com.br\/site\/categoria\/colunistas\/logos-adellunar-marge\/#listItem","name":"Logos - Adellunar Marge"},"previousItem":{"@type":"ListItem","@id":"https:\/\/anoticiaonline.com.br\/site#listItem","name":"Home"}},{"@type":"ListItem","@id":"https:\/\/anoticiaonline.com.br\/site\/categoria\/colunistas\/logos-adellunar-marge\/#listItem","position":3,"name":"Logos - Adellunar Marge","item":"https:\/\/anoticiaonline.com.br\/site\/categoria\/colunistas\/logos-adellunar-marge\/","nextItem":{"@type":"ListItem","@id":"https:\/\/anoticiaonline.com.br\/site\/o-clamor-popular\/#listItem","name":"O clamor popular"},"previousItem":{"@type":"ListItem","@id":"https:\/\/anoticiaonline.com.br\/site\/categoria\/colunistas\/#listItem","name":"Colunistas"}},{"@type":"ListItem","@id":"https:\/\/anoticiaonline.com.br\/site\/o-clamor-popular\/#listItem","position":4,"name":"O clamor popular","previousItem":{"@type":"ListItem","@id":"https:\/\/anoticiaonline.com.br\/site\/categoria\/colunistas\/logos-adellunar-marge\/#listItem","name":"Logos - Adellunar Marge"}}]},{"@type":"Organization","@id":"https:\/\/anoticiaonline.com.br\/site\/#organization","name":"A Not\u00edcia Online","description":"Noticias de Muria\u00e9 e regi\u00e3o","url":"https:\/\/anoticiaonline.com.br\/site\/","logo":{"@type":"ImageObject","url":"https:\/\/scontent-gig4-1.xx.fbcdn.net\/v\/t39.30808-1\/270437624_4564083193639691_6907940295614233970_n.jpg?stp=dst-jpg_s200x200_tt6&_nc_cat=111&ccb=1-7&_nc_sid=f907e8&_nc_ohc=SM1wRlP3lJwQ7kNvwEPuBYA&_nc_oc=AdnqrjDN_BNjSSHWO-GbkIWH6fkGMLw4bqvL_NH6e2wMveX7G-rP2dAqsDSq1mJMOaY&_nc_zt=24&_nc_ht=scontent-gig4-1.xx&_nc_gid=AoBFJeGrT1hVaew_6rchkQ&oh=00_AfX7QmFGhQhG2jAllVgXCiM1ZrWgvtp80-Bfppyexh1QEg&oe=689E923C","@id":"https:\/\/anoticiaonline.com.br\/site\/o-clamor-popular\/#organizationLogo"},"image":{"@id":"https:\/\/anoticiaonline.com.br\/site\/o-clamor-popular\/#organizationLogo"}},{"@type":"Person","@id":"https:\/\/anoticiaonline.com.br\/site\/author\/juliana\/#author","url":"https:\/\/anoticiaonline.com.br\/site\/author\/juliana\/","name":"Juliana Laviola","image":{"@type":"ImageObject","@id":"https:\/\/anoticiaonline.com.br\/site\/o-clamor-popular\/#authorImage","url":"https:\/\/secure.gravatar.com\/avatar\/b8d45f5c699b100dfaf0e543582f38f38bf94cb7ae3a5e9abf8d891a34773335?s=96&d=mm&r=g","width":96,"height":96,"caption":"Juliana Laviola"}},{"@type":"WebPage","@id":"https:\/\/anoticiaonline.com.br\/site\/o-clamor-popular\/#webpage","url":"https:\/\/anoticiaonline.com.br\/site\/o-clamor-popular\/","name":"O clamor popular - A Not\u00edcia Online","description":"A rea\u00e7\u00e3o popular a favor do impeachment da Dilma, contra a corrup\u00e7\u00e3o, o Lula e o PT foi, sem d\u00favida, a maior manifesta\u00e7\u00e3o c\u00edvica da hist\u00f3ria do nosso pa\u00eds. Aproximadamente 6 milh\u00f5es de pessoas foram \u00e0s ruas em todo o pa\u00eds manifestar o seu inconformismo. As manifesta\u00e7\u00f5es ocorreram n\u00e3o s\u00f3 em nosso pa\u00eds, mas em","inLanguage":"pt-BR","isPartOf":{"@id":"https:\/\/anoticiaonline.com.br\/site\/#website"},"breadcrumb":{"@id":"https:\/\/anoticiaonline.com.br\/site\/o-clamor-popular\/#breadcrumblist"},"author":{"@id":"https:\/\/anoticiaonline.com.br\/site\/author\/juliana\/#author"},"creator":{"@id":"https:\/\/anoticiaonline.com.br\/site\/author\/juliana\/#author"},"datePublished":"2016-03-23T19:12:35-03:00","dateModified":"2016-03-23T19:12:35-03:00"},{"@type":"WebSite","@id":"https:\/\/anoticiaonline.com.br\/site\/#website","url":"https:\/\/anoticiaonline.com.br\/site\/","name":"A Not\u00edcia Online","description":"Noticias de Muria\u00e9 e regi\u00e3o","inLanguage":"pt-BR","publisher":{"@id":"https:\/\/anoticiaonline.com.br\/site\/#organization"}}]},"og:locale":"pt_BR","og:site_name":"A Not\u00edcia Online - Noticias de Muria\u00e9 e regi\u00e3o","og:type":"article","og:title":"O clamor popular - A Not\u00edcia Online","og:description":"A rea\u00e7\u00e3o popular a favor do impeachment da Dilma, contra a corrup\u00e7\u00e3o, o Lula e o PT foi, sem d\u00favida, a maior manifesta\u00e7\u00e3o c\u00edvica da hist\u00f3ria do nosso pa\u00eds. Aproximadamente 6 milh\u00f5es de pessoas foram \u00e0s ruas em todo o pa\u00eds manifestar o seu inconformismo. As manifesta\u00e7\u00f5es ocorreram n\u00e3o s\u00f3 em nosso pa\u00eds, mas em","og:url":"https:\/\/anoticiaonline.com.br\/site\/o-clamor-popular\/","og:image":"https:\/\/scontent-gig4-1.xx.fbcdn.net\/v\/t39.30808-1\/270437624_4564083193639691_6907940295614233970_n.jpg?stp=dst-jpg_s200x200_tt6&#038;_nc_cat=111&#038;ccb=1-7&#038;_nc_sid=f907e8&#038;_nc_ohc=SM1wRlP3lJwQ7kNvwEPuBYA&#038;_nc_oc=AdnqrjDN_BNjSSHWO-GbkIWH6fkGMLw4bqvL_NH6e2wMveX7G-rP2dAqsDSq1mJMOaY&#038;_nc_zt=24&#038;_nc_ht=scontent-gig4-1.xx&#038;_nc_gid=AoBFJeGrT1hVaew_6rchkQ&#038;oh=00_AfX7QmFGhQhG2jAllVgXCiM1ZrWgvtp80-Bfppyexh1QEg&#038;oe=689E923C","og:image:secure_url":"https:\/\/scontent-gig4-1.xx.fbcdn.net\/v\/t39.30808-1\/270437624_4564083193639691_6907940295614233970_n.jpg?stp=dst-jpg_s200x200_tt6&#038;_nc_cat=111&#038;ccb=1-7&#038;_nc_sid=f907e8&#038;_nc_ohc=SM1wRlP3lJwQ7kNvwEPuBYA&#038;_nc_oc=AdnqrjDN_BNjSSHWO-GbkIWH6fkGMLw4bqvL_NH6e2wMveX7G-rP2dAqsDSq1mJMOaY&#038;_nc_zt=24&#038;_nc_ht=scontent-gig4-1.xx&#038;_nc_gid=AoBFJeGrT1hVaew_6rchkQ&#038;oh=00_AfX7QmFGhQhG2jAllVgXCiM1ZrWgvtp80-Bfppyexh1QEg&#038;oe=689E923C","article:published_time":"2016-03-23T22:12:35+00:00","article:modified_time":"2016-03-23T22:12:35+00:00","twitter:card":"summary_large_image","twitter:title":"O clamor popular - A Not\u00edcia Online","twitter:description":"A rea\u00e7\u00e3o popular a favor do impeachment da Dilma, contra a corrup\u00e7\u00e3o, o Lula e o PT foi, sem d\u00favida, a maior manifesta\u00e7\u00e3o c\u00edvica da hist\u00f3ria do nosso pa\u00eds. Aproximadamente 6 milh\u00f5es de pessoas foram \u00e0s ruas em todo o pa\u00eds manifestar o seu inconformismo. As manifesta\u00e7\u00f5es ocorreram n\u00e3o s\u00f3 em nosso pa\u00eds, mas em","twitter:image":"https:\/\/scontent-gig4-1.xx.fbcdn.net\/v\/t39.30808-1\/270437624_4564083193639691_6907940295614233970_n.jpg?stp=dst-jpg_s200x200_tt6&_nc_cat=111&ccb=1-7&_nc_sid=f907e8&_nc_ohc=SM1wRlP3lJwQ7kNvwEPuBYA&_nc_oc=AdnqrjDN_BNjSSHWO-GbkIWH6fkGMLw4bqvL_NH6e2wMveX7G-rP2dAqsDSq1mJMOaY&_nc_zt=24&_nc_ht=scontent-gig4-1.xx&_nc_gid=AoBFJeGrT1hVaew_6rchkQ&oh=00_AfX7QmFGhQhG2jAllVgXCiM1ZrWgvtp80-Bfppyexh1QEg&oe=689E923C"},"aioseo_meta_data":{"post_id":"10648","title":null,"description":null,"keywords":null,"keyphrases":null,"primary_term":null,"canonical_url":null,"og_title":null,"og_description":null,"og_object_type":"default","og_image_type":"default","og_image_url":null,"og_image_width":null,"og_image_height":null,"og_image_custom_url":null,"og_image_custom_fields":null,"og_video":null,"og_custom_url":null,"og_article_section":null,"og_article_tags":null,"twitter_use_og":false,"twitter_card":"default","twitter_image_type":"default","twitter_image_url":null,"twitter_image_custom_url":null,"twitter_image_custom_fields":null,"twitter_title":null,"twitter_description":null,"schema":{"blockGraphs":[],"customGraphs":[],"default":{"data":{"Article":[],"Course":[],"Dataset":[],"FAQPage":[],"Movie":[],"Person":[],"Product":[],"ProductReview":[],"Car":[],"Recipe":[],"Service":[],"SoftwareApplication":[],"WebPage":[]},"graphName":"","isEnabled":true},"graphs":[]},"schema_type":"default","schema_type_options":null,"pillar_content":false,"robots_default":true,"robots_noindex":false,"robots_noarchive":false,"robots_nosnippet":false,"robots_nofollow":false,"robots_noimageindex":false,"robots_noodp":false,"robots_notranslate":false,"robots_max_snippet":null,"robots_max_videopreview":null,"robots_max_imagepreview":"large","priority":null,"frequency":null,"local_seo":null,"breadcrumb_settings":null,"limit_modified_date":false,"ai":null,"created":"2025-08-16 15:39:20","updated":"2025-08-16 15:39:20","focus_keyword":null,"additional_keywords":null,"truseo_locale":null,"seo_analyzer_scan_date":null},"aioseo_breadcrumb":"<div class=\"aioseo-breadcrumbs\"><span class=\"aioseo-breadcrumb\">\n\t\t\t<a href=\"https:\/\/anoticiaonline.com.br\/site\" title=\"Home\">Home<\/a>\n\t\t<\/span><span class=\"aioseo-breadcrumb-separator\">&raquo;<\/span><span class=\"aioseo-breadcrumb\">\n\t\t\t<a href=\"https:\/\/anoticiaonline.com.br\/site\/categoria\/colunistas\/\" title=\"Colunistas\">Colunistas<\/a>\n\t\t<\/span><span class=\"aioseo-breadcrumb-separator\">&raquo;<\/span><span class=\"aioseo-breadcrumb\">\n\t\t\t<a href=\"https:\/\/anoticiaonline.com.br\/site\/categoria\/colunistas\/logos-adellunar-marge\/\" title=\"Logos - Adellunar Marge\">Logos - Adellunar Marge<\/a>\n\t\t<\/span><span class=\"aioseo-breadcrumb-separator\">&raquo;<\/span><span class=\"aioseo-breadcrumb\">\n\t\t\tO clamor popular\n\t\t<\/span><\/div>","aioseo_breadcrumb_json":[{"label":"Home","link":"https:\/\/anoticiaonline.com.br\/site"},{"label":"Colunistas","link":"https:\/\/anoticiaonline.com.br\/site\/categoria\/colunistas\/"},{"label":"Logos - Adellunar Marge","link":"https:\/\/anoticiaonline.com.br\/site\/categoria\/colunistas\/logos-adellunar-marge\/"},{"label":"O clamor popular","link":"https:\/\/anoticiaonline.com.br\/site\/o-clamor-popular\/"}],"views":135,"_links":{"self":[{"href":"https:\/\/anoticiaonline.com.br\/site\/wp-json\/wp\/v2\/posts\/10648","targetHints":{"allow":["GET"]}}],"collection":[{"href":"https:\/\/anoticiaonline.com.br\/site\/wp-json\/wp\/v2\/posts"}],"about":[{"href":"https:\/\/anoticiaonline.com.br\/site\/wp-json\/wp\/v2\/types\/post"}],"author":[{"embeddable":true,"href":"https:\/\/anoticiaonline.com.br\/site\/wp-json\/wp\/v2\/users\/2"}],"replies":[{"embeddable":true,"href":"https:\/\/anoticiaonline.com.br\/site\/wp-json\/wp\/v2\/comments?post=10648"}],"version-history":[{"count":0,"href":"https:\/\/anoticiaonline.com.br\/site\/wp-json\/wp\/v2\/posts\/10648\/revisions"}],"wp:attachment":[{"href":"https:\/\/anoticiaonline.com.br\/site\/wp-json\/wp\/v2\/media?parent=10648"}],"wp:term":[{"taxonomy":"category","embeddable":true,"href":"https:\/\/anoticiaonline.com.br\/site\/wp-json\/wp\/v2\/categories?post=10648"},{"taxonomy":"post_tag","embeddable":true,"href":"https:\/\/anoticiaonline.com.br\/site\/wp-json\/wp\/v2\/tags?post=10648"}],"curies":[{"name":"wp","href":"https:\/\/api.w.org\/{rel}","templated":true}]}}