{"id":10543,"date":"2016-03-23T18:15:12","date_gmt":"2016-03-23T21:15:12","guid":{"rendered":"http:\/\/anoticiaonline.com.br\/site\/?p=10543"},"modified":"2016-03-23T18:15:12","modified_gmt":"2016-03-23T21:15:12","slug":"dia-mundial-da-agua-e-comemorado-com-atividades-educativas-e-acoes-de-conscientizacao","status":"publish","type":"post","link":"https:\/\/anoticiaonline.com.br\/site\/dia-mundial-da-agua-e-comemorado-com-atividades-educativas-e-acoes-de-conscientizacao\/","title":{"rendered":"Dia Mundial da \u00c1gua \u00e9 comemorado com atividades educativas e a\u00e7\u00f5es de conscientiza\u00e7\u00e3o"},"content":{"rendered":"<p><a href=\"https:\/\/anoticiaonline.com.br\/site\/wp-content\/uploads\/2016\/03\/DSC_0606.jpg\"><img fetchpriority=\"high\" decoding=\"async\" class=\" size-medium wp-image-10544 alignleft\" src=\"https:\/\/anoticiaonline.com.br\/site\/wp-content\/uploads\/2016\/03\/DSC_0606-300x199.jpg\" alt=\"DSC_0606\" width=\"300\" height=\"199\" srcset=\"https:\/\/anoticiaonline.com.br\/site\/wp-content\/uploads\/2016\/03\/DSC_0606-300x199.jpg 300w, https:\/\/anoticiaonline.com.br\/site\/wp-content\/uploads\/2016\/03\/DSC_0606.jpg 640w\" sizes=\"(max-width: 300px) 100vw, 300px\" \/><\/a>O Dia Mundial da \u00c1gua foi comemorado em Muria\u00e9 com diversas atividades educativas e a\u00e7\u00f5es de conscientiza\u00e7\u00e3o, promovidas pelo Departamento Municipal de Saneamento Urbano (DEMSUR), em parceria com a Secretaria Municipal de Meio Ambiente.<\/p>\n<p>A data, institu\u00edda pela Organiza\u00e7\u00e3o das Na\u00e7\u00f5es Unidas (ONU), \u00e9 comemorada em todo mundo no dia 22 de mar\u00e7o, uma data oficial criada com o objetivo de alertar a popula\u00e7\u00e3o sobre a import\u00e2ncia da preserva\u00e7\u00e3o da \u00e1gua para a sobreviv\u00eancia de todos os ecossistemas do planeta. Em todos os anos, um tema espec\u00edfico \u00e9 abordado. Este ano, &#8220;\u00c1gua e Empregos\u201d foi o assunto que pautou as discuss\u00f5es do setor de recursos h\u00eddricos em todo o mundo.<\/p>\n<p>As a\u00e7\u00f5es foram iniciadas na sexta-feira (18), com uma palestra de conscientiza\u00e7\u00e3o do uso racional da \u00e1gua no dia a dia, que aconteceu no Sesc. Os personagens Lili e Mocot\u00f3, cujos int\u00e9rpretes s\u00e3o funcion\u00e1rios do DEMSUR, passaram a mensagem para as crian\u00e7as participantes do Projeto Habilidades de Estudo (PHE), do Sesc, de forma l\u00fadica e divertida.<\/p>\n<p>Na segunda-feira (21), alunos de escolas municipais visitaram a Esta\u00e7\u00e3o de Tratamento de \u00c1gua G\u00e1vea (ETA G\u00e1vea), que produz 240 litros de \u00e1gua por segundo. Tudo que \u00e9 produzido diariamente \u00e9 consumido pela popula\u00e7\u00e3o muriaeense. A \u00e1gua consumida pelos muriaeenses \u00e9 oriunda dos rios Gl\u00f3ria e Preto.<\/p>\n<p>\u201cEu gostei muito de ver o esfor\u00e7o das pessoas que trabalham no DEMSUR em manter a \u00e1gua limpa. Agora vou economizar mais \u00e1gua\u201d, diz Ana Carolina Carneiro Bandeira, de 9 anos, aluna do 4\u00ba ano da Escola Municipal Cl\u00e9ria Ticon Carneiro, durante visita \u00e0 ETA G\u00e1vea.<\/p>\n<p>\u201cGostei de conhecer todo o processo de tratamento da \u00e1gua\u201d, completa o garoto Carlos Henrique do Carmo Neri.<\/p>\n<p>Para a diretora da escola, Val\u00e9ria Aparecida Costa Rodrigues, a visita \u00e0 ETA G\u00e1vea deu oportunidade dos alunos de conhecerem, na pr\u00e1tica, o que \u00e9 explicado a eles em sala de aula, al\u00e9m de refor\u00e7ar a import\u00e2ncia de se economizar e cuidar da \u00e1gua. \u201cLevar este conhecimento sobre o tratamento da \u00e1gua para os alunos foi important\u00edssimo, pois eles puderam ver a realidade do que \u00e9 passado para eles em sala de aula. \u00c0 medida que eles veem o trabalho que d\u00e1 para tratar a \u00e1gua, v\u00e3o passar a economiz\u00e1-la\u201d, considera.<\/p>\n<p>Segundo o diretor geral do DEMSUR, Rodrigo Guar\u00e7oni, as a\u00e7\u00f5es comemorativas ao Dia Mundial da \u00c1gua s\u00e3o uma \u201cimportante inciativa\u201d da Prefeitura de Muria\u00e9, Demsur e Secretaria de Meio Ambiente. \u201cTemos a obriga\u00e7\u00e3o de preservar as nossas \u00e1guas. Temos que trabalhar a conscientiza\u00e7\u00e3o de preserva\u00e7\u00e3o deste bem, que hoje ainda n\u00e3o \u00e9 t\u00e3o escasso, mas que no futuro pode, sim, trazer muito problema para a popula\u00e7\u00e3o, caso n\u00e3o haja esta conscientiza\u00e7\u00e3o\u201d, diz Guar\u00e7oni.<\/p>\n<p>J\u00e1 na ter\u00e7a-feira (22), Dia Mundial da \u00c1gua, foi realizada a manuten\u00e7\u00e3o da Mina do Madurim, localizada no bairro Chal\u00e9, na presen\u00e7a de professores e alunos da Escola Municipal Professora Esmeralda Viana. Neste dia, foi feito o plantio de um jardim para enfeitar mais a regi\u00e3o, al\u00e9m do fechamento, com cerca, para que n\u00e3o entre animais na mina. Conhecida na comunidade e redondeza pela qualidade de sua \u00e1gua, a Mina do Madurim recebe pessoas de bairros distantes.<\/p>\n<p>A secret\u00e1ria de Meio Ambiente de Muria\u00e9, Juliana Guarino, afirma que esta mina urbana \u00e9 \u201cmuito importante e usada pela popula\u00e7\u00e3o\u201d. \u201cQueremos tornar o local mais agrad\u00e1vel, porque sabemos que quanto mais agrad\u00e1vel \u00e9 o local, mais as pessoas cuidam dele. A popula\u00e7\u00e3o usa bastante esta mina, por isso essa mina precisa ser preservada\u201d, ressalta a secret\u00e1ria.<\/p>\n<p>Mateus Agostino da Silva, do 5\u00ba ano da \u201cEsmeralda Viana\u201d, que j\u00e1 tinha visitado a mina em outra oportunidade, conta que, na \u00e9poca, tinha lixo espalhado pelo local. \u201cEu pensei, quando vim aqui e vi um monte de lixo: as pessoas que jogam lixo aqui n\u00e3o t\u00eam cora\u00e7\u00e3o com a vida da natureza. L\u00e1 em casa todo mundo economiza \u00e1gua\u201d.<\/p>\n<p>As crian\u00e7as e adolescentes foram os principais alvos das a\u00e7\u00f5es comemorativas ao Dia Mundial da \u00c1gua, pois s\u00e3o considerados disseminadores em potencial a serem \u201cembaixadores\u201d do meio ambiente.\u00a0 Pelos relatos, os pequenos aprenderam a li\u00e7\u00e3o.<\/p>\n<p>A programa\u00e7\u00e3o das comemora\u00e7\u00f5es ao Dia Mundial da \u00c1gua na cidade terminaram nesta quarta-feira (23), com a implanta\u00e7\u00e3o de uma placa no ponto de forma\u00e7\u00e3o do Rio Muria\u00e9, no munic\u00edpio de Mira\u00ed.<\/p>\n<p>Participaram da a\u00e7\u00e3o o prefeito de Muria\u00e9, Aloysio Aquino, o prefeito de Mira\u00ed, Jos\u00e9 Ronaldo Milani, os secret\u00e1rios municipais de Meio Ambiente de ambos os munic\u00edpios, respectivamente Juliana Guarino e Tarick Rodrigues, representante do SENAR e da Pol\u00edcia Militar de Meio Ambiente, o presidente do Clubinho Ambiental da Escola Municipal Dr. Justino Pereira, o aluno Arthur Silveira e demais alunos da escola.<\/p>\n<p>O prefeito Aloysio Aquino falou da import\u00e2ncia da preserva\u00e7\u00e3o, n\u00e3o s\u00f3 das nascentes, como de todo o meio ambiente, j\u00e1 que, nas \u00faltimas d\u00e9cadas, a degrada\u00e7\u00e3o tem sido \u201cmuito grande\u201d. \u201c\u00c9 fundamental essa atitude tomada pelas duas prefeituras e pela pol\u00edcia ambiental, com a presen\u00e7a destas crian\u00e7as do projeto, para que cres\u00e7am com a consci\u00eancia da necessidade vital dos cuidados com o meio ambiente e com a \u00e1gua, que \u00e9 fonte de vida\u201d, conclui.<\/p>\n<p>Jos\u00e9 Ronaldo Milani, prefeito de Mira\u00ed, ressaltou a import\u00e2ncia do munic\u00edpio na forma\u00e7\u00e3o do Rio Muria\u00e9. \u201c\u00c9 uma satisfa\u00e7\u00e3o muito grande ter aqui o encontro dos dois ribeir\u00f5es formando o Rio Muria\u00e9, que \u00e9 um rio muito importante para a nossa regi\u00e3o. Hoje, estamos vivendo um momento muito cr\u00edtico em rela\u00e7\u00e3o a \u00e1gua e com o meio ambiente . Com certeza, hoje \u00e9 um marco para nossa Mira\u00ed, por estarmos apoiando esse movimento\u201d, assinala. O Rio Muria\u00e9 nasce na Serra da Peroba, atrav\u00e9s da jun\u00e7\u00e3o dos ribeir\u00f5es Samambaia e Bom Sucesso.<\/p>\n<p>O objetivo da implanta\u00e7\u00e3o da placa foi demarcar o ponto da forma\u00e7\u00e3o do Rio Muria\u00e9, local muito visitado por alunos de escolas da regi\u00e3o, conscientiz\u00e1-los da import\u00e2ncia da preserva\u00e7\u00e3o das matas para a vida dos cursos d\u00b4\u00e1gua, que se manifestam na forma de c\u00f3rregos, ribeir\u00f5es, riachos e rios.<\/p>\n<p><img decoding=\"async\" class=\"ngg_displayed_gallery mceItem\" src=\"https:\/\/anoticiaonline.com.br\/site\/nextgen-attach_to_post\/preview\/id--10589\" alt=\"\" \/><\/p>\n","protected":false},"excerpt":{"rendered":"<p>O Dia Mundial da \u00c1gua foi comemorado em Muria\u00e9 com diversas atividades educativas e a\u00e7\u00f5es de conscientiza\u00e7\u00e3o, promovidas pelo Departamento Municipal de Saneamento Urbano (DEMSUR), em parceria com a Secretaria Municipal de Meio Ambiente. A data, institu\u00edda pela Organiza\u00e7\u00e3o das Na\u00e7\u00f5es Unidas (ONU), \u00e9 comemorada em todo mundo no dia 22 de mar\u00e7o, uma data &#8230; <a title=\"Dia Mundial da \u00c1gua \u00e9 comemorado com atividades educativas e a\u00e7\u00f5es de conscientiza\u00e7\u00e3o\" class=\"read-more\" href=\"https:\/\/anoticiaonline.com.br\/site\/dia-mundial-da-agua-e-comemorado-com-atividades-educativas-e-acoes-de-conscientizacao\/\" aria-label=\"Read more about Dia Mundial da \u00c1gua \u00e9 comemorado com atividades educativas e a\u00e7\u00f5es de conscientiza\u00e7\u00e3o\">Ler mais<\/a><\/p>\n","protected":false},"author":2,"featured_media":10544,"comment_status":"open","ping_status":"open","sticky":false,"template":"","format":"standard","meta":{"_acf_changed":false,"_monsterinsights_skip_tracking":false,"footnotes":""},"categories":[30],"tags":[3],"class_list":["post-10543","post","type-post","status-publish","format-standard","has-post-thumbnail","hentry","category-muriae","tag-slide"],"acf":[],"aioseo_notices":[],"aioseo_head":"\n\t\t<!-- All in One SEO 5.0.0.1 - aioseo.com -->\n\t<meta name=\"description\" content=\"O Dia Mundial da \u00c1gua foi comemorado em Muria\u00e9 com diversas atividades educativas e a\u00e7\u00f5es de conscientiza\u00e7\u00e3o, promovidas pelo Departamento Municipal de Saneamento Urbano (DEMSUR), em parceria com a Secretaria Municipal de Meio Ambiente. A data, institu\u00edda pela Organiza\u00e7\u00e3o das Na\u00e7\u00f5es Unidas (ONU), \u00e9 comemorada em todo mundo no dia 22 de mar\u00e7o, uma data\" \/>\n\t<meta name=\"robots\" content=\"max-image-preview:large\" \/>\n\t<meta name=\"author\" content=\"Juliana Laviola\"\/>\n\t<link rel=\"canonical\" href=\"https:\/\/anoticiaonline.com.br\/site\/dia-mundial-da-agua-e-comemorado-com-atividades-educativas-e-acoes-de-conscientizacao\/\" \/>\n\t<meta name=\"generator\" content=\"All in One SEO (AIOSEO) 5.0.0.1\" \/>\n\t\t<meta property=\"og:locale\" content=\"pt_BR\" \/>\n\t\t<meta property=\"og:site_name\" content=\"A Not\u00edcia Online - Noticias de Muria\u00e9 e regi\u00e3o\" \/>\n\t\t<meta property=\"og:type\" content=\"article\" \/>\n\t\t<meta property=\"og:title\" content=\"Dia Mundial da \u00c1gua \u00e9 comemorado com atividades educativas e a\u00e7\u00f5es de conscientiza\u00e7\u00e3o - A Not\u00edcia Online\" \/>\n\t\t<meta property=\"og:description\" content=\"O Dia Mundial da \u00c1gua foi comemorado em Muria\u00e9 com diversas atividades educativas e a\u00e7\u00f5es de conscientiza\u00e7\u00e3o, promovidas pelo Departamento Municipal de Saneamento Urbano (DEMSUR), em parceria com a Secretaria Municipal de Meio Ambiente. A data, institu\u00edda pela Organiza\u00e7\u00e3o das Na\u00e7\u00f5es Unidas (ONU), \u00e9 comemorada em todo mundo no dia 22 de mar\u00e7o, uma data\" \/>\n\t\t<meta property=\"og:url\" content=\"https:\/\/anoticiaonline.com.br\/site\/dia-mundial-da-agua-e-comemorado-com-atividades-educativas-e-acoes-de-conscientizacao\/\" \/>\n\t\t<meta property=\"og:image\" content=\"https:\/\/scontent-gig4-1.xx.fbcdn.net\/v\/t39.30808-1\/270437624_4564083193639691_6907940295614233970_n.jpg?stp=dst-jpg_s200x200_tt6&#038;_nc_cat=111&#038;ccb=1-7&#038;_nc_sid=f907e8&#038;_nc_ohc=SM1wRlP3lJwQ7kNvwEPuBYA&#038;_nc_oc=AdnqrjDN_BNjSSHWO-GbkIWH6fkGMLw4bqvL_NH6e2wMveX7G-rP2dAqsDSq1mJMOaY&#038;_nc_zt=24&#038;_nc_ht=scontent-gig4-1.xx&#038;_nc_gid=AoBFJeGrT1hVaew_6rchkQ&#038;oh=00_AfX7QmFGhQhG2jAllVgXCiM1ZrWgvtp80-Bfppyexh1QEg&#038;oe=689E923C\" \/>\n\t\t<meta property=\"og:image:secure_url\" content=\"https:\/\/scontent-gig4-1.xx.fbcdn.net\/v\/t39.30808-1\/270437624_4564083193639691_6907940295614233970_n.jpg?stp=dst-jpg_s200x200_tt6&#038;_nc_cat=111&#038;ccb=1-7&#038;_nc_sid=f907e8&#038;_nc_ohc=SM1wRlP3lJwQ7kNvwEPuBYA&#038;_nc_oc=AdnqrjDN_BNjSSHWO-GbkIWH6fkGMLw4bqvL_NH6e2wMveX7G-rP2dAqsDSq1mJMOaY&#038;_nc_zt=24&#038;_nc_ht=scontent-gig4-1.xx&#038;_nc_gid=AoBFJeGrT1hVaew_6rchkQ&#038;oh=00_AfX7QmFGhQhG2jAllVgXCiM1ZrWgvtp80-Bfppyexh1QEg&#038;oe=689E923C\" \/>\n\t\t<meta property=\"article:published_time\" content=\"2016-03-23T21:15:12+00:00\" \/>\n\t\t<meta property=\"article:modified_time\" content=\"2016-03-23T21:15:12+00:00\" \/>\n\t\t<meta name=\"twitter:card\" content=\"summary_large_image\" \/>\n\t\t<meta name=\"twitter:title\" content=\"Dia Mundial da \u00c1gua \u00e9 comemorado com atividades educativas e a\u00e7\u00f5es de conscientiza\u00e7\u00e3o - A Not\u00edcia Online\" \/>\n\t\t<meta name=\"twitter:description\" content=\"O Dia Mundial da \u00c1gua foi comemorado em Muria\u00e9 com diversas atividades educativas e a\u00e7\u00f5es de conscientiza\u00e7\u00e3o, promovidas pelo Departamento Municipal de Saneamento Urbano (DEMSUR), em parceria com a Secretaria Municipal de Meio Ambiente. A data, institu\u00edda pela Organiza\u00e7\u00e3o das Na\u00e7\u00f5es Unidas (ONU), \u00e9 comemorada em todo mundo no dia 22 de mar\u00e7o, uma data\" \/>\n\t\t<meta name=\"twitter:image\" content=\"https:\/\/scontent-gig4-1.xx.fbcdn.net\/v\/t39.30808-1\/270437624_4564083193639691_6907940295614233970_n.jpg?stp=dst-jpg_s200x200_tt6&amp;_nc_cat=111&amp;ccb=1-7&amp;_nc_sid=f907e8&amp;_nc_ohc=SM1wRlP3lJwQ7kNvwEPuBYA&amp;_nc_oc=AdnqrjDN_BNjSSHWO-GbkIWH6fkGMLw4bqvL_NH6e2wMveX7G-rP2dAqsDSq1mJMOaY&amp;_nc_zt=24&amp;_nc_ht=scontent-gig4-1.xx&amp;_nc_gid=AoBFJeGrT1hVaew_6rchkQ&amp;oh=00_AfX7QmFGhQhG2jAllVgXCiM1ZrWgvtp80-Bfppyexh1QEg&amp;oe=689E923C\" \/>\n\t\t<script type=\"application\/ld+json\" class=\"aioseo-schema\">\n\t\t\t{\"@context\":\"https:\\\/\\\/schema.org\",\"@graph\":[{\"@type\":\"BlogPosting\",\"@id\":\"https:\\\/\\\/anoticiaonline.com.br\\\/site\\\/dia-mundial-da-agua-e-comemorado-com-atividades-educativas-e-acoes-de-conscientizacao\\\/#blogposting\",\"name\":\"Dia Mundial da \\u00c1gua \\u00e9 comemorado com atividades educativas e a\\u00e7\\u00f5es de conscientiza\\u00e7\\u00e3o - A Not\\u00edcia Online\",\"headline\":\"Dia Mundial da \\u00c1gua \\u00e9 comemorado com atividades educativas e a\\u00e7\\u00f5es de conscientiza\\u00e7\\u00e3o\",\"author\":{\"@id\":\"https:\\\/\\\/anoticiaonline.com.br\\\/site\\\/author\\\/juliana\\\/#author\"},\"publisher\":{\"@id\":\"https:\\\/\\\/anoticiaonline.com.br\\\/site\\\/#organization\"},\"image\":{\"@type\":\"ImageObject\",\"url\":\"https:\\\/\\\/anoticiaonline.com.br\\\/site\\\/wp-content\\\/uploads\\\/2016\\\/03\\\/DSC_0606.jpg\",\"width\":640,\"height\":424},\"datePublished\":\"2016-03-23T18:15:12-03:00\",\"dateModified\":\"2016-03-23T18:15:12-03:00\",\"inLanguage\":\"pt-BR\",\"commentCount\":1,\"mainEntityOfPage\":{\"@id\":\"https:\\\/\\\/anoticiaonline.com.br\\\/site\\\/dia-mundial-da-agua-e-comemorado-com-atividades-educativas-e-acoes-de-conscientizacao\\\/#webpage\"},\"isPartOf\":{\"@id\":\"https:\\\/\\\/anoticiaonline.com.br\\\/site\\\/dia-mundial-da-agua-e-comemorado-com-atividades-educativas-e-acoes-de-conscientizacao\\\/#webpage\"},\"articleSection\":\"Blog, slide\"},{\"@type\":\"BreadcrumbList\",\"@id\":\"https:\\\/\\\/anoticiaonline.com.br\\\/site\\\/dia-mundial-da-agua-e-comemorado-com-atividades-educativas-e-acoes-de-conscientizacao\\\/#breadcrumblist\",\"itemListElement\":[{\"@type\":\"ListItem\",\"@id\":\"https:\\\/\\\/anoticiaonline.com.br\\\/site#listItem\",\"position\":1,\"name\":\"Home\",\"item\":\"https:\\\/\\\/anoticiaonline.com.br\\\/site\",\"nextItem\":{\"@type\":\"ListItem\",\"@id\":\"https:\\\/\\\/anoticiaonline.com.br\\\/site\\\/categoria\\\/muriae\\\/#listItem\",\"name\":\"Blog\"}},{\"@type\":\"ListItem\",\"@id\":\"https:\\\/\\\/anoticiaonline.com.br\\\/site\\\/categoria\\\/muriae\\\/#listItem\",\"position\":2,\"name\":\"Blog\",\"item\":\"https:\\\/\\\/anoticiaonline.com.br\\\/site\\\/categoria\\\/muriae\\\/\",\"nextItem\":{\"@type\":\"ListItem\",\"@id\":\"https:\\\/\\\/anoticiaonline.com.br\\\/site\\\/dia-mundial-da-agua-e-comemorado-com-atividades-educativas-e-acoes-de-conscientizacao\\\/#listItem\",\"name\":\"Dia Mundial da \\u00c1gua \\u00e9 comemorado com atividades educativas e a\\u00e7\\u00f5es de conscientiza\\u00e7\\u00e3o\"},\"previousItem\":{\"@type\":\"ListItem\",\"@id\":\"https:\\\/\\\/anoticiaonline.com.br\\\/site#listItem\",\"name\":\"Home\"}},{\"@type\":\"ListItem\",\"@id\":\"https:\\\/\\\/anoticiaonline.com.br\\\/site\\\/dia-mundial-da-agua-e-comemorado-com-atividades-educativas-e-acoes-de-conscientizacao\\\/#listItem\",\"position\":3,\"name\":\"Dia Mundial da \\u00c1gua \\u00e9 comemorado com atividades educativas e a\\u00e7\\u00f5es de conscientiza\\u00e7\\u00e3o\",\"previousItem\":{\"@type\":\"ListItem\",\"@id\":\"https:\\\/\\\/anoticiaonline.com.br\\\/site\\\/categoria\\\/muriae\\\/#listItem\",\"name\":\"Blog\"}}]},{\"@type\":\"Organization\",\"@id\":\"https:\\\/\\\/anoticiaonline.com.br\\\/site\\\/#organization\",\"name\":\"A Not\\u00edcia Online\",\"description\":\"Noticias de Muria\\u00e9 e regi\\u00e3o\",\"url\":\"https:\\\/\\\/anoticiaonline.com.br\\\/site\\\/\",\"logo\":{\"@type\":\"ImageObject\",\"url\":\"https:\\\/\\\/scontent-gig4-1.xx.fbcdn.net\\\/v\\\/t39.30808-1\\\/270437624_4564083193639691_6907940295614233970_n.jpg?stp=dst-jpg_s200x200_tt6&_nc_cat=111&ccb=1-7&_nc_sid=f907e8&_nc_ohc=SM1wRlP3lJwQ7kNvwEPuBYA&_nc_oc=AdnqrjDN_BNjSSHWO-GbkIWH6fkGMLw4bqvL_NH6e2wMveX7G-rP2dAqsDSq1mJMOaY&_nc_zt=24&_nc_ht=scontent-gig4-1.xx&_nc_gid=AoBFJeGrT1hVaew_6rchkQ&oh=00_AfX7QmFGhQhG2jAllVgXCiM1ZrWgvtp80-Bfppyexh1QEg&oe=689E923C\",\"@id\":\"https:\\\/\\\/anoticiaonline.com.br\\\/site\\\/dia-mundial-da-agua-e-comemorado-com-atividades-educativas-e-acoes-de-conscientizacao\\\/#organizationLogo\"},\"image\":{\"@id\":\"https:\\\/\\\/anoticiaonline.com.br\\\/site\\\/dia-mundial-da-agua-e-comemorado-com-atividades-educativas-e-acoes-de-conscientizacao\\\/#organizationLogo\"}},{\"@type\":\"Person\",\"@id\":\"https:\\\/\\\/anoticiaonline.com.br\\\/site\\\/author\\\/juliana\\\/#author\",\"url\":\"https:\\\/\\\/anoticiaonline.com.br\\\/site\\\/author\\\/juliana\\\/\",\"name\":\"Juliana Laviola\",\"image\":{\"@type\":\"ImageObject\",\"@id\":\"https:\\\/\\\/anoticiaonline.com.br\\\/site\\\/dia-mundial-da-agua-e-comemorado-com-atividades-educativas-e-acoes-de-conscientizacao\\\/#authorImage\",\"url\":\"https:\\\/\\\/secure.gravatar.com\\\/avatar\\\/b8d45f5c699b100dfaf0e543582f38f38bf94cb7ae3a5e9abf8d891a34773335?s=96&d=mm&r=g\",\"width\":96,\"height\":96,\"caption\":\"Juliana Laviola\"}},{\"@type\":\"WebPage\",\"@id\":\"https:\\\/\\\/anoticiaonline.com.br\\\/site\\\/dia-mundial-da-agua-e-comemorado-com-atividades-educativas-e-acoes-de-conscientizacao\\\/#webpage\",\"url\":\"https:\\\/\\\/anoticiaonline.com.br\\\/site\\\/dia-mundial-da-agua-e-comemorado-com-atividades-educativas-e-acoes-de-conscientizacao\\\/\",\"name\":\"Dia Mundial da \\u00c1gua \\u00e9 comemorado com atividades educativas e a\\u00e7\\u00f5es de conscientiza\\u00e7\\u00e3o - A Not\\u00edcia Online\",\"description\":\"O Dia Mundial da \\u00c1gua foi comemorado em Muria\\u00e9 com diversas atividades educativas e a\\u00e7\\u00f5es de conscientiza\\u00e7\\u00e3o, promovidas pelo Departamento Municipal de Saneamento Urbano (DEMSUR), em parceria com a Secretaria Municipal de Meio Ambiente. A data, institu\\u00edda pela Organiza\\u00e7\\u00e3o das Na\\u00e7\\u00f5es Unidas (ONU), \\u00e9 comemorada em todo mundo no dia 22 de mar\\u00e7o, uma data\",\"inLanguage\":\"pt-BR\",\"isPartOf\":{\"@id\":\"https:\\\/\\\/anoticiaonline.com.br\\\/site\\\/#website\"},\"breadcrumb\":{\"@id\":\"https:\\\/\\\/anoticiaonline.com.br\\\/site\\\/dia-mundial-da-agua-e-comemorado-com-atividades-educativas-e-acoes-de-conscientizacao\\\/#breadcrumblist\"},\"author\":{\"@id\":\"https:\\\/\\\/anoticiaonline.com.br\\\/site\\\/author\\\/juliana\\\/#author\"},\"creator\":{\"@id\":\"https:\\\/\\\/anoticiaonline.com.br\\\/site\\\/author\\\/juliana\\\/#author\"},\"image\":{\"@type\":\"ImageObject\",\"url\":\"https:\\\/\\\/anoticiaonline.com.br\\\/site\\\/wp-content\\\/uploads\\\/2016\\\/03\\\/DSC_0606.jpg\",\"@id\":\"https:\\\/\\\/anoticiaonline.com.br\\\/site\\\/dia-mundial-da-agua-e-comemorado-com-atividades-educativas-e-acoes-de-conscientizacao\\\/#mainImage\",\"width\":640,\"height\":424},\"primaryImageOfPage\":{\"@id\":\"https:\\\/\\\/anoticiaonline.com.br\\\/site\\\/dia-mundial-da-agua-e-comemorado-com-atividades-educativas-e-acoes-de-conscientizacao\\\/#mainImage\"},\"datePublished\":\"2016-03-23T18:15:12-03:00\",\"dateModified\":\"2016-03-23T18:15:12-03:00\"},{\"@type\":\"WebSite\",\"@id\":\"https:\\\/\\\/anoticiaonline.com.br\\\/site\\\/#website\",\"url\":\"https:\\\/\\\/anoticiaonline.com.br\\\/site\\\/\",\"name\":\"A Not\\u00edcia Online\",\"description\":\"Noticias de Muria\\u00e9 e regi\\u00e3o\",\"inLanguage\":\"pt-BR\",\"publisher\":{\"@id\":\"https:\\\/\\\/anoticiaonline.com.br\\\/site\\\/#organization\"}}]}\n\t\t<\/script>\n\t\t<!-- All in One SEO -->\n\n","aioseo_head_json":{"title":"Dia Mundial da \u00c1gua \u00e9 comemorado com atividades educativas e a\u00e7\u00f5es de conscientiza\u00e7\u00e3o - A Not\u00edcia Online","description":"O Dia Mundial da \u00c1gua foi comemorado em Muria\u00e9 com diversas atividades educativas e a\u00e7\u00f5es de conscientiza\u00e7\u00e3o, promovidas pelo Departamento Municipal de Saneamento Urbano (DEMSUR), em parceria com a Secretaria Municipal de Meio Ambiente. A data, institu\u00edda pela Organiza\u00e7\u00e3o das Na\u00e7\u00f5es Unidas (ONU), \u00e9 comemorada em todo mundo no dia 22 de mar\u00e7o, uma data","canonical_url":"https:\/\/anoticiaonline.com.br\/site\/dia-mundial-da-agua-e-comemorado-com-atividades-educativas-e-acoes-de-conscientizacao\/","robots":"max-image-preview:large","keywords":"","webmasterTools":{"miscellaneous":""},"schema":{"@context":"https:\/\/schema.org","@graph":[{"@type":"BlogPosting","@id":"https:\/\/anoticiaonline.com.br\/site\/dia-mundial-da-agua-e-comemorado-com-atividades-educativas-e-acoes-de-conscientizacao\/#blogposting","name":"Dia Mundial da \u00c1gua \u00e9 comemorado com atividades educativas e a\u00e7\u00f5es de conscientiza\u00e7\u00e3o - A Not\u00edcia Online","headline":"Dia Mundial da \u00c1gua \u00e9 comemorado com atividades educativas e a\u00e7\u00f5es de conscientiza\u00e7\u00e3o","author":{"@id":"https:\/\/anoticiaonline.com.br\/site\/author\/juliana\/#author"},"publisher":{"@id":"https:\/\/anoticiaonline.com.br\/site\/#organization"},"image":{"@type":"ImageObject","url":"https:\/\/anoticiaonline.com.br\/site\/wp-content\/uploads\/2016\/03\/DSC_0606.jpg","width":640,"height":424},"datePublished":"2016-03-23T18:15:12-03:00","dateModified":"2016-03-23T18:15:12-03:00","inLanguage":"pt-BR","commentCount":1,"mainEntityOfPage":{"@id":"https:\/\/anoticiaonline.com.br\/site\/dia-mundial-da-agua-e-comemorado-com-atividades-educativas-e-acoes-de-conscientizacao\/#webpage"},"isPartOf":{"@id":"https:\/\/anoticiaonline.com.br\/site\/dia-mundial-da-agua-e-comemorado-com-atividades-educativas-e-acoes-de-conscientizacao\/#webpage"},"articleSection":"Blog, slide"},{"@type":"BreadcrumbList","@id":"https:\/\/anoticiaonline.com.br\/site\/dia-mundial-da-agua-e-comemorado-com-atividades-educativas-e-acoes-de-conscientizacao\/#breadcrumblist","itemListElement":[{"@type":"ListItem","@id":"https:\/\/anoticiaonline.com.br\/site#listItem","position":1,"name":"Home","item":"https:\/\/anoticiaonline.com.br\/site","nextItem":{"@type":"ListItem","@id":"https:\/\/anoticiaonline.com.br\/site\/categoria\/muriae\/#listItem","name":"Blog"}},{"@type":"ListItem","@id":"https:\/\/anoticiaonline.com.br\/site\/categoria\/muriae\/#listItem","position":2,"name":"Blog","item":"https:\/\/anoticiaonline.com.br\/site\/categoria\/muriae\/","nextItem":{"@type":"ListItem","@id":"https:\/\/anoticiaonline.com.br\/site\/dia-mundial-da-agua-e-comemorado-com-atividades-educativas-e-acoes-de-conscientizacao\/#listItem","name":"Dia Mundial da \u00c1gua \u00e9 comemorado com atividades educativas e a\u00e7\u00f5es de conscientiza\u00e7\u00e3o"},"previousItem":{"@type":"ListItem","@id":"https:\/\/anoticiaonline.com.br\/site#listItem","name":"Home"}},{"@type":"ListItem","@id":"https:\/\/anoticiaonline.com.br\/site\/dia-mundial-da-agua-e-comemorado-com-atividades-educativas-e-acoes-de-conscientizacao\/#listItem","position":3,"name":"Dia Mundial da \u00c1gua \u00e9 comemorado com atividades educativas e a\u00e7\u00f5es de conscientiza\u00e7\u00e3o","previousItem":{"@type":"ListItem","@id":"https:\/\/anoticiaonline.com.br\/site\/categoria\/muriae\/#listItem","name":"Blog"}}]},{"@type":"Organization","@id":"https:\/\/anoticiaonline.com.br\/site\/#organization","name":"A Not\u00edcia Online","description":"Noticias de Muria\u00e9 e regi\u00e3o","url":"https:\/\/anoticiaonline.com.br\/site\/","logo":{"@type":"ImageObject","url":"https:\/\/scontent-gig4-1.xx.fbcdn.net\/v\/t39.30808-1\/270437624_4564083193639691_6907940295614233970_n.jpg?stp=dst-jpg_s200x200_tt6&_nc_cat=111&ccb=1-7&_nc_sid=f907e8&_nc_ohc=SM1wRlP3lJwQ7kNvwEPuBYA&_nc_oc=AdnqrjDN_BNjSSHWO-GbkIWH6fkGMLw4bqvL_NH6e2wMveX7G-rP2dAqsDSq1mJMOaY&_nc_zt=24&_nc_ht=scontent-gig4-1.xx&_nc_gid=AoBFJeGrT1hVaew_6rchkQ&oh=00_AfX7QmFGhQhG2jAllVgXCiM1ZrWgvtp80-Bfppyexh1QEg&oe=689E923C","@id":"https:\/\/anoticiaonline.com.br\/site\/dia-mundial-da-agua-e-comemorado-com-atividades-educativas-e-acoes-de-conscientizacao\/#organizationLogo"},"image":{"@id":"https:\/\/anoticiaonline.com.br\/site\/dia-mundial-da-agua-e-comemorado-com-atividades-educativas-e-acoes-de-conscientizacao\/#organizationLogo"}},{"@type":"Person","@id":"https:\/\/anoticiaonline.com.br\/site\/author\/juliana\/#author","url":"https:\/\/anoticiaonline.com.br\/site\/author\/juliana\/","name":"Juliana Laviola","image":{"@type":"ImageObject","@id":"https:\/\/anoticiaonline.com.br\/site\/dia-mundial-da-agua-e-comemorado-com-atividades-educativas-e-acoes-de-conscientizacao\/#authorImage","url":"https:\/\/secure.gravatar.com\/avatar\/b8d45f5c699b100dfaf0e543582f38f38bf94cb7ae3a5e9abf8d891a34773335?s=96&d=mm&r=g","width":96,"height":96,"caption":"Juliana Laviola"}},{"@type":"WebPage","@id":"https:\/\/anoticiaonline.com.br\/site\/dia-mundial-da-agua-e-comemorado-com-atividades-educativas-e-acoes-de-conscientizacao\/#webpage","url":"https:\/\/anoticiaonline.com.br\/site\/dia-mundial-da-agua-e-comemorado-com-atividades-educativas-e-acoes-de-conscientizacao\/","name":"Dia Mundial da \u00c1gua \u00e9 comemorado com atividades educativas e a\u00e7\u00f5es de conscientiza\u00e7\u00e3o - A Not\u00edcia Online","description":"O Dia Mundial da \u00c1gua foi comemorado em Muria\u00e9 com diversas atividades educativas e a\u00e7\u00f5es de conscientiza\u00e7\u00e3o, promovidas pelo Departamento Municipal de Saneamento Urbano (DEMSUR), em parceria com a Secretaria Municipal de Meio Ambiente. A data, institu\u00edda pela Organiza\u00e7\u00e3o das Na\u00e7\u00f5es Unidas (ONU), \u00e9 comemorada em todo mundo no dia 22 de mar\u00e7o, uma data","inLanguage":"pt-BR","isPartOf":{"@id":"https:\/\/anoticiaonline.com.br\/site\/#website"},"breadcrumb":{"@id":"https:\/\/anoticiaonline.com.br\/site\/dia-mundial-da-agua-e-comemorado-com-atividades-educativas-e-acoes-de-conscientizacao\/#breadcrumblist"},"author":{"@id":"https:\/\/anoticiaonline.com.br\/site\/author\/juliana\/#author"},"creator":{"@id":"https:\/\/anoticiaonline.com.br\/site\/author\/juliana\/#author"},"image":{"@type":"ImageObject","url":"https:\/\/anoticiaonline.com.br\/site\/wp-content\/uploads\/2016\/03\/DSC_0606.jpg","@id":"https:\/\/anoticiaonline.com.br\/site\/dia-mundial-da-agua-e-comemorado-com-atividades-educativas-e-acoes-de-conscientizacao\/#mainImage","width":640,"height":424},"primaryImageOfPage":{"@id":"https:\/\/anoticiaonline.com.br\/site\/dia-mundial-da-agua-e-comemorado-com-atividades-educativas-e-acoes-de-conscientizacao\/#mainImage"},"datePublished":"2016-03-23T18:15:12-03:00","dateModified":"2016-03-23T18:15:12-03:00"},{"@type":"WebSite","@id":"https:\/\/anoticiaonline.com.br\/site\/#website","url":"https:\/\/anoticiaonline.com.br\/site\/","name":"A Not\u00edcia Online","description":"Noticias de Muria\u00e9 e regi\u00e3o","inLanguage":"pt-BR","publisher":{"@id":"https:\/\/anoticiaonline.com.br\/site\/#organization"}}]},"og:locale":"pt_BR","og:site_name":"A Not\u00edcia Online - Noticias de Muria\u00e9 e regi\u00e3o","og:type":"article","og:title":"Dia Mundial da \u00c1gua \u00e9 comemorado com atividades educativas e a\u00e7\u00f5es de conscientiza\u00e7\u00e3o - A Not\u00edcia Online","og:description":"O Dia Mundial da \u00c1gua foi comemorado em Muria\u00e9 com diversas atividades educativas e a\u00e7\u00f5es de conscientiza\u00e7\u00e3o, promovidas pelo Departamento Municipal de Saneamento Urbano (DEMSUR), em parceria com a Secretaria Municipal de Meio Ambiente. A data, institu\u00edda pela Organiza\u00e7\u00e3o das Na\u00e7\u00f5es Unidas (ONU), \u00e9 comemorada em todo mundo no dia 22 de mar\u00e7o, uma data","og:url":"https:\/\/anoticiaonline.com.br\/site\/dia-mundial-da-agua-e-comemorado-com-atividades-educativas-e-acoes-de-conscientizacao\/","og:image":"https:\/\/scontent-gig4-1.xx.fbcdn.net\/v\/t39.30808-1\/270437624_4564083193639691_6907940295614233970_n.jpg?stp=dst-jpg_s200x200_tt6&#038;_nc_cat=111&#038;ccb=1-7&#038;_nc_sid=f907e8&#038;_nc_ohc=SM1wRlP3lJwQ7kNvwEPuBYA&#038;_nc_oc=AdnqrjDN_BNjSSHWO-GbkIWH6fkGMLw4bqvL_NH6e2wMveX7G-rP2dAqsDSq1mJMOaY&#038;_nc_zt=24&#038;_nc_ht=scontent-gig4-1.xx&#038;_nc_gid=AoBFJeGrT1hVaew_6rchkQ&#038;oh=00_AfX7QmFGhQhG2jAllVgXCiM1ZrWgvtp80-Bfppyexh1QEg&#038;oe=689E923C","og:image:secure_url":"https:\/\/scontent-gig4-1.xx.fbcdn.net\/v\/t39.30808-1\/270437624_4564083193639691_6907940295614233970_n.jpg?stp=dst-jpg_s200x200_tt6&#038;_nc_cat=111&#038;ccb=1-7&#038;_nc_sid=f907e8&#038;_nc_ohc=SM1wRlP3lJwQ7kNvwEPuBYA&#038;_nc_oc=AdnqrjDN_BNjSSHWO-GbkIWH6fkGMLw4bqvL_NH6e2wMveX7G-rP2dAqsDSq1mJMOaY&#038;_nc_zt=24&#038;_nc_ht=scontent-gig4-1.xx&#038;_nc_gid=AoBFJeGrT1hVaew_6rchkQ&#038;oh=00_AfX7QmFGhQhG2jAllVgXCiM1ZrWgvtp80-Bfppyexh1QEg&#038;oe=689E923C","article:published_time":"2016-03-23T21:15:12+00:00","article:modified_time":"2016-03-23T21:15:12+00:00","twitter:card":"summary_large_image","twitter:title":"Dia Mundial da \u00c1gua \u00e9 comemorado com atividades educativas e a\u00e7\u00f5es de conscientiza\u00e7\u00e3o - A Not\u00edcia Online","twitter:description":"O Dia Mundial da \u00c1gua foi comemorado em Muria\u00e9 com diversas atividades educativas e a\u00e7\u00f5es de conscientiza\u00e7\u00e3o, promovidas pelo Departamento Municipal de Saneamento Urbano (DEMSUR), em parceria com a Secretaria Municipal de Meio Ambiente. A data, institu\u00edda pela Organiza\u00e7\u00e3o das Na\u00e7\u00f5es Unidas (ONU), \u00e9 comemorada em todo mundo no dia 22 de mar\u00e7o, uma data","twitter:image":"https:\/\/scontent-gig4-1.xx.fbcdn.net\/v\/t39.30808-1\/270437624_4564083193639691_6907940295614233970_n.jpg?stp=dst-jpg_s200x200_tt6&_nc_cat=111&ccb=1-7&_nc_sid=f907e8&_nc_ohc=SM1wRlP3lJwQ7kNvwEPuBYA&_nc_oc=AdnqrjDN_BNjSSHWO-GbkIWH6fkGMLw4bqvL_NH6e2wMveX7G-rP2dAqsDSq1mJMOaY&_nc_zt=24&_nc_ht=scontent-gig4-1.xx&_nc_gid=AoBFJeGrT1hVaew_6rchkQ&oh=00_AfX7QmFGhQhG2jAllVgXCiM1ZrWgvtp80-Bfppyexh1QEg&oe=689E923C"},"aioseo_meta_data":{"post_id":"10543","title":null,"description":null,"keywords":null,"keyphrases":null,"primary_term":null,"canonical_url":null,"og_title":null,"og_description":null,"og_object_type":"default","og_image_type":"default","og_image_url":null,"og_image_width":null,"og_image_height":null,"og_image_custom_url":null,"og_image_custom_fields":null,"og_video":null,"og_custom_url":null,"og_article_section":null,"og_article_tags":null,"twitter_use_og":false,"twitter_card":"default","twitter_image_type":"default","twitter_image_url":null,"twitter_image_custom_url":null,"twitter_image_custom_fields":null,"twitter_title":null,"twitter_description":null,"schema":{"blockGraphs":[],"customGraphs":[],"default":{"data":{"Article":[],"Course":[],"Dataset":[],"FAQPage":[],"Movie":[],"Person":[],"Product":[],"ProductReview":[],"Car":[],"Recipe":[],"Service":[],"SoftwareApplication":[],"WebPage":[]},"graphName":"","isEnabled":true},"graphs":[]},"schema_type":"default","schema_type_options":null,"pillar_content":false,"robots_default":true,"robots_noindex":false,"robots_noarchive":false,"robots_nosnippet":false,"robots_nofollow":false,"robots_noimageindex":false,"robots_noodp":false,"robots_notranslate":false,"robots_max_snippet":null,"robots_max_videopreview":null,"robots_max_imagepreview":"large","priority":null,"frequency":null,"local_seo":null,"breadcrumb_settings":null,"limit_modified_date":false,"ai":null,"created":"2025-08-16 15:38:29","updated":"2025-08-16 15:38:29","focus_keyword":null,"additional_keywords":null,"truseo_locale":null,"seo_analyzer_scan_date":null},"aioseo_breadcrumb":"<div class=\"aioseo-breadcrumbs\"><span class=\"aioseo-breadcrumb\">\n\t\t\t<a href=\"https:\/\/anoticiaonline.com.br\/site\" title=\"Home\">Home<\/a>\n\t\t<\/span><span class=\"aioseo-breadcrumb-separator\">&raquo;<\/span><span class=\"aioseo-breadcrumb\">\n\t\t\t<a href=\"https:\/\/anoticiaonline.com.br\/site\/categoria\/muriae\/\" title=\"Blog\">Blog<\/a>\n\t\t<\/span><span class=\"aioseo-breadcrumb-separator\">&raquo;<\/span><span class=\"aioseo-breadcrumb\">\n\t\t\tDia Mundial da \u00c1gua \u00e9 comemorado com atividades educativas e a\u00e7\u00f5es de conscientiza\u00e7\u00e3o\n\t\t<\/span><\/div>","aioseo_breadcrumb_json":[{"label":"Home","link":"https:\/\/anoticiaonline.com.br\/site"},{"label":"Blog","link":"https:\/\/anoticiaonline.com.br\/site\/categoria\/muriae\/"},{"label":"Dia Mundial da \u00c1gua \u00e9 comemorado com atividades educativas e a\u00e7\u00f5es de conscientiza\u00e7\u00e3o","link":"https:\/\/anoticiaonline.com.br\/site\/dia-mundial-da-agua-e-comemorado-com-atividades-educativas-e-acoes-de-conscientizacao\/"}],"views":162,"_links":{"self":[{"href":"https:\/\/anoticiaonline.com.br\/site\/wp-json\/wp\/v2\/posts\/10543","targetHints":{"allow":["GET"]}}],"collection":[{"href":"https:\/\/anoticiaonline.com.br\/site\/wp-json\/wp\/v2\/posts"}],"about":[{"href":"https:\/\/anoticiaonline.com.br\/site\/wp-json\/wp\/v2\/types\/post"}],"author":[{"embeddable":true,"href":"https:\/\/anoticiaonline.com.br\/site\/wp-json\/wp\/v2\/users\/2"}],"replies":[{"embeddable":true,"href":"https:\/\/anoticiaonline.com.br\/site\/wp-json\/wp\/v2\/comments?post=10543"}],"version-history":[{"count":0,"href":"https:\/\/anoticiaonline.com.br\/site\/wp-json\/wp\/v2\/posts\/10543\/revisions"}],"wp:featuredmedia":[{"embeddable":true,"href":"https:\/\/anoticiaonline.com.br\/site\/wp-json\/wp\/v2\/media\/10544"}],"wp:attachment":[{"href":"https:\/\/anoticiaonline.com.br\/site\/wp-json\/wp\/v2\/media?parent=10543"}],"wp:term":[{"taxonomy":"category","embeddable":true,"href":"https:\/\/anoticiaonline.com.br\/site\/wp-json\/wp\/v2\/categories?post=10543"},{"taxonomy":"post_tag","embeddable":true,"href":"https:\/\/anoticiaonline.com.br\/site\/wp-json\/wp\/v2\/tags?post=10543"}],"curies":[{"name":"wp","href":"https:\/\/api.w.org\/{rel}","templated":true}]}}