{"id":10536,"date":"2016-03-23T15:38:05","date_gmt":"2016-03-23T18:38:05","guid":{"rendered":"http:\/\/anoticiaonline.com.br\/site\/?p=10536"},"modified":"2016-03-23T15:38:05","modified_gmt":"2016-03-23T18:38:05","slug":"vereadores-aprovam-recursos-de-mais-de-r150-mil-para-a-merenda-escolar","status":"publish","type":"post","link":"https:\/\/anoticiaonline.com.br\/site\/vereadores-aprovam-recursos-de-mais-de-r150-mil-para-a-merenda-escolar\/","title":{"rendered":"Vereadores aprovam recursos de mais de R$150 mil para a merenda escolar"},"content":{"rendered":"<p><a href=\"https:\/\/anoticiaonline.com.br\/site\/wp-content\/uploads\/2016\/03\/DSCF3519.jpg\"><img fetchpriority=\"high\" decoding=\"async\" class=\" size-medium wp-image-10537 alignleft\" src=\"https:\/\/anoticiaonline.com.br\/site\/wp-content\/uploads\/2016\/03\/DSCF3519-300x225.jpg\" alt=\"DSCF3519\" width=\"300\" height=\"225\" srcset=\"https:\/\/anoticiaonline.com.br\/site\/wp-content\/uploads\/2016\/03\/DSCF3519-300x225.jpg 300w, https:\/\/anoticiaonline.com.br\/site\/wp-content\/uploads\/2016\/03\/DSCF3519.jpg 640w\" sizes=\"(max-width: 300px) 100vw, 300px\" \/><\/a>Os vereadores de Muria\u00e9 aprovaram, na noite de ter\u00e7a-feira (22), em sess\u00e3o ordin\u00e1ria, projetos para a merenda escolar em creches municipais e verba para realiza\u00e7\u00e3o de jogos estudantis e eventos esportivos no munic\u00edpio.<\/p>\n<p>No total, s\u00e3o mais de R$150 mil destinados \u00e0 merenda escolar &#8211; sendo R$ 117.511,83 de suplementa\u00e7\u00e3o na Lei Or\u00e7ament\u00e1ria Anual (LOA) para a merenda escolar em creches municipais e R$ 33.891,49 para complementa\u00e7\u00e3o de recursos enviados pelo Governo Federal atrav\u00e9s do Programa Nacional de Alimenta\u00e7\u00e3o Escolar (PNAE). Para a realiza\u00e7\u00e3o de jogos estudantis e eventos esportivos no munic\u00edpio, o projeto aprovado foi no valor de R$ 29.600,00.<\/p>\n<p>Os vereadores tamb\u00e9m aprovaram o projeto que institui o Di\u00e1rio Oficial Eletr\u00f4nico do Executivo municipal, de autoria do vereador Ademar Camerino (Pros), com objetivo de dar publicidade aos atos do Executivo, garantindo maior transpar\u00eancia e rapidez nas informa\u00e7\u00f5es para a popula\u00e7\u00e3o; e um projeto que disp\u00f5e sobre a apresenta\u00e7\u00e3o da carteira de vacina\u00e7\u00e3o no ato da matr\u00edcula escolar, de autoria do vereador Manoel Carvalho (PMDB), objetivando maior cobertura de imuniza\u00e7\u00e3o as crian\u00e7as atrav\u00e9s de controle e orienta\u00e7\u00e3o das escolas e informa\u00e7\u00e3o para a rede de ensino sobre as crian\u00e7as matriculadas.<\/p>\n<figure id=\"attachment_10538\" aria-describedby=\"caption-attachment-10538\" style=\"width: 290px\" class=\"wp-caption alignleft\"><a href=\"https:\/\/anoticiaonline.com.br\/site\/wp-content\/uploads\/2016\/03\/cam1.jpg\"><img decoding=\"async\" class=\"size-medium wp-image-10538\" src=\"https:\/\/anoticiaonline.com.br\/site\/wp-content\/uploads\/2016\/03\/cam1-300x225.jpg\" alt=\"Paulo S\u00e9rgio Amaral, presidente da 36\u00aa Subse\u00e7\u00e3o da OAB, durante seu pronunciamento na tribuna\" width=\"300\" height=\"225\" srcset=\"https:\/\/anoticiaonline.com.br\/site\/wp-content\/uploads\/2016\/03\/cam1-300x225.jpg 300w, https:\/\/anoticiaonline.com.br\/site\/wp-content\/uploads\/2016\/03\/cam1.jpg 640w\" sizes=\"(max-width: 300px) 100vw, 300px\" \/><\/a><figcaption id=\"caption-attachment-10538\" class=\"wp-caption-text\">Paulo S\u00e9rgio Amaral, presidente da 36\u00aa Subse\u00e7\u00e3o da OAB, durante seu pronunciamento na tribuna<\/figcaption><\/figure>\n<p><strong>OAB NA TRIBUNA LIVRE &#8211;<\/strong> O presidente da 36\u00aa Subse\u00e7\u00e3o da Ordem dos Advogados do Brasil, Paulo S\u00e9rgio Pires do Amaral, pediu espa\u00e7o \u00e0 presid\u00eancia da C\u00e2mara para atender a uma reclama\u00e7\u00e3o da classe advocat\u00edcia.<\/p>\n<p>Segundo ele, o objetivo \u00e9 solicitar a coopera\u00e7\u00e3o das autoridades p\u00fablicas no sentido de que seja dado integral cumprimento ao disposto na Lei Municipal n\u00ba 4.627\/2013, que estabelece tempo m\u00e1ximo de atendimento pelas institui\u00e7\u00f5es banc\u00e1rias, inclusive com a aplica\u00e7\u00e3o de multa. Segundo ele, o descumprimento da lei vem causando transtornos \u00e0 classe de advogados e aos cidad\u00e3os. \u201cO Procon deve atuar e multar aquele estabelecimento que n\u00e3o cumpra o prazo estabelecido em lei municipal\u201d, pede Paulo S\u00e9rgio.<\/p>\n<p>A presidente da C\u00e2mara, vereadora Helena Carvalho, lembrou que o problema \u00e9 antigo e recorrente. Helena Carvalho foi a autora da Lei Municipal n\u00ba 3.184\/2005, que trata do assunto. Em 2013, a lei foi ampliada e reformulada pelos vereadores Helena Carvalho e Sargento Joel em parceria com a C\u00e2mara de Dirigentes Lojistas (CDL), passando a vigorar o novo texto da Lei de n\u00ba 4.627\/13.<\/p>\n<p>Helena Carvalho convocou a Comiss\u00e3o de Defesa do Consumidor para que se re\u00fana e discuta com o Poder Executivo e Procon meios de dar efetivo cumprimento \u00e0 lei e garantir direito dos cidad\u00e3os.<\/p>\n","protected":false},"excerpt":{"rendered":"<p>Os vereadores de Muria\u00e9 aprovaram, na noite de ter\u00e7a-feira (22), em sess\u00e3o ordin\u00e1ria, projetos para a merenda escolar em creches municipais e verba para realiza\u00e7\u00e3o de jogos estudantis e eventos esportivos no munic\u00edpio. No total, s\u00e3o mais de R$150 mil destinados \u00e0 merenda escolar &#8211; sendo R$ 117.511,83 de suplementa\u00e7\u00e3o na Lei Or\u00e7ament\u00e1ria Anual (LOA) &#8230; <a title=\"Vereadores aprovam recursos de mais de R$150 mil para a merenda escolar\" class=\"read-more\" href=\"https:\/\/anoticiaonline.com.br\/site\/vereadores-aprovam-recursos-de-mais-de-r150-mil-para-a-merenda-escolar\/\" aria-label=\"Read more about Vereadores aprovam recursos de mais de R$150 mil para a merenda escolar\">Ler mais<\/a><\/p>\n","protected":false},"author":2,"featured_media":10537,"comment_status":"open","ping_status":"open","sticky":false,"template":"","format":"standard","meta":{"_acf_changed":false,"_monsterinsights_skip_tracking":false,"footnotes":""},"categories":[30],"tags":[3],"class_list":["post-10536","post","type-post","status-publish","format-standard","has-post-thumbnail","hentry","category-muriae","tag-slide"],"acf":[],"aioseo_notices":[],"aioseo_head":"\n\t\t<!-- All in One SEO 5.0.0.1 - aioseo.com -->\n\t<meta name=\"description\" content=\"Os vereadores de Muria\u00e9 aprovaram, na noite de ter\u00e7a-feira (22), em sess\u00e3o ordin\u00e1ria, projetos para a merenda escolar em creches municipais e verba para realiza\u00e7\u00e3o de jogos estudantis e eventos esportivos no munic\u00edpio. No total, s\u00e3o mais de R$150 mil destinados \u00e0 merenda escolar - sendo R$ 117.511,83 de suplementa\u00e7\u00e3o na Lei Or\u00e7ament\u00e1ria Anual (LOA)\" \/>\n\t<meta name=\"robots\" content=\"max-image-preview:large\" \/>\n\t<meta name=\"author\" content=\"Juliana Laviola\"\/>\n\t<link rel=\"canonical\" href=\"https:\/\/anoticiaonline.com.br\/site\/vereadores-aprovam-recursos-de-mais-de-r150-mil-para-a-merenda-escolar\/\" \/>\n\t<meta name=\"generator\" content=\"All in One SEO (AIOSEO) 5.0.0.1\" \/>\n\t\t<meta property=\"og:locale\" content=\"pt_BR\" \/>\n\t\t<meta property=\"og:site_name\" content=\"A Not\u00edcia Online - Noticias de Muria\u00e9 e regi\u00e3o\" \/>\n\t\t<meta property=\"og:type\" content=\"article\" \/>\n\t\t<meta property=\"og:title\" content=\"Vereadores aprovam recursos de mais de R$150 mil para a merenda escolar - A Not\u00edcia Online\" \/>\n\t\t<meta property=\"og:description\" content=\"Os vereadores de Muria\u00e9 aprovaram, na noite de ter\u00e7a-feira (22), em sess\u00e3o ordin\u00e1ria, projetos para a merenda escolar em creches municipais e verba para realiza\u00e7\u00e3o de jogos estudantis e eventos esportivos no munic\u00edpio. No total, s\u00e3o mais de R$150 mil destinados \u00e0 merenda escolar - sendo R$ 117.511,83 de suplementa\u00e7\u00e3o na Lei Or\u00e7ament\u00e1ria Anual (LOA)\" \/>\n\t\t<meta property=\"og:url\" content=\"https:\/\/anoticiaonline.com.br\/site\/vereadores-aprovam-recursos-de-mais-de-r150-mil-para-a-merenda-escolar\/\" \/>\n\t\t<meta property=\"og:image\" content=\"https:\/\/scontent-gig4-1.xx.fbcdn.net\/v\/t39.30808-1\/270437624_4564083193639691_6907940295614233970_n.jpg?stp=dst-jpg_s200x200_tt6&#038;_nc_cat=111&#038;ccb=1-7&#038;_nc_sid=f907e8&#038;_nc_ohc=SM1wRlP3lJwQ7kNvwEPuBYA&#038;_nc_oc=AdnqrjDN_BNjSSHWO-GbkIWH6fkGMLw4bqvL_NH6e2wMveX7G-rP2dAqsDSq1mJMOaY&#038;_nc_zt=24&#038;_nc_ht=scontent-gig4-1.xx&#038;_nc_gid=AoBFJeGrT1hVaew_6rchkQ&#038;oh=00_AfX7QmFGhQhG2jAllVgXCiM1ZrWgvtp80-Bfppyexh1QEg&#038;oe=689E923C\" \/>\n\t\t<meta property=\"og:image:secure_url\" content=\"https:\/\/scontent-gig4-1.xx.fbcdn.net\/v\/t39.30808-1\/270437624_4564083193639691_6907940295614233970_n.jpg?stp=dst-jpg_s200x200_tt6&#038;_nc_cat=111&#038;ccb=1-7&#038;_nc_sid=f907e8&#038;_nc_ohc=SM1wRlP3lJwQ7kNvwEPuBYA&#038;_nc_oc=AdnqrjDN_BNjSSHWO-GbkIWH6fkGMLw4bqvL_NH6e2wMveX7G-rP2dAqsDSq1mJMOaY&#038;_nc_zt=24&#038;_nc_ht=scontent-gig4-1.xx&#038;_nc_gid=AoBFJeGrT1hVaew_6rchkQ&#038;oh=00_AfX7QmFGhQhG2jAllVgXCiM1ZrWgvtp80-Bfppyexh1QEg&#038;oe=689E923C\" \/>\n\t\t<meta property=\"article:published_time\" content=\"2016-03-23T18:38:05+00:00\" \/>\n\t\t<meta property=\"article:modified_time\" content=\"2016-03-23T18:38:05+00:00\" \/>\n\t\t<meta name=\"twitter:card\" content=\"summary_large_image\" \/>\n\t\t<meta name=\"twitter:title\" content=\"Vereadores aprovam recursos de mais de R$150 mil para a merenda escolar - A Not\u00edcia Online\" \/>\n\t\t<meta name=\"twitter:description\" content=\"Os vereadores de Muria\u00e9 aprovaram, na noite de ter\u00e7a-feira (22), em sess\u00e3o ordin\u00e1ria, projetos para a merenda escolar em creches municipais e verba para realiza\u00e7\u00e3o de jogos estudantis e eventos esportivos no munic\u00edpio. No total, s\u00e3o mais de R$150 mil destinados \u00e0 merenda escolar - sendo R$ 117.511,83 de suplementa\u00e7\u00e3o na Lei Or\u00e7ament\u00e1ria Anual (LOA)\" \/>\n\t\t<meta name=\"twitter:image\" content=\"https:\/\/scontent-gig4-1.xx.fbcdn.net\/v\/t39.30808-1\/270437624_4564083193639691_6907940295614233970_n.jpg?stp=dst-jpg_s200x200_tt6&amp;_nc_cat=111&amp;ccb=1-7&amp;_nc_sid=f907e8&amp;_nc_ohc=SM1wRlP3lJwQ7kNvwEPuBYA&amp;_nc_oc=AdnqrjDN_BNjSSHWO-GbkIWH6fkGMLw4bqvL_NH6e2wMveX7G-rP2dAqsDSq1mJMOaY&amp;_nc_zt=24&amp;_nc_ht=scontent-gig4-1.xx&amp;_nc_gid=AoBFJeGrT1hVaew_6rchkQ&amp;oh=00_AfX7QmFGhQhG2jAllVgXCiM1ZrWgvtp80-Bfppyexh1QEg&amp;oe=689E923C\" \/>\n\t\t<script type=\"application\/ld+json\" class=\"aioseo-schema\">\n\t\t\t{\"@context\":\"https:\\\/\\\/schema.org\",\"@graph\":[{\"@type\":\"BlogPosting\",\"@id\":\"https:\\\/\\\/anoticiaonline.com.br\\\/site\\\/vereadores-aprovam-recursos-de-mais-de-r150-mil-para-a-merenda-escolar\\\/#blogposting\",\"name\":\"Vereadores aprovam recursos de mais de R$150 mil para a merenda escolar - A Not\\u00edcia Online\",\"headline\":\"Vereadores aprovam recursos de mais de R$150 mil para a merenda escolar\",\"author\":{\"@id\":\"https:\\\/\\\/anoticiaonline.com.br\\\/site\\\/author\\\/juliana\\\/#author\"},\"publisher\":{\"@id\":\"https:\\\/\\\/anoticiaonline.com.br\\\/site\\\/#organization\"},\"image\":{\"@type\":\"ImageObject\",\"url\":\"https:\\\/\\\/anoticiaonline.com.br\\\/site\\\/wp-content\\\/uploads\\\/2016\\\/03\\\/DSCF3519.jpg\",\"width\":640,\"height\":480},\"datePublished\":\"2016-03-23T15:38:05-03:00\",\"dateModified\":\"2016-03-23T15:38:05-03:00\",\"inLanguage\":\"pt-BR\",\"mainEntityOfPage\":{\"@id\":\"https:\\\/\\\/anoticiaonline.com.br\\\/site\\\/vereadores-aprovam-recursos-de-mais-de-r150-mil-para-a-merenda-escolar\\\/#webpage\"},\"isPartOf\":{\"@id\":\"https:\\\/\\\/anoticiaonline.com.br\\\/site\\\/vereadores-aprovam-recursos-de-mais-de-r150-mil-para-a-merenda-escolar\\\/#webpage\"},\"articleSection\":\"Blog, slide\"},{\"@type\":\"BreadcrumbList\",\"@id\":\"https:\\\/\\\/anoticiaonline.com.br\\\/site\\\/vereadores-aprovam-recursos-de-mais-de-r150-mil-para-a-merenda-escolar\\\/#breadcrumblist\",\"itemListElement\":[{\"@type\":\"ListItem\",\"@id\":\"https:\\\/\\\/anoticiaonline.com.br\\\/site#listItem\",\"position\":1,\"name\":\"Home\",\"item\":\"https:\\\/\\\/anoticiaonline.com.br\\\/site\",\"nextItem\":{\"@type\":\"ListItem\",\"@id\":\"https:\\\/\\\/anoticiaonline.com.br\\\/site\\\/categoria\\\/muriae\\\/#listItem\",\"name\":\"Blog\"}},{\"@type\":\"ListItem\",\"@id\":\"https:\\\/\\\/anoticiaonline.com.br\\\/site\\\/categoria\\\/muriae\\\/#listItem\",\"position\":2,\"name\":\"Blog\",\"item\":\"https:\\\/\\\/anoticiaonline.com.br\\\/site\\\/categoria\\\/muriae\\\/\",\"nextItem\":{\"@type\":\"ListItem\",\"@id\":\"https:\\\/\\\/anoticiaonline.com.br\\\/site\\\/vereadores-aprovam-recursos-de-mais-de-r150-mil-para-a-merenda-escolar\\\/#listItem\",\"name\":\"Vereadores aprovam recursos de mais de R$150 mil para a merenda escolar\"},\"previousItem\":{\"@type\":\"ListItem\",\"@id\":\"https:\\\/\\\/anoticiaonline.com.br\\\/site#listItem\",\"name\":\"Home\"}},{\"@type\":\"ListItem\",\"@id\":\"https:\\\/\\\/anoticiaonline.com.br\\\/site\\\/vereadores-aprovam-recursos-de-mais-de-r150-mil-para-a-merenda-escolar\\\/#listItem\",\"position\":3,\"name\":\"Vereadores aprovam recursos de mais de R$150 mil para a merenda escolar\",\"previousItem\":{\"@type\":\"ListItem\",\"@id\":\"https:\\\/\\\/anoticiaonline.com.br\\\/site\\\/categoria\\\/muriae\\\/#listItem\",\"name\":\"Blog\"}}]},{\"@type\":\"Organization\",\"@id\":\"https:\\\/\\\/anoticiaonline.com.br\\\/site\\\/#organization\",\"name\":\"A Not\\u00edcia Online\",\"description\":\"Noticias de Muria\\u00e9 e regi\\u00e3o\",\"url\":\"https:\\\/\\\/anoticiaonline.com.br\\\/site\\\/\",\"logo\":{\"@type\":\"ImageObject\",\"url\":\"https:\\\/\\\/scontent-gig4-1.xx.fbcdn.net\\\/v\\\/t39.30808-1\\\/270437624_4564083193639691_6907940295614233970_n.jpg?stp=dst-jpg_s200x200_tt6&_nc_cat=111&ccb=1-7&_nc_sid=f907e8&_nc_ohc=SM1wRlP3lJwQ7kNvwEPuBYA&_nc_oc=AdnqrjDN_BNjSSHWO-GbkIWH6fkGMLw4bqvL_NH6e2wMveX7G-rP2dAqsDSq1mJMOaY&_nc_zt=24&_nc_ht=scontent-gig4-1.xx&_nc_gid=AoBFJeGrT1hVaew_6rchkQ&oh=00_AfX7QmFGhQhG2jAllVgXCiM1ZrWgvtp80-Bfppyexh1QEg&oe=689E923C\",\"@id\":\"https:\\\/\\\/anoticiaonline.com.br\\\/site\\\/vereadores-aprovam-recursos-de-mais-de-r150-mil-para-a-merenda-escolar\\\/#organizationLogo\"},\"image\":{\"@id\":\"https:\\\/\\\/anoticiaonline.com.br\\\/site\\\/vereadores-aprovam-recursos-de-mais-de-r150-mil-para-a-merenda-escolar\\\/#organizationLogo\"}},{\"@type\":\"Person\",\"@id\":\"https:\\\/\\\/anoticiaonline.com.br\\\/site\\\/author\\\/juliana\\\/#author\",\"url\":\"https:\\\/\\\/anoticiaonline.com.br\\\/site\\\/author\\\/juliana\\\/\",\"name\":\"Juliana Laviola\",\"image\":{\"@type\":\"ImageObject\",\"@id\":\"https:\\\/\\\/anoticiaonline.com.br\\\/site\\\/vereadores-aprovam-recursos-de-mais-de-r150-mil-para-a-merenda-escolar\\\/#authorImage\",\"url\":\"https:\\\/\\\/secure.gravatar.com\\\/avatar\\\/b8d45f5c699b100dfaf0e543582f38f38bf94cb7ae3a5e9abf8d891a34773335?s=96&d=mm&r=g\",\"width\":96,\"height\":96,\"caption\":\"Juliana Laviola\"}},{\"@type\":\"WebPage\",\"@id\":\"https:\\\/\\\/anoticiaonline.com.br\\\/site\\\/vereadores-aprovam-recursos-de-mais-de-r150-mil-para-a-merenda-escolar\\\/#webpage\",\"url\":\"https:\\\/\\\/anoticiaonline.com.br\\\/site\\\/vereadores-aprovam-recursos-de-mais-de-r150-mil-para-a-merenda-escolar\\\/\",\"name\":\"Vereadores aprovam recursos de mais de R$150 mil para a merenda escolar - A Not\\u00edcia Online\",\"description\":\"Os vereadores de Muria\\u00e9 aprovaram, na noite de ter\\u00e7a-feira (22), em sess\\u00e3o ordin\\u00e1ria, projetos para a merenda escolar em creches municipais e verba para realiza\\u00e7\\u00e3o de jogos estudantis e eventos esportivos no munic\\u00edpio. No total, s\\u00e3o mais de R$150 mil destinados \\u00e0 merenda escolar - sendo R$ 117.511,83 de suplementa\\u00e7\\u00e3o na Lei Or\\u00e7ament\\u00e1ria Anual (LOA)\",\"inLanguage\":\"pt-BR\",\"isPartOf\":{\"@id\":\"https:\\\/\\\/anoticiaonline.com.br\\\/site\\\/#website\"},\"breadcrumb\":{\"@id\":\"https:\\\/\\\/anoticiaonline.com.br\\\/site\\\/vereadores-aprovam-recursos-de-mais-de-r150-mil-para-a-merenda-escolar\\\/#breadcrumblist\"},\"author\":{\"@id\":\"https:\\\/\\\/anoticiaonline.com.br\\\/site\\\/author\\\/juliana\\\/#author\"},\"creator\":{\"@id\":\"https:\\\/\\\/anoticiaonline.com.br\\\/site\\\/author\\\/juliana\\\/#author\"},\"image\":{\"@type\":\"ImageObject\",\"url\":\"https:\\\/\\\/anoticiaonline.com.br\\\/site\\\/wp-content\\\/uploads\\\/2016\\\/03\\\/DSCF3519.jpg\",\"@id\":\"https:\\\/\\\/anoticiaonline.com.br\\\/site\\\/vereadores-aprovam-recursos-de-mais-de-r150-mil-para-a-merenda-escolar\\\/#mainImage\",\"width\":640,\"height\":480},\"primaryImageOfPage\":{\"@id\":\"https:\\\/\\\/anoticiaonline.com.br\\\/site\\\/vereadores-aprovam-recursos-de-mais-de-r150-mil-para-a-merenda-escolar\\\/#mainImage\"},\"datePublished\":\"2016-03-23T15:38:05-03:00\",\"dateModified\":\"2016-03-23T15:38:05-03:00\"},{\"@type\":\"WebSite\",\"@id\":\"https:\\\/\\\/anoticiaonline.com.br\\\/site\\\/#website\",\"url\":\"https:\\\/\\\/anoticiaonline.com.br\\\/site\\\/\",\"name\":\"A Not\\u00edcia Online\",\"description\":\"Noticias de Muria\\u00e9 e regi\\u00e3o\",\"inLanguage\":\"pt-BR\",\"publisher\":{\"@id\":\"https:\\\/\\\/anoticiaonline.com.br\\\/site\\\/#organization\"}}]}\n\t\t<\/script>\n\t\t<!-- All in One SEO -->\n\n","aioseo_head_json":{"title":"Vereadores aprovam recursos de mais de R$150 mil para a merenda escolar - A Not\u00edcia Online","description":"Os vereadores de Muria\u00e9 aprovaram, na noite de ter\u00e7a-feira (22), em sess\u00e3o ordin\u00e1ria, projetos para a merenda escolar em creches municipais e verba para realiza\u00e7\u00e3o de jogos estudantis e eventos esportivos no munic\u00edpio. No total, s\u00e3o mais de R$150 mil destinados \u00e0 merenda escolar - sendo R$ 117.511,83 de suplementa\u00e7\u00e3o na Lei Or\u00e7ament\u00e1ria Anual (LOA)","canonical_url":"https:\/\/anoticiaonline.com.br\/site\/vereadores-aprovam-recursos-de-mais-de-r150-mil-para-a-merenda-escolar\/","robots":"max-image-preview:large","keywords":"","webmasterTools":{"miscellaneous":""},"schema":{"@context":"https:\/\/schema.org","@graph":[{"@type":"BlogPosting","@id":"https:\/\/anoticiaonline.com.br\/site\/vereadores-aprovam-recursos-de-mais-de-r150-mil-para-a-merenda-escolar\/#blogposting","name":"Vereadores aprovam recursos de mais de R$150 mil para a merenda escolar - A Not\u00edcia Online","headline":"Vereadores aprovam recursos de mais de R$150 mil para a merenda escolar","author":{"@id":"https:\/\/anoticiaonline.com.br\/site\/author\/juliana\/#author"},"publisher":{"@id":"https:\/\/anoticiaonline.com.br\/site\/#organization"},"image":{"@type":"ImageObject","url":"https:\/\/anoticiaonline.com.br\/site\/wp-content\/uploads\/2016\/03\/DSCF3519.jpg","width":640,"height":480},"datePublished":"2016-03-23T15:38:05-03:00","dateModified":"2016-03-23T15:38:05-03:00","inLanguage":"pt-BR","mainEntityOfPage":{"@id":"https:\/\/anoticiaonline.com.br\/site\/vereadores-aprovam-recursos-de-mais-de-r150-mil-para-a-merenda-escolar\/#webpage"},"isPartOf":{"@id":"https:\/\/anoticiaonline.com.br\/site\/vereadores-aprovam-recursos-de-mais-de-r150-mil-para-a-merenda-escolar\/#webpage"},"articleSection":"Blog, slide"},{"@type":"BreadcrumbList","@id":"https:\/\/anoticiaonline.com.br\/site\/vereadores-aprovam-recursos-de-mais-de-r150-mil-para-a-merenda-escolar\/#breadcrumblist","itemListElement":[{"@type":"ListItem","@id":"https:\/\/anoticiaonline.com.br\/site#listItem","position":1,"name":"Home","item":"https:\/\/anoticiaonline.com.br\/site","nextItem":{"@type":"ListItem","@id":"https:\/\/anoticiaonline.com.br\/site\/categoria\/muriae\/#listItem","name":"Blog"}},{"@type":"ListItem","@id":"https:\/\/anoticiaonline.com.br\/site\/categoria\/muriae\/#listItem","position":2,"name":"Blog","item":"https:\/\/anoticiaonline.com.br\/site\/categoria\/muriae\/","nextItem":{"@type":"ListItem","@id":"https:\/\/anoticiaonline.com.br\/site\/vereadores-aprovam-recursos-de-mais-de-r150-mil-para-a-merenda-escolar\/#listItem","name":"Vereadores aprovam recursos de mais de R$150 mil para a merenda escolar"},"previousItem":{"@type":"ListItem","@id":"https:\/\/anoticiaonline.com.br\/site#listItem","name":"Home"}},{"@type":"ListItem","@id":"https:\/\/anoticiaonline.com.br\/site\/vereadores-aprovam-recursos-de-mais-de-r150-mil-para-a-merenda-escolar\/#listItem","position":3,"name":"Vereadores aprovam recursos de mais de R$150 mil para a merenda escolar","previousItem":{"@type":"ListItem","@id":"https:\/\/anoticiaonline.com.br\/site\/categoria\/muriae\/#listItem","name":"Blog"}}]},{"@type":"Organization","@id":"https:\/\/anoticiaonline.com.br\/site\/#organization","name":"A Not\u00edcia Online","description":"Noticias de Muria\u00e9 e regi\u00e3o","url":"https:\/\/anoticiaonline.com.br\/site\/","logo":{"@type":"ImageObject","url":"https:\/\/scontent-gig4-1.xx.fbcdn.net\/v\/t39.30808-1\/270437624_4564083193639691_6907940295614233970_n.jpg?stp=dst-jpg_s200x200_tt6&_nc_cat=111&ccb=1-7&_nc_sid=f907e8&_nc_ohc=SM1wRlP3lJwQ7kNvwEPuBYA&_nc_oc=AdnqrjDN_BNjSSHWO-GbkIWH6fkGMLw4bqvL_NH6e2wMveX7G-rP2dAqsDSq1mJMOaY&_nc_zt=24&_nc_ht=scontent-gig4-1.xx&_nc_gid=AoBFJeGrT1hVaew_6rchkQ&oh=00_AfX7QmFGhQhG2jAllVgXCiM1ZrWgvtp80-Bfppyexh1QEg&oe=689E923C","@id":"https:\/\/anoticiaonline.com.br\/site\/vereadores-aprovam-recursos-de-mais-de-r150-mil-para-a-merenda-escolar\/#organizationLogo"},"image":{"@id":"https:\/\/anoticiaonline.com.br\/site\/vereadores-aprovam-recursos-de-mais-de-r150-mil-para-a-merenda-escolar\/#organizationLogo"}},{"@type":"Person","@id":"https:\/\/anoticiaonline.com.br\/site\/author\/juliana\/#author","url":"https:\/\/anoticiaonline.com.br\/site\/author\/juliana\/","name":"Juliana Laviola","image":{"@type":"ImageObject","@id":"https:\/\/anoticiaonline.com.br\/site\/vereadores-aprovam-recursos-de-mais-de-r150-mil-para-a-merenda-escolar\/#authorImage","url":"https:\/\/secure.gravatar.com\/avatar\/b8d45f5c699b100dfaf0e543582f38f38bf94cb7ae3a5e9abf8d891a34773335?s=96&d=mm&r=g","width":96,"height":96,"caption":"Juliana Laviola"}},{"@type":"WebPage","@id":"https:\/\/anoticiaonline.com.br\/site\/vereadores-aprovam-recursos-de-mais-de-r150-mil-para-a-merenda-escolar\/#webpage","url":"https:\/\/anoticiaonline.com.br\/site\/vereadores-aprovam-recursos-de-mais-de-r150-mil-para-a-merenda-escolar\/","name":"Vereadores aprovam recursos de mais de R$150 mil para a merenda escolar - A Not\u00edcia Online","description":"Os vereadores de Muria\u00e9 aprovaram, na noite de ter\u00e7a-feira (22), em sess\u00e3o ordin\u00e1ria, projetos para a merenda escolar em creches municipais e verba para realiza\u00e7\u00e3o de jogos estudantis e eventos esportivos no munic\u00edpio. No total, s\u00e3o mais de R$150 mil destinados \u00e0 merenda escolar - sendo R$ 117.511,83 de suplementa\u00e7\u00e3o na Lei Or\u00e7ament\u00e1ria Anual (LOA)","inLanguage":"pt-BR","isPartOf":{"@id":"https:\/\/anoticiaonline.com.br\/site\/#website"},"breadcrumb":{"@id":"https:\/\/anoticiaonline.com.br\/site\/vereadores-aprovam-recursos-de-mais-de-r150-mil-para-a-merenda-escolar\/#breadcrumblist"},"author":{"@id":"https:\/\/anoticiaonline.com.br\/site\/author\/juliana\/#author"},"creator":{"@id":"https:\/\/anoticiaonline.com.br\/site\/author\/juliana\/#author"},"image":{"@type":"ImageObject","url":"https:\/\/anoticiaonline.com.br\/site\/wp-content\/uploads\/2016\/03\/DSCF3519.jpg","@id":"https:\/\/anoticiaonline.com.br\/site\/vereadores-aprovam-recursos-de-mais-de-r150-mil-para-a-merenda-escolar\/#mainImage","width":640,"height":480},"primaryImageOfPage":{"@id":"https:\/\/anoticiaonline.com.br\/site\/vereadores-aprovam-recursos-de-mais-de-r150-mil-para-a-merenda-escolar\/#mainImage"},"datePublished":"2016-03-23T15:38:05-03:00","dateModified":"2016-03-23T15:38:05-03:00"},{"@type":"WebSite","@id":"https:\/\/anoticiaonline.com.br\/site\/#website","url":"https:\/\/anoticiaonline.com.br\/site\/","name":"A Not\u00edcia Online","description":"Noticias de Muria\u00e9 e regi\u00e3o","inLanguage":"pt-BR","publisher":{"@id":"https:\/\/anoticiaonline.com.br\/site\/#organization"}}]},"og:locale":"pt_BR","og:site_name":"A Not\u00edcia Online - Noticias de Muria\u00e9 e regi\u00e3o","og:type":"article","og:title":"Vereadores aprovam recursos de mais de R$150 mil para a merenda escolar - A Not\u00edcia Online","og:description":"Os vereadores de Muria\u00e9 aprovaram, na noite de ter\u00e7a-feira (22), em sess\u00e3o ordin\u00e1ria, projetos para a merenda escolar em creches municipais e verba para realiza\u00e7\u00e3o de jogos estudantis e eventos esportivos no munic\u00edpio. No total, s\u00e3o mais de R$150 mil destinados \u00e0 merenda escolar - sendo R$ 117.511,83 de suplementa\u00e7\u00e3o na Lei Or\u00e7ament\u00e1ria Anual (LOA)","og:url":"https:\/\/anoticiaonline.com.br\/site\/vereadores-aprovam-recursos-de-mais-de-r150-mil-para-a-merenda-escolar\/","og:image":"https:\/\/scontent-gig4-1.xx.fbcdn.net\/v\/t39.30808-1\/270437624_4564083193639691_6907940295614233970_n.jpg?stp=dst-jpg_s200x200_tt6&#038;_nc_cat=111&#038;ccb=1-7&#038;_nc_sid=f907e8&#038;_nc_ohc=SM1wRlP3lJwQ7kNvwEPuBYA&#038;_nc_oc=AdnqrjDN_BNjSSHWO-GbkIWH6fkGMLw4bqvL_NH6e2wMveX7G-rP2dAqsDSq1mJMOaY&#038;_nc_zt=24&#038;_nc_ht=scontent-gig4-1.xx&#038;_nc_gid=AoBFJeGrT1hVaew_6rchkQ&#038;oh=00_AfX7QmFGhQhG2jAllVgXCiM1ZrWgvtp80-Bfppyexh1QEg&#038;oe=689E923C","og:image:secure_url":"https:\/\/scontent-gig4-1.xx.fbcdn.net\/v\/t39.30808-1\/270437624_4564083193639691_6907940295614233970_n.jpg?stp=dst-jpg_s200x200_tt6&#038;_nc_cat=111&#038;ccb=1-7&#038;_nc_sid=f907e8&#038;_nc_ohc=SM1wRlP3lJwQ7kNvwEPuBYA&#038;_nc_oc=AdnqrjDN_BNjSSHWO-GbkIWH6fkGMLw4bqvL_NH6e2wMveX7G-rP2dAqsDSq1mJMOaY&#038;_nc_zt=24&#038;_nc_ht=scontent-gig4-1.xx&#038;_nc_gid=AoBFJeGrT1hVaew_6rchkQ&#038;oh=00_AfX7QmFGhQhG2jAllVgXCiM1ZrWgvtp80-Bfppyexh1QEg&#038;oe=689E923C","article:published_time":"2016-03-23T18:38:05+00:00","article:modified_time":"2016-03-23T18:38:05+00:00","twitter:card":"summary_large_image","twitter:title":"Vereadores aprovam recursos de mais de R$150 mil para a merenda escolar - A Not\u00edcia Online","twitter:description":"Os vereadores de Muria\u00e9 aprovaram, na noite de ter\u00e7a-feira (22), em sess\u00e3o ordin\u00e1ria, projetos para a merenda escolar em creches municipais e verba para realiza\u00e7\u00e3o de jogos estudantis e eventos esportivos no munic\u00edpio. No total, s\u00e3o mais de R$150 mil destinados \u00e0 merenda escolar - sendo R$ 117.511,83 de suplementa\u00e7\u00e3o na Lei Or\u00e7ament\u00e1ria Anual (LOA)","twitter:image":"https:\/\/scontent-gig4-1.xx.fbcdn.net\/v\/t39.30808-1\/270437624_4564083193639691_6907940295614233970_n.jpg?stp=dst-jpg_s200x200_tt6&_nc_cat=111&ccb=1-7&_nc_sid=f907e8&_nc_ohc=SM1wRlP3lJwQ7kNvwEPuBYA&_nc_oc=AdnqrjDN_BNjSSHWO-GbkIWH6fkGMLw4bqvL_NH6e2wMveX7G-rP2dAqsDSq1mJMOaY&_nc_zt=24&_nc_ht=scontent-gig4-1.xx&_nc_gid=AoBFJeGrT1hVaew_6rchkQ&oh=00_AfX7QmFGhQhG2jAllVgXCiM1ZrWgvtp80-Bfppyexh1QEg&oe=689E923C"},"aioseo_meta_data":{"post_id":"10536","title":null,"description":null,"keywords":null,"keyphrases":null,"primary_term":null,"canonical_url":null,"og_title":null,"og_description":null,"og_object_type":"default","og_image_type":"default","og_image_url":null,"og_image_width":null,"og_image_height":null,"og_image_custom_url":null,"og_image_custom_fields":null,"og_video":null,"og_custom_url":null,"og_article_section":null,"og_article_tags":null,"twitter_use_og":false,"twitter_card":"default","twitter_image_type":"default","twitter_image_url":null,"twitter_image_custom_url":null,"twitter_image_custom_fields":null,"twitter_title":null,"twitter_description":null,"schema":{"blockGraphs":[],"customGraphs":[],"default":{"data":{"Article":[],"Course":[],"Dataset":[],"FAQPage":[],"Movie":[],"Person":[],"Product":[],"ProductReview":[],"Car":[],"Recipe":[],"Service":[],"SoftwareApplication":[],"WebPage":[]},"graphName":"","isEnabled":true},"graphs":[]},"schema_type":"default","schema_type_options":null,"pillar_content":false,"robots_default":true,"robots_noindex":false,"robots_noarchive":false,"robots_nosnippet":false,"robots_nofollow":false,"robots_noimageindex":false,"robots_noodp":false,"robots_notranslate":false,"robots_max_snippet":null,"robots_max_videopreview":null,"robots_max_imagepreview":"large","priority":null,"frequency":null,"local_seo":null,"breadcrumb_settings":null,"limit_modified_date":false,"ai":null,"created":"2025-08-16 15:38:29","updated":"2025-08-16 15:38:29","focus_keyword":null,"additional_keywords":null,"truseo_locale":null,"seo_analyzer_scan_date":null},"aioseo_breadcrumb":"<div class=\"aioseo-breadcrumbs\"><span class=\"aioseo-breadcrumb\">\n\t\t\t<a href=\"https:\/\/anoticiaonline.com.br\/site\" title=\"Home\">Home<\/a>\n\t\t<\/span><span class=\"aioseo-breadcrumb-separator\">&raquo;<\/span><span class=\"aioseo-breadcrumb\">\n\t\t\t<a href=\"https:\/\/anoticiaonline.com.br\/site\/categoria\/muriae\/\" title=\"Blog\">Blog<\/a>\n\t\t<\/span><span class=\"aioseo-breadcrumb-separator\">&raquo;<\/span><span class=\"aioseo-breadcrumb\">\n\t\t\tVereadores aprovam recursos de mais de R$150 mil para a merenda escolar\n\t\t<\/span><\/div>","aioseo_breadcrumb_json":[{"label":"Home","link":"https:\/\/anoticiaonline.com.br\/site"},{"label":"Blog","link":"https:\/\/anoticiaonline.com.br\/site\/categoria\/muriae\/"},{"label":"Vereadores aprovam recursos de mais de R$150 mil para a merenda escolar","link":"https:\/\/anoticiaonline.com.br\/site\/vereadores-aprovam-recursos-de-mais-de-r150-mil-para-a-merenda-escolar\/"}],"views":129,"_links":{"self":[{"href":"https:\/\/anoticiaonline.com.br\/site\/wp-json\/wp\/v2\/posts\/10536","targetHints":{"allow":["GET"]}}],"collection":[{"href":"https:\/\/anoticiaonline.com.br\/site\/wp-json\/wp\/v2\/posts"}],"about":[{"href":"https:\/\/anoticiaonline.com.br\/site\/wp-json\/wp\/v2\/types\/post"}],"author":[{"embeddable":true,"href":"https:\/\/anoticiaonline.com.br\/site\/wp-json\/wp\/v2\/users\/2"}],"replies":[{"embeddable":true,"href":"https:\/\/anoticiaonline.com.br\/site\/wp-json\/wp\/v2\/comments?post=10536"}],"version-history":[{"count":0,"href":"https:\/\/anoticiaonline.com.br\/site\/wp-json\/wp\/v2\/posts\/10536\/revisions"}],"wp:featuredmedia":[{"embeddable":true,"href":"https:\/\/anoticiaonline.com.br\/site\/wp-json\/wp\/v2\/media\/10537"}],"wp:attachment":[{"href":"https:\/\/anoticiaonline.com.br\/site\/wp-json\/wp\/v2\/media?parent=10536"}],"wp:term":[{"taxonomy":"category","embeddable":true,"href":"https:\/\/anoticiaonline.com.br\/site\/wp-json\/wp\/v2\/categories?post=10536"},{"taxonomy":"post_tag","embeddable":true,"href":"https:\/\/anoticiaonline.com.br\/site\/wp-json\/wp\/v2\/tags?post=10536"}],"curies":[{"name":"wp","href":"https:\/\/api.w.org\/{rel}","templated":true}]}}