{"id":10530,"date":"2016-03-23T14:47:35","date_gmt":"2016-03-23T17:47:35","guid":{"rendered":"http:\/\/anoticiaonline.com.br\/site\/?p=10530"},"modified":"2016-03-24T09:55:13","modified_gmt":"2016-03-24T12:55:13","slug":"deputado-braulio-braz-recebe-comenda-ambiental-estancia-hidromineral-de-sao-lourenco","status":"publish","type":"post","link":"https:\/\/anoticiaonline.com.br\/site\/deputado-braulio-braz-recebe-comenda-ambiental-estancia-hidromineral-de-sao-lourenco\/","title":{"rendered":"Deputado Braulio Braz recebe \u201cComenda Ambiental Est\u00e2ncia Hidromineral de S\u00e3o Louren\u00e7o\u201d"},"content":{"rendered":"<p><a href=\"https:\/\/anoticiaonline.com.br\/site\/wp-content\/uploads\/2016\/03\/Deputado-Braulio-Braz-recebe-\u201cComenda-Ambiental-Est\u00e2ncia-Hidromineral-de-S\u00e3o-Louren\u00e7o\u201d.jpg\"><img fetchpriority=\"high\" decoding=\"async\" class=\"  wp-image-10531 alignleft\" src=\"https:\/\/anoticiaonline.com.br\/site\/wp-content\/uploads\/2016\/03\/Deputado-Braulio-Braz-recebe-\u201cComenda-Ambiental-Est\u00e2ncia-Hidromineral-de-S\u00e3o-Louren\u00e7o\u201d-300x225.jpg\" alt=\"Deputado Braulio Braz recebe \u201cComenda Ambiental Est\u00e2ncia Hidromineral de S\u00e3o Louren\u00e7o\u201d\" width=\"381\" height=\"286\" srcset=\"https:\/\/anoticiaonline.com.br\/site\/wp-content\/uploads\/2016\/03\/Deputado-Braulio-Braz-recebe-\u201cComenda-Ambiental-Est\u00e2ncia-Hidromineral-de-S\u00e3o-Louren\u00e7o\u201d-300x225.jpg 300w, https:\/\/anoticiaonline.com.br\/site\/wp-content\/uploads\/2016\/03\/Deputado-Braulio-Braz-recebe-\u201cComenda-Ambiental-Est\u00e2ncia-Hidromineral-de-S\u00e3o-Louren\u00e7o\u201d.jpg 640w\" sizes=\"(max-width: 381px) 100vw, 381px\" \/><\/a>O deputado estadual Braulio Braz foi agraciado com a \u201cComenda Ambiental Est\u00e2ncia Hidromineral de S\u00e3o Louren\u00e7o\u201d, destinada a homenagear personalidades que se destacam em prol do meio ambiente, do turismo, do desenvolvimento socioecon\u00f4mico e da cultura. O evento, realizado em S\u00e3o Louren\u00e7o (Sul de Minas), no domingo (20), tamb\u00e9m teve por objetivo comemorar o Dia da \u00c1gua e exaltar as riquezas h\u00eddricas do munic\u00edpio.<\/p>\n<p>Durante o seu pronunciamento, o deputado Braulio Braz destacou que, \u201cao cuidarmos da \u00e1gua estamos fortalecendo a nossa pol\u00edtica ambiental e visando o desenvolvimento\u201d. \u201cS\u00e3o Louren\u00e7o \u00e9 o lugar ideal para refletirmos sobre os desafios da crise h\u00eddrica e a constru\u00e7\u00e3o da sustentabilidade, sempre buscando a promo\u00e7\u00e3o do uso racional e sustent\u00e1vel dos recursos h\u00eddricos e reconhecendo o valor daqueles que lutam contra a degrada\u00e7\u00e3o dos mananciais e defendem a qualidade desse l\u00edquido t\u00e3o precioso que \u00e9 a \u00e1gua\u201d, salienta.<\/p>\n<p>Na ocasi\u00e3o, o deputado federal Renzo Braz, que representa a Zona da Mata mineira junto ao deputado Estadual Braulio Braz, tamb\u00e9m foi condecorado.<\/p>\n<p>Vale destacar que S\u00e3o Louren\u00e7o \u00e9 um dos pontos tur\u00edsticos do Circuito da \u00c1guas, que tamb\u00e9m abrange Cambuquira, Lambari e Caxambu. A regi\u00e3o \u00e9 reconhecida pelo clima ameno, pela riqueza ambiental, com vegeta\u00e7\u00e3o t\u00edpica da Mata Atl\u00e2ntica e, principalmente, pelas est\u00e2ncias hidrominerais que atraem turistas ao longo de todo o ano.<\/p>\n","protected":false},"excerpt":{"rendered":"<p>O deputado estadual Braulio Braz foi agraciado com a \u201cComenda Ambiental Est\u00e2ncia Hidromineral de S\u00e3o Louren\u00e7o\u201d, destinada a homenagear personalidades que se destacam em prol do meio ambiente, do turismo, do desenvolvimento socioecon\u00f4mico e da cultura. O evento, realizado em S\u00e3o Louren\u00e7o (Sul de Minas), no domingo (20), tamb\u00e9m teve por objetivo comemorar o Dia &#8230; <a title=\"Deputado Braulio Braz recebe \u201cComenda Ambiental Est\u00e2ncia Hidromineral de S\u00e3o Louren\u00e7o\u201d\" class=\"read-more\" href=\"https:\/\/anoticiaonline.com.br\/site\/deputado-braulio-braz-recebe-comenda-ambiental-estancia-hidromineral-de-sao-lourenco\/\" aria-label=\"Read more about Deputado Braulio Braz recebe \u201cComenda Ambiental Est\u00e2ncia Hidromineral de S\u00e3o Louren\u00e7o\u201d\">Ler mais<\/a><\/p>\n","protected":false},"author":2,"featured_media":10531,"comment_status":"open","ping_status":"open","sticky":false,"template":"","format":"standard","meta":{"_acf_changed":false,"_monsterinsights_skip_tracking":false,"footnotes":""},"categories":[1],"tags":[3],"class_list":["post-10530","post","type-post","status-publish","format-standard","has-post-thumbnail","hentry","category-gerais","tag-slide"],"acf":[],"aioseo_notices":[],"aioseo_head":"\n\t\t<!-- All in One SEO 5.0.0.1 - aioseo.com -->\n\t<meta name=\"description\" content=\"O deputado estadual Braulio Braz foi agraciado com a \u201cComenda Ambiental Est\u00e2ncia Hidromineral de S\u00e3o Louren\u00e7o\u201d, destinada a homenagear personalidades que se destacam em prol do meio ambiente, do turismo, do desenvolvimento socioecon\u00f4mico e da cultura. O evento, realizado em S\u00e3o Louren\u00e7o (Sul de Minas), no domingo (20), tamb\u00e9m teve por objetivo comemorar o Dia\" \/>\n\t<meta name=\"robots\" content=\"max-image-preview:large\" \/>\n\t<meta name=\"author\" content=\"Juliana Laviola\"\/>\n\t<link rel=\"canonical\" href=\"https:\/\/anoticiaonline.com.br\/site\/deputado-braulio-braz-recebe-comenda-ambiental-estancia-hidromineral-de-sao-lourenco\/\" \/>\n\t<meta name=\"generator\" content=\"All in One SEO (AIOSEO) 5.0.0.1\" \/>\n\t\t<meta property=\"og:locale\" content=\"pt_BR\" \/>\n\t\t<meta property=\"og:site_name\" content=\"A Not\u00edcia Online - Noticias de Muria\u00e9 e regi\u00e3o\" \/>\n\t\t<meta property=\"og:type\" content=\"article\" \/>\n\t\t<meta property=\"og:title\" content=\"Deputado Braulio Braz recebe \u201cComenda Ambiental Est\u00e2ncia Hidromineral de S\u00e3o Louren\u00e7o\u201d - A Not\u00edcia Online\" \/>\n\t\t<meta property=\"og:description\" content=\"O deputado estadual Braulio Braz foi agraciado com a \u201cComenda Ambiental Est\u00e2ncia Hidromineral de S\u00e3o Louren\u00e7o\u201d, destinada a homenagear personalidades que se destacam em prol do meio ambiente, do turismo, do desenvolvimento socioecon\u00f4mico e da cultura. O evento, realizado em S\u00e3o Louren\u00e7o (Sul de Minas), no domingo (20), tamb\u00e9m teve por objetivo comemorar o Dia\" \/>\n\t\t<meta property=\"og:url\" content=\"https:\/\/anoticiaonline.com.br\/site\/deputado-braulio-braz-recebe-comenda-ambiental-estancia-hidromineral-de-sao-lourenco\/\" \/>\n\t\t<meta property=\"og:image\" content=\"https:\/\/scontent-gig4-1.xx.fbcdn.net\/v\/t39.30808-1\/270437624_4564083193639691_6907940295614233970_n.jpg?stp=dst-jpg_s200x200_tt6&#038;_nc_cat=111&#038;ccb=1-7&#038;_nc_sid=f907e8&#038;_nc_ohc=SM1wRlP3lJwQ7kNvwEPuBYA&#038;_nc_oc=AdnqrjDN_BNjSSHWO-GbkIWH6fkGMLw4bqvL_NH6e2wMveX7G-rP2dAqsDSq1mJMOaY&#038;_nc_zt=24&#038;_nc_ht=scontent-gig4-1.xx&#038;_nc_gid=AoBFJeGrT1hVaew_6rchkQ&#038;oh=00_AfX7QmFGhQhG2jAllVgXCiM1ZrWgvtp80-Bfppyexh1QEg&#038;oe=689E923C\" \/>\n\t\t<meta property=\"og:image:secure_url\" content=\"https:\/\/scontent-gig4-1.xx.fbcdn.net\/v\/t39.30808-1\/270437624_4564083193639691_6907940295614233970_n.jpg?stp=dst-jpg_s200x200_tt6&#038;_nc_cat=111&#038;ccb=1-7&#038;_nc_sid=f907e8&#038;_nc_ohc=SM1wRlP3lJwQ7kNvwEPuBYA&#038;_nc_oc=AdnqrjDN_BNjSSHWO-GbkIWH6fkGMLw4bqvL_NH6e2wMveX7G-rP2dAqsDSq1mJMOaY&#038;_nc_zt=24&#038;_nc_ht=scontent-gig4-1.xx&#038;_nc_gid=AoBFJeGrT1hVaew_6rchkQ&#038;oh=00_AfX7QmFGhQhG2jAllVgXCiM1ZrWgvtp80-Bfppyexh1QEg&#038;oe=689E923C\" \/>\n\t\t<meta property=\"article:published_time\" content=\"2016-03-23T17:47:35+00:00\" \/>\n\t\t<meta property=\"article:modified_time\" content=\"2016-03-24T12:55:13+00:00\" \/>\n\t\t<meta name=\"twitter:card\" content=\"summary_large_image\" \/>\n\t\t<meta name=\"twitter:title\" content=\"Deputado Braulio Braz recebe \u201cComenda Ambiental Est\u00e2ncia Hidromineral de S\u00e3o Louren\u00e7o\u201d - A Not\u00edcia Online\" \/>\n\t\t<meta name=\"twitter:description\" content=\"O deputado estadual Braulio Braz foi agraciado com a \u201cComenda Ambiental Est\u00e2ncia Hidromineral de S\u00e3o Louren\u00e7o\u201d, destinada a homenagear personalidades que se destacam em prol do meio ambiente, do turismo, do desenvolvimento socioecon\u00f4mico e da cultura. O evento, realizado em S\u00e3o Louren\u00e7o (Sul de Minas), no domingo (20), tamb\u00e9m teve por objetivo comemorar o Dia\" \/>\n\t\t<meta name=\"twitter:image\" content=\"https:\/\/scontent-gig4-1.xx.fbcdn.net\/v\/t39.30808-1\/270437624_4564083193639691_6907940295614233970_n.jpg?stp=dst-jpg_s200x200_tt6&amp;_nc_cat=111&amp;ccb=1-7&amp;_nc_sid=f907e8&amp;_nc_ohc=SM1wRlP3lJwQ7kNvwEPuBYA&amp;_nc_oc=AdnqrjDN_BNjSSHWO-GbkIWH6fkGMLw4bqvL_NH6e2wMveX7G-rP2dAqsDSq1mJMOaY&amp;_nc_zt=24&amp;_nc_ht=scontent-gig4-1.xx&amp;_nc_gid=AoBFJeGrT1hVaew_6rchkQ&amp;oh=00_AfX7QmFGhQhG2jAllVgXCiM1ZrWgvtp80-Bfppyexh1QEg&amp;oe=689E923C\" \/>\n\t\t<script type=\"application\/ld+json\" class=\"aioseo-schema\">\n\t\t\t{\"@context\":\"https:\\\/\\\/schema.org\",\"@graph\":[{\"@type\":\"BlogPosting\",\"@id\":\"https:\\\/\\\/anoticiaonline.com.br\\\/site\\\/deputado-braulio-braz-recebe-comenda-ambiental-estancia-hidromineral-de-sao-lourenco\\\/#blogposting\",\"name\":\"Deputado Braulio Braz recebe \\u201cComenda Ambiental Est\\u00e2ncia Hidromineral de S\\u00e3o Louren\\u00e7o\\u201d - A Not\\u00edcia Online\",\"headline\":\"Deputado Braulio Braz recebe \\u201cComenda Ambiental Est\\u00e2ncia Hidromineral de S\\u00e3o Louren\\u00e7o\\u201d\",\"author\":{\"@id\":\"https:\\\/\\\/anoticiaonline.com.br\\\/site\\\/author\\\/juliana\\\/#author\"},\"publisher\":{\"@id\":\"https:\\\/\\\/anoticiaonline.com.br\\\/site\\\/#organization\"},\"image\":{\"@type\":\"ImageObject\",\"url\":\"https:\\\/\\\/anoticiaonline.com.br\\\/site\\\/wp-content\\\/uploads\\\/2016\\\/03\\\/Deputado-Braulio-Braz-recebe-\\u201cComenda-Ambiental-Est\\u00e2ncia-Hidromineral-de-S\\u00e3o-Louren\\u00e7o\\u201d.jpg\",\"width\":640,\"height\":480},\"datePublished\":\"2016-03-23T14:47:35-03:00\",\"dateModified\":\"2016-03-24T09:55:13-03:00\",\"inLanguage\":\"pt-BR\",\"mainEntityOfPage\":{\"@id\":\"https:\\\/\\\/anoticiaonline.com.br\\\/site\\\/deputado-braulio-braz-recebe-comenda-ambiental-estancia-hidromineral-de-sao-lourenco\\\/#webpage\"},\"isPartOf\":{\"@id\":\"https:\\\/\\\/anoticiaonline.com.br\\\/site\\\/deputado-braulio-braz-recebe-comenda-ambiental-estancia-hidromineral-de-sao-lourenco\\\/#webpage\"},\"articleSection\":\"Gerais, slide\"},{\"@type\":\"BreadcrumbList\",\"@id\":\"https:\\\/\\\/anoticiaonline.com.br\\\/site\\\/deputado-braulio-braz-recebe-comenda-ambiental-estancia-hidromineral-de-sao-lourenco\\\/#breadcrumblist\",\"itemListElement\":[{\"@type\":\"ListItem\",\"@id\":\"https:\\\/\\\/anoticiaonline.com.br\\\/site#listItem\",\"position\":1,\"name\":\"Home\",\"item\":\"https:\\\/\\\/anoticiaonline.com.br\\\/site\",\"nextItem\":{\"@type\":\"ListItem\",\"@id\":\"https:\\\/\\\/anoticiaonline.com.br\\\/site\\\/categoria\\\/gerais\\\/#listItem\",\"name\":\"Gerais\"}},{\"@type\":\"ListItem\",\"@id\":\"https:\\\/\\\/anoticiaonline.com.br\\\/site\\\/categoria\\\/gerais\\\/#listItem\",\"position\":2,\"name\":\"Gerais\",\"item\":\"https:\\\/\\\/anoticiaonline.com.br\\\/site\\\/categoria\\\/gerais\\\/\",\"nextItem\":{\"@type\":\"ListItem\",\"@id\":\"https:\\\/\\\/anoticiaonline.com.br\\\/site\\\/deputado-braulio-braz-recebe-comenda-ambiental-estancia-hidromineral-de-sao-lourenco\\\/#listItem\",\"name\":\"Deputado Braulio Braz recebe \\u201cComenda Ambiental Est\\u00e2ncia Hidromineral de S\\u00e3o Louren\\u00e7o\\u201d\"},\"previousItem\":{\"@type\":\"ListItem\",\"@id\":\"https:\\\/\\\/anoticiaonline.com.br\\\/site#listItem\",\"name\":\"Home\"}},{\"@type\":\"ListItem\",\"@id\":\"https:\\\/\\\/anoticiaonline.com.br\\\/site\\\/deputado-braulio-braz-recebe-comenda-ambiental-estancia-hidromineral-de-sao-lourenco\\\/#listItem\",\"position\":3,\"name\":\"Deputado Braulio Braz recebe \\u201cComenda Ambiental Est\\u00e2ncia Hidromineral de S\\u00e3o Louren\\u00e7o\\u201d\",\"previousItem\":{\"@type\":\"ListItem\",\"@id\":\"https:\\\/\\\/anoticiaonline.com.br\\\/site\\\/categoria\\\/gerais\\\/#listItem\",\"name\":\"Gerais\"}}]},{\"@type\":\"Organization\",\"@id\":\"https:\\\/\\\/anoticiaonline.com.br\\\/site\\\/#organization\",\"name\":\"A Not\\u00edcia Online\",\"description\":\"Noticias de Muria\\u00e9 e regi\\u00e3o\",\"url\":\"https:\\\/\\\/anoticiaonline.com.br\\\/site\\\/\",\"logo\":{\"@type\":\"ImageObject\",\"url\":\"https:\\\/\\\/scontent-gig4-1.xx.fbcdn.net\\\/v\\\/t39.30808-1\\\/270437624_4564083193639691_6907940295614233970_n.jpg?stp=dst-jpg_s200x200_tt6&_nc_cat=111&ccb=1-7&_nc_sid=f907e8&_nc_ohc=SM1wRlP3lJwQ7kNvwEPuBYA&_nc_oc=AdnqrjDN_BNjSSHWO-GbkIWH6fkGMLw4bqvL_NH6e2wMveX7G-rP2dAqsDSq1mJMOaY&_nc_zt=24&_nc_ht=scontent-gig4-1.xx&_nc_gid=AoBFJeGrT1hVaew_6rchkQ&oh=00_AfX7QmFGhQhG2jAllVgXCiM1ZrWgvtp80-Bfppyexh1QEg&oe=689E923C\",\"@id\":\"https:\\\/\\\/anoticiaonline.com.br\\\/site\\\/deputado-braulio-braz-recebe-comenda-ambiental-estancia-hidromineral-de-sao-lourenco\\\/#organizationLogo\"},\"image\":{\"@id\":\"https:\\\/\\\/anoticiaonline.com.br\\\/site\\\/deputado-braulio-braz-recebe-comenda-ambiental-estancia-hidromineral-de-sao-lourenco\\\/#organizationLogo\"}},{\"@type\":\"Person\",\"@id\":\"https:\\\/\\\/anoticiaonline.com.br\\\/site\\\/author\\\/juliana\\\/#author\",\"url\":\"https:\\\/\\\/anoticiaonline.com.br\\\/site\\\/author\\\/juliana\\\/\",\"name\":\"Juliana Laviola\",\"image\":{\"@type\":\"ImageObject\",\"@id\":\"https:\\\/\\\/anoticiaonline.com.br\\\/site\\\/deputado-braulio-braz-recebe-comenda-ambiental-estancia-hidromineral-de-sao-lourenco\\\/#authorImage\",\"url\":\"https:\\\/\\\/secure.gravatar.com\\\/avatar\\\/b8d45f5c699b100dfaf0e543582f38f38bf94cb7ae3a5e9abf8d891a34773335?s=96&d=mm&r=g\",\"width\":96,\"height\":96,\"caption\":\"Juliana Laviola\"}},{\"@type\":\"WebPage\",\"@id\":\"https:\\\/\\\/anoticiaonline.com.br\\\/site\\\/deputado-braulio-braz-recebe-comenda-ambiental-estancia-hidromineral-de-sao-lourenco\\\/#webpage\",\"url\":\"https:\\\/\\\/anoticiaonline.com.br\\\/site\\\/deputado-braulio-braz-recebe-comenda-ambiental-estancia-hidromineral-de-sao-lourenco\\\/\",\"name\":\"Deputado Braulio Braz recebe \\u201cComenda Ambiental Est\\u00e2ncia Hidromineral de S\\u00e3o Louren\\u00e7o\\u201d - A Not\\u00edcia Online\",\"description\":\"O deputado estadual Braulio Braz foi agraciado com a \\u201cComenda Ambiental Est\\u00e2ncia Hidromineral de S\\u00e3o Louren\\u00e7o\\u201d, destinada a homenagear personalidades que se destacam em prol do meio ambiente, do turismo, do desenvolvimento socioecon\\u00f4mico e da cultura. O evento, realizado em S\\u00e3o Louren\\u00e7o (Sul de Minas), no domingo (20), tamb\\u00e9m teve por objetivo comemorar o Dia\",\"inLanguage\":\"pt-BR\",\"isPartOf\":{\"@id\":\"https:\\\/\\\/anoticiaonline.com.br\\\/site\\\/#website\"},\"breadcrumb\":{\"@id\":\"https:\\\/\\\/anoticiaonline.com.br\\\/site\\\/deputado-braulio-braz-recebe-comenda-ambiental-estancia-hidromineral-de-sao-lourenco\\\/#breadcrumblist\"},\"author\":{\"@id\":\"https:\\\/\\\/anoticiaonline.com.br\\\/site\\\/author\\\/juliana\\\/#author\"},\"creator\":{\"@id\":\"https:\\\/\\\/anoticiaonline.com.br\\\/site\\\/author\\\/juliana\\\/#author\"},\"image\":{\"@type\":\"ImageObject\",\"url\":\"https:\\\/\\\/anoticiaonline.com.br\\\/site\\\/wp-content\\\/uploads\\\/2016\\\/03\\\/Deputado-Braulio-Braz-recebe-\\u201cComenda-Ambiental-Est\\u00e2ncia-Hidromineral-de-S\\u00e3o-Louren\\u00e7o\\u201d.jpg\",\"@id\":\"https:\\\/\\\/anoticiaonline.com.br\\\/site\\\/deputado-braulio-braz-recebe-comenda-ambiental-estancia-hidromineral-de-sao-lourenco\\\/#mainImage\",\"width\":640,\"height\":480},\"primaryImageOfPage\":{\"@id\":\"https:\\\/\\\/anoticiaonline.com.br\\\/site\\\/deputado-braulio-braz-recebe-comenda-ambiental-estancia-hidromineral-de-sao-lourenco\\\/#mainImage\"},\"datePublished\":\"2016-03-23T14:47:35-03:00\",\"dateModified\":\"2016-03-24T09:55:13-03:00\"},{\"@type\":\"WebSite\",\"@id\":\"https:\\\/\\\/anoticiaonline.com.br\\\/site\\\/#website\",\"url\":\"https:\\\/\\\/anoticiaonline.com.br\\\/site\\\/\",\"name\":\"A Not\\u00edcia Online\",\"description\":\"Noticias de Muria\\u00e9 e regi\\u00e3o\",\"inLanguage\":\"pt-BR\",\"publisher\":{\"@id\":\"https:\\\/\\\/anoticiaonline.com.br\\\/site\\\/#organization\"}}]}\n\t\t<\/script>\n\t\t<!-- All in One SEO -->\n\n","aioseo_head_json":{"title":"Deputado Braulio Braz recebe \u201cComenda Ambiental Est\u00e2ncia Hidromineral de S\u00e3o Louren\u00e7o\u201d - A Not\u00edcia Online","description":"O deputado estadual Braulio Braz foi agraciado com a \u201cComenda Ambiental Est\u00e2ncia Hidromineral de S\u00e3o Louren\u00e7o\u201d, destinada a homenagear personalidades que se destacam em prol do meio ambiente, do turismo, do desenvolvimento socioecon\u00f4mico e da cultura. O evento, realizado em S\u00e3o Louren\u00e7o (Sul de Minas), no domingo (20), tamb\u00e9m teve por objetivo comemorar o Dia","canonical_url":"https:\/\/anoticiaonline.com.br\/site\/deputado-braulio-braz-recebe-comenda-ambiental-estancia-hidromineral-de-sao-lourenco\/","robots":"max-image-preview:large","keywords":"","webmasterTools":{"miscellaneous":""},"schema":{"@context":"https:\/\/schema.org","@graph":[{"@type":"BlogPosting","@id":"https:\/\/anoticiaonline.com.br\/site\/deputado-braulio-braz-recebe-comenda-ambiental-estancia-hidromineral-de-sao-lourenco\/#blogposting","name":"Deputado Braulio Braz recebe \u201cComenda Ambiental Est\u00e2ncia Hidromineral de S\u00e3o Louren\u00e7o\u201d - A Not\u00edcia Online","headline":"Deputado Braulio Braz recebe \u201cComenda Ambiental Est\u00e2ncia Hidromineral de S\u00e3o Louren\u00e7o\u201d","author":{"@id":"https:\/\/anoticiaonline.com.br\/site\/author\/juliana\/#author"},"publisher":{"@id":"https:\/\/anoticiaonline.com.br\/site\/#organization"},"image":{"@type":"ImageObject","url":"https:\/\/anoticiaonline.com.br\/site\/wp-content\/uploads\/2016\/03\/Deputado-Braulio-Braz-recebe-\u201cComenda-Ambiental-Est\u00e2ncia-Hidromineral-de-S\u00e3o-Louren\u00e7o\u201d.jpg","width":640,"height":480},"datePublished":"2016-03-23T14:47:35-03:00","dateModified":"2016-03-24T09:55:13-03:00","inLanguage":"pt-BR","mainEntityOfPage":{"@id":"https:\/\/anoticiaonline.com.br\/site\/deputado-braulio-braz-recebe-comenda-ambiental-estancia-hidromineral-de-sao-lourenco\/#webpage"},"isPartOf":{"@id":"https:\/\/anoticiaonline.com.br\/site\/deputado-braulio-braz-recebe-comenda-ambiental-estancia-hidromineral-de-sao-lourenco\/#webpage"},"articleSection":"Gerais, slide"},{"@type":"BreadcrumbList","@id":"https:\/\/anoticiaonline.com.br\/site\/deputado-braulio-braz-recebe-comenda-ambiental-estancia-hidromineral-de-sao-lourenco\/#breadcrumblist","itemListElement":[{"@type":"ListItem","@id":"https:\/\/anoticiaonline.com.br\/site#listItem","position":1,"name":"Home","item":"https:\/\/anoticiaonline.com.br\/site","nextItem":{"@type":"ListItem","@id":"https:\/\/anoticiaonline.com.br\/site\/categoria\/gerais\/#listItem","name":"Gerais"}},{"@type":"ListItem","@id":"https:\/\/anoticiaonline.com.br\/site\/categoria\/gerais\/#listItem","position":2,"name":"Gerais","item":"https:\/\/anoticiaonline.com.br\/site\/categoria\/gerais\/","nextItem":{"@type":"ListItem","@id":"https:\/\/anoticiaonline.com.br\/site\/deputado-braulio-braz-recebe-comenda-ambiental-estancia-hidromineral-de-sao-lourenco\/#listItem","name":"Deputado Braulio Braz recebe \u201cComenda Ambiental Est\u00e2ncia Hidromineral de S\u00e3o Louren\u00e7o\u201d"},"previousItem":{"@type":"ListItem","@id":"https:\/\/anoticiaonline.com.br\/site#listItem","name":"Home"}},{"@type":"ListItem","@id":"https:\/\/anoticiaonline.com.br\/site\/deputado-braulio-braz-recebe-comenda-ambiental-estancia-hidromineral-de-sao-lourenco\/#listItem","position":3,"name":"Deputado Braulio Braz recebe \u201cComenda Ambiental Est\u00e2ncia Hidromineral de S\u00e3o Louren\u00e7o\u201d","previousItem":{"@type":"ListItem","@id":"https:\/\/anoticiaonline.com.br\/site\/categoria\/gerais\/#listItem","name":"Gerais"}}]},{"@type":"Organization","@id":"https:\/\/anoticiaonline.com.br\/site\/#organization","name":"A Not\u00edcia Online","description":"Noticias de Muria\u00e9 e regi\u00e3o","url":"https:\/\/anoticiaonline.com.br\/site\/","logo":{"@type":"ImageObject","url":"https:\/\/scontent-gig4-1.xx.fbcdn.net\/v\/t39.30808-1\/270437624_4564083193639691_6907940295614233970_n.jpg?stp=dst-jpg_s200x200_tt6&_nc_cat=111&ccb=1-7&_nc_sid=f907e8&_nc_ohc=SM1wRlP3lJwQ7kNvwEPuBYA&_nc_oc=AdnqrjDN_BNjSSHWO-GbkIWH6fkGMLw4bqvL_NH6e2wMveX7G-rP2dAqsDSq1mJMOaY&_nc_zt=24&_nc_ht=scontent-gig4-1.xx&_nc_gid=AoBFJeGrT1hVaew_6rchkQ&oh=00_AfX7QmFGhQhG2jAllVgXCiM1ZrWgvtp80-Bfppyexh1QEg&oe=689E923C","@id":"https:\/\/anoticiaonline.com.br\/site\/deputado-braulio-braz-recebe-comenda-ambiental-estancia-hidromineral-de-sao-lourenco\/#organizationLogo"},"image":{"@id":"https:\/\/anoticiaonline.com.br\/site\/deputado-braulio-braz-recebe-comenda-ambiental-estancia-hidromineral-de-sao-lourenco\/#organizationLogo"}},{"@type":"Person","@id":"https:\/\/anoticiaonline.com.br\/site\/author\/juliana\/#author","url":"https:\/\/anoticiaonline.com.br\/site\/author\/juliana\/","name":"Juliana Laviola","image":{"@type":"ImageObject","@id":"https:\/\/anoticiaonline.com.br\/site\/deputado-braulio-braz-recebe-comenda-ambiental-estancia-hidromineral-de-sao-lourenco\/#authorImage","url":"https:\/\/secure.gravatar.com\/avatar\/b8d45f5c699b100dfaf0e543582f38f38bf94cb7ae3a5e9abf8d891a34773335?s=96&d=mm&r=g","width":96,"height":96,"caption":"Juliana Laviola"}},{"@type":"WebPage","@id":"https:\/\/anoticiaonline.com.br\/site\/deputado-braulio-braz-recebe-comenda-ambiental-estancia-hidromineral-de-sao-lourenco\/#webpage","url":"https:\/\/anoticiaonline.com.br\/site\/deputado-braulio-braz-recebe-comenda-ambiental-estancia-hidromineral-de-sao-lourenco\/","name":"Deputado Braulio Braz recebe \u201cComenda Ambiental Est\u00e2ncia Hidromineral de S\u00e3o Louren\u00e7o\u201d - A Not\u00edcia Online","description":"O deputado estadual Braulio Braz foi agraciado com a \u201cComenda Ambiental Est\u00e2ncia Hidromineral de S\u00e3o Louren\u00e7o\u201d, destinada a homenagear personalidades que se destacam em prol do meio ambiente, do turismo, do desenvolvimento socioecon\u00f4mico e da cultura. O evento, realizado em S\u00e3o Louren\u00e7o (Sul de Minas), no domingo (20), tamb\u00e9m teve por objetivo comemorar o Dia","inLanguage":"pt-BR","isPartOf":{"@id":"https:\/\/anoticiaonline.com.br\/site\/#website"},"breadcrumb":{"@id":"https:\/\/anoticiaonline.com.br\/site\/deputado-braulio-braz-recebe-comenda-ambiental-estancia-hidromineral-de-sao-lourenco\/#breadcrumblist"},"author":{"@id":"https:\/\/anoticiaonline.com.br\/site\/author\/juliana\/#author"},"creator":{"@id":"https:\/\/anoticiaonline.com.br\/site\/author\/juliana\/#author"},"image":{"@type":"ImageObject","url":"https:\/\/anoticiaonline.com.br\/site\/wp-content\/uploads\/2016\/03\/Deputado-Braulio-Braz-recebe-\u201cComenda-Ambiental-Est\u00e2ncia-Hidromineral-de-S\u00e3o-Louren\u00e7o\u201d.jpg","@id":"https:\/\/anoticiaonline.com.br\/site\/deputado-braulio-braz-recebe-comenda-ambiental-estancia-hidromineral-de-sao-lourenco\/#mainImage","width":640,"height":480},"primaryImageOfPage":{"@id":"https:\/\/anoticiaonline.com.br\/site\/deputado-braulio-braz-recebe-comenda-ambiental-estancia-hidromineral-de-sao-lourenco\/#mainImage"},"datePublished":"2016-03-23T14:47:35-03:00","dateModified":"2016-03-24T09:55:13-03:00"},{"@type":"WebSite","@id":"https:\/\/anoticiaonline.com.br\/site\/#website","url":"https:\/\/anoticiaonline.com.br\/site\/","name":"A Not\u00edcia Online","description":"Noticias de Muria\u00e9 e regi\u00e3o","inLanguage":"pt-BR","publisher":{"@id":"https:\/\/anoticiaonline.com.br\/site\/#organization"}}]},"og:locale":"pt_BR","og:site_name":"A Not\u00edcia Online - Noticias de Muria\u00e9 e regi\u00e3o","og:type":"article","og:title":"Deputado Braulio Braz recebe \u201cComenda Ambiental Est\u00e2ncia Hidromineral de S\u00e3o Louren\u00e7o\u201d - A Not\u00edcia Online","og:description":"O deputado estadual Braulio Braz foi agraciado com a \u201cComenda Ambiental Est\u00e2ncia Hidromineral de S\u00e3o Louren\u00e7o\u201d, destinada a homenagear personalidades que se destacam em prol do meio ambiente, do turismo, do desenvolvimento socioecon\u00f4mico e da cultura. O evento, realizado em S\u00e3o Louren\u00e7o (Sul de Minas), no domingo (20), tamb\u00e9m teve por objetivo comemorar o Dia","og:url":"https:\/\/anoticiaonline.com.br\/site\/deputado-braulio-braz-recebe-comenda-ambiental-estancia-hidromineral-de-sao-lourenco\/","og:image":"https:\/\/scontent-gig4-1.xx.fbcdn.net\/v\/t39.30808-1\/270437624_4564083193639691_6907940295614233970_n.jpg?stp=dst-jpg_s200x200_tt6&#038;_nc_cat=111&#038;ccb=1-7&#038;_nc_sid=f907e8&#038;_nc_ohc=SM1wRlP3lJwQ7kNvwEPuBYA&#038;_nc_oc=AdnqrjDN_BNjSSHWO-GbkIWH6fkGMLw4bqvL_NH6e2wMveX7G-rP2dAqsDSq1mJMOaY&#038;_nc_zt=24&#038;_nc_ht=scontent-gig4-1.xx&#038;_nc_gid=AoBFJeGrT1hVaew_6rchkQ&#038;oh=00_AfX7QmFGhQhG2jAllVgXCiM1ZrWgvtp80-Bfppyexh1QEg&#038;oe=689E923C","og:image:secure_url":"https:\/\/scontent-gig4-1.xx.fbcdn.net\/v\/t39.30808-1\/270437624_4564083193639691_6907940295614233970_n.jpg?stp=dst-jpg_s200x200_tt6&#038;_nc_cat=111&#038;ccb=1-7&#038;_nc_sid=f907e8&#038;_nc_ohc=SM1wRlP3lJwQ7kNvwEPuBYA&#038;_nc_oc=AdnqrjDN_BNjSSHWO-GbkIWH6fkGMLw4bqvL_NH6e2wMveX7G-rP2dAqsDSq1mJMOaY&#038;_nc_zt=24&#038;_nc_ht=scontent-gig4-1.xx&#038;_nc_gid=AoBFJeGrT1hVaew_6rchkQ&#038;oh=00_AfX7QmFGhQhG2jAllVgXCiM1ZrWgvtp80-Bfppyexh1QEg&#038;oe=689E923C","article:published_time":"2016-03-23T17:47:35+00:00","article:modified_time":"2016-03-24T12:55:13+00:00","twitter:card":"summary_large_image","twitter:title":"Deputado Braulio Braz recebe \u201cComenda Ambiental Est\u00e2ncia Hidromineral de S\u00e3o Louren\u00e7o\u201d - A Not\u00edcia Online","twitter:description":"O deputado estadual Braulio Braz foi agraciado com a \u201cComenda Ambiental Est\u00e2ncia Hidromineral de S\u00e3o Louren\u00e7o\u201d, destinada a homenagear personalidades que se destacam em prol do meio ambiente, do turismo, do desenvolvimento socioecon\u00f4mico e da cultura. O evento, realizado em S\u00e3o Louren\u00e7o (Sul de Minas), no domingo (20), tamb\u00e9m teve por objetivo comemorar o Dia","twitter:image":"https:\/\/scontent-gig4-1.xx.fbcdn.net\/v\/t39.30808-1\/270437624_4564083193639691_6907940295614233970_n.jpg?stp=dst-jpg_s200x200_tt6&_nc_cat=111&ccb=1-7&_nc_sid=f907e8&_nc_ohc=SM1wRlP3lJwQ7kNvwEPuBYA&_nc_oc=AdnqrjDN_BNjSSHWO-GbkIWH6fkGMLw4bqvL_NH6e2wMveX7G-rP2dAqsDSq1mJMOaY&_nc_zt=24&_nc_ht=scontent-gig4-1.xx&_nc_gid=AoBFJeGrT1hVaew_6rchkQ&oh=00_AfX7QmFGhQhG2jAllVgXCiM1ZrWgvtp80-Bfppyexh1QEg&oe=689E923C"},"aioseo_meta_data":{"post_id":"10530","title":null,"description":null,"keywords":null,"keyphrases":null,"primary_term":null,"canonical_url":null,"og_title":null,"og_description":null,"og_object_type":"default","og_image_type":"default","og_image_url":null,"og_image_width":null,"og_image_height":null,"og_image_custom_url":null,"og_image_custom_fields":null,"og_video":null,"og_custom_url":null,"og_article_section":null,"og_article_tags":null,"twitter_use_og":false,"twitter_card":"default","twitter_image_type":"default","twitter_image_url":null,"twitter_image_custom_url":null,"twitter_image_custom_fields":null,"twitter_title":null,"twitter_description":null,"schema":{"blockGraphs":[],"customGraphs":[],"default":{"data":{"Article":[],"Course":[],"Dataset":[],"FAQPage":[],"Movie":[],"Person":[],"Product":[],"ProductReview":[],"Car":[],"Recipe":[],"Service":[],"SoftwareApplication":[],"WebPage":[]},"graphName":"","isEnabled":true},"graphs":[]},"schema_type":"default","schema_type_options":null,"pillar_content":false,"robots_default":true,"robots_noindex":false,"robots_noarchive":false,"robots_nosnippet":false,"robots_nofollow":false,"robots_noimageindex":false,"robots_noodp":false,"robots_notranslate":false,"robots_max_snippet":null,"robots_max_videopreview":null,"robots_max_imagepreview":"large","priority":null,"frequency":null,"local_seo":null,"breadcrumb_settings":null,"limit_modified_date":false,"ai":null,"created":"2025-08-16 15:38:28","updated":"2025-08-16 15:38:28","focus_keyword":null,"additional_keywords":null,"truseo_locale":null,"seo_analyzer_scan_date":null},"aioseo_breadcrumb":"<div class=\"aioseo-breadcrumbs\"><span class=\"aioseo-breadcrumb\">\n\t\t\t<a href=\"https:\/\/anoticiaonline.com.br\/site\" title=\"Home\">Home<\/a>\n\t\t<\/span><span class=\"aioseo-breadcrumb-separator\">&raquo;<\/span><span class=\"aioseo-breadcrumb\">\n\t\t\t<a href=\"https:\/\/anoticiaonline.com.br\/site\/categoria\/gerais\/\" title=\"Gerais\">Gerais<\/a>\n\t\t<\/span><span class=\"aioseo-breadcrumb-separator\">&raquo;<\/span><span class=\"aioseo-breadcrumb\">\n\t\t\tDeputado Braulio Braz recebe \u201cComenda Ambiental Est\u00e2ncia Hidromineral de S\u00e3o Louren\u00e7o\u201d\n\t\t<\/span><\/div>","aioseo_breadcrumb_json":[{"label":"Home","link":"https:\/\/anoticiaonline.com.br\/site"},{"label":"Gerais","link":"https:\/\/anoticiaonline.com.br\/site\/categoria\/gerais\/"},{"label":"Deputado Braulio Braz recebe \u201cComenda Ambiental Est\u00e2ncia Hidromineral de S\u00e3o Louren\u00e7o\u201d","link":"https:\/\/anoticiaonline.com.br\/site\/deputado-braulio-braz-recebe-comenda-ambiental-estancia-hidromineral-de-sao-lourenco\/"}],"views":131,"_links":{"self":[{"href":"https:\/\/anoticiaonline.com.br\/site\/wp-json\/wp\/v2\/posts\/10530","targetHints":{"allow":["GET"]}}],"collection":[{"href":"https:\/\/anoticiaonline.com.br\/site\/wp-json\/wp\/v2\/posts"}],"about":[{"href":"https:\/\/anoticiaonline.com.br\/site\/wp-json\/wp\/v2\/types\/post"}],"author":[{"embeddable":true,"href":"https:\/\/anoticiaonline.com.br\/site\/wp-json\/wp\/v2\/users\/2"}],"replies":[{"embeddable":true,"href":"https:\/\/anoticiaonline.com.br\/site\/wp-json\/wp\/v2\/comments?post=10530"}],"version-history":[{"count":0,"href":"https:\/\/anoticiaonline.com.br\/site\/wp-json\/wp\/v2\/posts\/10530\/revisions"}],"wp:featuredmedia":[{"embeddable":true,"href":"https:\/\/anoticiaonline.com.br\/site\/wp-json\/wp\/v2\/media\/10531"}],"wp:attachment":[{"href":"https:\/\/anoticiaonline.com.br\/site\/wp-json\/wp\/v2\/media?parent=10530"}],"wp:term":[{"taxonomy":"category","embeddable":true,"href":"https:\/\/anoticiaonline.com.br\/site\/wp-json\/wp\/v2\/categories?post=10530"},{"taxonomy":"post_tag","embeddable":true,"href":"https:\/\/anoticiaonline.com.br\/site\/wp-json\/wp\/v2\/tags?post=10530"}],"curies":[{"name":"wp","href":"https:\/\/api.w.org\/{rel}","templated":true}]}}