{"id":10499,"date":"2016-03-18T12:22:17","date_gmt":"2016-03-18T15:22:17","guid":{"rendered":"http:\/\/anoticiaonline.com.br\/site\/?p=10499"},"modified":"2016-03-18T12:22:17","modified_gmt":"2016-03-18T15:22:17","slug":"policiais-civis-de-muriae-participam-de-reuniao-gerencial-local-em-juiz-de-fora","status":"publish","type":"post","link":"https:\/\/anoticiaonline.com.br\/site\/policiais-civis-de-muriae-participam-de-reuniao-gerencial-local-em-juiz-de-fora\/","title":{"rendered":"Policiais civis de Muria\u00e9 participam de reuni\u00e3o gerencial local em Juiz de Fora"},"content":{"rendered":"<p><a href=\"https:\/\/anoticiaonline.com.br\/site\/wp-content\/uploads\/2016\/03\/IMG-20160318-WA0012.jpg\"><img fetchpriority=\"high\" decoding=\"async\" class=\" size-medium wp-image-10500 alignleft\" src=\"https:\/\/anoticiaonline.com.br\/site\/wp-content\/uploads\/2016\/03\/IMG-20160318-WA0012-300x209.jpg\" alt=\"IMG-20160318-WA0012\" width=\"300\" height=\"209\" srcset=\"https:\/\/anoticiaonline.com.br\/site\/wp-content\/uploads\/2016\/03\/IMG-20160318-WA0012-300x209.jpg 300w, https:\/\/anoticiaonline.com.br\/site\/wp-content\/uploads\/2016\/03\/IMG-20160318-WA0012.jpg 640w\" sizes=\"(max-width: 300px) 100vw, 300px\" \/><\/a>Policiais civis participaram, na manh\u00e3 e tarde de quinta-feira (17), de uma reuni\u00e3o gerencial local com a chefe da Pol\u00edcia\u00a0Civil de Minas Gerais, Andrea Cl\u00e1udia Vacchiano e integrantes do Conselho Superior, no audit\u00f3rio da 4\u00aa Regi\u00e3o Integrada de Seguran\u00e7a P\u00fablica, onde fica localizada a sede do 4\u00ba Departamento de Pol\u00edcia de Juiz de Fora. O evento tratou de assuntos institucionais. Estiveram presentes os servidores lotados na 4\u00aa Delegacia Regional de Pol\u00edcia Civil de Muria\u00e9, bem como das delegacias regionais de Ub\u00e1 e Leopoldina.<\/p>\n<figure id=\"attachment_10501\" aria-describedby=\"caption-attachment-10501\" style=\"width: 290px\" class=\"wp-caption alignleft\"><a href=\"https:\/\/anoticiaonline.com.br\/site\/wp-content\/uploads\/2016\/03\/IMG-20160318-WA0011.jpg\"><img decoding=\"async\" class=\"size-medium wp-image-10501\" src=\"https:\/\/anoticiaonline.com.br\/site\/wp-content\/uploads\/2016\/03\/IMG-20160318-WA0011-300x250.jpg\" alt=\"Chefe da PCMG, Andrea Vacchiano e o delegado regional de Muria\u00e9, Alessandro da Matta  \" width=\"300\" height=\"250\" srcset=\"https:\/\/anoticiaonline.com.br\/site\/wp-content\/uploads\/2016\/03\/IMG-20160318-WA0011-300x250.jpg 300w, https:\/\/anoticiaonline.com.br\/site\/wp-content\/uploads\/2016\/03\/IMG-20160318-WA0011.jpg 640w\" sizes=\"(max-width: 300px) 100vw, 300px\" \/><\/a><figcaption id=\"caption-attachment-10501\" class=\"wp-caption-text\">Chefe da PCMG, Andrea Vacchiano e o delegado regional de Muria\u00e9, Alessandro da Matta<\/figcaption><\/figure>\n<p>Durante a cerim\u00f4nia, a delegada e os conselheiros falaram sobre as novas diretrizes que est\u00e3o sendo implementadas pela Pol\u00edcia Civil no estado. Est\u00e3o previstas uma maior profissionaliza\u00e7\u00e3o dos processos, com melhor aproveitamento no gerenciamento dos dados e consequente fortalecimento da imagem e identidade da institui\u00e7\u00e3o.<\/p>\n<p>Os servidores tiveram a oportunidade de um di\u00e1logo com a delegada, quando expuseram necessidades e preocupa\u00e7\u00f5es, desde efetivo, viaturas, equipamentos, entre outros. Todos os questionamentos foram prontamente atendidos com preocupa\u00e7\u00e3o de uma resposta efetiva por parte da chefe da PCMG. A sensa\u00e7\u00e3o entre os presentes, no final da reuni\u00e3o, era de expectativa de melhorias para a institui\u00e7\u00e3o.<\/p>\n<p>&nbsp;<\/p>\n<p>&nbsp;<\/p>\n<p>&nbsp;<\/p>\n","protected":false},"excerpt":{"rendered":"<p>Policiais civis participaram, na manh\u00e3 e tarde de quinta-feira (17), de uma reuni\u00e3o gerencial local com a chefe da Pol\u00edcia\u00a0Civil de Minas Gerais, Andrea Cl\u00e1udia Vacchiano e integrantes do Conselho Superior, no audit\u00f3rio da 4\u00aa Regi\u00e3o Integrada de Seguran\u00e7a P\u00fablica, onde fica localizada a sede do 4\u00ba Departamento de Pol\u00edcia de Juiz de Fora. O &#8230; <a title=\"Policiais civis de Muria\u00e9 participam de reuni\u00e3o gerencial local em Juiz de Fora\" class=\"read-more\" href=\"https:\/\/anoticiaonline.com.br\/site\/policiais-civis-de-muriae-participam-de-reuniao-gerencial-local-em-juiz-de-fora\/\" aria-label=\"Read more about Policiais civis de Muria\u00e9 participam de reuni\u00e3o gerencial local em Juiz de Fora\">Ler mais<\/a><\/p>\n","protected":false},"author":2,"featured_media":10500,"comment_status":"open","ping_status":"open","sticky":false,"template":"","format":"standard","meta":{"_acf_changed":false,"_monsterinsights_skip_tracking":false,"footnotes":""},"categories":[1],"tags":[3],"class_list":["post-10499","post","type-post","status-publish","format-standard","has-post-thumbnail","hentry","category-gerais","tag-slide"],"acf":[],"aioseo_notices":[],"aioseo_head":"\n\t\t<!-- All in One SEO 5.0.0.1 - aioseo.com -->\n\t<meta name=\"description\" content=\"Policiais civis participaram, na manh\u00e3 e tarde de quinta-feira (17), de uma reuni\u00e3o gerencial local com a chefe da Pol\u00edcia Civil de Minas Gerais, Andrea Cl\u00e1udia Vacchiano e integrantes do Conselho Superior, no audit\u00f3rio da 4\u00aa Regi\u00e3o Integrada de Seguran\u00e7a P\u00fablica, onde fica localizada a sede do 4\u00ba Departamento de Pol\u00edcia de Juiz de Fora. O\" \/>\n\t<meta name=\"robots\" content=\"max-image-preview:large\" \/>\n\t<meta name=\"author\" content=\"Juliana Laviola\"\/>\n\t<link rel=\"canonical\" href=\"https:\/\/anoticiaonline.com.br\/site\/policiais-civis-de-muriae-participam-de-reuniao-gerencial-local-em-juiz-de-fora\/\" \/>\n\t<meta name=\"generator\" content=\"All in One SEO (AIOSEO) 5.0.0.1\" \/>\n\t\t<meta property=\"og:locale\" content=\"pt_BR\" \/>\n\t\t<meta property=\"og:site_name\" content=\"A Not\u00edcia Online - Noticias de Muria\u00e9 e regi\u00e3o\" \/>\n\t\t<meta property=\"og:type\" content=\"article\" \/>\n\t\t<meta property=\"og:title\" content=\"Policiais civis de Muria\u00e9 participam de reuni\u00e3o gerencial local em Juiz de Fora - A Not\u00edcia Online\" \/>\n\t\t<meta property=\"og:description\" content=\"Policiais civis participaram, na manh\u00e3 e tarde de quinta-feira (17), de uma reuni\u00e3o gerencial local com a chefe da Pol\u00edcia Civil de Minas Gerais, Andrea Cl\u00e1udia Vacchiano e integrantes do Conselho Superior, no audit\u00f3rio da 4\u00aa Regi\u00e3o Integrada de Seguran\u00e7a P\u00fablica, onde fica localizada a sede do 4\u00ba Departamento de Pol\u00edcia de Juiz de Fora. O\" \/>\n\t\t<meta property=\"og:url\" content=\"https:\/\/anoticiaonline.com.br\/site\/policiais-civis-de-muriae-participam-de-reuniao-gerencial-local-em-juiz-de-fora\/\" \/>\n\t\t<meta property=\"og:image\" content=\"https:\/\/scontent-gig4-1.xx.fbcdn.net\/v\/t39.30808-1\/270437624_4564083193639691_6907940295614233970_n.jpg?stp=dst-jpg_s200x200_tt6&#038;_nc_cat=111&#038;ccb=1-7&#038;_nc_sid=f907e8&#038;_nc_ohc=SM1wRlP3lJwQ7kNvwEPuBYA&#038;_nc_oc=AdnqrjDN_BNjSSHWO-GbkIWH6fkGMLw4bqvL_NH6e2wMveX7G-rP2dAqsDSq1mJMOaY&#038;_nc_zt=24&#038;_nc_ht=scontent-gig4-1.xx&#038;_nc_gid=AoBFJeGrT1hVaew_6rchkQ&#038;oh=00_AfX7QmFGhQhG2jAllVgXCiM1ZrWgvtp80-Bfppyexh1QEg&#038;oe=689E923C\" \/>\n\t\t<meta property=\"og:image:secure_url\" content=\"https:\/\/scontent-gig4-1.xx.fbcdn.net\/v\/t39.30808-1\/270437624_4564083193639691_6907940295614233970_n.jpg?stp=dst-jpg_s200x200_tt6&#038;_nc_cat=111&#038;ccb=1-7&#038;_nc_sid=f907e8&#038;_nc_ohc=SM1wRlP3lJwQ7kNvwEPuBYA&#038;_nc_oc=AdnqrjDN_BNjSSHWO-GbkIWH6fkGMLw4bqvL_NH6e2wMveX7G-rP2dAqsDSq1mJMOaY&#038;_nc_zt=24&#038;_nc_ht=scontent-gig4-1.xx&#038;_nc_gid=AoBFJeGrT1hVaew_6rchkQ&#038;oh=00_AfX7QmFGhQhG2jAllVgXCiM1ZrWgvtp80-Bfppyexh1QEg&#038;oe=689E923C\" \/>\n\t\t<meta property=\"article:published_time\" content=\"2016-03-18T15:22:17+00:00\" \/>\n\t\t<meta property=\"article:modified_time\" content=\"2016-03-18T15:22:17+00:00\" \/>\n\t\t<meta name=\"twitter:card\" content=\"summary_large_image\" \/>\n\t\t<meta name=\"twitter:title\" content=\"Policiais civis de Muria\u00e9 participam de reuni\u00e3o gerencial local em Juiz de Fora - A Not\u00edcia Online\" \/>\n\t\t<meta name=\"twitter:description\" content=\"Policiais civis participaram, na manh\u00e3 e tarde de quinta-feira (17), de uma reuni\u00e3o gerencial local com a chefe da Pol\u00edcia Civil de Minas Gerais, Andrea Cl\u00e1udia Vacchiano e integrantes do Conselho Superior, no audit\u00f3rio da 4\u00aa Regi\u00e3o Integrada de Seguran\u00e7a P\u00fablica, onde fica localizada a sede do 4\u00ba Departamento de Pol\u00edcia de Juiz de Fora. O\" \/>\n\t\t<meta name=\"twitter:image\" content=\"https:\/\/scontent-gig4-1.xx.fbcdn.net\/v\/t39.30808-1\/270437624_4564083193639691_6907940295614233970_n.jpg?stp=dst-jpg_s200x200_tt6&amp;_nc_cat=111&amp;ccb=1-7&amp;_nc_sid=f907e8&amp;_nc_ohc=SM1wRlP3lJwQ7kNvwEPuBYA&amp;_nc_oc=AdnqrjDN_BNjSSHWO-GbkIWH6fkGMLw4bqvL_NH6e2wMveX7G-rP2dAqsDSq1mJMOaY&amp;_nc_zt=24&amp;_nc_ht=scontent-gig4-1.xx&amp;_nc_gid=AoBFJeGrT1hVaew_6rchkQ&amp;oh=00_AfX7QmFGhQhG2jAllVgXCiM1ZrWgvtp80-Bfppyexh1QEg&amp;oe=689E923C\" \/>\n\t\t<script type=\"application\/ld+json\" class=\"aioseo-schema\">\n\t\t\t{\"@context\":\"https:\\\/\\\/schema.org\",\"@graph\":[{\"@type\":\"BlogPosting\",\"@id\":\"https:\\\/\\\/anoticiaonline.com.br\\\/site\\\/policiais-civis-de-muriae-participam-de-reuniao-gerencial-local-em-juiz-de-fora\\\/#blogposting\",\"name\":\"Policiais civis de Muria\\u00e9 participam de reuni\\u00e3o gerencial local em Juiz de Fora - A Not\\u00edcia Online\",\"headline\":\"Policiais civis de Muria\\u00e9 participam de reuni\\u00e3o gerencial local em Juiz de Fora\",\"author\":{\"@id\":\"https:\\\/\\\/anoticiaonline.com.br\\\/site\\\/author\\\/juliana\\\/#author\"},\"publisher\":{\"@id\":\"https:\\\/\\\/anoticiaonline.com.br\\\/site\\\/#organization\"},\"image\":{\"@type\":\"ImageObject\",\"url\":\"https:\\\/\\\/anoticiaonline.com.br\\\/site\\\/wp-content\\\/uploads\\\/2016\\\/03\\\/IMG-20160318-WA0012.jpg\",\"width\":640,\"height\":446},\"datePublished\":\"2016-03-18T12:22:17-03:00\",\"dateModified\":\"2016-03-18T12:22:17-03:00\",\"inLanguage\":\"pt-BR\",\"mainEntityOfPage\":{\"@id\":\"https:\\\/\\\/anoticiaonline.com.br\\\/site\\\/policiais-civis-de-muriae-participam-de-reuniao-gerencial-local-em-juiz-de-fora\\\/#webpage\"},\"isPartOf\":{\"@id\":\"https:\\\/\\\/anoticiaonline.com.br\\\/site\\\/policiais-civis-de-muriae-participam-de-reuniao-gerencial-local-em-juiz-de-fora\\\/#webpage\"},\"articleSection\":\"Gerais, slide\"},{\"@type\":\"BreadcrumbList\",\"@id\":\"https:\\\/\\\/anoticiaonline.com.br\\\/site\\\/policiais-civis-de-muriae-participam-de-reuniao-gerencial-local-em-juiz-de-fora\\\/#breadcrumblist\",\"itemListElement\":[{\"@type\":\"ListItem\",\"@id\":\"https:\\\/\\\/anoticiaonline.com.br\\\/site#listItem\",\"position\":1,\"name\":\"Home\",\"item\":\"https:\\\/\\\/anoticiaonline.com.br\\\/site\",\"nextItem\":{\"@type\":\"ListItem\",\"@id\":\"https:\\\/\\\/anoticiaonline.com.br\\\/site\\\/categoria\\\/gerais\\\/#listItem\",\"name\":\"Gerais\"}},{\"@type\":\"ListItem\",\"@id\":\"https:\\\/\\\/anoticiaonline.com.br\\\/site\\\/categoria\\\/gerais\\\/#listItem\",\"position\":2,\"name\":\"Gerais\",\"item\":\"https:\\\/\\\/anoticiaonline.com.br\\\/site\\\/categoria\\\/gerais\\\/\",\"nextItem\":{\"@type\":\"ListItem\",\"@id\":\"https:\\\/\\\/anoticiaonline.com.br\\\/site\\\/policiais-civis-de-muriae-participam-de-reuniao-gerencial-local-em-juiz-de-fora\\\/#listItem\",\"name\":\"Policiais civis de Muria\\u00e9 participam de reuni\\u00e3o gerencial local em Juiz de Fora\"},\"previousItem\":{\"@type\":\"ListItem\",\"@id\":\"https:\\\/\\\/anoticiaonline.com.br\\\/site#listItem\",\"name\":\"Home\"}},{\"@type\":\"ListItem\",\"@id\":\"https:\\\/\\\/anoticiaonline.com.br\\\/site\\\/policiais-civis-de-muriae-participam-de-reuniao-gerencial-local-em-juiz-de-fora\\\/#listItem\",\"position\":3,\"name\":\"Policiais civis de Muria\\u00e9 participam de reuni\\u00e3o gerencial local em Juiz de Fora\",\"previousItem\":{\"@type\":\"ListItem\",\"@id\":\"https:\\\/\\\/anoticiaonline.com.br\\\/site\\\/categoria\\\/gerais\\\/#listItem\",\"name\":\"Gerais\"}}]},{\"@type\":\"Organization\",\"@id\":\"https:\\\/\\\/anoticiaonline.com.br\\\/site\\\/#organization\",\"name\":\"A Not\\u00edcia Online\",\"description\":\"Noticias de Muria\\u00e9 e regi\\u00e3o\",\"url\":\"https:\\\/\\\/anoticiaonline.com.br\\\/site\\\/\",\"logo\":{\"@type\":\"ImageObject\",\"url\":\"https:\\\/\\\/scontent-gig4-1.xx.fbcdn.net\\\/v\\\/t39.30808-1\\\/270437624_4564083193639691_6907940295614233970_n.jpg?stp=dst-jpg_s200x200_tt6&_nc_cat=111&ccb=1-7&_nc_sid=f907e8&_nc_ohc=SM1wRlP3lJwQ7kNvwEPuBYA&_nc_oc=AdnqrjDN_BNjSSHWO-GbkIWH6fkGMLw4bqvL_NH6e2wMveX7G-rP2dAqsDSq1mJMOaY&_nc_zt=24&_nc_ht=scontent-gig4-1.xx&_nc_gid=AoBFJeGrT1hVaew_6rchkQ&oh=00_AfX7QmFGhQhG2jAllVgXCiM1ZrWgvtp80-Bfppyexh1QEg&oe=689E923C\",\"@id\":\"https:\\\/\\\/anoticiaonline.com.br\\\/site\\\/policiais-civis-de-muriae-participam-de-reuniao-gerencial-local-em-juiz-de-fora\\\/#organizationLogo\"},\"image\":{\"@id\":\"https:\\\/\\\/anoticiaonline.com.br\\\/site\\\/policiais-civis-de-muriae-participam-de-reuniao-gerencial-local-em-juiz-de-fora\\\/#organizationLogo\"}},{\"@type\":\"Person\",\"@id\":\"https:\\\/\\\/anoticiaonline.com.br\\\/site\\\/author\\\/juliana\\\/#author\",\"url\":\"https:\\\/\\\/anoticiaonline.com.br\\\/site\\\/author\\\/juliana\\\/\",\"name\":\"Juliana Laviola\",\"image\":{\"@type\":\"ImageObject\",\"@id\":\"https:\\\/\\\/anoticiaonline.com.br\\\/site\\\/policiais-civis-de-muriae-participam-de-reuniao-gerencial-local-em-juiz-de-fora\\\/#authorImage\",\"url\":\"https:\\\/\\\/secure.gravatar.com\\\/avatar\\\/b8d45f5c699b100dfaf0e543582f38f38bf94cb7ae3a5e9abf8d891a34773335?s=96&d=mm&r=g\",\"width\":96,\"height\":96,\"caption\":\"Juliana Laviola\"}},{\"@type\":\"WebPage\",\"@id\":\"https:\\\/\\\/anoticiaonline.com.br\\\/site\\\/policiais-civis-de-muriae-participam-de-reuniao-gerencial-local-em-juiz-de-fora\\\/#webpage\",\"url\":\"https:\\\/\\\/anoticiaonline.com.br\\\/site\\\/policiais-civis-de-muriae-participam-de-reuniao-gerencial-local-em-juiz-de-fora\\\/\",\"name\":\"Policiais civis de Muria\\u00e9 participam de reuni\\u00e3o gerencial local em Juiz de Fora - A Not\\u00edcia Online\",\"description\":\"Policiais civis participaram, na manh\\u00e3 e tarde de quinta-feira (17), de uma reuni\\u00e3o gerencial local com a chefe da Pol\\u00edcia Civil de Minas Gerais, Andrea Cl\\u00e1udia Vacchiano e integrantes do Conselho Superior, no audit\\u00f3rio da 4\\u00aa Regi\\u00e3o Integrada de Seguran\\u00e7a P\\u00fablica, onde fica localizada a sede do 4\\u00ba Departamento de Pol\\u00edcia de Juiz de Fora. O\",\"inLanguage\":\"pt-BR\",\"isPartOf\":{\"@id\":\"https:\\\/\\\/anoticiaonline.com.br\\\/site\\\/#website\"},\"breadcrumb\":{\"@id\":\"https:\\\/\\\/anoticiaonline.com.br\\\/site\\\/policiais-civis-de-muriae-participam-de-reuniao-gerencial-local-em-juiz-de-fora\\\/#breadcrumblist\"},\"author\":{\"@id\":\"https:\\\/\\\/anoticiaonline.com.br\\\/site\\\/author\\\/juliana\\\/#author\"},\"creator\":{\"@id\":\"https:\\\/\\\/anoticiaonline.com.br\\\/site\\\/author\\\/juliana\\\/#author\"},\"image\":{\"@type\":\"ImageObject\",\"url\":\"https:\\\/\\\/anoticiaonline.com.br\\\/site\\\/wp-content\\\/uploads\\\/2016\\\/03\\\/IMG-20160318-WA0012.jpg\",\"@id\":\"https:\\\/\\\/anoticiaonline.com.br\\\/site\\\/policiais-civis-de-muriae-participam-de-reuniao-gerencial-local-em-juiz-de-fora\\\/#mainImage\",\"width\":640,\"height\":446},\"primaryImageOfPage\":{\"@id\":\"https:\\\/\\\/anoticiaonline.com.br\\\/site\\\/policiais-civis-de-muriae-participam-de-reuniao-gerencial-local-em-juiz-de-fora\\\/#mainImage\"},\"datePublished\":\"2016-03-18T12:22:17-03:00\",\"dateModified\":\"2016-03-18T12:22:17-03:00\"},{\"@type\":\"WebSite\",\"@id\":\"https:\\\/\\\/anoticiaonline.com.br\\\/site\\\/#website\",\"url\":\"https:\\\/\\\/anoticiaonline.com.br\\\/site\\\/\",\"name\":\"A Not\\u00edcia Online\",\"description\":\"Noticias de Muria\\u00e9 e regi\\u00e3o\",\"inLanguage\":\"pt-BR\",\"publisher\":{\"@id\":\"https:\\\/\\\/anoticiaonline.com.br\\\/site\\\/#organization\"}}]}\n\t\t<\/script>\n\t\t<!-- All in One SEO -->\n\n","aioseo_head_json":{"title":"Policiais civis de Muria\u00e9 participam de reuni\u00e3o gerencial local em Juiz de Fora - A Not\u00edcia Online","description":"Policiais civis participaram, na manh\u00e3 e tarde de quinta-feira (17), de uma reuni\u00e3o gerencial local com a chefe da Pol\u00edcia Civil de Minas Gerais, Andrea Cl\u00e1udia Vacchiano e integrantes do Conselho Superior, no audit\u00f3rio da 4\u00aa Regi\u00e3o Integrada de Seguran\u00e7a P\u00fablica, onde fica localizada a sede do 4\u00ba Departamento de Pol\u00edcia de Juiz de Fora. O","canonical_url":"https:\/\/anoticiaonline.com.br\/site\/policiais-civis-de-muriae-participam-de-reuniao-gerencial-local-em-juiz-de-fora\/","robots":"max-image-preview:large","keywords":"","webmasterTools":{"miscellaneous":""},"schema":{"@context":"https:\/\/schema.org","@graph":[{"@type":"BlogPosting","@id":"https:\/\/anoticiaonline.com.br\/site\/policiais-civis-de-muriae-participam-de-reuniao-gerencial-local-em-juiz-de-fora\/#blogposting","name":"Policiais civis de Muria\u00e9 participam de reuni\u00e3o gerencial local em Juiz de Fora - A Not\u00edcia Online","headline":"Policiais civis de Muria\u00e9 participam de reuni\u00e3o gerencial local em Juiz de Fora","author":{"@id":"https:\/\/anoticiaonline.com.br\/site\/author\/juliana\/#author"},"publisher":{"@id":"https:\/\/anoticiaonline.com.br\/site\/#organization"},"image":{"@type":"ImageObject","url":"https:\/\/anoticiaonline.com.br\/site\/wp-content\/uploads\/2016\/03\/IMG-20160318-WA0012.jpg","width":640,"height":446},"datePublished":"2016-03-18T12:22:17-03:00","dateModified":"2016-03-18T12:22:17-03:00","inLanguage":"pt-BR","mainEntityOfPage":{"@id":"https:\/\/anoticiaonline.com.br\/site\/policiais-civis-de-muriae-participam-de-reuniao-gerencial-local-em-juiz-de-fora\/#webpage"},"isPartOf":{"@id":"https:\/\/anoticiaonline.com.br\/site\/policiais-civis-de-muriae-participam-de-reuniao-gerencial-local-em-juiz-de-fora\/#webpage"},"articleSection":"Gerais, slide"},{"@type":"BreadcrumbList","@id":"https:\/\/anoticiaonline.com.br\/site\/policiais-civis-de-muriae-participam-de-reuniao-gerencial-local-em-juiz-de-fora\/#breadcrumblist","itemListElement":[{"@type":"ListItem","@id":"https:\/\/anoticiaonline.com.br\/site#listItem","position":1,"name":"Home","item":"https:\/\/anoticiaonline.com.br\/site","nextItem":{"@type":"ListItem","@id":"https:\/\/anoticiaonline.com.br\/site\/categoria\/gerais\/#listItem","name":"Gerais"}},{"@type":"ListItem","@id":"https:\/\/anoticiaonline.com.br\/site\/categoria\/gerais\/#listItem","position":2,"name":"Gerais","item":"https:\/\/anoticiaonline.com.br\/site\/categoria\/gerais\/","nextItem":{"@type":"ListItem","@id":"https:\/\/anoticiaonline.com.br\/site\/policiais-civis-de-muriae-participam-de-reuniao-gerencial-local-em-juiz-de-fora\/#listItem","name":"Policiais civis de Muria\u00e9 participam de reuni\u00e3o gerencial local em Juiz de Fora"},"previousItem":{"@type":"ListItem","@id":"https:\/\/anoticiaonline.com.br\/site#listItem","name":"Home"}},{"@type":"ListItem","@id":"https:\/\/anoticiaonline.com.br\/site\/policiais-civis-de-muriae-participam-de-reuniao-gerencial-local-em-juiz-de-fora\/#listItem","position":3,"name":"Policiais civis de Muria\u00e9 participam de reuni\u00e3o gerencial local em Juiz de Fora","previousItem":{"@type":"ListItem","@id":"https:\/\/anoticiaonline.com.br\/site\/categoria\/gerais\/#listItem","name":"Gerais"}}]},{"@type":"Organization","@id":"https:\/\/anoticiaonline.com.br\/site\/#organization","name":"A Not\u00edcia Online","description":"Noticias de Muria\u00e9 e regi\u00e3o","url":"https:\/\/anoticiaonline.com.br\/site\/","logo":{"@type":"ImageObject","url":"https:\/\/scontent-gig4-1.xx.fbcdn.net\/v\/t39.30808-1\/270437624_4564083193639691_6907940295614233970_n.jpg?stp=dst-jpg_s200x200_tt6&_nc_cat=111&ccb=1-7&_nc_sid=f907e8&_nc_ohc=SM1wRlP3lJwQ7kNvwEPuBYA&_nc_oc=AdnqrjDN_BNjSSHWO-GbkIWH6fkGMLw4bqvL_NH6e2wMveX7G-rP2dAqsDSq1mJMOaY&_nc_zt=24&_nc_ht=scontent-gig4-1.xx&_nc_gid=AoBFJeGrT1hVaew_6rchkQ&oh=00_AfX7QmFGhQhG2jAllVgXCiM1ZrWgvtp80-Bfppyexh1QEg&oe=689E923C","@id":"https:\/\/anoticiaonline.com.br\/site\/policiais-civis-de-muriae-participam-de-reuniao-gerencial-local-em-juiz-de-fora\/#organizationLogo"},"image":{"@id":"https:\/\/anoticiaonline.com.br\/site\/policiais-civis-de-muriae-participam-de-reuniao-gerencial-local-em-juiz-de-fora\/#organizationLogo"}},{"@type":"Person","@id":"https:\/\/anoticiaonline.com.br\/site\/author\/juliana\/#author","url":"https:\/\/anoticiaonline.com.br\/site\/author\/juliana\/","name":"Juliana Laviola","image":{"@type":"ImageObject","@id":"https:\/\/anoticiaonline.com.br\/site\/policiais-civis-de-muriae-participam-de-reuniao-gerencial-local-em-juiz-de-fora\/#authorImage","url":"https:\/\/secure.gravatar.com\/avatar\/b8d45f5c699b100dfaf0e543582f38f38bf94cb7ae3a5e9abf8d891a34773335?s=96&d=mm&r=g","width":96,"height":96,"caption":"Juliana Laviola"}},{"@type":"WebPage","@id":"https:\/\/anoticiaonline.com.br\/site\/policiais-civis-de-muriae-participam-de-reuniao-gerencial-local-em-juiz-de-fora\/#webpage","url":"https:\/\/anoticiaonline.com.br\/site\/policiais-civis-de-muriae-participam-de-reuniao-gerencial-local-em-juiz-de-fora\/","name":"Policiais civis de Muria\u00e9 participam de reuni\u00e3o gerencial local em Juiz de Fora - A Not\u00edcia Online","description":"Policiais civis participaram, na manh\u00e3 e tarde de quinta-feira (17), de uma reuni\u00e3o gerencial local com a chefe da Pol\u00edcia Civil de Minas Gerais, Andrea Cl\u00e1udia Vacchiano e integrantes do Conselho Superior, no audit\u00f3rio da 4\u00aa Regi\u00e3o Integrada de Seguran\u00e7a P\u00fablica, onde fica localizada a sede do 4\u00ba Departamento de Pol\u00edcia de Juiz de Fora. O","inLanguage":"pt-BR","isPartOf":{"@id":"https:\/\/anoticiaonline.com.br\/site\/#website"},"breadcrumb":{"@id":"https:\/\/anoticiaonline.com.br\/site\/policiais-civis-de-muriae-participam-de-reuniao-gerencial-local-em-juiz-de-fora\/#breadcrumblist"},"author":{"@id":"https:\/\/anoticiaonline.com.br\/site\/author\/juliana\/#author"},"creator":{"@id":"https:\/\/anoticiaonline.com.br\/site\/author\/juliana\/#author"},"image":{"@type":"ImageObject","url":"https:\/\/anoticiaonline.com.br\/site\/wp-content\/uploads\/2016\/03\/IMG-20160318-WA0012.jpg","@id":"https:\/\/anoticiaonline.com.br\/site\/policiais-civis-de-muriae-participam-de-reuniao-gerencial-local-em-juiz-de-fora\/#mainImage","width":640,"height":446},"primaryImageOfPage":{"@id":"https:\/\/anoticiaonline.com.br\/site\/policiais-civis-de-muriae-participam-de-reuniao-gerencial-local-em-juiz-de-fora\/#mainImage"},"datePublished":"2016-03-18T12:22:17-03:00","dateModified":"2016-03-18T12:22:17-03:00"},{"@type":"WebSite","@id":"https:\/\/anoticiaonline.com.br\/site\/#website","url":"https:\/\/anoticiaonline.com.br\/site\/","name":"A Not\u00edcia Online","description":"Noticias de Muria\u00e9 e regi\u00e3o","inLanguage":"pt-BR","publisher":{"@id":"https:\/\/anoticiaonline.com.br\/site\/#organization"}}]},"og:locale":"pt_BR","og:site_name":"A Not\u00edcia Online - Noticias de Muria\u00e9 e regi\u00e3o","og:type":"article","og:title":"Policiais civis de Muria\u00e9 participam de reuni\u00e3o gerencial local em Juiz de Fora - A Not\u00edcia Online","og:description":"Policiais civis participaram, na manh\u00e3 e tarde de quinta-feira (17), de uma reuni\u00e3o gerencial local com a chefe da Pol\u00edcia Civil de Minas Gerais, Andrea Cl\u00e1udia Vacchiano e integrantes do Conselho Superior, no audit\u00f3rio da 4\u00aa Regi\u00e3o Integrada de Seguran\u00e7a P\u00fablica, onde fica localizada a sede do 4\u00ba Departamento de Pol\u00edcia de Juiz de Fora. O","og:url":"https:\/\/anoticiaonline.com.br\/site\/policiais-civis-de-muriae-participam-de-reuniao-gerencial-local-em-juiz-de-fora\/","og:image":"https:\/\/scontent-gig4-1.xx.fbcdn.net\/v\/t39.30808-1\/270437624_4564083193639691_6907940295614233970_n.jpg?stp=dst-jpg_s200x200_tt6&#038;_nc_cat=111&#038;ccb=1-7&#038;_nc_sid=f907e8&#038;_nc_ohc=SM1wRlP3lJwQ7kNvwEPuBYA&#038;_nc_oc=AdnqrjDN_BNjSSHWO-GbkIWH6fkGMLw4bqvL_NH6e2wMveX7G-rP2dAqsDSq1mJMOaY&#038;_nc_zt=24&#038;_nc_ht=scontent-gig4-1.xx&#038;_nc_gid=AoBFJeGrT1hVaew_6rchkQ&#038;oh=00_AfX7QmFGhQhG2jAllVgXCiM1ZrWgvtp80-Bfppyexh1QEg&#038;oe=689E923C","og:image:secure_url":"https:\/\/scontent-gig4-1.xx.fbcdn.net\/v\/t39.30808-1\/270437624_4564083193639691_6907940295614233970_n.jpg?stp=dst-jpg_s200x200_tt6&#038;_nc_cat=111&#038;ccb=1-7&#038;_nc_sid=f907e8&#038;_nc_ohc=SM1wRlP3lJwQ7kNvwEPuBYA&#038;_nc_oc=AdnqrjDN_BNjSSHWO-GbkIWH6fkGMLw4bqvL_NH6e2wMveX7G-rP2dAqsDSq1mJMOaY&#038;_nc_zt=24&#038;_nc_ht=scontent-gig4-1.xx&#038;_nc_gid=AoBFJeGrT1hVaew_6rchkQ&#038;oh=00_AfX7QmFGhQhG2jAllVgXCiM1ZrWgvtp80-Bfppyexh1QEg&#038;oe=689E923C","article:published_time":"2016-03-18T15:22:17+00:00","article:modified_time":"2016-03-18T15:22:17+00:00","twitter:card":"summary_large_image","twitter:title":"Policiais civis de Muria\u00e9 participam de reuni\u00e3o gerencial local em Juiz de Fora - A Not\u00edcia Online","twitter:description":"Policiais civis participaram, na manh\u00e3 e tarde de quinta-feira (17), de uma reuni\u00e3o gerencial local com a chefe da Pol\u00edcia Civil de Minas Gerais, Andrea Cl\u00e1udia Vacchiano e integrantes do Conselho Superior, no audit\u00f3rio da 4\u00aa Regi\u00e3o Integrada de Seguran\u00e7a P\u00fablica, onde fica localizada a sede do 4\u00ba Departamento de Pol\u00edcia de Juiz de Fora. O","twitter:image":"https:\/\/scontent-gig4-1.xx.fbcdn.net\/v\/t39.30808-1\/270437624_4564083193639691_6907940295614233970_n.jpg?stp=dst-jpg_s200x200_tt6&_nc_cat=111&ccb=1-7&_nc_sid=f907e8&_nc_ohc=SM1wRlP3lJwQ7kNvwEPuBYA&_nc_oc=AdnqrjDN_BNjSSHWO-GbkIWH6fkGMLw4bqvL_NH6e2wMveX7G-rP2dAqsDSq1mJMOaY&_nc_zt=24&_nc_ht=scontent-gig4-1.xx&_nc_gid=AoBFJeGrT1hVaew_6rchkQ&oh=00_AfX7QmFGhQhG2jAllVgXCiM1ZrWgvtp80-Bfppyexh1QEg&oe=689E923C"},"aioseo_meta_data":{"post_id":"10499","title":null,"description":null,"keywords":null,"keyphrases":null,"primary_term":null,"canonical_url":null,"og_title":null,"og_description":null,"og_object_type":"default","og_image_type":"default","og_image_url":null,"og_image_width":null,"og_image_height":null,"og_image_custom_url":null,"og_image_custom_fields":null,"og_video":null,"og_custom_url":null,"og_article_section":null,"og_article_tags":null,"twitter_use_og":false,"twitter_card":"default","twitter_image_type":"default","twitter_image_url":null,"twitter_image_custom_url":null,"twitter_image_custom_fields":null,"twitter_title":null,"twitter_description":null,"schema":{"blockGraphs":[],"customGraphs":[],"default":{"data":{"Article":[],"Course":[],"Dataset":[],"FAQPage":[],"Movie":[],"Person":[],"Product":[],"ProductReview":[],"Car":[],"Recipe":[],"Service":[],"SoftwareApplication":[],"WebPage":[]},"graphName":"","isEnabled":true},"graphs":[]},"schema_type":"default","schema_type_options":null,"pillar_content":false,"robots_default":true,"robots_noindex":false,"robots_noarchive":false,"robots_nosnippet":false,"robots_nofollow":false,"robots_noimageindex":false,"robots_noodp":false,"robots_notranslate":false,"robots_max_snippet":null,"robots_max_videopreview":null,"robots_max_imagepreview":"large","priority":null,"frequency":null,"local_seo":null,"breadcrumb_settings":null,"limit_modified_date":false,"ai":null,"created":"2025-08-16 15:36:53","updated":"2025-08-16 15:36:53","focus_keyword":null,"additional_keywords":null,"truseo_locale":null,"seo_analyzer_scan_date":null},"aioseo_breadcrumb":"<div class=\"aioseo-breadcrumbs\"><span class=\"aioseo-breadcrumb\">\n\t\t\t<a href=\"https:\/\/anoticiaonline.com.br\/site\" title=\"Home\">Home<\/a>\n\t\t<\/span><span class=\"aioseo-breadcrumb-separator\">&raquo;<\/span><span class=\"aioseo-breadcrumb\">\n\t\t\t<a href=\"https:\/\/anoticiaonline.com.br\/site\/categoria\/gerais\/\" title=\"Gerais\">Gerais<\/a>\n\t\t<\/span><span class=\"aioseo-breadcrumb-separator\">&raquo;<\/span><span class=\"aioseo-breadcrumb\">\n\t\t\tPoliciais civis de Muria\u00e9 participam de reuni\u00e3o gerencial local em Juiz de Fora\n\t\t<\/span><\/div>","aioseo_breadcrumb_json":[{"label":"Home","link":"https:\/\/anoticiaonline.com.br\/site"},{"label":"Gerais","link":"https:\/\/anoticiaonline.com.br\/site\/categoria\/gerais\/"},{"label":"Policiais civis de Muria\u00e9 participam de reuni\u00e3o gerencial local em Juiz de Fora","link":"https:\/\/anoticiaonline.com.br\/site\/policiais-civis-de-muriae-participam-de-reuniao-gerencial-local-em-juiz-de-fora\/"}],"views":117,"_links":{"self":[{"href":"https:\/\/anoticiaonline.com.br\/site\/wp-json\/wp\/v2\/posts\/10499","targetHints":{"allow":["GET"]}}],"collection":[{"href":"https:\/\/anoticiaonline.com.br\/site\/wp-json\/wp\/v2\/posts"}],"about":[{"href":"https:\/\/anoticiaonline.com.br\/site\/wp-json\/wp\/v2\/types\/post"}],"author":[{"embeddable":true,"href":"https:\/\/anoticiaonline.com.br\/site\/wp-json\/wp\/v2\/users\/2"}],"replies":[{"embeddable":true,"href":"https:\/\/anoticiaonline.com.br\/site\/wp-json\/wp\/v2\/comments?post=10499"}],"version-history":[{"count":0,"href":"https:\/\/anoticiaonline.com.br\/site\/wp-json\/wp\/v2\/posts\/10499\/revisions"}],"wp:featuredmedia":[{"embeddable":true,"href":"https:\/\/anoticiaonline.com.br\/site\/wp-json\/wp\/v2\/media\/10500"}],"wp:attachment":[{"href":"https:\/\/anoticiaonline.com.br\/site\/wp-json\/wp\/v2\/media?parent=10499"}],"wp:term":[{"taxonomy":"category","embeddable":true,"href":"https:\/\/anoticiaonline.com.br\/site\/wp-json\/wp\/v2\/categories?post=10499"},{"taxonomy":"post_tag","embeddable":true,"href":"https:\/\/anoticiaonline.com.br\/site\/wp-json\/wp\/v2\/tags?post=10499"}],"curies":[{"name":"wp","href":"https:\/\/api.w.org\/{rel}","templated":true}]}}