{"id":10485,"date":"2016-03-17T18:44:59","date_gmt":"2016-03-17T21:44:59","guid":{"rendered":"http:\/\/anoticiaonline.com.br\/site\/?p=10485"},"modified":"2016-03-17T19:55:33","modified_gmt":"2016-03-17T22:55:33","slug":"sociarte-28","status":"publish","type":"post","link":"https:\/\/anoticiaonline.com.br\/site\/sociarte-28\/","title":{"rendered":"Sociarte"},"content":{"rendered":"<p><strong>Edi\u00e7\u00e3o 479, de 18 de mar\u00e7o de 2016<\/strong><\/p>\n<p>&nbsp;<\/p>\n<p><a href=\"https:\/\/anoticiaonline.com.br\/site\/wp-content\/uploads\/2016\/03\/1-ano-de-Davi-J\u00fanior.jpg\"><img fetchpriority=\"high\" decoding=\"async\" class=\"alignnone size-medium wp-image-10486\" src=\"https:\/\/anoticiaonline.com.br\/site\/wp-content\/uploads\/2016\/03\/1-ano-de-Davi-J\u00fanior-300x200.jpg\" alt=\"1 ano de Davi J\u00fanior\" width=\"300\" height=\"200\" srcset=\"https:\/\/anoticiaonline.com.br\/site\/wp-content\/uploads\/2016\/03\/1-ano-de-Davi-J\u00fanior-300x200.jpg 300w, https:\/\/anoticiaonline.com.br\/site\/wp-content\/uploads\/2016\/03\/1-ano-de-Davi-J\u00fanior-290x192.jpg 290w, https:\/\/anoticiaonline.com.br\/site\/wp-content\/uploads\/2016\/03\/1-ano-de-Davi-J\u00fanior.jpg 640w\" sizes=\"(max-width: 300px) 100vw, 300px\" \/><\/a><\/p>\n<p><strong>1 ano de Davi J\u00fanior<\/strong><\/p>\n<p>O 1\u00ba aninho de Davi J\u00fanior foi muito comemorado durante uma festa que aconteceu no s\u00e1bado (12), na Sede, no bairro Santana, juntamente com familiares e amiguinhos. Parab\u00e9ns, e que Davi cres\u00e7a com muita sa\u00fade! (Foto Central)<\/p>\n<p>&nbsp;<\/p>\n<p>&nbsp;<\/p>\n<p><a href=\"https:\/\/anoticiaonline.com.br\/site\/wp-content\/uploads\/2016\/03\/Batizado-de-Phelipe.jpg\"><img decoding=\"async\" class=\"alignnone size-medium wp-image-10487\" src=\"https:\/\/anoticiaonline.com.br\/site\/wp-content\/uploads\/2016\/03\/Batizado-de-Phelipe-300x200.jpg\" alt=\"Batizado de Phelipe\" width=\"300\" height=\"200\" srcset=\"https:\/\/anoticiaonline.com.br\/site\/wp-content\/uploads\/2016\/03\/Batizado-de-Phelipe-300x200.jpg 300w, https:\/\/anoticiaonline.com.br\/site\/wp-content\/uploads\/2016\/03\/Batizado-de-Phelipe.jpg 640w\" sizes=\"(max-width: 300px) 100vw, 300px\" \/><\/a><br \/>\n<strong>Batizado de Phelipe<\/strong><\/p>\n<p>Phelipe Pires Mota Filgueiras, filho do casal F\u00e1bio Jos\u00e9 Filgueiras e Alice Pires Mota, recebeu o sacramento do batismo no domingo (13), durante cerim\u00f4nia realizada na Par\u00f3quia Nossa Senhora Aparecida, no Porto. Phelipe tem como padrinhos Gilberto Pimentel Filgueiras e Denise Santana (batismo), Fernando Mota Gon\u00e7alves e Talita Silva Oliveira (consagra\u00e7\u00e3o) e Daniela Pires (toalha). (Revele Photo)<\/p>\n<p>&nbsp;<\/p>\n<p>&nbsp;<\/p>\n<p><a href=\"https:\/\/anoticiaonline.com.br\/site\/wp-content\/uploads\/2016\/03\/6-anos-de-Laura.jpg\"><img decoding=\"async\" class=\"alignnone size-medium wp-image-10488\" src=\"https:\/\/anoticiaonline.com.br\/site\/wp-content\/uploads\/2016\/03\/6-anos-de-Laura-199x300.jpg\" alt=\"6 anos de Laura\" width=\"199\" height=\"300\" srcset=\"https:\/\/anoticiaonline.com.br\/site\/wp-content\/uploads\/2016\/03\/6-anos-de-Laura-199x300.jpg 199w, https:\/\/anoticiaonline.com.br\/site\/wp-content\/uploads\/2016\/03\/6-anos-de-Laura.jpg 424w\" sizes=\"(max-width: 199px) 100vw, 199px\" \/><\/a><br \/>\n<strong>6 anos de Laura<\/strong><\/p>\n<p>Os 6 anos de vida de Laura foram comemorados com uma linda festa, que aconteceu na sexta-feira (11), no sal\u00e3o de festas da Loja Ma\u00e7\u00f4nica Mission\u00e1rios da Luz. A aniversariante recebe os parab\u00e9ns dos pais, Ciro Mendes e Cl\u00e1udia Medeiros Mendes (Magia do Corpo) e dos irm\u00e3os Leonardo e Lucas. Muitos vivas para a Laura! (Foto Central)<\/p>\n<p>&nbsp;<\/p>\n<p>&nbsp;<\/p>\n<p><a href=\"https:\/\/anoticiaonline.com.br\/site\/wp-content\/uploads\/2016\/03\/Niver-de-Rosemary.jpg\"><img loading=\"lazy\" decoding=\"async\" class=\"alignnone size-medium wp-image-10489\" src=\"https:\/\/anoticiaonline.com.br\/site\/wp-content\/uploads\/2016\/03\/Niver-de-Rosemary-200x300.jpg\" alt=\"Niver de Rosemary\" width=\"200\" height=\"300\" srcset=\"https:\/\/anoticiaonline.com.br\/site\/wp-content\/uploads\/2016\/03\/Niver-de-Rosemary-200x300.jpg 200w, https:\/\/anoticiaonline.com.br\/site\/wp-content\/uploads\/2016\/03\/Niver-de-Rosemary.jpg 427w\" sizes=\"(max-width: 200px) 100vw, 200px\" \/><\/a><br \/>\n<strong>Niver de Rosemary<\/strong><\/p>\n<p>As quatro d\u00e9cadas de vida bem vividas de Rosemary foram muito comemoradas durante uma festa, que aconteceu no s\u00e1bado (12), em sua resid\u00eancia, com a presen\u00e7a de amigos e familiares, como o esposo Herculino Trotta J\u00fanior e os filhos, Herculino Trotta Neto e Ana Carolina. Parab\u00e9ns, Rosemary! (Foto Central)<\/p>\n<p>&nbsp;<\/p>\n<p>&nbsp;<\/p>\n<p><a href=\"https:\/\/anoticiaonline.com.br\/site\/wp-content\/uploads\/2016\/03\/Idade-nova-de-Benta.jpg\"><img loading=\"lazy\" decoding=\"async\" class=\"alignnone size-medium wp-image-10490\" src=\"https:\/\/anoticiaonline.com.br\/site\/wp-content\/uploads\/2016\/03\/Idade-nova-de-Benta-295x300.jpg\" alt=\"Idade nova de Benta\" width=\"295\" height=\"300\" srcset=\"https:\/\/anoticiaonline.com.br\/site\/wp-content\/uploads\/2016\/03\/Idade-nova-de-Benta-295x300.jpg 295w, https:\/\/anoticiaonline.com.br\/site\/wp-content\/uploads\/2016\/03\/Idade-nova-de-Benta.jpg 629w\" sizes=\"(max-width: 295px) 100vw, 295px\" \/><\/a><br \/>\n<strong>Idade nova de Benta<\/strong><\/p>\n<p>Maria Aparecida Bento (secret\u00e1ria do Gabinete da Prefeitura de Muria\u00e9), carinhosamente chamada por Benta, sopra velinhas nesta sexta-feira (18). A aniversariante recebe os parab\u00e9ns da equipe do A NOT\u00cdCIA.<\/p>\n<p>&nbsp;<\/p>\n<p>&nbsp;<\/p>\n<p><a href=\"https:\/\/anoticiaonline.com.br\/site\/wp-content\/uploads\/2016\/03\/1\u00ba-aninho-de-Francisco.jpg\"><img loading=\"lazy\" decoding=\"async\" class=\"alignnone size-medium wp-image-10491\" src=\"https:\/\/anoticiaonline.com.br\/site\/wp-content\/uploads\/2016\/03\/1\u00ba-aninho-de-Francisco-300x200.jpg\" alt=\"1\u00ba aninho de Francisco\" width=\"300\" height=\"200\" srcset=\"https:\/\/anoticiaonline.com.br\/site\/wp-content\/uploads\/2016\/03\/1\u00ba-aninho-de-Francisco-300x200.jpg 300w, https:\/\/anoticiaonline.com.br\/site\/wp-content\/uploads\/2016\/03\/1\u00ba-aninho-de-Francisco-290x192.jpg 290w, https:\/\/anoticiaonline.com.br\/site\/wp-content\/uploads\/2016\/03\/1\u00ba-aninho-de-Francisco.jpg 640w\" sizes=\"(max-width: 300px) 100vw, 300px\" \/><\/a><br \/>\n<strong>1\u00ba aninho de Francisco<\/strong><\/p>\n<p>S\u00e1bado (12) foi dia de comemorar o 1\u00ba aninho de Francisco Schnipv Carvalho Corr\u00eaa, filho segundo do advogado Dr. Francisco Carvalho Corr\u00eaa e L\u00edvia Schnipv Carvalho. A festa aconteceu no Torre Fest, com a presen\u00e7a de familiares e amiguinhos. Parab\u00e9ns, Francisco! (Revele Photo)<\/p>\n<p>&nbsp;<\/p>\n<p>&nbsp;<\/p>\n<p><a href=\"https:\/\/anoticiaonline.com.br\/site\/wp-content\/uploads\/2016\/03\/Maria-Luiza-completa-um-aninho.jpg\"><img loading=\"lazy\" decoding=\"async\" class=\"alignnone size-medium wp-image-10492\" src=\"https:\/\/anoticiaonline.com.br\/site\/wp-content\/uploads\/2016\/03\/Maria-Luiza-completa-um-aninho-300x200.jpg\" alt=\"Maria Luiza completa um aninho\" width=\"300\" height=\"200\" srcset=\"https:\/\/anoticiaonline.com.br\/site\/wp-content\/uploads\/2016\/03\/Maria-Luiza-completa-um-aninho-300x200.jpg 300w, https:\/\/anoticiaonline.com.br\/site\/wp-content\/uploads\/2016\/03\/Maria-Luiza-completa-um-aninho.jpg 640w\" sizes=\"(max-width: 300px) 100vw, 300px\" \/><\/a><br \/>\n<strong>Maria Luiza completa um aninho<\/strong><\/p>\n<p>Maria Luiza, primog\u00eanita do casal Rafael Proc\u00f3pio Gomes e Simone Aparecida Ferreira Rodrigues, completou 1 aninho de vida, e esta data t\u00e3o especial foi comemorada com uma linda festa, que aconteceu no s\u00e1bado (12), no TKJ, no Dornelas. Parab\u00e9ns, Maria Luiza! (Revele Photo)<\/p>\n","protected":false},"excerpt":{"rendered":"<p>Edi\u00e7\u00e3o 479, de 18 de mar\u00e7o de 2016 &nbsp; 1 ano de Davi J\u00fanior O 1\u00ba aninho de Davi J\u00fanior foi muito comemorado durante uma festa que aconteceu no s\u00e1bado (12), na Sede, no bairro Santana, juntamente com familiares e amiguinhos. Parab\u00e9ns, e que Davi cres\u00e7a com muita sa\u00fade! (Foto Central) &nbsp; &nbsp; Batizado de &#8230; <a title=\"Sociarte\" class=\"read-more\" href=\"https:\/\/anoticiaonline.com.br\/site\/sociarte-28\/\" aria-label=\"Read more about Sociarte\">Ler mais<\/a><\/p>\n","protected":false},"author":2,"featured_media":0,"comment_status":"open","ping_status":"open","sticky":false,"template":"","format":"standard","meta":{"_acf_changed":false,"_monsterinsights_skip_tracking":false,"footnotes":""},"categories":[38],"tags":[],"class_list":["post-10485","post","type-post","status-publish","format-standard","hentry","category-sociarte"],"acf":[],"aioseo_notices":[],"aioseo_head":"\n\t\t<!-- All in One SEO 5.0.0.1 - aioseo.com -->\n\t<meta name=\"description\" content=\"Edi\u00e7\u00e3o 479, de 18 de mar\u00e7o de 2016 1 ano de Davi J\u00fanior O 1\u00ba aninho de Davi J\u00fanior foi muito comemorado durante uma festa que aconteceu no s\u00e1bado (12), na Sede, no bairro Santana, juntamente com familiares e amiguinhos. Parab\u00e9ns, e que Davi cres\u00e7a com muita sa\u00fade! (Foto Central) Batizado de\" \/>\n\t<meta name=\"robots\" content=\"max-image-preview:large\" \/>\n\t<meta name=\"author\" content=\"Juliana Laviola\"\/>\n\t<link rel=\"canonical\" href=\"https:\/\/anoticiaonline.com.br\/site\/sociarte-28\/\" \/>\n\t<meta name=\"generator\" content=\"All in One SEO (AIOSEO) 5.0.0.1\" \/>\n\t\t<meta property=\"og:locale\" content=\"pt_BR\" \/>\n\t\t<meta property=\"og:site_name\" content=\"A Not\u00edcia Online - Noticias de Muria\u00e9 e regi\u00e3o\" \/>\n\t\t<meta property=\"og:type\" content=\"article\" \/>\n\t\t<meta property=\"og:title\" content=\"Sociarte - A Not\u00edcia Online\" \/>\n\t\t<meta property=\"og:description\" content=\"Edi\u00e7\u00e3o 479, de 18 de mar\u00e7o de 2016 1 ano de Davi J\u00fanior O 1\u00ba aninho de Davi J\u00fanior foi muito comemorado durante uma festa que aconteceu no s\u00e1bado (12), na Sede, no bairro Santana, juntamente com familiares e amiguinhos. Parab\u00e9ns, e que Davi cres\u00e7a com muita sa\u00fade! (Foto Central) Batizado de\" \/>\n\t\t<meta property=\"og:url\" content=\"https:\/\/anoticiaonline.com.br\/site\/sociarte-28\/\" \/>\n\t\t<meta property=\"og:image\" content=\"https:\/\/scontent-gig4-1.xx.fbcdn.net\/v\/t39.30808-1\/270437624_4564083193639691_6907940295614233970_n.jpg?stp=dst-jpg_s200x200_tt6&#038;_nc_cat=111&#038;ccb=1-7&#038;_nc_sid=f907e8&#038;_nc_ohc=SM1wRlP3lJwQ7kNvwEPuBYA&#038;_nc_oc=AdnqrjDN_BNjSSHWO-GbkIWH6fkGMLw4bqvL_NH6e2wMveX7G-rP2dAqsDSq1mJMOaY&#038;_nc_zt=24&#038;_nc_ht=scontent-gig4-1.xx&#038;_nc_gid=AoBFJeGrT1hVaew_6rchkQ&#038;oh=00_AfX7QmFGhQhG2jAllVgXCiM1ZrWgvtp80-Bfppyexh1QEg&#038;oe=689E923C\" \/>\n\t\t<meta property=\"og:image:secure_url\" content=\"https:\/\/scontent-gig4-1.xx.fbcdn.net\/v\/t39.30808-1\/270437624_4564083193639691_6907940295614233970_n.jpg?stp=dst-jpg_s200x200_tt6&#038;_nc_cat=111&#038;ccb=1-7&#038;_nc_sid=f907e8&#038;_nc_ohc=SM1wRlP3lJwQ7kNvwEPuBYA&#038;_nc_oc=AdnqrjDN_BNjSSHWO-GbkIWH6fkGMLw4bqvL_NH6e2wMveX7G-rP2dAqsDSq1mJMOaY&#038;_nc_zt=24&#038;_nc_ht=scontent-gig4-1.xx&#038;_nc_gid=AoBFJeGrT1hVaew_6rchkQ&#038;oh=00_AfX7QmFGhQhG2jAllVgXCiM1ZrWgvtp80-Bfppyexh1QEg&#038;oe=689E923C\" \/>\n\t\t<meta property=\"article:published_time\" content=\"2016-03-17T21:44:59+00:00\" \/>\n\t\t<meta property=\"article:modified_time\" content=\"2016-03-17T22:55:33+00:00\" \/>\n\t\t<meta name=\"twitter:card\" content=\"summary_large_image\" \/>\n\t\t<meta name=\"twitter:title\" content=\"Sociarte - A Not\u00edcia Online\" \/>\n\t\t<meta name=\"twitter:description\" content=\"Edi\u00e7\u00e3o 479, de 18 de mar\u00e7o de 2016 1 ano de Davi J\u00fanior O 1\u00ba aninho de Davi J\u00fanior foi muito comemorado durante uma festa que aconteceu no s\u00e1bado (12), na Sede, no bairro Santana, juntamente com familiares e amiguinhos. Parab\u00e9ns, e que Davi cres\u00e7a com muita sa\u00fade! (Foto Central) Batizado de\" \/>\n\t\t<meta name=\"twitter:image\" content=\"https:\/\/scontent-gig4-1.xx.fbcdn.net\/v\/t39.30808-1\/270437624_4564083193639691_6907940295614233970_n.jpg?stp=dst-jpg_s200x200_tt6&amp;_nc_cat=111&amp;ccb=1-7&amp;_nc_sid=f907e8&amp;_nc_ohc=SM1wRlP3lJwQ7kNvwEPuBYA&amp;_nc_oc=AdnqrjDN_BNjSSHWO-GbkIWH6fkGMLw4bqvL_NH6e2wMveX7G-rP2dAqsDSq1mJMOaY&amp;_nc_zt=24&amp;_nc_ht=scontent-gig4-1.xx&amp;_nc_gid=AoBFJeGrT1hVaew_6rchkQ&amp;oh=00_AfX7QmFGhQhG2jAllVgXCiM1ZrWgvtp80-Bfppyexh1QEg&amp;oe=689E923C\" \/>\n\t\t<script type=\"application\/ld+json\" class=\"aioseo-schema\">\n\t\t\t{\"@context\":\"https:\\\/\\\/schema.org\",\"@graph\":[{\"@type\":\"BlogPosting\",\"@id\":\"https:\\\/\\\/anoticiaonline.com.br\\\/site\\\/sociarte-28\\\/#blogposting\",\"name\":\"Sociarte - A Not\\u00edcia Online\",\"headline\":\"Sociarte\",\"author\":{\"@id\":\"https:\\\/\\\/anoticiaonline.com.br\\\/site\\\/author\\\/juliana\\\/#author\"},\"publisher\":{\"@id\":\"https:\\\/\\\/anoticiaonline.com.br\\\/site\\\/#organization\"},\"image\":{\"@type\":\"ImageObject\",\"url\":\"http:\\\/\\\/anoticiaonline.com.br\\\/site\\\/wp-content\\\/uploads\\\/2016\\\/03\\\/1-ano-de-Davi-J\\u00fanior-300x200.jpg\",\"@id\":\"https:\\\/\\\/anoticiaonline.com.br\\\/site\\\/sociarte-28\\\/#articleImage\"},\"datePublished\":\"2016-03-17T18:44:59-03:00\",\"dateModified\":\"2016-03-17T19:55:33-03:00\",\"inLanguage\":\"pt-BR\",\"mainEntityOfPage\":{\"@id\":\"https:\\\/\\\/anoticiaonline.com.br\\\/site\\\/sociarte-28\\\/#webpage\"},\"isPartOf\":{\"@id\":\"https:\\\/\\\/anoticiaonline.com.br\\\/site\\\/sociarte-28\\\/#webpage\"},\"articleSection\":\"Sociarte\"},{\"@type\":\"BreadcrumbList\",\"@id\":\"https:\\\/\\\/anoticiaonline.com.br\\\/site\\\/sociarte-28\\\/#breadcrumblist\",\"itemListElement\":[{\"@type\":\"ListItem\",\"@id\":\"https:\\\/\\\/anoticiaonline.com.br\\\/site#listItem\",\"position\":1,\"name\":\"Home\",\"item\":\"https:\\\/\\\/anoticiaonline.com.br\\\/site\",\"nextItem\":{\"@type\":\"ListItem\",\"@id\":\"https:\\\/\\\/anoticiaonline.com.br\\\/site\\\/categoria\\\/colunistas\\\/#listItem\",\"name\":\"Colunistas\"}},{\"@type\":\"ListItem\",\"@id\":\"https:\\\/\\\/anoticiaonline.com.br\\\/site\\\/categoria\\\/colunistas\\\/#listItem\",\"position\":2,\"name\":\"Colunistas\",\"item\":\"https:\\\/\\\/anoticiaonline.com.br\\\/site\\\/categoria\\\/colunistas\\\/\",\"nextItem\":{\"@type\":\"ListItem\",\"@id\":\"https:\\\/\\\/anoticiaonline.com.br\\\/site\\\/categoria\\\/colunistas\\\/sociarte\\\/#listItem\",\"name\":\"Sociarte\"},\"previousItem\":{\"@type\":\"ListItem\",\"@id\":\"https:\\\/\\\/anoticiaonline.com.br\\\/site#listItem\",\"name\":\"Home\"}},{\"@type\":\"ListItem\",\"@id\":\"https:\\\/\\\/anoticiaonline.com.br\\\/site\\\/categoria\\\/colunistas\\\/sociarte\\\/#listItem\",\"position\":3,\"name\":\"Sociarte\",\"item\":\"https:\\\/\\\/anoticiaonline.com.br\\\/site\\\/categoria\\\/colunistas\\\/sociarte\\\/\",\"nextItem\":{\"@type\":\"ListItem\",\"@id\":\"https:\\\/\\\/anoticiaonline.com.br\\\/site\\\/sociarte-28\\\/#listItem\",\"name\":\"Sociarte\"},\"previousItem\":{\"@type\":\"ListItem\",\"@id\":\"https:\\\/\\\/anoticiaonline.com.br\\\/site\\\/categoria\\\/colunistas\\\/#listItem\",\"name\":\"Colunistas\"}},{\"@type\":\"ListItem\",\"@id\":\"https:\\\/\\\/anoticiaonline.com.br\\\/site\\\/sociarte-28\\\/#listItem\",\"position\":4,\"name\":\"Sociarte\",\"previousItem\":{\"@type\":\"ListItem\",\"@id\":\"https:\\\/\\\/anoticiaonline.com.br\\\/site\\\/categoria\\\/colunistas\\\/sociarte\\\/#listItem\",\"name\":\"Sociarte\"}}]},{\"@type\":\"Organization\",\"@id\":\"https:\\\/\\\/anoticiaonline.com.br\\\/site\\\/#organization\",\"name\":\"A Not\\u00edcia Online\",\"description\":\"Noticias de Muria\\u00e9 e regi\\u00e3o\",\"url\":\"https:\\\/\\\/anoticiaonline.com.br\\\/site\\\/\",\"logo\":{\"@type\":\"ImageObject\",\"url\":\"https:\\\/\\\/scontent-gig4-1.xx.fbcdn.net\\\/v\\\/t39.30808-1\\\/270437624_4564083193639691_6907940295614233970_n.jpg?stp=dst-jpg_s200x200_tt6&_nc_cat=111&ccb=1-7&_nc_sid=f907e8&_nc_ohc=SM1wRlP3lJwQ7kNvwEPuBYA&_nc_oc=AdnqrjDN_BNjSSHWO-GbkIWH6fkGMLw4bqvL_NH6e2wMveX7G-rP2dAqsDSq1mJMOaY&_nc_zt=24&_nc_ht=scontent-gig4-1.xx&_nc_gid=AoBFJeGrT1hVaew_6rchkQ&oh=00_AfX7QmFGhQhG2jAllVgXCiM1ZrWgvtp80-Bfppyexh1QEg&oe=689E923C\",\"@id\":\"https:\\\/\\\/anoticiaonline.com.br\\\/site\\\/sociarte-28\\\/#organizationLogo\"},\"image\":{\"@id\":\"https:\\\/\\\/anoticiaonline.com.br\\\/site\\\/sociarte-28\\\/#organizationLogo\"}},{\"@type\":\"Person\",\"@id\":\"https:\\\/\\\/anoticiaonline.com.br\\\/site\\\/author\\\/juliana\\\/#author\",\"url\":\"https:\\\/\\\/anoticiaonline.com.br\\\/site\\\/author\\\/juliana\\\/\",\"name\":\"Juliana Laviola\",\"image\":{\"@type\":\"ImageObject\",\"@id\":\"https:\\\/\\\/anoticiaonline.com.br\\\/site\\\/sociarte-28\\\/#authorImage\",\"url\":\"https:\\\/\\\/secure.gravatar.com\\\/avatar\\\/b8d45f5c699b100dfaf0e543582f38f38bf94cb7ae3a5e9abf8d891a34773335?s=96&d=mm&r=g\",\"width\":96,\"height\":96,\"caption\":\"Juliana Laviola\"}},{\"@type\":\"WebPage\",\"@id\":\"https:\\\/\\\/anoticiaonline.com.br\\\/site\\\/sociarte-28\\\/#webpage\",\"url\":\"https:\\\/\\\/anoticiaonline.com.br\\\/site\\\/sociarte-28\\\/\",\"name\":\"Sociarte - A Not\\u00edcia Online\",\"description\":\"Edi\\u00e7\\u00e3o 479, de 18 de mar\\u00e7o de 2016 1 ano de Davi J\\u00fanior O 1\\u00ba aninho de Davi J\\u00fanior foi muito comemorado durante uma festa que aconteceu no s\\u00e1bado (12), na Sede, no bairro Santana, juntamente com familiares e amiguinhos. Parab\\u00e9ns, e que Davi cres\\u00e7a com muita sa\\u00fade! (Foto Central) Batizado de\",\"inLanguage\":\"pt-BR\",\"isPartOf\":{\"@id\":\"https:\\\/\\\/anoticiaonline.com.br\\\/site\\\/#website\"},\"breadcrumb\":{\"@id\":\"https:\\\/\\\/anoticiaonline.com.br\\\/site\\\/sociarte-28\\\/#breadcrumblist\"},\"author\":{\"@id\":\"https:\\\/\\\/anoticiaonline.com.br\\\/site\\\/author\\\/juliana\\\/#author\"},\"creator\":{\"@id\":\"https:\\\/\\\/anoticiaonline.com.br\\\/site\\\/author\\\/juliana\\\/#author\"},\"datePublished\":\"2016-03-17T18:44:59-03:00\",\"dateModified\":\"2016-03-17T19:55:33-03:00\"},{\"@type\":\"WebSite\",\"@id\":\"https:\\\/\\\/anoticiaonline.com.br\\\/site\\\/#website\",\"url\":\"https:\\\/\\\/anoticiaonline.com.br\\\/site\\\/\",\"name\":\"A Not\\u00edcia Online\",\"description\":\"Noticias de Muria\\u00e9 e regi\\u00e3o\",\"inLanguage\":\"pt-BR\",\"publisher\":{\"@id\":\"https:\\\/\\\/anoticiaonline.com.br\\\/site\\\/#organization\"}}]}\n\t\t<\/script>\n\t\t<!-- All in One SEO -->\n\n","aioseo_head_json":{"title":"Sociarte - A Not\u00edcia Online","description":"Edi\u00e7\u00e3o 479, de 18 de mar\u00e7o de 2016 1 ano de Davi J\u00fanior O 1\u00ba aninho de Davi J\u00fanior foi muito comemorado durante uma festa que aconteceu no s\u00e1bado (12), na Sede, no bairro Santana, juntamente com familiares e amiguinhos. Parab\u00e9ns, e que Davi cres\u00e7a com muita sa\u00fade! (Foto Central) Batizado de","canonical_url":"https:\/\/anoticiaonline.com.br\/site\/sociarte-28\/","robots":"max-image-preview:large","keywords":"","webmasterTools":{"miscellaneous":""},"schema":{"@context":"https:\/\/schema.org","@graph":[{"@type":"BlogPosting","@id":"https:\/\/anoticiaonline.com.br\/site\/sociarte-28\/#blogposting","name":"Sociarte - A Not\u00edcia Online","headline":"Sociarte","author":{"@id":"https:\/\/anoticiaonline.com.br\/site\/author\/juliana\/#author"},"publisher":{"@id":"https:\/\/anoticiaonline.com.br\/site\/#organization"},"image":{"@type":"ImageObject","url":"http:\/\/anoticiaonline.com.br\/site\/wp-content\/uploads\/2016\/03\/1-ano-de-Davi-J\u00fanior-300x200.jpg","@id":"https:\/\/anoticiaonline.com.br\/site\/sociarte-28\/#articleImage"},"datePublished":"2016-03-17T18:44:59-03:00","dateModified":"2016-03-17T19:55:33-03:00","inLanguage":"pt-BR","mainEntityOfPage":{"@id":"https:\/\/anoticiaonline.com.br\/site\/sociarte-28\/#webpage"},"isPartOf":{"@id":"https:\/\/anoticiaonline.com.br\/site\/sociarte-28\/#webpage"},"articleSection":"Sociarte"},{"@type":"BreadcrumbList","@id":"https:\/\/anoticiaonline.com.br\/site\/sociarte-28\/#breadcrumblist","itemListElement":[{"@type":"ListItem","@id":"https:\/\/anoticiaonline.com.br\/site#listItem","position":1,"name":"Home","item":"https:\/\/anoticiaonline.com.br\/site","nextItem":{"@type":"ListItem","@id":"https:\/\/anoticiaonline.com.br\/site\/categoria\/colunistas\/#listItem","name":"Colunistas"}},{"@type":"ListItem","@id":"https:\/\/anoticiaonline.com.br\/site\/categoria\/colunistas\/#listItem","position":2,"name":"Colunistas","item":"https:\/\/anoticiaonline.com.br\/site\/categoria\/colunistas\/","nextItem":{"@type":"ListItem","@id":"https:\/\/anoticiaonline.com.br\/site\/categoria\/colunistas\/sociarte\/#listItem","name":"Sociarte"},"previousItem":{"@type":"ListItem","@id":"https:\/\/anoticiaonline.com.br\/site#listItem","name":"Home"}},{"@type":"ListItem","@id":"https:\/\/anoticiaonline.com.br\/site\/categoria\/colunistas\/sociarte\/#listItem","position":3,"name":"Sociarte","item":"https:\/\/anoticiaonline.com.br\/site\/categoria\/colunistas\/sociarte\/","nextItem":{"@type":"ListItem","@id":"https:\/\/anoticiaonline.com.br\/site\/sociarte-28\/#listItem","name":"Sociarte"},"previousItem":{"@type":"ListItem","@id":"https:\/\/anoticiaonline.com.br\/site\/categoria\/colunistas\/#listItem","name":"Colunistas"}},{"@type":"ListItem","@id":"https:\/\/anoticiaonline.com.br\/site\/sociarte-28\/#listItem","position":4,"name":"Sociarte","previousItem":{"@type":"ListItem","@id":"https:\/\/anoticiaonline.com.br\/site\/categoria\/colunistas\/sociarte\/#listItem","name":"Sociarte"}}]},{"@type":"Organization","@id":"https:\/\/anoticiaonline.com.br\/site\/#organization","name":"A Not\u00edcia Online","description":"Noticias de Muria\u00e9 e regi\u00e3o","url":"https:\/\/anoticiaonline.com.br\/site\/","logo":{"@type":"ImageObject","url":"https:\/\/scontent-gig4-1.xx.fbcdn.net\/v\/t39.30808-1\/270437624_4564083193639691_6907940295614233970_n.jpg?stp=dst-jpg_s200x200_tt6&_nc_cat=111&ccb=1-7&_nc_sid=f907e8&_nc_ohc=SM1wRlP3lJwQ7kNvwEPuBYA&_nc_oc=AdnqrjDN_BNjSSHWO-GbkIWH6fkGMLw4bqvL_NH6e2wMveX7G-rP2dAqsDSq1mJMOaY&_nc_zt=24&_nc_ht=scontent-gig4-1.xx&_nc_gid=AoBFJeGrT1hVaew_6rchkQ&oh=00_AfX7QmFGhQhG2jAllVgXCiM1ZrWgvtp80-Bfppyexh1QEg&oe=689E923C","@id":"https:\/\/anoticiaonline.com.br\/site\/sociarte-28\/#organizationLogo"},"image":{"@id":"https:\/\/anoticiaonline.com.br\/site\/sociarte-28\/#organizationLogo"}},{"@type":"Person","@id":"https:\/\/anoticiaonline.com.br\/site\/author\/juliana\/#author","url":"https:\/\/anoticiaonline.com.br\/site\/author\/juliana\/","name":"Juliana Laviola","image":{"@type":"ImageObject","@id":"https:\/\/anoticiaonline.com.br\/site\/sociarte-28\/#authorImage","url":"https:\/\/secure.gravatar.com\/avatar\/b8d45f5c699b100dfaf0e543582f38f38bf94cb7ae3a5e9abf8d891a34773335?s=96&d=mm&r=g","width":96,"height":96,"caption":"Juliana Laviola"}},{"@type":"WebPage","@id":"https:\/\/anoticiaonline.com.br\/site\/sociarte-28\/#webpage","url":"https:\/\/anoticiaonline.com.br\/site\/sociarte-28\/","name":"Sociarte - A Not\u00edcia Online","description":"Edi\u00e7\u00e3o 479, de 18 de mar\u00e7o de 2016 1 ano de Davi J\u00fanior O 1\u00ba aninho de Davi J\u00fanior foi muito comemorado durante uma festa que aconteceu no s\u00e1bado (12), na Sede, no bairro Santana, juntamente com familiares e amiguinhos. Parab\u00e9ns, e que Davi cres\u00e7a com muita sa\u00fade! (Foto Central) Batizado de","inLanguage":"pt-BR","isPartOf":{"@id":"https:\/\/anoticiaonline.com.br\/site\/#website"},"breadcrumb":{"@id":"https:\/\/anoticiaonline.com.br\/site\/sociarte-28\/#breadcrumblist"},"author":{"@id":"https:\/\/anoticiaonline.com.br\/site\/author\/juliana\/#author"},"creator":{"@id":"https:\/\/anoticiaonline.com.br\/site\/author\/juliana\/#author"},"datePublished":"2016-03-17T18:44:59-03:00","dateModified":"2016-03-17T19:55:33-03:00"},{"@type":"WebSite","@id":"https:\/\/anoticiaonline.com.br\/site\/#website","url":"https:\/\/anoticiaonline.com.br\/site\/","name":"A Not\u00edcia Online","description":"Noticias de Muria\u00e9 e regi\u00e3o","inLanguage":"pt-BR","publisher":{"@id":"https:\/\/anoticiaonline.com.br\/site\/#organization"}}]},"og:locale":"pt_BR","og:site_name":"A Not\u00edcia Online - Noticias de Muria\u00e9 e regi\u00e3o","og:type":"article","og:title":"Sociarte - A Not\u00edcia Online","og:description":"Edi\u00e7\u00e3o 479, de 18 de mar\u00e7o de 2016 1 ano de Davi J\u00fanior O 1\u00ba aninho de Davi J\u00fanior foi muito comemorado durante uma festa que aconteceu no s\u00e1bado (12), na Sede, no bairro Santana, juntamente com familiares e amiguinhos. Parab\u00e9ns, e que Davi cres\u00e7a com muita sa\u00fade! (Foto Central) Batizado de","og:url":"https:\/\/anoticiaonline.com.br\/site\/sociarte-28\/","og:image":"https:\/\/scontent-gig4-1.xx.fbcdn.net\/v\/t39.30808-1\/270437624_4564083193639691_6907940295614233970_n.jpg?stp=dst-jpg_s200x200_tt6&#038;_nc_cat=111&#038;ccb=1-7&#038;_nc_sid=f907e8&#038;_nc_ohc=SM1wRlP3lJwQ7kNvwEPuBYA&#038;_nc_oc=AdnqrjDN_BNjSSHWO-GbkIWH6fkGMLw4bqvL_NH6e2wMveX7G-rP2dAqsDSq1mJMOaY&#038;_nc_zt=24&#038;_nc_ht=scontent-gig4-1.xx&#038;_nc_gid=AoBFJeGrT1hVaew_6rchkQ&#038;oh=00_AfX7QmFGhQhG2jAllVgXCiM1ZrWgvtp80-Bfppyexh1QEg&#038;oe=689E923C","og:image:secure_url":"https:\/\/scontent-gig4-1.xx.fbcdn.net\/v\/t39.30808-1\/270437624_4564083193639691_6907940295614233970_n.jpg?stp=dst-jpg_s200x200_tt6&#038;_nc_cat=111&#038;ccb=1-7&#038;_nc_sid=f907e8&#038;_nc_ohc=SM1wRlP3lJwQ7kNvwEPuBYA&#038;_nc_oc=AdnqrjDN_BNjSSHWO-GbkIWH6fkGMLw4bqvL_NH6e2wMveX7G-rP2dAqsDSq1mJMOaY&#038;_nc_zt=24&#038;_nc_ht=scontent-gig4-1.xx&#038;_nc_gid=AoBFJeGrT1hVaew_6rchkQ&#038;oh=00_AfX7QmFGhQhG2jAllVgXCiM1ZrWgvtp80-Bfppyexh1QEg&#038;oe=689E923C","article:published_time":"2016-03-17T21:44:59+00:00","article:modified_time":"2016-03-17T22:55:33+00:00","twitter:card":"summary_large_image","twitter:title":"Sociarte - A Not\u00edcia Online","twitter:description":"Edi\u00e7\u00e3o 479, de 18 de mar\u00e7o de 2016 1 ano de Davi J\u00fanior O 1\u00ba aninho de Davi J\u00fanior foi muito comemorado durante uma festa que aconteceu no s\u00e1bado (12), na Sede, no bairro Santana, juntamente com familiares e amiguinhos. Parab\u00e9ns, e que Davi cres\u00e7a com muita sa\u00fade! (Foto Central) Batizado de","twitter:image":"https:\/\/scontent-gig4-1.xx.fbcdn.net\/v\/t39.30808-1\/270437624_4564083193639691_6907940295614233970_n.jpg?stp=dst-jpg_s200x200_tt6&_nc_cat=111&ccb=1-7&_nc_sid=f907e8&_nc_ohc=SM1wRlP3lJwQ7kNvwEPuBYA&_nc_oc=AdnqrjDN_BNjSSHWO-GbkIWH6fkGMLw4bqvL_NH6e2wMveX7G-rP2dAqsDSq1mJMOaY&_nc_zt=24&_nc_ht=scontent-gig4-1.xx&_nc_gid=AoBFJeGrT1hVaew_6rchkQ&oh=00_AfX7QmFGhQhG2jAllVgXCiM1ZrWgvtp80-Bfppyexh1QEg&oe=689E923C"},"aioseo_meta_data":{"post_id":"10485","title":null,"description":null,"keywords":null,"keyphrases":null,"primary_term":null,"canonical_url":null,"og_title":null,"og_description":null,"og_object_type":"default","og_image_type":"default","og_image_url":null,"og_image_width":null,"og_image_height":null,"og_image_custom_url":null,"og_image_custom_fields":null,"og_video":null,"og_custom_url":null,"og_article_section":null,"og_article_tags":null,"twitter_use_og":false,"twitter_card":"default","twitter_image_type":"default","twitter_image_url":null,"twitter_image_custom_url":null,"twitter_image_custom_fields":null,"twitter_title":null,"twitter_description":null,"schema":{"blockGraphs":[],"customGraphs":[],"default":{"data":{"Article":[],"Course":[],"Dataset":[],"FAQPage":[],"Movie":[],"Person":[],"Product":[],"ProductReview":[],"Car":[],"Recipe":[],"Service":[],"SoftwareApplication":[],"WebPage":[]},"graphName":"","isEnabled":true},"graphs":[]},"schema_type":"default","schema_type_options":null,"pillar_content":false,"robots_default":true,"robots_noindex":false,"robots_noarchive":false,"robots_nosnippet":false,"robots_nofollow":false,"robots_noimageindex":false,"robots_noodp":false,"robots_notranslate":false,"robots_max_snippet":null,"robots_max_videopreview":null,"robots_max_imagepreview":"large","priority":null,"frequency":null,"local_seo":null,"breadcrumb_settings":null,"limit_modified_date":false,"ai":null,"created":"2025-08-16 15:36:53","updated":"2025-08-16 15:36:53","focus_keyword":null,"additional_keywords":null,"truseo_locale":null,"seo_analyzer_scan_date":null},"aioseo_breadcrumb":"<div class=\"aioseo-breadcrumbs\"><span class=\"aioseo-breadcrumb\">\n\t\t\t<a href=\"https:\/\/anoticiaonline.com.br\/site\" title=\"Home\">Home<\/a>\n\t\t<\/span><span class=\"aioseo-breadcrumb-separator\">&raquo;<\/span><span class=\"aioseo-breadcrumb\">\n\t\t\t<a href=\"https:\/\/anoticiaonline.com.br\/site\/categoria\/colunistas\/\" title=\"Colunistas\">Colunistas<\/a>\n\t\t<\/span><span class=\"aioseo-breadcrumb-separator\">&raquo;<\/span><span class=\"aioseo-breadcrumb\">\n\t\t\t<a href=\"https:\/\/anoticiaonline.com.br\/site\/categoria\/colunistas\/sociarte\/\" title=\"Sociarte\">Sociarte<\/a>\n\t\t<\/span><span class=\"aioseo-breadcrumb-separator\">&raquo;<\/span><span class=\"aioseo-breadcrumb\">\n\t\t\tSociarte\n\t\t<\/span><\/div>","aioseo_breadcrumb_json":[{"label":"Home","link":"https:\/\/anoticiaonline.com.br\/site"},{"label":"Colunistas","link":"https:\/\/anoticiaonline.com.br\/site\/categoria\/colunistas\/"},{"label":"Sociarte","link":"https:\/\/anoticiaonline.com.br\/site\/categoria\/colunistas\/sociarte\/"},{"label":"Sociarte","link":"https:\/\/anoticiaonline.com.br\/site\/sociarte-28\/"}],"views":120,"_links":{"self":[{"href":"https:\/\/anoticiaonline.com.br\/site\/wp-json\/wp\/v2\/posts\/10485","targetHints":{"allow":["GET"]}}],"collection":[{"href":"https:\/\/anoticiaonline.com.br\/site\/wp-json\/wp\/v2\/posts"}],"about":[{"href":"https:\/\/anoticiaonline.com.br\/site\/wp-json\/wp\/v2\/types\/post"}],"author":[{"embeddable":true,"href":"https:\/\/anoticiaonline.com.br\/site\/wp-json\/wp\/v2\/users\/2"}],"replies":[{"embeddable":true,"href":"https:\/\/anoticiaonline.com.br\/site\/wp-json\/wp\/v2\/comments?post=10485"}],"version-history":[{"count":0,"href":"https:\/\/anoticiaonline.com.br\/site\/wp-json\/wp\/v2\/posts\/10485\/revisions"}],"wp:attachment":[{"href":"https:\/\/anoticiaonline.com.br\/site\/wp-json\/wp\/v2\/media?parent=10485"}],"wp:term":[{"taxonomy":"category","embeddable":true,"href":"https:\/\/anoticiaonline.com.br\/site\/wp-json\/wp\/v2\/categories?post=10485"},{"taxonomy":"post_tag","embeddable":true,"href":"https:\/\/anoticiaonline.com.br\/site\/wp-json\/wp\/v2\/tags?post=10485"}],"curies":[{"name":"wp","href":"https:\/\/api.w.org\/{rel}","templated":true}]}}