{"id":10483,"date":"2016-03-17T19:47:38","date_gmt":"2016-03-17T22:47:38","guid":{"rendered":"http:\/\/anoticiaonline.com.br\/site\/?p=10483"},"modified":"2016-03-17T19:47:38","modified_gmt":"2016-03-17T22:47:38","slug":"dia-mundial-da-agua-sera-comemorado-com-atividades-educativas-e-acoes-de-conscientizacao","status":"publish","type":"post","link":"https:\/\/anoticiaonline.com.br\/site\/dia-mundial-da-agua-sera-comemorado-com-atividades-educativas-e-acoes-de-conscientizacao\/","title":{"rendered":"Dia Mundial da \u00c1gua ser\u00e1 comemorado com atividades educativas e a\u00e7\u00f5es de conscientiza\u00e7\u00e3o"},"content":{"rendered":"<figure id=\"attachment_10495\" aria-describedby=\"caption-attachment-10495\" style=\"width: 290px\" class=\"wp-caption alignleft\"><a href=\"https:\/\/anoticiaonline.com.br\/site\/wp-content\/uploads\/2016\/03\/economia-de-\u00e1gua.jpg\"><img fetchpriority=\"high\" decoding=\"async\" class=\"size-medium wp-image-10495\" src=\"https:\/\/anoticiaonline.com.br\/site\/wp-content\/uploads\/2016\/03\/economia-de-\u00e1gua-300x225.jpg\" alt=\"Foto: Arquivo A NOT\u00cdCIA\" width=\"300\" height=\"225\" srcset=\"https:\/\/anoticiaonline.com.br\/site\/wp-content\/uploads\/2016\/03\/economia-de-\u00e1gua-300x225.jpg 300w, https:\/\/anoticiaonline.com.br\/site\/wp-content\/uploads\/2016\/03\/economia-de-\u00e1gua.jpg 640w\" sizes=\"(max-width: 300px) 100vw, 300px\" \/><\/a><figcaption id=\"caption-attachment-10495\" class=\"wp-caption-text\">Foto: Arquivo A NOT\u00cdCIA<\/figcaption><\/figure>\n<p>O Dia Mundial da \u00c1gua ser\u00e1 comemorado em Muria\u00e9 com diversas atividades educativas e a\u00e7\u00f5es de conscientiza\u00e7\u00e3o promovidas pelo Departamento Municipal de Saneamento Urbano (DEMSUR), em parceria com a Secretaria Municipal de Meio Ambiente.<\/p>\n<p>A programa\u00e7\u00e3o inclui palestra de conscientiza\u00e7\u00e3o do uso racional da \u00e1gua no dia a dia, visita de alunos \u00e0 Esta\u00e7\u00e3o de Tratamento de \u00c1gua da G\u00e1vea, implanta\u00e7\u00e3o de placa no ponto de forma\u00e7\u00e3o do Rio Muria\u00e9, entre outras.<\/p>\n<p>O Dia Mundial da \u00c1gua, institu\u00eddo pela Organiza\u00e7\u00e3o das Na\u00e7\u00f5es Unidas (ONU) \u00e9 comemorado em todo mundo no dia 22 de mar\u00e7o, uma data oficial criada com o objetivo de alertar a popula\u00e7\u00e3o sobre a import\u00e2ncia da preserva\u00e7\u00e3o da \u00e1gua para a sobreviv\u00eancia de todos os ecossistemas do planeta. Em todos os anos, um tema espec\u00edfico \u00e9 abordado, &#8220;\u00c1gua e Empregos\u201d \u00e9 o assunto que pautar\u00e1 as discuss\u00f5es do setor de recursos h\u00eddricos em todo o mundo em 2016.<\/p>\n<p><strong>Confira, abaixo, a programa\u00e7\u00e3o das atividades na semana do Dia Mundial da \u00c1gua 2016 a ser celebrada no munic\u00edpio:<\/strong><\/p>\n<p><strong>Dia 18\/03:<\/strong><br \/>\nLocal: Sesc Muria\u00e9\u00a0 (Palestra de conscientiza\u00e7\u00e3o do uso racional da \u00e1gua no dia a dia)<br \/>\nHoras: 9h \u00e0s 11h e 14h \u00e0s 16h<\/p>\n<p><strong>Dia 21\/03:<\/strong><br \/>\nLocal: ETA G\u00e1vea (Visita de alunos de escola municipal na Esta\u00e7\u00e3o de Tratamento de \u00c1gua G\u00e1vea)<br \/>\nHoras: 13h30min<\/p>\n<p><strong>Dia 22\/03:<\/strong><br \/>\nLocal: Bairro Chal\u00e9 (Manuten\u00e7\u00e3o da Mina do Madurim)<br \/>\nHoras: 7h30min<\/p>\n<p><strong>Dia 23\/03:<\/strong><br \/>\nLocal: Munic\u00edpio de Mira\u00ed (Implanta\u00e7\u00e3o de placa no ponto de forma\u00e7\u00e3o do Rio Muria\u00e9)<\/p>\n","protected":false},"excerpt":{"rendered":"<p>O Dia Mundial da \u00c1gua ser\u00e1 comemorado em Muria\u00e9 com diversas atividades educativas e a\u00e7\u00f5es de conscientiza\u00e7\u00e3o promovidas pelo Departamento Municipal de Saneamento Urbano (DEMSUR), em parceria com a Secretaria Municipal de Meio Ambiente. A programa\u00e7\u00e3o inclui palestra de conscientiza\u00e7\u00e3o do uso racional da \u00e1gua no dia a dia, visita de alunos \u00e0 Esta\u00e7\u00e3o de &#8230; <a title=\"Dia Mundial da \u00c1gua ser\u00e1 comemorado com atividades educativas e a\u00e7\u00f5es de conscientiza\u00e7\u00e3o\" class=\"read-more\" href=\"https:\/\/anoticiaonline.com.br\/site\/dia-mundial-da-agua-sera-comemorado-com-atividades-educativas-e-acoes-de-conscientizacao\/\" aria-label=\"Read more about Dia Mundial da \u00c1gua ser\u00e1 comemorado com atividades educativas e a\u00e7\u00f5es de conscientiza\u00e7\u00e3o\">Ler mais<\/a><\/p>\n","protected":false},"author":2,"featured_media":10495,"comment_status":"open","ping_status":"open","sticky":false,"template":"","format":"standard","meta":{"_acf_changed":false,"_monsterinsights_skip_tracking":false,"footnotes":""},"categories":[30],"tags":[3],"class_list":["post-10483","post","type-post","status-publish","format-standard","has-post-thumbnail","hentry","category-muriae","tag-slide"],"acf":[],"aioseo_notices":[],"aioseo_head":"\n\t\t<!-- All in One SEO 5.0.0.1 - aioseo.com -->\n\t<meta name=\"description\" content=\"O Dia Mundial da \u00c1gua ser\u00e1 comemorado em Muria\u00e9 com diversas atividades educativas e a\u00e7\u00f5es de conscientiza\u00e7\u00e3o promovidas pelo Departamento Municipal de Saneamento Urbano (DEMSUR), em parceria com a Secretaria Municipal de Meio Ambiente. A programa\u00e7\u00e3o inclui palestra de conscientiza\u00e7\u00e3o do uso racional da \u00e1gua no dia a dia, visita de alunos \u00e0 Esta\u00e7\u00e3o de\" \/>\n\t<meta name=\"robots\" content=\"max-image-preview:large\" \/>\n\t<meta name=\"author\" content=\"Juliana Laviola\"\/>\n\t<link rel=\"canonical\" href=\"https:\/\/anoticiaonline.com.br\/site\/dia-mundial-da-agua-sera-comemorado-com-atividades-educativas-e-acoes-de-conscientizacao\/\" \/>\n\t<meta name=\"generator\" content=\"All in One SEO (AIOSEO) 5.0.0.1\" \/>\n\t\t<meta property=\"og:locale\" content=\"pt_BR\" \/>\n\t\t<meta property=\"og:site_name\" content=\"A Not\u00edcia Online - Noticias de Muria\u00e9 e regi\u00e3o\" \/>\n\t\t<meta property=\"og:type\" content=\"article\" \/>\n\t\t<meta property=\"og:title\" content=\"Dia Mundial da \u00c1gua ser\u00e1 comemorado com atividades educativas e a\u00e7\u00f5es de conscientiza\u00e7\u00e3o - A Not\u00edcia Online\" \/>\n\t\t<meta property=\"og:description\" content=\"O Dia Mundial da \u00c1gua ser\u00e1 comemorado em Muria\u00e9 com diversas atividades educativas e a\u00e7\u00f5es de conscientiza\u00e7\u00e3o promovidas pelo Departamento Municipal de Saneamento Urbano (DEMSUR), em parceria com a Secretaria Municipal de Meio Ambiente. A programa\u00e7\u00e3o inclui palestra de conscientiza\u00e7\u00e3o do uso racional da \u00e1gua no dia a dia, visita de alunos \u00e0 Esta\u00e7\u00e3o de\" \/>\n\t\t<meta property=\"og:url\" content=\"https:\/\/anoticiaonline.com.br\/site\/dia-mundial-da-agua-sera-comemorado-com-atividades-educativas-e-acoes-de-conscientizacao\/\" \/>\n\t\t<meta property=\"og:image\" content=\"https:\/\/scontent-gig4-1.xx.fbcdn.net\/v\/t39.30808-1\/270437624_4564083193639691_6907940295614233970_n.jpg?stp=dst-jpg_s200x200_tt6&#038;_nc_cat=111&#038;ccb=1-7&#038;_nc_sid=f907e8&#038;_nc_ohc=SM1wRlP3lJwQ7kNvwEPuBYA&#038;_nc_oc=AdnqrjDN_BNjSSHWO-GbkIWH6fkGMLw4bqvL_NH6e2wMveX7G-rP2dAqsDSq1mJMOaY&#038;_nc_zt=24&#038;_nc_ht=scontent-gig4-1.xx&#038;_nc_gid=AoBFJeGrT1hVaew_6rchkQ&#038;oh=00_AfX7QmFGhQhG2jAllVgXCiM1ZrWgvtp80-Bfppyexh1QEg&#038;oe=689E923C\" \/>\n\t\t<meta property=\"og:image:secure_url\" content=\"https:\/\/scontent-gig4-1.xx.fbcdn.net\/v\/t39.30808-1\/270437624_4564083193639691_6907940295614233970_n.jpg?stp=dst-jpg_s200x200_tt6&#038;_nc_cat=111&#038;ccb=1-7&#038;_nc_sid=f907e8&#038;_nc_ohc=SM1wRlP3lJwQ7kNvwEPuBYA&#038;_nc_oc=AdnqrjDN_BNjSSHWO-GbkIWH6fkGMLw4bqvL_NH6e2wMveX7G-rP2dAqsDSq1mJMOaY&#038;_nc_zt=24&#038;_nc_ht=scontent-gig4-1.xx&#038;_nc_gid=AoBFJeGrT1hVaew_6rchkQ&#038;oh=00_AfX7QmFGhQhG2jAllVgXCiM1ZrWgvtp80-Bfppyexh1QEg&#038;oe=689E923C\" \/>\n\t\t<meta property=\"article:published_time\" content=\"2016-03-17T22:47:38+00:00\" \/>\n\t\t<meta property=\"article:modified_time\" content=\"2016-03-17T22:47:38+00:00\" \/>\n\t\t<meta name=\"twitter:card\" content=\"summary_large_image\" \/>\n\t\t<meta name=\"twitter:title\" content=\"Dia Mundial da \u00c1gua ser\u00e1 comemorado com atividades educativas e a\u00e7\u00f5es de conscientiza\u00e7\u00e3o - A Not\u00edcia Online\" \/>\n\t\t<meta name=\"twitter:description\" content=\"O Dia Mundial da \u00c1gua ser\u00e1 comemorado em Muria\u00e9 com diversas atividades educativas e a\u00e7\u00f5es de conscientiza\u00e7\u00e3o promovidas pelo Departamento Municipal de Saneamento Urbano (DEMSUR), em parceria com a Secretaria Municipal de Meio Ambiente. A programa\u00e7\u00e3o inclui palestra de conscientiza\u00e7\u00e3o do uso racional da \u00e1gua no dia a dia, visita de alunos \u00e0 Esta\u00e7\u00e3o de\" \/>\n\t\t<meta name=\"twitter:image\" content=\"https:\/\/scontent-gig4-1.xx.fbcdn.net\/v\/t39.30808-1\/270437624_4564083193639691_6907940295614233970_n.jpg?stp=dst-jpg_s200x200_tt6&amp;_nc_cat=111&amp;ccb=1-7&amp;_nc_sid=f907e8&amp;_nc_ohc=SM1wRlP3lJwQ7kNvwEPuBYA&amp;_nc_oc=AdnqrjDN_BNjSSHWO-GbkIWH6fkGMLw4bqvL_NH6e2wMveX7G-rP2dAqsDSq1mJMOaY&amp;_nc_zt=24&amp;_nc_ht=scontent-gig4-1.xx&amp;_nc_gid=AoBFJeGrT1hVaew_6rchkQ&amp;oh=00_AfX7QmFGhQhG2jAllVgXCiM1ZrWgvtp80-Bfppyexh1QEg&amp;oe=689E923C\" \/>\n\t\t<script type=\"application\/ld+json\" class=\"aioseo-schema\">\n\t\t\t{\"@context\":\"https:\\\/\\\/schema.org\",\"@graph\":[{\"@type\":\"BlogPosting\",\"@id\":\"https:\\\/\\\/anoticiaonline.com.br\\\/site\\\/dia-mundial-da-agua-sera-comemorado-com-atividades-educativas-e-acoes-de-conscientizacao\\\/#blogposting\",\"name\":\"Dia Mundial da \\u00c1gua ser\\u00e1 comemorado com atividades educativas e a\\u00e7\\u00f5es de conscientiza\\u00e7\\u00e3o - A Not\\u00edcia Online\",\"headline\":\"Dia Mundial da \\u00c1gua ser\\u00e1 comemorado com atividades educativas e a\\u00e7\\u00f5es de conscientiza\\u00e7\\u00e3o\",\"author\":{\"@id\":\"https:\\\/\\\/anoticiaonline.com.br\\\/site\\\/author\\\/juliana\\\/#author\"},\"publisher\":{\"@id\":\"https:\\\/\\\/anoticiaonline.com.br\\\/site\\\/#organization\"},\"image\":{\"@type\":\"ImageObject\",\"url\":\"https:\\\/\\\/anoticiaonline.com.br\\\/site\\\/wp-content\\\/uploads\\\/2016\\\/03\\\/economia-de-\\u00e1gua.jpg\",\"width\":640,\"height\":480,\"caption\":\"Foto: Arquivo A NOT\\u00cdCIA\"},\"datePublished\":\"2016-03-17T19:47:38-03:00\",\"dateModified\":\"2016-03-17T19:47:38-03:00\",\"inLanguage\":\"pt-BR\",\"mainEntityOfPage\":{\"@id\":\"https:\\\/\\\/anoticiaonline.com.br\\\/site\\\/dia-mundial-da-agua-sera-comemorado-com-atividades-educativas-e-acoes-de-conscientizacao\\\/#webpage\"},\"isPartOf\":{\"@id\":\"https:\\\/\\\/anoticiaonline.com.br\\\/site\\\/dia-mundial-da-agua-sera-comemorado-com-atividades-educativas-e-acoes-de-conscientizacao\\\/#webpage\"},\"articleSection\":\"Blog, slide\"},{\"@type\":\"BreadcrumbList\",\"@id\":\"https:\\\/\\\/anoticiaonline.com.br\\\/site\\\/dia-mundial-da-agua-sera-comemorado-com-atividades-educativas-e-acoes-de-conscientizacao\\\/#breadcrumblist\",\"itemListElement\":[{\"@type\":\"ListItem\",\"@id\":\"https:\\\/\\\/anoticiaonline.com.br\\\/site#listItem\",\"position\":1,\"name\":\"Home\",\"item\":\"https:\\\/\\\/anoticiaonline.com.br\\\/site\",\"nextItem\":{\"@type\":\"ListItem\",\"@id\":\"https:\\\/\\\/anoticiaonline.com.br\\\/site\\\/categoria\\\/muriae\\\/#listItem\",\"name\":\"Blog\"}},{\"@type\":\"ListItem\",\"@id\":\"https:\\\/\\\/anoticiaonline.com.br\\\/site\\\/categoria\\\/muriae\\\/#listItem\",\"position\":2,\"name\":\"Blog\",\"item\":\"https:\\\/\\\/anoticiaonline.com.br\\\/site\\\/categoria\\\/muriae\\\/\",\"nextItem\":{\"@type\":\"ListItem\",\"@id\":\"https:\\\/\\\/anoticiaonline.com.br\\\/site\\\/dia-mundial-da-agua-sera-comemorado-com-atividades-educativas-e-acoes-de-conscientizacao\\\/#listItem\",\"name\":\"Dia Mundial da \\u00c1gua ser\\u00e1 comemorado com atividades educativas e a\\u00e7\\u00f5es de conscientiza\\u00e7\\u00e3o\"},\"previousItem\":{\"@type\":\"ListItem\",\"@id\":\"https:\\\/\\\/anoticiaonline.com.br\\\/site#listItem\",\"name\":\"Home\"}},{\"@type\":\"ListItem\",\"@id\":\"https:\\\/\\\/anoticiaonline.com.br\\\/site\\\/dia-mundial-da-agua-sera-comemorado-com-atividades-educativas-e-acoes-de-conscientizacao\\\/#listItem\",\"position\":3,\"name\":\"Dia Mundial da \\u00c1gua ser\\u00e1 comemorado com atividades educativas e a\\u00e7\\u00f5es de conscientiza\\u00e7\\u00e3o\",\"previousItem\":{\"@type\":\"ListItem\",\"@id\":\"https:\\\/\\\/anoticiaonline.com.br\\\/site\\\/categoria\\\/muriae\\\/#listItem\",\"name\":\"Blog\"}}]},{\"@type\":\"Organization\",\"@id\":\"https:\\\/\\\/anoticiaonline.com.br\\\/site\\\/#organization\",\"name\":\"A Not\\u00edcia Online\",\"description\":\"Noticias de Muria\\u00e9 e regi\\u00e3o\",\"url\":\"https:\\\/\\\/anoticiaonline.com.br\\\/site\\\/\",\"logo\":{\"@type\":\"ImageObject\",\"url\":\"https:\\\/\\\/scontent-gig4-1.xx.fbcdn.net\\\/v\\\/t39.30808-1\\\/270437624_4564083193639691_6907940295614233970_n.jpg?stp=dst-jpg_s200x200_tt6&_nc_cat=111&ccb=1-7&_nc_sid=f907e8&_nc_ohc=SM1wRlP3lJwQ7kNvwEPuBYA&_nc_oc=AdnqrjDN_BNjSSHWO-GbkIWH6fkGMLw4bqvL_NH6e2wMveX7G-rP2dAqsDSq1mJMOaY&_nc_zt=24&_nc_ht=scontent-gig4-1.xx&_nc_gid=AoBFJeGrT1hVaew_6rchkQ&oh=00_AfX7QmFGhQhG2jAllVgXCiM1ZrWgvtp80-Bfppyexh1QEg&oe=689E923C\",\"@id\":\"https:\\\/\\\/anoticiaonline.com.br\\\/site\\\/dia-mundial-da-agua-sera-comemorado-com-atividades-educativas-e-acoes-de-conscientizacao\\\/#organizationLogo\"},\"image\":{\"@id\":\"https:\\\/\\\/anoticiaonline.com.br\\\/site\\\/dia-mundial-da-agua-sera-comemorado-com-atividades-educativas-e-acoes-de-conscientizacao\\\/#organizationLogo\"}},{\"@type\":\"Person\",\"@id\":\"https:\\\/\\\/anoticiaonline.com.br\\\/site\\\/author\\\/juliana\\\/#author\",\"url\":\"https:\\\/\\\/anoticiaonline.com.br\\\/site\\\/author\\\/juliana\\\/\",\"name\":\"Juliana Laviola\",\"image\":{\"@type\":\"ImageObject\",\"@id\":\"https:\\\/\\\/anoticiaonline.com.br\\\/site\\\/dia-mundial-da-agua-sera-comemorado-com-atividades-educativas-e-acoes-de-conscientizacao\\\/#authorImage\",\"url\":\"https:\\\/\\\/secure.gravatar.com\\\/avatar\\\/b8d45f5c699b100dfaf0e543582f38f38bf94cb7ae3a5e9abf8d891a34773335?s=96&d=mm&r=g\",\"width\":96,\"height\":96,\"caption\":\"Juliana Laviola\"}},{\"@type\":\"WebPage\",\"@id\":\"https:\\\/\\\/anoticiaonline.com.br\\\/site\\\/dia-mundial-da-agua-sera-comemorado-com-atividades-educativas-e-acoes-de-conscientizacao\\\/#webpage\",\"url\":\"https:\\\/\\\/anoticiaonline.com.br\\\/site\\\/dia-mundial-da-agua-sera-comemorado-com-atividades-educativas-e-acoes-de-conscientizacao\\\/\",\"name\":\"Dia Mundial da \\u00c1gua ser\\u00e1 comemorado com atividades educativas e a\\u00e7\\u00f5es de conscientiza\\u00e7\\u00e3o - A Not\\u00edcia Online\",\"description\":\"O Dia Mundial da \\u00c1gua ser\\u00e1 comemorado em Muria\\u00e9 com diversas atividades educativas e a\\u00e7\\u00f5es de conscientiza\\u00e7\\u00e3o promovidas pelo Departamento Municipal de Saneamento Urbano (DEMSUR), em parceria com a Secretaria Municipal de Meio Ambiente. A programa\\u00e7\\u00e3o inclui palestra de conscientiza\\u00e7\\u00e3o do uso racional da \\u00e1gua no dia a dia, visita de alunos \\u00e0 Esta\\u00e7\\u00e3o de\",\"inLanguage\":\"pt-BR\",\"isPartOf\":{\"@id\":\"https:\\\/\\\/anoticiaonline.com.br\\\/site\\\/#website\"},\"breadcrumb\":{\"@id\":\"https:\\\/\\\/anoticiaonline.com.br\\\/site\\\/dia-mundial-da-agua-sera-comemorado-com-atividades-educativas-e-acoes-de-conscientizacao\\\/#breadcrumblist\"},\"author\":{\"@id\":\"https:\\\/\\\/anoticiaonline.com.br\\\/site\\\/author\\\/juliana\\\/#author\"},\"creator\":{\"@id\":\"https:\\\/\\\/anoticiaonline.com.br\\\/site\\\/author\\\/juliana\\\/#author\"},\"image\":{\"@type\":\"ImageObject\",\"url\":\"https:\\\/\\\/anoticiaonline.com.br\\\/site\\\/wp-content\\\/uploads\\\/2016\\\/03\\\/economia-de-\\u00e1gua.jpg\",\"@id\":\"https:\\\/\\\/anoticiaonline.com.br\\\/site\\\/dia-mundial-da-agua-sera-comemorado-com-atividades-educativas-e-acoes-de-conscientizacao\\\/#mainImage\",\"width\":640,\"height\":480,\"caption\":\"Foto: Arquivo A NOT\\u00cdCIA\"},\"primaryImageOfPage\":{\"@id\":\"https:\\\/\\\/anoticiaonline.com.br\\\/site\\\/dia-mundial-da-agua-sera-comemorado-com-atividades-educativas-e-acoes-de-conscientizacao\\\/#mainImage\"},\"datePublished\":\"2016-03-17T19:47:38-03:00\",\"dateModified\":\"2016-03-17T19:47:38-03:00\"},{\"@type\":\"WebSite\",\"@id\":\"https:\\\/\\\/anoticiaonline.com.br\\\/site\\\/#website\",\"url\":\"https:\\\/\\\/anoticiaonline.com.br\\\/site\\\/\",\"name\":\"A Not\\u00edcia Online\",\"description\":\"Noticias de Muria\\u00e9 e regi\\u00e3o\",\"inLanguage\":\"pt-BR\",\"publisher\":{\"@id\":\"https:\\\/\\\/anoticiaonline.com.br\\\/site\\\/#organization\"}}]}\n\t\t<\/script>\n\t\t<!-- All in One SEO -->\n\n","aioseo_head_json":{"title":"Dia Mundial da \u00c1gua ser\u00e1 comemorado com atividades educativas e a\u00e7\u00f5es de conscientiza\u00e7\u00e3o - A Not\u00edcia Online","description":"O Dia Mundial da \u00c1gua ser\u00e1 comemorado em Muria\u00e9 com diversas atividades educativas e a\u00e7\u00f5es de conscientiza\u00e7\u00e3o promovidas pelo Departamento Municipal de Saneamento Urbano (DEMSUR), em parceria com a Secretaria Municipal de Meio Ambiente. A programa\u00e7\u00e3o inclui palestra de conscientiza\u00e7\u00e3o do uso racional da \u00e1gua no dia a dia, visita de alunos \u00e0 Esta\u00e7\u00e3o de","canonical_url":"https:\/\/anoticiaonline.com.br\/site\/dia-mundial-da-agua-sera-comemorado-com-atividades-educativas-e-acoes-de-conscientizacao\/","robots":"max-image-preview:large","keywords":"","webmasterTools":{"miscellaneous":""},"schema":{"@context":"https:\/\/schema.org","@graph":[{"@type":"BlogPosting","@id":"https:\/\/anoticiaonline.com.br\/site\/dia-mundial-da-agua-sera-comemorado-com-atividades-educativas-e-acoes-de-conscientizacao\/#blogposting","name":"Dia Mundial da \u00c1gua ser\u00e1 comemorado com atividades educativas e a\u00e7\u00f5es de conscientiza\u00e7\u00e3o - A Not\u00edcia Online","headline":"Dia Mundial da \u00c1gua ser\u00e1 comemorado com atividades educativas e a\u00e7\u00f5es de conscientiza\u00e7\u00e3o","author":{"@id":"https:\/\/anoticiaonline.com.br\/site\/author\/juliana\/#author"},"publisher":{"@id":"https:\/\/anoticiaonline.com.br\/site\/#organization"},"image":{"@type":"ImageObject","url":"https:\/\/anoticiaonline.com.br\/site\/wp-content\/uploads\/2016\/03\/economia-de-\u00e1gua.jpg","width":640,"height":480,"caption":"Foto: Arquivo A NOT\u00cdCIA"},"datePublished":"2016-03-17T19:47:38-03:00","dateModified":"2016-03-17T19:47:38-03:00","inLanguage":"pt-BR","mainEntityOfPage":{"@id":"https:\/\/anoticiaonline.com.br\/site\/dia-mundial-da-agua-sera-comemorado-com-atividades-educativas-e-acoes-de-conscientizacao\/#webpage"},"isPartOf":{"@id":"https:\/\/anoticiaonline.com.br\/site\/dia-mundial-da-agua-sera-comemorado-com-atividades-educativas-e-acoes-de-conscientizacao\/#webpage"},"articleSection":"Blog, slide"},{"@type":"BreadcrumbList","@id":"https:\/\/anoticiaonline.com.br\/site\/dia-mundial-da-agua-sera-comemorado-com-atividades-educativas-e-acoes-de-conscientizacao\/#breadcrumblist","itemListElement":[{"@type":"ListItem","@id":"https:\/\/anoticiaonline.com.br\/site#listItem","position":1,"name":"Home","item":"https:\/\/anoticiaonline.com.br\/site","nextItem":{"@type":"ListItem","@id":"https:\/\/anoticiaonline.com.br\/site\/categoria\/muriae\/#listItem","name":"Blog"}},{"@type":"ListItem","@id":"https:\/\/anoticiaonline.com.br\/site\/categoria\/muriae\/#listItem","position":2,"name":"Blog","item":"https:\/\/anoticiaonline.com.br\/site\/categoria\/muriae\/","nextItem":{"@type":"ListItem","@id":"https:\/\/anoticiaonline.com.br\/site\/dia-mundial-da-agua-sera-comemorado-com-atividades-educativas-e-acoes-de-conscientizacao\/#listItem","name":"Dia Mundial da \u00c1gua ser\u00e1 comemorado com atividades educativas e a\u00e7\u00f5es de conscientiza\u00e7\u00e3o"},"previousItem":{"@type":"ListItem","@id":"https:\/\/anoticiaonline.com.br\/site#listItem","name":"Home"}},{"@type":"ListItem","@id":"https:\/\/anoticiaonline.com.br\/site\/dia-mundial-da-agua-sera-comemorado-com-atividades-educativas-e-acoes-de-conscientizacao\/#listItem","position":3,"name":"Dia Mundial da \u00c1gua ser\u00e1 comemorado com atividades educativas e a\u00e7\u00f5es de conscientiza\u00e7\u00e3o","previousItem":{"@type":"ListItem","@id":"https:\/\/anoticiaonline.com.br\/site\/categoria\/muriae\/#listItem","name":"Blog"}}]},{"@type":"Organization","@id":"https:\/\/anoticiaonline.com.br\/site\/#organization","name":"A Not\u00edcia Online","description":"Noticias de Muria\u00e9 e regi\u00e3o","url":"https:\/\/anoticiaonline.com.br\/site\/","logo":{"@type":"ImageObject","url":"https:\/\/scontent-gig4-1.xx.fbcdn.net\/v\/t39.30808-1\/270437624_4564083193639691_6907940295614233970_n.jpg?stp=dst-jpg_s200x200_tt6&_nc_cat=111&ccb=1-7&_nc_sid=f907e8&_nc_ohc=SM1wRlP3lJwQ7kNvwEPuBYA&_nc_oc=AdnqrjDN_BNjSSHWO-GbkIWH6fkGMLw4bqvL_NH6e2wMveX7G-rP2dAqsDSq1mJMOaY&_nc_zt=24&_nc_ht=scontent-gig4-1.xx&_nc_gid=AoBFJeGrT1hVaew_6rchkQ&oh=00_AfX7QmFGhQhG2jAllVgXCiM1ZrWgvtp80-Bfppyexh1QEg&oe=689E923C","@id":"https:\/\/anoticiaonline.com.br\/site\/dia-mundial-da-agua-sera-comemorado-com-atividades-educativas-e-acoes-de-conscientizacao\/#organizationLogo"},"image":{"@id":"https:\/\/anoticiaonline.com.br\/site\/dia-mundial-da-agua-sera-comemorado-com-atividades-educativas-e-acoes-de-conscientizacao\/#organizationLogo"}},{"@type":"Person","@id":"https:\/\/anoticiaonline.com.br\/site\/author\/juliana\/#author","url":"https:\/\/anoticiaonline.com.br\/site\/author\/juliana\/","name":"Juliana Laviola","image":{"@type":"ImageObject","@id":"https:\/\/anoticiaonline.com.br\/site\/dia-mundial-da-agua-sera-comemorado-com-atividades-educativas-e-acoes-de-conscientizacao\/#authorImage","url":"https:\/\/secure.gravatar.com\/avatar\/b8d45f5c699b100dfaf0e543582f38f38bf94cb7ae3a5e9abf8d891a34773335?s=96&d=mm&r=g","width":96,"height":96,"caption":"Juliana Laviola"}},{"@type":"WebPage","@id":"https:\/\/anoticiaonline.com.br\/site\/dia-mundial-da-agua-sera-comemorado-com-atividades-educativas-e-acoes-de-conscientizacao\/#webpage","url":"https:\/\/anoticiaonline.com.br\/site\/dia-mundial-da-agua-sera-comemorado-com-atividades-educativas-e-acoes-de-conscientizacao\/","name":"Dia Mundial da \u00c1gua ser\u00e1 comemorado com atividades educativas e a\u00e7\u00f5es de conscientiza\u00e7\u00e3o - A Not\u00edcia Online","description":"O Dia Mundial da \u00c1gua ser\u00e1 comemorado em Muria\u00e9 com diversas atividades educativas e a\u00e7\u00f5es de conscientiza\u00e7\u00e3o promovidas pelo Departamento Municipal de Saneamento Urbano (DEMSUR), em parceria com a Secretaria Municipal de Meio Ambiente. A programa\u00e7\u00e3o inclui palestra de conscientiza\u00e7\u00e3o do uso racional da \u00e1gua no dia a dia, visita de alunos \u00e0 Esta\u00e7\u00e3o de","inLanguage":"pt-BR","isPartOf":{"@id":"https:\/\/anoticiaonline.com.br\/site\/#website"},"breadcrumb":{"@id":"https:\/\/anoticiaonline.com.br\/site\/dia-mundial-da-agua-sera-comemorado-com-atividades-educativas-e-acoes-de-conscientizacao\/#breadcrumblist"},"author":{"@id":"https:\/\/anoticiaonline.com.br\/site\/author\/juliana\/#author"},"creator":{"@id":"https:\/\/anoticiaonline.com.br\/site\/author\/juliana\/#author"},"image":{"@type":"ImageObject","url":"https:\/\/anoticiaonline.com.br\/site\/wp-content\/uploads\/2016\/03\/economia-de-\u00e1gua.jpg","@id":"https:\/\/anoticiaonline.com.br\/site\/dia-mundial-da-agua-sera-comemorado-com-atividades-educativas-e-acoes-de-conscientizacao\/#mainImage","width":640,"height":480,"caption":"Foto: Arquivo A NOT\u00cdCIA"},"primaryImageOfPage":{"@id":"https:\/\/anoticiaonline.com.br\/site\/dia-mundial-da-agua-sera-comemorado-com-atividades-educativas-e-acoes-de-conscientizacao\/#mainImage"},"datePublished":"2016-03-17T19:47:38-03:00","dateModified":"2016-03-17T19:47:38-03:00"},{"@type":"WebSite","@id":"https:\/\/anoticiaonline.com.br\/site\/#website","url":"https:\/\/anoticiaonline.com.br\/site\/","name":"A Not\u00edcia Online","description":"Noticias de Muria\u00e9 e regi\u00e3o","inLanguage":"pt-BR","publisher":{"@id":"https:\/\/anoticiaonline.com.br\/site\/#organization"}}]},"og:locale":"pt_BR","og:site_name":"A Not\u00edcia Online - Noticias de Muria\u00e9 e regi\u00e3o","og:type":"article","og:title":"Dia Mundial da \u00c1gua ser\u00e1 comemorado com atividades educativas e a\u00e7\u00f5es de conscientiza\u00e7\u00e3o - A Not\u00edcia Online","og:description":"O Dia Mundial da \u00c1gua ser\u00e1 comemorado em Muria\u00e9 com diversas atividades educativas e a\u00e7\u00f5es de conscientiza\u00e7\u00e3o promovidas pelo Departamento Municipal de Saneamento Urbano (DEMSUR), em parceria com a Secretaria Municipal de Meio Ambiente. A programa\u00e7\u00e3o inclui palestra de conscientiza\u00e7\u00e3o do uso racional da \u00e1gua no dia a dia, visita de alunos \u00e0 Esta\u00e7\u00e3o de","og:url":"https:\/\/anoticiaonline.com.br\/site\/dia-mundial-da-agua-sera-comemorado-com-atividades-educativas-e-acoes-de-conscientizacao\/","og:image":"https:\/\/scontent-gig4-1.xx.fbcdn.net\/v\/t39.30808-1\/270437624_4564083193639691_6907940295614233970_n.jpg?stp=dst-jpg_s200x200_tt6&#038;_nc_cat=111&#038;ccb=1-7&#038;_nc_sid=f907e8&#038;_nc_ohc=SM1wRlP3lJwQ7kNvwEPuBYA&#038;_nc_oc=AdnqrjDN_BNjSSHWO-GbkIWH6fkGMLw4bqvL_NH6e2wMveX7G-rP2dAqsDSq1mJMOaY&#038;_nc_zt=24&#038;_nc_ht=scontent-gig4-1.xx&#038;_nc_gid=AoBFJeGrT1hVaew_6rchkQ&#038;oh=00_AfX7QmFGhQhG2jAllVgXCiM1ZrWgvtp80-Bfppyexh1QEg&#038;oe=689E923C","og:image:secure_url":"https:\/\/scontent-gig4-1.xx.fbcdn.net\/v\/t39.30808-1\/270437624_4564083193639691_6907940295614233970_n.jpg?stp=dst-jpg_s200x200_tt6&#038;_nc_cat=111&#038;ccb=1-7&#038;_nc_sid=f907e8&#038;_nc_ohc=SM1wRlP3lJwQ7kNvwEPuBYA&#038;_nc_oc=AdnqrjDN_BNjSSHWO-GbkIWH6fkGMLw4bqvL_NH6e2wMveX7G-rP2dAqsDSq1mJMOaY&#038;_nc_zt=24&#038;_nc_ht=scontent-gig4-1.xx&#038;_nc_gid=AoBFJeGrT1hVaew_6rchkQ&#038;oh=00_AfX7QmFGhQhG2jAllVgXCiM1ZrWgvtp80-Bfppyexh1QEg&#038;oe=689E923C","article:published_time":"2016-03-17T22:47:38+00:00","article:modified_time":"2016-03-17T22:47:38+00:00","twitter:card":"summary_large_image","twitter:title":"Dia Mundial da \u00c1gua ser\u00e1 comemorado com atividades educativas e a\u00e7\u00f5es de conscientiza\u00e7\u00e3o - A Not\u00edcia Online","twitter:description":"O Dia Mundial da \u00c1gua ser\u00e1 comemorado em Muria\u00e9 com diversas atividades educativas e a\u00e7\u00f5es de conscientiza\u00e7\u00e3o promovidas pelo Departamento Municipal de Saneamento Urbano (DEMSUR), em parceria com a Secretaria Municipal de Meio Ambiente. A programa\u00e7\u00e3o inclui palestra de conscientiza\u00e7\u00e3o do uso racional da \u00e1gua no dia a dia, visita de alunos \u00e0 Esta\u00e7\u00e3o de","twitter:image":"https:\/\/scontent-gig4-1.xx.fbcdn.net\/v\/t39.30808-1\/270437624_4564083193639691_6907940295614233970_n.jpg?stp=dst-jpg_s200x200_tt6&_nc_cat=111&ccb=1-7&_nc_sid=f907e8&_nc_ohc=SM1wRlP3lJwQ7kNvwEPuBYA&_nc_oc=AdnqrjDN_BNjSSHWO-GbkIWH6fkGMLw4bqvL_NH6e2wMveX7G-rP2dAqsDSq1mJMOaY&_nc_zt=24&_nc_ht=scontent-gig4-1.xx&_nc_gid=AoBFJeGrT1hVaew_6rchkQ&oh=00_AfX7QmFGhQhG2jAllVgXCiM1ZrWgvtp80-Bfppyexh1QEg&oe=689E923C"},"aioseo_meta_data":{"post_id":"10483","title":null,"description":null,"keywords":null,"keyphrases":null,"primary_term":null,"canonical_url":null,"og_title":null,"og_description":null,"og_object_type":"default","og_image_type":"default","og_image_url":null,"og_image_width":null,"og_image_height":null,"og_image_custom_url":null,"og_image_custom_fields":null,"og_video":null,"og_custom_url":null,"og_article_section":null,"og_article_tags":null,"twitter_use_og":false,"twitter_card":"default","twitter_image_type":"default","twitter_image_url":null,"twitter_image_custom_url":null,"twitter_image_custom_fields":null,"twitter_title":null,"twitter_description":null,"schema":{"blockGraphs":[],"customGraphs":[],"default":{"data":{"Article":[],"Course":[],"Dataset":[],"FAQPage":[],"Movie":[],"Person":[],"Product":[],"ProductReview":[],"Car":[],"Recipe":[],"Service":[],"SoftwareApplication":[],"WebPage":[]},"graphName":"","isEnabled":true},"graphs":[]},"schema_type":"default","schema_type_options":null,"pillar_content":false,"robots_default":true,"robots_noindex":false,"robots_noarchive":false,"robots_nosnippet":false,"robots_nofollow":false,"robots_noimageindex":false,"robots_noodp":false,"robots_notranslate":false,"robots_max_snippet":null,"robots_max_videopreview":null,"robots_max_imagepreview":"large","priority":null,"frequency":null,"local_seo":null,"breadcrumb_settings":null,"limit_modified_date":false,"ai":null,"created":"2025-08-16 15:35:52","updated":"2025-08-16 15:35:52","focus_keyword":null,"additional_keywords":null,"truseo_locale":null,"seo_analyzer_scan_date":null},"aioseo_breadcrumb":"<div class=\"aioseo-breadcrumbs\"><span class=\"aioseo-breadcrumb\">\n\t\t\t<a href=\"https:\/\/anoticiaonline.com.br\/site\" title=\"Home\">Home<\/a>\n\t\t<\/span><span class=\"aioseo-breadcrumb-separator\">&raquo;<\/span><span class=\"aioseo-breadcrumb\">\n\t\t\t<a href=\"https:\/\/anoticiaonline.com.br\/site\/categoria\/muriae\/\" title=\"Blog\">Blog<\/a>\n\t\t<\/span><span class=\"aioseo-breadcrumb-separator\">&raquo;<\/span><span class=\"aioseo-breadcrumb\">\n\t\t\tDia Mundial da \u00c1gua ser\u00e1 comemorado com atividades educativas e a\u00e7\u00f5es de conscientiza\u00e7\u00e3o\n\t\t<\/span><\/div>","aioseo_breadcrumb_json":[{"label":"Home","link":"https:\/\/anoticiaonline.com.br\/site"},{"label":"Blog","link":"https:\/\/anoticiaonline.com.br\/site\/categoria\/muriae\/"},{"label":"Dia Mundial da \u00c1gua ser\u00e1 comemorado com atividades educativas e a\u00e7\u00f5es de conscientiza\u00e7\u00e3o","link":"https:\/\/anoticiaonline.com.br\/site\/dia-mundial-da-agua-sera-comemorado-com-atividades-educativas-e-acoes-de-conscientizacao\/"}],"views":92,"_links":{"self":[{"href":"https:\/\/anoticiaonline.com.br\/site\/wp-json\/wp\/v2\/posts\/10483","targetHints":{"allow":["GET"]}}],"collection":[{"href":"https:\/\/anoticiaonline.com.br\/site\/wp-json\/wp\/v2\/posts"}],"about":[{"href":"https:\/\/anoticiaonline.com.br\/site\/wp-json\/wp\/v2\/types\/post"}],"author":[{"embeddable":true,"href":"https:\/\/anoticiaonline.com.br\/site\/wp-json\/wp\/v2\/users\/2"}],"replies":[{"embeddable":true,"href":"https:\/\/anoticiaonline.com.br\/site\/wp-json\/wp\/v2\/comments?post=10483"}],"version-history":[{"count":0,"href":"https:\/\/anoticiaonline.com.br\/site\/wp-json\/wp\/v2\/posts\/10483\/revisions"}],"wp:featuredmedia":[{"embeddable":true,"href":"https:\/\/anoticiaonline.com.br\/site\/wp-json\/wp\/v2\/media\/10495"}],"wp:attachment":[{"href":"https:\/\/anoticiaonline.com.br\/site\/wp-json\/wp\/v2\/media?parent=10483"}],"wp:term":[{"taxonomy":"category","embeddable":true,"href":"https:\/\/anoticiaonline.com.br\/site\/wp-json\/wp\/v2\/categories?post=10483"},{"taxonomy":"post_tag","embeddable":true,"href":"https:\/\/anoticiaonline.com.br\/site\/wp-json\/wp\/v2\/tags?post=10483"}],"curies":[{"name":"wp","href":"https:\/\/api.w.org\/{rel}","templated":true}]}}