{"id":10455,"date":"2016-03-17T11:14:10","date_gmt":"2016-03-17T14:14:10","guid":{"rendered":"http:\/\/anoticiaonline.com.br\/site\/?p=10455"},"modified":"2016-03-17T11:14:10","modified_gmt":"2016-03-17T14:14:10","slug":"em-breve-em-muriae-la-castro-o-mais-novo-espaco-para-festas-e-eventos","status":"publish","type":"post","link":"https:\/\/anoticiaonline.com.br\/site\/em-breve-em-muriae-la-castro-o-mais-novo-espaco-para-festas-e-eventos\/","title":{"rendered":"Em breve em Muria\u00e9, La Castro, o mais novo espa\u00e7o para festas e eventos"},"content":{"rendered":"<p><a href=\"https:\/\/anoticiaonline.com.br\/site\/wp-content\/uploads\/2016\/03\/la-castro.jpg\"><img fetchpriority=\"high\" decoding=\"async\" class=\" size-medium wp-image-10456 alignleft\" src=\"https:\/\/anoticiaonline.com.br\/site\/wp-content\/uploads\/2016\/03\/la-castro-300x169.jpg\" alt=\"la-castro\" width=\"300\" height=\"169\" srcset=\"https:\/\/anoticiaonline.com.br\/site\/wp-content\/uploads\/2016\/03\/la-castro-300x169.jpg 300w, https:\/\/anoticiaonline.com.br\/site\/wp-content\/uploads\/2016\/03\/la-castro.jpg 640w\" sizes=\"(max-width: 300px) 100vw, 300px\" \/><\/a>Em breve ser\u00e1 inaugurado um novo espa\u00e7o para festas e eventos em Muria\u00e9. Trata-se do La Castro, de propriedade do casal Beth e Paulo Afonso. Projetado pelo arquiteto Jo\u00e3o Paulo Goulart de Freitas, o La Castro est\u00e1 situado \u00e0s margens da BR-356, no antigo Latic\u00ednio Parmalat.<\/p>\n<p>O novo espa\u00e7o, que recebeu este nome em homenagem ao empres\u00e1rio Wilson de Castro (fundador da Eureka Transportes), pai de Beth, \u00e9 composto por um jardim de entrada, com estacionamento para 120 carros, um grande sal\u00e3o para comportar 700 pessoas, com ar refrigerado, gerador de energia, palco, camarim, uma moderna e equipada copa-cozinha e ainda um open bar projetado pela arquiteta e urbanista Lila Goulart Fajardo.<\/p>\n<p>O La Castro deve ser inaugurado no in\u00edcio de abril.<\/p>\n<p><img decoding=\"async\" class=\"ngg_displayed_gallery mceItem\" src=\"https:\/\/anoticiaonline.com.br\/site\/nextgen-attach_to_post\/preview\/id--10467\" alt=\"\" \/><\/p>\n","protected":false},"excerpt":{"rendered":"<p>Em breve ser\u00e1 inaugurado um novo espa\u00e7o para festas e eventos em Muria\u00e9. Trata-se do La Castro, de propriedade do casal Beth e Paulo Afonso. Projetado pelo arquiteto Jo\u00e3o Paulo Goulart de Freitas, o La Castro est\u00e1 situado \u00e0s margens da BR-356, no antigo Latic\u00ednio Parmalat. O novo espa\u00e7o, que recebeu este nome em homenagem &#8230; <a title=\"Em breve em Muria\u00e9, La Castro, o mais novo espa\u00e7o para festas e eventos\" class=\"read-more\" href=\"https:\/\/anoticiaonline.com.br\/site\/em-breve-em-muriae-la-castro-o-mais-novo-espaco-para-festas-e-eventos\/\" aria-label=\"Read more about Em breve em Muria\u00e9, La Castro, o mais novo espa\u00e7o para festas e eventos\">Ler mais<\/a><\/p>\n","protected":false},"author":2,"featured_media":10456,"comment_status":"open","ping_status":"open","sticky":false,"template":"","format":"standard","meta":{"_acf_changed":false,"_monsterinsights_skip_tracking":false,"footnotes":""},"categories":[24],"tags":[3],"class_list":["post-10455","post","type-post","status-publish","format-standard","has-post-thumbnail","hentry","category-eventos","tag-slide"],"acf":[],"aioseo_notices":[],"aioseo_head":"\n\t\t<!-- All in One SEO 5.0.0.1 - aioseo.com -->\n\t<meta name=\"description\" content=\"Em breve ser\u00e1 inaugurado um novo espa\u00e7o para festas e eventos em Muria\u00e9. Trata-se do La Castro, de propriedade do casal Beth e Paulo Afonso. Projetado pelo arquiteto Jo\u00e3o Paulo Goulart de Freitas, o La Castro est\u00e1 situado \u00e0s margens da BR-356, no antigo Latic\u00ednio Parmalat. O novo espa\u00e7o, que recebeu este nome em homenagem\" \/>\n\t<meta name=\"robots\" content=\"max-image-preview:large\" \/>\n\t<meta name=\"author\" content=\"Juliana Laviola\"\/>\n\t<link rel=\"canonical\" href=\"https:\/\/anoticiaonline.com.br\/site\/em-breve-em-muriae-la-castro-o-mais-novo-espaco-para-festas-e-eventos\/\" \/>\n\t<meta name=\"generator\" content=\"All in One SEO (AIOSEO) 5.0.0.1\" \/>\n\t\t<meta property=\"og:locale\" content=\"pt_BR\" \/>\n\t\t<meta property=\"og:site_name\" content=\"A Not\u00edcia Online - Noticias de Muria\u00e9 e regi\u00e3o\" \/>\n\t\t<meta property=\"og:type\" content=\"article\" \/>\n\t\t<meta property=\"og:title\" content=\"Em breve em Muria\u00e9, La Castro, o mais novo espa\u00e7o para festas e eventos - A Not\u00edcia Online\" \/>\n\t\t<meta property=\"og:description\" content=\"Em breve ser\u00e1 inaugurado um novo espa\u00e7o para festas e eventos em Muria\u00e9. Trata-se do La Castro, de propriedade do casal Beth e Paulo Afonso. Projetado pelo arquiteto Jo\u00e3o Paulo Goulart de Freitas, o La Castro est\u00e1 situado \u00e0s margens da BR-356, no antigo Latic\u00ednio Parmalat. O novo espa\u00e7o, que recebeu este nome em homenagem\" \/>\n\t\t<meta property=\"og:url\" content=\"https:\/\/anoticiaonline.com.br\/site\/em-breve-em-muriae-la-castro-o-mais-novo-espaco-para-festas-e-eventos\/\" \/>\n\t\t<meta property=\"og:image\" content=\"https:\/\/scontent-gig4-1.xx.fbcdn.net\/v\/t39.30808-1\/270437624_4564083193639691_6907940295614233970_n.jpg?stp=dst-jpg_s200x200_tt6&#038;_nc_cat=111&#038;ccb=1-7&#038;_nc_sid=f907e8&#038;_nc_ohc=SM1wRlP3lJwQ7kNvwEPuBYA&#038;_nc_oc=AdnqrjDN_BNjSSHWO-GbkIWH6fkGMLw4bqvL_NH6e2wMveX7G-rP2dAqsDSq1mJMOaY&#038;_nc_zt=24&#038;_nc_ht=scontent-gig4-1.xx&#038;_nc_gid=AoBFJeGrT1hVaew_6rchkQ&#038;oh=00_AfX7QmFGhQhG2jAllVgXCiM1ZrWgvtp80-Bfppyexh1QEg&#038;oe=689E923C\" \/>\n\t\t<meta property=\"og:image:secure_url\" content=\"https:\/\/scontent-gig4-1.xx.fbcdn.net\/v\/t39.30808-1\/270437624_4564083193639691_6907940295614233970_n.jpg?stp=dst-jpg_s200x200_tt6&#038;_nc_cat=111&#038;ccb=1-7&#038;_nc_sid=f907e8&#038;_nc_ohc=SM1wRlP3lJwQ7kNvwEPuBYA&#038;_nc_oc=AdnqrjDN_BNjSSHWO-GbkIWH6fkGMLw4bqvL_NH6e2wMveX7G-rP2dAqsDSq1mJMOaY&#038;_nc_zt=24&#038;_nc_ht=scontent-gig4-1.xx&#038;_nc_gid=AoBFJeGrT1hVaew_6rchkQ&#038;oh=00_AfX7QmFGhQhG2jAllVgXCiM1ZrWgvtp80-Bfppyexh1QEg&#038;oe=689E923C\" \/>\n\t\t<meta property=\"article:published_time\" content=\"2016-03-17T14:14:10+00:00\" \/>\n\t\t<meta property=\"article:modified_time\" content=\"2016-03-17T14:14:10+00:00\" \/>\n\t\t<meta name=\"twitter:card\" content=\"summary_large_image\" \/>\n\t\t<meta name=\"twitter:title\" content=\"Em breve em Muria\u00e9, La Castro, o mais novo espa\u00e7o para festas e eventos - A Not\u00edcia Online\" \/>\n\t\t<meta name=\"twitter:description\" content=\"Em breve ser\u00e1 inaugurado um novo espa\u00e7o para festas e eventos em Muria\u00e9. Trata-se do La Castro, de propriedade do casal Beth e Paulo Afonso. Projetado pelo arquiteto Jo\u00e3o Paulo Goulart de Freitas, o La Castro est\u00e1 situado \u00e0s margens da BR-356, no antigo Latic\u00ednio Parmalat. O novo espa\u00e7o, que recebeu este nome em homenagem\" \/>\n\t\t<meta name=\"twitter:image\" content=\"https:\/\/scontent-gig4-1.xx.fbcdn.net\/v\/t39.30808-1\/270437624_4564083193639691_6907940295614233970_n.jpg?stp=dst-jpg_s200x200_tt6&amp;_nc_cat=111&amp;ccb=1-7&amp;_nc_sid=f907e8&amp;_nc_ohc=SM1wRlP3lJwQ7kNvwEPuBYA&amp;_nc_oc=AdnqrjDN_BNjSSHWO-GbkIWH6fkGMLw4bqvL_NH6e2wMveX7G-rP2dAqsDSq1mJMOaY&amp;_nc_zt=24&amp;_nc_ht=scontent-gig4-1.xx&amp;_nc_gid=AoBFJeGrT1hVaew_6rchkQ&amp;oh=00_AfX7QmFGhQhG2jAllVgXCiM1ZrWgvtp80-Bfppyexh1QEg&amp;oe=689E923C\" \/>\n\t\t<script type=\"application\/ld+json\" class=\"aioseo-schema\">\n\t\t\t{\"@context\":\"https:\\\/\\\/schema.org\",\"@graph\":[{\"@type\":\"BlogPosting\",\"@id\":\"https:\\\/\\\/anoticiaonline.com.br\\\/site\\\/em-breve-em-muriae-la-castro-o-mais-novo-espaco-para-festas-e-eventos\\\/#blogposting\",\"name\":\"Em breve em Muria\\u00e9, La Castro, o mais novo espa\\u00e7o para festas e eventos - A Not\\u00edcia Online\",\"headline\":\"Em breve em Muria\\u00e9, La Castro, o mais novo espa\\u00e7o para festas e eventos\",\"author\":{\"@id\":\"https:\\\/\\\/anoticiaonline.com.br\\\/site\\\/author\\\/juliana\\\/#author\"},\"publisher\":{\"@id\":\"https:\\\/\\\/anoticiaonline.com.br\\\/site\\\/#organization\"},\"image\":{\"@type\":\"ImageObject\",\"url\":\"https:\\\/\\\/anoticiaonline.com.br\\\/site\\\/wp-content\\\/uploads\\\/2016\\\/03\\\/la-castro.jpg\",\"width\":640,\"height\":360},\"datePublished\":\"2016-03-17T11:14:10-03:00\",\"dateModified\":\"2016-03-17T11:14:10-03:00\",\"inLanguage\":\"pt-BR\",\"mainEntityOfPage\":{\"@id\":\"https:\\\/\\\/anoticiaonline.com.br\\\/site\\\/em-breve-em-muriae-la-castro-o-mais-novo-espaco-para-festas-e-eventos\\\/#webpage\"},\"isPartOf\":{\"@id\":\"https:\\\/\\\/anoticiaonline.com.br\\\/site\\\/em-breve-em-muriae-la-castro-o-mais-novo-espaco-para-festas-e-eventos\\\/#webpage\"},\"articleSection\":\"Eventos, slide\"},{\"@type\":\"BreadcrumbList\",\"@id\":\"https:\\\/\\\/anoticiaonline.com.br\\\/site\\\/em-breve-em-muriae-la-castro-o-mais-novo-espaco-para-festas-e-eventos\\\/#breadcrumblist\",\"itemListElement\":[{\"@type\":\"ListItem\",\"@id\":\"https:\\\/\\\/anoticiaonline.com.br\\\/site#listItem\",\"position\":1,\"name\":\"Home\",\"item\":\"https:\\\/\\\/anoticiaonline.com.br\\\/site\",\"nextItem\":{\"@type\":\"ListItem\",\"@id\":\"https:\\\/\\\/anoticiaonline.com.br\\\/site\\\/categoria\\\/eventos\\\/#listItem\",\"name\":\"Eventos\"}},{\"@type\":\"ListItem\",\"@id\":\"https:\\\/\\\/anoticiaonline.com.br\\\/site\\\/categoria\\\/eventos\\\/#listItem\",\"position\":2,\"name\":\"Eventos\",\"item\":\"https:\\\/\\\/anoticiaonline.com.br\\\/site\\\/categoria\\\/eventos\\\/\",\"nextItem\":{\"@type\":\"ListItem\",\"@id\":\"https:\\\/\\\/anoticiaonline.com.br\\\/site\\\/em-breve-em-muriae-la-castro-o-mais-novo-espaco-para-festas-e-eventos\\\/#listItem\",\"name\":\"Em breve em Muria\\u00e9, La Castro, o mais novo espa\\u00e7o para festas e eventos\"},\"previousItem\":{\"@type\":\"ListItem\",\"@id\":\"https:\\\/\\\/anoticiaonline.com.br\\\/site#listItem\",\"name\":\"Home\"}},{\"@type\":\"ListItem\",\"@id\":\"https:\\\/\\\/anoticiaonline.com.br\\\/site\\\/em-breve-em-muriae-la-castro-o-mais-novo-espaco-para-festas-e-eventos\\\/#listItem\",\"position\":3,\"name\":\"Em breve em Muria\\u00e9, La Castro, o mais novo espa\\u00e7o para festas e eventos\",\"previousItem\":{\"@type\":\"ListItem\",\"@id\":\"https:\\\/\\\/anoticiaonline.com.br\\\/site\\\/categoria\\\/eventos\\\/#listItem\",\"name\":\"Eventos\"}}]},{\"@type\":\"Organization\",\"@id\":\"https:\\\/\\\/anoticiaonline.com.br\\\/site\\\/#organization\",\"name\":\"A Not\\u00edcia Online\",\"description\":\"Noticias de Muria\\u00e9 e regi\\u00e3o\",\"url\":\"https:\\\/\\\/anoticiaonline.com.br\\\/site\\\/\",\"logo\":{\"@type\":\"ImageObject\",\"url\":\"https:\\\/\\\/scontent-gig4-1.xx.fbcdn.net\\\/v\\\/t39.30808-1\\\/270437624_4564083193639691_6907940295614233970_n.jpg?stp=dst-jpg_s200x200_tt6&_nc_cat=111&ccb=1-7&_nc_sid=f907e8&_nc_ohc=SM1wRlP3lJwQ7kNvwEPuBYA&_nc_oc=AdnqrjDN_BNjSSHWO-GbkIWH6fkGMLw4bqvL_NH6e2wMveX7G-rP2dAqsDSq1mJMOaY&_nc_zt=24&_nc_ht=scontent-gig4-1.xx&_nc_gid=AoBFJeGrT1hVaew_6rchkQ&oh=00_AfX7QmFGhQhG2jAllVgXCiM1ZrWgvtp80-Bfppyexh1QEg&oe=689E923C\",\"@id\":\"https:\\\/\\\/anoticiaonline.com.br\\\/site\\\/em-breve-em-muriae-la-castro-o-mais-novo-espaco-para-festas-e-eventos\\\/#organizationLogo\"},\"image\":{\"@id\":\"https:\\\/\\\/anoticiaonline.com.br\\\/site\\\/em-breve-em-muriae-la-castro-o-mais-novo-espaco-para-festas-e-eventos\\\/#organizationLogo\"}},{\"@type\":\"Person\",\"@id\":\"https:\\\/\\\/anoticiaonline.com.br\\\/site\\\/author\\\/juliana\\\/#author\",\"url\":\"https:\\\/\\\/anoticiaonline.com.br\\\/site\\\/author\\\/juliana\\\/\",\"name\":\"Juliana Laviola\",\"image\":{\"@type\":\"ImageObject\",\"@id\":\"https:\\\/\\\/anoticiaonline.com.br\\\/site\\\/em-breve-em-muriae-la-castro-o-mais-novo-espaco-para-festas-e-eventos\\\/#authorImage\",\"url\":\"https:\\\/\\\/secure.gravatar.com\\\/avatar\\\/b8d45f5c699b100dfaf0e543582f38f38bf94cb7ae3a5e9abf8d891a34773335?s=96&d=mm&r=g\",\"width\":96,\"height\":96,\"caption\":\"Juliana Laviola\"}},{\"@type\":\"WebPage\",\"@id\":\"https:\\\/\\\/anoticiaonline.com.br\\\/site\\\/em-breve-em-muriae-la-castro-o-mais-novo-espaco-para-festas-e-eventos\\\/#webpage\",\"url\":\"https:\\\/\\\/anoticiaonline.com.br\\\/site\\\/em-breve-em-muriae-la-castro-o-mais-novo-espaco-para-festas-e-eventos\\\/\",\"name\":\"Em breve em Muria\\u00e9, La Castro, o mais novo espa\\u00e7o para festas e eventos - A Not\\u00edcia Online\",\"description\":\"Em breve ser\\u00e1 inaugurado um novo espa\\u00e7o para festas e eventos em Muria\\u00e9. Trata-se do La Castro, de propriedade do casal Beth e Paulo Afonso. Projetado pelo arquiteto Jo\\u00e3o Paulo Goulart de Freitas, o La Castro est\\u00e1 situado \\u00e0s margens da BR-356, no antigo Latic\\u00ednio Parmalat. O novo espa\\u00e7o, que recebeu este nome em homenagem\",\"inLanguage\":\"pt-BR\",\"isPartOf\":{\"@id\":\"https:\\\/\\\/anoticiaonline.com.br\\\/site\\\/#website\"},\"breadcrumb\":{\"@id\":\"https:\\\/\\\/anoticiaonline.com.br\\\/site\\\/em-breve-em-muriae-la-castro-o-mais-novo-espaco-para-festas-e-eventos\\\/#breadcrumblist\"},\"author\":{\"@id\":\"https:\\\/\\\/anoticiaonline.com.br\\\/site\\\/author\\\/juliana\\\/#author\"},\"creator\":{\"@id\":\"https:\\\/\\\/anoticiaonline.com.br\\\/site\\\/author\\\/juliana\\\/#author\"},\"image\":{\"@type\":\"ImageObject\",\"url\":\"https:\\\/\\\/anoticiaonline.com.br\\\/site\\\/wp-content\\\/uploads\\\/2016\\\/03\\\/la-castro.jpg\",\"@id\":\"https:\\\/\\\/anoticiaonline.com.br\\\/site\\\/em-breve-em-muriae-la-castro-o-mais-novo-espaco-para-festas-e-eventos\\\/#mainImage\",\"width\":640,\"height\":360},\"primaryImageOfPage\":{\"@id\":\"https:\\\/\\\/anoticiaonline.com.br\\\/site\\\/em-breve-em-muriae-la-castro-o-mais-novo-espaco-para-festas-e-eventos\\\/#mainImage\"},\"datePublished\":\"2016-03-17T11:14:10-03:00\",\"dateModified\":\"2016-03-17T11:14:10-03:00\"},{\"@type\":\"WebSite\",\"@id\":\"https:\\\/\\\/anoticiaonline.com.br\\\/site\\\/#website\",\"url\":\"https:\\\/\\\/anoticiaonline.com.br\\\/site\\\/\",\"name\":\"A Not\\u00edcia Online\",\"description\":\"Noticias de Muria\\u00e9 e regi\\u00e3o\",\"inLanguage\":\"pt-BR\",\"publisher\":{\"@id\":\"https:\\\/\\\/anoticiaonline.com.br\\\/site\\\/#organization\"}}]}\n\t\t<\/script>\n\t\t<!-- All in One SEO -->\n\n","aioseo_head_json":{"title":"Em breve em Muria\u00e9, La Castro, o mais novo espa\u00e7o para festas e eventos - A Not\u00edcia Online","description":"Em breve ser\u00e1 inaugurado um novo espa\u00e7o para festas e eventos em Muria\u00e9. Trata-se do La Castro, de propriedade do casal Beth e Paulo Afonso. Projetado pelo arquiteto Jo\u00e3o Paulo Goulart de Freitas, o La Castro est\u00e1 situado \u00e0s margens da BR-356, no antigo Latic\u00ednio Parmalat. O novo espa\u00e7o, que recebeu este nome em homenagem","canonical_url":"https:\/\/anoticiaonline.com.br\/site\/em-breve-em-muriae-la-castro-o-mais-novo-espaco-para-festas-e-eventos\/","robots":"max-image-preview:large","keywords":"","webmasterTools":{"miscellaneous":""},"schema":{"@context":"https:\/\/schema.org","@graph":[{"@type":"BlogPosting","@id":"https:\/\/anoticiaonline.com.br\/site\/em-breve-em-muriae-la-castro-o-mais-novo-espaco-para-festas-e-eventos\/#blogposting","name":"Em breve em Muria\u00e9, La Castro, o mais novo espa\u00e7o para festas e eventos - A Not\u00edcia Online","headline":"Em breve em Muria\u00e9, La Castro, o mais novo espa\u00e7o para festas e eventos","author":{"@id":"https:\/\/anoticiaonline.com.br\/site\/author\/juliana\/#author"},"publisher":{"@id":"https:\/\/anoticiaonline.com.br\/site\/#organization"},"image":{"@type":"ImageObject","url":"https:\/\/anoticiaonline.com.br\/site\/wp-content\/uploads\/2016\/03\/la-castro.jpg","width":640,"height":360},"datePublished":"2016-03-17T11:14:10-03:00","dateModified":"2016-03-17T11:14:10-03:00","inLanguage":"pt-BR","mainEntityOfPage":{"@id":"https:\/\/anoticiaonline.com.br\/site\/em-breve-em-muriae-la-castro-o-mais-novo-espaco-para-festas-e-eventos\/#webpage"},"isPartOf":{"@id":"https:\/\/anoticiaonline.com.br\/site\/em-breve-em-muriae-la-castro-o-mais-novo-espaco-para-festas-e-eventos\/#webpage"},"articleSection":"Eventos, slide"},{"@type":"BreadcrumbList","@id":"https:\/\/anoticiaonline.com.br\/site\/em-breve-em-muriae-la-castro-o-mais-novo-espaco-para-festas-e-eventos\/#breadcrumblist","itemListElement":[{"@type":"ListItem","@id":"https:\/\/anoticiaonline.com.br\/site#listItem","position":1,"name":"Home","item":"https:\/\/anoticiaonline.com.br\/site","nextItem":{"@type":"ListItem","@id":"https:\/\/anoticiaonline.com.br\/site\/categoria\/eventos\/#listItem","name":"Eventos"}},{"@type":"ListItem","@id":"https:\/\/anoticiaonline.com.br\/site\/categoria\/eventos\/#listItem","position":2,"name":"Eventos","item":"https:\/\/anoticiaonline.com.br\/site\/categoria\/eventos\/","nextItem":{"@type":"ListItem","@id":"https:\/\/anoticiaonline.com.br\/site\/em-breve-em-muriae-la-castro-o-mais-novo-espaco-para-festas-e-eventos\/#listItem","name":"Em breve em Muria\u00e9, La Castro, o mais novo espa\u00e7o para festas e eventos"},"previousItem":{"@type":"ListItem","@id":"https:\/\/anoticiaonline.com.br\/site#listItem","name":"Home"}},{"@type":"ListItem","@id":"https:\/\/anoticiaonline.com.br\/site\/em-breve-em-muriae-la-castro-o-mais-novo-espaco-para-festas-e-eventos\/#listItem","position":3,"name":"Em breve em Muria\u00e9, La Castro, o mais novo espa\u00e7o para festas e eventos","previousItem":{"@type":"ListItem","@id":"https:\/\/anoticiaonline.com.br\/site\/categoria\/eventos\/#listItem","name":"Eventos"}}]},{"@type":"Organization","@id":"https:\/\/anoticiaonline.com.br\/site\/#organization","name":"A Not\u00edcia Online","description":"Noticias de Muria\u00e9 e regi\u00e3o","url":"https:\/\/anoticiaonline.com.br\/site\/","logo":{"@type":"ImageObject","url":"https:\/\/scontent-gig4-1.xx.fbcdn.net\/v\/t39.30808-1\/270437624_4564083193639691_6907940295614233970_n.jpg?stp=dst-jpg_s200x200_tt6&_nc_cat=111&ccb=1-7&_nc_sid=f907e8&_nc_ohc=SM1wRlP3lJwQ7kNvwEPuBYA&_nc_oc=AdnqrjDN_BNjSSHWO-GbkIWH6fkGMLw4bqvL_NH6e2wMveX7G-rP2dAqsDSq1mJMOaY&_nc_zt=24&_nc_ht=scontent-gig4-1.xx&_nc_gid=AoBFJeGrT1hVaew_6rchkQ&oh=00_AfX7QmFGhQhG2jAllVgXCiM1ZrWgvtp80-Bfppyexh1QEg&oe=689E923C","@id":"https:\/\/anoticiaonline.com.br\/site\/em-breve-em-muriae-la-castro-o-mais-novo-espaco-para-festas-e-eventos\/#organizationLogo"},"image":{"@id":"https:\/\/anoticiaonline.com.br\/site\/em-breve-em-muriae-la-castro-o-mais-novo-espaco-para-festas-e-eventos\/#organizationLogo"}},{"@type":"Person","@id":"https:\/\/anoticiaonline.com.br\/site\/author\/juliana\/#author","url":"https:\/\/anoticiaonline.com.br\/site\/author\/juliana\/","name":"Juliana Laviola","image":{"@type":"ImageObject","@id":"https:\/\/anoticiaonline.com.br\/site\/em-breve-em-muriae-la-castro-o-mais-novo-espaco-para-festas-e-eventos\/#authorImage","url":"https:\/\/secure.gravatar.com\/avatar\/b8d45f5c699b100dfaf0e543582f38f38bf94cb7ae3a5e9abf8d891a34773335?s=96&d=mm&r=g","width":96,"height":96,"caption":"Juliana Laviola"}},{"@type":"WebPage","@id":"https:\/\/anoticiaonline.com.br\/site\/em-breve-em-muriae-la-castro-o-mais-novo-espaco-para-festas-e-eventos\/#webpage","url":"https:\/\/anoticiaonline.com.br\/site\/em-breve-em-muriae-la-castro-o-mais-novo-espaco-para-festas-e-eventos\/","name":"Em breve em Muria\u00e9, La Castro, o mais novo espa\u00e7o para festas e eventos - A Not\u00edcia Online","description":"Em breve ser\u00e1 inaugurado um novo espa\u00e7o para festas e eventos em Muria\u00e9. Trata-se do La Castro, de propriedade do casal Beth e Paulo Afonso. Projetado pelo arquiteto Jo\u00e3o Paulo Goulart de Freitas, o La Castro est\u00e1 situado \u00e0s margens da BR-356, no antigo Latic\u00ednio Parmalat. O novo espa\u00e7o, que recebeu este nome em homenagem","inLanguage":"pt-BR","isPartOf":{"@id":"https:\/\/anoticiaonline.com.br\/site\/#website"},"breadcrumb":{"@id":"https:\/\/anoticiaonline.com.br\/site\/em-breve-em-muriae-la-castro-o-mais-novo-espaco-para-festas-e-eventos\/#breadcrumblist"},"author":{"@id":"https:\/\/anoticiaonline.com.br\/site\/author\/juliana\/#author"},"creator":{"@id":"https:\/\/anoticiaonline.com.br\/site\/author\/juliana\/#author"},"image":{"@type":"ImageObject","url":"https:\/\/anoticiaonline.com.br\/site\/wp-content\/uploads\/2016\/03\/la-castro.jpg","@id":"https:\/\/anoticiaonline.com.br\/site\/em-breve-em-muriae-la-castro-o-mais-novo-espaco-para-festas-e-eventos\/#mainImage","width":640,"height":360},"primaryImageOfPage":{"@id":"https:\/\/anoticiaonline.com.br\/site\/em-breve-em-muriae-la-castro-o-mais-novo-espaco-para-festas-e-eventos\/#mainImage"},"datePublished":"2016-03-17T11:14:10-03:00","dateModified":"2016-03-17T11:14:10-03:00"},{"@type":"WebSite","@id":"https:\/\/anoticiaonline.com.br\/site\/#website","url":"https:\/\/anoticiaonline.com.br\/site\/","name":"A Not\u00edcia Online","description":"Noticias de Muria\u00e9 e regi\u00e3o","inLanguage":"pt-BR","publisher":{"@id":"https:\/\/anoticiaonline.com.br\/site\/#organization"}}]},"og:locale":"pt_BR","og:site_name":"A Not\u00edcia Online - Noticias de Muria\u00e9 e regi\u00e3o","og:type":"article","og:title":"Em breve em Muria\u00e9, La Castro, o mais novo espa\u00e7o para festas e eventos - A Not\u00edcia Online","og:description":"Em breve ser\u00e1 inaugurado um novo espa\u00e7o para festas e eventos em Muria\u00e9. Trata-se do La Castro, de propriedade do casal Beth e Paulo Afonso. Projetado pelo arquiteto Jo\u00e3o Paulo Goulart de Freitas, o La Castro est\u00e1 situado \u00e0s margens da BR-356, no antigo Latic\u00ednio Parmalat. O novo espa\u00e7o, que recebeu este nome em homenagem","og:url":"https:\/\/anoticiaonline.com.br\/site\/em-breve-em-muriae-la-castro-o-mais-novo-espaco-para-festas-e-eventos\/","og:image":"https:\/\/scontent-gig4-1.xx.fbcdn.net\/v\/t39.30808-1\/270437624_4564083193639691_6907940295614233970_n.jpg?stp=dst-jpg_s200x200_tt6&#038;_nc_cat=111&#038;ccb=1-7&#038;_nc_sid=f907e8&#038;_nc_ohc=SM1wRlP3lJwQ7kNvwEPuBYA&#038;_nc_oc=AdnqrjDN_BNjSSHWO-GbkIWH6fkGMLw4bqvL_NH6e2wMveX7G-rP2dAqsDSq1mJMOaY&#038;_nc_zt=24&#038;_nc_ht=scontent-gig4-1.xx&#038;_nc_gid=AoBFJeGrT1hVaew_6rchkQ&#038;oh=00_AfX7QmFGhQhG2jAllVgXCiM1ZrWgvtp80-Bfppyexh1QEg&#038;oe=689E923C","og:image:secure_url":"https:\/\/scontent-gig4-1.xx.fbcdn.net\/v\/t39.30808-1\/270437624_4564083193639691_6907940295614233970_n.jpg?stp=dst-jpg_s200x200_tt6&#038;_nc_cat=111&#038;ccb=1-7&#038;_nc_sid=f907e8&#038;_nc_ohc=SM1wRlP3lJwQ7kNvwEPuBYA&#038;_nc_oc=AdnqrjDN_BNjSSHWO-GbkIWH6fkGMLw4bqvL_NH6e2wMveX7G-rP2dAqsDSq1mJMOaY&#038;_nc_zt=24&#038;_nc_ht=scontent-gig4-1.xx&#038;_nc_gid=AoBFJeGrT1hVaew_6rchkQ&#038;oh=00_AfX7QmFGhQhG2jAllVgXCiM1ZrWgvtp80-Bfppyexh1QEg&#038;oe=689E923C","article:published_time":"2016-03-17T14:14:10+00:00","article:modified_time":"2016-03-17T14:14:10+00:00","twitter:card":"summary_large_image","twitter:title":"Em breve em Muria\u00e9, La Castro, o mais novo espa\u00e7o para festas e eventos - A Not\u00edcia Online","twitter:description":"Em breve ser\u00e1 inaugurado um novo espa\u00e7o para festas e eventos em Muria\u00e9. Trata-se do La Castro, de propriedade do casal Beth e Paulo Afonso. Projetado pelo arquiteto Jo\u00e3o Paulo Goulart de Freitas, o La Castro est\u00e1 situado \u00e0s margens da BR-356, no antigo Latic\u00ednio Parmalat. O novo espa\u00e7o, que recebeu este nome em homenagem","twitter:image":"https:\/\/scontent-gig4-1.xx.fbcdn.net\/v\/t39.30808-1\/270437624_4564083193639691_6907940295614233970_n.jpg?stp=dst-jpg_s200x200_tt6&_nc_cat=111&ccb=1-7&_nc_sid=f907e8&_nc_ohc=SM1wRlP3lJwQ7kNvwEPuBYA&_nc_oc=AdnqrjDN_BNjSSHWO-GbkIWH6fkGMLw4bqvL_NH6e2wMveX7G-rP2dAqsDSq1mJMOaY&_nc_zt=24&_nc_ht=scontent-gig4-1.xx&_nc_gid=AoBFJeGrT1hVaew_6rchkQ&oh=00_AfX7QmFGhQhG2jAllVgXCiM1ZrWgvtp80-Bfppyexh1QEg&oe=689E923C"},"aioseo_meta_data":{"post_id":"10455","title":null,"description":null,"keywords":null,"keyphrases":null,"primary_term":null,"canonical_url":null,"og_title":null,"og_description":null,"og_object_type":"default","og_image_type":"default","og_image_url":null,"og_image_width":null,"og_image_height":null,"og_image_custom_url":null,"og_image_custom_fields":null,"og_video":null,"og_custom_url":null,"og_article_section":null,"og_article_tags":null,"twitter_use_og":false,"twitter_card":"default","twitter_image_type":"default","twitter_image_url":null,"twitter_image_custom_url":null,"twitter_image_custom_fields":null,"twitter_title":null,"twitter_description":null,"schema":{"blockGraphs":[],"customGraphs":[],"default":{"data":{"Article":[],"Course":[],"Dataset":[],"FAQPage":[],"Movie":[],"Person":[],"Product":[],"ProductReview":[],"Car":[],"Recipe":[],"Service":[],"SoftwareApplication":[],"WebPage":[]},"graphName":"","isEnabled":true},"graphs":[]},"schema_type":"default","schema_type_options":null,"pillar_content":false,"robots_default":true,"robots_noindex":false,"robots_noarchive":false,"robots_nosnippet":false,"robots_nofollow":false,"robots_noimageindex":false,"robots_noodp":false,"robots_notranslate":false,"robots_max_snippet":null,"robots_max_videopreview":null,"robots_max_imagepreview":"large","priority":null,"frequency":null,"local_seo":null,"breadcrumb_settings":null,"limit_modified_date":false,"ai":null,"created":"2025-08-16 15:35:52","updated":"2025-08-16 15:35:52","focus_keyword":null,"additional_keywords":null,"truseo_locale":null,"seo_analyzer_scan_date":null},"aioseo_breadcrumb":"<div class=\"aioseo-breadcrumbs\"><span class=\"aioseo-breadcrumb\">\n\t\t\t<a href=\"https:\/\/anoticiaonline.com.br\/site\" title=\"Home\">Home<\/a>\n\t\t<\/span><span class=\"aioseo-breadcrumb-separator\">&raquo;<\/span><span class=\"aioseo-breadcrumb\">\n\t\t\t<a href=\"https:\/\/anoticiaonline.com.br\/site\/categoria\/eventos\/\" title=\"Eventos\">Eventos<\/a>\n\t\t<\/span><span class=\"aioseo-breadcrumb-separator\">&raquo;<\/span><span class=\"aioseo-breadcrumb\">\n\t\t\tEm breve em Muria\u00e9, La Castro, o mais novo espa\u00e7o para festas e eventos\n\t\t<\/span><\/div>","aioseo_breadcrumb_json":[{"label":"Home","link":"https:\/\/anoticiaonline.com.br\/site"},{"label":"Eventos","link":"https:\/\/anoticiaonline.com.br\/site\/categoria\/eventos\/"},{"label":"Em breve em Muria\u00e9, La Castro, o mais novo espa\u00e7o para festas e eventos","link":"https:\/\/anoticiaonline.com.br\/site\/em-breve-em-muriae-la-castro-o-mais-novo-espaco-para-festas-e-eventos\/"}],"views":250,"_links":{"self":[{"href":"https:\/\/anoticiaonline.com.br\/site\/wp-json\/wp\/v2\/posts\/10455","targetHints":{"allow":["GET"]}}],"collection":[{"href":"https:\/\/anoticiaonline.com.br\/site\/wp-json\/wp\/v2\/posts"}],"about":[{"href":"https:\/\/anoticiaonline.com.br\/site\/wp-json\/wp\/v2\/types\/post"}],"author":[{"embeddable":true,"href":"https:\/\/anoticiaonline.com.br\/site\/wp-json\/wp\/v2\/users\/2"}],"replies":[{"embeddable":true,"href":"https:\/\/anoticiaonline.com.br\/site\/wp-json\/wp\/v2\/comments?post=10455"}],"version-history":[{"count":0,"href":"https:\/\/anoticiaonline.com.br\/site\/wp-json\/wp\/v2\/posts\/10455\/revisions"}],"wp:featuredmedia":[{"embeddable":true,"href":"https:\/\/anoticiaonline.com.br\/site\/wp-json\/wp\/v2\/media\/10456"}],"wp:attachment":[{"href":"https:\/\/anoticiaonline.com.br\/site\/wp-json\/wp\/v2\/media?parent=10455"}],"wp:term":[{"taxonomy":"category","embeddable":true,"href":"https:\/\/anoticiaonline.com.br\/site\/wp-json\/wp\/v2\/categories?post=10455"},{"taxonomy":"post_tag","embeddable":true,"href":"https:\/\/anoticiaonline.com.br\/site\/wp-json\/wp\/v2\/tags?post=10455"}],"curies":[{"name":"wp","href":"https:\/\/api.w.org\/{rel}","templated":true}]}}