{"id":10404,"date":"2016-03-16T11:15:59","date_gmt":"2016-03-16T14:15:59","guid":{"rendered":"http:\/\/anoticiaonline.com.br\/site\/?p=10404"},"modified":"2016-03-16T11:15:59","modified_gmt":"2016-03-16T14:15:59","slug":"policia-civil-prende-suspeito-de-envolvimento-em-dois-homicidios-em-vieiras","status":"publish","type":"post","link":"https:\/\/anoticiaonline.com.br\/site\/policia-civil-prende-suspeito-de-envolvimento-em-dois-homicidios-em-vieiras\/","title":{"rendered":"Pol\u00edcia Civil prende suspeito de envolvimento em dois homic\u00eddios em Vieiras"},"content":{"rendered":"<p><a href=\"https:\/\/anoticiaonline.com.br\/site\/wp-content\/uploads\/2016\/03\/Pol\u00edcia-Civil-prende-suspeito-de-envolvimento-em-dois-homic\u00eddios-em-Vieiras.jpg\"><img decoding=\"async\" class=\" size-medium wp-image-10405 alignleft\" src=\"https:\/\/anoticiaonline.com.br\/site\/wp-content\/uploads\/2016\/03\/Pol\u00edcia-Civil-prende-suspeito-de-envolvimento-em-dois-homic\u00eddios-em-Vieiras-300x145.jpg\" alt=\"Pol\u00edcia Civil prende suspeito de envolvimento em dois homic\u00eddios em Vieiras\" width=\"300\" height=\"145\" srcset=\"https:\/\/anoticiaonline.com.br\/site\/wp-content\/uploads\/2016\/03\/Pol\u00edcia-Civil-prende-suspeito-de-envolvimento-em-dois-homic\u00eddios-em-Vieiras-300x145.jpg 300w, https:\/\/anoticiaonline.com.br\/site\/wp-content\/uploads\/2016\/03\/Pol\u00edcia-Civil-prende-suspeito-de-envolvimento-em-dois-homic\u00eddios-em-Vieiras.jpg 600w\" sizes=\"(max-width: 300px) 100vw, 300px\" \/><\/a>A Pol\u00edcia Civil prendeu, na manh\u00e3 ter\u00e7a-feira (15), um homem de 25 anos, suspeito de envolvimento em dois homic\u00eddios no munic\u00edpio de Vieiras. D. E. M. B. foi encontrado em uma resid\u00eancia, no bairro Primavera, em Muria\u00e9.<\/p>\n<p>O investigado encontra-se recolhido na Cadeia de Miradouro, comarca onde havia mandado de pris\u00e3o tempor\u00e1ria em desfavor do mesmo.<\/p>\n<p>D. E. M. B. \u00e9 suspeito de participa\u00e7\u00e3o na morte do pedreiro Manoel Messias da Silva, de 51 anos, ocorrida em 30 de setembro de 2015 e Vin\u00edcius Henrique de Freitas, de 33 anos, ocorrida em 14 de janeiro deste ano, na Zona Rural de Vieiras.<\/p>\n","protected":false},"excerpt":{"rendered":"<p>A Pol\u00edcia Civil prendeu, na manh\u00e3 ter\u00e7a-feira (15), um homem de 25 anos, suspeito de envolvimento em dois homic\u00eddios no munic\u00edpio de Vieiras. D. E. M. B. foi encontrado em uma resid\u00eancia, no bairro Primavera, em Muria\u00e9. O investigado encontra-se recolhido na Cadeia de Miradouro, comarca onde havia mandado de pris\u00e3o tempor\u00e1ria em desfavor do &#8230; <a title=\"Pol\u00edcia Civil prende suspeito de envolvimento em dois homic\u00eddios em Vieiras\" class=\"read-more\" href=\"https:\/\/anoticiaonline.com.br\/site\/policia-civil-prende-suspeito-de-envolvimento-em-dois-homicidios-em-vieiras\/\" aria-label=\"Read more about Pol\u00edcia Civil prende suspeito de envolvimento em dois homic\u00eddios em Vieiras\">Ler mais<\/a><\/p>\n","protected":false},"author":2,"featured_media":10405,"comment_status":"open","ping_status":"open","sticky":false,"template":"","format":"standard","meta":{"_acf_changed":false,"_monsterinsights_skip_tracking":false,"footnotes":""},"categories":[6],"tags":[3],"class_list":["post-10404","post","type-post","status-publish","format-standard","has-post-thumbnail","hentry","category-regiao","tag-slide"],"acf":[],"aioseo_notices":[],"aioseo_head":"\n\t\t<!-- All in One SEO 5.0.0.1 - aioseo.com -->\n\t<meta name=\"description\" content=\"A Pol\u00edcia Civil prendeu, na manh\u00e3 ter\u00e7a-feira (15), um homem de 25 anos, suspeito de envolvimento em dois homic\u00eddios no munic\u00edpio de Vieiras. D. E. M. B. foi encontrado em uma resid\u00eancia, no bairro Primavera, em Muria\u00e9. O investigado encontra-se recolhido na Cadeia de Miradouro, comarca onde havia mandado de pris\u00e3o tempor\u00e1ria em desfavor do\" \/>\n\t<meta name=\"robots\" content=\"max-image-preview:large\" \/>\n\t<meta name=\"author\" content=\"Juliana Laviola\"\/>\n\t<link rel=\"canonical\" href=\"https:\/\/anoticiaonline.com.br\/site\/policia-civil-prende-suspeito-de-envolvimento-em-dois-homicidios-em-vieiras\/\" \/>\n\t<meta name=\"generator\" content=\"All in One SEO (AIOSEO) 5.0.0.1\" \/>\n\t\t<meta property=\"og:locale\" content=\"pt_BR\" \/>\n\t\t<meta property=\"og:site_name\" content=\"A Not\u00edcia Online - Noticias de Muria\u00e9 e regi\u00e3o\" \/>\n\t\t<meta property=\"og:type\" content=\"article\" \/>\n\t\t<meta property=\"og:title\" content=\"Pol\u00edcia Civil prende suspeito de envolvimento em dois homic\u00eddios em Vieiras - A Not\u00edcia Online\" \/>\n\t\t<meta property=\"og:description\" content=\"A Pol\u00edcia Civil prendeu, na manh\u00e3 ter\u00e7a-feira (15), um homem de 25 anos, suspeito de envolvimento em dois homic\u00eddios no munic\u00edpio de Vieiras. D. E. M. B. foi encontrado em uma resid\u00eancia, no bairro Primavera, em Muria\u00e9. O investigado encontra-se recolhido na Cadeia de Miradouro, comarca onde havia mandado de pris\u00e3o tempor\u00e1ria em desfavor do\" \/>\n\t\t<meta property=\"og:url\" content=\"https:\/\/anoticiaonline.com.br\/site\/policia-civil-prende-suspeito-de-envolvimento-em-dois-homicidios-em-vieiras\/\" \/>\n\t\t<meta property=\"og:image\" content=\"https:\/\/scontent-gig4-1.xx.fbcdn.net\/v\/t39.30808-1\/270437624_4564083193639691_6907940295614233970_n.jpg?stp=dst-jpg_s200x200_tt6&#038;_nc_cat=111&#038;ccb=1-7&#038;_nc_sid=f907e8&#038;_nc_ohc=SM1wRlP3lJwQ7kNvwEPuBYA&#038;_nc_oc=AdnqrjDN_BNjSSHWO-GbkIWH6fkGMLw4bqvL_NH6e2wMveX7G-rP2dAqsDSq1mJMOaY&#038;_nc_zt=24&#038;_nc_ht=scontent-gig4-1.xx&#038;_nc_gid=AoBFJeGrT1hVaew_6rchkQ&#038;oh=00_AfX7QmFGhQhG2jAllVgXCiM1ZrWgvtp80-Bfppyexh1QEg&#038;oe=689E923C\" \/>\n\t\t<meta property=\"og:image:secure_url\" content=\"https:\/\/scontent-gig4-1.xx.fbcdn.net\/v\/t39.30808-1\/270437624_4564083193639691_6907940295614233970_n.jpg?stp=dst-jpg_s200x200_tt6&#038;_nc_cat=111&#038;ccb=1-7&#038;_nc_sid=f907e8&#038;_nc_ohc=SM1wRlP3lJwQ7kNvwEPuBYA&#038;_nc_oc=AdnqrjDN_BNjSSHWO-GbkIWH6fkGMLw4bqvL_NH6e2wMveX7G-rP2dAqsDSq1mJMOaY&#038;_nc_zt=24&#038;_nc_ht=scontent-gig4-1.xx&#038;_nc_gid=AoBFJeGrT1hVaew_6rchkQ&#038;oh=00_AfX7QmFGhQhG2jAllVgXCiM1ZrWgvtp80-Bfppyexh1QEg&#038;oe=689E923C\" \/>\n\t\t<meta property=\"article:published_time\" content=\"2016-03-16T14:15:59+00:00\" \/>\n\t\t<meta property=\"article:modified_time\" content=\"2016-03-16T14:15:59+00:00\" \/>\n\t\t<meta name=\"twitter:card\" content=\"summary_large_image\" \/>\n\t\t<meta name=\"twitter:title\" content=\"Pol\u00edcia Civil prende suspeito de envolvimento em dois homic\u00eddios em Vieiras - A Not\u00edcia Online\" \/>\n\t\t<meta name=\"twitter:description\" content=\"A Pol\u00edcia Civil prendeu, na manh\u00e3 ter\u00e7a-feira (15), um homem de 25 anos, suspeito de envolvimento em dois homic\u00eddios no munic\u00edpio de Vieiras. D. E. M. B. foi encontrado em uma resid\u00eancia, no bairro Primavera, em Muria\u00e9. O investigado encontra-se recolhido na Cadeia de Miradouro, comarca onde havia mandado de pris\u00e3o tempor\u00e1ria em desfavor do\" \/>\n\t\t<meta name=\"twitter:image\" content=\"https:\/\/scontent-gig4-1.xx.fbcdn.net\/v\/t39.30808-1\/270437624_4564083193639691_6907940295614233970_n.jpg?stp=dst-jpg_s200x200_tt6&amp;_nc_cat=111&amp;ccb=1-7&amp;_nc_sid=f907e8&amp;_nc_ohc=SM1wRlP3lJwQ7kNvwEPuBYA&amp;_nc_oc=AdnqrjDN_BNjSSHWO-GbkIWH6fkGMLw4bqvL_NH6e2wMveX7G-rP2dAqsDSq1mJMOaY&amp;_nc_zt=24&amp;_nc_ht=scontent-gig4-1.xx&amp;_nc_gid=AoBFJeGrT1hVaew_6rchkQ&amp;oh=00_AfX7QmFGhQhG2jAllVgXCiM1ZrWgvtp80-Bfppyexh1QEg&amp;oe=689E923C\" \/>\n\t\t<script type=\"application\/ld+json\" class=\"aioseo-schema\">\n\t\t\t{\"@context\":\"https:\\\/\\\/schema.org\",\"@graph\":[{\"@type\":\"BlogPosting\",\"@id\":\"https:\\\/\\\/anoticiaonline.com.br\\\/site\\\/policia-civil-prende-suspeito-de-envolvimento-em-dois-homicidios-em-vieiras\\\/#blogposting\",\"name\":\"Pol\\u00edcia Civil prende suspeito de envolvimento em dois homic\\u00eddios em Vieiras - A Not\\u00edcia Online\",\"headline\":\"Pol\\u00edcia Civil prende suspeito de envolvimento em dois homic\\u00eddios em Vieiras\",\"author\":{\"@id\":\"https:\\\/\\\/anoticiaonline.com.br\\\/site\\\/author\\\/juliana\\\/#author\"},\"publisher\":{\"@id\":\"https:\\\/\\\/anoticiaonline.com.br\\\/site\\\/#organization\"},\"image\":{\"@type\":\"ImageObject\",\"url\":\"https:\\\/\\\/anoticiaonline.com.br\\\/site\\\/wp-content\\\/uploads\\\/2016\\\/03\\\/Pol\\u00edcia-Civil-prende-suspeito-de-envolvimento-em-dois-homic\\u00eddios-em-Vieiras.jpg\",\"width\":600,\"height\":289},\"datePublished\":\"2016-03-16T11:15:59-03:00\",\"dateModified\":\"2016-03-16T11:15:59-03:00\",\"inLanguage\":\"pt-BR\",\"mainEntityOfPage\":{\"@id\":\"https:\\\/\\\/anoticiaonline.com.br\\\/site\\\/policia-civil-prende-suspeito-de-envolvimento-em-dois-homicidios-em-vieiras\\\/#webpage\"},\"isPartOf\":{\"@id\":\"https:\\\/\\\/anoticiaonline.com.br\\\/site\\\/policia-civil-prende-suspeito-de-envolvimento-em-dois-homicidios-em-vieiras\\\/#webpage\"},\"articleSection\":\"Regi\\u00e3o, slide\"},{\"@type\":\"BreadcrumbList\",\"@id\":\"https:\\\/\\\/anoticiaonline.com.br\\\/site\\\/policia-civil-prende-suspeito-de-envolvimento-em-dois-homicidios-em-vieiras\\\/#breadcrumblist\",\"itemListElement\":[{\"@type\":\"ListItem\",\"@id\":\"https:\\\/\\\/anoticiaonline.com.br\\\/site#listItem\",\"position\":1,\"name\":\"Home\",\"item\":\"https:\\\/\\\/anoticiaonline.com.br\\\/site\",\"nextItem\":{\"@type\":\"ListItem\",\"@id\":\"https:\\\/\\\/anoticiaonline.com.br\\\/site\\\/categoria\\\/regiao\\\/#listItem\",\"name\":\"Regi\\u00e3o\"}},{\"@type\":\"ListItem\",\"@id\":\"https:\\\/\\\/anoticiaonline.com.br\\\/site\\\/categoria\\\/regiao\\\/#listItem\",\"position\":2,\"name\":\"Regi\\u00e3o\",\"item\":\"https:\\\/\\\/anoticiaonline.com.br\\\/site\\\/categoria\\\/regiao\\\/\",\"nextItem\":{\"@type\":\"ListItem\",\"@id\":\"https:\\\/\\\/anoticiaonline.com.br\\\/site\\\/policia-civil-prende-suspeito-de-envolvimento-em-dois-homicidios-em-vieiras\\\/#listItem\",\"name\":\"Pol\\u00edcia Civil prende suspeito de envolvimento em dois homic\\u00eddios em Vieiras\"},\"previousItem\":{\"@type\":\"ListItem\",\"@id\":\"https:\\\/\\\/anoticiaonline.com.br\\\/site#listItem\",\"name\":\"Home\"}},{\"@type\":\"ListItem\",\"@id\":\"https:\\\/\\\/anoticiaonline.com.br\\\/site\\\/policia-civil-prende-suspeito-de-envolvimento-em-dois-homicidios-em-vieiras\\\/#listItem\",\"position\":3,\"name\":\"Pol\\u00edcia Civil prende suspeito de envolvimento em dois homic\\u00eddios em Vieiras\",\"previousItem\":{\"@type\":\"ListItem\",\"@id\":\"https:\\\/\\\/anoticiaonline.com.br\\\/site\\\/categoria\\\/regiao\\\/#listItem\",\"name\":\"Regi\\u00e3o\"}}]},{\"@type\":\"Organization\",\"@id\":\"https:\\\/\\\/anoticiaonline.com.br\\\/site\\\/#organization\",\"name\":\"A Not\\u00edcia Online\",\"description\":\"Noticias de Muria\\u00e9 e regi\\u00e3o\",\"url\":\"https:\\\/\\\/anoticiaonline.com.br\\\/site\\\/\",\"logo\":{\"@type\":\"ImageObject\",\"url\":\"https:\\\/\\\/scontent-gig4-1.xx.fbcdn.net\\\/v\\\/t39.30808-1\\\/270437624_4564083193639691_6907940295614233970_n.jpg?stp=dst-jpg_s200x200_tt6&_nc_cat=111&ccb=1-7&_nc_sid=f907e8&_nc_ohc=SM1wRlP3lJwQ7kNvwEPuBYA&_nc_oc=AdnqrjDN_BNjSSHWO-GbkIWH6fkGMLw4bqvL_NH6e2wMveX7G-rP2dAqsDSq1mJMOaY&_nc_zt=24&_nc_ht=scontent-gig4-1.xx&_nc_gid=AoBFJeGrT1hVaew_6rchkQ&oh=00_AfX7QmFGhQhG2jAllVgXCiM1ZrWgvtp80-Bfppyexh1QEg&oe=689E923C\",\"@id\":\"https:\\\/\\\/anoticiaonline.com.br\\\/site\\\/policia-civil-prende-suspeito-de-envolvimento-em-dois-homicidios-em-vieiras\\\/#organizationLogo\"},\"image\":{\"@id\":\"https:\\\/\\\/anoticiaonline.com.br\\\/site\\\/policia-civil-prende-suspeito-de-envolvimento-em-dois-homicidios-em-vieiras\\\/#organizationLogo\"}},{\"@type\":\"Person\",\"@id\":\"https:\\\/\\\/anoticiaonline.com.br\\\/site\\\/author\\\/juliana\\\/#author\",\"url\":\"https:\\\/\\\/anoticiaonline.com.br\\\/site\\\/author\\\/juliana\\\/\",\"name\":\"Juliana Laviola\",\"image\":{\"@type\":\"ImageObject\",\"@id\":\"https:\\\/\\\/anoticiaonline.com.br\\\/site\\\/policia-civil-prende-suspeito-de-envolvimento-em-dois-homicidios-em-vieiras\\\/#authorImage\",\"url\":\"https:\\\/\\\/secure.gravatar.com\\\/avatar\\\/b8d45f5c699b100dfaf0e543582f38f38bf94cb7ae3a5e9abf8d891a34773335?s=96&d=mm&r=g\",\"width\":96,\"height\":96,\"caption\":\"Juliana Laviola\"}},{\"@type\":\"WebPage\",\"@id\":\"https:\\\/\\\/anoticiaonline.com.br\\\/site\\\/policia-civil-prende-suspeito-de-envolvimento-em-dois-homicidios-em-vieiras\\\/#webpage\",\"url\":\"https:\\\/\\\/anoticiaonline.com.br\\\/site\\\/policia-civil-prende-suspeito-de-envolvimento-em-dois-homicidios-em-vieiras\\\/\",\"name\":\"Pol\\u00edcia Civil prende suspeito de envolvimento em dois homic\\u00eddios em Vieiras - A Not\\u00edcia Online\",\"description\":\"A Pol\\u00edcia Civil prendeu, na manh\\u00e3 ter\\u00e7a-feira (15), um homem de 25 anos, suspeito de envolvimento em dois homic\\u00eddios no munic\\u00edpio de Vieiras. D. E. M. B. foi encontrado em uma resid\\u00eancia, no bairro Primavera, em Muria\\u00e9. O investigado encontra-se recolhido na Cadeia de Miradouro, comarca onde havia mandado de pris\\u00e3o tempor\\u00e1ria em desfavor do\",\"inLanguage\":\"pt-BR\",\"isPartOf\":{\"@id\":\"https:\\\/\\\/anoticiaonline.com.br\\\/site\\\/#website\"},\"breadcrumb\":{\"@id\":\"https:\\\/\\\/anoticiaonline.com.br\\\/site\\\/policia-civil-prende-suspeito-de-envolvimento-em-dois-homicidios-em-vieiras\\\/#breadcrumblist\"},\"author\":{\"@id\":\"https:\\\/\\\/anoticiaonline.com.br\\\/site\\\/author\\\/juliana\\\/#author\"},\"creator\":{\"@id\":\"https:\\\/\\\/anoticiaonline.com.br\\\/site\\\/author\\\/juliana\\\/#author\"},\"image\":{\"@type\":\"ImageObject\",\"url\":\"https:\\\/\\\/anoticiaonline.com.br\\\/site\\\/wp-content\\\/uploads\\\/2016\\\/03\\\/Pol\\u00edcia-Civil-prende-suspeito-de-envolvimento-em-dois-homic\\u00eddios-em-Vieiras.jpg\",\"@id\":\"https:\\\/\\\/anoticiaonline.com.br\\\/site\\\/policia-civil-prende-suspeito-de-envolvimento-em-dois-homicidios-em-vieiras\\\/#mainImage\",\"width\":600,\"height\":289},\"primaryImageOfPage\":{\"@id\":\"https:\\\/\\\/anoticiaonline.com.br\\\/site\\\/policia-civil-prende-suspeito-de-envolvimento-em-dois-homicidios-em-vieiras\\\/#mainImage\"},\"datePublished\":\"2016-03-16T11:15:59-03:00\",\"dateModified\":\"2016-03-16T11:15:59-03:00\"},{\"@type\":\"WebSite\",\"@id\":\"https:\\\/\\\/anoticiaonline.com.br\\\/site\\\/#website\",\"url\":\"https:\\\/\\\/anoticiaonline.com.br\\\/site\\\/\",\"name\":\"A Not\\u00edcia Online\",\"description\":\"Noticias de Muria\\u00e9 e regi\\u00e3o\",\"inLanguage\":\"pt-BR\",\"publisher\":{\"@id\":\"https:\\\/\\\/anoticiaonline.com.br\\\/site\\\/#organization\"}}]}\n\t\t<\/script>\n\t\t<!-- All in One SEO -->\n\n","aioseo_head_json":{"title":"Pol\u00edcia Civil prende suspeito de envolvimento em dois homic\u00eddios em Vieiras - A Not\u00edcia Online","description":"A Pol\u00edcia Civil prendeu, na manh\u00e3 ter\u00e7a-feira (15), um homem de 25 anos, suspeito de envolvimento em dois homic\u00eddios no munic\u00edpio de Vieiras. D. E. M. B. foi encontrado em uma resid\u00eancia, no bairro Primavera, em Muria\u00e9. O investigado encontra-se recolhido na Cadeia de Miradouro, comarca onde havia mandado de pris\u00e3o tempor\u00e1ria em desfavor do","canonical_url":"https:\/\/anoticiaonline.com.br\/site\/policia-civil-prende-suspeito-de-envolvimento-em-dois-homicidios-em-vieiras\/","robots":"max-image-preview:large","keywords":"","webmasterTools":{"miscellaneous":""},"schema":{"@context":"https:\/\/schema.org","@graph":[{"@type":"BlogPosting","@id":"https:\/\/anoticiaonline.com.br\/site\/policia-civil-prende-suspeito-de-envolvimento-em-dois-homicidios-em-vieiras\/#blogposting","name":"Pol\u00edcia Civil prende suspeito de envolvimento em dois homic\u00eddios em Vieiras - A Not\u00edcia Online","headline":"Pol\u00edcia Civil prende suspeito de envolvimento em dois homic\u00eddios em Vieiras","author":{"@id":"https:\/\/anoticiaonline.com.br\/site\/author\/juliana\/#author"},"publisher":{"@id":"https:\/\/anoticiaonline.com.br\/site\/#organization"},"image":{"@type":"ImageObject","url":"https:\/\/anoticiaonline.com.br\/site\/wp-content\/uploads\/2016\/03\/Pol\u00edcia-Civil-prende-suspeito-de-envolvimento-em-dois-homic\u00eddios-em-Vieiras.jpg","width":600,"height":289},"datePublished":"2016-03-16T11:15:59-03:00","dateModified":"2016-03-16T11:15:59-03:00","inLanguage":"pt-BR","mainEntityOfPage":{"@id":"https:\/\/anoticiaonline.com.br\/site\/policia-civil-prende-suspeito-de-envolvimento-em-dois-homicidios-em-vieiras\/#webpage"},"isPartOf":{"@id":"https:\/\/anoticiaonline.com.br\/site\/policia-civil-prende-suspeito-de-envolvimento-em-dois-homicidios-em-vieiras\/#webpage"},"articleSection":"Regi\u00e3o, slide"},{"@type":"BreadcrumbList","@id":"https:\/\/anoticiaonline.com.br\/site\/policia-civil-prende-suspeito-de-envolvimento-em-dois-homicidios-em-vieiras\/#breadcrumblist","itemListElement":[{"@type":"ListItem","@id":"https:\/\/anoticiaonline.com.br\/site#listItem","position":1,"name":"Home","item":"https:\/\/anoticiaonline.com.br\/site","nextItem":{"@type":"ListItem","@id":"https:\/\/anoticiaonline.com.br\/site\/categoria\/regiao\/#listItem","name":"Regi\u00e3o"}},{"@type":"ListItem","@id":"https:\/\/anoticiaonline.com.br\/site\/categoria\/regiao\/#listItem","position":2,"name":"Regi\u00e3o","item":"https:\/\/anoticiaonline.com.br\/site\/categoria\/regiao\/","nextItem":{"@type":"ListItem","@id":"https:\/\/anoticiaonline.com.br\/site\/policia-civil-prende-suspeito-de-envolvimento-em-dois-homicidios-em-vieiras\/#listItem","name":"Pol\u00edcia Civil prende suspeito de envolvimento em dois homic\u00eddios em Vieiras"},"previousItem":{"@type":"ListItem","@id":"https:\/\/anoticiaonline.com.br\/site#listItem","name":"Home"}},{"@type":"ListItem","@id":"https:\/\/anoticiaonline.com.br\/site\/policia-civil-prende-suspeito-de-envolvimento-em-dois-homicidios-em-vieiras\/#listItem","position":3,"name":"Pol\u00edcia Civil prende suspeito de envolvimento em dois homic\u00eddios em Vieiras","previousItem":{"@type":"ListItem","@id":"https:\/\/anoticiaonline.com.br\/site\/categoria\/regiao\/#listItem","name":"Regi\u00e3o"}}]},{"@type":"Organization","@id":"https:\/\/anoticiaonline.com.br\/site\/#organization","name":"A Not\u00edcia Online","description":"Noticias de Muria\u00e9 e regi\u00e3o","url":"https:\/\/anoticiaonline.com.br\/site\/","logo":{"@type":"ImageObject","url":"https:\/\/scontent-gig4-1.xx.fbcdn.net\/v\/t39.30808-1\/270437624_4564083193639691_6907940295614233970_n.jpg?stp=dst-jpg_s200x200_tt6&_nc_cat=111&ccb=1-7&_nc_sid=f907e8&_nc_ohc=SM1wRlP3lJwQ7kNvwEPuBYA&_nc_oc=AdnqrjDN_BNjSSHWO-GbkIWH6fkGMLw4bqvL_NH6e2wMveX7G-rP2dAqsDSq1mJMOaY&_nc_zt=24&_nc_ht=scontent-gig4-1.xx&_nc_gid=AoBFJeGrT1hVaew_6rchkQ&oh=00_AfX7QmFGhQhG2jAllVgXCiM1ZrWgvtp80-Bfppyexh1QEg&oe=689E923C","@id":"https:\/\/anoticiaonline.com.br\/site\/policia-civil-prende-suspeito-de-envolvimento-em-dois-homicidios-em-vieiras\/#organizationLogo"},"image":{"@id":"https:\/\/anoticiaonline.com.br\/site\/policia-civil-prende-suspeito-de-envolvimento-em-dois-homicidios-em-vieiras\/#organizationLogo"}},{"@type":"Person","@id":"https:\/\/anoticiaonline.com.br\/site\/author\/juliana\/#author","url":"https:\/\/anoticiaonline.com.br\/site\/author\/juliana\/","name":"Juliana Laviola","image":{"@type":"ImageObject","@id":"https:\/\/anoticiaonline.com.br\/site\/policia-civil-prende-suspeito-de-envolvimento-em-dois-homicidios-em-vieiras\/#authorImage","url":"https:\/\/secure.gravatar.com\/avatar\/b8d45f5c699b100dfaf0e543582f38f38bf94cb7ae3a5e9abf8d891a34773335?s=96&d=mm&r=g","width":96,"height":96,"caption":"Juliana Laviola"}},{"@type":"WebPage","@id":"https:\/\/anoticiaonline.com.br\/site\/policia-civil-prende-suspeito-de-envolvimento-em-dois-homicidios-em-vieiras\/#webpage","url":"https:\/\/anoticiaonline.com.br\/site\/policia-civil-prende-suspeito-de-envolvimento-em-dois-homicidios-em-vieiras\/","name":"Pol\u00edcia Civil prende suspeito de envolvimento em dois homic\u00eddios em Vieiras - A Not\u00edcia Online","description":"A Pol\u00edcia Civil prendeu, na manh\u00e3 ter\u00e7a-feira (15), um homem de 25 anos, suspeito de envolvimento em dois homic\u00eddios no munic\u00edpio de Vieiras. D. E. M. B. foi encontrado em uma resid\u00eancia, no bairro Primavera, em Muria\u00e9. O investigado encontra-se recolhido na Cadeia de Miradouro, comarca onde havia mandado de pris\u00e3o tempor\u00e1ria em desfavor do","inLanguage":"pt-BR","isPartOf":{"@id":"https:\/\/anoticiaonline.com.br\/site\/#website"},"breadcrumb":{"@id":"https:\/\/anoticiaonline.com.br\/site\/policia-civil-prende-suspeito-de-envolvimento-em-dois-homicidios-em-vieiras\/#breadcrumblist"},"author":{"@id":"https:\/\/anoticiaonline.com.br\/site\/author\/juliana\/#author"},"creator":{"@id":"https:\/\/anoticiaonline.com.br\/site\/author\/juliana\/#author"},"image":{"@type":"ImageObject","url":"https:\/\/anoticiaonline.com.br\/site\/wp-content\/uploads\/2016\/03\/Pol\u00edcia-Civil-prende-suspeito-de-envolvimento-em-dois-homic\u00eddios-em-Vieiras.jpg","@id":"https:\/\/anoticiaonline.com.br\/site\/policia-civil-prende-suspeito-de-envolvimento-em-dois-homicidios-em-vieiras\/#mainImage","width":600,"height":289},"primaryImageOfPage":{"@id":"https:\/\/anoticiaonline.com.br\/site\/policia-civil-prende-suspeito-de-envolvimento-em-dois-homicidios-em-vieiras\/#mainImage"},"datePublished":"2016-03-16T11:15:59-03:00","dateModified":"2016-03-16T11:15:59-03:00"},{"@type":"WebSite","@id":"https:\/\/anoticiaonline.com.br\/site\/#website","url":"https:\/\/anoticiaonline.com.br\/site\/","name":"A Not\u00edcia Online","description":"Noticias de Muria\u00e9 e regi\u00e3o","inLanguage":"pt-BR","publisher":{"@id":"https:\/\/anoticiaonline.com.br\/site\/#organization"}}]},"og:locale":"pt_BR","og:site_name":"A Not\u00edcia Online - Noticias de Muria\u00e9 e regi\u00e3o","og:type":"article","og:title":"Pol\u00edcia Civil prende suspeito de envolvimento em dois homic\u00eddios em Vieiras - A Not\u00edcia Online","og:description":"A Pol\u00edcia Civil prendeu, na manh\u00e3 ter\u00e7a-feira (15), um homem de 25 anos, suspeito de envolvimento em dois homic\u00eddios no munic\u00edpio de Vieiras. D. E. M. B. foi encontrado em uma resid\u00eancia, no bairro Primavera, em Muria\u00e9. O investigado encontra-se recolhido na Cadeia de Miradouro, comarca onde havia mandado de pris\u00e3o tempor\u00e1ria em desfavor do","og:url":"https:\/\/anoticiaonline.com.br\/site\/policia-civil-prende-suspeito-de-envolvimento-em-dois-homicidios-em-vieiras\/","og:image":"https:\/\/scontent-gig4-1.xx.fbcdn.net\/v\/t39.30808-1\/270437624_4564083193639691_6907940295614233970_n.jpg?stp=dst-jpg_s200x200_tt6&#038;_nc_cat=111&#038;ccb=1-7&#038;_nc_sid=f907e8&#038;_nc_ohc=SM1wRlP3lJwQ7kNvwEPuBYA&#038;_nc_oc=AdnqrjDN_BNjSSHWO-GbkIWH6fkGMLw4bqvL_NH6e2wMveX7G-rP2dAqsDSq1mJMOaY&#038;_nc_zt=24&#038;_nc_ht=scontent-gig4-1.xx&#038;_nc_gid=AoBFJeGrT1hVaew_6rchkQ&#038;oh=00_AfX7QmFGhQhG2jAllVgXCiM1ZrWgvtp80-Bfppyexh1QEg&#038;oe=689E923C","og:image:secure_url":"https:\/\/scontent-gig4-1.xx.fbcdn.net\/v\/t39.30808-1\/270437624_4564083193639691_6907940295614233970_n.jpg?stp=dst-jpg_s200x200_tt6&#038;_nc_cat=111&#038;ccb=1-7&#038;_nc_sid=f907e8&#038;_nc_ohc=SM1wRlP3lJwQ7kNvwEPuBYA&#038;_nc_oc=AdnqrjDN_BNjSSHWO-GbkIWH6fkGMLw4bqvL_NH6e2wMveX7G-rP2dAqsDSq1mJMOaY&#038;_nc_zt=24&#038;_nc_ht=scontent-gig4-1.xx&#038;_nc_gid=AoBFJeGrT1hVaew_6rchkQ&#038;oh=00_AfX7QmFGhQhG2jAllVgXCiM1ZrWgvtp80-Bfppyexh1QEg&#038;oe=689E923C","article:published_time":"2016-03-16T14:15:59+00:00","article:modified_time":"2016-03-16T14:15:59+00:00","twitter:card":"summary_large_image","twitter:title":"Pol\u00edcia Civil prende suspeito de envolvimento em dois homic\u00eddios em Vieiras - A Not\u00edcia Online","twitter:description":"A Pol\u00edcia Civil prendeu, na manh\u00e3 ter\u00e7a-feira (15), um homem de 25 anos, suspeito de envolvimento em dois homic\u00eddios no munic\u00edpio de Vieiras. D. E. M. B. foi encontrado em uma resid\u00eancia, no bairro Primavera, em Muria\u00e9. O investigado encontra-se recolhido na Cadeia de Miradouro, comarca onde havia mandado de pris\u00e3o tempor\u00e1ria em desfavor do","twitter:image":"https:\/\/scontent-gig4-1.xx.fbcdn.net\/v\/t39.30808-1\/270437624_4564083193639691_6907940295614233970_n.jpg?stp=dst-jpg_s200x200_tt6&_nc_cat=111&ccb=1-7&_nc_sid=f907e8&_nc_ohc=SM1wRlP3lJwQ7kNvwEPuBYA&_nc_oc=AdnqrjDN_BNjSSHWO-GbkIWH6fkGMLw4bqvL_NH6e2wMveX7G-rP2dAqsDSq1mJMOaY&_nc_zt=24&_nc_ht=scontent-gig4-1.xx&_nc_gid=AoBFJeGrT1hVaew_6rchkQ&oh=00_AfX7QmFGhQhG2jAllVgXCiM1ZrWgvtp80-Bfppyexh1QEg&oe=689E923C"},"aioseo_meta_data":{"post_id":"10404","title":null,"description":null,"keywords":null,"keyphrases":null,"primary_term":null,"canonical_url":null,"og_title":null,"og_description":null,"og_object_type":"default","og_image_type":"default","og_image_url":null,"og_image_width":null,"og_image_height":null,"og_image_custom_url":null,"og_image_custom_fields":null,"og_video":null,"og_custom_url":null,"og_article_section":null,"og_article_tags":null,"twitter_use_og":false,"twitter_card":"default","twitter_image_type":"default","twitter_image_url":null,"twitter_image_custom_url":null,"twitter_image_custom_fields":null,"twitter_title":null,"twitter_description":null,"schema":{"blockGraphs":[],"customGraphs":[],"default":{"data":{"Article":[],"Course":[],"Dataset":[],"FAQPage":[],"Movie":[],"Person":[],"Product":[],"ProductReview":[],"Car":[],"Recipe":[],"Service":[],"SoftwareApplication":[],"WebPage":[]},"graphName":"","isEnabled":true},"graphs":[]},"schema_type":"default","schema_type_options":null,"pillar_content":false,"robots_default":true,"robots_noindex":false,"robots_noarchive":false,"robots_nosnippet":false,"robots_nofollow":false,"robots_noimageindex":false,"robots_noodp":false,"robots_notranslate":false,"robots_max_snippet":null,"robots_max_videopreview":null,"robots_max_imagepreview":"large","priority":null,"frequency":null,"local_seo":null,"breadcrumb_settings":null,"limit_modified_date":false,"ai":null,"created":"2025-08-16 15:34:30","updated":"2025-08-16 15:34:30","focus_keyword":null,"additional_keywords":null,"truseo_locale":null,"seo_analyzer_scan_date":null},"aioseo_breadcrumb":"<div class=\"aioseo-breadcrumbs\"><span class=\"aioseo-breadcrumb\">\n\t\t\t<a href=\"https:\/\/anoticiaonline.com.br\/site\" title=\"Home\">Home<\/a>\n\t\t<\/span><span class=\"aioseo-breadcrumb-separator\">&raquo;<\/span><span class=\"aioseo-breadcrumb\">\n\t\t\t<a href=\"https:\/\/anoticiaonline.com.br\/site\/categoria\/regiao\/\" title=\"Regi\u00e3o\">Regi\u00e3o<\/a>\n\t\t<\/span><span class=\"aioseo-breadcrumb-separator\">&raquo;<\/span><span class=\"aioseo-breadcrumb\">\n\t\t\tPol\u00edcia Civil prende suspeito de envolvimento em dois homic\u00eddios em Vieiras\n\t\t<\/span><\/div>","aioseo_breadcrumb_json":[{"label":"Home","link":"https:\/\/anoticiaonline.com.br\/site"},{"label":"Regi\u00e3o","link":"https:\/\/anoticiaonline.com.br\/site\/categoria\/regiao\/"},{"label":"Pol\u00edcia Civil prende suspeito de envolvimento em dois homic\u00eddios em Vieiras","link":"https:\/\/anoticiaonline.com.br\/site\/policia-civil-prende-suspeito-de-envolvimento-em-dois-homicidios-em-vieiras\/"}],"views":148,"_links":{"self":[{"href":"https:\/\/anoticiaonline.com.br\/site\/wp-json\/wp\/v2\/posts\/10404","targetHints":{"allow":["GET"]}}],"collection":[{"href":"https:\/\/anoticiaonline.com.br\/site\/wp-json\/wp\/v2\/posts"}],"about":[{"href":"https:\/\/anoticiaonline.com.br\/site\/wp-json\/wp\/v2\/types\/post"}],"author":[{"embeddable":true,"href":"https:\/\/anoticiaonline.com.br\/site\/wp-json\/wp\/v2\/users\/2"}],"replies":[{"embeddable":true,"href":"https:\/\/anoticiaonline.com.br\/site\/wp-json\/wp\/v2\/comments?post=10404"}],"version-history":[{"count":0,"href":"https:\/\/anoticiaonline.com.br\/site\/wp-json\/wp\/v2\/posts\/10404\/revisions"}],"wp:featuredmedia":[{"embeddable":true,"href":"https:\/\/anoticiaonline.com.br\/site\/wp-json\/wp\/v2\/media\/10405"}],"wp:attachment":[{"href":"https:\/\/anoticiaonline.com.br\/site\/wp-json\/wp\/v2\/media?parent=10404"}],"wp:term":[{"taxonomy":"category","embeddable":true,"href":"https:\/\/anoticiaonline.com.br\/site\/wp-json\/wp\/v2\/categories?post=10404"},{"taxonomy":"post_tag","embeddable":true,"href":"https:\/\/anoticiaonline.com.br\/site\/wp-json\/wp\/v2\/tags?post=10404"}],"curies":[{"name":"wp","href":"https:\/\/api.w.org\/{rel}","templated":true}]}}