{"id":10401,"date":"2016-03-16T09:29:55","date_gmt":"2016-03-16T12:29:55","guid":{"rendered":"http:\/\/anoticiaonline.com.br\/site\/?p=10401"},"modified":"2016-03-16T09:29:55","modified_gmt":"2016-03-16T12:29:55","slug":"atleta-muriaeensse-conquista-o-2o-dan-de-taekwondo-e-e-convocada-para-competicao-em-santiago-no-chile","status":"publish","type":"post","link":"https:\/\/anoticiaonline.com.br\/site\/atleta-muriaeensse-conquista-o-2o-dan-de-taekwondo-e-e-convocada-para-competicao-em-santiago-no-chile\/","title":{"rendered":"Atleta muriaeensse conquista o 2\u00ba Dan de Taekwondo e \u00e9 convocada para competi\u00e7\u00e3o em Santiago, no Chile"},"content":{"rendered":"<p><a href=\"https:\/\/anoticiaonline.com.br\/site\/wp-content\/uploads\/2016\/03\/Atleta-muriaeensse-conquista-o-2\u00ba-Dan-de-Taekwondo-e-\u00e9-convocada-para-competi\u00e7\u00e3o-em-Santiago-no-Chile.jpg\"><img fetchpriority=\"high\" decoding=\"async\" class=\" size-medium wp-image-10402 alignleft\" src=\"https:\/\/anoticiaonline.com.br\/site\/wp-content\/uploads\/2016\/03\/Atleta-muriaeensse-conquista-o-2\u00ba-Dan-de-Taekwondo-e-\u00e9-convocada-para-competi\u00e7\u00e3o-em-Santiago-no-Chile-300x210.jpg\" alt=\"Atleta muriaeensse conquista o 2\u00ba Dan de Taekwondo e \u00e9 convocada para competi\u00e7\u00e3o em Santiago, no Chile\" width=\"300\" height=\"210\" srcset=\"https:\/\/anoticiaonline.com.br\/site\/wp-content\/uploads\/2016\/03\/Atleta-muriaeensse-conquista-o-2\u00ba-Dan-de-Taekwondo-e-\u00e9-convocada-para-competi\u00e7\u00e3o-em-Santiago-no-Chile-300x210.jpg 300w, https:\/\/anoticiaonline.com.br\/site\/wp-content\/uploads\/2016\/03\/Atleta-muriaeensse-conquista-o-2\u00ba-Dan-de-Taekwondo-e-\u00e9-convocada-para-competi\u00e7\u00e3o-em-Santiago-no-Chile.jpg 600w\" sizes=\"(max-width: 300px) 100vw, 300px\" \/><\/a>A atleta muriaeense e professora de Taekwondo, Karine Santana, esteve na cidade de Ferraz de Vasconcelos (SP), para a conclus\u00e3o de mais uma etapa de sua vida esportiva. Depois de dez anos de faixa preta 1\u00ba Dan, ela foi ser avaliada para a faixa preta 2\u00ba Dan, subindo mais um degrau em gradua\u00e7\u00e3o.<\/p>\n<p>No exame, que aconteceu no domingo (13) e durou quatro horas e quinze minutos, os atletas passaram por v\u00e1rias etapas da troca de faixa, como Poonse (luta imagin\u00e1ria), chutes, defesa pessoal, Kyrugui (luta\/combate), defesa pessoal contra pegada e quebramento. \u201cTodos os atletas avaliados deram um show. Foi muito desgastante, mas deu tudo certo\u201d, conta Karine, que foi a \u00fanica atleta feminina, em meio a cinco atletas masculinos, a ser avaliada. O exame foi aplicado pelos mestres Fernando Vieira, de S\u00e3o Paulo e Michel Ghellere, do Rio Grande do Sul.<\/p>\n<p>Aproveitando a ida a S\u00e3o Paulo, Karine foi visitar a primeira academia de Taekwondo do Brasil, a Academia Liberdade, que est\u00e1 localizada no bairro da Liberdade. L\u00e1, a muriaeense foi recebida pelo gr\u00e3o-mestre Yeo Jun Kim, com quem teve oportunidade de adquirir mais conhecimento.<\/p>\n<p>Agora, o objetivo da atleta \u00e9 treinar bastante, pois ela foi convocada para participar do \u201cTorneio Copa Chile Internacional\u201d, que ser\u00e1 realizado no dia 11 de junho, em Santiago, no Chile.<\/p>\n<p>Os empres\u00e1rios que tiverem interesse em apoiar a atleta, a qual est\u00e1 sem patroc\u00ednio, podem entrar em contato com Karine pelos telefones (32) 98801-4504 ou 3722-5744.<\/p>\n","protected":false},"excerpt":{"rendered":"<p>A atleta muriaeense e professora de Taekwondo, Karine Santana, esteve na cidade de Ferraz de Vasconcelos (SP), para a conclus\u00e3o de mais uma etapa de sua vida esportiva. Depois de dez anos de faixa preta 1\u00ba Dan, ela foi ser avaliada para a faixa preta 2\u00ba Dan, subindo mais um degrau em gradua\u00e7\u00e3o. No exame, &#8230; <a title=\"Atleta muriaeensse conquista o 2\u00ba Dan de Taekwondo e \u00e9 convocada para competi\u00e7\u00e3o em Santiago, no Chile\" class=\"read-more\" href=\"https:\/\/anoticiaonline.com.br\/site\/atleta-muriaeensse-conquista-o-2o-dan-de-taekwondo-e-e-convocada-para-competicao-em-santiago-no-chile\/\" aria-label=\"Read more about Atleta muriaeensse conquista o 2\u00ba Dan de Taekwondo e \u00e9 convocada para competi\u00e7\u00e3o em Santiago, no Chile\">Ler mais<\/a><\/p>\n","protected":false},"author":2,"featured_media":10402,"comment_status":"open","ping_status":"open","sticky":false,"template":"","format":"standard","meta":{"_acf_changed":false,"_monsterinsights_skip_tracking":false,"footnotes":""},"categories":[30],"tags":[3],"class_list":["post-10401","post","type-post","status-publish","format-standard","has-post-thumbnail","hentry","category-muriae","tag-slide"],"acf":[],"aioseo_notices":[],"aioseo_head":"\n\t\t<!-- All in One SEO 5.0.0.1 - aioseo.com -->\n\t<meta name=\"description\" content=\"A atleta muriaeense e professora de Taekwondo, Karine Santana, esteve na cidade de Ferraz de Vasconcelos (SP), para a conclus\u00e3o de mais uma etapa de sua vida esportiva. Depois de dez anos de faixa preta 1\u00ba Dan, ela foi ser avaliada para a faixa preta 2\u00ba Dan, subindo mais um degrau em gradua\u00e7\u00e3o. No exame,\" \/>\n\t<meta name=\"robots\" content=\"max-image-preview:large\" \/>\n\t<meta name=\"author\" content=\"Juliana Laviola\"\/>\n\t<link rel=\"canonical\" href=\"https:\/\/anoticiaonline.com.br\/site\/atleta-muriaeensse-conquista-o-2o-dan-de-taekwondo-e-e-convocada-para-competicao-em-santiago-no-chile\/\" \/>\n\t<meta name=\"generator\" content=\"All in One SEO (AIOSEO) 5.0.0.1\" \/>\n\t\t<meta property=\"og:locale\" content=\"pt_BR\" \/>\n\t\t<meta property=\"og:site_name\" content=\"A Not\u00edcia Online - Noticias de Muria\u00e9 e regi\u00e3o\" \/>\n\t\t<meta property=\"og:type\" content=\"article\" \/>\n\t\t<meta property=\"og:title\" content=\"Atleta muriaeensse conquista o 2\u00ba Dan de Taekwondo e \u00e9 convocada para competi\u00e7\u00e3o em Santiago, no Chile - A Not\u00edcia Online\" \/>\n\t\t<meta property=\"og:description\" content=\"A atleta muriaeense e professora de Taekwondo, Karine Santana, esteve na cidade de Ferraz de Vasconcelos (SP), para a conclus\u00e3o de mais uma etapa de sua vida esportiva. Depois de dez anos de faixa preta 1\u00ba Dan, ela foi ser avaliada para a faixa preta 2\u00ba Dan, subindo mais um degrau em gradua\u00e7\u00e3o. No exame,\" \/>\n\t\t<meta property=\"og:url\" content=\"https:\/\/anoticiaonline.com.br\/site\/atleta-muriaeensse-conquista-o-2o-dan-de-taekwondo-e-e-convocada-para-competicao-em-santiago-no-chile\/\" \/>\n\t\t<meta property=\"og:image\" content=\"https:\/\/scontent-gig4-1.xx.fbcdn.net\/v\/t39.30808-1\/270437624_4564083193639691_6907940295614233970_n.jpg?stp=dst-jpg_s200x200_tt6&#038;_nc_cat=111&#038;ccb=1-7&#038;_nc_sid=f907e8&#038;_nc_ohc=SM1wRlP3lJwQ7kNvwEPuBYA&#038;_nc_oc=AdnqrjDN_BNjSSHWO-GbkIWH6fkGMLw4bqvL_NH6e2wMveX7G-rP2dAqsDSq1mJMOaY&#038;_nc_zt=24&#038;_nc_ht=scontent-gig4-1.xx&#038;_nc_gid=AoBFJeGrT1hVaew_6rchkQ&#038;oh=00_AfX7QmFGhQhG2jAllVgXCiM1ZrWgvtp80-Bfppyexh1QEg&#038;oe=689E923C\" \/>\n\t\t<meta property=\"og:image:secure_url\" content=\"https:\/\/scontent-gig4-1.xx.fbcdn.net\/v\/t39.30808-1\/270437624_4564083193639691_6907940295614233970_n.jpg?stp=dst-jpg_s200x200_tt6&#038;_nc_cat=111&#038;ccb=1-7&#038;_nc_sid=f907e8&#038;_nc_ohc=SM1wRlP3lJwQ7kNvwEPuBYA&#038;_nc_oc=AdnqrjDN_BNjSSHWO-GbkIWH6fkGMLw4bqvL_NH6e2wMveX7G-rP2dAqsDSq1mJMOaY&#038;_nc_zt=24&#038;_nc_ht=scontent-gig4-1.xx&#038;_nc_gid=AoBFJeGrT1hVaew_6rchkQ&#038;oh=00_AfX7QmFGhQhG2jAllVgXCiM1ZrWgvtp80-Bfppyexh1QEg&#038;oe=689E923C\" \/>\n\t\t<meta property=\"article:published_time\" content=\"2016-03-16T12:29:55+00:00\" \/>\n\t\t<meta property=\"article:modified_time\" content=\"2016-03-16T12:29:55+00:00\" \/>\n\t\t<meta name=\"twitter:card\" content=\"summary_large_image\" \/>\n\t\t<meta name=\"twitter:title\" content=\"Atleta muriaeensse conquista o 2\u00ba Dan de Taekwondo e \u00e9 convocada para competi\u00e7\u00e3o em Santiago, no Chile - A Not\u00edcia Online\" \/>\n\t\t<meta name=\"twitter:description\" content=\"A atleta muriaeense e professora de Taekwondo, Karine Santana, esteve na cidade de Ferraz de Vasconcelos (SP), para a conclus\u00e3o de mais uma etapa de sua vida esportiva. Depois de dez anos de faixa preta 1\u00ba Dan, ela foi ser avaliada para a faixa preta 2\u00ba Dan, subindo mais um degrau em gradua\u00e7\u00e3o. No exame,\" \/>\n\t\t<meta name=\"twitter:image\" content=\"https:\/\/scontent-gig4-1.xx.fbcdn.net\/v\/t39.30808-1\/270437624_4564083193639691_6907940295614233970_n.jpg?stp=dst-jpg_s200x200_tt6&amp;_nc_cat=111&amp;ccb=1-7&amp;_nc_sid=f907e8&amp;_nc_ohc=SM1wRlP3lJwQ7kNvwEPuBYA&amp;_nc_oc=AdnqrjDN_BNjSSHWO-GbkIWH6fkGMLw4bqvL_NH6e2wMveX7G-rP2dAqsDSq1mJMOaY&amp;_nc_zt=24&amp;_nc_ht=scontent-gig4-1.xx&amp;_nc_gid=AoBFJeGrT1hVaew_6rchkQ&amp;oh=00_AfX7QmFGhQhG2jAllVgXCiM1ZrWgvtp80-Bfppyexh1QEg&amp;oe=689E923C\" \/>\n\t\t<script type=\"application\/ld+json\" class=\"aioseo-schema\">\n\t\t\t{\"@context\":\"https:\\\/\\\/schema.org\",\"@graph\":[{\"@type\":\"BlogPosting\",\"@id\":\"https:\\\/\\\/anoticiaonline.com.br\\\/site\\\/atleta-muriaeensse-conquista-o-2o-dan-de-taekwondo-e-e-convocada-para-competicao-em-santiago-no-chile\\\/#blogposting\",\"name\":\"Atleta muriaeensse conquista o 2\\u00ba Dan de Taekwondo e \\u00e9 convocada para competi\\u00e7\\u00e3o em Santiago, no Chile - A Not\\u00edcia Online\",\"headline\":\"Atleta muriaeensse conquista o 2\\u00ba Dan de Taekwondo e \\u00e9 convocada para competi\\u00e7\\u00e3o em Santiago, no Chile\",\"author\":{\"@id\":\"https:\\\/\\\/anoticiaonline.com.br\\\/site\\\/author\\\/juliana\\\/#author\"},\"publisher\":{\"@id\":\"https:\\\/\\\/anoticiaonline.com.br\\\/site\\\/#organization\"},\"image\":{\"@type\":\"ImageObject\",\"url\":\"https:\\\/\\\/anoticiaonline.com.br\\\/site\\\/wp-content\\\/uploads\\\/2016\\\/03\\\/Atleta-muriaeensse-conquista-o-2\\u00ba-Dan-de-Taekwondo-e-\\u00e9-convocada-para-competi\\u00e7\\u00e3o-em-Santiago-no-Chile.jpg\",\"width\":600,\"height\":420},\"datePublished\":\"2016-03-16T09:29:55-03:00\",\"dateModified\":\"2016-03-16T09:29:55-03:00\",\"inLanguage\":\"pt-BR\",\"mainEntityOfPage\":{\"@id\":\"https:\\\/\\\/anoticiaonline.com.br\\\/site\\\/atleta-muriaeensse-conquista-o-2o-dan-de-taekwondo-e-e-convocada-para-competicao-em-santiago-no-chile\\\/#webpage\"},\"isPartOf\":{\"@id\":\"https:\\\/\\\/anoticiaonline.com.br\\\/site\\\/atleta-muriaeensse-conquista-o-2o-dan-de-taekwondo-e-e-convocada-para-competicao-em-santiago-no-chile\\\/#webpage\"},\"articleSection\":\"Blog, slide\"},{\"@type\":\"BreadcrumbList\",\"@id\":\"https:\\\/\\\/anoticiaonline.com.br\\\/site\\\/atleta-muriaeensse-conquista-o-2o-dan-de-taekwondo-e-e-convocada-para-competicao-em-santiago-no-chile\\\/#breadcrumblist\",\"itemListElement\":[{\"@type\":\"ListItem\",\"@id\":\"https:\\\/\\\/anoticiaonline.com.br\\\/site#listItem\",\"position\":1,\"name\":\"Home\",\"item\":\"https:\\\/\\\/anoticiaonline.com.br\\\/site\",\"nextItem\":{\"@type\":\"ListItem\",\"@id\":\"https:\\\/\\\/anoticiaonline.com.br\\\/site\\\/categoria\\\/muriae\\\/#listItem\",\"name\":\"Blog\"}},{\"@type\":\"ListItem\",\"@id\":\"https:\\\/\\\/anoticiaonline.com.br\\\/site\\\/categoria\\\/muriae\\\/#listItem\",\"position\":2,\"name\":\"Blog\",\"item\":\"https:\\\/\\\/anoticiaonline.com.br\\\/site\\\/categoria\\\/muriae\\\/\",\"nextItem\":{\"@type\":\"ListItem\",\"@id\":\"https:\\\/\\\/anoticiaonline.com.br\\\/site\\\/atleta-muriaeensse-conquista-o-2o-dan-de-taekwondo-e-e-convocada-para-competicao-em-santiago-no-chile\\\/#listItem\",\"name\":\"Atleta muriaeensse conquista o 2\\u00ba Dan de Taekwondo e \\u00e9 convocada para competi\\u00e7\\u00e3o em Santiago, no Chile\"},\"previousItem\":{\"@type\":\"ListItem\",\"@id\":\"https:\\\/\\\/anoticiaonline.com.br\\\/site#listItem\",\"name\":\"Home\"}},{\"@type\":\"ListItem\",\"@id\":\"https:\\\/\\\/anoticiaonline.com.br\\\/site\\\/atleta-muriaeensse-conquista-o-2o-dan-de-taekwondo-e-e-convocada-para-competicao-em-santiago-no-chile\\\/#listItem\",\"position\":3,\"name\":\"Atleta muriaeensse conquista o 2\\u00ba Dan de Taekwondo e \\u00e9 convocada para competi\\u00e7\\u00e3o em Santiago, no Chile\",\"previousItem\":{\"@type\":\"ListItem\",\"@id\":\"https:\\\/\\\/anoticiaonline.com.br\\\/site\\\/categoria\\\/muriae\\\/#listItem\",\"name\":\"Blog\"}}]},{\"@type\":\"Organization\",\"@id\":\"https:\\\/\\\/anoticiaonline.com.br\\\/site\\\/#organization\",\"name\":\"A Not\\u00edcia Online\",\"description\":\"Noticias de Muria\\u00e9 e regi\\u00e3o\",\"url\":\"https:\\\/\\\/anoticiaonline.com.br\\\/site\\\/\",\"logo\":{\"@type\":\"ImageObject\",\"url\":\"https:\\\/\\\/scontent-gig4-1.xx.fbcdn.net\\\/v\\\/t39.30808-1\\\/270437624_4564083193639691_6907940295614233970_n.jpg?stp=dst-jpg_s200x200_tt6&_nc_cat=111&ccb=1-7&_nc_sid=f907e8&_nc_ohc=SM1wRlP3lJwQ7kNvwEPuBYA&_nc_oc=AdnqrjDN_BNjSSHWO-GbkIWH6fkGMLw4bqvL_NH6e2wMveX7G-rP2dAqsDSq1mJMOaY&_nc_zt=24&_nc_ht=scontent-gig4-1.xx&_nc_gid=AoBFJeGrT1hVaew_6rchkQ&oh=00_AfX7QmFGhQhG2jAllVgXCiM1ZrWgvtp80-Bfppyexh1QEg&oe=689E923C\",\"@id\":\"https:\\\/\\\/anoticiaonline.com.br\\\/site\\\/atleta-muriaeensse-conquista-o-2o-dan-de-taekwondo-e-e-convocada-para-competicao-em-santiago-no-chile\\\/#organizationLogo\"},\"image\":{\"@id\":\"https:\\\/\\\/anoticiaonline.com.br\\\/site\\\/atleta-muriaeensse-conquista-o-2o-dan-de-taekwondo-e-e-convocada-para-competicao-em-santiago-no-chile\\\/#organizationLogo\"}},{\"@type\":\"Person\",\"@id\":\"https:\\\/\\\/anoticiaonline.com.br\\\/site\\\/author\\\/juliana\\\/#author\",\"url\":\"https:\\\/\\\/anoticiaonline.com.br\\\/site\\\/author\\\/juliana\\\/\",\"name\":\"Juliana Laviola\",\"image\":{\"@type\":\"ImageObject\",\"@id\":\"https:\\\/\\\/anoticiaonline.com.br\\\/site\\\/atleta-muriaeensse-conquista-o-2o-dan-de-taekwondo-e-e-convocada-para-competicao-em-santiago-no-chile\\\/#authorImage\",\"url\":\"https:\\\/\\\/secure.gravatar.com\\\/avatar\\\/b8d45f5c699b100dfaf0e543582f38f38bf94cb7ae3a5e9abf8d891a34773335?s=96&d=mm&r=g\",\"width\":96,\"height\":96,\"caption\":\"Juliana Laviola\"}},{\"@type\":\"WebPage\",\"@id\":\"https:\\\/\\\/anoticiaonline.com.br\\\/site\\\/atleta-muriaeensse-conquista-o-2o-dan-de-taekwondo-e-e-convocada-para-competicao-em-santiago-no-chile\\\/#webpage\",\"url\":\"https:\\\/\\\/anoticiaonline.com.br\\\/site\\\/atleta-muriaeensse-conquista-o-2o-dan-de-taekwondo-e-e-convocada-para-competicao-em-santiago-no-chile\\\/\",\"name\":\"Atleta muriaeensse conquista o 2\\u00ba Dan de Taekwondo e \\u00e9 convocada para competi\\u00e7\\u00e3o em Santiago, no Chile - A Not\\u00edcia Online\",\"description\":\"A atleta muriaeense e professora de Taekwondo, Karine Santana, esteve na cidade de Ferraz de Vasconcelos (SP), para a conclus\\u00e3o de mais uma etapa de sua vida esportiva. Depois de dez anos de faixa preta 1\\u00ba Dan, ela foi ser avaliada para a faixa preta 2\\u00ba Dan, subindo mais um degrau em gradua\\u00e7\\u00e3o. No exame,\",\"inLanguage\":\"pt-BR\",\"isPartOf\":{\"@id\":\"https:\\\/\\\/anoticiaonline.com.br\\\/site\\\/#website\"},\"breadcrumb\":{\"@id\":\"https:\\\/\\\/anoticiaonline.com.br\\\/site\\\/atleta-muriaeensse-conquista-o-2o-dan-de-taekwondo-e-e-convocada-para-competicao-em-santiago-no-chile\\\/#breadcrumblist\"},\"author\":{\"@id\":\"https:\\\/\\\/anoticiaonline.com.br\\\/site\\\/author\\\/juliana\\\/#author\"},\"creator\":{\"@id\":\"https:\\\/\\\/anoticiaonline.com.br\\\/site\\\/author\\\/juliana\\\/#author\"},\"image\":{\"@type\":\"ImageObject\",\"url\":\"https:\\\/\\\/anoticiaonline.com.br\\\/site\\\/wp-content\\\/uploads\\\/2016\\\/03\\\/Atleta-muriaeensse-conquista-o-2\\u00ba-Dan-de-Taekwondo-e-\\u00e9-convocada-para-competi\\u00e7\\u00e3o-em-Santiago-no-Chile.jpg\",\"@id\":\"https:\\\/\\\/anoticiaonline.com.br\\\/site\\\/atleta-muriaeensse-conquista-o-2o-dan-de-taekwondo-e-e-convocada-para-competicao-em-santiago-no-chile\\\/#mainImage\",\"width\":600,\"height\":420},\"primaryImageOfPage\":{\"@id\":\"https:\\\/\\\/anoticiaonline.com.br\\\/site\\\/atleta-muriaeensse-conquista-o-2o-dan-de-taekwondo-e-e-convocada-para-competicao-em-santiago-no-chile\\\/#mainImage\"},\"datePublished\":\"2016-03-16T09:29:55-03:00\",\"dateModified\":\"2016-03-16T09:29:55-03:00\"},{\"@type\":\"WebSite\",\"@id\":\"https:\\\/\\\/anoticiaonline.com.br\\\/site\\\/#website\",\"url\":\"https:\\\/\\\/anoticiaonline.com.br\\\/site\\\/\",\"name\":\"A Not\\u00edcia Online\",\"description\":\"Noticias de Muria\\u00e9 e regi\\u00e3o\",\"inLanguage\":\"pt-BR\",\"publisher\":{\"@id\":\"https:\\\/\\\/anoticiaonline.com.br\\\/site\\\/#organization\"}}]}\n\t\t<\/script>\n\t\t<!-- All in One SEO -->\n\n","aioseo_head_json":{"title":"Atleta muriaeensse conquista o 2\u00ba Dan de Taekwondo e \u00e9 convocada para competi\u00e7\u00e3o em Santiago, no Chile - A Not\u00edcia Online","description":"A atleta muriaeense e professora de Taekwondo, Karine Santana, esteve na cidade de Ferraz de Vasconcelos (SP), para a conclus\u00e3o de mais uma etapa de sua vida esportiva. Depois de dez anos de faixa preta 1\u00ba Dan, ela foi ser avaliada para a faixa preta 2\u00ba Dan, subindo mais um degrau em gradua\u00e7\u00e3o. No exame,","canonical_url":"https:\/\/anoticiaonline.com.br\/site\/atleta-muriaeensse-conquista-o-2o-dan-de-taekwondo-e-e-convocada-para-competicao-em-santiago-no-chile\/","robots":"max-image-preview:large","keywords":"","webmasterTools":{"miscellaneous":""},"schema":{"@context":"https:\/\/schema.org","@graph":[{"@type":"BlogPosting","@id":"https:\/\/anoticiaonline.com.br\/site\/atleta-muriaeensse-conquista-o-2o-dan-de-taekwondo-e-e-convocada-para-competicao-em-santiago-no-chile\/#blogposting","name":"Atleta muriaeensse conquista o 2\u00ba Dan de Taekwondo e \u00e9 convocada para competi\u00e7\u00e3o em Santiago, no Chile - A Not\u00edcia Online","headline":"Atleta muriaeensse conquista o 2\u00ba Dan de Taekwondo e \u00e9 convocada para competi\u00e7\u00e3o em Santiago, no Chile","author":{"@id":"https:\/\/anoticiaonline.com.br\/site\/author\/juliana\/#author"},"publisher":{"@id":"https:\/\/anoticiaonline.com.br\/site\/#organization"},"image":{"@type":"ImageObject","url":"https:\/\/anoticiaonline.com.br\/site\/wp-content\/uploads\/2016\/03\/Atleta-muriaeensse-conquista-o-2\u00ba-Dan-de-Taekwondo-e-\u00e9-convocada-para-competi\u00e7\u00e3o-em-Santiago-no-Chile.jpg","width":600,"height":420},"datePublished":"2016-03-16T09:29:55-03:00","dateModified":"2016-03-16T09:29:55-03:00","inLanguage":"pt-BR","mainEntityOfPage":{"@id":"https:\/\/anoticiaonline.com.br\/site\/atleta-muriaeensse-conquista-o-2o-dan-de-taekwondo-e-e-convocada-para-competicao-em-santiago-no-chile\/#webpage"},"isPartOf":{"@id":"https:\/\/anoticiaonline.com.br\/site\/atleta-muriaeensse-conquista-o-2o-dan-de-taekwondo-e-e-convocada-para-competicao-em-santiago-no-chile\/#webpage"},"articleSection":"Blog, slide"},{"@type":"BreadcrumbList","@id":"https:\/\/anoticiaonline.com.br\/site\/atleta-muriaeensse-conquista-o-2o-dan-de-taekwondo-e-e-convocada-para-competicao-em-santiago-no-chile\/#breadcrumblist","itemListElement":[{"@type":"ListItem","@id":"https:\/\/anoticiaonline.com.br\/site#listItem","position":1,"name":"Home","item":"https:\/\/anoticiaonline.com.br\/site","nextItem":{"@type":"ListItem","@id":"https:\/\/anoticiaonline.com.br\/site\/categoria\/muriae\/#listItem","name":"Blog"}},{"@type":"ListItem","@id":"https:\/\/anoticiaonline.com.br\/site\/categoria\/muriae\/#listItem","position":2,"name":"Blog","item":"https:\/\/anoticiaonline.com.br\/site\/categoria\/muriae\/","nextItem":{"@type":"ListItem","@id":"https:\/\/anoticiaonline.com.br\/site\/atleta-muriaeensse-conquista-o-2o-dan-de-taekwondo-e-e-convocada-para-competicao-em-santiago-no-chile\/#listItem","name":"Atleta muriaeensse conquista o 2\u00ba Dan de Taekwondo e \u00e9 convocada para competi\u00e7\u00e3o em Santiago, no Chile"},"previousItem":{"@type":"ListItem","@id":"https:\/\/anoticiaonline.com.br\/site#listItem","name":"Home"}},{"@type":"ListItem","@id":"https:\/\/anoticiaonline.com.br\/site\/atleta-muriaeensse-conquista-o-2o-dan-de-taekwondo-e-e-convocada-para-competicao-em-santiago-no-chile\/#listItem","position":3,"name":"Atleta muriaeensse conquista o 2\u00ba Dan de Taekwondo e \u00e9 convocada para competi\u00e7\u00e3o em Santiago, no Chile","previousItem":{"@type":"ListItem","@id":"https:\/\/anoticiaonline.com.br\/site\/categoria\/muriae\/#listItem","name":"Blog"}}]},{"@type":"Organization","@id":"https:\/\/anoticiaonline.com.br\/site\/#organization","name":"A Not\u00edcia Online","description":"Noticias de Muria\u00e9 e regi\u00e3o","url":"https:\/\/anoticiaonline.com.br\/site\/","logo":{"@type":"ImageObject","url":"https:\/\/scontent-gig4-1.xx.fbcdn.net\/v\/t39.30808-1\/270437624_4564083193639691_6907940295614233970_n.jpg?stp=dst-jpg_s200x200_tt6&_nc_cat=111&ccb=1-7&_nc_sid=f907e8&_nc_ohc=SM1wRlP3lJwQ7kNvwEPuBYA&_nc_oc=AdnqrjDN_BNjSSHWO-GbkIWH6fkGMLw4bqvL_NH6e2wMveX7G-rP2dAqsDSq1mJMOaY&_nc_zt=24&_nc_ht=scontent-gig4-1.xx&_nc_gid=AoBFJeGrT1hVaew_6rchkQ&oh=00_AfX7QmFGhQhG2jAllVgXCiM1ZrWgvtp80-Bfppyexh1QEg&oe=689E923C","@id":"https:\/\/anoticiaonline.com.br\/site\/atleta-muriaeensse-conquista-o-2o-dan-de-taekwondo-e-e-convocada-para-competicao-em-santiago-no-chile\/#organizationLogo"},"image":{"@id":"https:\/\/anoticiaonline.com.br\/site\/atleta-muriaeensse-conquista-o-2o-dan-de-taekwondo-e-e-convocada-para-competicao-em-santiago-no-chile\/#organizationLogo"}},{"@type":"Person","@id":"https:\/\/anoticiaonline.com.br\/site\/author\/juliana\/#author","url":"https:\/\/anoticiaonline.com.br\/site\/author\/juliana\/","name":"Juliana Laviola","image":{"@type":"ImageObject","@id":"https:\/\/anoticiaonline.com.br\/site\/atleta-muriaeensse-conquista-o-2o-dan-de-taekwondo-e-e-convocada-para-competicao-em-santiago-no-chile\/#authorImage","url":"https:\/\/secure.gravatar.com\/avatar\/b8d45f5c699b100dfaf0e543582f38f38bf94cb7ae3a5e9abf8d891a34773335?s=96&d=mm&r=g","width":96,"height":96,"caption":"Juliana Laviola"}},{"@type":"WebPage","@id":"https:\/\/anoticiaonline.com.br\/site\/atleta-muriaeensse-conquista-o-2o-dan-de-taekwondo-e-e-convocada-para-competicao-em-santiago-no-chile\/#webpage","url":"https:\/\/anoticiaonline.com.br\/site\/atleta-muriaeensse-conquista-o-2o-dan-de-taekwondo-e-e-convocada-para-competicao-em-santiago-no-chile\/","name":"Atleta muriaeensse conquista o 2\u00ba Dan de Taekwondo e \u00e9 convocada para competi\u00e7\u00e3o em Santiago, no Chile - A Not\u00edcia Online","description":"A atleta muriaeense e professora de Taekwondo, Karine Santana, esteve na cidade de Ferraz de Vasconcelos (SP), para a conclus\u00e3o de mais uma etapa de sua vida esportiva. Depois de dez anos de faixa preta 1\u00ba Dan, ela foi ser avaliada para a faixa preta 2\u00ba Dan, subindo mais um degrau em gradua\u00e7\u00e3o. No exame,","inLanguage":"pt-BR","isPartOf":{"@id":"https:\/\/anoticiaonline.com.br\/site\/#website"},"breadcrumb":{"@id":"https:\/\/anoticiaonline.com.br\/site\/atleta-muriaeensse-conquista-o-2o-dan-de-taekwondo-e-e-convocada-para-competicao-em-santiago-no-chile\/#breadcrumblist"},"author":{"@id":"https:\/\/anoticiaonline.com.br\/site\/author\/juliana\/#author"},"creator":{"@id":"https:\/\/anoticiaonline.com.br\/site\/author\/juliana\/#author"},"image":{"@type":"ImageObject","url":"https:\/\/anoticiaonline.com.br\/site\/wp-content\/uploads\/2016\/03\/Atleta-muriaeensse-conquista-o-2\u00ba-Dan-de-Taekwondo-e-\u00e9-convocada-para-competi\u00e7\u00e3o-em-Santiago-no-Chile.jpg","@id":"https:\/\/anoticiaonline.com.br\/site\/atleta-muriaeensse-conquista-o-2o-dan-de-taekwondo-e-e-convocada-para-competicao-em-santiago-no-chile\/#mainImage","width":600,"height":420},"primaryImageOfPage":{"@id":"https:\/\/anoticiaonline.com.br\/site\/atleta-muriaeensse-conquista-o-2o-dan-de-taekwondo-e-e-convocada-para-competicao-em-santiago-no-chile\/#mainImage"},"datePublished":"2016-03-16T09:29:55-03:00","dateModified":"2016-03-16T09:29:55-03:00"},{"@type":"WebSite","@id":"https:\/\/anoticiaonline.com.br\/site\/#website","url":"https:\/\/anoticiaonline.com.br\/site\/","name":"A Not\u00edcia Online","description":"Noticias de Muria\u00e9 e regi\u00e3o","inLanguage":"pt-BR","publisher":{"@id":"https:\/\/anoticiaonline.com.br\/site\/#organization"}}]},"og:locale":"pt_BR","og:site_name":"A Not\u00edcia Online - Noticias de Muria\u00e9 e regi\u00e3o","og:type":"article","og:title":"Atleta muriaeensse conquista o 2\u00ba Dan de Taekwondo e \u00e9 convocada para competi\u00e7\u00e3o em Santiago, no Chile - A Not\u00edcia Online","og:description":"A atleta muriaeense e professora de Taekwondo, Karine Santana, esteve na cidade de Ferraz de Vasconcelos (SP), para a conclus\u00e3o de mais uma etapa de sua vida esportiva. Depois de dez anos de faixa preta 1\u00ba Dan, ela foi ser avaliada para a faixa preta 2\u00ba Dan, subindo mais um degrau em gradua\u00e7\u00e3o. No exame,","og:url":"https:\/\/anoticiaonline.com.br\/site\/atleta-muriaeensse-conquista-o-2o-dan-de-taekwondo-e-e-convocada-para-competicao-em-santiago-no-chile\/","og:image":"https:\/\/scontent-gig4-1.xx.fbcdn.net\/v\/t39.30808-1\/270437624_4564083193639691_6907940295614233970_n.jpg?stp=dst-jpg_s200x200_tt6&#038;_nc_cat=111&#038;ccb=1-7&#038;_nc_sid=f907e8&#038;_nc_ohc=SM1wRlP3lJwQ7kNvwEPuBYA&#038;_nc_oc=AdnqrjDN_BNjSSHWO-GbkIWH6fkGMLw4bqvL_NH6e2wMveX7G-rP2dAqsDSq1mJMOaY&#038;_nc_zt=24&#038;_nc_ht=scontent-gig4-1.xx&#038;_nc_gid=AoBFJeGrT1hVaew_6rchkQ&#038;oh=00_AfX7QmFGhQhG2jAllVgXCiM1ZrWgvtp80-Bfppyexh1QEg&#038;oe=689E923C","og:image:secure_url":"https:\/\/scontent-gig4-1.xx.fbcdn.net\/v\/t39.30808-1\/270437624_4564083193639691_6907940295614233970_n.jpg?stp=dst-jpg_s200x200_tt6&#038;_nc_cat=111&#038;ccb=1-7&#038;_nc_sid=f907e8&#038;_nc_ohc=SM1wRlP3lJwQ7kNvwEPuBYA&#038;_nc_oc=AdnqrjDN_BNjSSHWO-GbkIWH6fkGMLw4bqvL_NH6e2wMveX7G-rP2dAqsDSq1mJMOaY&#038;_nc_zt=24&#038;_nc_ht=scontent-gig4-1.xx&#038;_nc_gid=AoBFJeGrT1hVaew_6rchkQ&#038;oh=00_AfX7QmFGhQhG2jAllVgXCiM1ZrWgvtp80-Bfppyexh1QEg&#038;oe=689E923C","article:published_time":"2016-03-16T12:29:55+00:00","article:modified_time":"2016-03-16T12:29:55+00:00","twitter:card":"summary_large_image","twitter:title":"Atleta muriaeensse conquista o 2\u00ba Dan de Taekwondo e \u00e9 convocada para competi\u00e7\u00e3o em Santiago, no Chile - A Not\u00edcia Online","twitter:description":"A atleta muriaeense e professora de Taekwondo, Karine Santana, esteve na cidade de Ferraz de Vasconcelos (SP), para a conclus\u00e3o de mais uma etapa de sua vida esportiva. Depois de dez anos de faixa preta 1\u00ba Dan, ela foi ser avaliada para a faixa preta 2\u00ba Dan, subindo mais um degrau em gradua\u00e7\u00e3o. No exame,","twitter:image":"https:\/\/scontent-gig4-1.xx.fbcdn.net\/v\/t39.30808-1\/270437624_4564083193639691_6907940295614233970_n.jpg?stp=dst-jpg_s200x200_tt6&_nc_cat=111&ccb=1-7&_nc_sid=f907e8&_nc_ohc=SM1wRlP3lJwQ7kNvwEPuBYA&_nc_oc=AdnqrjDN_BNjSSHWO-GbkIWH6fkGMLw4bqvL_NH6e2wMveX7G-rP2dAqsDSq1mJMOaY&_nc_zt=24&_nc_ht=scontent-gig4-1.xx&_nc_gid=AoBFJeGrT1hVaew_6rchkQ&oh=00_AfX7QmFGhQhG2jAllVgXCiM1ZrWgvtp80-Bfppyexh1QEg&oe=689E923C"},"aioseo_meta_data":{"post_id":"10401","title":null,"description":null,"keywords":null,"keyphrases":null,"primary_term":null,"canonical_url":null,"og_title":null,"og_description":null,"og_object_type":"default","og_image_type":"default","og_image_url":null,"og_image_width":null,"og_image_height":null,"og_image_custom_url":null,"og_image_custom_fields":null,"og_video":null,"og_custom_url":null,"og_article_section":null,"og_article_tags":null,"twitter_use_og":false,"twitter_card":"default","twitter_image_type":"default","twitter_image_url":null,"twitter_image_custom_url":null,"twitter_image_custom_fields":null,"twitter_title":null,"twitter_description":null,"schema":{"blockGraphs":[],"customGraphs":[],"default":{"data":{"Article":[],"Course":[],"Dataset":[],"FAQPage":[],"Movie":[],"Person":[],"Product":[],"ProductReview":[],"Car":[],"Recipe":[],"Service":[],"SoftwareApplication":[],"WebPage":[]},"graphName":"","isEnabled":true},"graphs":[]},"schema_type":"default","schema_type_options":null,"pillar_content":false,"robots_default":true,"robots_noindex":false,"robots_noarchive":false,"robots_nosnippet":false,"robots_nofollow":false,"robots_noimageindex":false,"robots_noodp":false,"robots_notranslate":false,"robots_max_snippet":null,"robots_max_videopreview":null,"robots_max_imagepreview":"large","priority":null,"frequency":null,"local_seo":null,"breadcrumb_settings":null,"limit_modified_date":false,"ai":null,"created":"2025-08-16 15:34:30","updated":"2025-08-16 15:34:30","focus_keyword":null,"additional_keywords":null,"truseo_locale":null,"seo_analyzer_scan_date":null},"aioseo_breadcrumb":"<div class=\"aioseo-breadcrumbs\"><span class=\"aioseo-breadcrumb\">\n\t\t\t<a href=\"https:\/\/anoticiaonline.com.br\/site\" title=\"Home\">Home<\/a>\n\t\t<\/span><span class=\"aioseo-breadcrumb-separator\">&raquo;<\/span><span class=\"aioseo-breadcrumb\">\n\t\t\t<a href=\"https:\/\/anoticiaonline.com.br\/site\/categoria\/muriae\/\" title=\"Blog\">Blog<\/a>\n\t\t<\/span><span class=\"aioseo-breadcrumb-separator\">&raquo;<\/span><span class=\"aioseo-breadcrumb\">\n\t\t\tAtleta muriaeensse conquista o 2\u00ba Dan de Taekwondo e \u00e9 convocada para competi\u00e7\u00e3o em Santiago, no Chile\n\t\t<\/span><\/div>","aioseo_breadcrumb_json":[{"label":"Home","link":"https:\/\/anoticiaonline.com.br\/site"},{"label":"Blog","link":"https:\/\/anoticiaonline.com.br\/site\/categoria\/muriae\/"},{"label":"Atleta muriaeensse conquista o 2\u00ba Dan de Taekwondo e \u00e9 convocada para competi\u00e7\u00e3o em Santiago, no Chile","link":"https:\/\/anoticiaonline.com.br\/site\/atleta-muriaeensse-conquista-o-2o-dan-de-taekwondo-e-e-convocada-para-competicao-em-santiago-no-chile\/"}],"views":114,"_links":{"self":[{"href":"https:\/\/anoticiaonline.com.br\/site\/wp-json\/wp\/v2\/posts\/10401","targetHints":{"allow":["GET"]}}],"collection":[{"href":"https:\/\/anoticiaonline.com.br\/site\/wp-json\/wp\/v2\/posts"}],"about":[{"href":"https:\/\/anoticiaonline.com.br\/site\/wp-json\/wp\/v2\/types\/post"}],"author":[{"embeddable":true,"href":"https:\/\/anoticiaonline.com.br\/site\/wp-json\/wp\/v2\/users\/2"}],"replies":[{"embeddable":true,"href":"https:\/\/anoticiaonline.com.br\/site\/wp-json\/wp\/v2\/comments?post=10401"}],"version-history":[{"count":0,"href":"https:\/\/anoticiaonline.com.br\/site\/wp-json\/wp\/v2\/posts\/10401\/revisions"}],"wp:featuredmedia":[{"embeddable":true,"href":"https:\/\/anoticiaonline.com.br\/site\/wp-json\/wp\/v2\/media\/10402"}],"wp:attachment":[{"href":"https:\/\/anoticiaonline.com.br\/site\/wp-json\/wp\/v2\/media?parent=10401"}],"wp:term":[{"taxonomy":"category","embeddable":true,"href":"https:\/\/anoticiaonline.com.br\/site\/wp-json\/wp\/v2\/categories?post=10401"},{"taxonomy":"post_tag","embeddable":true,"href":"https:\/\/anoticiaonline.com.br\/site\/wp-json\/wp\/v2\/tags?post=10401"}],"curies":[{"name":"wp","href":"https:\/\/api.w.org\/{rel}","templated":true}]}}