{"id":10392,"date":"2016-03-15T12:14:17","date_gmt":"2016-03-15T15:14:17","guid":{"rendered":"http:\/\/anoticiaonline.com.br\/site\/?p=10392"},"modified":"2016-03-17T10:22:57","modified_gmt":"2016-03-17T13:22:57","slug":"para-cortar-gastos-correios-nao-abrirao-mais-aos-sabados-em-muriae-nao-havera-mudanca","status":"publish","type":"post","link":"https:\/\/anoticiaonline.com.br\/site\/para-cortar-gastos-correios-nao-abrirao-mais-aos-sabados-em-muriae-nao-havera-mudanca\/","title":{"rendered":"Correios n\u00e3o abrir\u00e1 mais aos s\u00e1bados; em Muria\u00e9, a ag\u00eancia central tamb\u00e9m n\u00e3o abrir\u00e1 mais neste dia"},"content":{"rendered":"<figure id=\"attachment_9477\" aria-describedby=\"caption-attachment-9477\" style=\"width: 290px\" class=\"wp-caption alignleft\"><a href=\"https:\/\/anoticiaonline.com.br\/site\/wp-content\/uploads\/2016\/02\/correios-centro.jpg\"><img fetchpriority=\"high\" decoding=\"async\" class=\"size-medium wp-image-9477\" src=\"https:\/\/anoticiaonline.com.br\/site\/wp-content\/uploads\/2016\/02\/correios-centro-300x225.jpg\" alt=\"Ag\u00eancia central dos Correios de Muria\u00e9 (Arquivo A NOT\u00cdCIA)\" width=\"300\" height=\"225\" srcset=\"https:\/\/anoticiaonline.com.br\/site\/wp-content\/uploads\/2016\/02\/correios-centro-300x225.jpg 300w, https:\/\/anoticiaonline.com.br\/site\/wp-content\/uploads\/2016\/02\/correios-centro.jpg 640w\" sizes=\"(max-width: 300px) 100vw, 300px\" \/><\/a><figcaption id=\"caption-attachment-9477\" class=\"wp-caption-text\">Ag\u00eancia central dos Correios de Muria\u00e9 (Arquivo A NOT\u00cdCIA)<\/figcaption><\/figure>\n<p>A partir do pr\u00f3ximo s\u00e1bado (19), a maioria das ag\u00eancias dos Correios n\u00e3o vai mais abrir aos s\u00e1bados. A medida \u00e9 uma forma de reduzir os gastos da empresa e tentar chegar ao fim do ano com o or\u00e7amento em dia. Apenas as ag\u00eancias com grande movimenta\u00e7\u00e3o, como em aeroportos e rodovi\u00e1rias, continuar\u00e3o abertas aos s\u00e1bados. Em Muria\u00e9, s\u00f3 a ag\u00eancia da Barra funcionar\u00e1 normalmente aos s\u00e1bados, de 9h \u00e0s 12h para servi\u00e7os de postagem; j\u00e1 a ag\u00eancia central n\u00e3o abrir\u00e1 mais neste dia.<\/p>\n<p>As a\u00e7\u00f5es de redu\u00e7\u00e3o de despesas t\u00eam como objetivo alcan\u00e7ar uma economia de pelo menos R$ 1,6 bilh\u00e3o s\u00f3 para este ano. Na \u00e1rea de publicidade e patroc\u00ednio, foi feito um corte de 50% em rela\u00e7\u00e3o ao investido no ano passado, o que vai gerar uma poupan\u00e7a de R$ 190 milh\u00f5es.<\/p>\n<p>Al\u00e9m do fechamento aos s\u00e1bados de 685 ag\u00eancias deficit\u00e1rias e com baixo fluxo de clientes, a estatal planeja racionar, de custeio administrativo, mais de R$ 100 milh\u00f5es. Diversos contratos de aluguel em todo o pa\u00eds est\u00e3o sendo renegociados. Unidades alugadas pela Postal Sa\u00fade \u2014 administradora do plano de sa\u00fade dos empregados \u2014 est\u00e3o sendo devolvidas e o setor est\u00e1 retornando para as depend\u00eancias pr\u00f3prias dos Correios. Medidas como a redu\u00e7\u00e3o de di\u00e1rias e passagens e do consumo de papel e toner, entre outras, tamb\u00e9m j\u00e1 foram implantadas.<\/p>\n<p>Os Correios tamb\u00e9m mudaram a dire\u00e7\u00e3o do Postalis, fundo de pens\u00e3o dos empregados, e da Postal Sa\u00fade, com o objetivo de qualificar as gest\u00f5es e buscar as suas sustentabilidades.<\/p>\n<p>Segundo o presidente dos Correios, Giovanni Queiroz, o momento requer uni\u00e3o e responsabilidade da diretoria, dos gestores, dos empregados e das representa\u00e7\u00f5es sindicais. \u201cS\u00f3 com o engajamento e o compromisso de todos ser\u00e1 poss\u00edvel reverter o quadro. Mas tenho a certeza de que uma empresa deste porte, com 120 mil trabalhadores e presente em todos os munic\u00edpios, tem condi\u00e7\u00f5es de voltar a crescer e atender ainda melhor a popula\u00e7\u00e3o brasileira\u201d, destaca Queiroz.<\/p>\n<p><strong>AUMENTO DE RECEITAS \u2013<\/strong> Dentre as a\u00e7\u00f5es para incrementar as receitas, est\u00e1 a amplia\u00e7\u00e3o no n\u00famero de ag\u00eancias que oferecem venda de cons\u00f3rcios de v\u00e1rias modalidades, como ve\u00edculos e im\u00f3veis. Atualmente, o servi\u00e7o est\u00e1 presente em 190 unidades; este n\u00famero saltar\u00e1 gradativamente para 1.822 a partir de abril e chegar\u00e1 a 3.200 ag\u00eancias at\u00e9 o final do ano.<\/p>\n<p>Outra aposta \u00e9 a entrada dos Correios no mercado de telefonia m\u00f3vel, por meio do MVNO. Nesta semana deve ser escolhido o parceiro para a venda de chip com a marca Correios. O valor m\u00ednimo previsto para a opera\u00e7\u00e3o pretendida \u00e9 de R$ 282 milh\u00f5es, para um per\u00edodo de cinco anos.<\/p>\n<p>A estatal tamb\u00e9m vai investir no setor de log\u00edstica e j\u00e1 iniciou a negocia\u00e7\u00e3o para ser o operador log\u00edstico oficial de todos os setores do governo federal, como j\u00e1 faz com a distribui\u00e7\u00e3o de livros did\u00e1ticos e de medicamentos.<\/p>\n<p><strong><em>*Mat\u00e9ria atualizada \u00e0s 16h<\/em><\/strong><\/p>\n","protected":false},"excerpt":{"rendered":"<p>A partir do pr\u00f3ximo s\u00e1bado (19), a maioria das ag\u00eancias dos Correios n\u00e3o vai mais abrir aos s\u00e1bados. A medida \u00e9 uma forma de reduzir os gastos da empresa e tentar chegar ao fim do ano com o or\u00e7amento em dia. Apenas as ag\u00eancias com grande movimenta\u00e7\u00e3o, como em aeroportos e rodovi\u00e1rias, continuar\u00e3o abertas aos &#8230; <a title=\"Correios n\u00e3o abrir\u00e1 mais aos s\u00e1bados; em Muria\u00e9, a ag\u00eancia central tamb\u00e9m n\u00e3o abrir\u00e1 mais neste dia\" class=\"read-more\" href=\"https:\/\/anoticiaonline.com.br\/site\/para-cortar-gastos-correios-nao-abrirao-mais-aos-sabados-em-muriae-nao-havera-mudanca\/\" aria-label=\"Read more about Correios n\u00e3o abrir\u00e1 mais aos s\u00e1bados; em Muria\u00e9, a ag\u00eancia central tamb\u00e9m n\u00e3o abrir\u00e1 mais neste dia\">Ler mais<\/a><\/p>\n","protected":false},"author":2,"featured_media":9477,"comment_status":"open","ping_status":"open","sticky":false,"template":"","format":"standard","meta":{"_acf_changed":false,"_monsterinsights_skip_tracking":false,"footnotes":""},"categories":[1],"tags":[3],"class_list":["post-10392","post","type-post","status-publish","format-standard","has-post-thumbnail","hentry","category-gerais","tag-slide"],"acf":[],"aioseo_notices":[],"aioseo_head":"\n\t\t<!-- All in One SEO 5.0.0.1 - aioseo.com -->\n\t<meta name=\"description\" content=\"A partir do pr\u00f3ximo s\u00e1bado (19), a maioria das ag\u00eancias dos Correios n\u00e3o vai mais abrir aos s\u00e1bados. A medida \u00e9 uma forma de reduzir os gastos da empresa e tentar chegar ao fim do ano com o or\u00e7amento em dia. Apenas as ag\u00eancias com grande movimenta\u00e7\u00e3o, como em aeroportos e rodovi\u00e1rias, continuar\u00e3o abertas aos\" \/>\n\t<meta name=\"robots\" content=\"max-image-preview:large\" \/>\n\t<meta name=\"author\" content=\"Juliana Laviola\"\/>\n\t<link rel=\"canonical\" href=\"https:\/\/anoticiaonline.com.br\/site\/para-cortar-gastos-correios-nao-abrirao-mais-aos-sabados-em-muriae-nao-havera-mudanca\/\" \/>\n\t<meta name=\"generator\" content=\"All in One SEO (AIOSEO) 5.0.0.1\" \/>\n\t\t<meta property=\"og:locale\" content=\"pt_BR\" \/>\n\t\t<meta property=\"og:site_name\" content=\"A Not\u00edcia Online - Noticias de Muria\u00e9 e regi\u00e3o\" \/>\n\t\t<meta property=\"og:type\" content=\"article\" \/>\n\t\t<meta property=\"og:title\" content=\"Correios n\u00e3o abrir\u00e1 mais aos s\u00e1bados; em Muria\u00e9, a ag\u00eancia central tamb\u00e9m n\u00e3o abrir\u00e1 mais neste dia - A Not\u00edcia Online\" \/>\n\t\t<meta property=\"og:description\" content=\"A partir do pr\u00f3ximo s\u00e1bado (19), a maioria das ag\u00eancias dos Correios n\u00e3o vai mais abrir aos s\u00e1bados. A medida \u00e9 uma forma de reduzir os gastos da empresa e tentar chegar ao fim do ano com o or\u00e7amento em dia. Apenas as ag\u00eancias com grande movimenta\u00e7\u00e3o, como em aeroportos e rodovi\u00e1rias, continuar\u00e3o abertas aos\" \/>\n\t\t<meta property=\"og:url\" content=\"https:\/\/anoticiaonline.com.br\/site\/para-cortar-gastos-correios-nao-abrirao-mais-aos-sabados-em-muriae-nao-havera-mudanca\/\" \/>\n\t\t<meta property=\"og:image\" content=\"https:\/\/scontent-gig4-1.xx.fbcdn.net\/v\/t39.30808-1\/270437624_4564083193639691_6907940295614233970_n.jpg?stp=dst-jpg_s200x200_tt6&#038;_nc_cat=111&#038;ccb=1-7&#038;_nc_sid=f907e8&#038;_nc_ohc=SM1wRlP3lJwQ7kNvwEPuBYA&#038;_nc_oc=AdnqrjDN_BNjSSHWO-GbkIWH6fkGMLw4bqvL_NH6e2wMveX7G-rP2dAqsDSq1mJMOaY&#038;_nc_zt=24&#038;_nc_ht=scontent-gig4-1.xx&#038;_nc_gid=AoBFJeGrT1hVaew_6rchkQ&#038;oh=00_AfX7QmFGhQhG2jAllVgXCiM1ZrWgvtp80-Bfppyexh1QEg&#038;oe=689E923C\" \/>\n\t\t<meta property=\"og:image:secure_url\" content=\"https:\/\/scontent-gig4-1.xx.fbcdn.net\/v\/t39.30808-1\/270437624_4564083193639691_6907940295614233970_n.jpg?stp=dst-jpg_s200x200_tt6&#038;_nc_cat=111&#038;ccb=1-7&#038;_nc_sid=f907e8&#038;_nc_ohc=SM1wRlP3lJwQ7kNvwEPuBYA&#038;_nc_oc=AdnqrjDN_BNjSSHWO-GbkIWH6fkGMLw4bqvL_NH6e2wMveX7G-rP2dAqsDSq1mJMOaY&#038;_nc_zt=24&#038;_nc_ht=scontent-gig4-1.xx&#038;_nc_gid=AoBFJeGrT1hVaew_6rchkQ&#038;oh=00_AfX7QmFGhQhG2jAllVgXCiM1ZrWgvtp80-Bfppyexh1QEg&#038;oe=689E923C\" \/>\n\t\t<meta property=\"article:published_time\" content=\"2016-03-15T15:14:17+00:00\" \/>\n\t\t<meta property=\"article:modified_time\" content=\"2016-03-17T13:22:57+00:00\" \/>\n\t\t<meta name=\"twitter:card\" content=\"summary_large_image\" \/>\n\t\t<meta name=\"twitter:title\" content=\"Correios n\u00e3o abrir\u00e1 mais aos s\u00e1bados; em Muria\u00e9, a ag\u00eancia central tamb\u00e9m n\u00e3o abrir\u00e1 mais neste dia - A Not\u00edcia Online\" \/>\n\t\t<meta name=\"twitter:description\" content=\"A partir do pr\u00f3ximo s\u00e1bado (19), a maioria das ag\u00eancias dos Correios n\u00e3o vai mais abrir aos s\u00e1bados. A medida \u00e9 uma forma de reduzir os gastos da empresa e tentar chegar ao fim do ano com o or\u00e7amento em dia. Apenas as ag\u00eancias com grande movimenta\u00e7\u00e3o, como em aeroportos e rodovi\u00e1rias, continuar\u00e3o abertas aos\" \/>\n\t\t<meta name=\"twitter:image\" content=\"https:\/\/scontent-gig4-1.xx.fbcdn.net\/v\/t39.30808-1\/270437624_4564083193639691_6907940295614233970_n.jpg?stp=dst-jpg_s200x200_tt6&amp;_nc_cat=111&amp;ccb=1-7&amp;_nc_sid=f907e8&amp;_nc_ohc=SM1wRlP3lJwQ7kNvwEPuBYA&amp;_nc_oc=AdnqrjDN_BNjSSHWO-GbkIWH6fkGMLw4bqvL_NH6e2wMveX7G-rP2dAqsDSq1mJMOaY&amp;_nc_zt=24&amp;_nc_ht=scontent-gig4-1.xx&amp;_nc_gid=AoBFJeGrT1hVaew_6rchkQ&amp;oh=00_AfX7QmFGhQhG2jAllVgXCiM1ZrWgvtp80-Bfppyexh1QEg&amp;oe=689E923C\" \/>\n\t\t<script type=\"application\/ld+json\" class=\"aioseo-schema\">\n\t\t\t{\"@context\":\"https:\\\/\\\/schema.org\",\"@graph\":[{\"@type\":\"BlogPosting\",\"@id\":\"https:\\\/\\\/anoticiaonline.com.br\\\/site\\\/para-cortar-gastos-correios-nao-abrirao-mais-aos-sabados-em-muriae-nao-havera-mudanca\\\/#blogposting\",\"name\":\"Correios n\\u00e3o abrir\\u00e1 mais aos s\\u00e1bados; em Muria\\u00e9, a ag\\u00eancia central tamb\\u00e9m n\\u00e3o abrir\\u00e1 mais neste dia - A Not\\u00edcia Online\",\"headline\":\"Correios n\\u00e3o abrir\\u00e1 mais aos s\\u00e1bados; em Muria\\u00e9, a ag\\u00eancia central tamb\\u00e9m n\\u00e3o abrir\\u00e1 mais neste dia\",\"author\":{\"@id\":\"https:\\\/\\\/anoticiaonline.com.br\\\/site\\\/author\\\/juliana\\\/#author\"},\"publisher\":{\"@id\":\"https:\\\/\\\/anoticiaonline.com.br\\\/site\\\/#organization\"},\"image\":{\"@type\":\"ImageObject\",\"url\":\"https:\\\/\\\/anoticiaonline.com.br\\\/site\\\/wp-content\\\/uploads\\\/2016\\\/02\\\/correios-centro.jpg\",\"width\":640,\"height\":480,\"caption\":\"Ag\\u00eancia central dos Correios de Muria\\u00e9 (Arquivo A NOT\\u00cdCIA)\"},\"datePublished\":\"2016-03-15T12:14:17-03:00\",\"dateModified\":\"2016-03-17T10:22:57-03:00\",\"inLanguage\":\"pt-BR\",\"mainEntityOfPage\":{\"@id\":\"https:\\\/\\\/anoticiaonline.com.br\\\/site\\\/para-cortar-gastos-correios-nao-abrirao-mais-aos-sabados-em-muriae-nao-havera-mudanca\\\/#webpage\"},\"isPartOf\":{\"@id\":\"https:\\\/\\\/anoticiaonline.com.br\\\/site\\\/para-cortar-gastos-correios-nao-abrirao-mais-aos-sabados-em-muriae-nao-havera-mudanca\\\/#webpage\"},\"articleSection\":\"Gerais, slide\"},{\"@type\":\"BreadcrumbList\",\"@id\":\"https:\\\/\\\/anoticiaonline.com.br\\\/site\\\/para-cortar-gastos-correios-nao-abrirao-mais-aos-sabados-em-muriae-nao-havera-mudanca\\\/#breadcrumblist\",\"itemListElement\":[{\"@type\":\"ListItem\",\"@id\":\"https:\\\/\\\/anoticiaonline.com.br\\\/site#listItem\",\"position\":1,\"name\":\"Home\",\"item\":\"https:\\\/\\\/anoticiaonline.com.br\\\/site\",\"nextItem\":{\"@type\":\"ListItem\",\"@id\":\"https:\\\/\\\/anoticiaonline.com.br\\\/site\\\/categoria\\\/gerais\\\/#listItem\",\"name\":\"Gerais\"}},{\"@type\":\"ListItem\",\"@id\":\"https:\\\/\\\/anoticiaonline.com.br\\\/site\\\/categoria\\\/gerais\\\/#listItem\",\"position\":2,\"name\":\"Gerais\",\"item\":\"https:\\\/\\\/anoticiaonline.com.br\\\/site\\\/categoria\\\/gerais\\\/\",\"nextItem\":{\"@type\":\"ListItem\",\"@id\":\"https:\\\/\\\/anoticiaonline.com.br\\\/site\\\/para-cortar-gastos-correios-nao-abrirao-mais-aos-sabados-em-muriae-nao-havera-mudanca\\\/#listItem\",\"name\":\"Correios n\\u00e3o abrir\\u00e1 mais aos s\\u00e1bados; em Muria\\u00e9, a ag\\u00eancia central tamb\\u00e9m n\\u00e3o abrir\\u00e1 mais neste dia\"},\"previousItem\":{\"@type\":\"ListItem\",\"@id\":\"https:\\\/\\\/anoticiaonline.com.br\\\/site#listItem\",\"name\":\"Home\"}},{\"@type\":\"ListItem\",\"@id\":\"https:\\\/\\\/anoticiaonline.com.br\\\/site\\\/para-cortar-gastos-correios-nao-abrirao-mais-aos-sabados-em-muriae-nao-havera-mudanca\\\/#listItem\",\"position\":3,\"name\":\"Correios n\\u00e3o abrir\\u00e1 mais aos s\\u00e1bados; em Muria\\u00e9, a ag\\u00eancia central tamb\\u00e9m n\\u00e3o abrir\\u00e1 mais neste dia\",\"previousItem\":{\"@type\":\"ListItem\",\"@id\":\"https:\\\/\\\/anoticiaonline.com.br\\\/site\\\/categoria\\\/gerais\\\/#listItem\",\"name\":\"Gerais\"}}]},{\"@type\":\"Organization\",\"@id\":\"https:\\\/\\\/anoticiaonline.com.br\\\/site\\\/#organization\",\"name\":\"A Not\\u00edcia Online\",\"description\":\"Noticias de Muria\\u00e9 e regi\\u00e3o\",\"url\":\"https:\\\/\\\/anoticiaonline.com.br\\\/site\\\/\",\"logo\":{\"@type\":\"ImageObject\",\"url\":\"https:\\\/\\\/scontent-gig4-1.xx.fbcdn.net\\\/v\\\/t39.30808-1\\\/270437624_4564083193639691_6907940295614233970_n.jpg?stp=dst-jpg_s200x200_tt6&_nc_cat=111&ccb=1-7&_nc_sid=f907e8&_nc_ohc=SM1wRlP3lJwQ7kNvwEPuBYA&_nc_oc=AdnqrjDN_BNjSSHWO-GbkIWH6fkGMLw4bqvL_NH6e2wMveX7G-rP2dAqsDSq1mJMOaY&_nc_zt=24&_nc_ht=scontent-gig4-1.xx&_nc_gid=AoBFJeGrT1hVaew_6rchkQ&oh=00_AfX7QmFGhQhG2jAllVgXCiM1ZrWgvtp80-Bfppyexh1QEg&oe=689E923C\",\"@id\":\"https:\\\/\\\/anoticiaonline.com.br\\\/site\\\/para-cortar-gastos-correios-nao-abrirao-mais-aos-sabados-em-muriae-nao-havera-mudanca\\\/#organizationLogo\"},\"image\":{\"@id\":\"https:\\\/\\\/anoticiaonline.com.br\\\/site\\\/para-cortar-gastos-correios-nao-abrirao-mais-aos-sabados-em-muriae-nao-havera-mudanca\\\/#organizationLogo\"}},{\"@type\":\"Person\",\"@id\":\"https:\\\/\\\/anoticiaonline.com.br\\\/site\\\/author\\\/juliana\\\/#author\",\"url\":\"https:\\\/\\\/anoticiaonline.com.br\\\/site\\\/author\\\/juliana\\\/\",\"name\":\"Juliana Laviola\",\"image\":{\"@type\":\"ImageObject\",\"@id\":\"https:\\\/\\\/anoticiaonline.com.br\\\/site\\\/para-cortar-gastos-correios-nao-abrirao-mais-aos-sabados-em-muriae-nao-havera-mudanca\\\/#authorImage\",\"url\":\"https:\\\/\\\/secure.gravatar.com\\\/avatar\\\/b8d45f5c699b100dfaf0e543582f38f38bf94cb7ae3a5e9abf8d891a34773335?s=96&d=mm&r=g\",\"width\":96,\"height\":96,\"caption\":\"Juliana Laviola\"}},{\"@type\":\"WebPage\",\"@id\":\"https:\\\/\\\/anoticiaonline.com.br\\\/site\\\/para-cortar-gastos-correios-nao-abrirao-mais-aos-sabados-em-muriae-nao-havera-mudanca\\\/#webpage\",\"url\":\"https:\\\/\\\/anoticiaonline.com.br\\\/site\\\/para-cortar-gastos-correios-nao-abrirao-mais-aos-sabados-em-muriae-nao-havera-mudanca\\\/\",\"name\":\"Correios n\\u00e3o abrir\\u00e1 mais aos s\\u00e1bados; em Muria\\u00e9, a ag\\u00eancia central tamb\\u00e9m n\\u00e3o abrir\\u00e1 mais neste dia - A Not\\u00edcia Online\",\"description\":\"A partir do pr\\u00f3ximo s\\u00e1bado (19), a maioria das ag\\u00eancias dos Correios n\\u00e3o vai mais abrir aos s\\u00e1bados. A medida \\u00e9 uma forma de reduzir os gastos da empresa e tentar chegar ao fim do ano com o or\\u00e7amento em dia. Apenas as ag\\u00eancias com grande movimenta\\u00e7\\u00e3o, como em aeroportos e rodovi\\u00e1rias, continuar\\u00e3o abertas aos\",\"inLanguage\":\"pt-BR\",\"isPartOf\":{\"@id\":\"https:\\\/\\\/anoticiaonline.com.br\\\/site\\\/#website\"},\"breadcrumb\":{\"@id\":\"https:\\\/\\\/anoticiaonline.com.br\\\/site\\\/para-cortar-gastos-correios-nao-abrirao-mais-aos-sabados-em-muriae-nao-havera-mudanca\\\/#breadcrumblist\"},\"author\":{\"@id\":\"https:\\\/\\\/anoticiaonline.com.br\\\/site\\\/author\\\/juliana\\\/#author\"},\"creator\":{\"@id\":\"https:\\\/\\\/anoticiaonline.com.br\\\/site\\\/author\\\/juliana\\\/#author\"},\"image\":{\"@type\":\"ImageObject\",\"url\":\"https:\\\/\\\/anoticiaonline.com.br\\\/site\\\/wp-content\\\/uploads\\\/2016\\\/02\\\/correios-centro.jpg\",\"@id\":\"https:\\\/\\\/anoticiaonline.com.br\\\/site\\\/para-cortar-gastos-correios-nao-abrirao-mais-aos-sabados-em-muriae-nao-havera-mudanca\\\/#mainImage\",\"width\":640,\"height\":480,\"caption\":\"Ag\\u00eancia central dos Correios de Muria\\u00e9 (Arquivo A NOT\\u00cdCIA)\"},\"primaryImageOfPage\":{\"@id\":\"https:\\\/\\\/anoticiaonline.com.br\\\/site\\\/para-cortar-gastos-correios-nao-abrirao-mais-aos-sabados-em-muriae-nao-havera-mudanca\\\/#mainImage\"},\"datePublished\":\"2016-03-15T12:14:17-03:00\",\"dateModified\":\"2016-03-17T10:22:57-03:00\"},{\"@type\":\"WebSite\",\"@id\":\"https:\\\/\\\/anoticiaonline.com.br\\\/site\\\/#website\",\"url\":\"https:\\\/\\\/anoticiaonline.com.br\\\/site\\\/\",\"name\":\"A Not\\u00edcia Online\",\"description\":\"Noticias de Muria\\u00e9 e regi\\u00e3o\",\"inLanguage\":\"pt-BR\",\"publisher\":{\"@id\":\"https:\\\/\\\/anoticiaonline.com.br\\\/site\\\/#organization\"}}]}\n\t\t<\/script>\n\t\t<!-- All in One SEO -->\n\n","aioseo_head_json":{"title":"Correios n\u00e3o abrir\u00e1 mais aos s\u00e1bados; em Muria\u00e9, a ag\u00eancia central tamb\u00e9m n\u00e3o abrir\u00e1 mais neste dia - A Not\u00edcia Online","description":"A partir do pr\u00f3ximo s\u00e1bado (19), a maioria das ag\u00eancias dos Correios n\u00e3o vai mais abrir aos s\u00e1bados. A medida \u00e9 uma forma de reduzir os gastos da empresa e tentar chegar ao fim do ano com o or\u00e7amento em dia. Apenas as ag\u00eancias com grande movimenta\u00e7\u00e3o, como em aeroportos e rodovi\u00e1rias, continuar\u00e3o abertas aos","canonical_url":"https:\/\/anoticiaonline.com.br\/site\/para-cortar-gastos-correios-nao-abrirao-mais-aos-sabados-em-muriae-nao-havera-mudanca\/","robots":"max-image-preview:large","keywords":"","webmasterTools":{"miscellaneous":""},"schema":{"@context":"https:\/\/schema.org","@graph":[{"@type":"BlogPosting","@id":"https:\/\/anoticiaonline.com.br\/site\/para-cortar-gastos-correios-nao-abrirao-mais-aos-sabados-em-muriae-nao-havera-mudanca\/#blogposting","name":"Correios n\u00e3o abrir\u00e1 mais aos s\u00e1bados; em Muria\u00e9, a ag\u00eancia central tamb\u00e9m n\u00e3o abrir\u00e1 mais neste dia - A Not\u00edcia Online","headline":"Correios n\u00e3o abrir\u00e1 mais aos s\u00e1bados; em Muria\u00e9, a ag\u00eancia central tamb\u00e9m n\u00e3o abrir\u00e1 mais neste dia","author":{"@id":"https:\/\/anoticiaonline.com.br\/site\/author\/juliana\/#author"},"publisher":{"@id":"https:\/\/anoticiaonline.com.br\/site\/#organization"},"image":{"@type":"ImageObject","url":"https:\/\/anoticiaonline.com.br\/site\/wp-content\/uploads\/2016\/02\/correios-centro.jpg","width":640,"height":480,"caption":"Ag\u00eancia central dos Correios de Muria\u00e9 (Arquivo A NOT\u00cdCIA)"},"datePublished":"2016-03-15T12:14:17-03:00","dateModified":"2016-03-17T10:22:57-03:00","inLanguage":"pt-BR","mainEntityOfPage":{"@id":"https:\/\/anoticiaonline.com.br\/site\/para-cortar-gastos-correios-nao-abrirao-mais-aos-sabados-em-muriae-nao-havera-mudanca\/#webpage"},"isPartOf":{"@id":"https:\/\/anoticiaonline.com.br\/site\/para-cortar-gastos-correios-nao-abrirao-mais-aos-sabados-em-muriae-nao-havera-mudanca\/#webpage"},"articleSection":"Gerais, slide"},{"@type":"BreadcrumbList","@id":"https:\/\/anoticiaonline.com.br\/site\/para-cortar-gastos-correios-nao-abrirao-mais-aos-sabados-em-muriae-nao-havera-mudanca\/#breadcrumblist","itemListElement":[{"@type":"ListItem","@id":"https:\/\/anoticiaonline.com.br\/site#listItem","position":1,"name":"Home","item":"https:\/\/anoticiaonline.com.br\/site","nextItem":{"@type":"ListItem","@id":"https:\/\/anoticiaonline.com.br\/site\/categoria\/gerais\/#listItem","name":"Gerais"}},{"@type":"ListItem","@id":"https:\/\/anoticiaonline.com.br\/site\/categoria\/gerais\/#listItem","position":2,"name":"Gerais","item":"https:\/\/anoticiaonline.com.br\/site\/categoria\/gerais\/","nextItem":{"@type":"ListItem","@id":"https:\/\/anoticiaonline.com.br\/site\/para-cortar-gastos-correios-nao-abrirao-mais-aos-sabados-em-muriae-nao-havera-mudanca\/#listItem","name":"Correios n\u00e3o abrir\u00e1 mais aos s\u00e1bados; em Muria\u00e9, a ag\u00eancia central tamb\u00e9m n\u00e3o abrir\u00e1 mais neste dia"},"previousItem":{"@type":"ListItem","@id":"https:\/\/anoticiaonline.com.br\/site#listItem","name":"Home"}},{"@type":"ListItem","@id":"https:\/\/anoticiaonline.com.br\/site\/para-cortar-gastos-correios-nao-abrirao-mais-aos-sabados-em-muriae-nao-havera-mudanca\/#listItem","position":3,"name":"Correios n\u00e3o abrir\u00e1 mais aos s\u00e1bados; em Muria\u00e9, a ag\u00eancia central tamb\u00e9m n\u00e3o abrir\u00e1 mais neste dia","previousItem":{"@type":"ListItem","@id":"https:\/\/anoticiaonline.com.br\/site\/categoria\/gerais\/#listItem","name":"Gerais"}}]},{"@type":"Organization","@id":"https:\/\/anoticiaonline.com.br\/site\/#organization","name":"A Not\u00edcia Online","description":"Noticias de Muria\u00e9 e regi\u00e3o","url":"https:\/\/anoticiaonline.com.br\/site\/","logo":{"@type":"ImageObject","url":"https:\/\/scontent-gig4-1.xx.fbcdn.net\/v\/t39.30808-1\/270437624_4564083193639691_6907940295614233970_n.jpg?stp=dst-jpg_s200x200_tt6&_nc_cat=111&ccb=1-7&_nc_sid=f907e8&_nc_ohc=SM1wRlP3lJwQ7kNvwEPuBYA&_nc_oc=AdnqrjDN_BNjSSHWO-GbkIWH6fkGMLw4bqvL_NH6e2wMveX7G-rP2dAqsDSq1mJMOaY&_nc_zt=24&_nc_ht=scontent-gig4-1.xx&_nc_gid=AoBFJeGrT1hVaew_6rchkQ&oh=00_AfX7QmFGhQhG2jAllVgXCiM1ZrWgvtp80-Bfppyexh1QEg&oe=689E923C","@id":"https:\/\/anoticiaonline.com.br\/site\/para-cortar-gastos-correios-nao-abrirao-mais-aos-sabados-em-muriae-nao-havera-mudanca\/#organizationLogo"},"image":{"@id":"https:\/\/anoticiaonline.com.br\/site\/para-cortar-gastos-correios-nao-abrirao-mais-aos-sabados-em-muriae-nao-havera-mudanca\/#organizationLogo"}},{"@type":"Person","@id":"https:\/\/anoticiaonline.com.br\/site\/author\/juliana\/#author","url":"https:\/\/anoticiaonline.com.br\/site\/author\/juliana\/","name":"Juliana Laviola","image":{"@type":"ImageObject","@id":"https:\/\/anoticiaonline.com.br\/site\/para-cortar-gastos-correios-nao-abrirao-mais-aos-sabados-em-muriae-nao-havera-mudanca\/#authorImage","url":"https:\/\/secure.gravatar.com\/avatar\/b8d45f5c699b100dfaf0e543582f38f38bf94cb7ae3a5e9abf8d891a34773335?s=96&d=mm&r=g","width":96,"height":96,"caption":"Juliana Laviola"}},{"@type":"WebPage","@id":"https:\/\/anoticiaonline.com.br\/site\/para-cortar-gastos-correios-nao-abrirao-mais-aos-sabados-em-muriae-nao-havera-mudanca\/#webpage","url":"https:\/\/anoticiaonline.com.br\/site\/para-cortar-gastos-correios-nao-abrirao-mais-aos-sabados-em-muriae-nao-havera-mudanca\/","name":"Correios n\u00e3o abrir\u00e1 mais aos s\u00e1bados; em Muria\u00e9, a ag\u00eancia central tamb\u00e9m n\u00e3o abrir\u00e1 mais neste dia - A Not\u00edcia Online","description":"A partir do pr\u00f3ximo s\u00e1bado (19), a maioria das ag\u00eancias dos Correios n\u00e3o vai mais abrir aos s\u00e1bados. A medida \u00e9 uma forma de reduzir os gastos da empresa e tentar chegar ao fim do ano com o or\u00e7amento em dia. Apenas as ag\u00eancias com grande movimenta\u00e7\u00e3o, como em aeroportos e rodovi\u00e1rias, continuar\u00e3o abertas aos","inLanguage":"pt-BR","isPartOf":{"@id":"https:\/\/anoticiaonline.com.br\/site\/#website"},"breadcrumb":{"@id":"https:\/\/anoticiaonline.com.br\/site\/para-cortar-gastos-correios-nao-abrirao-mais-aos-sabados-em-muriae-nao-havera-mudanca\/#breadcrumblist"},"author":{"@id":"https:\/\/anoticiaonline.com.br\/site\/author\/juliana\/#author"},"creator":{"@id":"https:\/\/anoticiaonline.com.br\/site\/author\/juliana\/#author"},"image":{"@type":"ImageObject","url":"https:\/\/anoticiaonline.com.br\/site\/wp-content\/uploads\/2016\/02\/correios-centro.jpg","@id":"https:\/\/anoticiaonline.com.br\/site\/para-cortar-gastos-correios-nao-abrirao-mais-aos-sabados-em-muriae-nao-havera-mudanca\/#mainImage","width":640,"height":480,"caption":"Ag\u00eancia central dos Correios de Muria\u00e9 (Arquivo A NOT\u00cdCIA)"},"primaryImageOfPage":{"@id":"https:\/\/anoticiaonline.com.br\/site\/para-cortar-gastos-correios-nao-abrirao-mais-aos-sabados-em-muriae-nao-havera-mudanca\/#mainImage"},"datePublished":"2016-03-15T12:14:17-03:00","dateModified":"2016-03-17T10:22:57-03:00"},{"@type":"WebSite","@id":"https:\/\/anoticiaonline.com.br\/site\/#website","url":"https:\/\/anoticiaonline.com.br\/site\/","name":"A Not\u00edcia Online","description":"Noticias de Muria\u00e9 e regi\u00e3o","inLanguage":"pt-BR","publisher":{"@id":"https:\/\/anoticiaonline.com.br\/site\/#organization"}}]},"og:locale":"pt_BR","og:site_name":"A Not\u00edcia Online - Noticias de Muria\u00e9 e regi\u00e3o","og:type":"article","og:title":"Correios n\u00e3o abrir\u00e1 mais aos s\u00e1bados; em Muria\u00e9, a ag\u00eancia central tamb\u00e9m n\u00e3o abrir\u00e1 mais neste dia - A Not\u00edcia Online","og:description":"A partir do pr\u00f3ximo s\u00e1bado (19), a maioria das ag\u00eancias dos Correios n\u00e3o vai mais abrir aos s\u00e1bados. A medida \u00e9 uma forma de reduzir os gastos da empresa e tentar chegar ao fim do ano com o or\u00e7amento em dia. Apenas as ag\u00eancias com grande movimenta\u00e7\u00e3o, como em aeroportos e rodovi\u00e1rias, continuar\u00e3o abertas aos","og:url":"https:\/\/anoticiaonline.com.br\/site\/para-cortar-gastos-correios-nao-abrirao-mais-aos-sabados-em-muriae-nao-havera-mudanca\/","og:image":"https:\/\/scontent-gig4-1.xx.fbcdn.net\/v\/t39.30808-1\/270437624_4564083193639691_6907940295614233970_n.jpg?stp=dst-jpg_s200x200_tt6&#038;_nc_cat=111&#038;ccb=1-7&#038;_nc_sid=f907e8&#038;_nc_ohc=SM1wRlP3lJwQ7kNvwEPuBYA&#038;_nc_oc=AdnqrjDN_BNjSSHWO-GbkIWH6fkGMLw4bqvL_NH6e2wMveX7G-rP2dAqsDSq1mJMOaY&#038;_nc_zt=24&#038;_nc_ht=scontent-gig4-1.xx&#038;_nc_gid=AoBFJeGrT1hVaew_6rchkQ&#038;oh=00_AfX7QmFGhQhG2jAllVgXCiM1ZrWgvtp80-Bfppyexh1QEg&#038;oe=689E923C","og:image:secure_url":"https:\/\/scontent-gig4-1.xx.fbcdn.net\/v\/t39.30808-1\/270437624_4564083193639691_6907940295614233970_n.jpg?stp=dst-jpg_s200x200_tt6&#038;_nc_cat=111&#038;ccb=1-7&#038;_nc_sid=f907e8&#038;_nc_ohc=SM1wRlP3lJwQ7kNvwEPuBYA&#038;_nc_oc=AdnqrjDN_BNjSSHWO-GbkIWH6fkGMLw4bqvL_NH6e2wMveX7G-rP2dAqsDSq1mJMOaY&#038;_nc_zt=24&#038;_nc_ht=scontent-gig4-1.xx&#038;_nc_gid=AoBFJeGrT1hVaew_6rchkQ&#038;oh=00_AfX7QmFGhQhG2jAllVgXCiM1ZrWgvtp80-Bfppyexh1QEg&#038;oe=689E923C","article:published_time":"2016-03-15T15:14:17+00:00","article:modified_time":"2016-03-17T13:22:57+00:00","twitter:card":"summary_large_image","twitter:title":"Correios n\u00e3o abrir\u00e1 mais aos s\u00e1bados; em Muria\u00e9, a ag\u00eancia central tamb\u00e9m n\u00e3o abrir\u00e1 mais neste dia - A Not\u00edcia Online","twitter:description":"A partir do pr\u00f3ximo s\u00e1bado (19), a maioria das ag\u00eancias dos Correios n\u00e3o vai mais abrir aos s\u00e1bados. A medida \u00e9 uma forma de reduzir os gastos da empresa e tentar chegar ao fim do ano com o or\u00e7amento em dia. Apenas as ag\u00eancias com grande movimenta\u00e7\u00e3o, como em aeroportos e rodovi\u00e1rias, continuar\u00e3o abertas aos","twitter:image":"https:\/\/scontent-gig4-1.xx.fbcdn.net\/v\/t39.30808-1\/270437624_4564083193639691_6907940295614233970_n.jpg?stp=dst-jpg_s200x200_tt6&_nc_cat=111&ccb=1-7&_nc_sid=f907e8&_nc_ohc=SM1wRlP3lJwQ7kNvwEPuBYA&_nc_oc=AdnqrjDN_BNjSSHWO-GbkIWH6fkGMLw4bqvL_NH6e2wMveX7G-rP2dAqsDSq1mJMOaY&_nc_zt=24&_nc_ht=scontent-gig4-1.xx&_nc_gid=AoBFJeGrT1hVaew_6rchkQ&oh=00_AfX7QmFGhQhG2jAllVgXCiM1ZrWgvtp80-Bfppyexh1QEg&oe=689E923C"},"aioseo_meta_data":{"post_id":"10392","title":null,"description":null,"keywords":null,"keyphrases":null,"primary_term":null,"canonical_url":null,"og_title":null,"og_description":null,"og_object_type":"default","og_image_type":"default","og_image_url":null,"og_image_width":null,"og_image_height":null,"og_image_custom_url":null,"og_image_custom_fields":null,"og_video":null,"og_custom_url":null,"og_article_section":null,"og_article_tags":null,"twitter_use_og":false,"twitter_card":"default","twitter_image_type":"default","twitter_image_url":null,"twitter_image_custom_url":null,"twitter_image_custom_fields":null,"twitter_title":null,"twitter_description":null,"schema":{"blockGraphs":[],"customGraphs":[],"default":{"data":{"Article":[],"Course":[],"Dataset":[],"FAQPage":[],"Movie":[],"Person":[],"Product":[],"ProductReview":[],"Car":[],"Recipe":[],"Service":[],"SoftwareApplication":[],"WebPage":[]},"graphName":"","isEnabled":true},"graphs":[]},"schema_type":"default","schema_type_options":null,"pillar_content":false,"robots_default":true,"robots_noindex":false,"robots_noarchive":false,"robots_nosnippet":false,"robots_nofollow":false,"robots_noimageindex":false,"robots_noodp":false,"robots_notranslate":false,"robots_max_snippet":null,"robots_max_videopreview":null,"robots_max_imagepreview":"large","priority":null,"frequency":null,"local_seo":null,"breadcrumb_settings":null,"limit_modified_date":false,"ai":null,"created":"2025-08-16 15:34:30","updated":"2025-08-16 15:34:30","focus_keyword":null,"additional_keywords":null,"truseo_locale":null,"seo_analyzer_scan_date":null},"aioseo_breadcrumb":"<div class=\"aioseo-breadcrumbs\"><span class=\"aioseo-breadcrumb\">\n\t\t\t<a href=\"https:\/\/anoticiaonline.com.br\/site\" title=\"Home\">Home<\/a>\n\t\t<\/span><span class=\"aioseo-breadcrumb-separator\">&raquo;<\/span><span class=\"aioseo-breadcrumb\">\n\t\t\t<a href=\"https:\/\/anoticiaonline.com.br\/site\/categoria\/gerais\/\" title=\"Gerais\">Gerais<\/a>\n\t\t<\/span><span class=\"aioseo-breadcrumb-separator\">&raquo;<\/span><span class=\"aioseo-breadcrumb\">\n\t\t\tCorreios n\u00e3o abrir\u00e1 mais aos s\u00e1bados; em Muria\u00e9, a ag\u00eancia central tamb\u00e9m n\u00e3o abrir\u00e1 mais neste dia\n\t\t<\/span><\/div>","aioseo_breadcrumb_json":[{"label":"Home","link":"https:\/\/anoticiaonline.com.br\/site"},{"label":"Gerais","link":"https:\/\/anoticiaonline.com.br\/site\/categoria\/gerais\/"},{"label":"Correios n\u00e3o abrir\u00e1 mais aos s\u00e1bados; em Muria\u00e9, a ag\u00eancia central tamb\u00e9m n\u00e3o abrir\u00e1 mais neste dia","link":"https:\/\/anoticiaonline.com.br\/site\/para-cortar-gastos-correios-nao-abrirao-mais-aos-sabados-em-muriae-nao-havera-mudanca\/"}],"views":211,"_links":{"self":[{"href":"https:\/\/anoticiaonline.com.br\/site\/wp-json\/wp\/v2\/posts\/10392","targetHints":{"allow":["GET"]}}],"collection":[{"href":"https:\/\/anoticiaonline.com.br\/site\/wp-json\/wp\/v2\/posts"}],"about":[{"href":"https:\/\/anoticiaonline.com.br\/site\/wp-json\/wp\/v2\/types\/post"}],"author":[{"embeddable":true,"href":"https:\/\/anoticiaonline.com.br\/site\/wp-json\/wp\/v2\/users\/2"}],"replies":[{"embeddable":true,"href":"https:\/\/anoticiaonline.com.br\/site\/wp-json\/wp\/v2\/comments?post=10392"}],"version-history":[{"count":0,"href":"https:\/\/anoticiaonline.com.br\/site\/wp-json\/wp\/v2\/posts\/10392\/revisions"}],"wp:featuredmedia":[{"embeddable":true,"href":"https:\/\/anoticiaonline.com.br\/site\/wp-json\/wp\/v2\/media\/9477"}],"wp:attachment":[{"href":"https:\/\/anoticiaonline.com.br\/site\/wp-json\/wp\/v2\/media?parent=10392"}],"wp:term":[{"taxonomy":"category","embeddable":true,"href":"https:\/\/anoticiaonline.com.br\/site\/wp-json\/wp\/v2\/categories?post=10392"},{"taxonomy":"post_tag","embeddable":true,"href":"https:\/\/anoticiaonline.com.br\/site\/wp-json\/wp\/v2\/tags?post=10392"}],"curies":[{"name":"wp","href":"https:\/\/api.w.org\/{rel}","templated":true}]}}