{"id":10381,"date":"2016-03-14T14:34:42","date_gmt":"2016-03-14T17:34:42","guid":{"rendered":"http:\/\/anoticiaonline.com.br\/site\/?p=10381"},"modified":"2016-03-14T14:34:42","modified_gmt":"2016-03-14T17:34:42","slug":"corpo-de-bombeiros-abre-vaga-para-curso-de-formacao-e-reciclagem-dos-salva-vidas","status":"publish","type":"post","link":"https:\/\/anoticiaonline.com.br\/site\/corpo-de-bombeiros-abre-vaga-para-curso-de-formacao-e-reciclagem-dos-salva-vidas\/","title":{"rendered":"Corpo de Bombeiros abre vaga para curso de forma\u00e7\u00e3o e reciclagem dos salva-vidas"},"content":{"rendered":"<p><a href=\"https:\/\/anoticiaonline.com.br\/site\/wp-content\/uploads\/2016\/03\/pelot\u00e3o-corpo-de-bombeiros.jpg\"><img fetchpriority=\"high\" decoding=\"async\" class=\" size-medium wp-image-10382 alignleft\" src=\"https:\/\/anoticiaonline.com.br\/site\/wp-content\/uploads\/2016\/03\/pelot\u00e3o-corpo-de-bombeiros-300x225.jpg\" alt=\"pelot\u00e3o corpo de bombeiros\" width=\"300\" height=\"225\" srcset=\"https:\/\/anoticiaonline.com.br\/site\/wp-content\/uploads\/2016\/03\/pelot\u00e3o-corpo-de-bombeiros-300x225.jpg 300w, https:\/\/anoticiaonline.com.br\/site\/wp-content\/uploads\/2016\/03\/pelot\u00e3o-corpo-de-bombeiros.jpg 640w\" sizes=\"(max-width: 300px) 100vw, 300px\" \/><\/a>Com o intuito de proporcionar maior seguran\u00e7a aos banhistas frequentadores das \u00e1reas de piscina de Muria\u00e9 e regi\u00e3o, o 2\u00ba Pelot\u00e3o de Bombeiros Militar realizar\u00e1 a reciclagem e o Curso de Primeiros Socorros em Piscinas com \u00eanfase em Salvamento de Afogados\u201d.<\/p>\n<p>O curso \u00e9 aberto a toda a popula\u00e7\u00e3o, observadas algumas peculiaridades, considerando que o p\u00fablico-alvo s\u00e3o aqueles que realmente ir\u00e3o prestar servi\u00e7os nas depend\u00eancias de clubes desportivos.<\/p>\n<p>Os candidatos devem satisfazer os seguintes pr\u00e9-requisitos no ato da matricula: ter idade entre 18 e 50 anos, comprovar, atrav\u00e9s de atestado m\u00e9dico, ter condi\u00e7\u00f5es f\u00edsica e mental satisfat\u00f3rias para a realiza\u00e7\u00e3o de atividades f\u00edsicas (nata\u00e7\u00e3o), al\u00e9m de boa vis\u00e3o e audi\u00e7\u00e3o; dominar os nados peito e crawl; ter capacidade de submergir a, no m\u00ednimo, cinco metros de profundidade; ter capacidade de percorrer, submerso, no m\u00ednimo 25 metros de dist\u00e2ncia e ser considerado apto no teste f\u00edsico (Nata\u00e7\u00e3o 200m, Apneia Din\u00e2mica, Apneia Est\u00e1tica e Flutuabilidade), a ser aplicado pelo 2\u00ba Pelot\u00e3o de Bombeiros Militar nas depend\u00eancias de um clube da cidade.<\/p>\n<p>As inscri\u00e7\u00f5es, tanto para a reciclagem quanto para o curso de forma\u00e7\u00e3o, s\u00e3o gratuitas e podem ser realizadas no 2\u00ba Pelot\u00e3o de Bombeiros de Muria\u00e9, localizado na Rua Manoel Pereira de Carvalho, s\/n\u00ba, G\u00e1vea, no per\u00edodo de 14 a 17 deste m\u00eas, no hor\u00e1rio administrativo. O telefone para contato \u00e9 o (32) 3722-2598.<\/p>\n","protected":false},"excerpt":{"rendered":"<p>Com o intuito de proporcionar maior seguran\u00e7a aos banhistas frequentadores das \u00e1reas de piscina de Muria\u00e9 e regi\u00e3o, o 2\u00ba Pelot\u00e3o de Bombeiros Militar realizar\u00e1 a reciclagem e o Curso de Primeiros Socorros em Piscinas com \u00eanfase em Salvamento de Afogados\u201d. O curso \u00e9 aberto a toda a popula\u00e7\u00e3o, observadas algumas peculiaridades, considerando que o &#8230; <a title=\"Corpo de Bombeiros abre vaga para curso de forma\u00e7\u00e3o e reciclagem dos salva-vidas\" class=\"read-more\" href=\"https:\/\/anoticiaonline.com.br\/site\/corpo-de-bombeiros-abre-vaga-para-curso-de-formacao-e-reciclagem-dos-salva-vidas\/\" aria-label=\"Read more about Corpo de Bombeiros abre vaga para curso de forma\u00e7\u00e3o e reciclagem dos salva-vidas\">Ler mais<\/a><\/p>\n","protected":false},"author":2,"featured_media":10382,"comment_status":"open","ping_status":"open","sticky":false,"template":"","format":"standard","meta":{"_acf_changed":false,"_monsterinsights_skip_tracking":false,"footnotes":""},"categories":[30],"tags":[3],"class_list":["post-10381","post","type-post","status-publish","format-standard","has-post-thumbnail","hentry","category-muriae","tag-slide"],"acf":[],"aioseo_notices":[],"aioseo_head":"\n\t\t<!-- All in One SEO 5.0.0.1 - aioseo.com -->\n\t<meta name=\"description\" content=\"Com o intuito de proporcionar maior seguran\u00e7a aos banhistas frequentadores das \u00e1reas de piscina de Muria\u00e9 e regi\u00e3o, o 2\u00ba Pelot\u00e3o de Bombeiros Militar realizar\u00e1 a reciclagem e o Curso de Primeiros Socorros em Piscinas com \u00eanfase em Salvamento de Afogados\u201d. O curso \u00e9 aberto a toda a popula\u00e7\u00e3o, observadas algumas peculiaridades, considerando que o\" \/>\n\t<meta name=\"robots\" content=\"max-image-preview:large\" \/>\n\t<meta name=\"author\" content=\"Juliana Laviola\"\/>\n\t<link rel=\"canonical\" href=\"https:\/\/anoticiaonline.com.br\/site\/corpo-de-bombeiros-abre-vaga-para-curso-de-formacao-e-reciclagem-dos-salva-vidas\/\" \/>\n\t<meta name=\"generator\" content=\"All in One SEO (AIOSEO) 5.0.0.1\" \/>\n\t\t<meta property=\"og:locale\" content=\"pt_BR\" \/>\n\t\t<meta property=\"og:site_name\" content=\"A Not\u00edcia Online - Noticias de Muria\u00e9 e regi\u00e3o\" \/>\n\t\t<meta property=\"og:type\" content=\"article\" \/>\n\t\t<meta property=\"og:title\" content=\"Corpo de Bombeiros abre vaga para curso de forma\u00e7\u00e3o e reciclagem dos salva-vidas - A Not\u00edcia Online\" \/>\n\t\t<meta property=\"og:description\" content=\"Com o intuito de proporcionar maior seguran\u00e7a aos banhistas frequentadores das \u00e1reas de piscina de Muria\u00e9 e regi\u00e3o, o 2\u00ba Pelot\u00e3o de Bombeiros Militar realizar\u00e1 a reciclagem e o Curso de Primeiros Socorros em Piscinas com \u00eanfase em Salvamento de Afogados\u201d. O curso \u00e9 aberto a toda a popula\u00e7\u00e3o, observadas algumas peculiaridades, considerando que o\" \/>\n\t\t<meta property=\"og:url\" content=\"https:\/\/anoticiaonline.com.br\/site\/corpo-de-bombeiros-abre-vaga-para-curso-de-formacao-e-reciclagem-dos-salva-vidas\/\" \/>\n\t\t<meta property=\"og:image\" content=\"https:\/\/scontent-gig4-1.xx.fbcdn.net\/v\/t39.30808-1\/270437624_4564083193639691_6907940295614233970_n.jpg?stp=dst-jpg_s200x200_tt6&#038;_nc_cat=111&#038;ccb=1-7&#038;_nc_sid=f907e8&#038;_nc_ohc=SM1wRlP3lJwQ7kNvwEPuBYA&#038;_nc_oc=AdnqrjDN_BNjSSHWO-GbkIWH6fkGMLw4bqvL_NH6e2wMveX7G-rP2dAqsDSq1mJMOaY&#038;_nc_zt=24&#038;_nc_ht=scontent-gig4-1.xx&#038;_nc_gid=AoBFJeGrT1hVaew_6rchkQ&#038;oh=00_AfX7QmFGhQhG2jAllVgXCiM1ZrWgvtp80-Bfppyexh1QEg&#038;oe=689E923C\" \/>\n\t\t<meta property=\"og:image:secure_url\" content=\"https:\/\/scontent-gig4-1.xx.fbcdn.net\/v\/t39.30808-1\/270437624_4564083193639691_6907940295614233970_n.jpg?stp=dst-jpg_s200x200_tt6&#038;_nc_cat=111&#038;ccb=1-7&#038;_nc_sid=f907e8&#038;_nc_ohc=SM1wRlP3lJwQ7kNvwEPuBYA&#038;_nc_oc=AdnqrjDN_BNjSSHWO-GbkIWH6fkGMLw4bqvL_NH6e2wMveX7G-rP2dAqsDSq1mJMOaY&#038;_nc_zt=24&#038;_nc_ht=scontent-gig4-1.xx&#038;_nc_gid=AoBFJeGrT1hVaew_6rchkQ&#038;oh=00_AfX7QmFGhQhG2jAllVgXCiM1ZrWgvtp80-Bfppyexh1QEg&#038;oe=689E923C\" \/>\n\t\t<meta property=\"article:published_time\" content=\"2016-03-14T17:34:42+00:00\" \/>\n\t\t<meta property=\"article:modified_time\" content=\"2016-03-14T17:34:42+00:00\" \/>\n\t\t<meta name=\"twitter:card\" content=\"summary_large_image\" \/>\n\t\t<meta name=\"twitter:title\" content=\"Corpo de Bombeiros abre vaga para curso de forma\u00e7\u00e3o e reciclagem dos salva-vidas - A Not\u00edcia Online\" \/>\n\t\t<meta name=\"twitter:description\" content=\"Com o intuito de proporcionar maior seguran\u00e7a aos banhistas frequentadores das \u00e1reas de piscina de Muria\u00e9 e regi\u00e3o, o 2\u00ba Pelot\u00e3o de Bombeiros Militar realizar\u00e1 a reciclagem e o Curso de Primeiros Socorros em Piscinas com \u00eanfase em Salvamento de Afogados\u201d. O curso \u00e9 aberto a toda a popula\u00e7\u00e3o, observadas algumas peculiaridades, considerando que o\" \/>\n\t\t<meta name=\"twitter:image\" content=\"https:\/\/scontent-gig4-1.xx.fbcdn.net\/v\/t39.30808-1\/270437624_4564083193639691_6907940295614233970_n.jpg?stp=dst-jpg_s200x200_tt6&amp;_nc_cat=111&amp;ccb=1-7&amp;_nc_sid=f907e8&amp;_nc_ohc=SM1wRlP3lJwQ7kNvwEPuBYA&amp;_nc_oc=AdnqrjDN_BNjSSHWO-GbkIWH6fkGMLw4bqvL_NH6e2wMveX7G-rP2dAqsDSq1mJMOaY&amp;_nc_zt=24&amp;_nc_ht=scontent-gig4-1.xx&amp;_nc_gid=AoBFJeGrT1hVaew_6rchkQ&amp;oh=00_AfX7QmFGhQhG2jAllVgXCiM1ZrWgvtp80-Bfppyexh1QEg&amp;oe=689E923C\" \/>\n\t\t<script type=\"application\/ld+json\" class=\"aioseo-schema\">\n\t\t\t{\"@context\":\"https:\\\/\\\/schema.org\",\"@graph\":[{\"@type\":\"BlogPosting\",\"@id\":\"https:\\\/\\\/anoticiaonline.com.br\\\/site\\\/corpo-de-bombeiros-abre-vaga-para-curso-de-formacao-e-reciclagem-dos-salva-vidas\\\/#blogposting\",\"name\":\"Corpo de Bombeiros abre vaga para curso de forma\\u00e7\\u00e3o e reciclagem dos salva-vidas - A Not\\u00edcia Online\",\"headline\":\"Corpo de Bombeiros abre vaga para curso de forma\\u00e7\\u00e3o e reciclagem dos salva-vidas\",\"author\":{\"@id\":\"https:\\\/\\\/anoticiaonline.com.br\\\/site\\\/author\\\/juliana\\\/#author\"},\"publisher\":{\"@id\":\"https:\\\/\\\/anoticiaonline.com.br\\\/site\\\/#organization\"},\"image\":{\"@type\":\"ImageObject\",\"url\":\"https:\\\/\\\/anoticiaonline.com.br\\\/site\\\/wp-content\\\/uploads\\\/2016\\\/03\\\/pelot\\u00e3o-corpo-de-bombeiros.jpg\",\"width\":640,\"height\":480},\"datePublished\":\"2016-03-14T14:34:42-03:00\",\"dateModified\":\"2016-03-14T14:34:42-03:00\",\"inLanguage\":\"pt-BR\",\"mainEntityOfPage\":{\"@id\":\"https:\\\/\\\/anoticiaonline.com.br\\\/site\\\/corpo-de-bombeiros-abre-vaga-para-curso-de-formacao-e-reciclagem-dos-salva-vidas\\\/#webpage\"},\"isPartOf\":{\"@id\":\"https:\\\/\\\/anoticiaonline.com.br\\\/site\\\/corpo-de-bombeiros-abre-vaga-para-curso-de-formacao-e-reciclagem-dos-salva-vidas\\\/#webpage\"},\"articleSection\":\"Blog, slide\"},{\"@type\":\"BreadcrumbList\",\"@id\":\"https:\\\/\\\/anoticiaonline.com.br\\\/site\\\/corpo-de-bombeiros-abre-vaga-para-curso-de-formacao-e-reciclagem-dos-salva-vidas\\\/#breadcrumblist\",\"itemListElement\":[{\"@type\":\"ListItem\",\"@id\":\"https:\\\/\\\/anoticiaonline.com.br\\\/site#listItem\",\"position\":1,\"name\":\"Home\",\"item\":\"https:\\\/\\\/anoticiaonline.com.br\\\/site\",\"nextItem\":{\"@type\":\"ListItem\",\"@id\":\"https:\\\/\\\/anoticiaonline.com.br\\\/site\\\/categoria\\\/muriae\\\/#listItem\",\"name\":\"Blog\"}},{\"@type\":\"ListItem\",\"@id\":\"https:\\\/\\\/anoticiaonline.com.br\\\/site\\\/categoria\\\/muriae\\\/#listItem\",\"position\":2,\"name\":\"Blog\",\"item\":\"https:\\\/\\\/anoticiaonline.com.br\\\/site\\\/categoria\\\/muriae\\\/\",\"nextItem\":{\"@type\":\"ListItem\",\"@id\":\"https:\\\/\\\/anoticiaonline.com.br\\\/site\\\/corpo-de-bombeiros-abre-vaga-para-curso-de-formacao-e-reciclagem-dos-salva-vidas\\\/#listItem\",\"name\":\"Corpo de Bombeiros abre vaga para curso de forma\\u00e7\\u00e3o e reciclagem dos salva-vidas\"},\"previousItem\":{\"@type\":\"ListItem\",\"@id\":\"https:\\\/\\\/anoticiaonline.com.br\\\/site#listItem\",\"name\":\"Home\"}},{\"@type\":\"ListItem\",\"@id\":\"https:\\\/\\\/anoticiaonline.com.br\\\/site\\\/corpo-de-bombeiros-abre-vaga-para-curso-de-formacao-e-reciclagem-dos-salva-vidas\\\/#listItem\",\"position\":3,\"name\":\"Corpo de Bombeiros abre vaga para curso de forma\\u00e7\\u00e3o e reciclagem dos salva-vidas\",\"previousItem\":{\"@type\":\"ListItem\",\"@id\":\"https:\\\/\\\/anoticiaonline.com.br\\\/site\\\/categoria\\\/muriae\\\/#listItem\",\"name\":\"Blog\"}}]},{\"@type\":\"Organization\",\"@id\":\"https:\\\/\\\/anoticiaonline.com.br\\\/site\\\/#organization\",\"name\":\"A Not\\u00edcia Online\",\"description\":\"Noticias de Muria\\u00e9 e regi\\u00e3o\",\"url\":\"https:\\\/\\\/anoticiaonline.com.br\\\/site\\\/\",\"logo\":{\"@type\":\"ImageObject\",\"url\":\"https:\\\/\\\/scontent-gig4-1.xx.fbcdn.net\\\/v\\\/t39.30808-1\\\/270437624_4564083193639691_6907940295614233970_n.jpg?stp=dst-jpg_s200x200_tt6&_nc_cat=111&ccb=1-7&_nc_sid=f907e8&_nc_ohc=SM1wRlP3lJwQ7kNvwEPuBYA&_nc_oc=AdnqrjDN_BNjSSHWO-GbkIWH6fkGMLw4bqvL_NH6e2wMveX7G-rP2dAqsDSq1mJMOaY&_nc_zt=24&_nc_ht=scontent-gig4-1.xx&_nc_gid=AoBFJeGrT1hVaew_6rchkQ&oh=00_AfX7QmFGhQhG2jAllVgXCiM1ZrWgvtp80-Bfppyexh1QEg&oe=689E923C\",\"@id\":\"https:\\\/\\\/anoticiaonline.com.br\\\/site\\\/corpo-de-bombeiros-abre-vaga-para-curso-de-formacao-e-reciclagem-dos-salva-vidas\\\/#organizationLogo\"},\"image\":{\"@id\":\"https:\\\/\\\/anoticiaonline.com.br\\\/site\\\/corpo-de-bombeiros-abre-vaga-para-curso-de-formacao-e-reciclagem-dos-salva-vidas\\\/#organizationLogo\"}},{\"@type\":\"Person\",\"@id\":\"https:\\\/\\\/anoticiaonline.com.br\\\/site\\\/author\\\/juliana\\\/#author\",\"url\":\"https:\\\/\\\/anoticiaonline.com.br\\\/site\\\/author\\\/juliana\\\/\",\"name\":\"Juliana Laviola\",\"image\":{\"@type\":\"ImageObject\",\"@id\":\"https:\\\/\\\/anoticiaonline.com.br\\\/site\\\/corpo-de-bombeiros-abre-vaga-para-curso-de-formacao-e-reciclagem-dos-salva-vidas\\\/#authorImage\",\"url\":\"https:\\\/\\\/secure.gravatar.com\\\/avatar\\\/b8d45f5c699b100dfaf0e543582f38f38bf94cb7ae3a5e9abf8d891a34773335?s=96&d=mm&r=g\",\"width\":96,\"height\":96,\"caption\":\"Juliana Laviola\"}},{\"@type\":\"WebPage\",\"@id\":\"https:\\\/\\\/anoticiaonline.com.br\\\/site\\\/corpo-de-bombeiros-abre-vaga-para-curso-de-formacao-e-reciclagem-dos-salva-vidas\\\/#webpage\",\"url\":\"https:\\\/\\\/anoticiaonline.com.br\\\/site\\\/corpo-de-bombeiros-abre-vaga-para-curso-de-formacao-e-reciclagem-dos-salva-vidas\\\/\",\"name\":\"Corpo de Bombeiros abre vaga para curso de forma\\u00e7\\u00e3o e reciclagem dos salva-vidas - A Not\\u00edcia Online\",\"description\":\"Com o intuito de proporcionar maior seguran\\u00e7a aos banhistas frequentadores das \\u00e1reas de piscina de Muria\\u00e9 e regi\\u00e3o, o 2\\u00ba Pelot\\u00e3o de Bombeiros Militar realizar\\u00e1 a reciclagem e o Curso de Primeiros Socorros em Piscinas com \\u00eanfase em Salvamento de Afogados\\u201d. O curso \\u00e9 aberto a toda a popula\\u00e7\\u00e3o, observadas algumas peculiaridades, considerando que o\",\"inLanguage\":\"pt-BR\",\"isPartOf\":{\"@id\":\"https:\\\/\\\/anoticiaonline.com.br\\\/site\\\/#website\"},\"breadcrumb\":{\"@id\":\"https:\\\/\\\/anoticiaonline.com.br\\\/site\\\/corpo-de-bombeiros-abre-vaga-para-curso-de-formacao-e-reciclagem-dos-salva-vidas\\\/#breadcrumblist\"},\"author\":{\"@id\":\"https:\\\/\\\/anoticiaonline.com.br\\\/site\\\/author\\\/juliana\\\/#author\"},\"creator\":{\"@id\":\"https:\\\/\\\/anoticiaonline.com.br\\\/site\\\/author\\\/juliana\\\/#author\"},\"image\":{\"@type\":\"ImageObject\",\"url\":\"https:\\\/\\\/anoticiaonline.com.br\\\/site\\\/wp-content\\\/uploads\\\/2016\\\/03\\\/pelot\\u00e3o-corpo-de-bombeiros.jpg\",\"@id\":\"https:\\\/\\\/anoticiaonline.com.br\\\/site\\\/corpo-de-bombeiros-abre-vaga-para-curso-de-formacao-e-reciclagem-dos-salva-vidas\\\/#mainImage\",\"width\":640,\"height\":480},\"primaryImageOfPage\":{\"@id\":\"https:\\\/\\\/anoticiaonline.com.br\\\/site\\\/corpo-de-bombeiros-abre-vaga-para-curso-de-formacao-e-reciclagem-dos-salva-vidas\\\/#mainImage\"},\"datePublished\":\"2016-03-14T14:34:42-03:00\",\"dateModified\":\"2016-03-14T14:34:42-03:00\"},{\"@type\":\"WebSite\",\"@id\":\"https:\\\/\\\/anoticiaonline.com.br\\\/site\\\/#website\",\"url\":\"https:\\\/\\\/anoticiaonline.com.br\\\/site\\\/\",\"name\":\"A Not\\u00edcia Online\",\"description\":\"Noticias de Muria\\u00e9 e regi\\u00e3o\",\"inLanguage\":\"pt-BR\",\"publisher\":{\"@id\":\"https:\\\/\\\/anoticiaonline.com.br\\\/site\\\/#organization\"}}]}\n\t\t<\/script>\n\t\t<!-- All in One SEO -->\n\n","aioseo_head_json":{"title":"Corpo de Bombeiros abre vaga para curso de forma\u00e7\u00e3o e reciclagem dos salva-vidas - A Not\u00edcia Online","description":"Com o intuito de proporcionar maior seguran\u00e7a aos banhistas frequentadores das \u00e1reas de piscina de Muria\u00e9 e regi\u00e3o, o 2\u00ba Pelot\u00e3o de Bombeiros Militar realizar\u00e1 a reciclagem e o Curso de Primeiros Socorros em Piscinas com \u00eanfase em Salvamento de Afogados\u201d. O curso \u00e9 aberto a toda a popula\u00e7\u00e3o, observadas algumas peculiaridades, considerando que o","canonical_url":"https:\/\/anoticiaonline.com.br\/site\/corpo-de-bombeiros-abre-vaga-para-curso-de-formacao-e-reciclagem-dos-salva-vidas\/","robots":"max-image-preview:large","keywords":"","webmasterTools":{"miscellaneous":""},"schema":{"@context":"https:\/\/schema.org","@graph":[{"@type":"BlogPosting","@id":"https:\/\/anoticiaonline.com.br\/site\/corpo-de-bombeiros-abre-vaga-para-curso-de-formacao-e-reciclagem-dos-salva-vidas\/#blogposting","name":"Corpo de Bombeiros abre vaga para curso de forma\u00e7\u00e3o e reciclagem dos salva-vidas - A Not\u00edcia Online","headline":"Corpo de Bombeiros abre vaga para curso de forma\u00e7\u00e3o e reciclagem dos salva-vidas","author":{"@id":"https:\/\/anoticiaonline.com.br\/site\/author\/juliana\/#author"},"publisher":{"@id":"https:\/\/anoticiaonline.com.br\/site\/#organization"},"image":{"@type":"ImageObject","url":"https:\/\/anoticiaonline.com.br\/site\/wp-content\/uploads\/2016\/03\/pelot\u00e3o-corpo-de-bombeiros.jpg","width":640,"height":480},"datePublished":"2016-03-14T14:34:42-03:00","dateModified":"2016-03-14T14:34:42-03:00","inLanguage":"pt-BR","mainEntityOfPage":{"@id":"https:\/\/anoticiaonline.com.br\/site\/corpo-de-bombeiros-abre-vaga-para-curso-de-formacao-e-reciclagem-dos-salva-vidas\/#webpage"},"isPartOf":{"@id":"https:\/\/anoticiaonline.com.br\/site\/corpo-de-bombeiros-abre-vaga-para-curso-de-formacao-e-reciclagem-dos-salva-vidas\/#webpage"},"articleSection":"Blog, slide"},{"@type":"BreadcrumbList","@id":"https:\/\/anoticiaonline.com.br\/site\/corpo-de-bombeiros-abre-vaga-para-curso-de-formacao-e-reciclagem-dos-salva-vidas\/#breadcrumblist","itemListElement":[{"@type":"ListItem","@id":"https:\/\/anoticiaonline.com.br\/site#listItem","position":1,"name":"Home","item":"https:\/\/anoticiaonline.com.br\/site","nextItem":{"@type":"ListItem","@id":"https:\/\/anoticiaonline.com.br\/site\/categoria\/muriae\/#listItem","name":"Blog"}},{"@type":"ListItem","@id":"https:\/\/anoticiaonline.com.br\/site\/categoria\/muriae\/#listItem","position":2,"name":"Blog","item":"https:\/\/anoticiaonline.com.br\/site\/categoria\/muriae\/","nextItem":{"@type":"ListItem","@id":"https:\/\/anoticiaonline.com.br\/site\/corpo-de-bombeiros-abre-vaga-para-curso-de-formacao-e-reciclagem-dos-salva-vidas\/#listItem","name":"Corpo de Bombeiros abre vaga para curso de forma\u00e7\u00e3o e reciclagem dos salva-vidas"},"previousItem":{"@type":"ListItem","@id":"https:\/\/anoticiaonline.com.br\/site#listItem","name":"Home"}},{"@type":"ListItem","@id":"https:\/\/anoticiaonline.com.br\/site\/corpo-de-bombeiros-abre-vaga-para-curso-de-formacao-e-reciclagem-dos-salva-vidas\/#listItem","position":3,"name":"Corpo de Bombeiros abre vaga para curso de forma\u00e7\u00e3o e reciclagem dos salva-vidas","previousItem":{"@type":"ListItem","@id":"https:\/\/anoticiaonline.com.br\/site\/categoria\/muriae\/#listItem","name":"Blog"}}]},{"@type":"Organization","@id":"https:\/\/anoticiaonline.com.br\/site\/#organization","name":"A Not\u00edcia Online","description":"Noticias de Muria\u00e9 e regi\u00e3o","url":"https:\/\/anoticiaonline.com.br\/site\/","logo":{"@type":"ImageObject","url":"https:\/\/scontent-gig4-1.xx.fbcdn.net\/v\/t39.30808-1\/270437624_4564083193639691_6907940295614233970_n.jpg?stp=dst-jpg_s200x200_tt6&_nc_cat=111&ccb=1-7&_nc_sid=f907e8&_nc_ohc=SM1wRlP3lJwQ7kNvwEPuBYA&_nc_oc=AdnqrjDN_BNjSSHWO-GbkIWH6fkGMLw4bqvL_NH6e2wMveX7G-rP2dAqsDSq1mJMOaY&_nc_zt=24&_nc_ht=scontent-gig4-1.xx&_nc_gid=AoBFJeGrT1hVaew_6rchkQ&oh=00_AfX7QmFGhQhG2jAllVgXCiM1ZrWgvtp80-Bfppyexh1QEg&oe=689E923C","@id":"https:\/\/anoticiaonline.com.br\/site\/corpo-de-bombeiros-abre-vaga-para-curso-de-formacao-e-reciclagem-dos-salva-vidas\/#organizationLogo"},"image":{"@id":"https:\/\/anoticiaonline.com.br\/site\/corpo-de-bombeiros-abre-vaga-para-curso-de-formacao-e-reciclagem-dos-salva-vidas\/#organizationLogo"}},{"@type":"Person","@id":"https:\/\/anoticiaonline.com.br\/site\/author\/juliana\/#author","url":"https:\/\/anoticiaonline.com.br\/site\/author\/juliana\/","name":"Juliana Laviola","image":{"@type":"ImageObject","@id":"https:\/\/anoticiaonline.com.br\/site\/corpo-de-bombeiros-abre-vaga-para-curso-de-formacao-e-reciclagem-dos-salva-vidas\/#authorImage","url":"https:\/\/secure.gravatar.com\/avatar\/b8d45f5c699b100dfaf0e543582f38f38bf94cb7ae3a5e9abf8d891a34773335?s=96&d=mm&r=g","width":96,"height":96,"caption":"Juliana Laviola"}},{"@type":"WebPage","@id":"https:\/\/anoticiaonline.com.br\/site\/corpo-de-bombeiros-abre-vaga-para-curso-de-formacao-e-reciclagem-dos-salva-vidas\/#webpage","url":"https:\/\/anoticiaonline.com.br\/site\/corpo-de-bombeiros-abre-vaga-para-curso-de-formacao-e-reciclagem-dos-salva-vidas\/","name":"Corpo de Bombeiros abre vaga para curso de forma\u00e7\u00e3o e reciclagem dos salva-vidas - A Not\u00edcia Online","description":"Com o intuito de proporcionar maior seguran\u00e7a aos banhistas frequentadores das \u00e1reas de piscina de Muria\u00e9 e regi\u00e3o, o 2\u00ba Pelot\u00e3o de Bombeiros Militar realizar\u00e1 a reciclagem e o Curso de Primeiros Socorros em Piscinas com \u00eanfase em Salvamento de Afogados\u201d. O curso \u00e9 aberto a toda a popula\u00e7\u00e3o, observadas algumas peculiaridades, considerando que o","inLanguage":"pt-BR","isPartOf":{"@id":"https:\/\/anoticiaonline.com.br\/site\/#website"},"breadcrumb":{"@id":"https:\/\/anoticiaonline.com.br\/site\/corpo-de-bombeiros-abre-vaga-para-curso-de-formacao-e-reciclagem-dos-salva-vidas\/#breadcrumblist"},"author":{"@id":"https:\/\/anoticiaonline.com.br\/site\/author\/juliana\/#author"},"creator":{"@id":"https:\/\/anoticiaonline.com.br\/site\/author\/juliana\/#author"},"image":{"@type":"ImageObject","url":"https:\/\/anoticiaonline.com.br\/site\/wp-content\/uploads\/2016\/03\/pelot\u00e3o-corpo-de-bombeiros.jpg","@id":"https:\/\/anoticiaonline.com.br\/site\/corpo-de-bombeiros-abre-vaga-para-curso-de-formacao-e-reciclagem-dos-salva-vidas\/#mainImage","width":640,"height":480},"primaryImageOfPage":{"@id":"https:\/\/anoticiaonline.com.br\/site\/corpo-de-bombeiros-abre-vaga-para-curso-de-formacao-e-reciclagem-dos-salva-vidas\/#mainImage"},"datePublished":"2016-03-14T14:34:42-03:00","dateModified":"2016-03-14T14:34:42-03:00"},{"@type":"WebSite","@id":"https:\/\/anoticiaonline.com.br\/site\/#website","url":"https:\/\/anoticiaonline.com.br\/site\/","name":"A Not\u00edcia Online","description":"Noticias de Muria\u00e9 e regi\u00e3o","inLanguage":"pt-BR","publisher":{"@id":"https:\/\/anoticiaonline.com.br\/site\/#organization"}}]},"og:locale":"pt_BR","og:site_name":"A Not\u00edcia Online - Noticias de Muria\u00e9 e regi\u00e3o","og:type":"article","og:title":"Corpo de Bombeiros abre vaga para curso de forma\u00e7\u00e3o e reciclagem dos salva-vidas - A Not\u00edcia Online","og:description":"Com o intuito de proporcionar maior seguran\u00e7a aos banhistas frequentadores das \u00e1reas de piscina de Muria\u00e9 e regi\u00e3o, o 2\u00ba Pelot\u00e3o de Bombeiros Militar realizar\u00e1 a reciclagem e o Curso de Primeiros Socorros em Piscinas com \u00eanfase em Salvamento de Afogados\u201d. O curso \u00e9 aberto a toda a popula\u00e7\u00e3o, observadas algumas peculiaridades, considerando que o","og:url":"https:\/\/anoticiaonline.com.br\/site\/corpo-de-bombeiros-abre-vaga-para-curso-de-formacao-e-reciclagem-dos-salva-vidas\/","og:image":"https:\/\/scontent-gig4-1.xx.fbcdn.net\/v\/t39.30808-1\/270437624_4564083193639691_6907940295614233970_n.jpg?stp=dst-jpg_s200x200_tt6&#038;_nc_cat=111&#038;ccb=1-7&#038;_nc_sid=f907e8&#038;_nc_ohc=SM1wRlP3lJwQ7kNvwEPuBYA&#038;_nc_oc=AdnqrjDN_BNjSSHWO-GbkIWH6fkGMLw4bqvL_NH6e2wMveX7G-rP2dAqsDSq1mJMOaY&#038;_nc_zt=24&#038;_nc_ht=scontent-gig4-1.xx&#038;_nc_gid=AoBFJeGrT1hVaew_6rchkQ&#038;oh=00_AfX7QmFGhQhG2jAllVgXCiM1ZrWgvtp80-Bfppyexh1QEg&#038;oe=689E923C","og:image:secure_url":"https:\/\/scontent-gig4-1.xx.fbcdn.net\/v\/t39.30808-1\/270437624_4564083193639691_6907940295614233970_n.jpg?stp=dst-jpg_s200x200_tt6&#038;_nc_cat=111&#038;ccb=1-7&#038;_nc_sid=f907e8&#038;_nc_ohc=SM1wRlP3lJwQ7kNvwEPuBYA&#038;_nc_oc=AdnqrjDN_BNjSSHWO-GbkIWH6fkGMLw4bqvL_NH6e2wMveX7G-rP2dAqsDSq1mJMOaY&#038;_nc_zt=24&#038;_nc_ht=scontent-gig4-1.xx&#038;_nc_gid=AoBFJeGrT1hVaew_6rchkQ&#038;oh=00_AfX7QmFGhQhG2jAllVgXCiM1ZrWgvtp80-Bfppyexh1QEg&#038;oe=689E923C","article:published_time":"2016-03-14T17:34:42+00:00","article:modified_time":"2016-03-14T17:34:42+00:00","twitter:card":"summary_large_image","twitter:title":"Corpo de Bombeiros abre vaga para curso de forma\u00e7\u00e3o e reciclagem dos salva-vidas - A Not\u00edcia Online","twitter:description":"Com o intuito de proporcionar maior seguran\u00e7a aos banhistas frequentadores das \u00e1reas de piscina de Muria\u00e9 e regi\u00e3o, o 2\u00ba Pelot\u00e3o de Bombeiros Militar realizar\u00e1 a reciclagem e o Curso de Primeiros Socorros em Piscinas com \u00eanfase em Salvamento de Afogados\u201d. O curso \u00e9 aberto a toda a popula\u00e7\u00e3o, observadas algumas peculiaridades, considerando que o","twitter:image":"https:\/\/scontent-gig4-1.xx.fbcdn.net\/v\/t39.30808-1\/270437624_4564083193639691_6907940295614233970_n.jpg?stp=dst-jpg_s200x200_tt6&_nc_cat=111&ccb=1-7&_nc_sid=f907e8&_nc_ohc=SM1wRlP3lJwQ7kNvwEPuBYA&_nc_oc=AdnqrjDN_BNjSSHWO-GbkIWH6fkGMLw4bqvL_NH6e2wMveX7G-rP2dAqsDSq1mJMOaY&_nc_zt=24&_nc_ht=scontent-gig4-1.xx&_nc_gid=AoBFJeGrT1hVaew_6rchkQ&oh=00_AfX7QmFGhQhG2jAllVgXCiM1ZrWgvtp80-Bfppyexh1QEg&oe=689E923C"},"aioseo_meta_data":{"post_id":"10381","title":null,"description":null,"keywords":null,"keyphrases":null,"primary_term":null,"canonical_url":null,"og_title":null,"og_description":null,"og_object_type":"default","og_image_type":"default","og_image_url":null,"og_image_width":null,"og_image_height":null,"og_image_custom_url":null,"og_image_custom_fields":null,"og_video":null,"og_custom_url":null,"og_article_section":null,"og_article_tags":null,"twitter_use_og":false,"twitter_card":"default","twitter_image_type":"default","twitter_image_url":null,"twitter_image_custom_url":null,"twitter_image_custom_fields":null,"twitter_title":null,"twitter_description":null,"schema":{"blockGraphs":[],"customGraphs":[],"default":{"data":{"Article":[],"Course":[],"Dataset":[],"FAQPage":[],"Movie":[],"Person":[],"Product":[],"ProductReview":[],"Car":[],"Recipe":[],"Service":[],"SoftwareApplication":[],"WebPage":[]},"graphName":"","isEnabled":true},"graphs":[]},"schema_type":"default","schema_type_options":null,"pillar_content":false,"robots_default":true,"robots_noindex":false,"robots_noarchive":false,"robots_nosnippet":false,"robots_nofollow":false,"robots_noimageindex":false,"robots_noodp":false,"robots_notranslate":false,"robots_max_snippet":null,"robots_max_videopreview":null,"robots_max_imagepreview":"large","priority":null,"frequency":null,"local_seo":null,"breadcrumb_settings":null,"limit_modified_date":false,"ai":null,"created":"2025-08-16 15:33:42","updated":"2025-08-16 15:33:42","focus_keyword":null,"additional_keywords":null,"truseo_locale":null,"seo_analyzer_scan_date":null},"aioseo_breadcrumb":"<div class=\"aioseo-breadcrumbs\"><span class=\"aioseo-breadcrumb\">\n\t\t\t<a href=\"https:\/\/anoticiaonline.com.br\/site\" title=\"Home\">Home<\/a>\n\t\t<\/span><span class=\"aioseo-breadcrumb-separator\">&raquo;<\/span><span class=\"aioseo-breadcrumb\">\n\t\t\t<a href=\"https:\/\/anoticiaonline.com.br\/site\/categoria\/muriae\/\" title=\"Blog\">Blog<\/a>\n\t\t<\/span><span class=\"aioseo-breadcrumb-separator\">&raquo;<\/span><span class=\"aioseo-breadcrumb\">\n\t\t\tCorpo de Bombeiros abre vaga para curso de forma\u00e7\u00e3o e reciclagem dos salva-vidas\n\t\t<\/span><\/div>","aioseo_breadcrumb_json":[{"label":"Home","link":"https:\/\/anoticiaonline.com.br\/site"},{"label":"Blog","link":"https:\/\/anoticiaonline.com.br\/site\/categoria\/muriae\/"},{"label":"Corpo de Bombeiros abre vaga para curso de forma\u00e7\u00e3o e reciclagem dos salva-vidas","link":"https:\/\/anoticiaonline.com.br\/site\/corpo-de-bombeiros-abre-vaga-para-curso-de-formacao-e-reciclagem-dos-salva-vidas\/"}],"views":128,"_links":{"self":[{"href":"https:\/\/anoticiaonline.com.br\/site\/wp-json\/wp\/v2\/posts\/10381","targetHints":{"allow":["GET"]}}],"collection":[{"href":"https:\/\/anoticiaonline.com.br\/site\/wp-json\/wp\/v2\/posts"}],"about":[{"href":"https:\/\/anoticiaonline.com.br\/site\/wp-json\/wp\/v2\/types\/post"}],"author":[{"embeddable":true,"href":"https:\/\/anoticiaonline.com.br\/site\/wp-json\/wp\/v2\/users\/2"}],"replies":[{"embeddable":true,"href":"https:\/\/anoticiaonline.com.br\/site\/wp-json\/wp\/v2\/comments?post=10381"}],"version-history":[{"count":0,"href":"https:\/\/anoticiaonline.com.br\/site\/wp-json\/wp\/v2\/posts\/10381\/revisions"}],"wp:featuredmedia":[{"embeddable":true,"href":"https:\/\/anoticiaonline.com.br\/site\/wp-json\/wp\/v2\/media\/10382"}],"wp:attachment":[{"href":"https:\/\/anoticiaonline.com.br\/site\/wp-json\/wp\/v2\/media?parent=10381"}],"wp:term":[{"taxonomy":"category","embeddable":true,"href":"https:\/\/anoticiaonline.com.br\/site\/wp-json\/wp\/v2\/categories?post=10381"},{"taxonomy":"post_tag","embeddable":true,"href":"https:\/\/anoticiaonline.com.br\/site\/wp-json\/wp\/v2\/tags?post=10381"}],"curies":[{"name":"wp","href":"https:\/\/api.w.org\/{rel}","templated":true}]}}