{"id":10373,"date":"2016-03-14T09:46:48","date_gmt":"2016-03-14T12:46:48","guid":{"rendered":"http:\/\/anoticiaonline.com.br\/site\/?p=10373"},"modified":"2016-03-14T09:46:48","modified_gmt":"2016-03-14T12:46:48","slug":"jovem-talento-muriaeense-e-destaque-na-capital-mineira","status":"publish","type":"post","link":"https:\/\/anoticiaonline.com.br\/site\/jovem-talento-muriaeense-e-destaque-na-capital-mineira\/","title":{"rendered":"Jovem talento muriaeense \u00e9 destaque na capital mineira"},"content":{"rendered":"<figure id=\"attachment_10374\" aria-describedby=\"caption-attachment-10374\" style=\"width: 290px\" class=\"wp-caption alignleft\"><a href=\"https:\/\/anoticiaonline.com.br\/site\/wp-content\/uploads\/2016\/03\/2.jpg\"><img fetchpriority=\"high\" decoding=\"async\" class=\"size-medium wp-image-10374\" src=\"https:\/\/anoticiaonline.com.br\/site\/wp-content\/uploads\/2016\/03\/2-300x225.jpg\" alt=\"Walleyson com os professores do Ballet de Cuba\" width=\"300\" height=\"225\" srcset=\"https:\/\/anoticiaonline.com.br\/site\/wp-content\/uploads\/2016\/03\/2-300x225.jpg 300w, https:\/\/anoticiaonline.com.br\/site\/wp-content\/uploads\/2016\/03\/2.jpg 640w\" sizes=\"(max-width: 300px) 100vw, 300px\" \/><\/a><figcaption id=\"caption-attachment-10374\" class=\"wp-caption-text\">Walleyson com os professores do Ballet de Cuba<\/figcaption><\/figure>\n<p>O jovem bailarino muriaeense e ex-aluno da Escola Municipal de Dan\u00e7a Jorge Rodrigues Barroca, Walleyson Malaquias, atual integrante do GED \u2013 Grupo Experimental de Dan\u00e7a da ONG Corpo Cidad\u00e3o, em Belo Horizonte, inicia o ano de 2016 com novas experi\u00eancias e conquistas.<\/p>\n<p>De 10 a 24 de janeiro, participou do Curso Intensivo de Dan\u00e7a 2016 \u2013 Ballet M\u00e9todo Cubano, na \u201cCorpo Escola de Dan\u00e7a\u201d, com Reynaldo Mu\u00f1iz, Danielle Pavam, Roberto Rosa. No mesmo m\u00eas, participou da audi\u00e7\u00e3o oficial Brasil para a Joffrey Ballet School Summer Intensive 2016, de Nova Iorque.<\/p>\n<figure id=\"attachment_10375\" aria-describedby=\"caption-attachment-10375\" style=\"width: 290px\" class=\"wp-caption alignleft\"><a href=\"https:\/\/anoticiaonline.com.br\/site\/wp-content\/uploads\/2016\/03\/1.jpg\"><img decoding=\"async\" class=\"size-medium wp-image-10375\" src=\"https:\/\/anoticiaonline.com.br\/site\/wp-content\/uploads\/2016\/03\/1-300x225.jpg\" alt=\"Walleyson com Daniele Pavam (Corpo Cidad\u00e3o)\" width=\"300\" height=\"225\" srcset=\"https:\/\/anoticiaonline.com.br\/site\/wp-content\/uploads\/2016\/03\/1-300x225.jpg 300w, https:\/\/anoticiaonline.com.br\/site\/wp-content\/uploads\/2016\/03\/1.jpg 640w\" sizes=\"(max-width: 300px) 100vw, 300px\" \/><\/a><figcaption id=\"caption-attachment-10375\" class=\"wp-caption-text\">Walleyson com Daniele Pavam (Corpo Cidad\u00e3o)<\/figcaption><\/figure>\n<p>Entre 1.235 candidatos participantes da audi\u00e7\u00e3o, realizadas em Belo Horizonte, S\u00e3o Paulo, Bogot\u00e1 e nos EUA, Walleyson ficou entre os 25 candidatos selecionados para o n\u00edvel \u201cElite\u201d de jazz e entre os 21 do n\u00edvel \u201cAvan\u00e7ado\u201d de bal\u00e9 cl\u00e1ssico.<\/p>\n<p>A Prefeitura de Muria\u00e9 e a Fundarte continuam a investir na forma\u00e7\u00e3o de Walleyson que, no m\u00eas de fevereiro, ingressou no Curso Profissionalizante de Dan\u00e7a do Centro de Forma\u00e7\u00e3o Art\u00edstica e Tecnol\u00f3gica \u2013 CEFART da Funda\u00e7\u00e3o Cl\u00f3vis Salgado, no Pal\u00e1cio das Artes de Belo Horizonte. Walleyson tamb\u00e9m faz parte do Grupo de Forma\u00e7\u00e3o do C\u00edrculo da Dan\u00e7a, dirigido por Miriam Tomich, al\u00e9m de fazer aulas de jazz no Studio de Dan\u00e7a It, com o Igor Pitangui.<\/p>\n","protected":false},"excerpt":{"rendered":"<p>O jovem bailarino muriaeense e ex-aluno da Escola Municipal de Dan\u00e7a Jorge Rodrigues Barroca, Walleyson Malaquias, atual integrante do GED \u2013 Grupo Experimental de Dan\u00e7a da ONG Corpo Cidad\u00e3o, em Belo Horizonte, inicia o ano de 2016 com novas experi\u00eancias e conquistas. De 10 a 24 de janeiro, participou do Curso Intensivo de Dan\u00e7a 2016 &#8230; <a title=\"Jovem talento muriaeense \u00e9 destaque na capital mineira\" class=\"read-more\" href=\"https:\/\/anoticiaonline.com.br\/site\/jovem-talento-muriaeense-e-destaque-na-capital-mineira\/\" aria-label=\"Read more about Jovem talento muriaeense \u00e9 destaque na capital mineira\">Ler mais<\/a><\/p>\n","protected":false},"author":2,"featured_media":10374,"comment_status":"open","ping_status":"open","sticky":false,"template":"","format":"standard","meta":{"_acf_changed":false,"_monsterinsights_skip_tracking":false,"footnotes":""},"categories":[19],"tags":[3],"class_list":["post-10373","post","type-post","status-publish","format-standard","has-post-thumbnail","hentry","category-cultura","tag-slide"],"acf":[],"aioseo_notices":[],"aioseo_head":"\n\t\t<!-- All in One SEO 5.0.0.1 - aioseo.com -->\n\t<meta name=\"description\" content=\"O jovem bailarino muriaeense e ex-aluno da Escola Municipal de Dan\u00e7a Jorge Rodrigues Barroca, Walleyson Malaquias, atual integrante do GED \u2013 Grupo Experimental de Dan\u00e7a da ONG Corpo Cidad\u00e3o, em Belo Horizonte, inicia o ano de 2016 com novas experi\u00eancias e conquistas. De 10 a 24 de janeiro, participou do Curso Intensivo de Dan\u00e7a 2016\" \/>\n\t<meta name=\"robots\" content=\"max-image-preview:large\" \/>\n\t<meta name=\"author\" content=\"Juliana Laviola\"\/>\n\t<link rel=\"canonical\" href=\"https:\/\/anoticiaonline.com.br\/site\/jovem-talento-muriaeense-e-destaque-na-capital-mineira\/\" \/>\n\t<meta name=\"generator\" content=\"All in One SEO (AIOSEO) 5.0.0.1\" \/>\n\t\t<meta property=\"og:locale\" content=\"pt_BR\" \/>\n\t\t<meta property=\"og:site_name\" content=\"A Not\u00edcia Online - Noticias de Muria\u00e9 e regi\u00e3o\" \/>\n\t\t<meta property=\"og:type\" content=\"article\" \/>\n\t\t<meta property=\"og:title\" content=\"Jovem talento muriaeense \u00e9 destaque na capital mineira - A Not\u00edcia Online\" \/>\n\t\t<meta property=\"og:description\" content=\"O jovem bailarino muriaeense e ex-aluno da Escola Municipal de Dan\u00e7a Jorge Rodrigues Barroca, Walleyson Malaquias, atual integrante do GED \u2013 Grupo Experimental de Dan\u00e7a da ONG Corpo Cidad\u00e3o, em Belo Horizonte, inicia o ano de 2016 com novas experi\u00eancias e conquistas. De 10 a 24 de janeiro, participou do Curso Intensivo de Dan\u00e7a 2016\" \/>\n\t\t<meta property=\"og:url\" content=\"https:\/\/anoticiaonline.com.br\/site\/jovem-talento-muriaeense-e-destaque-na-capital-mineira\/\" \/>\n\t\t<meta property=\"og:image\" content=\"https:\/\/scontent-gig4-1.xx.fbcdn.net\/v\/t39.30808-1\/270437624_4564083193639691_6907940295614233970_n.jpg?stp=dst-jpg_s200x200_tt6&#038;_nc_cat=111&#038;ccb=1-7&#038;_nc_sid=f907e8&#038;_nc_ohc=SM1wRlP3lJwQ7kNvwEPuBYA&#038;_nc_oc=AdnqrjDN_BNjSSHWO-GbkIWH6fkGMLw4bqvL_NH6e2wMveX7G-rP2dAqsDSq1mJMOaY&#038;_nc_zt=24&#038;_nc_ht=scontent-gig4-1.xx&#038;_nc_gid=AoBFJeGrT1hVaew_6rchkQ&#038;oh=00_AfX7QmFGhQhG2jAllVgXCiM1ZrWgvtp80-Bfppyexh1QEg&#038;oe=689E923C\" \/>\n\t\t<meta property=\"og:image:secure_url\" content=\"https:\/\/scontent-gig4-1.xx.fbcdn.net\/v\/t39.30808-1\/270437624_4564083193639691_6907940295614233970_n.jpg?stp=dst-jpg_s200x200_tt6&#038;_nc_cat=111&#038;ccb=1-7&#038;_nc_sid=f907e8&#038;_nc_ohc=SM1wRlP3lJwQ7kNvwEPuBYA&#038;_nc_oc=AdnqrjDN_BNjSSHWO-GbkIWH6fkGMLw4bqvL_NH6e2wMveX7G-rP2dAqsDSq1mJMOaY&#038;_nc_zt=24&#038;_nc_ht=scontent-gig4-1.xx&#038;_nc_gid=AoBFJeGrT1hVaew_6rchkQ&#038;oh=00_AfX7QmFGhQhG2jAllVgXCiM1ZrWgvtp80-Bfppyexh1QEg&#038;oe=689E923C\" \/>\n\t\t<meta property=\"article:published_time\" content=\"2016-03-14T12:46:48+00:00\" \/>\n\t\t<meta property=\"article:modified_time\" content=\"2016-03-14T12:46:48+00:00\" \/>\n\t\t<meta name=\"twitter:card\" content=\"summary_large_image\" \/>\n\t\t<meta name=\"twitter:title\" content=\"Jovem talento muriaeense \u00e9 destaque na capital mineira - A Not\u00edcia Online\" \/>\n\t\t<meta name=\"twitter:description\" content=\"O jovem bailarino muriaeense e ex-aluno da Escola Municipal de Dan\u00e7a Jorge Rodrigues Barroca, Walleyson Malaquias, atual integrante do GED \u2013 Grupo Experimental de Dan\u00e7a da ONG Corpo Cidad\u00e3o, em Belo Horizonte, inicia o ano de 2016 com novas experi\u00eancias e conquistas. De 10 a 24 de janeiro, participou do Curso Intensivo de Dan\u00e7a 2016\" \/>\n\t\t<meta name=\"twitter:image\" content=\"https:\/\/scontent-gig4-1.xx.fbcdn.net\/v\/t39.30808-1\/270437624_4564083193639691_6907940295614233970_n.jpg?stp=dst-jpg_s200x200_tt6&amp;_nc_cat=111&amp;ccb=1-7&amp;_nc_sid=f907e8&amp;_nc_ohc=SM1wRlP3lJwQ7kNvwEPuBYA&amp;_nc_oc=AdnqrjDN_BNjSSHWO-GbkIWH6fkGMLw4bqvL_NH6e2wMveX7G-rP2dAqsDSq1mJMOaY&amp;_nc_zt=24&amp;_nc_ht=scontent-gig4-1.xx&amp;_nc_gid=AoBFJeGrT1hVaew_6rchkQ&amp;oh=00_AfX7QmFGhQhG2jAllVgXCiM1ZrWgvtp80-Bfppyexh1QEg&amp;oe=689E923C\" \/>\n\t\t<script type=\"application\/ld+json\" class=\"aioseo-schema\">\n\t\t\t{\"@context\":\"https:\\\/\\\/schema.org\",\"@graph\":[{\"@type\":\"BlogPosting\",\"@id\":\"https:\\\/\\\/anoticiaonline.com.br\\\/site\\\/jovem-talento-muriaeense-e-destaque-na-capital-mineira\\\/#blogposting\",\"name\":\"Jovem talento muriaeense \\u00e9 destaque na capital mineira - A Not\\u00edcia Online\",\"headline\":\"Jovem talento muriaeense \\u00e9 destaque na capital mineira\",\"author\":{\"@id\":\"https:\\\/\\\/anoticiaonline.com.br\\\/site\\\/author\\\/juliana\\\/#author\"},\"publisher\":{\"@id\":\"https:\\\/\\\/anoticiaonline.com.br\\\/site\\\/#organization\"},\"image\":{\"@type\":\"ImageObject\",\"url\":\"https:\\\/\\\/anoticiaonline.com.br\\\/site\\\/wp-content\\\/uploads\\\/2016\\\/03\\\/2.jpg\",\"width\":640,\"height\":480,\"caption\":\"Walleyson com os professores do Ballet de Cuba\"},\"datePublished\":\"2016-03-14T09:46:48-03:00\",\"dateModified\":\"2016-03-14T09:46:48-03:00\",\"inLanguage\":\"pt-BR\",\"mainEntityOfPage\":{\"@id\":\"https:\\\/\\\/anoticiaonline.com.br\\\/site\\\/jovem-talento-muriaeense-e-destaque-na-capital-mineira\\\/#webpage\"},\"isPartOf\":{\"@id\":\"https:\\\/\\\/anoticiaonline.com.br\\\/site\\\/jovem-talento-muriaeense-e-destaque-na-capital-mineira\\\/#webpage\"},\"articleSection\":\"Cultura, slide\"},{\"@type\":\"BreadcrumbList\",\"@id\":\"https:\\\/\\\/anoticiaonline.com.br\\\/site\\\/jovem-talento-muriaeense-e-destaque-na-capital-mineira\\\/#breadcrumblist\",\"itemListElement\":[{\"@type\":\"ListItem\",\"@id\":\"https:\\\/\\\/anoticiaonline.com.br\\\/site#listItem\",\"position\":1,\"name\":\"Home\",\"item\":\"https:\\\/\\\/anoticiaonline.com.br\\\/site\",\"nextItem\":{\"@type\":\"ListItem\",\"@id\":\"https:\\\/\\\/anoticiaonline.com.br\\\/site\\\/categoria\\\/muriae\\\/#listItem\",\"name\":\"Blog\"}},{\"@type\":\"ListItem\",\"@id\":\"https:\\\/\\\/anoticiaonline.com.br\\\/site\\\/categoria\\\/muriae\\\/#listItem\",\"position\":2,\"name\":\"Blog\",\"item\":\"https:\\\/\\\/anoticiaonline.com.br\\\/site\\\/categoria\\\/muriae\\\/\",\"nextItem\":{\"@type\":\"ListItem\",\"@id\":\"https:\\\/\\\/anoticiaonline.com.br\\\/site\\\/categoria\\\/muriae\\\/cultura\\\/#listItem\",\"name\":\"Cultura\"},\"previousItem\":{\"@type\":\"ListItem\",\"@id\":\"https:\\\/\\\/anoticiaonline.com.br\\\/site#listItem\",\"name\":\"Home\"}},{\"@type\":\"ListItem\",\"@id\":\"https:\\\/\\\/anoticiaonline.com.br\\\/site\\\/categoria\\\/muriae\\\/cultura\\\/#listItem\",\"position\":3,\"name\":\"Cultura\",\"item\":\"https:\\\/\\\/anoticiaonline.com.br\\\/site\\\/categoria\\\/muriae\\\/cultura\\\/\",\"nextItem\":{\"@type\":\"ListItem\",\"@id\":\"https:\\\/\\\/anoticiaonline.com.br\\\/site\\\/jovem-talento-muriaeense-e-destaque-na-capital-mineira\\\/#listItem\",\"name\":\"Jovem talento muriaeense \\u00e9 destaque na capital mineira\"},\"previousItem\":{\"@type\":\"ListItem\",\"@id\":\"https:\\\/\\\/anoticiaonline.com.br\\\/site\\\/categoria\\\/muriae\\\/#listItem\",\"name\":\"Blog\"}},{\"@type\":\"ListItem\",\"@id\":\"https:\\\/\\\/anoticiaonline.com.br\\\/site\\\/jovem-talento-muriaeense-e-destaque-na-capital-mineira\\\/#listItem\",\"position\":4,\"name\":\"Jovem talento muriaeense \\u00e9 destaque na capital mineira\",\"previousItem\":{\"@type\":\"ListItem\",\"@id\":\"https:\\\/\\\/anoticiaonline.com.br\\\/site\\\/categoria\\\/muriae\\\/cultura\\\/#listItem\",\"name\":\"Cultura\"}}]},{\"@type\":\"Organization\",\"@id\":\"https:\\\/\\\/anoticiaonline.com.br\\\/site\\\/#organization\",\"name\":\"A Not\\u00edcia Online\",\"description\":\"Noticias de Muria\\u00e9 e regi\\u00e3o\",\"url\":\"https:\\\/\\\/anoticiaonline.com.br\\\/site\\\/\",\"logo\":{\"@type\":\"ImageObject\",\"url\":\"https:\\\/\\\/scontent-gig4-1.xx.fbcdn.net\\\/v\\\/t39.30808-1\\\/270437624_4564083193639691_6907940295614233970_n.jpg?stp=dst-jpg_s200x200_tt6&_nc_cat=111&ccb=1-7&_nc_sid=f907e8&_nc_ohc=SM1wRlP3lJwQ7kNvwEPuBYA&_nc_oc=AdnqrjDN_BNjSSHWO-GbkIWH6fkGMLw4bqvL_NH6e2wMveX7G-rP2dAqsDSq1mJMOaY&_nc_zt=24&_nc_ht=scontent-gig4-1.xx&_nc_gid=AoBFJeGrT1hVaew_6rchkQ&oh=00_AfX7QmFGhQhG2jAllVgXCiM1ZrWgvtp80-Bfppyexh1QEg&oe=689E923C\",\"@id\":\"https:\\\/\\\/anoticiaonline.com.br\\\/site\\\/jovem-talento-muriaeense-e-destaque-na-capital-mineira\\\/#organizationLogo\"},\"image\":{\"@id\":\"https:\\\/\\\/anoticiaonline.com.br\\\/site\\\/jovem-talento-muriaeense-e-destaque-na-capital-mineira\\\/#organizationLogo\"}},{\"@type\":\"Person\",\"@id\":\"https:\\\/\\\/anoticiaonline.com.br\\\/site\\\/author\\\/juliana\\\/#author\",\"url\":\"https:\\\/\\\/anoticiaonline.com.br\\\/site\\\/author\\\/juliana\\\/\",\"name\":\"Juliana Laviola\",\"image\":{\"@type\":\"ImageObject\",\"@id\":\"https:\\\/\\\/anoticiaonline.com.br\\\/site\\\/jovem-talento-muriaeense-e-destaque-na-capital-mineira\\\/#authorImage\",\"url\":\"https:\\\/\\\/secure.gravatar.com\\\/avatar\\\/b8d45f5c699b100dfaf0e543582f38f38bf94cb7ae3a5e9abf8d891a34773335?s=96&d=mm&r=g\",\"width\":96,\"height\":96,\"caption\":\"Juliana Laviola\"}},{\"@type\":\"WebPage\",\"@id\":\"https:\\\/\\\/anoticiaonline.com.br\\\/site\\\/jovem-talento-muriaeense-e-destaque-na-capital-mineira\\\/#webpage\",\"url\":\"https:\\\/\\\/anoticiaonline.com.br\\\/site\\\/jovem-talento-muriaeense-e-destaque-na-capital-mineira\\\/\",\"name\":\"Jovem talento muriaeense \\u00e9 destaque na capital mineira - A Not\\u00edcia Online\",\"description\":\"O jovem bailarino muriaeense e ex-aluno da Escola Municipal de Dan\\u00e7a Jorge Rodrigues Barroca, Walleyson Malaquias, atual integrante do GED \\u2013 Grupo Experimental de Dan\\u00e7a da ONG Corpo Cidad\\u00e3o, em Belo Horizonte, inicia o ano de 2016 com novas experi\\u00eancias e conquistas. De 10 a 24 de janeiro, participou do Curso Intensivo de Dan\\u00e7a 2016\",\"inLanguage\":\"pt-BR\",\"isPartOf\":{\"@id\":\"https:\\\/\\\/anoticiaonline.com.br\\\/site\\\/#website\"},\"breadcrumb\":{\"@id\":\"https:\\\/\\\/anoticiaonline.com.br\\\/site\\\/jovem-talento-muriaeense-e-destaque-na-capital-mineira\\\/#breadcrumblist\"},\"author\":{\"@id\":\"https:\\\/\\\/anoticiaonline.com.br\\\/site\\\/author\\\/juliana\\\/#author\"},\"creator\":{\"@id\":\"https:\\\/\\\/anoticiaonline.com.br\\\/site\\\/author\\\/juliana\\\/#author\"},\"image\":{\"@type\":\"ImageObject\",\"url\":\"https:\\\/\\\/anoticiaonline.com.br\\\/site\\\/wp-content\\\/uploads\\\/2016\\\/03\\\/2.jpg\",\"@id\":\"https:\\\/\\\/anoticiaonline.com.br\\\/site\\\/jovem-talento-muriaeense-e-destaque-na-capital-mineira\\\/#mainImage\",\"width\":640,\"height\":480,\"caption\":\"Walleyson com os professores do Ballet de Cuba\"},\"primaryImageOfPage\":{\"@id\":\"https:\\\/\\\/anoticiaonline.com.br\\\/site\\\/jovem-talento-muriaeense-e-destaque-na-capital-mineira\\\/#mainImage\"},\"datePublished\":\"2016-03-14T09:46:48-03:00\",\"dateModified\":\"2016-03-14T09:46:48-03:00\"},{\"@type\":\"WebSite\",\"@id\":\"https:\\\/\\\/anoticiaonline.com.br\\\/site\\\/#website\",\"url\":\"https:\\\/\\\/anoticiaonline.com.br\\\/site\\\/\",\"name\":\"A Not\\u00edcia Online\",\"description\":\"Noticias de Muria\\u00e9 e regi\\u00e3o\",\"inLanguage\":\"pt-BR\",\"publisher\":{\"@id\":\"https:\\\/\\\/anoticiaonline.com.br\\\/site\\\/#organization\"}}]}\n\t\t<\/script>\n\t\t<!-- All in One SEO -->\n\n","aioseo_head_json":{"title":"Jovem talento muriaeense \u00e9 destaque na capital mineira - A Not\u00edcia Online","description":"O jovem bailarino muriaeense e ex-aluno da Escola Municipal de Dan\u00e7a Jorge Rodrigues Barroca, Walleyson Malaquias, atual integrante do GED \u2013 Grupo Experimental de Dan\u00e7a da ONG Corpo Cidad\u00e3o, em Belo Horizonte, inicia o ano de 2016 com novas experi\u00eancias e conquistas. De 10 a 24 de janeiro, participou do Curso Intensivo de Dan\u00e7a 2016","canonical_url":"https:\/\/anoticiaonline.com.br\/site\/jovem-talento-muriaeense-e-destaque-na-capital-mineira\/","robots":"max-image-preview:large","keywords":"","webmasterTools":{"miscellaneous":""},"schema":{"@context":"https:\/\/schema.org","@graph":[{"@type":"BlogPosting","@id":"https:\/\/anoticiaonline.com.br\/site\/jovem-talento-muriaeense-e-destaque-na-capital-mineira\/#blogposting","name":"Jovem talento muriaeense \u00e9 destaque na capital mineira - A Not\u00edcia Online","headline":"Jovem talento muriaeense \u00e9 destaque na capital mineira","author":{"@id":"https:\/\/anoticiaonline.com.br\/site\/author\/juliana\/#author"},"publisher":{"@id":"https:\/\/anoticiaonline.com.br\/site\/#organization"},"image":{"@type":"ImageObject","url":"https:\/\/anoticiaonline.com.br\/site\/wp-content\/uploads\/2016\/03\/2.jpg","width":640,"height":480,"caption":"Walleyson com os professores do Ballet de Cuba"},"datePublished":"2016-03-14T09:46:48-03:00","dateModified":"2016-03-14T09:46:48-03:00","inLanguage":"pt-BR","mainEntityOfPage":{"@id":"https:\/\/anoticiaonline.com.br\/site\/jovem-talento-muriaeense-e-destaque-na-capital-mineira\/#webpage"},"isPartOf":{"@id":"https:\/\/anoticiaonline.com.br\/site\/jovem-talento-muriaeense-e-destaque-na-capital-mineira\/#webpage"},"articleSection":"Cultura, slide"},{"@type":"BreadcrumbList","@id":"https:\/\/anoticiaonline.com.br\/site\/jovem-talento-muriaeense-e-destaque-na-capital-mineira\/#breadcrumblist","itemListElement":[{"@type":"ListItem","@id":"https:\/\/anoticiaonline.com.br\/site#listItem","position":1,"name":"Home","item":"https:\/\/anoticiaonline.com.br\/site","nextItem":{"@type":"ListItem","@id":"https:\/\/anoticiaonline.com.br\/site\/categoria\/muriae\/#listItem","name":"Blog"}},{"@type":"ListItem","@id":"https:\/\/anoticiaonline.com.br\/site\/categoria\/muriae\/#listItem","position":2,"name":"Blog","item":"https:\/\/anoticiaonline.com.br\/site\/categoria\/muriae\/","nextItem":{"@type":"ListItem","@id":"https:\/\/anoticiaonline.com.br\/site\/categoria\/muriae\/cultura\/#listItem","name":"Cultura"},"previousItem":{"@type":"ListItem","@id":"https:\/\/anoticiaonline.com.br\/site#listItem","name":"Home"}},{"@type":"ListItem","@id":"https:\/\/anoticiaonline.com.br\/site\/categoria\/muriae\/cultura\/#listItem","position":3,"name":"Cultura","item":"https:\/\/anoticiaonline.com.br\/site\/categoria\/muriae\/cultura\/","nextItem":{"@type":"ListItem","@id":"https:\/\/anoticiaonline.com.br\/site\/jovem-talento-muriaeense-e-destaque-na-capital-mineira\/#listItem","name":"Jovem talento muriaeense \u00e9 destaque na capital mineira"},"previousItem":{"@type":"ListItem","@id":"https:\/\/anoticiaonline.com.br\/site\/categoria\/muriae\/#listItem","name":"Blog"}},{"@type":"ListItem","@id":"https:\/\/anoticiaonline.com.br\/site\/jovem-talento-muriaeense-e-destaque-na-capital-mineira\/#listItem","position":4,"name":"Jovem talento muriaeense \u00e9 destaque na capital mineira","previousItem":{"@type":"ListItem","@id":"https:\/\/anoticiaonline.com.br\/site\/categoria\/muriae\/cultura\/#listItem","name":"Cultura"}}]},{"@type":"Organization","@id":"https:\/\/anoticiaonline.com.br\/site\/#organization","name":"A Not\u00edcia Online","description":"Noticias de Muria\u00e9 e regi\u00e3o","url":"https:\/\/anoticiaonline.com.br\/site\/","logo":{"@type":"ImageObject","url":"https:\/\/scontent-gig4-1.xx.fbcdn.net\/v\/t39.30808-1\/270437624_4564083193639691_6907940295614233970_n.jpg?stp=dst-jpg_s200x200_tt6&_nc_cat=111&ccb=1-7&_nc_sid=f907e8&_nc_ohc=SM1wRlP3lJwQ7kNvwEPuBYA&_nc_oc=AdnqrjDN_BNjSSHWO-GbkIWH6fkGMLw4bqvL_NH6e2wMveX7G-rP2dAqsDSq1mJMOaY&_nc_zt=24&_nc_ht=scontent-gig4-1.xx&_nc_gid=AoBFJeGrT1hVaew_6rchkQ&oh=00_AfX7QmFGhQhG2jAllVgXCiM1ZrWgvtp80-Bfppyexh1QEg&oe=689E923C","@id":"https:\/\/anoticiaonline.com.br\/site\/jovem-talento-muriaeense-e-destaque-na-capital-mineira\/#organizationLogo"},"image":{"@id":"https:\/\/anoticiaonline.com.br\/site\/jovem-talento-muriaeense-e-destaque-na-capital-mineira\/#organizationLogo"}},{"@type":"Person","@id":"https:\/\/anoticiaonline.com.br\/site\/author\/juliana\/#author","url":"https:\/\/anoticiaonline.com.br\/site\/author\/juliana\/","name":"Juliana Laviola","image":{"@type":"ImageObject","@id":"https:\/\/anoticiaonline.com.br\/site\/jovem-talento-muriaeense-e-destaque-na-capital-mineira\/#authorImage","url":"https:\/\/secure.gravatar.com\/avatar\/b8d45f5c699b100dfaf0e543582f38f38bf94cb7ae3a5e9abf8d891a34773335?s=96&d=mm&r=g","width":96,"height":96,"caption":"Juliana Laviola"}},{"@type":"WebPage","@id":"https:\/\/anoticiaonline.com.br\/site\/jovem-talento-muriaeense-e-destaque-na-capital-mineira\/#webpage","url":"https:\/\/anoticiaonline.com.br\/site\/jovem-talento-muriaeense-e-destaque-na-capital-mineira\/","name":"Jovem talento muriaeense \u00e9 destaque na capital mineira - A Not\u00edcia Online","description":"O jovem bailarino muriaeense e ex-aluno da Escola Municipal de Dan\u00e7a Jorge Rodrigues Barroca, Walleyson Malaquias, atual integrante do GED \u2013 Grupo Experimental de Dan\u00e7a da ONG Corpo Cidad\u00e3o, em Belo Horizonte, inicia o ano de 2016 com novas experi\u00eancias e conquistas. De 10 a 24 de janeiro, participou do Curso Intensivo de Dan\u00e7a 2016","inLanguage":"pt-BR","isPartOf":{"@id":"https:\/\/anoticiaonline.com.br\/site\/#website"},"breadcrumb":{"@id":"https:\/\/anoticiaonline.com.br\/site\/jovem-talento-muriaeense-e-destaque-na-capital-mineira\/#breadcrumblist"},"author":{"@id":"https:\/\/anoticiaonline.com.br\/site\/author\/juliana\/#author"},"creator":{"@id":"https:\/\/anoticiaonline.com.br\/site\/author\/juliana\/#author"},"image":{"@type":"ImageObject","url":"https:\/\/anoticiaonline.com.br\/site\/wp-content\/uploads\/2016\/03\/2.jpg","@id":"https:\/\/anoticiaonline.com.br\/site\/jovem-talento-muriaeense-e-destaque-na-capital-mineira\/#mainImage","width":640,"height":480,"caption":"Walleyson com os professores do Ballet de Cuba"},"primaryImageOfPage":{"@id":"https:\/\/anoticiaonline.com.br\/site\/jovem-talento-muriaeense-e-destaque-na-capital-mineira\/#mainImage"},"datePublished":"2016-03-14T09:46:48-03:00","dateModified":"2016-03-14T09:46:48-03:00"},{"@type":"WebSite","@id":"https:\/\/anoticiaonline.com.br\/site\/#website","url":"https:\/\/anoticiaonline.com.br\/site\/","name":"A Not\u00edcia Online","description":"Noticias de Muria\u00e9 e regi\u00e3o","inLanguage":"pt-BR","publisher":{"@id":"https:\/\/anoticiaonline.com.br\/site\/#organization"}}]},"og:locale":"pt_BR","og:site_name":"A Not\u00edcia Online - Noticias de Muria\u00e9 e regi\u00e3o","og:type":"article","og:title":"Jovem talento muriaeense \u00e9 destaque na capital mineira - A Not\u00edcia Online","og:description":"O jovem bailarino muriaeense e ex-aluno da Escola Municipal de Dan\u00e7a Jorge Rodrigues Barroca, Walleyson Malaquias, atual integrante do GED \u2013 Grupo Experimental de Dan\u00e7a da ONG Corpo Cidad\u00e3o, em Belo Horizonte, inicia o ano de 2016 com novas experi\u00eancias e conquistas. De 10 a 24 de janeiro, participou do Curso Intensivo de Dan\u00e7a 2016","og:url":"https:\/\/anoticiaonline.com.br\/site\/jovem-talento-muriaeense-e-destaque-na-capital-mineira\/","og:image":"https:\/\/scontent-gig4-1.xx.fbcdn.net\/v\/t39.30808-1\/270437624_4564083193639691_6907940295614233970_n.jpg?stp=dst-jpg_s200x200_tt6&#038;_nc_cat=111&#038;ccb=1-7&#038;_nc_sid=f907e8&#038;_nc_ohc=SM1wRlP3lJwQ7kNvwEPuBYA&#038;_nc_oc=AdnqrjDN_BNjSSHWO-GbkIWH6fkGMLw4bqvL_NH6e2wMveX7G-rP2dAqsDSq1mJMOaY&#038;_nc_zt=24&#038;_nc_ht=scontent-gig4-1.xx&#038;_nc_gid=AoBFJeGrT1hVaew_6rchkQ&#038;oh=00_AfX7QmFGhQhG2jAllVgXCiM1ZrWgvtp80-Bfppyexh1QEg&#038;oe=689E923C","og:image:secure_url":"https:\/\/scontent-gig4-1.xx.fbcdn.net\/v\/t39.30808-1\/270437624_4564083193639691_6907940295614233970_n.jpg?stp=dst-jpg_s200x200_tt6&#038;_nc_cat=111&#038;ccb=1-7&#038;_nc_sid=f907e8&#038;_nc_ohc=SM1wRlP3lJwQ7kNvwEPuBYA&#038;_nc_oc=AdnqrjDN_BNjSSHWO-GbkIWH6fkGMLw4bqvL_NH6e2wMveX7G-rP2dAqsDSq1mJMOaY&#038;_nc_zt=24&#038;_nc_ht=scontent-gig4-1.xx&#038;_nc_gid=AoBFJeGrT1hVaew_6rchkQ&#038;oh=00_AfX7QmFGhQhG2jAllVgXCiM1ZrWgvtp80-Bfppyexh1QEg&#038;oe=689E923C","article:published_time":"2016-03-14T12:46:48+00:00","article:modified_time":"2016-03-14T12:46:48+00:00","twitter:card":"summary_large_image","twitter:title":"Jovem talento muriaeense \u00e9 destaque na capital mineira - A Not\u00edcia Online","twitter:description":"O jovem bailarino muriaeense e ex-aluno da Escola Municipal de Dan\u00e7a Jorge Rodrigues Barroca, Walleyson Malaquias, atual integrante do GED \u2013 Grupo Experimental de Dan\u00e7a da ONG Corpo Cidad\u00e3o, em Belo Horizonte, inicia o ano de 2016 com novas experi\u00eancias e conquistas. De 10 a 24 de janeiro, participou do Curso Intensivo de Dan\u00e7a 2016","twitter:image":"https:\/\/scontent-gig4-1.xx.fbcdn.net\/v\/t39.30808-1\/270437624_4564083193639691_6907940295614233970_n.jpg?stp=dst-jpg_s200x200_tt6&_nc_cat=111&ccb=1-7&_nc_sid=f907e8&_nc_ohc=SM1wRlP3lJwQ7kNvwEPuBYA&_nc_oc=AdnqrjDN_BNjSSHWO-GbkIWH6fkGMLw4bqvL_NH6e2wMveX7G-rP2dAqsDSq1mJMOaY&_nc_zt=24&_nc_ht=scontent-gig4-1.xx&_nc_gid=AoBFJeGrT1hVaew_6rchkQ&oh=00_AfX7QmFGhQhG2jAllVgXCiM1ZrWgvtp80-Bfppyexh1QEg&oe=689E923C"},"aioseo_meta_data":{"post_id":"10373","title":null,"description":null,"keywords":null,"keyphrases":null,"primary_term":null,"canonical_url":null,"og_title":null,"og_description":null,"og_object_type":"default","og_image_type":"default","og_image_url":null,"og_image_width":null,"og_image_height":null,"og_image_custom_url":null,"og_image_custom_fields":null,"og_video":null,"og_custom_url":null,"og_article_section":null,"og_article_tags":null,"twitter_use_og":false,"twitter_card":"default","twitter_image_type":"default","twitter_image_url":null,"twitter_image_custom_url":null,"twitter_image_custom_fields":null,"twitter_title":null,"twitter_description":null,"schema":{"blockGraphs":[],"customGraphs":[],"default":{"data":{"Article":[],"Course":[],"Dataset":[],"FAQPage":[],"Movie":[],"Person":[],"Product":[],"ProductReview":[],"Car":[],"Recipe":[],"Service":[],"SoftwareApplication":[],"WebPage":[]},"graphName":"","isEnabled":true},"graphs":[]},"schema_type":"default","schema_type_options":null,"pillar_content":false,"robots_default":true,"robots_noindex":false,"robots_noarchive":false,"robots_nosnippet":false,"robots_nofollow":false,"robots_noimageindex":false,"robots_noodp":false,"robots_notranslate":false,"robots_max_snippet":null,"robots_max_videopreview":null,"robots_max_imagepreview":"large","priority":null,"frequency":null,"local_seo":null,"breadcrumb_settings":null,"limit_modified_date":false,"ai":null,"created":"2025-08-16 15:33:42","updated":"2025-08-16 15:33:42","focus_keyword":null,"additional_keywords":null,"truseo_locale":null,"seo_analyzer_scan_date":null},"aioseo_breadcrumb":"<div class=\"aioseo-breadcrumbs\"><span class=\"aioseo-breadcrumb\">\n\t\t\t<a href=\"https:\/\/anoticiaonline.com.br\/site\" title=\"Home\">Home<\/a>\n\t\t<\/span><span class=\"aioseo-breadcrumb-separator\">&raquo;<\/span><span class=\"aioseo-breadcrumb\">\n\t\t\t<a href=\"https:\/\/anoticiaonline.com.br\/site\/categoria\/muriae\/\" title=\"Blog\">Blog<\/a>\n\t\t<\/span><span class=\"aioseo-breadcrumb-separator\">&raquo;<\/span><span class=\"aioseo-breadcrumb\">\n\t\t\t<a href=\"https:\/\/anoticiaonline.com.br\/site\/categoria\/muriae\/cultura\/\" title=\"Cultura\">Cultura<\/a>\n\t\t<\/span><span class=\"aioseo-breadcrumb-separator\">&raquo;<\/span><span class=\"aioseo-breadcrumb\">\n\t\t\tJovem talento muriaeense \u00e9 destaque na capital mineira\n\t\t<\/span><\/div>","aioseo_breadcrumb_json":[{"label":"Home","link":"https:\/\/anoticiaonline.com.br\/site"},{"label":"Blog","link":"https:\/\/anoticiaonline.com.br\/site\/categoria\/muriae\/"},{"label":"Cultura","link":"https:\/\/anoticiaonline.com.br\/site\/categoria\/muriae\/cultura\/"},{"label":"Jovem talento muriaeense \u00e9 destaque na capital mineira","link":"https:\/\/anoticiaonline.com.br\/site\/jovem-talento-muriaeense-e-destaque-na-capital-mineira\/"}],"views":158,"_links":{"self":[{"href":"https:\/\/anoticiaonline.com.br\/site\/wp-json\/wp\/v2\/posts\/10373","targetHints":{"allow":["GET"]}}],"collection":[{"href":"https:\/\/anoticiaonline.com.br\/site\/wp-json\/wp\/v2\/posts"}],"about":[{"href":"https:\/\/anoticiaonline.com.br\/site\/wp-json\/wp\/v2\/types\/post"}],"author":[{"embeddable":true,"href":"https:\/\/anoticiaonline.com.br\/site\/wp-json\/wp\/v2\/users\/2"}],"replies":[{"embeddable":true,"href":"https:\/\/anoticiaonline.com.br\/site\/wp-json\/wp\/v2\/comments?post=10373"}],"version-history":[{"count":0,"href":"https:\/\/anoticiaonline.com.br\/site\/wp-json\/wp\/v2\/posts\/10373\/revisions"}],"wp:featuredmedia":[{"embeddable":true,"href":"https:\/\/anoticiaonline.com.br\/site\/wp-json\/wp\/v2\/media\/10374"}],"wp:attachment":[{"href":"https:\/\/anoticiaonline.com.br\/site\/wp-json\/wp\/v2\/media?parent=10373"}],"wp:term":[{"taxonomy":"category","embeddable":true,"href":"https:\/\/anoticiaonline.com.br\/site\/wp-json\/wp\/v2\/categories?post=10373"},{"taxonomy":"post_tag","embeddable":true,"href":"https:\/\/anoticiaonline.com.br\/site\/wp-json\/wp\/v2\/tags?post=10373"}],"curies":[{"name":"wp","href":"https:\/\/api.w.org\/{rel}","templated":true}]}}