{"id":10314,"date":"2016-03-10T19:07:09","date_gmt":"2016-03-10T22:07:09","guid":{"rendered":"http:\/\/anoticiaonline.com.br\/site\/?p=10314"},"modified":"2016-03-10T19:07:09","modified_gmt":"2016-03-10T22:07:09","slug":"lula-a-jararaca","status":"publish","type":"post","link":"https:\/\/anoticiaonline.com.br\/site\/lula-a-jararaca\/","title":{"rendered":"Lula, a \u201cjararaca\u201d"},"content":{"rendered":"<p>Na semana passada, escrevi e foi publicado aqui neste espa\u00e7o o que eu j\u00e1 tinha dito a amigos: Lula \u00e9 o maior pol\u00edtico dentre todos esses que apareceram no Brasil nos \u00faltimos tempos. Dito, feito e confirmado na sexta-feira daquela semana. Ao escrever o texto, que seria publicado pelo jornal somente na sexta, eu n\u00e3o sabia o que iria acontecer com o ex-presidente, mas ele, sim. Ele j\u00e1 sabia. Pode ser que, talvez, n\u00e3o soubesse o dia certo, mas com certeza, ele sabia o que iria ocorrer e estava preparado para receber a Pol\u00edcia Federal.<\/p>\n<p>Saindo um pouco da linha de racioc\u00ednio, \u00e9 necess\u00e1rio explicar que o termo \u201cpol\u00edtico\u201d \u00e9 definido pelos dicion\u00e1rios como sendo \u201cpessoas que se ocupam de pol\u00edtica, diplom\u00e1tico ou astuto\u201d. J\u00e1 a grande parte do povo brasileiro, por \u00f3bvio, tem outra defini\u00e7\u00e3o para o voc\u00e1bulo. As trapa\u00e7as, as falcatruas, a malversa\u00e7\u00e3o do dinheiro p\u00fablico est\u00e3o cravadas na mem\u00f3ria do povo \u2013 espera-se que seja por um bom tempo \u2013 e, por causa disso, atrela-se qualquer a\u00e7\u00e3o pol\u00edtica e, principalmente, os pol\u00edticos, \u00e0 corrup\u00e7\u00e3o que impera no pa\u00eds.<\/p>\n<p>Uma an\u00e1lise mais acurada da vida p\u00fablica do l\u00edder petista demonstra que, um diplomata, realmente ele nunca foi. Longe disto. Por\u00e9m, quanto a ser um pol\u00edtico e ainda por cima astuto, pode-se chegar \u00e0 conclus\u00e3o de que, nestes dois casos, ele \u00e9 um expert.<\/p>\n<p>Como eu disse anteriormente, Lula j\u00e1 sabia de tudo que ia acontecer. Tanto que, segundo informa\u00e7\u00f5es, ele j\u00e1 tinha confidenciado ao ex-secret\u00e1rio presidencial, Gilberto Carvalho, que seria preso ou conduzido coercitivamente. O fato \u00e9 que ele j\u00e1 tinha sido convocado v\u00e1rias vezes pela Pol\u00edcia Federal para prestar o seu depoimento a respeito das investiga\u00e7\u00f5es que est\u00e3o sendo feitas, tendo se negado a atender \u00e0 convoca\u00e7\u00e3o. Portanto, a condu\u00e7\u00e3o coercitiva era apenas uma quest\u00e3o de tempo. Pode ter sido surpresa para qualquer um, menos para ele. O circo j\u00e1 estava armado e tudo planejado. Ele sabe que a imprensa est\u00e1 de plant\u00e3o na porta da Pol\u00edcia Federal, e que qualquer movimenta\u00e7\u00e3o acaba vazando. Astuto, estrategista e um h\u00e1bil ator da pol\u00edtica-espet\u00e1culo, fun\u00e7\u00e3o que sabe fazer muito bem sob as luzes dos holofotes, esperou pacientemente em casa pela decis\u00e3o do juiz S\u00e9rgio Moro. E mais, esperava que os policiais o algemasse. Segundo as declara\u00e7\u00f5es do delegado respons\u00e1vel pela miss\u00e3o de conduzi-lo, ele teria dito: \u201cS\u00f3<br \/>\nsaio daqui algemado\u201d. S\u00f3 que o delegado tinha ordens do juiz Moro para n\u00e3o faz\u00ea-lo.<\/p>\n<p>O resto, todos viram. Ao inv\u00e9s de ir para casa, como qualquer outro que se sente humilhado, vilipendiado na sua honra ou mesmo deprimido, ele foi para onde?\u00a0 Para a sede do Diret\u00f3rio do PT, onde todo o \u201ccirco\u201d j\u00e1 estava montado para receb\u00ea-lo. A imprensa deu o destaque necess\u00e1rio, sendo usada no seu processo de vitimiza\u00e7\u00e3o. Depois de muito tempo encolhido, comandando o espet\u00e1culo por detr\u00e1s das cortinas, aflora o astuto pol\u00edtico que sabe muito bem o que est\u00e1 fazendo. Ele sabe que a melhor defesa \u00e9 o ataque e j\u00e1 avisou que vai sair para viajar pelo Brasil. No seu discurso, planejadamente col\u00e9rico, se disse indignado, magoado e perseguido, intitulou-se como uma cobra \u201cjararaca\u201d e espalhou o veneno pelo pa\u00eds, conclamando a milit\u00e2ncia, sindicatos e at\u00e9 as \u201cmil\u00edcias\u201d petistas a reagirem.<\/p>\n<p>H\u00e1 algum tempo, ele disse: \u201cSe mexerem comigo ou com o Partido dos Trabalhadores, o St\u00e9dile \u2013 ativista social, l\u00edder do MST &#8211; p\u00f5e o seu ex\u00e9rcito na rua\u201d.\u00a0 A amea\u00e7a expl\u00edcita do ex-presidente n\u00e3o interessa \u00e0 sociedade, devido aos riscos de enfrentamentos de grupos pr\u00f3s e contras. Mas quem disse que ele est\u00e1 preocupado com a sociedade?<\/p>\n<p>Esse \u00e9 o Lula, o art\u00edfice pol\u00edtico, esperto como sempre, ou, como ele mesmo disse, a \u201cjararaca\u201d que est\u00e1 viva.<\/p>\n","protected":false},"excerpt":{"rendered":"<p>Na semana passada, escrevi e foi publicado aqui neste espa\u00e7o o que eu j\u00e1 tinha dito a amigos: Lula \u00e9 o maior pol\u00edtico dentre todos esses que apareceram no Brasil nos \u00faltimos tempos. Dito, feito e confirmado na sexta-feira daquela semana. Ao escrever o texto, que seria publicado pelo jornal somente na sexta, eu n\u00e3o &#8230; <a title=\"Lula, a \u201cjararaca\u201d\" class=\"read-more\" href=\"https:\/\/anoticiaonline.com.br\/site\/lula-a-jararaca\/\" aria-label=\"Read more about Lula, a \u201cjararaca\u201d\">Ler mais<\/a><\/p>\n","protected":false},"author":2,"featured_media":0,"comment_status":"open","ping_status":"open","sticky":false,"template":"","format":"standard","meta":{"_acf_changed":false,"_monsterinsights_skip_tracking":false,"footnotes":""},"categories":[33],"tags":[],"class_list":["post-10314","post","type-post","status-publish","format-standard","hentry","category-politica-e-atualidades-francisco-laviola"],"acf":[],"aioseo_notices":[],"aioseo_head":"\n\t\t<!-- All in One SEO 5.0.0.1 - aioseo.com -->\n\t<meta name=\"description\" content=\"Na semana passada, escrevi e foi publicado aqui neste espa\u00e7o o que eu j\u00e1 tinha dito a amigos: Lula \u00e9 o maior pol\u00edtico dentre todos esses que apareceram no Brasil nos \u00faltimos tempos. Dito, feito e confirmado na sexta-feira daquela semana. Ao escrever o texto, que seria publicado pelo jornal somente na sexta, eu n\u00e3o\" \/>\n\t<meta name=\"robots\" content=\"max-image-preview:large\" \/>\n\t<meta name=\"author\" content=\"Juliana Laviola\"\/>\n\t<link rel=\"canonical\" href=\"https:\/\/anoticiaonline.com.br\/site\/lula-a-jararaca\/\" \/>\n\t<meta name=\"generator\" content=\"All in One SEO (AIOSEO) 5.0.0.1\" \/>\n\t\t<meta property=\"og:locale\" content=\"pt_BR\" \/>\n\t\t<meta property=\"og:site_name\" content=\"A Not\u00edcia Online - Noticias de Muria\u00e9 e regi\u00e3o\" \/>\n\t\t<meta property=\"og:type\" content=\"article\" \/>\n\t\t<meta property=\"og:title\" content=\"Lula, a \u201cjararaca\u201d - A Not\u00edcia Online\" \/>\n\t\t<meta property=\"og:description\" content=\"Na semana passada, escrevi e foi publicado aqui neste espa\u00e7o o que eu j\u00e1 tinha dito a amigos: Lula \u00e9 o maior pol\u00edtico dentre todos esses que apareceram no Brasil nos \u00faltimos tempos. Dito, feito e confirmado na sexta-feira daquela semana. Ao escrever o texto, que seria publicado pelo jornal somente na sexta, eu n\u00e3o\" \/>\n\t\t<meta property=\"og:url\" content=\"https:\/\/anoticiaonline.com.br\/site\/lula-a-jararaca\/\" \/>\n\t\t<meta property=\"og:image\" content=\"https:\/\/scontent-gig4-1.xx.fbcdn.net\/v\/t39.30808-1\/270437624_4564083193639691_6907940295614233970_n.jpg?stp=dst-jpg_s200x200_tt6&#038;_nc_cat=111&#038;ccb=1-7&#038;_nc_sid=f907e8&#038;_nc_ohc=SM1wRlP3lJwQ7kNvwEPuBYA&#038;_nc_oc=AdnqrjDN_BNjSSHWO-GbkIWH6fkGMLw4bqvL_NH6e2wMveX7G-rP2dAqsDSq1mJMOaY&#038;_nc_zt=24&#038;_nc_ht=scontent-gig4-1.xx&#038;_nc_gid=AoBFJeGrT1hVaew_6rchkQ&#038;oh=00_AfX7QmFGhQhG2jAllVgXCiM1ZrWgvtp80-Bfppyexh1QEg&#038;oe=689E923C\" \/>\n\t\t<meta property=\"og:image:secure_url\" content=\"https:\/\/scontent-gig4-1.xx.fbcdn.net\/v\/t39.30808-1\/270437624_4564083193639691_6907940295614233970_n.jpg?stp=dst-jpg_s200x200_tt6&#038;_nc_cat=111&#038;ccb=1-7&#038;_nc_sid=f907e8&#038;_nc_ohc=SM1wRlP3lJwQ7kNvwEPuBYA&#038;_nc_oc=AdnqrjDN_BNjSSHWO-GbkIWH6fkGMLw4bqvL_NH6e2wMveX7G-rP2dAqsDSq1mJMOaY&#038;_nc_zt=24&#038;_nc_ht=scontent-gig4-1.xx&#038;_nc_gid=AoBFJeGrT1hVaew_6rchkQ&#038;oh=00_AfX7QmFGhQhG2jAllVgXCiM1ZrWgvtp80-Bfppyexh1QEg&#038;oe=689E923C\" \/>\n\t\t<meta property=\"article:published_time\" content=\"2016-03-10T22:07:09+00:00\" \/>\n\t\t<meta property=\"article:modified_time\" content=\"2016-03-10T22:07:09+00:00\" \/>\n\t\t<meta name=\"twitter:card\" content=\"summary_large_image\" \/>\n\t\t<meta name=\"twitter:title\" content=\"Lula, a \u201cjararaca\u201d - A Not\u00edcia Online\" \/>\n\t\t<meta name=\"twitter:description\" content=\"Na semana passada, escrevi e foi publicado aqui neste espa\u00e7o o que eu j\u00e1 tinha dito a amigos: Lula \u00e9 o maior pol\u00edtico dentre todos esses que apareceram no Brasil nos \u00faltimos tempos. Dito, feito e confirmado na sexta-feira daquela semana. Ao escrever o texto, que seria publicado pelo jornal somente na sexta, eu n\u00e3o\" \/>\n\t\t<meta name=\"twitter:image\" content=\"https:\/\/scontent-gig4-1.xx.fbcdn.net\/v\/t39.30808-1\/270437624_4564083193639691_6907940295614233970_n.jpg?stp=dst-jpg_s200x200_tt6&amp;_nc_cat=111&amp;ccb=1-7&amp;_nc_sid=f907e8&amp;_nc_ohc=SM1wRlP3lJwQ7kNvwEPuBYA&amp;_nc_oc=AdnqrjDN_BNjSSHWO-GbkIWH6fkGMLw4bqvL_NH6e2wMveX7G-rP2dAqsDSq1mJMOaY&amp;_nc_zt=24&amp;_nc_ht=scontent-gig4-1.xx&amp;_nc_gid=AoBFJeGrT1hVaew_6rchkQ&amp;oh=00_AfX7QmFGhQhG2jAllVgXCiM1ZrWgvtp80-Bfppyexh1QEg&amp;oe=689E923C\" \/>\n\t\t<script type=\"application\/ld+json\" class=\"aioseo-schema\">\n\t\t\t{\"@context\":\"https:\\\/\\\/schema.org\",\"@graph\":[{\"@type\":\"BlogPosting\",\"@id\":\"https:\\\/\\\/anoticiaonline.com.br\\\/site\\\/lula-a-jararaca\\\/#blogposting\",\"name\":\"Lula, a \\u201cjararaca\\u201d - A Not\\u00edcia Online\",\"headline\":\"Lula, a \\u201cjararaca\\u201d\",\"author\":{\"@id\":\"https:\\\/\\\/anoticiaonline.com.br\\\/site\\\/author\\\/juliana\\\/#author\"},\"publisher\":{\"@id\":\"https:\\\/\\\/anoticiaonline.com.br\\\/site\\\/#organization\"},\"image\":{\"@type\":\"ImageObject\",\"url\":\"https:\\\/\\\/scontent-gig4-1.xx.fbcdn.net\\\/v\\\/t39.30808-1\\\/270437624_4564083193639691_6907940295614233970_n.jpg?stp=dst-jpg_s200x200_tt6&_nc_cat=111&ccb=1-7&_nc_sid=f907e8&_nc_ohc=SM1wRlP3lJwQ7kNvwEPuBYA&_nc_oc=AdnqrjDN_BNjSSHWO-GbkIWH6fkGMLw4bqvL_NH6e2wMveX7G-rP2dAqsDSq1mJMOaY&_nc_zt=24&_nc_ht=scontent-gig4-1.xx&_nc_gid=AoBFJeGrT1hVaew_6rchkQ&oh=00_AfX7QmFGhQhG2jAllVgXCiM1ZrWgvtp80-Bfppyexh1QEg&oe=689E923C\",\"@id\":\"https:\\\/\\\/anoticiaonline.com.br\\\/site\\\/#articleImage\"},\"datePublished\":\"2016-03-10T19:07:09-03:00\",\"dateModified\":\"2016-03-10T19:07:09-03:00\",\"inLanguage\":\"pt-BR\",\"mainEntityOfPage\":{\"@id\":\"https:\\\/\\\/anoticiaonline.com.br\\\/site\\\/lula-a-jararaca\\\/#webpage\"},\"isPartOf\":{\"@id\":\"https:\\\/\\\/anoticiaonline.com.br\\\/site\\\/lula-a-jararaca\\\/#webpage\"},\"articleSection\":\"Pol\\u00edtica e Atualidades - Francisco Laviola\"},{\"@type\":\"BreadcrumbList\",\"@id\":\"https:\\\/\\\/anoticiaonline.com.br\\\/site\\\/lula-a-jararaca\\\/#breadcrumblist\",\"itemListElement\":[{\"@type\":\"ListItem\",\"@id\":\"https:\\\/\\\/anoticiaonline.com.br\\\/site#listItem\",\"position\":1,\"name\":\"Home\",\"item\":\"https:\\\/\\\/anoticiaonline.com.br\\\/site\",\"nextItem\":{\"@type\":\"ListItem\",\"@id\":\"https:\\\/\\\/anoticiaonline.com.br\\\/site\\\/categoria\\\/colunistas\\\/#listItem\",\"name\":\"Colunistas\"}},{\"@type\":\"ListItem\",\"@id\":\"https:\\\/\\\/anoticiaonline.com.br\\\/site\\\/categoria\\\/colunistas\\\/#listItem\",\"position\":2,\"name\":\"Colunistas\",\"item\":\"https:\\\/\\\/anoticiaonline.com.br\\\/site\\\/categoria\\\/colunistas\\\/\",\"nextItem\":{\"@type\":\"ListItem\",\"@id\":\"https:\\\/\\\/anoticiaonline.com.br\\\/site\\\/categoria\\\/colunistas\\\/politica-e-atualidades-francisco-laviola\\\/#listItem\",\"name\":\"Pol\\u00edtica e Atualidades - Francisco Laviola\"},\"previousItem\":{\"@type\":\"ListItem\",\"@id\":\"https:\\\/\\\/anoticiaonline.com.br\\\/site#listItem\",\"name\":\"Home\"}},{\"@type\":\"ListItem\",\"@id\":\"https:\\\/\\\/anoticiaonline.com.br\\\/site\\\/categoria\\\/colunistas\\\/politica-e-atualidades-francisco-laviola\\\/#listItem\",\"position\":3,\"name\":\"Pol\\u00edtica e Atualidades - Francisco Laviola\",\"item\":\"https:\\\/\\\/anoticiaonline.com.br\\\/site\\\/categoria\\\/colunistas\\\/politica-e-atualidades-francisco-laviola\\\/\",\"nextItem\":{\"@type\":\"ListItem\",\"@id\":\"https:\\\/\\\/anoticiaonline.com.br\\\/site\\\/lula-a-jararaca\\\/#listItem\",\"name\":\"Lula, a \\u201cjararaca\\u201d\"},\"previousItem\":{\"@type\":\"ListItem\",\"@id\":\"https:\\\/\\\/anoticiaonline.com.br\\\/site\\\/categoria\\\/colunistas\\\/#listItem\",\"name\":\"Colunistas\"}},{\"@type\":\"ListItem\",\"@id\":\"https:\\\/\\\/anoticiaonline.com.br\\\/site\\\/lula-a-jararaca\\\/#listItem\",\"position\":4,\"name\":\"Lula, a \\u201cjararaca\\u201d\",\"previousItem\":{\"@type\":\"ListItem\",\"@id\":\"https:\\\/\\\/anoticiaonline.com.br\\\/site\\\/categoria\\\/colunistas\\\/politica-e-atualidades-francisco-laviola\\\/#listItem\",\"name\":\"Pol\\u00edtica e Atualidades - Francisco Laviola\"}}]},{\"@type\":\"Organization\",\"@id\":\"https:\\\/\\\/anoticiaonline.com.br\\\/site\\\/#organization\",\"name\":\"A Not\\u00edcia Online\",\"description\":\"Noticias de Muria\\u00e9 e regi\\u00e3o\",\"url\":\"https:\\\/\\\/anoticiaonline.com.br\\\/site\\\/\",\"logo\":{\"@type\":\"ImageObject\",\"url\":\"https:\\\/\\\/scontent-gig4-1.xx.fbcdn.net\\\/v\\\/t39.30808-1\\\/270437624_4564083193639691_6907940295614233970_n.jpg?stp=dst-jpg_s200x200_tt6&_nc_cat=111&ccb=1-7&_nc_sid=f907e8&_nc_ohc=SM1wRlP3lJwQ7kNvwEPuBYA&_nc_oc=AdnqrjDN_BNjSSHWO-GbkIWH6fkGMLw4bqvL_NH6e2wMveX7G-rP2dAqsDSq1mJMOaY&_nc_zt=24&_nc_ht=scontent-gig4-1.xx&_nc_gid=AoBFJeGrT1hVaew_6rchkQ&oh=00_AfX7QmFGhQhG2jAllVgXCiM1ZrWgvtp80-Bfppyexh1QEg&oe=689E923C\",\"@id\":\"https:\\\/\\\/anoticiaonline.com.br\\\/site\\\/lula-a-jararaca\\\/#organizationLogo\"},\"image\":{\"@id\":\"https:\\\/\\\/anoticiaonline.com.br\\\/site\\\/lula-a-jararaca\\\/#organizationLogo\"}},{\"@type\":\"Person\",\"@id\":\"https:\\\/\\\/anoticiaonline.com.br\\\/site\\\/author\\\/juliana\\\/#author\",\"url\":\"https:\\\/\\\/anoticiaonline.com.br\\\/site\\\/author\\\/juliana\\\/\",\"name\":\"Juliana Laviola\",\"image\":{\"@type\":\"ImageObject\",\"@id\":\"https:\\\/\\\/anoticiaonline.com.br\\\/site\\\/lula-a-jararaca\\\/#authorImage\",\"url\":\"https:\\\/\\\/secure.gravatar.com\\\/avatar\\\/b8d45f5c699b100dfaf0e543582f38f38bf94cb7ae3a5e9abf8d891a34773335?s=96&d=mm&r=g\",\"width\":96,\"height\":96,\"caption\":\"Juliana Laviola\"}},{\"@type\":\"WebPage\",\"@id\":\"https:\\\/\\\/anoticiaonline.com.br\\\/site\\\/lula-a-jararaca\\\/#webpage\",\"url\":\"https:\\\/\\\/anoticiaonline.com.br\\\/site\\\/lula-a-jararaca\\\/\",\"name\":\"Lula, a \\u201cjararaca\\u201d - A Not\\u00edcia Online\",\"description\":\"Na semana passada, escrevi e foi publicado aqui neste espa\\u00e7o o que eu j\\u00e1 tinha dito a amigos: Lula \\u00e9 o maior pol\\u00edtico dentre todos esses que apareceram no Brasil nos \\u00faltimos tempos. Dito, feito e confirmado na sexta-feira daquela semana. Ao escrever o texto, que seria publicado pelo jornal somente na sexta, eu n\\u00e3o\",\"inLanguage\":\"pt-BR\",\"isPartOf\":{\"@id\":\"https:\\\/\\\/anoticiaonline.com.br\\\/site\\\/#website\"},\"breadcrumb\":{\"@id\":\"https:\\\/\\\/anoticiaonline.com.br\\\/site\\\/lula-a-jararaca\\\/#breadcrumblist\"},\"author\":{\"@id\":\"https:\\\/\\\/anoticiaonline.com.br\\\/site\\\/author\\\/juliana\\\/#author\"},\"creator\":{\"@id\":\"https:\\\/\\\/anoticiaonline.com.br\\\/site\\\/author\\\/juliana\\\/#author\"},\"datePublished\":\"2016-03-10T19:07:09-03:00\",\"dateModified\":\"2016-03-10T19:07:09-03:00\"},{\"@type\":\"WebSite\",\"@id\":\"https:\\\/\\\/anoticiaonline.com.br\\\/site\\\/#website\",\"url\":\"https:\\\/\\\/anoticiaonline.com.br\\\/site\\\/\",\"name\":\"A Not\\u00edcia Online\",\"description\":\"Noticias de Muria\\u00e9 e regi\\u00e3o\",\"inLanguage\":\"pt-BR\",\"publisher\":{\"@id\":\"https:\\\/\\\/anoticiaonline.com.br\\\/site\\\/#organization\"}}]}\n\t\t<\/script>\n\t\t<!-- All in One SEO -->\n\n","aioseo_head_json":{"title":"Lula, a \u201cjararaca\u201d - A Not\u00edcia Online","description":"Na semana passada, escrevi e foi publicado aqui neste espa\u00e7o o que eu j\u00e1 tinha dito a amigos: Lula \u00e9 o maior pol\u00edtico dentre todos esses que apareceram no Brasil nos \u00faltimos tempos. Dito, feito e confirmado na sexta-feira daquela semana. Ao escrever o texto, que seria publicado pelo jornal somente na sexta, eu n\u00e3o","canonical_url":"https:\/\/anoticiaonline.com.br\/site\/lula-a-jararaca\/","robots":"max-image-preview:large","keywords":"","webmasterTools":{"miscellaneous":""},"schema":{"@context":"https:\/\/schema.org","@graph":[{"@type":"BlogPosting","@id":"https:\/\/anoticiaonline.com.br\/site\/lula-a-jararaca\/#blogposting","name":"Lula, a \u201cjararaca\u201d - A Not\u00edcia Online","headline":"Lula, a \u201cjararaca\u201d","author":{"@id":"https:\/\/anoticiaonline.com.br\/site\/author\/juliana\/#author"},"publisher":{"@id":"https:\/\/anoticiaonline.com.br\/site\/#organization"},"image":{"@type":"ImageObject","url":"https:\/\/scontent-gig4-1.xx.fbcdn.net\/v\/t39.30808-1\/270437624_4564083193639691_6907940295614233970_n.jpg?stp=dst-jpg_s200x200_tt6&_nc_cat=111&ccb=1-7&_nc_sid=f907e8&_nc_ohc=SM1wRlP3lJwQ7kNvwEPuBYA&_nc_oc=AdnqrjDN_BNjSSHWO-GbkIWH6fkGMLw4bqvL_NH6e2wMveX7G-rP2dAqsDSq1mJMOaY&_nc_zt=24&_nc_ht=scontent-gig4-1.xx&_nc_gid=AoBFJeGrT1hVaew_6rchkQ&oh=00_AfX7QmFGhQhG2jAllVgXCiM1ZrWgvtp80-Bfppyexh1QEg&oe=689E923C","@id":"https:\/\/anoticiaonline.com.br\/site\/#articleImage"},"datePublished":"2016-03-10T19:07:09-03:00","dateModified":"2016-03-10T19:07:09-03:00","inLanguage":"pt-BR","mainEntityOfPage":{"@id":"https:\/\/anoticiaonline.com.br\/site\/lula-a-jararaca\/#webpage"},"isPartOf":{"@id":"https:\/\/anoticiaonline.com.br\/site\/lula-a-jararaca\/#webpage"},"articleSection":"Pol\u00edtica e Atualidades - Francisco Laviola"},{"@type":"BreadcrumbList","@id":"https:\/\/anoticiaonline.com.br\/site\/lula-a-jararaca\/#breadcrumblist","itemListElement":[{"@type":"ListItem","@id":"https:\/\/anoticiaonline.com.br\/site#listItem","position":1,"name":"Home","item":"https:\/\/anoticiaonline.com.br\/site","nextItem":{"@type":"ListItem","@id":"https:\/\/anoticiaonline.com.br\/site\/categoria\/colunistas\/#listItem","name":"Colunistas"}},{"@type":"ListItem","@id":"https:\/\/anoticiaonline.com.br\/site\/categoria\/colunistas\/#listItem","position":2,"name":"Colunistas","item":"https:\/\/anoticiaonline.com.br\/site\/categoria\/colunistas\/","nextItem":{"@type":"ListItem","@id":"https:\/\/anoticiaonline.com.br\/site\/categoria\/colunistas\/politica-e-atualidades-francisco-laviola\/#listItem","name":"Pol\u00edtica e Atualidades - Francisco Laviola"},"previousItem":{"@type":"ListItem","@id":"https:\/\/anoticiaonline.com.br\/site#listItem","name":"Home"}},{"@type":"ListItem","@id":"https:\/\/anoticiaonline.com.br\/site\/categoria\/colunistas\/politica-e-atualidades-francisco-laviola\/#listItem","position":3,"name":"Pol\u00edtica e Atualidades - Francisco Laviola","item":"https:\/\/anoticiaonline.com.br\/site\/categoria\/colunistas\/politica-e-atualidades-francisco-laviola\/","nextItem":{"@type":"ListItem","@id":"https:\/\/anoticiaonline.com.br\/site\/lula-a-jararaca\/#listItem","name":"Lula, a \u201cjararaca\u201d"},"previousItem":{"@type":"ListItem","@id":"https:\/\/anoticiaonline.com.br\/site\/categoria\/colunistas\/#listItem","name":"Colunistas"}},{"@type":"ListItem","@id":"https:\/\/anoticiaonline.com.br\/site\/lula-a-jararaca\/#listItem","position":4,"name":"Lula, a \u201cjararaca\u201d","previousItem":{"@type":"ListItem","@id":"https:\/\/anoticiaonline.com.br\/site\/categoria\/colunistas\/politica-e-atualidades-francisco-laviola\/#listItem","name":"Pol\u00edtica e Atualidades - Francisco Laviola"}}]},{"@type":"Organization","@id":"https:\/\/anoticiaonline.com.br\/site\/#organization","name":"A Not\u00edcia Online","description":"Noticias de Muria\u00e9 e regi\u00e3o","url":"https:\/\/anoticiaonline.com.br\/site\/","logo":{"@type":"ImageObject","url":"https:\/\/scontent-gig4-1.xx.fbcdn.net\/v\/t39.30808-1\/270437624_4564083193639691_6907940295614233970_n.jpg?stp=dst-jpg_s200x200_tt6&_nc_cat=111&ccb=1-7&_nc_sid=f907e8&_nc_ohc=SM1wRlP3lJwQ7kNvwEPuBYA&_nc_oc=AdnqrjDN_BNjSSHWO-GbkIWH6fkGMLw4bqvL_NH6e2wMveX7G-rP2dAqsDSq1mJMOaY&_nc_zt=24&_nc_ht=scontent-gig4-1.xx&_nc_gid=AoBFJeGrT1hVaew_6rchkQ&oh=00_AfX7QmFGhQhG2jAllVgXCiM1ZrWgvtp80-Bfppyexh1QEg&oe=689E923C","@id":"https:\/\/anoticiaonline.com.br\/site\/lula-a-jararaca\/#organizationLogo"},"image":{"@id":"https:\/\/anoticiaonline.com.br\/site\/lula-a-jararaca\/#organizationLogo"}},{"@type":"Person","@id":"https:\/\/anoticiaonline.com.br\/site\/author\/juliana\/#author","url":"https:\/\/anoticiaonline.com.br\/site\/author\/juliana\/","name":"Juliana Laviola","image":{"@type":"ImageObject","@id":"https:\/\/anoticiaonline.com.br\/site\/lula-a-jararaca\/#authorImage","url":"https:\/\/secure.gravatar.com\/avatar\/b8d45f5c699b100dfaf0e543582f38f38bf94cb7ae3a5e9abf8d891a34773335?s=96&d=mm&r=g","width":96,"height":96,"caption":"Juliana Laviola"}},{"@type":"WebPage","@id":"https:\/\/anoticiaonline.com.br\/site\/lula-a-jararaca\/#webpage","url":"https:\/\/anoticiaonline.com.br\/site\/lula-a-jararaca\/","name":"Lula, a \u201cjararaca\u201d - A Not\u00edcia Online","description":"Na semana passada, escrevi e foi publicado aqui neste espa\u00e7o o que eu j\u00e1 tinha dito a amigos: Lula \u00e9 o maior pol\u00edtico dentre todos esses que apareceram no Brasil nos \u00faltimos tempos. Dito, feito e confirmado na sexta-feira daquela semana. Ao escrever o texto, que seria publicado pelo jornal somente na sexta, eu n\u00e3o","inLanguage":"pt-BR","isPartOf":{"@id":"https:\/\/anoticiaonline.com.br\/site\/#website"},"breadcrumb":{"@id":"https:\/\/anoticiaonline.com.br\/site\/lula-a-jararaca\/#breadcrumblist"},"author":{"@id":"https:\/\/anoticiaonline.com.br\/site\/author\/juliana\/#author"},"creator":{"@id":"https:\/\/anoticiaonline.com.br\/site\/author\/juliana\/#author"},"datePublished":"2016-03-10T19:07:09-03:00","dateModified":"2016-03-10T19:07:09-03:00"},{"@type":"WebSite","@id":"https:\/\/anoticiaonline.com.br\/site\/#website","url":"https:\/\/anoticiaonline.com.br\/site\/","name":"A Not\u00edcia Online","description":"Noticias de Muria\u00e9 e regi\u00e3o","inLanguage":"pt-BR","publisher":{"@id":"https:\/\/anoticiaonline.com.br\/site\/#organization"}}]},"og:locale":"pt_BR","og:site_name":"A Not\u00edcia Online - Noticias de Muria\u00e9 e regi\u00e3o","og:type":"article","og:title":"Lula, a \u201cjararaca\u201d - A Not\u00edcia Online","og:description":"Na semana passada, escrevi e foi publicado aqui neste espa\u00e7o o que eu j\u00e1 tinha dito a amigos: Lula \u00e9 o maior pol\u00edtico dentre todos esses que apareceram no Brasil nos \u00faltimos tempos. Dito, feito e confirmado na sexta-feira daquela semana. Ao escrever o texto, que seria publicado pelo jornal somente na sexta, eu n\u00e3o","og:url":"https:\/\/anoticiaonline.com.br\/site\/lula-a-jararaca\/","og:image":"https:\/\/scontent-gig4-1.xx.fbcdn.net\/v\/t39.30808-1\/270437624_4564083193639691_6907940295614233970_n.jpg?stp=dst-jpg_s200x200_tt6&#038;_nc_cat=111&#038;ccb=1-7&#038;_nc_sid=f907e8&#038;_nc_ohc=SM1wRlP3lJwQ7kNvwEPuBYA&#038;_nc_oc=AdnqrjDN_BNjSSHWO-GbkIWH6fkGMLw4bqvL_NH6e2wMveX7G-rP2dAqsDSq1mJMOaY&#038;_nc_zt=24&#038;_nc_ht=scontent-gig4-1.xx&#038;_nc_gid=AoBFJeGrT1hVaew_6rchkQ&#038;oh=00_AfX7QmFGhQhG2jAllVgXCiM1ZrWgvtp80-Bfppyexh1QEg&#038;oe=689E923C","og:image:secure_url":"https:\/\/scontent-gig4-1.xx.fbcdn.net\/v\/t39.30808-1\/270437624_4564083193639691_6907940295614233970_n.jpg?stp=dst-jpg_s200x200_tt6&#038;_nc_cat=111&#038;ccb=1-7&#038;_nc_sid=f907e8&#038;_nc_ohc=SM1wRlP3lJwQ7kNvwEPuBYA&#038;_nc_oc=AdnqrjDN_BNjSSHWO-GbkIWH6fkGMLw4bqvL_NH6e2wMveX7G-rP2dAqsDSq1mJMOaY&#038;_nc_zt=24&#038;_nc_ht=scontent-gig4-1.xx&#038;_nc_gid=AoBFJeGrT1hVaew_6rchkQ&#038;oh=00_AfX7QmFGhQhG2jAllVgXCiM1ZrWgvtp80-Bfppyexh1QEg&#038;oe=689E923C","article:published_time":"2016-03-10T22:07:09+00:00","article:modified_time":"2016-03-10T22:07:09+00:00","twitter:card":"summary_large_image","twitter:title":"Lula, a \u201cjararaca\u201d - A Not\u00edcia Online","twitter:description":"Na semana passada, escrevi e foi publicado aqui neste espa\u00e7o o que eu j\u00e1 tinha dito a amigos: Lula \u00e9 o maior pol\u00edtico dentre todos esses que apareceram no Brasil nos \u00faltimos tempos. Dito, feito e confirmado na sexta-feira daquela semana. Ao escrever o texto, que seria publicado pelo jornal somente na sexta, eu n\u00e3o","twitter:image":"https:\/\/scontent-gig4-1.xx.fbcdn.net\/v\/t39.30808-1\/270437624_4564083193639691_6907940295614233970_n.jpg?stp=dst-jpg_s200x200_tt6&_nc_cat=111&ccb=1-7&_nc_sid=f907e8&_nc_ohc=SM1wRlP3lJwQ7kNvwEPuBYA&_nc_oc=AdnqrjDN_BNjSSHWO-GbkIWH6fkGMLw4bqvL_NH6e2wMveX7G-rP2dAqsDSq1mJMOaY&_nc_zt=24&_nc_ht=scontent-gig4-1.xx&_nc_gid=AoBFJeGrT1hVaew_6rchkQ&oh=00_AfX7QmFGhQhG2jAllVgXCiM1ZrWgvtp80-Bfppyexh1QEg&oe=689E923C"},"aioseo_meta_data":{"post_id":"10314","title":null,"description":null,"keywords":null,"keyphrases":null,"primary_term":null,"canonical_url":null,"og_title":null,"og_description":null,"og_object_type":"default","og_image_type":"default","og_image_url":null,"og_image_width":null,"og_image_height":null,"og_image_custom_url":null,"og_image_custom_fields":null,"og_video":null,"og_custom_url":null,"og_article_section":null,"og_article_tags":null,"twitter_use_og":false,"twitter_card":"default","twitter_image_type":"default","twitter_image_url":null,"twitter_image_custom_url":null,"twitter_image_custom_fields":null,"twitter_title":null,"twitter_description":null,"schema":{"blockGraphs":[],"customGraphs":[],"default":{"data":{"Article":[],"Course":[],"Dataset":[],"FAQPage":[],"Movie":[],"Person":[],"Product":[],"ProductReview":[],"Car":[],"Recipe":[],"Service":[],"SoftwareApplication":[],"WebPage":[]},"graphName":"","isEnabled":true},"graphs":[]},"schema_type":"default","schema_type_options":null,"pillar_content":false,"robots_default":true,"robots_noindex":false,"robots_noarchive":false,"robots_nosnippet":false,"robots_nofollow":false,"robots_noimageindex":false,"robots_noodp":false,"robots_notranslate":false,"robots_max_snippet":null,"robots_max_videopreview":null,"robots_max_imagepreview":"large","priority":null,"frequency":null,"local_seo":null,"breadcrumb_settings":null,"limit_modified_date":false,"ai":null,"created":"2025-08-16 15:33:42","updated":"2025-08-16 15:33:42","focus_keyword":null,"additional_keywords":null,"truseo_locale":null,"seo_analyzer_scan_date":null},"aioseo_breadcrumb":"<div class=\"aioseo-breadcrumbs\"><span class=\"aioseo-breadcrumb\">\n\t\t\t<a href=\"https:\/\/anoticiaonline.com.br\/site\" title=\"Home\">Home<\/a>\n\t\t<\/span><span class=\"aioseo-breadcrumb-separator\">&raquo;<\/span><span class=\"aioseo-breadcrumb\">\n\t\t\t<a href=\"https:\/\/anoticiaonline.com.br\/site\/categoria\/colunistas\/\" title=\"Colunistas\">Colunistas<\/a>\n\t\t<\/span><span class=\"aioseo-breadcrumb-separator\">&raquo;<\/span><span class=\"aioseo-breadcrumb\">\n\t\t\t<a href=\"https:\/\/anoticiaonline.com.br\/site\/categoria\/colunistas\/politica-e-atualidades-francisco-laviola\/\" title=\"Pol\u00edtica e Atualidades - Francisco Laviola\">Pol\u00edtica e Atualidades - Francisco Laviola<\/a>\n\t\t<\/span><span class=\"aioseo-breadcrumb-separator\">&raquo;<\/span><span class=\"aioseo-breadcrumb\">\n\t\t\tLula, a \u201cjararaca\u201d\n\t\t<\/span><\/div>","aioseo_breadcrumb_json":[{"label":"Home","link":"https:\/\/anoticiaonline.com.br\/site"},{"label":"Colunistas","link":"https:\/\/anoticiaonline.com.br\/site\/categoria\/colunistas\/"},{"label":"Pol\u00edtica e Atualidades - Francisco Laviola","link":"https:\/\/anoticiaonline.com.br\/site\/categoria\/colunistas\/politica-e-atualidades-francisco-laviola\/"},{"label":"Lula, a \u201cjararaca\u201d","link":"https:\/\/anoticiaonline.com.br\/site\/lula-a-jararaca\/"}],"views":140,"_links":{"self":[{"href":"https:\/\/anoticiaonline.com.br\/site\/wp-json\/wp\/v2\/posts\/10314","targetHints":{"allow":["GET"]}}],"collection":[{"href":"https:\/\/anoticiaonline.com.br\/site\/wp-json\/wp\/v2\/posts"}],"about":[{"href":"https:\/\/anoticiaonline.com.br\/site\/wp-json\/wp\/v2\/types\/post"}],"author":[{"embeddable":true,"href":"https:\/\/anoticiaonline.com.br\/site\/wp-json\/wp\/v2\/users\/2"}],"replies":[{"embeddable":true,"href":"https:\/\/anoticiaonline.com.br\/site\/wp-json\/wp\/v2\/comments?post=10314"}],"version-history":[{"count":0,"href":"https:\/\/anoticiaonline.com.br\/site\/wp-json\/wp\/v2\/posts\/10314\/revisions"}],"wp:attachment":[{"href":"https:\/\/anoticiaonline.com.br\/site\/wp-json\/wp\/v2\/media?parent=10314"}],"wp:term":[{"taxonomy":"category","embeddable":true,"href":"https:\/\/anoticiaonline.com.br\/site\/wp-json\/wp\/v2\/categories?post=10314"},{"taxonomy":"post_tag","embeddable":true,"href":"https:\/\/anoticiaonline.com.br\/site\/wp-json\/wp\/v2\/tags?post=10314"}],"curies":[{"name":"wp","href":"https:\/\/api.w.org\/{rel}","templated":true}]}}