{"id":102707,"date":"2022-08-04T18:05:49","date_gmt":"2022-08-04T21:05:49","guid":{"rendered":"http:\/\/www.anoticiaonline.com.br\/site\/?p=101406"},"modified":"2022-08-04T18:05:49","modified_gmt":"2022-08-04T21:05:49","slug":"wania-mazala-lanca-colecao-primavera-verao","status":"publish","type":"post","link":"https:\/\/anoticiaonline.com.br\/site\/wania-mazala-lanca-colecao-primavera-verao\/","title":{"rendered":"Wania M\u00e1zala lan\u00e7a cole\u00e7\u00e3o primavera-ver\u00e3o"},"content":{"rendered":"\n<figure class=\"wp-block-image size-large\"><a href=\"https:\/\/anoticiaonline.com.br\/site\/wp-content\/uploads\/2022\/08\/DSC_0124-1.jpg\"><img decoding=\"async\" src=\"https:\/\/anoticiaonline.com.br\/site\/wp-content\/uploads\/2022\/08\/DSC_0124-1.jpg\" alt=\"\" class=\"wp-image-101408\"\/><\/a><\/figure>\n\n\n\n<p class=\"wp-block-paragraph\">Os dias frios est\u00e3o indo embora e, agora, aguardamos a chegada da esta\u00e7\u00e3o mais florida e alegre do ano. E a Boutique Wania M\u00e1zala j\u00e1 est\u00e1 lan\u00e7ando sua nova cole\u00e7\u00e3o, repleta de cores e tend\u00eancias para que as mulheres de bom gosto aproveitem o clima quente com muita eleg\u00e2ncia e conforto.&nbsp; As pe\u00e7as de moda da <em>new season<\/em> est\u00e3o super vibrantes apostando nas cores fortes, com paletas chamativas, saturadas e brilhantes, levando a energia revigorante da primavera-ver\u00e3o para os guarda-roupas mais refinados.<\/p>\n\n\n\n<!--more-->\n\n\n\n<p class=\"wp-block-paragraph\">A empres\u00e1ria e especialista em moda conta que as pe\u00e7as em <em>bright color<\/em> s\u00e3o as queridinhas da esta\u00e7\u00e3o e deixam os look dessa cole\u00e7\u00e3o ainda mais divertidos. \u201cApostem!\u201d, avisa. A boutique \u00e9 exclusiva e parceira da grife Alice. O espa\u00e7o ainda conta com um <em>second floor<\/em> especial onde as clientes encontram roupas de festa e looks e mais glamorosos.<\/p>\n\n\n\n<p class=\"wp-block-paragraph\">A loja funciona no Centro de Muria\u00e9, \u00e0 Rua Doutor Ant\u00f4nio Can\u00eado, N\u00b0 25, Loja 3. \u00a0A concorrida boutique tem p\u00e1gina no Instagram @waniamazala e entrega em todo o Brasil. O telefone \u00e9 (32)20202800 e o Zap (32)991583905.<\/p>\n\n\n\n<figure class=\"wp-block-gallery columns-2 is-cropped wp-block-gallery-1 is-layout-flex wp-block-gallery-is-layout-flex\"><ul class=\"blocks-gallery-grid\"><li class=\"blocks-gallery-item\"><figure><a href=\"https:\/\/anoticiaonline.com.br\/site\/wp-content\/uploads\/2022\/08\/0d94133a-6044-4936-b04e-7a382c0e73a2.jpg\"><img decoding=\"async\" src=\"https:\/\/anoticiaonline.com.br\/site\/wp-content\/uploads\/2022\/08\/0d94133a-6044-4936-b04e-7a382c0e73a2.jpg\" alt=\"\" data-id=\"101409\" data-full-url=\"https:\/\/anoticiaonline.com.br\/site\/wp-content\/uploads\/2022\/08\/0d94133a-6044-4936-b04e-7a382c0e73a2.jpg\" data-link=\"https:\/\/anoticiaonline.com.br\/site\/?attachment_id=101409\" class=\"wp-image-101409\"\/><\/a><\/figure><\/li><li class=\"blocks-gallery-item\"><figure><a href=\"https:\/\/anoticiaonline.com.br\/site\/wp-content\/uploads\/2022\/08\/7c49b3d4-34e3-425e-9e68-dffc7aa369cc.jpg\"><img decoding=\"async\" src=\"https:\/\/anoticiaonline.com.br\/site\/wp-content\/uploads\/2022\/08\/7c49b3d4-34e3-425e-9e68-dffc7aa369cc.jpg\" alt=\"\" data-id=\"101411\" data-full-url=\"https:\/\/anoticiaonline.com.br\/site\/wp-content\/uploads\/2022\/08\/7c49b3d4-34e3-425e-9e68-dffc7aa369cc.jpg\" data-link=\"https:\/\/anoticiaonline.com.br\/site\/?attachment_id=101411\" class=\"wp-image-101411\"\/><\/a><\/figure><\/li><li class=\"blocks-gallery-item\"><figure><a href=\"https:\/\/anoticiaonline.com.br\/site\/wp-content\/uploads\/2022\/08\/86d87ac5-e0f9-4fa9-8caa-fa1b372d2b6f.jpg\"><img decoding=\"async\" src=\"https:\/\/anoticiaonline.com.br\/site\/wp-content\/uploads\/2022\/08\/86d87ac5-e0f9-4fa9-8caa-fa1b372d2b6f.jpg\" alt=\"\" data-id=\"101413\" data-full-url=\"https:\/\/anoticiaonline.com.br\/site\/wp-content\/uploads\/2022\/08\/86d87ac5-e0f9-4fa9-8caa-fa1b372d2b6f.jpg\" data-link=\"https:\/\/anoticiaonline.com.br\/site\/?attachment_id=101413\" class=\"wp-image-101413\"\/><\/a><\/figure><\/li><li class=\"blocks-gallery-item\"><figure><a href=\"https:\/\/anoticiaonline.com.br\/site\/wp-content\/uploads\/2022\/08\/07037876-10f6-4b60-925a-e9d008180239.jpg\"><img decoding=\"async\" src=\"https:\/\/anoticiaonline.com.br\/site\/wp-content\/uploads\/2022\/08\/07037876-10f6-4b60-925a-e9d008180239.jpg\" alt=\"\" data-id=\"101414\" data-full-url=\"https:\/\/anoticiaonline.com.br\/site\/wp-content\/uploads\/2022\/08\/07037876-10f6-4b60-925a-e9d008180239.jpg\" data-link=\"https:\/\/anoticiaonline.com.br\/site\/?attachment_id=101414\" class=\"wp-image-101414\"\/><\/a><\/figure><\/li><li class=\"blocks-gallery-item\"><figure><a href=\"https:\/\/anoticiaonline.com.br\/site\/wp-content\/uploads\/2022\/08\/DSC_0013.jpg\"><img decoding=\"async\" src=\"https:\/\/anoticiaonline.com.br\/site\/wp-content\/uploads\/2022\/08\/DSC_0013.jpg\" alt=\"\" data-id=\"101416\" data-full-url=\"https:\/\/anoticiaonline.com.br\/site\/wp-content\/uploads\/2022\/08\/DSC_0013.jpg\" data-link=\"https:\/\/anoticiaonline.com.br\/site\/?attachment_id=101416\" class=\"wp-image-101416\"\/><\/a><\/figure><\/li><li class=\"blocks-gallery-item\"><figure><a href=\"https:\/\/anoticiaonline.com.br\/site\/wp-content\/uploads\/2022\/08\/DSC_0033.jpg\"><img decoding=\"async\" src=\"https:\/\/anoticiaonline.com.br\/site\/wp-content\/uploads\/2022\/08\/DSC_0033.jpg\" alt=\"\" data-id=\"101417\" data-full-url=\"https:\/\/anoticiaonline.com.br\/site\/wp-content\/uploads\/2022\/08\/DSC_0033.jpg\" data-link=\"https:\/\/anoticiaonline.com.br\/site\/?attachment_id=101417\" class=\"wp-image-101417\"\/><\/a><\/figure><\/li><li class=\"blocks-gallery-item\"><figure><a href=\"https:\/\/anoticiaonline.com.br\/site\/wp-content\/uploads\/2022\/08\/DSC_0035.jpg\"><img decoding=\"async\" src=\"https:\/\/anoticiaonline.com.br\/site\/wp-content\/uploads\/2022\/08\/DSC_0035.jpg\" alt=\"\" data-id=\"101418\" data-full-url=\"https:\/\/anoticiaonline.com.br\/site\/wp-content\/uploads\/2022\/08\/DSC_0035.jpg\" data-link=\"https:\/\/anoticiaonline.com.br\/site\/?attachment_id=101418\" class=\"wp-image-101418\"\/><\/a><\/figure><\/li><li class=\"blocks-gallery-item\"><figure><a href=\"https:\/\/anoticiaonline.com.br\/site\/wp-content\/uploads\/2022\/08\/DSC_0114.jpg\"><img decoding=\"async\" src=\"https:\/\/anoticiaonline.com.br\/site\/wp-content\/uploads\/2022\/08\/DSC_0114.jpg\" alt=\"\" data-id=\"101419\" data-full-url=\"https:\/\/anoticiaonline.com.br\/site\/wp-content\/uploads\/2022\/08\/DSC_0114.jpg\" data-link=\"https:\/\/anoticiaonline.com.br\/site\/?attachment_id=101419\" class=\"wp-image-101419\"\/><\/a><\/figure><\/li><li class=\"blocks-gallery-item\"><figure><a href=\"https:\/\/anoticiaonline.com.br\/site\/wp-content\/uploads\/2022\/08\/DSC_0124-2.jpg\"><img decoding=\"async\" src=\"https:\/\/anoticiaonline.com.br\/site\/wp-content\/uploads\/2022\/08\/DSC_0124-2.jpg\" alt=\"\" data-id=\"101420\" data-full-url=\"https:\/\/anoticiaonline.com.br\/site\/wp-content\/uploads\/2022\/08\/DSC_0124-2.jpg\" data-link=\"https:\/\/anoticiaonline.com.br\/site\/?attachment_id=101420\" class=\"wp-image-101420\"\/><\/a><\/figure><\/li><li class=\"blocks-gallery-item\"><figure><a href=\"https:\/\/anoticiaonline.com.br\/site\/wp-content\/uploads\/2022\/08\/DSC_0133.jpg\"><img decoding=\"async\" src=\"https:\/\/anoticiaonline.com.br\/site\/wp-content\/uploads\/2022\/08\/DSC_0133.jpg\" alt=\"\" data-id=\"101421\" data-full-url=\"https:\/\/anoticiaonline.com.br\/site\/wp-content\/uploads\/2022\/08\/DSC_0133.jpg\" data-link=\"https:\/\/anoticiaonline.com.br\/site\/?attachment_id=101421\" class=\"wp-image-101421\"\/><\/a><\/figure><\/li><li class=\"blocks-gallery-item\"><figure><a href=\"https:\/\/anoticiaonline.com.br\/site\/wp-content\/uploads\/2022\/08\/DSC_0144.jpg\"><img decoding=\"async\" src=\"https:\/\/anoticiaonline.com.br\/site\/wp-content\/uploads\/2022\/08\/DSC_0144.jpg\" alt=\"\" data-id=\"101422\" data-full-url=\"https:\/\/anoticiaonline.com.br\/site\/wp-content\/uploads\/2022\/08\/DSC_0144.jpg\" data-link=\"https:\/\/anoticiaonline.com.br\/site\/?attachment_id=101422\" class=\"wp-image-101422\"\/><\/a><\/figure><\/li><li class=\"blocks-gallery-item\"><figure><a href=\"https:\/\/anoticiaonline.com.br\/site\/wp-content\/uploads\/2022\/08\/DSC_0149.jpg\"><img decoding=\"async\" src=\"https:\/\/anoticiaonline.com.br\/site\/wp-content\/uploads\/2022\/08\/DSC_0149.jpg\" alt=\"\" data-id=\"101423\" data-full-url=\"https:\/\/anoticiaonline.com.br\/site\/wp-content\/uploads\/2022\/08\/DSC_0149.jpg\" data-link=\"https:\/\/anoticiaonline.com.br\/site\/?attachment_id=101423\" class=\"wp-image-101423\"\/><\/a><\/figure><\/li><li class=\"blocks-gallery-item\"><figure><a href=\"https:\/\/anoticiaonline.com.br\/site\/wp-content\/uploads\/2022\/08\/DSC_0161.jpg\"><img decoding=\"async\" src=\"https:\/\/anoticiaonline.com.br\/site\/wp-content\/uploads\/2022\/08\/DSC_0161.jpg\" alt=\"\" data-id=\"101424\" data-full-url=\"https:\/\/anoticiaonline.com.br\/site\/wp-content\/uploads\/2022\/08\/DSC_0161.jpg\" data-link=\"https:\/\/anoticiaonline.com.br\/site\/?attachment_id=101424\" class=\"wp-image-101424\"\/><\/a><\/figure><\/li><li class=\"blocks-gallery-item\"><figure><a href=\"https:\/\/anoticiaonline.com.br\/site\/wp-content\/uploads\/2022\/08\/DSC_0180.jpg\"><img decoding=\"async\" src=\"https:\/\/anoticiaonline.com.br\/site\/wp-content\/uploads\/2022\/08\/DSC_0180.jpg\" alt=\"\" data-id=\"101425\" data-full-url=\"https:\/\/anoticiaonline.com.br\/site\/wp-content\/uploads\/2022\/08\/DSC_0180.jpg\" data-link=\"https:\/\/anoticiaonline.com.br\/site\/?attachment_id=101425\" class=\"wp-image-101425\"\/><\/a><\/figure><\/li><li class=\"blocks-gallery-item\"><figure><a href=\"https:\/\/anoticiaonline.com.br\/site\/wp-content\/uploads\/2022\/08\/DSC_0199.jpg\"><img decoding=\"async\" src=\"https:\/\/anoticiaonline.com.br\/site\/wp-content\/uploads\/2022\/08\/DSC_0199.jpg\" alt=\"\" data-id=\"101426\" data-full-url=\"https:\/\/anoticiaonline.com.br\/site\/wp-content\/uploads\/2022\/08\/DSC_0199.jpg\" data-link=\"https:\/\/anoticiaonline.com.br\/site\/?attachment_id=101426\" class=\"wp-image-101426\"\/><\/a><\/figure><\/li><li class=\"blocks-gallery-item\"><figure><a href=\"https:\/\/anoticiaonline.com.br\/site\/wp-content\/uploads\/2022\/08\/DSC_0237.jpg\"><img decoding=\"async\" src=\"https:\/\/anoticiaonline.com.br\/site\/wp-content\/uploads\/2022\/08\/DSC_0237.jpg\" alt=\"\" data-id=\"101427\" data-full-url=\"https:\/\/anoticiaonline.com.br\/site\/wp-content\/uploads\/2022\/08\/DSC_0237.jpg\" data-link=\"https:\/\/anoticiaonline.com.br\/site\/?attachment_id=101427\" class=\"wp-image-101427\"\/><\/a><\/figure><\/li><li class=\"blocks-gallery-item\"><figure><a href=\"https:\/\/anoticiaonline.com.br\/site\/wp-content\/uploads\/2022\/08\/DSC_0241.jpg\"><img decoding=\"async\" src=\"https:\/\/anoticiaonline.com.br\/site\/wp-content\/uploads\/2022\/08\/DSC_0241.jpg\" alt=\"\" data-id=\"101428\" data-full-url=\"https:\/\/anoticiaonline.com.br\/site\/wp-content\/uploads\/2022\/08\/DSC_0241.jpg\" data-link=\"https:\/\/anoticiaonline.com.br\/site\/?attachment_id=101428\" class=\"wp-image-101428\"\/><\/a><\/figure><\/li><li class=\"blocks-gallery-item\"><figure><a href=\"https:\/\/anoticiaonline.com.br\/site\/wp-content\/uploads\/2022\/08\/DSC_0247-1.jpg\"><img decoding=\"async\" src=\"https:\/\/anoticiaonline.com.br\/site\/wp-content\/uploads\/2022\/08\/DSC_0247-1.jpg\" alt=\"\" data-id=\"101429\" data-full-url=\"https:\/\/anoticiaonline.com.br\/site\/wp-content\/uploads\/2022\/08\/DSC_0247-1.jpg\" data-link=\"https:\/\/anoticiaonline.com.br\/site\/?attachment_id=101429\" class=\"wp-image-101429\"\/><\/a><\/figure><\/li><li class=\"blocks-gallery-item\"><figure><a href=\"https:\/\/anoticiaonline.com.br\/site\/wp-content\/uploads\/2022\/08\/DSC_0250.jpg\"><img decoding=\"async\" src=\"https:\/\/anoticiaonline.com.br\/site\/wp-content\/uploads\/2022\/08\/DSC_0250.jpg\" alt=\"\" data-id=\"101430\" data-full-url=\"https:\/\/anoticiaonline.com.br\/site\/wp-content\/uploads\/2022\/08\/DSC_0250.jpg\" data-link=\"https:\/\/anoticiaonline.com.br\/site\/?attachment_id=101430\" class=\"wp-image-101430\"\/><\/a><\/figure><\/li><li class=\"blocks-gallery-item\"><figure><a href=\"https:\/\/anoticiaonline.com.br\/site\/wp-content\/uploads\/2022\/08\/IMG_2400.jpg\"><img decoding=\"async\" src=\"https:\/\/anoticiaonline.com.br\/site\/wp-content\/uploads\/2022\/08\/IMG_2400.jpg\" alt=\"\" data-id=\"101431\" data-full-url=\"https:\/\/anoticiaonline.com.br\/site\/wp-content\/uploads\/2022\/08\/IMG_2400.jpg\" data-link=\"https:\/\/anoticiaonline.com.br\/site\/?attachment_id=101431\" class=\"wp-image-101431\"\/><\/a><\/figure><\/li><li class=\"blocks-gallery-item\"><figure><a href=\"https:\/\/anoticiaonline.com.br\/site\/wp-content\/uploads\/2022\/08\/IMG_2487.jpg\"><img decoding=\"async\" src=\"https:\/\/anoticiaonline.com.br\/site\/wp-content\/uploads\/2022\/08\/IMG_2487.jpg\" alt=\"\" data-id=\"101432\" data-full-url=\"https:\/\/anoticiaonline.com.br\/site\/wp-content\/uploads\/2022\/08\/IMG_2487.jpg\" data-link=\"https:\/\/anoticiaonline.com.br\/site\/?attachment_id=101432\" class=\"wp-image-101432\"\/><\/a><\/figure><\/li><li class=\"blocks-gallery-item\"><figure><a href=\"https:\/\/anoticiaonline.com.br\/site\/wp-content\/uploads\/2022\/08\/IMG_2581.jpg\"><img decoding=\"async\" src=\"https:\/\/anoticiaonline.com.br\/site\/wp-content\/uploads\/2022\/08\/IMG_2581.jpg\" alt=\"\" data-id=\"101433\" data-full-url=\"https:\/\/anoticiaonline.com.br\/site\/wp-content\/uploads\/2022\/08\/IMG_2581.jpg\" data-link=\"https:\/\/anoticiaonline.com.br\/site\/?attachment_id=101433\" class=\"wp-image-101433\"\/><\/a><\/figure><\/li><li class=\"blocks-gallery-item\"><figure><a href=\"https:\/\/anoticiaonline.com.br\/site\/wp-content\/uploads\/2022\/08\/IMG_2620.jpg\"><img decoding=\"async\" src=\"https:\/\/anoticiaonline.com.br\/site\/wp-content\/uploads\/2022\/08\/IMG_2620.jpg\" alt=\"\" data-id=\"101434\" data-full-url=\"https:\/\/anoticiaonline.com.br\/site\/wp-content\/uploads\/2022\/08\/IMG_2620.jpg\" data-link=\"https:\/\/anoticiaonline.com.br\/site\/?attachment_id=101434\" class=\"wp-image-101434\"\/><\/a><\/figure><\/li><li class=\"blocks-gallery-item\"><figure><a href=\"https:\/\/anoticiaonline.com.br\/site\/wp-content\/uploads\/2022\/08\/IMG_E2379.jpg\"><img decoding=\"async\" src=\"https:\/\/anoticiaonline.com.br\/site\/wp-content\/uploads\/2022\/08\/IMG_E2379.jpg\" alt=\"\" data-id=\"101435\" data-full-url=\"https:\/\/anoticiaonline.com.br\/site\/wp-content\/uploads\/2022\/08\/IMG_E2379.jpg\" data-link=\"https:\/\/anoticiaonline.com.br\/site\/?attachment_id=101435\" class=\"wp-image-101435\"\/><\/a><\/figure><\/li><li class=\"blocks-gallery-item\"><figure><a href=\"https:\/\/anoticiaonline.com.br\/site\/wp-content\/uploads\/2022\/08\/IMG_E2690.jpg\"><img decoding=\"async\" src=\"https:\/\/anoticiaonline.com.br\/site\/wp-content\/uploads\/2022\/08\/IMG_E2690.jpg\" alt=\"\" data-id=\"101436\" data-full-url=\"https:\/\/anoticiaonline.com.br\/site\/wp-content\/uploads\/2022\/08\/IMG_E2690.jpg\" data-link=\"https:\/\/anoticiaonline.com.br\/site\/?attachment_id=101436\" class=\"wp-image-101436\"\/><\/a><\/figure><\/li><li class=\"blocks-gallery-item\"><figure><a href=\"https:\/\/anoticiaonline.com.br\/site\/wp-content\/uploads\/2022\/08\/IMG_E2737.jpg\"><img decoding=\"async\" src=\"https:\/\/anoticiaonline.com.br\/site\/wp-content\/uploads\/2022\/08\/IMG_E2737.jpg\" alt=\"\" data-id=\"101437\" data-full-url=\"https:\/\/anoticiaonline.com.br\/site\/wp-content\/uploads\/2022\/08\/IMG_E2737.jpg\" data-link=\"https:\/\/anoticiaonline.com.br\/site\/?attachment_id=101437\" class=\"wp-image-101437\"\/><\/a><\/figure><\/li><li class=\"blocks-gallery-item\"><figure><a href=\"https:\/\/anoticiaonline.com.br\/site\/wp-content\/uploads\/2022\/08\/IMG_E2758.jpg\"><img decoding=\"async\" src=\"https:\/\/anoticiaonline.com.br\/site\/wp-content\/uploads\/2022\/08\/IMG_E2758.jpg\" alt=\"\" data-id=\"101438\" data-full-url=\"https:\/\/anoticiaonline.com.br\/site\/wp-content\/uploads\/2022\/08\/IMG_E2758.jpg\" data-link=\"https:\/\/anoticiaonline.com.br\/site\/?attachment_id=101438\" class=\"wp-image-101438\"\/><\/a><\/figure><\/li><\/ul><\/figure>\n","protected":false},"excerpt":{"rendered":"<p>Os dias frios est\u00e3o indo embora e, agora, aguardamos a chegada da esta\u00e7\u00e3o mais florida e alegre do ano. E a Boutique Wania M\u00e1zala j\u00e1 est\u00e1 lan\u00e7ando sua nova cole\u00e7\u00e3o, repleta de cores e tend\u00eancias para que as mulheres de bom gosto aproveitem o clima quente com muita eleg\u00e2ncia e conforto.&nbsp; As pe\u00e7as de moda &#8230; <a title=\"Wania M\u00e1zala lan\u00e7a cole\u00e7\u00e3o primavera-ver\u00e3o\" class=\"read-more\" href=\"https:\/\/anoticiaonline.com.br\/site\/wania-mazala-lanca-colecao-primavera-verao\/\" aria-label=\"Read more about Wania M\u00e1zala lan\u00e7a cole\u00e7\u00e3o primavera-ver\u00e3o\">Ler mais<\/a><\/p>\n","protected":false},"author":2,"featured_media":101439,"comment_status":"open","ping_status":"open","sticky":false,"template":"","format":"standard","meta":{"_acf_changed":false,"_monsterinsights_skip_tracking":false,"footnotes":""},"categories":[30,2893,24],"tags":[7473],"class_list":["post-102707","post","type-post","status-publish","format-standard","has-post-thumbnail","hentry","category-muriae","category-cotidiano","category-eventos","tag-wania-mazala-lanca-colecao-primavera-verao"],"acf":[],"aioseo_notices":[],"aioseo_head":"\n\t\t<!-- All in One SEO 5.0.0.1 - aioseo.com -->\n\t<meta name=\"description\" content=\"Os dias frios est\u00e3o indo embora e, agora, aguardamos a chegada da esta\u00e7\u00e3o mais florida e alegre do ano. E a Boutique Wania M\u00e1zala j\u00e1 est\u00e1 lan\u00e7ando sua nova cole\u00e7\u00e3o, repleta de cores e tend\u00eancias para que as mulheres de bom gosto aproveitem o clima quente com muita eleg\u00e2ncia e conforto. As pe\u00e7as de moda\" \/>\n\t<meta name=\"robots\" content=\"max-image-preview:large\" \/>\n\t<meta name=\"author\" content=\"Juliana Laviola\"\/>\n\t<link rel=\"canonical\" href=\"https:\/\/anoticiaonline.com.br\/site\/wania-mazala-lanca-colecao-primavera-verao\/\" \/>\n\t<meta name=\"generator\" content=\"All in One SEO (AIOSEO) 5.0.0.1\" \/>\n\t\t<meta property=\"og:locale\" content=\"pt_BR\" \/>\n\t\t<meta property=\"og:site_name\" content=\"A Not\u00edcia Online - Noticias de Muria\u00e9 e regi\u00e3o\" \/>\n\t\t<meta property=\"og:type\" content=\"article\" \/>\n\t\t<meta property=\"og:title\" content=\"Wania M\u00e1zala lan\u00e7a cole\u00e7\u00e3o primavera-ver\u00e3o - A Not\u00edcia Online\" \/>\n\t\t<meta property=\"og:description\" content=\"Os dias frios est\u00e3o indo embora e, agora, aguardamos a chegada da esta\u00e7\u00e3o mais florida e alegre do ano. E a Boutique Wania M\u00e1zala j\u00e1 est\u00e1 lan\u00e7ando sua nova cole\u00e7\u00e3o, repleta de cores e tend\u00eancias para que as mulheres de bom gosto aproveitem o clima quente com muita eleg\u00e2ncia e conforto. As pe\u00e7as de moda\" \/>\n\t\t<meta property=\"og:url\" content=\"https:\/\/anoticiaonline.com.br\/site\/wania-mazala-lanca-colecao-primavera-verao\/\" \/>\n\t\t<meta property=\"og:image\" content=\"https:\/\/scontent-gig4-1.xx.fbcdn.net\/v\/t39.30808-1\/270437624_4564083193639691_6907940295614233970_n.jpg?stp=dst-jpg_s200x200_tt6&#038;_nc_cat=111&#038;ccb=1-7&#038;_nc_sid=f907e8&#038;_nc_ohc=SM1wRlP3lJwQ7kNvwEPuBYA&#038;_nc_oc=AdnqrjDN_BNjSSHWO-GbkIWH6fkGMLw4bqvL_NH6e2wMveX7G-rP2dAqsDSq1mJMOaY&#038;_nc_zt=24&#038;_nc_ht=scontent-gig4-1.xx&#038;_nc_gid=AoBFJeGrT1hVaew_6rchkQ&#038;oh=00_AfX7QmFGhQhG2jAllVgXCiM1ZrWgvtp80-Bfppyexh1QEg&#038;oe=689E923C\" \/>\n\t\t<meta property=\"og:image:secure_url\" content=\"https:\/\/scontent-gig4-1.xx.fbcdn.net\/v\/t39.30808-1\/270437624_4564083193639691_6907940295614233970_n.jpg?stp=dst-jpg_s200x200_tt6&#038;_nc_cat=111&#038;ccb=1-7&#038;_nc_sid=f907e8&#038;_nc_ohc=SM1wRlP3lJwQ7kNvwEPuBYA&#038;_nc_oc=AdnqrjDN_BNjSSHWO-GbkIWH6fkGMLw4bqvL_NH6e2wMveX7G-rP2dAqsDSq1mJMOaY&#038;_nc_zt=24&#038;_nc_ht=scontent-gig4-1.xx&#038;_nc_gid=AoBFJeGrT1hVaew_6rchkQ&#038;oh=00_AfX7QmFGhQhG2jAllVgXCiM1ZrWgvtp80-Bfppyexh1QEg&#038;oe=689E923C\" \/>\n\t\t<meta property=\"article:published_time\" content=\"2022-08-04T21:05:49+00:00\" \/>\n\t\t<meta property=\"article:modified_time\" content=\"2022-08-04T21:05:49+00:00\" \/>\n\t\t<meta name=\"twitter:card\" content=\"summary_large_image\" \/>\n\t\t<meta name=\"twitter:title\" content=\"Wania M\u00e1zala lan\u00e7a cole\u00e7\u00e3o primavera-ver\u00e3o - A Not\u00edcia Online\" \/>\n\t\t<meta name=\"twitter:description\" content=\"Os dias frios est\u00e3o indo embora e, agora, aguardamos a chegada da esta\u00e7\u00e3o mais florida e alegre do ano. E a Boutique Wania M\u00e1zala j\u00e1 est\u00e1 lan\u00e7ando sua nova cole\u00e7\u00e3o, repleta de cores e tend\u00eancias para que as mulheres de bom gosto aproveitem o clima quente com muita eleg\u00e2ncia e conforto. As pe\u00e7as de moda\" \/>\n\t\t<meta name=\"twitter:image\" content=\"https:\/\/scontent-gig4-1.xx.fbcdn.net\/v\/t39.30808-1\/270437624_4564083193639691_6907940295614233970_n.jpg?stp=dst-jpg_s200x200_tt6&amp;_nc_cat=111&amp;ccb=1-7&amp;_nc_sid=f907e8&amp;_nc_ohc=SM1wRlP3lJwQ7kNvwEPuBYA&amp;_nc_oc=AdnqrjDN_BNjSSHWO-GbkIWH6fkGMLw4bqvL_NH6e2wMveX7G-rP2dAqsDSq1mJMOaY&amp;_nc_zt=24&amp;_nc_ht=scontent-gig4-1.xx&amp;_nc_gid=AoBFJeGrT1hVaew_6rchkQ&amp;oh=00_AfX7QmFGhQhG2jAllVgXCiM1ZrWgvtp80-Bfppyexh1QEg&amp;oe=689E923C\" \/>\n\t\t<script type=\"application\/ld+json\" class=\"aioseo-schema\">\n\t\t\t{\"@context\":\"https:\\\/\\\/schema.org\",\"@graph\":[{\"@type\":\"BlogPosting\",\"@id\":\"https:\\\/\\\/anoticiaonline.com.br\\\/site\\\/wania-mazala-lanca-colecao-primavera-verao\\\/#blogposting\",\"name\":\"Wania M\\u00e1zala lan\\u00e7a cole\\u00e7\\u00e3o primavera-ver\\u00e3o - A Not\\u00edcia Online\",\"headline\":\"Wania M\\u00e1zala lan\\u00e7a cole\\u00e7\\u00e3o primavera-ver\\u00e3o\",\"author\":{\"@id\":\"https:\\\/\\\/anoticiaonline.com.br\\\/site\\\/author\\\/juliana\\\/#author\"},\"publisher\":{\"@id\":\"https:\\\/\\\/anoticiaonline.com.br\\\/site\\\/#organization\"},\"image\":{\"@type\":\"ImageObject\",\"url\":101439},\"datePublished\":\"2022-08-04T18:05:49-03:00\",\"dateModified\":\"2022-08-04T18:05:49-03:00\",\"inLanguage\":\"pt-BR\",\"mainEntityOfPage\":{\"@id\":\"https:\\\/\\\/anoticiaonline.com.br\\\/site\\\/wania-mazala-lanca-colecao-primavera-verao\\\/#webpage\"},\"isPartOf\":{\"@id\":\"https:\\\/\\\/anoticiaonline.com.br\\\/site\\\/wania-mazala-lanca-colecao-primavera-verao\\\/#webpage\"},\"articleSection\":\"Blog, Cotidiano, Eventos, Wania M\\u00e1zala lan\\u00e7a cole\\u00e7\\u00e3o primavera-ver\\u00e3o\"},{\"@type\":\"BreadcrumbList\",\"@id\":\"https:\\\/\\\/anoticiaonline.com.br\\\/site\\\/wania-mazala-lanca-colecao-primavera-verao\\\/#breadcrumblist\",\"itemListElement\":[{\"@type\":\"ListItem\",\"@id\":\"https:\\\/\\\/anoticiaonline.com.br\\\/site#listItem\",\"position\":1,\"name\":\"Home\",\"item\":\"https:\\\/\\\/anoticiaonline.com.br\\\/site\",\"nextItem\":{\"@type\":\"ListItem\",\"@id\":\"https:\\\/\\\/anoticiaonline.com.br\\\/site\\\/categoria\\\/muriae\\\/#listItem\",\"name\":\"Blog\"}},{\"@type\":\"ListItem\",\"@id\":\"https:\\\/\\\/anoticiaonline.com.br\\\/site\\\/categoria\\\/muriae\\\/#listItem\",\"position\":2,\"name\":\"Blog\",\"item\":\"https:\\\/\\\/anoticiaonline.com.br\\\/site\\\/categoria\\\/muriae\\\/\",\"nextItem\":{\"@type\":\"ListItem\",\"@id\":\"https:\\\/\\\/anoticiaonline.com.br\\\/site\\\/categoria\\\/muriae\\\/cotidiano\\\/#listItem\",\"name\":\"Cotidiano\"},\"previousItem\":{\"@type\":\"ListItem\",\"@id\":\"https:\\\/\\\/anoticiaonline.com.br\\\/site#listItem\",\"name\":\"Home\"}},{\"@type\":\"ListItem\",\"@id\":\"https:\\\/\\\/anoticiaonline.com.br\\\/site\\\/categoria\\\/muriae\\\/cotidiano\\\/#listItem\",\"position\":3,\"name\":\"Cotidiano\",\"item\":\"https:\\\/\\\/anoticiaonline.com.br\\\/site\\\/categoria\\\/muriae\\\/cotidiano\\\/\",\"nextItem\":{\"@type\":\"ListItem\",\"@id\":\"https:\\\/\\\/anoticiaonline.com.br\\\/site\\\/wania-mazala-lanca-colecao-primavera-verao\\\/#listItem\",\"name\":\"Wania M\\u00e1zala lan\\u00e7a cole\\u00e7\\u00e3o primavera-ver\\u00e3o\"},\"previousItem\":{\"@type\":\"ListItem\",\"@id\":\"https:\\\/\\\/anoticiaonline.com.br\\\/site\\\/categoria\\\/muriae\\\/#listItem\",\"name\":\"Blog\"}},{\"@type\":\"ListItem\",\"@id\":\"https:\\\/\\\/anoticiaonline.com.br\\\/site\\\/wania-mazala-lanca-colecao-primavera-verao\\\/#listItem\",\"position\":4,\"name\":\"Wania M\\u00e1zala lan\\u00e7a cole\\u00e7\\u00e3o primavera-ver\\u00e3o\",\"previousItem\":{\"@type\":\"ListItem\",\"@id\":\"https:\\\/\\\/anoticiaonline.com.br\\\/site\\\/categoria\\\/muriae\\\/cotidiano\\\/#listItem\",\"name\":\"Cotidiano\"}}]},{\"@type\":\"Organization\",\"@id\":\"https:\\\/\\\/anoticiaonline.com.br\\\/site\\\/#organization\",\"name\":\"A Not\\u00edcia Online\",\"description\":\"Noticias de Muria\\u00e9 e regi\\u00e3o\",\"url\":\"https:\\\/\\\/anoticiaonline.com.br\\\/site\\\/\",\"logo\":{\"@type\":\"ImageObject\",\"url\":\"https:\\\/\\\/scontent-gig4-1.xx.fbcdn.net\\\/v\\\/t39.30808-1\\\/270437624_4564083193639691_6907940295614233970_n.jpg?stp=dst-jpg_s200x200_tt6&_nc_cat=111&ccb=1-7&_nc_sid=f907e8&_nc_ohc=SM1wRlP3lJwQ7kNvwEPuBYA&_nc_oc=AdnqrjDN_BNjSSHWO-GbkIWH6fkGMLw4bqvL_NH6e2wMveX7G-rP2dAqsDSq1mJMOaY&_nc_zt=24&_nc_ht=scontent-gig4-1.xx&_nc_gid=AoBFJeGrT1hVaew_6rchkQ&oh=00_AfX7QmFGhQhG2jAllVgXCiM1ZrWgvtp80-Bfppyexh1QEg&oe=689E923C\",\"@id\":\"https:\\\/\\\/anoticiaonline.com.br\\\/site\\\/wania-mazala-lanca-colecao-primavera-verao\\\/#organizationLogo\"},\"image\":{\"@id\":\"https:\\\/\\\/anoticiaonline.com.br\\\/site\\\/wania-mazala-lanca-colecao-primavera-verao\\\/#organizationLogo\"}},{\"@type\":\"Person\",\"@id\":\"https:\\\/\\\/anoticiaonline.com.br\\\/site\\\/author\\\/juliana\\\/#author\",\"url\":\"https:\\\/\\\/anoticiaonline.com.br\\\/site\\\/author\\\/juliana\\\/\",\"name\":\"Juliana Laviola\",\"image\":{\"@type\":\"ImageObject\",\"@id\":\"https:\\\/\\\/anoticiaonline.com.br\\\/site\\\/wania-mazala-lanca-colecao-primavera-verao\\\/#authorImage\",\"url\":\"https:\\\/\\\/secure.gravatar.com\\\/avatar\\\/b8d45f5c699b100dfaf0e543582f38f38bf94cb7ae3a5e9abf8d891a34773335?s=96&d=mm&r=g\",\"width\":96,\"height\":96,\"caption\":\"Juliana Laviola\"}},{\"@type\":\"WebPage\",\"@id\":\"https:\\\/\\\/anoticiaonline.com.br\\\/site\\\/wania-mazala-lanca-colecao-primavera-verao\\\/#webpage\",\"url\":\"https:\\\/\\\/anoticiaonline.com.br\\\/site\\\/wania-mazala-lanca-colecao-primavera-verao\\\/\",\"name\":\"Wania M\\u00e1zala lan\\u00e7a cole\\u00e7\\u00e3o primavera-ver\\u00e3o - A Not\\u00edcia Online\",\"description\":\"Os dias frios est\\u00e3o indo embora e, agora, aguardamos a chegada da esta\\u00e7\\u00e3o mais florida e alegre do ano. E a Boutique Wania M\\u00e1zala j\\u00e1 est\\u00e1 lan\\u00e7ando sua nova cole\\u00e7\\u00e3o, repleta de cores e tend\\u00eancias para que as mulheres de bom gosto aproveitem o clima quente com muita eleg\\u00e2ncia e conforto. As pe\\u00e7as de moda\",\"inLanguage\":\"pt-BR\",\"isPartOf\":{\"@id\":\"https:\\\/\\\/anoticiaonline.com.br\\\/site\\\/#website\"},\"breadcrumb\":{\"@id\":\"https:\\\/\\\/anoticiaonline.com.br\\\/site\\\/wania-mazala-lanca-colecao-primavera-verao\\\/#breadcrumblist\"},\"author\":{\"@id\":\"https:\\\/\\\/anoticiaonline.com.br\\\/site\\\/author\\\/juliana\\\/#author\"},\"creator\":{\"@id\":\"https:\\\/\\\/anoticiaonline.com.br\\\/site\\\/author\\\/juliana\\\/#author\"},\"image\":{\"@type\":\"ImageObject\",\"url\":101439,\"@id\":\"https:\\\/\\\/anoticiaonline.com.br\\\/site\\\/wania-mazala-lanca-colecao-primavera-verao\\\/#mainImage\"},\"primaryImageOfPage\":{\"@id\":\"https:\\\/\\\/anoticiaonline.com.br\\\/site\\\/wania-mazala-lanca-colecao-primavera-verao\\\/#mainImage\"},\"datePublished\":\"2022-08-04T18:05:49-03:00\",\"dateModified\":\"2022-08-04T18:05:49-03:00\"},{\"@type\":\"WebSite\",\"@id\":\"https:\\\/\\\/anoticiaonline.com.br\\\/site\\\/#website\",\"url\":\"https:\\\/\\\/anoticiaonline.com.br\\\/site\\\/\",\"name\":\"A Not\\u00edcia Online\",\"description\":\"Noticias de Muria\\u00e9 e regi\\u00e3o\",\"inLanguage\":\"pt-BR\",\"publisher\":{\"@id\":\"https:\\\/\\\/anoticiaonline.com.br\\\/site\\\/#organization\"}}]}\n\t\t<\/script>\n\t\t<!-- All in One SEO -->\n\n","aioseo_head_json":{"title":"Wania M\u00e1zala lan\u00e7a cole\u00e7\u00e3o primavera-ver\u00e3o - A Not\u00edcia Online","description":"Os dias frios est\u00e3o indo embora e, agora, aguardamos a chegada da esta\u00e7\u00e3o mais florida e alegre do ano. E a Boutique Wania M\u00e1zala j\u00e1 est\u00e1 lan\u00e7ando sua nova cole\u00e7\u00e3o, repleta de cores e tend\u00eancias para que as mulheres de bom gosto aproveitem o clima quente com muita eleg\u00e2ncia e conforto. As pe\u00e7as de moda","canonical_url":"https:\/\/anoticiaonline.com.br\/site\/wania-mazala-lanca-colecao-primavera-verao\/","robots":"max-image-preview:large","keywords":"","webmasterTools":{"miscellaneous":""},"schema":{"@context":"https:\/\/schema.org","@graph":[{"@type":"BlogPosting","@id":"https:\/\/anoticiaonline.com.br\/site\/wania-mazala-lanca-colecao-primavera-verao\/#blogposting","name":"Wania M\u00e1zala lan\u00e7a cole\u00e7\u00e3o primavera-ver\u00e3o - A Not\u00edcia Online","headline":"Wania M\u00e1zala lan\u00e7a cole\u00e7\u00e3o primavera-ver\u00e3o","author":{"@id":"https:\/\/anoticiaonline.com.br\/site\/author\/juliana\/#author"},"publisher":{"@id":"https:\/\/anoticiaonline.com.br\/site\/#organization"},"image":{"@type":"ImageObject","url":101439},"datePublished":"2022-08-04T18:05:49-03:00","dateModified":"2022-08-04T18:05:49-03:00","inLanguage":"pt-BR","mainEntityOfPage":{"@id":"https:\/\/anoticiaonline.com.br\/site\/wania-mazala-lanca-colecao-primavera-verao\/#webpage"},"isPartOf":{"@id":"https:\/\/anoticiaonline.com.br\/site\/wania-mazala-lanca-colecao-primavera-verao\/#webpage"},"articleSection":"Blog, Cotidiano, Eventos, Wania M\u00e1zala lan\u00e7a cole\u00e7\u00e3o primavera-ver\u00e3o"},{"@type":"BreadcrumbList","@id":"https:\/\/anoticiaonline.com.br\/site\/wania-mazala-lanca-colecao-primavera-verao\/#breadcrumblist","itemListElement":[{"@type":"ListItem","@id":"https:\/\/anoticiaonline.com.br\/site#listItem","position":1,"name":"Home","item":"https:\/\/anoticiaonline.com.br\/site","nextItem":{"@type":"ListItem","@id":"https:\/\/anoticiaonline.com.br\/site\/categoria\/muriae\/#listItem","name":"Blog"}},{"@type":"ListItem","@id":"https:\/\/anoticiaonline.com.br\/site\/categoria\/muriae\/#listItem","position":2,"name":"Blog","item":"https:\/\/anoticiaonline.com.br\/site\/categoria\/muriae\/","nextItem":{"@type":"ListItem","@id":"https:\/\/anoticiaonline.com.br\/site\/categoria\/muriae\/cotidiano\/#listItem","name":"Cotidiano"},"previousItem":{"@type":"ListItem","@id":"https:\/\/anoticiaonline.com.br\/site#listItem","name":"Home"}},{"@type":"ListItem","@id":"https:\/\/anoticiaonline.com.br\/site\/categoria\/muriae\/cotidiano\/#listItem","position":3,"name":"Cotidiano","item":"https:\/\/anoticiaonline.com.br\/site\/categoria\/muriae\/cotidiano\/","nextItem":{"@type":"ListItem","@id":"https:\/\/anoticiaonline.com.br\/site\/wania-mazala-lanca-colecao-primavera-verao\/#listItem","name":"Wania M\u00e1zala lan\u00e7a cole\u00e7\u00e3o primavera-ver\u00e3o"},"previousItem":{"@type":"ListItem","@id":"https:\/\/anoticiaonline.com.br\/site\/categoria\/muriae\/#listItem","name":"Blog"}},{"@type":"ListItem","@id":"https:\/\/anoticiaonline.com.br\/site\/wania-mazala-lanca-colecao-primavera-verao\/#listItem","position":4,"name":"Wania M\u00e1zala lan\u00e7a cole\u00e7\u00e3o primavera-ver\u00e3o","previousItem":{"@type":"ListItem","@id":"https:\/\/anoticiaonline.com.br\/site\/categoria\/muriae\/cotidiano\/#listItem","name":"Cotidiano"}}]},{"@type":"Organization","@id":"https:\/\/anoticiaonline.com.br\/site\/#organization","name":"A Not\u00edcia Online","description":"Noticias de Muria\u00e9 e regi\u00e3o","url":"https:\/\/anoticiaonline.com.br\/site\/","logo":{"@type":"ImageObject","url":"https:\/\/scontent-gig4-1.xx.fbcdn.net\/v\/t39.30808-1\/270437624_4564083193639691_6907940295614233970_n.jpg?stp=dst-jpg_s200x200_tt6&_nc_cat=111&ccb=1-7&_nc_sid=f907e8&_nc_ohc=SM1wRlP3lJwQ7kNvwEPuBYA&_nc_oc=AdnqrjDN_BNjSSHWO-GbkIWH6fkGMLw4bqvL_NH6e2wMveX7G-rP2dAqsDSq1mJMOaY&_nc_zt=24&_nc_ht=scontent-gig4-1.xx&_nc_gid=AoBFJeGrT1hVaew_6rchkQ&oh=00_AfX7QmFGhQhG2jAllVgXCiM1ZrWgvtp80-Bfppyexh1QEg&oe=689E923C","@id":"https:\/\/anoticiaonline.com.br\/site\/wania-mazala-lanca-colecao-primavera-verao\/#organizationLogo"},"image":{"@id":"https:\/\/anoticiaonline.com.br\/site\/wania-mazala-lanca-colecao-primavera-verao\/#organizationLogo"}},{"@type":"Person","@id":"https:\/\/anoticiaonline.com.br\/site\/author\/juliana\/#author","url":"https:\/\/anoticiaonline.com.br\/site\/author\/juliana\/","name":"Juliana Laviola","image":{"@type":"ImageObject","@id":"https:\/\/anoticiaonline.com.br\/site\/wania-mazala-lanca-colecao-primavera-verao\/#authorImage","url":"https:\/\/secure.gravatar.com\/avatar\/b8d45f5c699b100dfaf0e543582f38f38bf94cb7ae3a5e9abf8d891a34773335?s=96&d=mm&r=g","width":96,"height":96,"caption":"Juliana Laviola"}},{"@type":"WebPage","@id":"https:\/\/anoticiaonline.com.br\/site\/wania-mazala-lanca-colecao-primavera-verao\/#webpage","url":"https:\/\/anoticiaonline.com.br\/site\/wania-mazala-lanca-colecao-primavera-verao\/","name":"Wania M\u00e1zala lan\u00e7a cole\u00e7\u00e3o primavera-ver\u00e3o - A Not\u00edcia Online","description":"Os dias frios est\u00e3o indo embora e, agora, aguardamos a chegada da esta\u00e7\u00e3o mais florida e alegre do ano. E a Boutique Wania M\u00e1zala j\u00e1 est\u00e1 lan\u00e7ando sua nova cole\u00e7\u00e3o, repleta de cores e tend\u00eancias para que as mulheres de bom gosto aproveitem o clima quente com muita eleg\u00e2ncia e conforto. As pe\u00e7as de moda","inLanguage":"pt-BR","isPartOf":{"@id":"https:\/\/anoticiaonline.com.br\/site\/#website"},"breadcrumb":{"@id":"https:\/\/anoticiaonline.com.br\/site\/wania-mazala-lanca-colecao-primavera-verao\/#breadcrumblist"},"author":{"@id":"https:\/\/anoticiaonline.com.br\/site\/author\/juliana\/#author"},"creator":{"@id":"https:\/\/anoticiaonline.com.br\/site\/author\/juliana\/#author"},"image":{"@type":"ImageObject","url":101439,"@id":"https:\/\/anoticiaonline.com.br\/site\/wania-mazala-lanca-colecao-primavera-verao\/#mainImage"},"primaryImageOfPage":{"@id":"https:\/\/anoticiaonline.com.br\/site\/wania-mazala-lanca-colecao-primavera-verao\/#mainImage"},"datePublished":"2022-08-04T18:05:49-03:00","dateModified":"2022-08-04T18:05:49-03:00"},{"@type":"WebSite","@id":"https:\/\/anoticiaonline.com.br\/site\/#website","url":"https:\/\/anoticiaonline.com.br\/site\/","name":"A Not\u00edcia Online","description":"Noticias de Muria\u00e9 e regi\u00e3o","inLanguage":"pt-BR","publisher":{"@id":"https:\/\/anoticiaonline.com.br\/site\/#organization"}}]},"og:locale":"pt_BR","og:site_name":"A Not\u00edcia Online - Noticias de Muria\u00e9 e regi\u00e3o","og:type":"article","og:title":"Wania M\u00e1zala lan\u00e7a cole\u00e7\u00e3o primavera-ver\u00e3o - A Not\u00edcia Online","og:description":"Os dias frios est\u00e3o indo embora e, agora, aguardamos a chegada da esta\u00e7\u00e3o mais florida e alegre do ano. E a Boutique Wania M\u00e1zala j\u00e1 est\u00e1 lan\u00e7ando sua nova cole\u00e7\u00e3o, repleta de cores e tend\u00eancias para que as mulheres de bom gosto aproveitem o clima quente com muita eleg\u00e2ncia e conforto. As pe\u00e7as de moda","og:url":"https:\/\/anoticiaonline.com.br\/site\/wania-mazala-lanca-colecao-primavera-verao\/","og:image":"https:\/\/scontent-gig4-1.xx.fbcdn.net\/v\/t39.30808-1\/270437624_4564083193639691_6907940295614233970_n.jpg?stp=dst-jpg_s200x200_tt6&#038;_nc_cat=111&#038;ccb=1-7&#038;_nc_sid=f907e8&#038;_nc_ohc=SM1wRlP3lJwQ7kNvwEPuBYA&#038;_nc_oc=AdnqrjDN_BNjSSHWO-GbkIWH6fkGMLw4bqvL_NH6e2wMveX7G-rP2dAqsDSq1mJMOaY&#038;_nc_zt=24&#038;_nc_ht=scontent-gig4-1.xx&#038;_nc_gid=AoBFJeGrT1hVaew_6rchkQ&#038;oh=00_AfX7QmFGhQhG2jAllVgXCiM1ZrWgvtp80-Bfppyexh1QEg&#038;oe=689E923C","og:image:secure_url":"https:\/\/scontent-gig4-1.xx.fbcdn.net\/v\/t39.30808-1\/270437624_4564083193639691_6907940295614233970_n.jpg?stp=dst-jpg_s200x200_tt6&#038;_nc_cat=111&#038;ccb=1-7&#038;_nc_sid=f907e8&#038;_nc_ohc=SM1wRlP3lJwQ7kNvwEPuBYA&#038;_nc_oc=AdnqrjDN_BNjSSHWO-GbkIWH6fkGMLw4bqvL_NH6e2wMveX7G-rP2dAqsDSq1mJMOaY&#038;_nc_zt=24&#038;_nc_ht=scontent-gig4-1.xx&#038;_nc_gid=AoBFJeGrT1hVaew_6rchkQ&#038;oh=00_AfX7QmFGhQhG2jAllVgXCiM1ZrWgvtp80-Bfppyexh1QEg&#038;oe=689E923C","article:published_time":"2022-08-04T21:05:49+00:00","article:modified_time":"2022-08-04T21:05:49+00:00","twitter:card":"summary_large_image","twitter:title":"Wania M\u00e1zala lan\u00e7a cole\u00e7\u00e3o primavera-ver\u00e3o - A Not\u00edcia Online","twitter:description":"Os dias frios est\u00e3o indo embora e, agora, aguardamos a chegada da esta\u00e7\u00e3o mais florida e alegre do ano. E a Boutique Wania M\u00e1zala j\u00e1 est\u00e1 lan\u00e7ando sua nova cole\u00e7\u00e3o, repleta de cores e tend\u00eancias para que as mulheres de bom gosto aproveitem o clima quente com muita eleg\u00e2ncia e conforto. As pe\u00e7as de moda","twitter:image":"https:\/\/scontent-gig4-1.xx.fbcdn.net\/v\/t39.30808-1\/270437624_4564083193639691_6907940295614233970_n.jpg?stp=dst-jpg_s200x200_tt6&_nc_cat=111&ccb=1-7&_nc_sid=f907e8&_nc_ohc=SM1wRlP3lJwQ7kNvwEPuBYA&_nc_oc=AdnqrjDN_BNjSSHWO-GbkIWH6fkGMLw4bqvL_NH6e2wMveX7G-rP2dAqsDSq1mJMOaY&_nc_zt=24&_nc_ht=scontent-gig4-1.xx&_nc_gid=AoBFJeGrT1hVaew_6rchkQ&oh=00_AfX7QmFGhQhG2jAllVgXCiM1ZrWgvtp80-Bfppyexh1QEg&oe=689E923C"},"aioseo_meta_data":{"post_id":"102707","title":null,"description":null,"keywords":null,"keyphrases":null,"primary_term":null,"canonical_url":null,"og_title":null,"og_description":null,"og_object_type":"default","og_image_type":"default","og_image_url":null,"og_image_width":null,"og_image_height":null,"og_image_custom_url":null,"og_image_custom_fields":null,"og_video":null,"og_custom_url":null,"og_article_section":null,"og_article_tags":null,"twitter_use_og":false,"twitter_card":"default","twitter_image_type":"default","twitter_image_url":null,"twitter_image_custom_url":null,"twitter_image_custom_fields":null,"twitter_title":null,"twitter_description":null,"schema":{"blockGraphs":[],"customGraphs":[],"default":{"data":{"Article":[],"Course":[],"Dataset":[],"FAQPage":[],"Movie":[],"Person":[],"Product":[],"ProductReview":[],"Car":[],"Recipe":[],"Service":[],"SoftwareApplication":[],"WebPage":[]},"graphName":"","isEnabled":true},"graphs":[]},"schema_type":"default","schema_type_options":null,"pillar_content":false,"robots_default":true,"robots_noindex":false,"robots_noarchive":false,"robots_nosnippet":false,"robots_nofollow":false,"robots_noimageindex":false,"robots_noodp":false,"robots_notranslate":false,"robots_max_snippet":null,"robots_max_videopreview":null,"robots_max_imagepreview":"large","priority":null,"frequency":null,"local_seo":null,"breadcrumb_settings":null,"limit_modified_date":false,"ai":null,"created":"2025-08-17 06:33:52","updated":"2025-08-17 06:33:52","focus_keyword":null,"additional_keywords":null,"truseo_locale":null,"seo_analyzer_scan_date":null},"aioseo_breadcrumb":"<div class=\"aioseo-breadcrumbs\"><span class=\"aioseo-breadcrumb\">\n\t\t\t<a href=\"https:\/\/anoticiaonline.com.br\/site\" title=\"Home\">Home<\/a>\n\t\t<\/span><span class=\"aioseo-breadcrumb-separator\">&raquo;<\/span><span class=\"aioseo-breadcrumb\">\n\t\t\t<a href=\"https:\/\/anoticiaonline.com.br\/site\/categoria\/muriae\/\" title=\"Blog\">Blog<\/a>\n\t\t<\/span><span class=\"aioseo-breadcrumb-separator\">&raquo;<\/span><span class=\"aioseo-breadcrumb\">\n\t\t\t<a href=\"https:\/\/anoticiaonline.com.br\/site\/categoria\/muriae\/cotidiano\/\" title=\"Cotidiano\">Cotidiano<\/a>\n\t\t<\/span><span class=\"aioseo-breadcrumb-separator\">&raquo;<\/span><span class=\"aioseo-breadcrumb\">\n\t\t\tWania M\u00e1zala lan\u00e7a cole\u00e7\u00e3o primavera-ver\u00e3o\n\t\t<\/span><\/div>","aioseo_breadcrumb_json":[{"label":"Home","link":"https:\/\/anoticiaonline.com.br\/site"},{"label":"Blog","link":"https:\/\/anoticiaonline.com.br\/site\/categoria\/muriae\/"},{"label":"Cotidiano","link":"https:\/\/anoticiaonline.com.br\/site\/categoria\/muriae\/cotidiano\/"},{"label":"Wania M\u00e1zala lan\u00e7a cole\u00e7\u00e3o primavera-ver\u00e3o","link":"https:\/\/anoticiaonline.com.br\/site\/wania-mazala-lanca-colecao-primavera-verao\/"}],"views":232,"_links":{"self":[{"href":"https:\/\/anoticiaonline.com.br\/site\/wp-json\/wp\/v2\/posts\/102707","targetHints":{"allow":["GET"]}}],"collection":[{"href":"https:\/\/anoticiaonline.com.br\/site\/wp-json\/wp\/v2\/posts"}],"about":[{"href":"https:\/\/anoticiaonline.com.br\/site\/wp-json\/wp\/v2\/types\/post"}],"author":[{"embeddable":true,"href":"https:\/\/anoticiaonline.com.br\/site\/wp-json\/wp\/v2\/users\/2"}],"replies":[{"embeddable":true,"href":"https:\/\/anoticiaonline.com.br\/site\/wp-json\/wp\/v2\/comments?post=102707"}],"version-history":[{"count":0,"href":"https:\/\/anoticiaonline.com.br\/site\/wp-json\/wp\/v2\/posts\/102707\/revisions"}],"wp:attachment":[{"href":"https:\/\/anoticiaonline.com.br\/site\/wp-json\/wp\/v2\/media?parent=102707"}],"wp:term":[{"taxonomy":"category","embeddable":true,"href":"https:\/\/anoticiaonline.com.br\/site\/wp-json\/wp\/v2\/categories?post=102707"},{"taxonomy":"post_tag","embeddable":true,"href":"https:\/\/anoticiaonline.com.br\/site\/wp-json\/wp\/v2\/tags?post=102707"}],"curies":[{"name":"wp","href":"https:\/\/api.w.org\/{rel}","templated":true}]}}