{"id":10163,"date":"2016-02-19T11:06:06","date_gmt":"2016-02-19T14:06:06","guid":{"rendered":"http:\/\/anoticiaonline.com.br\/site\/?p=10163"},"modified":"2016-03-08T11:31:38","modified_gmt":"2016-03-08T14:31:38","slug":"rosa-cor-e-inaugurada-no-mar-center-shopping","status":"publish","type":"post","link":"https:\/\/anoticiaonline.com.br\/site\/rosa-cor-e-inaugurada-no-mar-center-shopping\/","title":{"rendered":"Rosa Cor \u00e9 inaugurada no Mar Center Shopping"},"content":{"rendered":"<p><a href=\"https:\/\/anoticiaonline.com.br\/site\/wp-content\/uploads\/2016\/03\/DSCN4458.jpg\"><img fetchpriority=\"high\" decoding=\"async\" class=\" size-medium wp-image-10164 alignleft\" src=\"https:\/\/anoticiaonline.com.br\/site\/wp-content\/uploads\/2016\/03\/DSCN4458-300x225.jpg\" alt=\"DSCN4458\" width=\"300\" height=\"225\" srcset=\"https:\/\/anoticiaonline.com.br\/site\/wp-content\/uploads\/2016\/03\/DSCN4458-300x225.jpg 300w, https:\/\/anoticiaonline.com.br\/site\/wp-content\/uploads\/2016\/03\/DSCN4458.jpg 640w\" sizes=\"(max-width: 300px) 100vw, 300px\" \/><\/a>A Rosa Cor chegou trazendo as mais novas tend\u00eancias em moda infantojuvenil. Localizada no Mar Center Shopping, loja 5, no Centro, a nova loja oferece as mais lindas roupas masculinas e femininas, cal\u00e7ados, acess\u00f3rios e bolsas para sa\u00edda da maternidade, para crian\u00e7as e adolescentes de zero a 18 anos, desde a linha casual \u00e0 linha festa, das marcas Ortop\u00e9, Malwee, Brandili, Duduka, Dok, entre outras.<\/p>\n<p>Essa \u00e9 a terceira empresa das empres\u00e1rias, Carla Rayane Ara\u00fajo Bandeira e Rosa Maria Ara\u00fajo, que j\u00e1 possuem lojas no bairro S\u00e3o Pedro e em Eugen\u00f3polis. \u201cVestimos as crian\u00e7as e adolescentes dos p\u00e9s \u00e0 cabe\u00e7a. Temos uma linha completa. Todos est\u00e3o convidados para conhecerem a nossa loja e nossos produtos\u201d, afirmam as s\u00f3cias-propriet\u00e1rias.<\/p>\n<p>A Rosa Cor j\u00e1 inaugurou com uma super promo\u00e7\u00e3o: todos os produtos da loja est\u00e3o com 20% de desconto para parcelamento no cart\u00e3o de cr\u00e9dito. Se o pagamento for \u00e0 vista, o desconto \u00e9 ainda maior: de 40%. A promo\u00e7\u00e3o ser\u00e1 v\u00e1lida at\u00e9 durar o estoque.<\/p>\n<p><img decoding=\"async\" class=\"ngg_displayed_gallery mceItem\" src=\"https:\/\/anoticiaonline.com.br\/site\/nextgen-attach_to_post\/preview\/id--10201\" alt=\"\" \/><\/p>\n","protected":false},"excerpt":{"rendered":"<p>A Rosa Cor chegou trazendo as mais novas tend\u00eancias em moda infantojuvenil. Localizada no Mar Center Shopping, loja 5, no Centro, a nova loja oferece as mais lindas roupas masculinas e femininas, cal\u00e7ados, acess\u00f3rios e bolsas para sa\u00edda da maternidade, para crian\u00e7as e adolescentes de zero a 18 anos, desde a linha casual \u00e0 linha &#8230; <a title=\"Rosa Cor \u00e9 inaugurada no Mar Center Shopping\" class=\"read-more\" href=\"https:\/\/anoticiaonline.com.br\/site\/rosa-cor-e-inaugurada-no-mar-center-shopping\/\" aria-label=\"Read more about Rosa Cor \u00e9 inaugurada no Mar Center Shopping\">Ler mais<\/a><\/p>\n","protected":false},"author":2,"featured_media":0,"comment_status":"open","ping_status":"open","sticky":false,"template":"","format":"standard","meta":{"_acf_changed":false,"_monsterinsights_skip_tracking":false,"footnotes":""},"categories":[24],"tags":[],"class_list":["post-10163","post","type-post","status-publish","format-standard","hentry","category-eventos"],"acf":[],"aioseo_notices":[],"aioseo_head":"\n\t\t<!-- All in One SEO 5.0.0.1 - aioseo.com -->\n\t<meta name=\"description\" content=\"A Rosa Cor chegou trazendo as mais novas tend\u00eancias em moda infantojuvenil. Localizada no Mar Center Shopping, loja 5, no Centro, a nova loja oferece as mais lindas roupas masculinas e femininas, cal\u00e7ados, acess\u00f3rios e bolsas para sa\u00edda da maternidade, para crian\u00e7as e adolescentes de zero a 18 anos, desde a linha casual \u00e0 linha\" \/>\n\t<meta name=\"robots\" content=\"max-image-preview:large\" \/>\n\t<meta name=\"author\" content=\"Juliana Laviola\"\/>\n\t<link rel=\"canonical\" href=\"https:\/\/anoticiaonline.com.br\/site\/rosa-cor-e-inaugurada-no-mar-center-shopping\/\" \/>\n\t<meta name=\"generator\" content=\"All in One SEO (AIOSEO) 5.0.0.1\" \/>\n\t\t<meta property=\"og:locale\" content=\"pt_BR\" \/>\n\t\t<meta property=\"og:site_name\" content=\"A Not\u00edcia Online - Noticias de Muria\u00e9 e regi\u00e3o\" \/>\n\t\t<meta property=\"og:type\" content=\"article\" \/>\n\t\t<meta property=\"og:title\" content=\"Rosa Cor \u00e9 inaugurada no Mar Center Shopping - A Not\u00edcia Online\" \/>\n\t\t<meta property=\"og:description\" content=\"A Rosa Cor chegou trazendo as mais novas tend\u00eancias em moda infantojuvenil. Localizada no Mar Center Shopping, loja 5, no Centro, a nova loja oferece as mais lindas roupas masculinas e femininas, cal\u00e7ados, acess\u00f3rios e bolsas para sa\u00edda da maternidade, para crian\u00e7as e adolescentes de zero a 18 anos, desde a linha casual \u00e0 linha\" \/>\n\t\t<meta property=\"og:url\" content=\"https:\/\/anoticiaonline.com.br\/site\/rosa-cor-e-inaugurada-no-mar-center-shopping\/\" \/>\n\t\t<meta property=\"og:image\" content=\"https:\/\/scontent-gig4-1.xx.fbcdn.net\/v\/t39.30808-1\/270437624_4564083193639691_6907940295614233970_n.jpg?stp=dst-jpg_s200x200_tt6&#038;_nc_cat=111&#038;ccb=1-7&#038;_nc_sid=f907e8&#038;_nc_ohc=SM1wRlP3lJwQ7kNvwEPuBYA&#038;_nc_oc=AdnqrjDN_BNjSSHWO-GbkIWH6fkGMLw4bqvL_NH6e2wMveX7G-rP2dAqsDSq1mJMOaY&#038;_nc_zt=24&#038;_nc_ht=scontent-gig4-1.xx&#038;_nc_gid=AoBFJeGrT1hVaew_6rchkQ&#038;oh=00_AfX7QmFGhQhG2jAllVgXCiM1ZrWgvtp80-Bfppyexh1QEg&#038;oe=689E923C\" \/>\n\t\t<meta property=\"og:image:secure_url\" content=\"https:\/\/scontent-gig4-1.xx.fbcdn.net\/v\/t39.30808-1\/270437624_4564083193639691_6907940295614233970_n.jpg?stp=dst-jpg_s200x200_tt6&#038;_nc_cat=111&#038;ccb=1-7&#038;_nc_sid=f907e8&#038;_nc_ohc=SM1wRlP3lJwQ7kNvwEPuBYA&#038;_nc_oc=AdnqrjDN_BNjSSHWO-GbkIWH6fkGMLw4bqvL_NH6e2wMveX7G-rP2dAqsDSq1mJMOaY&#038;_nc_zt=24&#038;_nc_ht=scontent-gig4-1.xx&#038;_nc_gid=AoBFJeGrT1hVaew_6rchkQ&#038;oh=00_AfX7QmFGhQhG2jAllVgXCiM1ZrWgvtp80-Bfppyexh1QEg&#038;oe=689E923C\" \/>\n\t\t<meta property=\"article:published_time\" content=\"2016-02-19T14:06:06+00:00\" \/>\n\t\t<meta property=\"article:modified_time\" content=\"2016-03-08T14:31:38+00:00\" \/>\n\t\t<meta name=\"twitter:card\" content=\"summary_large_image\" \/>\n\t\t<meta name=\"twitter:title\" content=\"Rosa Cor \u00e9 inaugurada no Mar Center Shopping - A Not\u00edcia Online\" \/>\n\t\t<meta name=\"twitter:description\" content=\"A Rosa Cor chegou trazendo as mais novas tend\u00eancias em moda infantojuvenil. Localizada no Mar Center Shopping, loja 5, no Centro, a nova loja oferece as mais lindas roupas masculinas e femininas, cal\u00e7ados, acess\u00f3rios e bolsas para sa\u00edda da maternidade, para crian\u00e7as e adolescentes de zero a 18 anos, desde a linha casual \u00e0 linha\" \/>\n\t\t<meta name=\"twitter:image\" content=\"https:\/\/scontent-gig4-1.xx.fbcdn.net\/v\/t39.30808-1\/270437624_4564083193639691_6907940295614233970_n.jpg?stp=dst-jpg_s200x200_tt6&amp;_nc_cat=111&amp;ccb=1-7&amp;_nc_sid=f907e8&amp;_nc_ohc=SM1wRlP3lJwQ7kNvwEPuBYA&amp;_nc_oc=AdnqrjDN_BNjSSHWO-GbkIWH6fkGMLw4bqvL_NH6e2wMveX7G-rP2dAqsDSq1mJMOaY&amp;_nc_zt=24&amp;_nc_ht=scontent-gig4-1.xx&amp;_nc_gid=AoBFJeGrT1hVaew_6rchkQ&amp;oh=00_AfX7QmFGhQhG2jAllVgXCiM1ZrWgvtp80-Bfppyexh1QEg&amp;oe=689E923C\" \/>\n\t\t<script type=\"application\/ld+json\" class=\"aioseo-schema\">\n\t\t\t{\"@context\":\"https:\\\/\\\/schema.org\",\"@graph\":[{\"@type\":\"BlogPosting\",\"@id\":\"https:\\\/\\\/anoticiaonline.com.br\\\/site\\\/rosa-cor-e-inaugurada-no-mar-center-shopping\\\/#blogposting\",\"name\":\"Rosa Cor \\u00e9 inaugurada no Mar Center Shopping - A Not\\u00edcia Online\",\"headline\":\"Rosa Cor \\u00e9 inaugurada no Mar Center Shopping\",\"author\":{\"@id\":\"https:\\\/\\\/anoticiaonline.com.br\\\/site\\\/author\\\/juliana\\\/#author\"},\"publisher\":{\"@id\":\"https:\\\/\\\/anoticiaonline.com.br\\\/site\\\/#organization\"},\"image\":{\"@type\":\"ImageObject\",\"url\":\"http:\\\/\\\/anoticiaonline.com.br\\\/site\\\/wp-content\\\/uploads\\\/2016\\\/03\\\/DSCN4458-300x225.jpg\",\"@id\":\"https:\\\/\\\/anoticiaonline.com.br\\\/site\\\/rosa-cor-e-inaugurada-no-mar-center-shopping\\\/#articleImage\"},\"datePublished\":\"2016-02-19T11:06:06-03:00\",\"dateModified\":\"2016-03-08T11:31:38-03:00\",\"inLanguage\":\"pt-BR\",\"mainEntityOfPage\":{\"@id\":\"https:\\\/\\\/anoticiaonline.com.br\\\/site\\\/rosa-cor-e-inaugurada-no-mar-center-shopping\\\/#webpage\"},\"isPartOf\":{\"@id\":\"https:\\\/\\\/anoticiaonline.com.br\\\/site\\\/rosa-cor-e-inaugurada-no-mar-center-shopping\\\/#webpage\"},\"articleSection\":\"Eventos\"},{\"@type\":\"BreadcrumbList\",\"@id\":\"https:\\\/\\\/anoticiaonline.com.br\\\/site\\\/rosa-cor-e-inaugurada-no-mar-center-shopping\\\/#breadcrumblist\",\"itemListElement\":[{\"@type\":\"ListItem\",\"@id\":\"https:\\\/\\\/anoticiaonline.com.br\\\/site#listItem\",\"position\":1,\"name\":\"Home\",\"item\":\"https:\\\/\\\/anoticiaonline.com.br\\\/site\",\"nextItem\":{\"@type\":\"ListItem\",\"@id\":\"https:\\\/\\\/anoticiaonline.com.br\\\/site\\\/categoria\\\/eventos\\\/#listItem\",\"name\":\"Eventos\"}},{\"@type\":\"ListItem\",\"@id\":\"https:\\\/\\\/anoticiaonline.com.br\\\/site\\\/categoria\\\/eventos\\\/#listItem\",\"position\":2,\"name\":\"Eventos\",\"item\":\"https:\\\/\\\/anoticiaonline.com.br\\\/site\\\/categoria\\\/eventos\\\/\",\"nextItem\":{\"@type\":\"ListItem\",\"@id\":\"https:\\\/\\\/anoticiaonline.com.br\\\/site\\\/rosa-cor-e-inaugurada-no-mar-center-shopping\\\/#listItem\",\"name\":\"Rosa Cor \\u00e9 inaugurada no Mar Center Shopping\"},\"previousItem\":{\"@type\":\"ListItem\",\"@id\":\"https:\\\/\\\/anoticiaonline.com.br\\\/site#listItem\",\"name\":\"Home\"}},{\"@type\":\"ListItem\",\"@id\":\"https:\\\/\\\/anoticiaonline.com.br\\\/site\\\/rosa-cor-e-inaugurada-no-mar-center-shopping\\\/#listItem\",\"position\":3,\"name\":\"Rosa Cor \\u00e9 inaugurada no Mar Center Shopping\",\"previousItem\":{\"@type\":\"ListItem\",\"@id\":\"https:\\\/\\\/anoticiaonline.com.br\\\/site\\\/categoria\\\/eventos\\\/#listItem\",\"name\":\"Eventos\"}}]},{\"@type\":\"Organization\",\"@id\":\"https:\\\/\\\/anoticiaonline.com.br\\\/site\\\/#organization\",\"name\":\"A Not\\u00edcia Online\",\"description\":\"Noticias de Muria\\u00e9 e regi\\u00e3o\",\"url\":\"https:\\\/\\\/anoticiaonline.com.br\\\/site\\\/\",\"logo\":{\"@type\":\"ImageObject\",\"url\":\"https:\\\/\\\/scontent-gig4-1.xx.fbcdn.net\\\/v\\\/t39.30808-1\\\/270437624_4564083193639691_6907940295614233970_n.jpg?stp=dst-jpg_s200x200_tt6&_nc_cat=111&ccb=1-7&_nc_sid=f907e8&_nc_ohc=SM1wRlP3lJwQ7kNvwEPuBYA&_nc_oc=AdnqrjDN_BNjSSHWO-GbkIWH6fkGMLw4bqvL_NH6e2wMveX7G-rP2dAqsDSq1mJMOaY&_nc_zt=24&_nc_ht=scontent-gig4-1.xx&_nc_gid=AoBFJeGrT1hVaew_6rchkQ&oh=00_AfX7QmFGhQhG2jAllVgXCiM1ZrWgvtp80-Bfppyexh1QEg&oe=689E923C\",\"@id\":\"https:\\\/\\\/anoticiaonline.com.br\\\/site\\\/rosa-cor-e-inaugurada-no-mar-center-shopping\\\/#organizationLogo\"},\"image\":{\"@id\":\"https:\\\/\\\/anoticiaonline.com.br\\\/site\\\/rosa-cor-e-inaugurada-no-mar-center-shopping\\\/#organizationLogo\"}},{\"@type\":\"Person\",\"@id\":\"https:\\\/\\\/anoticiaonline.com.br\\\/site\\\/author\\\/juliana\\\/#author\",\"url\":\"https:\\\/\\\/anoticiaonline.com.br\\\/site\\\/author\\\/juliana\\\/\",\"name\":\"Juliana Laviola\",\"image\":{\"@type\":\"ImageObject\",\"@id\":\"https:\\\/\\\/anoticiaonline.com.br\\\/site\\\/rosa-cor-e-inaugurada-no-mar-center-shopping\\\/#authorImage\",\"url\":\"https:\\\/\\\/secure.gravatar.com\\\/avatar\\\/b8d45f5c699b100dfaf0e543582f38f38bf94cb7ae3a5e9abf8d891a34773335?s=96&d=mm&r=g\",\"width\":96,\"height\":96,\"caption\":\"Juliana Laviola\"}},{\"@type\":\"WebPage\",\"@id\":\"https:\\\/\\\/anoticiaonline.com.br\\\/site\\\/rosa-cor-e-inaugurada-no-mar-center-shopping\\\/#webpage\",\"url\":\"https:\\\/\\\/anoticiaonline.com.br\\\/site\\\/rosa-cor-e-inaugurada-no-mar-center-shopping\\\/\",\"name\":\"Rosa Cor \\u00e9 inaugurada no Mar Center Shopping - A Not\\u00edcia Online\",\"description\":\"A Rosa Cor chegou trazendo as mais novas tend\\u00eancias em moda infantojuvenil. Localizada no Mar Center Shopping, loja 5, no Centro, a nova loja oferece as mais lindas roupas masculinas e femininas, cal\\u00e7ados, acess\\u00f3rios e bolsas para sa\\u00edda da maternidade, para crian\\u00e7as e adolescentes de zero a 18 anos, desde a linha casual \\u00e0 linha\",\"inLanguage\":\"pt-BR\",\"isPartOf\":{\"@id\":\"https:\\\/\\\/anoticiaonline.com.br\\\/site\\\/#website\"},\"breadcrumb\":{\"@id\":\"https:\\\/\\\/anoticiaonline.com.br\\\/site\\\/rosa-cor-e-inaugurada-no-mar-center-shopping\\\/#breadcrumblist\"},\"author\":{\"@id\":\"https:\\\/\\\/anoticiaonline.com.br\\\/site\\\/author\\\/juliana\\\/#author\"},\"creator\":{\"@id\":\"https:\\\/\\\/anoticiaonline.com.br\\\/site\\\/author\\\/juliana\\\/#author\"},\"datePublished\":\"2016-02-19T11:06:06-03:00\",\"dateModified\":\"2016-03-08T11:31:38-03:00\"},{\"@type\":\"WebSite\",\"@id\":\"https:\\\/\\\/anoticiaonline.com.br\\\/site\\\/#website\",\"url\":\"https:\\\/\\\/anoticiaonline.com.br\\\/site\\\/\",\"name\":\"A Not\\u00edcia Online\",\"description\":\"Noticias de Muria\\u00e9 e regi\\u00e3o\",\"inLanguage\":\"pt-BR\",\"publisher\":{\"@id\":\"https:\\\/\\\/anoticiaonline.com.br\\\/site\\\/#organization\"}}]}\n\t\t<\/script>\n\t\t<!-- All in One SEO -->\n\n","aioseo_head_json":{"title":"Rosa Cor \u00e9 inaugurada no Mar Center Shopping - A Not\u00edcia Online","description":"A Rosa Cor chegou trazendo as mais novas tend\u00eancias em moda infantojuvenil. Localizada no Mar Center Shopping, loja 5, no Centro, a nova loja oferece as mais lindas roupas masculinas e femininas, cal\u00e7ados, acess\u00f3rios e bolsas para sa\u00edda da maternidade, para crian\u00e7as e adolescentes de zero a 18 anos, desde a linha casual \u00e0 linha","canonical_url":"https:\/\/anoticiaonline.com.br\/site\/rosa-cor-e-inaugurada-no-mar-center-shopping\/","robots":"max-image-preview:large","keywords":"","webmasterTools":{"miscellaneous":""},"schema":{"@context":"https:\/\/schema.org","@graph":[{"@type":"BlogPosting","@id":"https:\/\/anoticiaonline.com.br\/site\/rosa-cor-e-inaugurada-no-mar-center-shopping\/#blogposting","name":"Rosa Cor \u00e9 inaugurada no Mar Center Shopping - A Not\u00edcia Online","headline":"Rosa Cor \u00e9 inaugurada no Mar Center Shopping","author":{"@id":"https:\/\/anoticiaonline.com.br\/site\/author\/juliana\/#author"},"publisher":{"@id":"https:\/\/anoticiaonline.com.br\/site\/#organization"},"image":{"@type":"ImageObject","url":"http:\/\/anoticiaonline.com.br\/site\/wp-content\/uploads\/2016\/03\/DSCN4458-300x225.jpg","@id":"https:\/\/anoticiaonline.com.br\/site\/rosa-cor-e-inaugurada-no-mar-center-shopping\/#articleImage"},"datePublished":"2016-02-19T11:06:06-03:00","dateModified":"2016-03-08T11:31:38-03:00","inLanguage":"pt-BR","mainEntityOfPage":{"@id":"https:\/\/anoticiaonline.com.br\/site\/rosa-cor-e-inaugurada-no-mar-center-shopping\/#webpage"},"isPartOf":{"@id":"https:\/\/anoticiaonline.com.br\/site\/rosa-cor-e-inaugurada-no-mar-center-shopping\/#webpage"},"articleSection":"Eventos"},{"@type":"BreadcrumbList","@id":"https:\/\/anoticiaonline.com.br\/site\/rosa-cor-e-inaugurada-no-mar-center-shopping\/#breadcrumblist","itemListElement":[{"@type":"ListItem","@id":"https:\/\/anoticiaonline.com.br\/site#listItem","position":1,"name":"Home","item":"https:\/\/anoticiaonline.com.br\/site","nextItem":{"@type":"ListItem","@id":"https:\/\/anoticiaonline.com.br\/site\/categoria\/eventos\/#listItem","name":"Eventos"}},{"@type":"ListItem","@id":"https:\/\/anoticiaonline.com.br\/site\/categoria\/eventos\/#listItem","position":2,"name":"Eventos","item":"https:\/\/anoticiaonline.com.br\/site\/categoria\/eventos\/","nextItem":{"@type":"ListItem","@id":"https:\/\/anoticiaonline.com.br\/site\/rosa-cor-e-inaugurada-no-mar-center-shopping\/#listItem","name":"Rosa Cor \u00e9 inaugurada no Mar Center Shopping"},"previousItem":{"@type":"ListItem","@id":"https:\/\/anoticiaonline.com.br\/site#listItem","name":"Home"}},{"@type":"ListItem","@id":"https:\/\/anoticiaonline.com.br\/site\/rosa-cor-e-inaugurada-no-mar-center-shopping\/#listItem","position":3,"name":"Rosa Cor \u00e9 inaugurada no Mar Center Shopping","previousItem":{"@type":"ListItem","@id":"https:\/\/anoticiaonline.com.br\/site\/categoria\/eventos\/#listItem","name":"Eventos"}}]},{"@type":"Organization","@id":"https:\/\/anoticiaonline.com.br\/site\/#organization","name":"A Not\u00edcia Online","description":"Noticias de Muria\u00e9 e regi\u00e3o","url":"https:\/\/anoticiaonline.com.br\/site\/","logo":{"@type":"ImageObject","url":"https:\/\/scontent-gig4-1.xx.fbcdn.net\/v\/t39.30808-1\/270437624_4564083193639691_6907940295614233970_n.jpg?stp=dst-jpg_s200x200_tt6&_nc_cat=111&ccb=1-7&_nc_sid=f907e8&_nc_ohc=SM1wRlP3lJwQ7kNvwEPuBYA&_nc_oc=AdnqrjDN_BNjSSHWO-GbkIWH6fkGMLw4bqvL_NH6e2wMveX7G-rP2dAqsDSq1mJMOaY&_nc_zt=24&_nc_ht=scontent-gig4-1.xx&_nc_gid=AoBFJeGrT1hVaew_6rchkQ&oh=00_AfX7QmFGhQhG2jAllVgXCiM1ZrWgvtp80-Bfppyexh1QEg&oe=689E923C","@id":"https:\/\/anoticiaonline.com.br\/site\/rosa-cor-e-inaugurada-no-mar-center-shopping\/#organizationLogo"},"image":{"@id":"https:\/\/anoticiaonline.com.br\/site\/rosa-cor-e-inaugurada-no-mar-center-shopping\/#organizationLogo"}},{"@type":"Person","@id":"https:\/\/anoticiaonline.com.br\/site\/author\/juliana\/#author","url":"https:\/\/anoticiaonline.com.br\/site\/author\/juliana\/","name":"Juliana Laviola","image":{"@type":"ImageObject","@id":"https:\/\/anoticiaonline.com.br\/site\/rosa-cor-e-inaugurada-no-mar-center-shopping\/#authorImage","url":"https:\/\/secure.gravatar.com\/avatar\/b8d45f5c699b100dfaf0e543582f38f38bf94cb7ae3a5e9abf8d891a34773335?s=96&d=mm&r=g","width":96,"height":96,"caption":"Juliana Laviola"}},{"@type":"WebPage","@id":"https:\/\/anoticiaonline.com.br\/site\/rosa-cor-e-inaugurada-no-mar-center-shopping\/#webpage","url":"https:\/\/anoticiaonline.com.br\/site\/rosa-cor-e-inaugurada-no-mar-center-shopping\/","name":"Rosa Cor \u00e9 inaugurada no Mar Center Shopping - A Not\u00edcia Online","description":"A Rosa Cor chegou trazendo as mais novas tend\u00eancias em moda infantojuvenil. Localizada no Mar Center Shopping, loja 5, no Centro, a nova loja oferece as mais lindas roupas masculinas e femininas, cal\u00e7ados, acess\u00f3rios e bolsas para sa\u00edda da maternidade, para crian\u00e7as e adolescentes de zero a 18 anos, desde a linha casual \u00e0 linha","inLanguage":"pt-BR","isPartOf":{"@id":"https:\/\/anoticiaonline.com.br\/site\/#website"},"breadcrumb":{"@id":"https:\/\/anoticiaonline.com.br\/site\/rosa-cor-e-inaugurada-no-mar-center-shopping\/#breadcrumblist"},"author":{"@id":"https:\/\/anoticiaonline.com.br\/site\/author\/juliana\/#author"},"creator":{"@id":"https:\/\/anoticiaonline.com.br\/site\/author\/juliana\/#author"},"datePublished":"2016-02-19T11:06:06-03:00","dateModified":"2016-03-08T11:31:38-03:00"},{"@type":"WebSite","@id":"https:\/\/anoticiaonline.com.br\/site\/#website","url":"https:\/\/anoticiaonline.com.br\/site\/","name":"A Not\u00edcia Online","description":"Noticias de Muria\u00e9 e regi\u00e3o","inLanguage":"pt-BR","publisher":{"@id":"https:\/\/anoticiaonline.com.br\/site\/#organization"}}]},"og:locale":"pt_BR","og:site_name":"A Not\u00edcia Online - Noticias de Muria\u00e9 e regi\u00e3o","og:type":"article","og:title":"Rosa Cor \u00e9 inaugurada no Mar Center Shopping - A Not\u00edcia Online","og:description":"A Rosa Cor chegou trazendo as mais novas tend\u00eancias em moda infantojuvenil. Localizada no Mar Center Shopping, loja 5, no Centro, a nova loja oferece as mais lindas roupas masculinas e femininas, cal\u00e7ados, acess\u00f3rios e bolsas para sa\u00edda da maternidade, para crian\u00e7as e adolescentes de zero a 18 anos, desde a linha casual \u00e0 linha","og:url":"https:\/\/anoticiaonline.com.br\/site\/rosa-cor-e-inaugurada-no-mar-center-shopping\/","og:image":"https:\/\/scontent-gig4-1.xx.fbcdn.net\/v\/t39.30808-1\/270437624_4564083193639691_6907940295614233970_n.jpg?stp=dst-jpg_s200x200_tt6&#038;_nc_cat=111&#038;ccb=1-7&#038;_nc_sid=f907e8&#038;_nc_ohc=SM1wRlP3lJwQ7kNvwEPuBYA&#038;_nc_oc=AdnqrjDN_BNjSSHWO-GbkIWH6fkGMLw4bqvL_NH6e2wMveX7G-rP2dAqsDSq1mJMOaY&#038;_nc_zt=24&#038;_nc_ht=scontent-gig4-1.xx&#038;_nc_gid=AoBFJeGrT1hVaew_6rchkQ&#038;oh=00_AfX7QmFGhQhG2jAllVgXCiM1ZrWgvtp80-Bfppyexh1QEg&#038;oe=689E923C","og:image:secure_url":"https:\/\/scontent-gig4-1.xx.fbcdn.net\/v\/t39.30808-1\/270437624_4564083193639691_6907940295614233970_n.jpg?stp=dst-jpg_s200x200_tt6&#038;_nc_cat=111&#038;ccb=1-7&#038;_nc_sid=f907e8&#038;_nc_ohc=SM1wRlP3lJwQ7kNvwEPuBYA&#038;_nc_oc=AdnqrjDN_BNjSSHWO-GbkIWH6fkGMLw4bqvL_NH6e2wMveX7G-rP2dAqsDSq1mJMOaY&#038;_nc_zt=24&#038;_nc_ht=scontent-gig4-1.xx&#038;_nc_gid=AoBFJeGrT1hVaew_6rchkQ&#038;oh=00_AfX7QmFGhQhG2jAllVgXCiM1ZrWgvtp80-Bfppyexh1QEg&#038;oe=689E923C","article:published_time":"2016-02-19T14:06:06+00:00","article:modified_time":"2016-03-08T14:31:38+00:00","twitter:card":"summary_large_image","twitter:title":"Rosa Cor \u00e9 inaugurada no Mar Center Shopping - A Not\u00edcia Online","twitter:description":"A Rosa Cor chegou trazendo as mais novas tend\u00eancias em moda infantojuvenil. Localizada no Mar Center Shopping, loja 5, no Centro, a nova loja oferece as mais lindas roupas masculinas e femininas, cal\u00e7ados, acess\u00f3rios e bolsas para sa\u00edda da maternidade, para crian\u00e7as e adolescentes de zero a 18 anos, desde a linha casual \u00e0 linha","twitter:image":"https:\/\/scontent-gig4-1.xx.fbcdn.net\/v\/t39.30808-1\/270437624_4564083193639691_6907940295614233970_n.jpg?stp=dst-jpg_s200x200_tt6&_nc_cat=111&ccb=1-7&_nc_sid=f907e8&_nc_ohc=SM1wRlP3lJwQ7kNvwEPuBYA&_nc_oc=AdnqrjDN_BNjSSHWO-GbkIWH6fkGMLw4bqvL_NH6e2wMveX7G-rP2dAqsDSq1mJMOaY&_nc_zt=24&_nc_ht=scontent-gig4-1.xx&_nc_gid=AoBFJeGrT1hVaew_6rchkQ&oh=00_AfX7QmFGhQhG2jAllVgXCiM1ZrWgvtp80-Bfppyexh1QEg&oe=689E923C"},"aioseo_meta_data":{"post_id":"10163","title":null,"description":null,"keywords":null,"keyphrases":null,"primary_term":null,"canonical_url":null,"og_title":null,"og_description":null,"og_object_type":"default","og_image_type":"default","og_image_url":null,"og_image_width":null,"og_image_height":null,"og_image_custom_url":null,"og_image_custom_fields":null,"og_video":null,"og_custom_url":null,"og_article_section":null,"og_article_tags":null,"twitter_use_og":false,"twitter_card":"default","twitter_image_type":"default","twitter_image_url":null,"twitter_image_custom_url":null,"twitter_image_custom_fields":null,"twitter_title":null,"twitter_description":null,"schema":{"blockGraphs":[],"customGraphs":[],"default":{"data":{"Article":[],"Course":[],"Dataset":[],"FAQPage":[],"Movie":[],"Person":[],"Product":[],"ProductReview":[],"Car":[],"Recipe":[],"Service":[],"SoftwareApplication":[],"WebPage":[]},"graphName":"","isEnabled":true},"graphs":[]},"schema_type":"default","schema_type_options":null,"pillar_content":false,"robots_default":true,"robots_noindex":false,"robots_noarchive":false,"robots_nosnippet":false,"robots_nofollow":false,"robots_noimageindex":false,"robots_noodp":false,"robots_notranslate":false,"robots_max_snippet":null,"robots_max_videopreview":null,"robots_max_imagepreview":"large","priority":null,"frequency":null,"local_seo":null,"breadcrumb_settings":null,"limit_modified_date":false,"ai":null,"created":"2025-08-16 15:29:50","updated":"2025-08-16 15:29:50","focus_keyword":null,"additional_keywords":null,"truseo_locale":null,"seo_analyzer_scan_date":null},"aioseo_breadcrumb":"<div class=\"aioseo-breadcrumbs\"><span class=\"aioseo-breadcrumb\">\n\t\t\t<a href=\"https:\/\/anoticiaonline.com.br\/site\" title=\"Home\">Home<\/a>\n\t\t<\/span><span class=\"aioseo-breadcrumb-separator\">&raquo;<\/span><span class=\"aioseo-breadcrumb\">\n\t\t\t<a href=\"https:\/\/anoticiaonline.com.br\/site\/categoria\/eventos\/\" title=\"Eventos\">Eventos<\/a>\n\t\t<\/span><span class=\"aioseo-breadcrumb-separator\">&raquo;<\/span><span class=\"aioseo-breadcrumb\">\n\t\t\tRosa Cor \u00e9 inaugurada no Mar Center Shopping\n\t\t<\/span><\/div>","aioseo_breadcrumb_json":[{"label":"Home","link":"https:\/\/anoticiaonline.com.br\/site"},{"label":"Eventos","link":"https:\/\/anoticiaonline.com.br\/site\/categoria\/eventos\/"},{"label":"Rosa Cor \u00e9 inaugurada no Mar Center Shopping","link":"https:\/\/anoticiaonline.com.br\/site\/rosa-cor-e-inaugurada-no-mar-center-shopping\/"}],"views":142,"_links":{"self":[{"href":"https:\/\/anoticiaonline.com.br\/site\/wp-json\/wp\/v2\/posts\/10163","targetHints":{"allow":["GET"]}}],"collection":[{"href":"https:\/\/anoticiaonline.com.br\/site\/wp-json\/wp\/v2\/posts"}],"about":[{"href":"https:\/\/anoticiaonline.com.br\/site\/wp-json\/wp\/v2\/types\/post"}],"author":[{"embeddable":true,"href":"https:\/\/anoticiaonline.com.br\/site\/wp-json\/wp\/v2\/users\/2"}],"replies":[{"embeddable":true,"href":"https:\/\/anoticiaonline.com.br\/site\/wp-json\/wp\/v2\/comments?post=10163"}],"version-history":[{"count":0,"href":"https:\/\/anoticiaonline.com.br\/site\/wp-json\/wp\/v2\/posts\/10163\/revisions"}],"wp:attachment":[{"href":"https:\/\/anoticiaonline.com.br\/site\/wp-json\/wp\/v2\/media?parent=10163"}],"wp:term":[{"taxonomy":"category","embeddable":true,"href":"https:\/\/anoticiaonline.com.br\/site\/wp-json\/wp\/v2\/categories?post=10163"},{"taxonomy":"post_tag","embeddable":true,"href":"https:\/\/anoticiaonline.com.br\/site\/wp-json\/wp\/v2\/tags?post=10163"}],"curies":[{"name":"wp","href":"https:\/\/api.w.org\/{rel}","templated":true}]}}