{"id":10141,"date":"2016-03-07T09:27:51","date_gmt":"2016-03-07T12:27:51","guid":{"rendered":"http:\/\/anoticiaonline.com.br\/site\/?p=10141"},"modified":"2016-03-07T09:27:51","modified_gmt":"2016-03-07T12:27:51","slug":"camara-realiza-sessao-especial-em-homenagem-a-mulher","status":"publish","type":"post","link":"https:\/\/anoticiaonline.com.br\/site\/camara-realiza-sessao-especial-em-homenagem-a-mulher\/","title":{"rendered":"C\u00e2mara realiza sess\u00e3o especial em homenagem \u00e0 mulher"},"content":{"rendered":"<p><a href=\"https:\/\/anoticiaonline.com.br\/site\/wp-content\/uploads\/2016\/02\/C\u00e2mara-Municipal.jpg\"><img fetchpriority=\"high\" decoding=\"async\" class=\" size-medium wp-image-9404 alignleft\" src=\"https:\/\/anoticiaonline.com.br\/site\/wp-content\/uploads\/2016\/02\/C\u00e2mara-Municipal-300x225.jpg\" alt=\"C\u00e2mara Municipal\" width=\"300\" height=\"225\" srcset=\"https:\/\/anoticiaonline.com.br\/site\/wp-content\/uploads\/2016\/02\/C\u00e2mara-Municipal-300x225.jpg 300w, https:\/\/anoticiaonline.com.br\/site\/wp-content\/uploads\/2016\/02\/C\u00e2mara-Municipal.jpg 640w\" sizes=\"(max-width: 300px) 100vw, 300px\" \/><\/a>A C\u00e2mara de Vereadores de Muria\u00e9 vai realizar uma sess\u00e3o solene especial nesta ter\u00e7a-feira (8), Dia Internacional da Mulher, para agraciar nove mulheres e uma entidade que trabalham e desempenham papel importante na sociedade. As homenageadas representar\u00e3o as mulheres muriaeenses.<\/p>\n<p>A presidente da Casa, vereadora Helena Carvalho, e os demais vereadores, programaram a sess\u00e3o para ter in\u00edcio \u00e0s 18 horas.<\/p>\n<p><strong>AS AGRACIADAS S\u00c3O:<\/strong><\/p>\n<p>Alinne Arquette Leite Novais<br \/>\nAna Paola Medeiros de Oliveira Carneiro<br \/>\nAndr\u00e9ia Maria Vieira de Freitas Sigili\u00e3o<br \/>\nCongrega\u00e7\u00e3o das Irm\u00e3s de Santa Marcelina de Muria\u00e9<br \/>\nHelena Francisco Carvalho<br \/>\nMaria de F\u00e1tima da Silva Neto Ferreira<br \/>\nMaria Tereza Pedrosa e Ornelas<br \/>\nNat\u00e1lia Santos Magalh\u00e3es<br \/>\nRita de C\u00e1ssia de Oliveira Paula<br \/>\nRosemary Duarte de Souza<\/p>\n","protected":false},"excerpt":{"rendered":"<p>A C\u00e2mara de Vereadores de Muria\u00e9 vai realizar uma sess\u00e3o solene especial nesta ter\u00e7a-feira (8), Dia Internacional da Mulher, para agraciar nove mulheres e uma entidade que trabalham e desempenham papel importante na sociedade. As homenageadas representar\u00e3o as mulheres muriaeenses. A presidente da Casa, vereadora Helena Carvalho, e os demais vereadores, programaram a sess\u00e3o para &#8230; <a title=\"C\u00e2mara realiza sess\u00e3o especial em homenagem \u00e0 mulher\" class=\"read-more\" href=\"https:\/\/anoticiaonline.com.br\/site\/camara-realiza-sessao-especial-em-homenagem-a-mulher\/\" aria-label=\"Read more about C\u00e2mara realiza sess\u00e3o especial em homenagem \u00e0 mulher\">Ler mais<\/a><\/p>\n","protected":false},"author":2,"featured_media":9404,"comment_status":"open","ping_status":"open","sticky":false,"template":"","format":"standard","meta":{"_acf_changed":false,"_monsterinsights_skip_tracking":false,"footnotes":""},"categories":[30],"tags":[3],"class_list":["post-10141","post","type-post","status-publish","format-standard","has-post-thumbnail","hentry","category-muriae","tag-slide"],"acf":[],"aioseo_notices":[],"aioseo_head":"\n\t\t<!-- All in One SEO 5.0.0.1 - aioseo.com -->\n\t<meta name=\"description\" content=\"A C\u00e2mara de Vereadores de Muria\u00e9 vai realizar uma sess\u00e3o solene especial nesta ter\u00e7a-feira (8), Dia Internacional da Mulher, para agraciar nove mulheres e uma entidade que trabalham e desempenham papel importante na sociedade. As homenageadas representar\u00e3o as mulheres muriaeenses. A presidente da Casa, vereadora Helena Carvalho, e os demais vereadores, programaram a sess\u00e3o para\" \/>\n\t<meta name=\"robots\" content=\"max-image-preview:large\" \/>\n\t<meta name=\"author\" content=\"Juliana Laviola\"\/>\n\t<link rel=\"canonical\" href=\"https:\/\/anoticiaonline.com.br\/site\/camara-realiza-sessao-especial-em-homenagem-a-mulher\/\" \/>\n\t<meta name=\"generator\" content=\"All in One SEO (AIOSEO) 5.0.0.1\" \/>\n\t\t<meta property=\"og:locale\" content=\"pt_BR\" \/>\n\t\t<meta property=\"og:site_name\" content=\"A Not\u00edcia Online - Noticias de Muria\u00e9 e regi\u00e3o\" \/>\n\t\t<meta property=\"og:type\" content=\"article\" \/>\n\t\t<meta property=\"og:title\" content=\"C\u00e2mara realiza sess\u00e3o especial em homenagem \u00e0 mulher - A Not\u00edcia Online\" \/>\n\t\t<meta property=\"og:description\" content=\"A C\u00e2mara de Vereadores de Muria\u00e9 vai realizar uma sess\u00e3o solene especial nesta ter\u00e7a-feira (8), Dia Internacional da Mulher, para agraciar nove mulheres e uma entidade que trabalham e desempenham papel importante na sociedade. As homenageadas representar\u00e3o as mulheres muriaeenses. A presidente da Casa, vereadora Helena Carvalho, e os demais vereadores, programaram a sess\u00e3o para\" \/>\n\t\t<meta property=\"og:url\" content=\"https:\/\/anoticiaonline.com.br\/site\/camara-realiza-sessao-especial-em-homenagem-a-mulher\/\" \/>\n\t\t<meta property=\"og:image\" content=\"https:\/\/scontent-gig4-1.xx.fbcdn.net\/v\/t39.30808-1\/270437624_4564083193639691_6907940295614233970_n.jpg?stp=dst-jpg_s200x200_tt6&#038;_nc_cat=111&#038;ccb=1-7&#038;_nc_sid=f907e8&#038;_nc_ohc=SM1wRlP3lJwQ7kNvwEPuBYA&#038;_nc_oc=AdnqrjDN_BNjSSHWO-GbkIWH6fkGMLw4bqvL_NH6e2wMveX7G-rP2dAqsDSq1mJMOaY&#038;_nc_zt=24&#038;_nc_ht=scontent-gig4-1.xx&#038;_nc_gid=AoBFJeGrT1hVaew_6rchkQ&#038;oh=00_AfX7QmFGhQhG2jAllVgXCiM1ZrWgvtp80-Bfppyexh1QEg&#038;oe=689E923C\" \/>\n\t\t<meta property=\"og:image:secure_url\" content=\"https:\/\/scontent-gig4-1.xx.fbcdn.net\/v\/t39.30808-1\/270437624_4564083193639691_6907940295614233970_n.jpg?stp=dst-jpg_s200x200_tt6&#038;_nc_cat=111&#038;ccb=1-7&#038;_nc_sid=f907e8&#038;_nc_ohc=SM1wRlP3lJwQ7kNvwEPuBYA&#038;_nc_oc=AdnqrjDN_BNjSSHWO-GbkIWH6fkGMLw4bqvL_NH6e2wMveX7G-rP2dAqsDSq1mJMOaY&#038;_nc_zt=24&#038;_nc_ht=scontent-gig4-1.xx&#038;_nc_gid=AoBFJeGrT1hVaew_6rchkQ&#038;oh=00_AfX7QmFGhQhG2jAllVgXCiM1ZrWgvtp80-Bfppyexh1QEg&#038;oe=689E923C\" \/>\n\t\t<meta property=\"article:published_time\" content=\"2016-03-07T12:27:51+00:00\" \/>\n\t\t<meta property=\"article:modified_time\" content=\"2016-03-07T12:27:51+00:00\" \/>\n\t\t<meta name=\"twitter:card\" content=\"summary_large_image\" \/>\n\t\t<meta name=\"twitter:title\" content=\"C\u00e2mara realiza sess\u00e3o especial em homenagem \u00e0 mulher - A Not\u00edcia Online\" \/>\n\t\t<meta name=\"twitter:description\" content=\"A C\u00e2mara de Vereadores de Muria\u00e9 vai realizar uma sess\u00e3o solene especial nesta ter\u00e7a-feira (8), Dia Internacional da Mulher, para agraciar nove mulheres e uma entidade que trabalham e desempenham papel importante na sociedade. As homenageadas representar\u00e3o as mulheres muriaeenses. A presidente da Casa, vereadora Helena Carvalho, e os demais vereadores, programaram a sess\u00e3o para\" \/>\n\t\t<meta name=\"twitter:image\" content=\"https:\/\/scontent-gig4-1.xx.fbcdn.net\/v\/t39.30808-1\/270437624_4564083193639691_6907940295614233970_n.jpg?stp=dst-jpg_s200x200_tt6&amp;_nc_cat=111&amp;ccb=1-7&amp;_nc_sid=f907e8&amp;_nc_ohc=SM1wRlP3lJwQ7kNvwEPuBYA&amp;_nc_oc=AdnqrjDN_BNjSSHWO-GbkIWH6fkGMLw4bqvL_NH6e2wMveX7G-rP2dAqsDSq1mJMOaY&amp;_nc_zt=24&amp;_nc_ht=scontent-gig4-1.xx&amp;_nc_gid=AoBFJeGrT1hVaew_6rchkQ&amp;oh=00_AfX7QmFGhQhG2jAllVgXCiM1ZrWgvtp80-Bfppyexh1QEg&amp;oe=689E923C\" \/>\n\t\t<script type=\"application\/ld+json\" class=\"aioseo-schema\">\n\t\t\t{\"@context\":\"https:\\\/\\\/schema.org\",\"@graph\":[{\"@type\":\"BlogPosting\",\"@id\":\"https:\\\/\\\/anoticiaonline.com.br\\\/site\\\/camara-realiza-sessao-especial-em-homenagem-a-mulher\\\/#blogposting\",\"name\":\"C\\u00e2mara realiza sess\\u00e3o especial em homenagem \\u00e0 mulher - A Not\\u00edcia Online\",\"headline\":\"C\\u00e2mara realiza sess\\u00e3o especial em homenagem \\u00e0 mulher\",\"author\":{\"@id\":\"https:\\\/\\\/anoticiaonline.com.br\\\/site\\\/author\\\/juliana\\\/#author\"},\"publisher\":{\"@id\":\"https:\\\/\\\/anoticiaonline.com.br\\\/site\\\/#organization\"},\"image\":{\"@type\":\"ImageObject\",\"url\":\"https:\\\/\\\/anoticiaonline.com.br\\\/site\\\/wp-content\\\/uploads\\\/2016\\\/02\\\/C\\u00e2mara-Municipal.jpg\",\"width\":640,\"height\":480},\"datePublished\":\"2016-03-07T09:27:51-03:00\",\"dateModified\":\"2016-03-07T09:27:51-03:00\",\"inLanguage\":\"pt-BR\",\"mainEntityOfPage\":{\"@id\":\"https:\\\/\\\/anoticiaonline.com.br\\\/site\\\/camara-realiza-sessao-especial-em-homenagem-a-mulher\\\/#webpage\"},\"isPartOf\":{\"@id\":\"https:\\\/\\\/anoticiaonline.com.br\\\/site\\\/camara-realiza-sessao-especial-em-homenagem-a-mulher\\\/#webpage\"},\"articleSection\":\"Blog, slide\"},{\"@type\":\"BreadcrumbList\",\"@id\":\"https:\\\/\\\/anoticiaonline.com.br\\\/site\\\/camara-realiza-sessao-especial-em-homenagem-a-mulher\\\/#breadcrumblist\",\"itemListElement\":[{\"@type\":\"ListItem\",\"@id\":\"https:\\\/\\\/anoticiaonline.com.br\\\/site#listItem\",\"position\":1,\"name\":\"Home\",\"item\":\"https:\\\/\\\/anoticiaonline.com.br\\\/site\",\"nextItem\":{\"@type\":\"ListItem\",\"@id\":\"https:\\\/\\\/anoticiaonline.com.br\\\/site\\\/categoria\\\/muriae\\\/#listItem\",\"name\":\"Blog\"}},{\"@type\":\"ListItem\",\"@id\":\"https:\\\/\\\/anoticiaonline.com.br\\\/site\\\/categoria\\\/muriae\\\/#listItem\",\"position\":2,\"name\":\"Blog\",\"item\":\"https:\\\/\\\/anoticiaonline.com.br\\\/site\\\/categoria\\\/muriae\\\/\",\"nextItem\":{\"@type\":\"ListItem\",\"@id\":\"https:\\\/\\\/anoticiaonline.com.br\\\/site\\\/camara-realiza-sessao-especial-em-homenagem-a-mulher\\\/#listItem\",\"name\":\"C\\u00e2mara realiza sess\\u00e3o especial em homenagem \\u00e0 mulher\"},\"previousItem\":{\"@type\":\"ListItem\",\"@id\":\"https:\\\/\\\/anoticiaonline.com.br\\\/site#listItem\",\"name\":\"Home\"}},{\"@type\":\"ListItem\",\"@id\":\"https:\\\/\\\/anoticiaonline.com.br\\\/site\\\/camara-realiza-sessao-especial-em-homenagem-a-mulher\\\/#listItem\",\"position\":3,\"name\":\"C\\u00e2mara realiza sess\\u00e3o especial em homenagem \\u00e0 mulher\",\"previousItem\":{\"@type\":\"ListItem\",\"@id\":\"https:\\\/\\\/anoticiaonline.com.br\\\/site\\\/categoria\\\/muriae\\\/#listItem\",\"name\":\"Blog\"}}]},{\"@type\":\"Organization\",\"@id\":\"https:\\\/\\\/anoticiaonline.com.br\\\/site\\\/#organization\",\"name\":\"A Not\\u00edcia Online\",\"description\":\"Noticias de Muria\\u00e9 e regi\\u00e3o\",\"url\":\"https:\\\/\\\/anoticiaonline.com.br\\\/site\\\/\",\"logo\":{\"@type\":\"ImageObject\",\"url\":\"https:\\\/\\\/scontent-gig4-1.xx.fbcdn.net\\\/v\\\/t39.30808-1\\\/270437624_4564083193639691_6907940295614233970_n.jpg?stp=dst-jpg_s200x200_tt6&_nc_cat=111&ccb=1-7&_nc_sid=f907e8&_nc_ohc=SM1wRlP3lJwQ7kNvwEPuBYA&_nc_oc=AdnqrjDN_BNjSSHWO-GbkIWH6fkGMLw4bqvL_NH6e2wMveX7G-rP2dAqsDSq1mJMOaY&_nc_zt=24&_nc_ht=scontent-gig4-1.xx&_nc_gid=AoBFJeGrT1hVaew_6rchkQ&oh=00_AfX7QmFGhQhG2jAllVgXCiM1ZrWgvtp80-Bfppyexh1QEg&oe=689E923C\",\"@id\":\"https:\\\/\\\/anoticiaonline.com.br\\\/site\\\/camara-realiza-sessao-especial-em-homenagem-a-mulher\\\/#organizationLogo\"},\"image\":{\"@id\":\"https:\\\/\\\/anoticiaonline.com.br\\\/site\\\/camara-realiza-sessao-especial-em-homenagem-a-mulher\\\/#organizationLogo\"}},{\"@type\":\"Person\",\"@id\":\"https:\\\/\\\/anoticiaonline.com.br\\\/site\\\/author\\\/juliana\\\/#author\",\"url\":\"https:\\\/\\\/anoticiaonline.com.br\\\/site\\\/author\\\/juliana\\\/\",\"name\":\"Juliana Laviola\",\"image\":{\"@type\":\"ImageObject\",\"@id\":\"https:\\\/\\\/anoticiaonline.com.br\\\/site\\\/camara-realiza-sessao-especial-em-homenagem-a-mulher\\\/#authorImage\",\"url\":\"https:\\\/\\\/secure.gravatar.com\\\/avatar\\\/b8d45f5c699b100dfaf0e543582f38f38bf94cb7ae3a5e9abf8d891a34773335?s=96&d=mm&r=g\",\"width\":96,\"height\":96,\"caption\":\"Juliana Laviola\"}},{\"@type\":\"WebPage\",\"@id\":\"https:\\\/\\\/anoticiaonline.com.br\\\/site\\\/camara-realiza-sessao-especial-em-homenagem-a-mulher\\\/#webpage\",\"url\":\"https:\\\/\\\/anoticiaonline.com.br\\\/site\\\/camara-realiza-sessao-especial-em-homenagem-a-mulher\\\/\",\"name\":\"C\\u00e2mara realiza sess\\u00e3o especial em homenagem \\u00e0 mulher - A Not\\u00edcia Online\",\"description\":\"A C\\u00e2mara de Vereadores de Muria\\u00e9 vai realizar uma sess\\u00e3o solene especial nesta ter\\u00e7a-feira (8), Dia Internacional da Mulher, para agraciar nove mulheres e uma entidade que trabalham e desempenham papel importante na sociedade. As homenageadas representar\\u00e3o as mulheres muriaeenses. A presidente da Casa, vereadora Helena Carvalho, e os demais vereadores, programaram a sess\\u00e3o para\",\"inLanguage\":\"pt-BR\",\"isPartOf\":{\"@id\":\"https:\\\/\\\/anoticiaonline.com.br\\\/site\\\/#website\"},\"breadcrumb\":{\"@id\":\"https:\\\/\\\/anoticiaonline.com.br\\\/site\\\/camara-realiza-sessao-especial-em-homenagem-a-mulher\\\/#breadcrumblist\"},\"author\":{\"@id\":\"https:\\\/\\\/anoticiaonline.com.br\\\/site\\\/author\\\/juliana\\\/#author\"},\"creator\":{\"@id\":\"https:\\\/\\\/anoticiaonline.com.br\\\/site\\\/author\\\/juliana\\\/#author\"},\"image\":{\"@type\":\"ImageObject\",\"url\":\"https:\\\/\\\/anoticiaonline.com.br\\\/site\\\/wp-content\\\/uploads\\\/2016\\\/02\\\/C\\u00e2mara-Municipal.jpg\",\"@id\":\"https:\\\/\\\/anoticiaonline.com.br\\\/site\\\/camara-realiza-sessao-especial-em-homenagem-a-mulher\\\/#mainImage\",\"width\":640,\"height\":480},\"primaryImageOfPage\":{\"@id\":\"https:\\\/\\\/anoticiaonline.com.br\\\/site\\\/camara-realiza-sessao-especial-em-homenagem-a-mulher\\\/#mainImage\"},\"datePublished\":\"2016-03-07T09:27:51-03:00\",\"dateModified\":\"2016-03-07T09:27:51-03:00\"},{\"@type\":\"WebSite\",\"@id\":\"https:\\\/\\\/anoticiaonline.com.br\\\/site\\\/#website\",\"url\":\"https:\\\/\\\/anoticiaonline.com.br\\\/site\\\/\",\"name\":\"A Not\\u00edcia Online\",\"description\":\"Noticias de Muria\\u00e9 e regi\\u00e3o\",\"inLanguage\":\"pt-BR\",\"publisher\":{\"@id\":\"https:\\\/\\\/anoticiaonline.com.br\\\/site\\\/#organization\"}}]}\n\t\t<\/script>\n\t\t<!-- All in One SEO -->\n\n","aioseo_head_json":{"title":"C\u00e2mara realiza sess\u00e3o especial em homenagem \u00e0 mulher - A Not\u00edcia Online","description":"A C\u00e2mara de Vereadores de Muria\u00e9 vai realizar uma sess\u00e3o solene especial nesta ter\u00e7a-feira (8), Dia Internacional da Mulher, para agraciar nove mulheres e uma entidade que trabalham e desempenham papel importante na sociedade. As homenageadas representar\u00e3o as mulheres muriaeenses. A presidente da Casa, vereadora Helena Carvalho, e os demais vereadores, programaram a sess\u00e3o para","canonical_url":"https:\/\/anoticiaonline.com.br\/site\/camara-realiza-sessao-especial-em-homenagem-a-mulher\/","robots":"max-image-preview:large","keywords":"","webmasterTools":{"miscellaneous":""},"schema":{"@context":"https:\/\/schema.org","@graph":[{"@type":"BlogPosting","@id":"https:\/\/anoticiaonline.com.br\/site\/camara-realiza-sessao-especial-em-homenagem-a-mulher\/#blogposting","name":"C\u00e2mara realiza sess\u00e3o especial em homenagem \u00e0 mulher - A Not\u00edcia Online","headline":"C\u00e2mara realiza sess\u00e3o especial em homenagem \u00e0 mulher","author":{"@id":"https:\/\/anoticiaonline.com.br\/site\/author\/juliana\/#author"},"publisher":{"@id":"https:\/\/anoticiaonline.com.br\/site\/#organization"},"image":{"@type":"ImageObject","url":"https:\/\/anoticiaonline.com.br\/site\/wp-content\/uploads\/2016\/02\/C\u00e2mara-Municipal.jpg","width":640,"height":480},"datePublished":"2016-03-07T09:27:51-03:00","dateModified":"2016-03-07T09:27:51-03:00","inLanguage":"pt-BR","mainEntityOfPage":{"@id":"https:\/\/anoticiaonline.com.br\/site\/camara-realiza-sessao-especial-em-homenagem-a-mulher\/#webpage"},"isPartOf":{"@id":"https:\/\/anoticiaonline.com.br\/site\/camara-realiza-sessao-especial-em-homenagem-a-mulher\/#webpage"},"articleSection":"Blog, slide"},{"@type":"BreadcrumbList","@id":"https:\/\/anoticiaonline.com.br\/site\/camara-realiza-sessao-especial-em-homenagem-a-mulher\/#breadcrumblist","itemListElement":[{"@type":"ListItem","@id":"https:\/\/anoticiaonline.com.br\/site#listItem","position":1,"name":"Home","item":"https:\/\/anoticiaonline.com.br\/site","nextItem":{"@type":"ListItem","@id":"https:\/\/anoticiaonline.com.br\/site\/categoria\/muriae\/#listItem","name":"Blog"}},{"@type":"ListItem","@id":"https:\/\/anoticiaonline.com.br\/site\/categoria\/muriae\/#listItem","position":2,"name":"Blog","item":"https:\/\/anoticiaonline.com.br\/site\/categoria\/muriae\/","nextItem":{"@type":"ListItem","@id":"https:\/\/anoticiaonline.com.br\/site\/camara-realiza-sessao-especial-em-homenagem-a-mulher\/#listItem","name":"C\u00e2mara realiza sess\u00e3o especial em homenagem \u00e0 mulher"},"previousItem":{"@type":"ListItem","@id":"https:\/\/anoticiaonline.com.br\/site#listItem","name":"Home"}},{"@type":"ListItem","@id":"https:\/\/anoticiaonline.com.br\/site\/camara-realiza-sessao-especial-em-homenagem-a-mulher\/#listItem","position":3,"name":"C\u00e2mara realiza sess\u00e3o especial em homenagem \u00e0 mulher","previousItem":{"@type":"ListItem","@id":"https:\/\/anoticiaonline.com.br\/site\/categoria\/muriae\/#listItem","name":"Blog"}}]},{"@type":"Organization","@id":"https:\/\/anoticiaonline.com.br\/site\/#organization","name":"A Not\u00edcia Online","description":"Noticias de Muria\u00e9 e regi\u00e3o","url":"https:\/\/anoticiaonline.com.br\/site\/","logo":{"@type":"ImageObject","url":"https:\/\/scontent-gig4-1.xx.fbcdn.net\/v\/t39.30808-1\/270437624_4564083193639691_6907940295614233970_n.jpg?stp=dst-jpg_s200x200_tt6&_nc_cat=111&ccb=1-7&_nc_sid=f907e8&_nc_ohc=SM1wRlP3lJwQ7kNvwEPuBYA&_nc_oc=AdnqrjDN_BNjSSHWO-GbkIWH6fkGMLw4bqvL_NH6e2wMveX7G-rP2dAqsDSq1mJMOaY&_nc_zt=24&_nc_ht=scontent-gig4-1.xx&_nc_gid=AoBFJeGrT1hVaew_6rchkQ&oh=00_AfX7QmFGhQhG2jAllVgXCiM1ZrWgvtp80-Bfppyexh1QEg&oe=689E923C","@id":"https:\/\/anoticiaonline.com.br\/site\/camara-realiza-sessao-especial-em-homenagem-a-mulher\/#organizationLogo"},"image":{"@id":"https:\/\/anoticiaonline.com.br\/site\/camara-realiza-sessao-especial-em-homenagem-a-mulher\/#organizationLogo"}},{"@type":"Person","@id":"https:\/\/anoticiaonline.com.br\/site\/author\/juliana\/#author","url":"https:\/\/anoticiaonline.com.br\/site\/author\/juliana\/","name":"Juliana Laviola","image":{"@type":"ImageObject","@id":"https:\/\/anoticiaonline.com.br\/site\/camara-realiza-sessao-especial-em-homenagem-a-mulher\/#authorImage","url":"https:\/\/secure.gravatar.com\/avatar\/b8d45f5c699b100dfaf0e543582f38f38bf94cb7ae3a5e9abf8d891a34773335?s=96&d=mm&r=g","width":96,"height":96,"caption":"Juliana Laviola"}},{"@type":"WebPage","@id":"https:\/\/anoticiaonline.com.br\/site\/camara-realiza-sessao-especial-em-homenagem-a-mulher\/#webpage","url":"https:\/\/anoticiaonline.com.br\/site\/camara-realiza-sessao-especial-em-homenagem-a-mulher\/","name":"C\u00e2mara realiza sess\u00e3o especial em homenagem \u00e0 mulher - A Not\u00edcia Online","description":"A C\u00e2mara de Vereadores de Muria\u00e9 vai realizar uma sess\u00e3o solene especial nesta ter\u00e7a-feira (8), Dia Internacional da Mulher, para agraciar nove mulheres e uma entidade que trabalham e desempenham papel importante na sociedade. As homenageadas representar\u00e3o as mulheres muriaeenses. A presidente da Casa, vereadora Helena Carvalho, e os demais vereadores, programaram a sess\u00e3o para","inLanguage":"pt-BR","isPartOf":{"@id":"https:\/\/anoticiaonline.com.br\/site\/#website"},"breadcrumb":{"@id":"https:\/\/anoticiaonline.com.br\/site\/camara-realiza-sessao-especial-em-homenagem-a-mulher\/#breadcrumblist"},"author":{"@id":"https:\/\/anoticiaonline.com.br\/site\/author\/juliana\/#author"},"creator":{"@id":"https:\/\/anoticiaonline.com.br\/site\/author\/juliana\/#author"},"image":{"@type":"ImageObject","url":"https:\/\/anoticiaonline.com.br\/site\/wp-content\/uploads\/2016\/02\/C\u00e2mara-Municipal.jpg","@id":"https:\/\/anoticiaonline.com.br\/site\/camara-realiza-sessao-especial-em-homenagem-a-mulher\/#mainImage","width":640,"height":480},"primaryImageOfPage":{"@id":"https:\/\/anoticiaonline.com.br\/site\/camara-realiza-sessao-especial-em-homenagem-a-mulher\/#mainImage"},"datePublished":"2016-03-07T09:27:51-03:00","dateModified":"2016-03-07T09:27:51-03:00"},{"@type":"WebSite","@id":"https:\/\/anoticiaonline.com.br\/site\/#website","url":"https:\/\/anoticiaonline.com.br\/site\/","name":"A Not\u00edcia Online","description":"Noticias de Muria\u00e9 e regi\u00e3o","inLanguage":"pt-BR","publisher":{"@id":"https:\/\/anoticiaonline.com.br\/site\/#organization"}}]},"og:locale":"pt_BR","og:site_name":"A Not\u00edcia Online - Noticias de Muria\u00e9 e regi\u00e3o","og:type":"article","og:title":"C\u00e2mara realiza sess\u00e3o especial em homenagem \u00e0 mulher - A Not\u00edcia Online","og:description":"A C\u00e2mara de Vereadores de Muria\u00e9 vai realizar uma sess\u00e3o solene especial nesta ter\u00e7a-feira (8), Dia Internacional da Mulher, para agraciar nove mulheres e uma entidade que trabalham e desempenham papel importante na sociedade. As homenageadas representar\u00e3o as mulheres muriaeenses. A presidente da Casa, vereadora Helena Carvalho, e os demais vereadores, programaram a sess\u00e3o para","og:url":"https:\/\/anoticiaonline.com.br\/site\/camara-realiza-sessao-especial-em-homenagem-a-mulher\/","og:image":"https:\/\/scontent-gig4-1.xx.fbcdn.net\/v\/t39.30808-1\/270437624_4564083193639691_6907940295614233970_n.jpg?stp=dst-jpg_s200x200_tt6&#038;_nc_cat=111&#038;ccb=1-7&#038;_nc_sid=f907e8&#038;_nc_ohc=SM1wRlP3lJwQ7kNvwEPuBYA&#038;_nc_oc=AdnqrjDN_BNjSSHWO-GbkIWH6fkGMLw4bqvL_NH6e2wMveX7G-rP2dAqsDSq1mJMOaY&#038;_nc_zt=24&#038;_nc_ht=scontent-gig4-1.xx&#038;_nc_gid=AoBFJeGrT1hVaew_6rchkQ&#038;oh=00_AfX7QmFGhQhG2jAllVgXCiM1ZrWgvtp80-Bfppyexh1QEg&#038;oe=689E923C","og:image:secure_url":"https:\/\/scontent-gig4-1.xx.fbcdn.net\/v\/t39.30808-1\/270437624_4564083193639691_6907940295614233970_n.jpg?stp=dst-jpg_s200x200_tt6&#038;_nc_cat=111&#038;ccb=1-7&#038;_nc_sid=f907e8&#038;_nc_ohc=SM1wRlP3lJwQ7kNvwEPuBYA&#038;_nc_oc=AdnqrjDN_BNjSSHWO-GbkIWH6fkGMLw4bqvL_NH6e2wMveX7G-rP2dAqsDSq1mJMOaY&#038;_nc_zt=24&#038;_nc_ht=scontent-gig4-1.xx&#038;_nc_gid=AoBFJeGrT1hVaew_6rchkQ&#038;oh=00_AfX7QmFGhQhG2jAllVgXCiM1ZrWgvtp80-Bfppyexh1QEg&#038;oe=689E923C","article:published_time":"2016-03-07T12:27:51+00:00","article:modified_time":"2016-03-07T12:27:51+00:00","twitter:card":"summary_large_image","twitter:title":"C\u00e2mara realiza sess\u00e3o especial em homenagem \u00e0 mulher - A Not\u00edcia Online","twitter:description":"A C\u00e2mara de Vereadores de Muria\u00e9 vai realizar uma sess\u00e3o solene especial nesta ter\u00e7a-feira (8), Dia Internacional da Mulher, para agraciar nove mulheres e uma entidade que trabalham e desempenham papel importante na sociedade. As homenageadas representar\u00e3o as mulheres muriaeenses. A presidente da Casa, vereadora Helena Carvalho, e os demais vereadores, programaram a sess\u00e3o para","twitter:image":"https:\/\/scontent-gig4-1.xx.fbcdn.net\/v\/t39.30808-1\/270437624_4564083193639691_6907940295614233970_n.jpg?stp=dst-jpg_s200x200_tt6&_nc_cat=111&ccb=1-7&_nc_sid=f907e8&_nc_ohc=SM1wRlP3lJwQ7kNvwEPuBYA&_nc_oc=AdnqrjDN_BNjSSHWO-GbkIWH6fkGMLw4bqvL_NH6e2wMveX7G-rP2dAqsDSq1mJMOaY&_nc_zt=24&_nc_ht=scontent-gig4-1.xx&_nc_gid=AoBFJeGrT1hVaew_6rchkQ&oh=00_AfX7QmFGhQhG2jAllVgXCiM1ZrWgvtp80-Bfppyexh1QEg&oe=689E923C"},"aioseo_meta_data":{"post_id":"10141","title":null,"description":null,"keywords":null,"keyphrases":null,"primary_term":null,"canonical_url":null,"og_title":null,"og_description":null,"og_object_type":"default","og_image_type":"default","og_image_url":null,"og_image_width":null,"og_image_height":null,"og_image_custom_url":null,"og_image_custom_fields":null,"og_video":null,"og_custom_url":null,"og_article_section":null,"og_article_tags":null,"twitter_use_og":false,"twitter_card":"default","twitter_image_type":"default","twitter_image_url":null,"twitter_image_custom_url":null,"twitter_image_custom_fields":null,"twitter_title":null,"twitter_description":null,"schema":{"blockGraphs":[],"customGraphs":[],"default":{"data":{"Article":[],"Course":[],"Dataset":[],"FAQPage":[],"Movie":[],"Person":[],"Product":[],"ProductReview":[],"Car":[],"Recipe":[],"Service":[],"SoftwareApplication":[],"WebPage":[]},"graphName":"","isEnabled":true},"graphs":[]},"schema_type":"default","schema_type_options":null,"pillar_content":false,"robots_default":true,"robots_noindex":false,"robots_noarchive":false,"robots_nosnippet":false,"robots_nofollow":false,"robots_noimageindex":false,"robots_noodp":false,"robots_notranslate":false,"robots_max_snippet":null,"robots_max_videopreview":null,"robots_max_imagepreview":"large","priority":null,"frequency":null,"local_seo":null,"breadcrumb_settings":null,"limit_modified_date":false,"ai":null,"created":"2025-08-16 15:26:20","updated":"2025-08-16 15:26:20","focus_keyword":null,"additional_keywords":null,"truseo_locale":null,"seo_analyzer_scan_date":null},"aioseo_breadcrumb":"<div class=\"aioseo-breadcrumbs\"><span class=\"aioseo-breadcrumb\">\n\t\t\t<a href=\"https:\/\/anoticiaonline.com.br\/site\" title=\"Home\">Home<\/a>\n\t\t<\/span><span class=\"aioseo-breadcrumb-separator\">&raquo;<\/span><span class=\"aioseo-breadcrumb\">\n\t\t\t<a href=\"https:\/\/anoticiaonline.com.br\/site\/categoria\/muriae\/\" title=\"Blog\">Blog<\/a>\n\t\t<\/span><span class=\"aioseo-breadcrumb-separator\">&raquo;<\/span><span class=\"aioseo-breadcrumb\">\n\t\t\tC\u00e2mara realiza sess\u00e3o especial em homenagem \u00e0 mulher\n\t\t<\/span><\/div>","aioseo_breadcrumb_json":[{"label":"Home","link":"https:\/\/anoticiaonline.com.br\/site"},{"label":"Blog","link":"https:\/\/anoticiaonline.com.br\/site\/categoria\/muriae\/"},{"label":"C\u00e2mara realiza sess\u00e3o especial em homenagem \u00e0 mulher","link":"https:\/\/anoticiaonline.com.br\/site\/camara-realiza-sessao-especial-em-homenagem-a-mulher\/"}],"views":128,"_links":{"self":[{"href":"https:\/\/anoticiaonline.com.br\/site\/wp-json\/wp\/v2\/posts\/10141","targetHints":{"allow":["GET"]}}],"collection":[{"href":"https:\/\/anoticiaonline.com.br\/site\/wp-json\/wp\/v2\/posts"}],"about":[{"href":"https:\/\/anoticiaonline.com.br\/site\/wp-json\/wp\/v2\/types\/post"}],"author":[{"embeddable":true,"href":"https:\/\/anoticiaonline.com.br\/site\/wp-json\/wp\/v2\/users\/2"}],"replies":[{"embeddable":true,"href":"https:\/\/anoticiaonline.com.br\/site\/wp-json\/wp\/v2\/comments?post=10141"}],"version-history":[{"count":0,"href":"https:\/\/anoticiaonline.com.br\/site\/wp-json\/wp\/v2\/posts\/10141\/revisions"}],"wp:featuredmedia":[{"embeddable":true,"href":"https:\/\/anoticiaonline.com.br\/site\/wp-json\/wp\/v2\/media\/9404"}],"wp:attachment":[{"href":"https:\/\/anoticiaonline.com.br\/site\/wp-json\/wp\/v2\/media?parent=10141"}],"wp:term":[{"taxonomy":"category","embeddable":true,"href":"https:\/\/anoticiaonline.com.br\/site\/wp-json\/wp\/v2\/categories?post=10141"},{"taxonomy":"post_tag","embeddable":true,"href":"https:\/\/anoticiaonline.com.br\/site\/wp-json\/wp\/v2\/tags?post=10141"}],"curies":[{"name":"wp","href":"https:\/\/api.w.org\/{rel}","templated":true}]}}