{"id":101250,"date":"2022-08-02T14:32:33","date_gmt":"2022-08-02T17:32:33","guid":{"rendered":"http:\/\/anoticiaonline.com.br\/site\/?p=101250"},"modified":"2022-08-02T14:32:36","modified_gmt":"2022-08-02T17:32:36","slug":"mais-uma-escola","status":"publish","type":"post","link":"https:\/\/anoticiaonline.com.br\/site\/mais-uma-escola\/","title":{"rendered":"Mais uma escola"},"content":{"rendered":"\n<h5 class=\"wp-block-heading\"><em>Escola do Nova Muria\u00e9 e Vermelho II iniciou funcionamento na segunda-feira<\/em><\/h5>\n\n\n\n<figure class=\"wp-block-image size-large\"><a href=\"https:\/\/anoticiaonline.com.br\/site\/wp-content\/uploads\/2022\/08\/escola01.jpg\"><img fetchpriority=\"high\" decoding=\"async\" width=\"800\" height=\"600\" src=\"https:\/\/anoticiaonline.com.br\/site\/wp-content\/uploads\/2022\/08\/escola01.jpg\" alt=\"\" class=\"wp-image-101251\" srcset=\"https:\/\/anoticiaonline.com.br\/site\/wp-content\/uploads\/2022\/08\/escola01.jpg 800w, https:\/\/anoticiaonline.com.br\/site\/wp-content\/uploads\/2022\/08\/escola01-300x225.jpg 300w, https:\/\/anoticiaonline.com.br\/site\/wp-content\/uploads\/2022\/08\/escola01-768x576.jpg 768w, https:\/\/anoticiaonline.com.br\/site\/wp-content\/uploads\/2022\/08\/escola01-105x80.jpg 105w\" sizes=\"(max-width: 800px) 100vw, 800px\" \/><\/a><\/figure>\n\n\n\n<p class=\"wp-block-paragraph\">Desde segunda-feira (1), as crian\u00e7as e os adolescentes do Nova Muria\u00e9 e do Vermelho II t\u00eam mais facilidade para estudar.<\/p>\n\n\n\n<!--more-->\n\n\n\n<p class=\"wp-block-paragraph\">A nova Escola Municipal On\u00e9a Lopes Gouv\u00eaa, situada entre as duas comunidades, teve seu primeiro dia de funcionamento na segunda-feira (1). A diretora \u00e9 a professora Ana Paula Silva Andrade Jorge.<\/p>\n\n\n\n<p class=\"wp-block-paragraph\">Ao todo, s\u00e3o 137 alunos matriculados nas turmas de Ensino Fundamental I e II.<\/p>\n\n\n\n<p class=\"wp-block-paragraph\">A escola possui salas arejadas, quadra poliesportiva coberta, refeit\u00f3rio e \u00e1rea de conviv\u00eancia ao livre, al\u00e9m de mobili\u00e1rio e equipamentos de cozinha totalmente novos.<\/p>\n\n\n\n<p class=\"wp-block-paragraph\">O prefeito Marcos Guarino esteve no local para acompanhar o in\u00edcio das atividades e ficou satisfeito com o novo espa\u00e7o.<\/p>\n\n\n\n<p class=\"wp-block-paragraph\">&#8220;A educa\u00e7\u00e3o \u00e9 primordial para a cidadania, e \u00e9 \u00f3timo que os moradores do Nova Muria\u00e9 e do Vermelho II agora possam estudar perto de suas casas&#8221;, afirmou.<\/p>\n\n\n\n<figure class=\"wp-block-gallery columns-2 is-cropped wp-block-gallery-1 is-layout-flex wp-block-gallery-is-layout-flex\"><ul class=\"blocks-gallery-grid\"><li class=\"blocks-gallery-item\"><figure><a href=\"https:\/\/anoticiaonline.com.br\/site\/wp-content\/uploads\/2022\/08\/escola02.jpg\"><img decoding=\"async\" width=\"800\" height=\"600\" src=\"https:\/\/anoticiaonline.com.br\/site\/wp-content\/uploads\/2022\/08\/escola02.jpg\" alt=\"\" data-id=\"101252\" data-full-url=\"https:\/\/anoticiaonline.com.br\/site\/wp-content\/uploads\/2022\/08\/escola02.jpg\" data-link=\"https:\/\/anoticiaonline.com.br\/site\/?attachment_id=101252\" class=\"wp-image-101252\" srcset=\"https:\/\/anoticiaonline.com.br\/site\/wp-content\/uploads\/2022\/08\/escola02.jpg 800w, https:\/\/anoticiaonline.com.br\/site\/wp-content\/uploads\/2022\/08\/escola02-300x225.jpg 300w, https:\/\/anoticiaonline.com.br\/site\/wp-content\/uploads\/2022\/08\/escola02-768x576.jpg 768w, https:\/\/anoticiaonline.com.br\/site\/wp-content\/uploads\/2022\/08\/escola02-105x80.jpg 105w\" sizes=\"(max-width: 800px) 100vw, 800px\" \/><\/a><\/figure><\/li><li class=\"blocks-gallery-item\"><figure><a href=\"https:\/\/anoticiaonline.com.br\/site\/wp-content\/uploads\/2022\/08\/escola03.jpg\"><img decoding=\"async\" width=\"800\" height=\"600\" src=\"https:\/\/anoticiaonline.com.br\/site\/wp-content\/uploads\/2022\/08\/escola03.jpg\" alt=\"\" data-id=\"101253\" data-full-url=\"https:\/\/anoticiaonline.com.br\/site\/wp-content\/uploads\/2022\/08\/escola03.jpg\" data-link=\"https:\/\/anoticiaonline.com.br\/site\/?attachment_id=101253\" class=\"wp-image-101253\" srcset=\"https:\/\/anoticiaonline.com.br\/site\/wp-content\/uploads\/2022\/08\/escola03.jpg 800w, https:\/\/anoticiaonline.com.br\/site\/wp-content\/uploads\/2022\/08\/escola03-300x225.jpg 300w, https:\/\/anoticiaonline.com.br\/site\/wp-content\/uploads\/2022\/08\/escola03-768x576.jpg 768w, https:\/\/anoticiaonline.com.br\/site\/wp-content\/uploads\/2022\/08\/escola03-105x80.jpg 105w\" sizes=\"(max-width: 800px) 100vw, 800px\" \/><\/a><\/figure><\/li><li class=\"blocks-gallery-item\"><figure><a href=\"https:\/\/anoticiaonline.com.br\/site\/wp-content\/uploads\/2022\/08\/escola04.jpg\"><img loading=\"lazy\" decoding=\"async\" width=\"800\" height=\"600\" src=\"https:\/\/anoticiaonline.com.br\/site\/wp-content\/uploads\/2022\/08\/escola04.jpg\" alt=\"\" data-id=\"101254\" data-full-url=\"https:\/\/anoticiaonline.com.br\/site\/wp-content\/uploads\/2022\/08\/escola04.jpg\" data-link=\"https:\/\/anoticiaonline.com.br\/site\/?attachment_id=101254\" class=\"wp-image-101254\" srcset=\"https:\/\/anoticiaonline.com.br\/site\/wp-content\/uploads\/2022\/08\/escola04.jpg 800w, https:\/\/anoticiaonline.com.br\/site\/wp-content\/uploads\/2022\/08\/escola04-300x225.jpg 300w, https:\/\/anoticiaonline.com.br\/site\/wp-content\/uploads\/2022\/08\/escola04-768x576.jpg 768w, https:\/\/anoticiaonline.com.br\/site\/wp-content\/uploads\/2022\/08\/escola04-105x80.jpg 105w\" sizes=\"(max-width: 800px) 100vw, 800px\" \/><\/a><\/figure><\/li><\/ul><\/figure>\n","protected":false},"excerpt":{"rendered":"<p>Escola do Nova Muria\u00e9 e Vermelho II iniciou funcionamento na segunda-feira Desde segunda-feira (1), as crian\u00e7as e os adolescentes do Nova Muria\u00e9 e do Vermelho II t\u00eam mais facilidade para estudar.<\/p>\n","protected":false},"author":11,"featured_media":101251,"comment_status":"open","ping_status":"open","sticky":false,"template":"","format":"standard","meta":{"_acf_changed":false,"_monsterinsights_skip_tracking":false,"footnotes":""},"categories":[30,2893,24],"tags":[7449,190,5692],"class_list":["post-101250","post","type-post","status-publish","format-standard","has-post-thumbnail","hentry","category-muriae","category-cotidiano","category-eventos","tag-escola-municipal-onea-lopes-gouvea","tag-nova-muriae","tag-vermelho-ii"],"acf":[],"aioseo_notices":[],"aioseo_head":"\n\t\t<!-- All in One SEO 5.0.0.1 - aioseo.com -->\n\t<meta name=\"description\" content=\"Escola do Nova Muria\u00e9 e Vermelho II iniciou funcionamento na segunda-feira Desde segunda-feira (1), as crian\u00e7as e os adolescentes do Nova Muria\u00e9 e do Vermelho II t\u00eam mais facilidade para estudar. A nova Escola Municipal On\u00e9a Lopes Gouv\u00eaa, situada entre as duas comunidades, teve seu primeiro dia de funcionamento na segunda-feira (1). A diretora \u00e9\" \/>\n\t<meta name=\"robots\" content=\"max-image-preview:large\" \/>\n\t<meta name=\"author\" content=\"Flavio\"\/>\n\t<link rel=\"canonical\" href=\"https:\/\/anoticiaonline.com.br\/site\/mais-uma-escola\/\" \/>\n\t<meta name=\"generator\" content=\"All in One SEO (AIOSEO) 5.0.0.1\" \/>\n\t\t<meta property=\"og:locale\" content=\"pt_BR\" \/>\n\t\t<meta property=\"og:site_name\" content=\"A Not\u00edcia Online - Noticias de Muria\u00e9 e regi\u00e3o\" \/>\n\t\t<meta property=\"og:type\" content=\"article\" \/>\n\t\t<meta property=\"og:title\" content=\"Mais uma escola - A Not\u00edcia Online\" \/>\n\t\t<meta property=\"og:description\" content=\"Escola do Nova Muria\u00e9 e Vermelho II iniciou funcionamento na segunda-feira Desde segunda-feira (1), as crian\u00e7as e os adolescentes do Nova Muria\u00e9 e do Vermelho II t\u00eam mais facilidade para estudar. A nova Escola Municipal On\u00e9a Lopes Gouv\u00eaa, situada entre as duas comunidades, teve seu primeiro dia de funcionamento na segunda-feira (1). A diretora \u00e9\" \/>\n\t\t<meta property=\"og:url\" content=\"https:\/\/anoticiaonline.com.br\/site\/mais-uma-escola\/\" \/>\n\t\t<meta property=\"og:image\" content=\"https:\/\/scontent-gig4-1.xx.fbcdn.net\/v\/t39.30808-1\/270437624_4564083193639691_6907940295614233970_n.jpg?stp=dst-jpg_s200x200_tt6&#038;_nc_cat=111&#038;ccb=1-7&#038;_nc_sid=f907e8&#038;_nc_ohc=SM1wRlP3lJwQ7kNvwEPuBYA&#038;_nc_oc=AdnqrjDN_BNjSSHWO-GbkIWH6fkGMLw4bqvL_NH6e2wMveX7G-rP2dAqsDSq1mJMOaY&#038;_nc_zt=24&#038;_nc_ht=scontent-gig4-1.xx&#038;_nc_gid=AoBFJeGrT1hVaew_6rchkQ&#038;oh=00_AfX7QmFGhQhG2jAllVgXCiM1ZrWgvtp80-Bfppyexh1QEg&#038;oe=689E923C\" \/>\n\t\t<meta property=\"og:image:secure_url\" content=\"https:\/\/scontent-gig4-1.xx.fbcdn.net\/v\/t39.30808-1\/270437624_4564083193639691_6907940295614233970_n.jpg?stp=dst-jpg_s200x200_tt6&#038;_nc_cat=111&#038;ccb=1-7&#038;_nc_sid=f907e8&#038;_nc_ohc=SM1wRlP3lJwQ7kNvwEPuBYA&#038;_nc_oc=AdnqrjDN_BNjSSHWO-GbkIWH6fkGMLw4bqvL_NH6e2wMveX7G-rP2dAqsDSq1mJMOaY&#038;_nc_zt=24&#038;_nc_ht=scontent-gig4-1.xx&#038;_nc_gid=AoBFJeGrT1hVaew_6rchkQ&#038;oh=00_AfX7QmFGhQhG2jAllVgXCiM1ZrWgvtp80-Bfppyexh1QEg&#038;oe=689E923C\" \/>\n\t\t<meta property=\"article:published_time\" content=\"2022-08-02T17:32:33+00:00\" \/>\n\t\t<meta property=\"article:modified_time\" content=\"2022-08-02T17:32:36+00:00\" \/>\n\t\t<meta name=\"twitter:card\" content=\"summary_large_image\" \/>\n\t\t<meta name=\"twitter:title\" content=\"Mais uma escola - A Not\u00edcia Online\" \/>\n\t\t<meta name=\"twitter:description\" content=\"Escola do Nova Muria\u00e9 e Vermelho II iniciou funcionamento na segunda-feira Desde segunda-feira (1), as crian\u00e7as e os adolescentes do Nova Muria\u00e9 e do Vermelho II t\u00eam mais facilidade para estudar. A nova Escola Municipal On\u00e9a Lopes Gouv\u00eaa, situada entre as duas comunidades, teve seu primeiro dia de funcionamento na segunda-feira (1). A diretora \u00e9\" \/>\n\t\t<meta name=\"twitter:image\" content=\"https:\/\/scontent-gig4-1.xx.fbcdn.net\/v\/t39.30808-1\/270437624_4564083193639691_6907940295614233970_n.jpg?stp=dst-jpg_s200x200_tt6&amp;_nc_cat=111&amp;ccb=1-7&amp;_nc_sid=f907e8&amp;_nc_ohc=SM1wRlP3lJwQ7kNvwEPuBYA&amp;_nc_oc=AdnqrjDN_BNjSSHWO-GbkIWH6fkGMLw4bqvL_NH6e2wMveX7G-rP2dAqsDSq1mJMOaY&amp;_nc_zt=24&amp;_nc_ht=scontent-gig4-1.xx&amp;_nc_gid=AoBFJeGrT1hVaew_6rchkQ&amp;oh=00_AfX7QmFGhQhG2jAllVgXCiM1ZrWgvtp80-Bfppyexh1QEg&amp;oe=689E923C\" \/>\n\t\t<script type=\"application\/ld+json\" class=\"aioseo-schema\">\n\t\t\t{\"@context\":\"https:\\\/\\\/schema.org\",\"@graph\":[{\"@type\":\"BlogPosting\",\"@id\":\"https:\\\/\\\/anoticiaonline.com.br\\\/site\\\/mais-uma-escola\\\/#blogposting\",\"name\":\"Mais uma escola - A Not\\u00edcia Online\",\"headline\":\"Mais uma escola\",\"author\":{\"@id\":\"https:\\\/\\\/anoticiaonline.com.br\\\/site\\\/author\\\/flavio\\\/#author\"},\"publisher\":{\"@id\":\"https:\\\/\\\/anoticiaonline.com.br\\\/site\\\/#organization\"},\"image\":{\"@type\":\"ImageObject\",\"url\":\"https:\\\/\\\/anoticiaonline.com.br\\\/site\\\/wp-content\\\/uploads\\\/2022\\\/08\\\/escola01.jpg\",\"width\":800,\"height\":600},\"datePublished\":\"2022-08-02T14:32:33-03:00\",\"dateModified\":\"2022-08-02T14:32:36-03:00\",\"inLanguage\":\"pt-BR\",\"mainEntityOfPage\":{\"@id\":\"https:\\\/\\\/anoticiaonline.com.br\\\/site\\\/mais-uma-escola\\\/#webpage\"},\"isPartOf\":{\"@id\":\"https:\\\/\\\/anoticiaonline.com.br\\\/site\\\/mais-uma-escola\\\/#webpage\"},\"articleSection\":\"Blog, Cotidiano, Eventos, Escola Municipal On\\u00e9a Lopes Gouv\\u00eaa, nova muria\\u00e9, vermelho II\"},{\"@type\":\"BreadcrumbList\",\"@id\":\"https:\\\/\\\/anoticiaonline.com.br\\\/site\\\/mais-uma-escola\\\/#breadcrumblist\",\"itemListElement\":[{\"@type\":\"ListItem\",\"@id\":\"https:\\\/\\\/anoticiaonline.com.br\\\/site#listItem\",\"position\":1,\"name\":\"Home\",\"item\":\"https:\\\/\\\/anoticiaonline.com.br\\\/site\",\"nextItem\":{\"@type\":\"ListItem\",\"@id\":\"https:\\\/\\\/anoticiaonline.com.br\\\/site\\\/categoria\\\/muriae\\\/#listItem\",\"name\":\"Blog\"}},{\"@type\":\"ListItem\",\"@id\":\"https:\\\/\\\/anoticiaonline.com.br\\\/site\\\/categoria\\\/muriae\\\/#listItem\",\"position\":2,\"name\":\"Blog\",\"item\":\"https:\\\/\\\/anoticiaonline.com.br\\\/site\\\/categoria\\\/muriae\\\/\",\"nextItem\":{\"@type\":\"ListItem\",\"@id\":\"https:\\\/\\\/anoticiaonline.com.br\\\/site\\\/categoria\\\/muriae\\\/cotidiano\\\/#listItem\",\"name\":\"Cotidiano\"},\"previousItem\":{\"@type\":\"ListItem\",\"@id\":\"https:\\\/\\\/anoticiaonline.com.br\\\/site#listItem\",\"name\":\"Home\"}},{\"@type\":\"ListItem\",\"@id\":\"https:\\\/\\\/anoticiaonline.com.br\\\/site\\\/categoria\\\/muriae\\\/cotidiano\\\/#listItem\",\"position\":3,\"name\":\"Cotidiano\",\"item\":\"https:\\\/\\\/anoticiaonline.com.br\\\/site\\\/categoria\\\/muriae\\\/cotidiano\\\/\",\"nextItem\":{\"@type\":\"ListItem\",\"@id\":\"https:\\\/\\\/anoticiaonline.com.br\\\/site\\\/mais-uma-escola\\\/#listItem\",\"name\":\"Mais uma escola\"},\"previousItem\":{\"@type\":\"ListItem\",\"@id\":\"https:\\\/\\\/anoticiaonline.com.br\\\/site\\\/categoria\\\/muriae\\\/#listItem\",\"name\":\"Blog\"}},{\"@type\":\"ListItem\",\"@id\":\"https:\\\/\\\/anoticiaonline.com.br\\\/site\\\/mais-uma-escola\\\/#listItem\",\"position\":4,\"name\":\"Mais uma escola\",\"previousItem\":{\"@type\":\"ListItem\",\"@id\":\"https:\\\/\\\/anoticiaonline.com.br\\\/site\\\/categoria\\\/muriae\\\/cotidiano\\\/#listItem\",\"name\":\"Cotidiano\"}}]},{\"@type\":\"Organization\",\"@id\":\"https:\\\/\\\/anoticiaonline.com.br\\\/site\\\/#organization\",\"name\":\"A Not\\u00edcia Online\",\"description\":\"Noticias de Muria\\u00e9 e regi\\u00e3o\",\"url\":\"https:\\\/\\\/anoticiaonline.com.br\\\/site\\\/\",\"logo\":{\"@type\":\"ImageObject\",\"url\":\"https:\\\/\\\/scontent-gig4-1.xx.fbcdn.net\\\/v\\\/t39.30808-1\\\/270437624_4564083193639691_6907940295614233970_n.jpg?stp=dst-jpg_s200x200_tt6&_nc_cat=111&ccb=1-7&_nc_sid=f907e8&_nc_ohc=SM1wRlP3lJwQ7kNvwEPuBYA&_nc_oc=AdnqrjDN_BNjSSHWO-GbkIWH6fkGMLw4bqvL_NH6e2wMveX7G-rP2dAqsDSq1mJMOaY&_nc_zt=24&_nc_ht=scontent-gig4-1.xx&_nc_gid=AoBFJeGrT1hVaew_6rchkQ&oh=00_AfX7QmFGhQhG2jAllVgXCiM1ZrWgvtp80-Bfppyexh1QEg&oe=689E923C\",\"@id\":\"https:\\\/\\\/anoticiaonline.com.br\\\/site\\\/mais-uma-escola\\\/#organizationLogo\"},\"image\":{\"@id\":\"https:\\\/\\\/anoticiaonline.com.br\\\/site\\\/mais-uma-escola\\\/#organizationLogo\"}},{\"@type\":\"Person\",\"@id\":\"https:\\\/\\\/anoticiaonline.com.br\\\/site\\\/author\\\/flavio\\\/#author\",\"url\":\"https:\\\/\\\/anoticiaonline.com.br\\\/site\\\/author\\\/flavio\\\/\",\"name\":\"Flavio\",\"image\":{\"@type\":\"ImageObject\",\"@id\":\"https:\\\/\\\/anoticiaonline.com.br\\\/site\\\/mais-uma-escola\\\/#authorImage\",\"url\":\"https:\\\/\\\/secure.gravatar.com\\\/avatar\\\/15f468c802802b9079bce8dd6a2cfce0c97707adbc22c5062e758028c2874816?s=96&d=mm&r=g\",\"width\":96,\"height\":96,\"caption\":\"Flavio\"}},{\"@type\":\"WebPage\",\"@id\":\"https:\\\/\\\/anoticiaonline.com.br\\\/site\\\/mais-uma-escola\\\/#webpage\",\"url\":\"https:\\\/\\\/anoticiaonline.com.br\\\/site\\\/mais-uma-escola\\\/\",\"name\":\"Mais uma escola - A Not\\u00edcia Online\",\"description\":\"Escola do Nova Muria\\u00e9 e Vermelho II iniciou funcionamento na segunda-feira Desde segunda-feira (1), as crian\\u00e7as e os adolescentes do Nova Muria\\u00e9 e do Vermelho II t\\u00eam mais facilidade para estudar. A nova Escola Municipal On\\u00e9a Lopes Gouv\\u00eaa, situada entre as duas comunidades, teve seu primeiro dia de funcionamento na segunda-feira (1). A diretora \\u00e9\",\"inLanguage\":\"pt-BR\",\"isPartOf\":{\"@id\":\"https:\\\/\\\/anoticiaonline.com.br\\\/site\\\/#website\"},\"breadcrumb\":{\"@id\":\"https:\\\/\\\/anoticiaonline.com.br\\\/site\\\/mais-uma-escola\\\/#breadcrumblist\"},\"author\":{\"@id\":\"https:\\\/\\\/anoticiaonline.com.br\\\/site\\\/author\\\/flavio\\\/#author\"},\"creator\":{\"@id\":\"https:\\\/\\\/anoticiaonline.com.br\\\/site\\\/author\\\/flavio\\\/#author\"},\"image\":{\"@type\":\"ImageObject\",\"url\":\"https:\\\/\\\/anoticiaonline.com.br\\\/site\\\/wp-content\\\/uploads\\\/2022\\\/08\\\/escola01.jpg\",\"@id\":\"https:\\\/\\\/anoticiaonline.com.br\\\/site\\\/mais-uma-escola\\\/#mainImage\",\"width\":800,\"height\":600},\"primaryImageOfPage\":{\"@id\":\"https:\\\/\\\/anoticiaonline.com.br\\\/site\\\/mais-uma-escola\\\/#mainImage\"},\"datePublished\":\"2022-08-02T14:32:33-03:00\",\"dateModified\":\"2022-08-02T14:32:36-03:00\"},{\"@type\":\"WebSite\",\"@id\":\"https:\\\/\\\/anoticiaonline.com.br\\\/site\\\/#website\",\"url\":\"https:\\\/\\\/anoticiaonline.com.br\\\/site\\\/\",\"name\":\"A Not\\u00edcia Online\",\"description\":\"Noticias de Muria\\u00e9 e regi\\u00e3o\",\"inLanguage\":\"pt-BR\",\"publisher\":{\"@id\":\"https:\\\/\\\/anoticiaonline.com.br\\\/site\\\/#organization\"}}]}\n\t\t<\/script>\n\t\t<!-- All in One SEO -->\n\n","aioseo_head_json":{"title":"Mais uma escola - A Not\u00edcia Online","description":"Escola do Nova Muria\u00e9 e Vermelho II iniciou funcionamento na segunda-feira Desde segunda-feira (1), as crian\u00e7as e os adolescentes do Nova Muria\u00e9 e do Vermelho II t\u00eam mais facilidade para estudar. A nova Escola Municipal On\u00e9a Lopes Gouv\u00eaa, situada entre as duas comunidades, teve seu primeiro dia de funcionamento na segunda-feira (1). A diretora \u00e9","canonical_url":"https:\/\/anoticiaonline.com.br\/site\/mais-uma-escola\/","robots":"max-image-preview:large","keywords":"","webmasterTools":{"miscellaneous":""},"schema":{"@context":"https:\/\/schema.org","@graph":[{"@type":"BlogPosting","@id":"https:\/\/anoticiaonline.com.br\/site\/mais-uma-escola\/#blogposting","name":"Mais uma escola - A Not\u00edcia Online","headline":"Mais uma escola","author":{"@id":"https:\/\/anoticiaonline.com.br\/site\/author\/flavio\/#author"},"publisher":{"@id":"https:\/\/anoticiaonline.com.br\/site\/#organization"},"image":{"@type":"ImageObject","url":"https:\/\/anoticiaonline.com.br\/site\/wp-content\/uploads\/2022\/08\/escola01.jpg","width":800,"height":600},"datePublished":"2022-08-02T14:32:33-03:00","dateModified":"2022-08-02T14:32:36-03:00","inLanguage":"pt-BR","mainEntityOfPage":{"@id":"https:\/\/anoticiaonline.com.br\/site\/mais-uma-escola\/#webpage"},"isPartOf":{"@id":"https:\/\/anoticiaonline.com.br\/site\/mais-uma-escola\/#webpage"},"articleSection":"Blog, Cotidiano, Eventos, Escola Municipal On\u00e9a Lopes Gouv\u00eaa, nova muria\u00e9, vermelho II"},{"@type":"BreadcrumbList","@id":"https:\/\/anoticiaonline.com.br\/site\/mais-uma-escola\/#breadcrumblist","itemListElement":[{"@type":"ListItem","@id":"https:\/\/anoticiaonline.com.br\/site#listItem","position":1,"name":"Home","item":"https:\/\/anoticiaonline.com.br\/site","nextItem":{"@type":"ListItem","@id":"https:\/\/anoticiaonline.com.br\/site\/categoria\/muriae\/#listItem","name":"Blog"}},{"@type":"ListItem","@id":"https:\/\/anoticiaonline.com.br\/site\/categoria\/muriae\/#listItem","position":2,"name":"Blog","item":"https:\/\/anoticiaonline.com.br\/site\/categoria\/muriae\/","nextItem":{"@type":"ListItem","@id":"https:\/\/anoticiaonline.com.br\/site\/categoria\/muriae\/cotidiano\/#listItem","name":"Cotidiano"},"previousItem":{"@type":"ListItem","@id":"https:\/\/anoticiaonline.com.br\/site#listItem","name":"Home"}},{"@type":"ListItem","@id":"https:\/\/anoticiaonline.com.br\/site\/categoria\/muriae\/cotidiano\/#listItem","position":3,"name":"Cotidiano","item":"https:\/\/anoticiaonline.com.br\/site\/categoria\/muriae\/cotidiano\/","nextItem":{"@type":"ListItem","@id":"https:\/\/anoticiaonline.com.br\/site\/mais-uma-escola\/#listItem","name":"Mais uma escola"},"previousItem":{"@type":"ListItem","@id":"https:\/\/anoticiaonline.com.br\/site\/categoria\/muriae\/#listItem","name":"Blog"}},{"@type":"ListItem","@id":"https:\/\/anoticiaonline.com.br\/site\/mais-uma-escola\/#listItem","position":4,"name":"Mais uma escola","previousItem":{"@type":"ListItem","@id":"https:\/\/anoticiaonline.com.br\/site\/categoria\/muriae\/cotidiano\/#listItem","name":"Cotidiano"}}]},{"@type":"Organization","@id":"https:\/\/anoticiaonline.com.br\/site\/#organization","name":"A Not\u00edcia Online","description":"Noticias de Muria\u00e9 e regi\u00e3o","url":"https:\/\/anoticiaonline.com.br\/site\/","logo":{"@type":"ImageObject","url":"https:\/\/scontent-gig4-1.xx.fbcdn.net\/v\/t39.30808-1\/270437624_4564083193639691_6907940295614233970_n.jpg?stp=dst-jpg_s200x200_tt6&_nc_cat=111&ccb=1-7&_nc_sid=f907e8&_nc_ohc=SM1wRlP3lJwQ7kNvwEPuBYA&_nc_oc=AdnqrjDN_BNjSSHWO-GbkIWH6fkGMLw4bqvL_NH6e2wMveX7G-rP2dAqsDSq1mJMOaY&_nc_zt=24&_nc_ht=scontent-gig4-1.xx&_nc_gid=AoBFJeGrT1hVaew_6rchkQ&oh=00_AfX7QmFGhQhG2jAllVgXCiM1ZrWgvtp80-Bfppyexh1QEg&oe=689E923C","@id":"https:\/\/anoticiaonline.com.br\/site\/mais-uma-escola\/#organizationLogo"},"image":{"@id":"https:\/\/anoticiaonline.com.br\/site\/mais-uma-escola\/#organizationLogo"}},{"@type":"Person","@id":"https:\/\/anoticiaonline.com.br\/site\/author\/flavio\/#author","url":"https:\/\/anoticiaonline.com.br\/site\/author\/flavio\/","name":"Flavio","image":{"@type":"ImageObject","@id":"https:\/\/anoticiaonline.com.br\/site\/mais-uma-escola\/#authorImage","url":"https:\/\/secure.gravatar.com\/avatar\/15f468c802802b9079bce8dd6a2cfce0c97707adbc22c5062e758028c2874816?s=96&d=mm&r=g","width":96,"height":96,"caption":"Flavio"}},{"@type":"WebPage","@id":"https:\/\/anoticiaonline.com.br\/site\/mais-uma-escola\/#webpage","url":"https:\/\/anoticiaonline.com.br\/site\/mais-uma-escola\/","name":"Mais uma escola - A Not\u00edcia Online","description":"Escola do Nova Muria\u00e9 e Vermelho II iniciou funcionamento na segunda-feira Desde segunda-feira (1), as crian\u00e7as e os adolescentes do Nova Muria\u00e9 e do Vermelho II t\u00eam mais facilidade para estudar. A nova Escola Municipal On\u00e9a Lopes Gouv\u00eaa, situada entre as duas comunidades, teve seu primeiro dia de funcionamento na segunda-feira (1). A diretora \u00e9","inLanguage":"pt-BR","isPartOf":{"@id":"https:\/\/anoticiaonline.com.br\/site\/#website"},"breadcrumb":{"@id":"https:\/\/anoticiaonline.com.br\/site\/mais-uma-escola\/#breadcrumblist"},"author":{"@id":"https:\/\/anoticiaonline.com.br\/site\/author\/flavio\/#author"},"creator":{"@id":"https:\/\/anoticiaonline.com.br\/site\/author\/flavio\/#author"},"image":{"@type":"ImageObject","url":"https:\/\/anoticiaonline.com.br\/site\/wp-content\/uploads\/2022\/08\/escola01.jpg","@id":"https:\/\/anoticiaonline.com.br\/site\/mais-uma-escola\/#mainImage","width":800,"height":600},"primaryImageOfPage":{"@id":"https:\/\/anoticiaonline.com.br\/site\/mais-uma-escola\/#mainImage"},"datePublished":"2022-08-02T14:32:33-03:00","dateModified":"2022-08-02T14:32:36-03:00"},{"@type":"WebSite","@id":"https:\/\/anoticiaonline.com.br\/site\/#website","url":"https:\/\/anoticiaonline.com.br\/site\/","name":"A Not\u00edcia Online","description":"Noticias de Muria\u00e9 e regi\u00e3o","inLanguage":"pt-BR","publisher":{"@id":"https:\/\/anoticiaonline.com.br\/site\/#organization"}}]},"og:locale":"pt_BR","og:site_name":"A Not\u00edcia Online - Noticias de Muria\u00e9 e regi\u00e3o","og:type":"article","og:title":"Mais uma escola - A Not\u00edcia Online","og:description":"Escola do Nova Muria\u00e9 e Vermelho II iniciou funcionamento na segunda-feira Desde segunda-feira (1), as crian\u00e7as e os adolescentes do Nova Muria\u00e9 e do Vermelho II t\u00eam mais facilidade para estudar. A nova Escola Municipal On\u00e9a Lopes Gouv\u00eaa, situada entre as duas comunidades, teve seu primeiro dia de funcionamento na segunda-feira (1). A diretora \u00e9","og:url":"https:\/\/anoticiaonline.com.br\/site\/mais-uma-escola\/","og:image":"https:\/\/scontent-gig4-1.xx.fbcdn.net\/v\/t39.30808-1\/270437624_4564083193639691_6907940295614233970_n.jpg?stp=dst-jpg_s200x200_tt6&#038;_nc_cat=111&#038;ccb=1-7&#038;_nc_sid=f907e8&#038;_nc_ohc=SM1wRlP3lJwQ7kNvwEPuBYA&#038;_nc_oc=AdnqrjDN_BNjSSHWO-GbkIWH6fkGMLw4bqvL_NH6e2wMveX7G-rP2dAqsDSq1mJMOaY&#038;_nc_zt=24&#038;_nc_ht=scontent-gig4-1.xx&#038;_nc_gid=AoBFJeGrT1hVaew_6rchkQ&#038;oh=00_AfX7QmFGhQhG2jAllVgXCiM1ZrWgvtp80-Bfppyexh1QEg&#038;oe=689E923C","og:image:secure_url":"https:\/\/scontent-gig4-1.xx.fbcdn.net\/v\/t39.30808-1\/270437624_4564083193639691_6907940295614233970_n.jpg?stp=dst-jpg_s200x200_tt6&#038;_nc_cat=111&#038;ccb=1-7&#038;_nc_sid=f907e8&#038;_nc_ohc=SM1wRlP3lJwQ7kNvwEPuBYA&#038;_nc_oc=AdnqrjDN_BNjSSHWO-GbkIWH6fkGMLw4bqvL_NH6e2wMveX7G-rP2dAqsDSq1mJMOaY&#038;_nc_zt=24&#038;_nc_ht=scontent-gig4-1.xx&#038;_nc_gid=AoBFJeGrT1hVaew_6rchkQ&#038;oh=00_AfX7QmFGhQhG2jAllVgXCiM1ZrWgvtp80-Bfppyexh1QEg&#038;oe=689E923C","article:published_time":"2022-08-02T17:32:33+00:00","article:modified_time":"2022-08-02T17:32:36+00:00","twitter:card":"summary_large_image","twitter:title":"Mais uma escola - A Not\u00edcia Online","twitter:description":"Escola do Nova Muria\u00e9 e Vermelho II iniciou funcionamento na segunda-feira Desde segunda-feira (1), as crian\u00e7as e os adolescentes do Nova Muria\u00e9 e do Vermelho II t\u00eam mais facilidade para estudar. A nova Escola Municipal On\u00e9a Lopes Gouv\u00eaa, situada entre as duas comunidades, teve seu primeiro dia de funcionamento na segunda-feira (1). A diretora \u00e9","twitter:image":"https:\/\/scontent-gig4-1.xx.fbcdn.net\/v\/t39.30808-1\/270437624_4564083193639691_6907940295614233970_n.jpg?stp=dst-jpg_s200x200_tt6&_nc_cat=111&ccb=1-7&_nc_sid=f907e8&_nc_ohc=SM1wRlP3lJwQ7kNvwEPuBYA&_nc_oc=AdnqrjDN_BNjSSHWO-GbkIWH6fkGMLw4bqvL_NH6e2wMveX7G-rP2dAqsDSq1mJMOaY&_nc_zt=24&_nc_ht=scontent-gig4-1.xx&_nc_gid=AoBFJeGrT1hVaew_6rchkQ&oh=00_AfX7QmFGhQhG2jAllVgXCiM1ZrWgvtp80-Bfppyexh1QEg&oe=689E923C"},"aioseo_meta_data":{"post_id":"101250","title":null,"description":null,"keywords":null,"keyphrases":null,"primary_term":null,"canonical_url":null,"og_title":null,"og_description":null,"og_object_type":"default","og_image_type":"default","og_image_url":null,"og_image_width":null,"og_image_height":null,"og_image_custom_url":null,"og_image_custom_fields":null,"og_video":null,"og_custom_url":null,"og_article_section":null,"og_article_tags":null,"twitter_use_og":false,"twitter_card":"default","twitter_image_type":"default","twitter_image_url":null,"twitter_image_custom_url":null,"twitter_image_custom_fields":null,"twitter_title":null,"twitter_description":null,"schema":{"blockGraphs":[],"customGraphs":[],"default":{"data":{"Article":[],"Course":[],"Dataset":[],"FAQPage":[],"Movie":[],"Person":[],"Product":[],"ProductReview":[],"Car":[],"Recipe":[],"Service":[],"SoftwareApplication":[],"WebPage":[]},"graphName":"","isEnabled":true},"graphs":[]},"schema_type":"default","schema_type_options":null,"pillar_content":false,"robots_default":true,"robots_noindex":false,"robots_noarchive":false,"robots_nosnippet":false,"robots_nofollow":false,"robots_noimageindex":false,"robots_noodp":false,"robots_notranslate":false,"robots_max_snippet":null,"robots_max_videopreview":null,"robots_max_imagepreview":"large","priority":null,"frequency":null,"local_seo":null,"breadcrumb_settings":null,"limit_modified_date":false,"ai":null,"created":"2025-08-17 06:31:20","updated":"2025-08-17 06:31:20","focus_keyword":null,"additional_keywords":null,"truseo_locale":null,"seo_analyzer_scan_date":null},"aioseo_breadcrumb":"<div class=\"aioseo-breadcrumbs\"><span class=\"aioseo-breadcrumb\">\n\t\t\t<a href=\"https:\/\/anoticiaonline.com.br\/site\" title=\"Home\">Home<\/a>\n\t\t<\/span><span class=\"aioseo-breadcrumb-separator\">&raquo;<\/span><span class=\"aioseo-breadcrumb\">\n\t\t\t<a href=\"https:\/\/anoticiaonline.com.br\/site\/categoria\/muriae\/\" title=\"Blog\">Blog<\/a>\n\t\t<\/span><span class=\"aioseo-breadcrumb-separator\">&raquo;<\/span><span class=\"aioseo-breadcrumb\">\n\t\t\t<a href=\"https:\/\/anoticiaonline.com.br\/site\/categoria\/muriae\/cotidiano\/\" title=\"Cotidiano\">Cotidiano<\/a>\n\t\t<\/span><span class=\"aioseo-breadcrumb-separator\">&raquo;<\/span><span class=\"aioseo-breadcrumb\">\n\t\t\tMais uma escola\n\t\t<\/span><\/div>","aioseo_breadcrumb_json":[{"label":"Home","link":"https:\/\/anoticiaonline.com.br\/site"},{"label":"Blog","link":"https:\/\/anoticiaonline.com.br\/site\/categoria\/muriae\/"},{"label":"Cotidiano","link":"https:\/\/anoticiaonline.com.br\/site\/categoria\/muriae\/cotidiano\/"},{"label":"Mais uma escola","link":"https:\/\/anoticiaonline.com.br\/site\/mais-uma-escola\/"}],"views":174,"_links":{"self":[{"href":"https:\/\/anoticiaonline.com.br\/site\/wp-json\/wp\/v2\/posts\/101250","targetHints":{"allow":["GET"]}}],"collection":[{"href":"https:\/\/anoticiaonline.com.br\/site\/wp-json\/wp\/v2\/posts"}],"about":[{"href":"https:\/\/anoticiaonline.com.br\/site\/wp-json\/wp\/v2\/types\/post"}],"author":[{"embeddable":true,"href":"https:\/\/anoticiaonline.com.br\/site\/wp-json\/wp\/v2\/users\/11"}],"replies":[{"embeddable":true,"href":"https:\/\/anoticiaonline.com.br\/site\/wp-json\/wp\/v2\/comments?post=101250"}],"version-history":[{"count":0,"href":"https:\/\/anoticiaonline.com.br\/site\/wp-json\/wp\/v2\/posts\/101250\/revisions"}],"wp:featuredmedia":[{"embeddable":true,"href":"https:\/\/anoticiaonline.com.br\/site\/wp-json\/wp\/v2\/media\/101251"}],"wp:attachment":[{"href":"https:\/\/anoticiaonline.com.br\/site\/wp-json\/wp\/v2\/media?parent=101250"}],"wp:term":[{"taxonomy":"category","embeddable":true,"href":"https:\/\/anoticiaonline.com.br\/site\/wp-json\/wp\/v2\/categories?post=101250"},{"taxonomy":"post_tag","embeddable":true,"href":"https:\/\/anoticiaonline.com.br\/site\/wp-json\/wp\/v2\/tags?post=101250"}],"curies":[{"name":"wp","href":"https:\/\/api.w.org\/{rel}","templated":true}]}}