{"id":101207,"date":"2022-07-28T17:33:40","date_gmt":"2022-07-28T20:33:40","guid":{"rendered":"http:\/\/anoticiaonline.com.br\/site\/?p=101207"},"modified":"2022-07-28T17:33:42","modified_gmt":"2022-07-28T20:33:42","slug":"raiva-em-caes","status":"publish","type":"post","link":"https:\/\/anoticiaonline.com.br\/site\/raiva-em-caes\/","title":{"rendered":"Raiva em c\u00e3es"},"content":{"rendered":"\n<h5 class=\"wp-block-heading\"><em>Mutir\u00e3o de vacina\u00e7\u00e3o contra raiva para c\u00e3es e gatos acontece de 1 a 6 de agosto em Muria\u00e9<\/em><\/h5>\n\n\n\n<figure class=\"wp-block-image size-large\"><a href=\"https:\/\/anoticiaonline.com.br\/site\/wp-content\/uploads\/2022\/07\/vacina_antirabica_dg-1.jpg\"><img fetchpriority=\"high\" decoding=\"async\" width=\"800\" height=\"586\" src=\"https:\/\/anoticiaonline.com.br\/site\/wp-content\/uploads\/2022\/07\/vacina_antirabica_dg-1.jpg\" alt=\"\" class=\"wp-image-101209\" srcset=\"https:\/\/anoticiaonline.com.br\/site\/wp-content\/uploads\/2022\/07\/vacina_antirabica_dg-1.jpg 800w, https:\/\/anoticiaonline.com.br\/site\/wp-content\/uploads\/2022\/07\/vacina_antirabica_dg-1-300x220.jpg 300w, https:\/\/anoticiaonline.com.br\/site\/wp-content\/uploads\/2022\/07\/vacina_antirabica_dg-1-768x563.jpg 768w\" sizes=\"(max-width: 800px) 100vw, 800px\" \/><\/a><\/figure>\n\n\n\n<p class=\"wp-block-paragraph\">Acontece na pr\u00f3xima semana o mutir\u00e3o de vacina\u00e7\u00e3o antirr\u00e1bica para cachorros e gatos.\u00a0<\/p>\n\n\n\n<!--more-->\n\n\n\n<p class=\"wp-block-paragraph\"><br>A iniciativa tem o objetivo de proteger os animais de estima\u00e7\u00e3o contra a raiva, uma doen\u00e7a grave e de alto \u00edndice de mortalidade. A vacina\u00e7\u00e3o \u00e9 gratuita e as atividades v\u00e3o acontecer de acordo com o seguinte cronograma:<br>Na segunda-feira, primeiro de agosto, na regi\u00e3o de Bom Jesus, Divis\u00f3rio e S\u00e3o Fernando;<br>Ter\u00e7a, na \u00e1rea de Macuco, Boa Fam\u00edlia, Vermelho e Pirapanema;<br>Quarta, na Graminha, Gameleira, Estiva e Campo Capoeir\u00e3o.<br>Quinta, em Belis\u00e1rio e S\u00e3o Domingos;<br>E sexta, na regi\u00e3o do Sofoc\u00f3, Capetinga, Itamuri e Patrim\u00f4nio dos Carneiros.<br>J\u00e1 no s\u00e1bado, o atendimento ser\u00e1 na cidade de Muria\u00e9, pelos diversos bairros, al\u00e9m de um ponto fixo na Pra\u00e7a Jo\u00e3o Pinheiro durante todo o dia.<br>A programa\u00e7\u00e3o completa est\u00e1 dispon\u00edvel em\u00a0<a href=\"http:\/\/muriae.mg.gov.br\/vacineseupet\" target=\"_blank\" rel=\"noreferrer noopener\">muriae.mg.gov.br\/vacineseupet<\/a>.<\/p>\n","protected":false},"excerpt":{"rendered":"<p>Mutir\u00e3o de vacina\u00e7\u00e3o contra raiva para c\u00e3es e gatos acontece de 1 a 6 de agosto em Muria\u00e9 Acontece na pr\u00f3xima semana o mutir\u00e3o de vacina\u00e7\u00e3o antirr\u00e1bica para cachorros e gatos.\u00a0<\/p>\n","protected":false},"author":11,"featured_media":101209,"comment_status":"open","ping_status":"open","sticky":false,"template":"","format":"standard","meta":{"_acf_changed":false,"_monsterinsights_skip_tracking":false,"footnotes":""},"categories":[30,2893,1],"tags":[7441],"class_list":["post-101207","post","type-post","status-publish","format-standard","has-post-thumbnail","hentry","category-muriae","category-cotidiano","category-gerais","tag-mutirao-de-vacinacao-contra-raiva-para-caes-e-gatos-acontece-de-1-a-6-de-agosto-em-muriae"],"acf":[],"aioseo_notices":[],"aioseo_head":"\n\t\t<!-- All in One SEO 5.0.0.1 - aioseo.com -->\n\t<meta name=\"description\" content=\"Mutir\u00e3o de vacina\u00e7\u00e3o contra raiva para c\u00e3es e gatos acontece de 1 a 6 de agosto em Muria\u00e9 Acontece na pr\u00f3xima semana o mutir\u00e3o de vacina\u00e7\u00e3o antirr\u00e1bica para cachorros e gatos. A iniciativa tem o objetivo de proteger os animais de estima\u00e7\u00e3o contra a raiva, uma doen\u00e7a grave e de alto \u00edndice de mortalidade. A\" \/>\n\t<meta name=\"robots\" content=\"max-image-preview:large\" \/>\n\t<meta name=\"author\" content=\"Flavio\"\/>\n\t<link rel=\"canonical\" href=\"https:\/\/anoticiaonline.com.br\/site\/raiva-em-caes\/\" \/>\n\t<meta name=\"generator\" content=\"All in One SEO (AIOSEO) 5.0.0.1\" \/>\n\t\t<meta property=\"og:locale\" content=\"pt_BR\" \/>\n\t\t<meta property=\"og:site_name\" content=\"A Not\u00edcia Online - Noticias de Muria\u00e9 e regi\u00e3o\" \/>\n\t\t<meta property=\"og:type\" content=\"article\" \/>\n\t\t<meta property=\"og:title\" content=\"Raiva em c\u00e3es - A Not\u00edcia Online\" \/>\n\t\t<meta property=\"og:description\" content=\"Mutir\u00e3o de vacina\u00e7\u00e3o contra raiva para c\u00e3es e gatos acontece de 1 a 6 de agosto em Muria\u00e9 Acontece na pr\u00f3xima semana o mutir\u00e3o de vacina\u00e7\u00e3o antirr\u00e1bica para cachorros e gatos. A iniciativa tem o objetivo de proteger os animais de estima\u00e7\u00e3o contra a raiva, uma doen\u00e7a grave e de alto \u00edndice de mortalidade. A\" \/>\n\t\t<meta property=\"og:url\" content=\"https:\/\/anoticiaonline.com.br\/site\/raiva-em-caes\/\" \/>\n\t\t<meta property=\"og:image\" content=\"https:\/\/scontent-gig4-1.xx.fbcdn.net\/v\/t39.30808-1\/270437624_4564083193639691_6907940295614233970_n.jpg?stp=dst-jpg_s200x200_tt6&#038;_nc_cat=111&#038;ccb=1-7&#038;_nc_sid=f907e8&#038;_nc_ohc=SM1wRlP3lJwQ7kNvwEPuBYA&#038;_nc_oc=AdnqrjDN_BNjSSHWO-GbkIWH6fkGMLw4bqvL_NH6e2wMveX7G-rP2dAqsDSq1mJMOaY&#038;_nc_zt=24&#038;_nc_ht=scontent-gig4-1.xx&#038;_nc_gid=AoBFJeGrT1hVaew_6rchkQ&#038;oh=00_AfX7QmFGhQhG2jAllVgXCiM1ZrWgvtp80-Bfppyexh1QEg&#038;oe=689E923C\" \/>\n\t\t<meta property=\"og:image:secure_url\" content=\"https:\/\/scontent-gig4-1.xx.fbcdn.net\/v\/t39.30808-1\/270437624_4564083193639691_6907940295614233970_n.jpg?stp=dst-jpg_s200x200_tt6&#038;_nc_cat=111&#038;ccb=1-7&#038;_nc_sid=f907e8&#038;_nc_ohc=SM1wRlP3lJwQ7kNvwEPuBYA&#038;_nc_oc=AdnqrjDN_BNjSSHWO-GbkIWH6fkGMLw4bqvL_NH6e2wMveX7G-rP2dAqsDSq1mJMOaY&#038;_nc_zt=24&#038;_nc_ht=scontent-gig4-1.xx&#038;_nc_gid=AoBFJeGrT1hVaew_6rchkQ&#038;oh=00_AfX7QmFGhQhG2jAllVgXCiM1ZrWgvtp80-Bfppyexh1QEg&#038;oe=689E923C\" \/>\n\t\t<meta property=\"article:published_time\" content=\"2022-07-28T20:33:40+00:00\" \/>\n\t\t<meta property=\"article:modified_time\" content=\"2022-07-28T20:33:42+00:00\" \/>\n\t\t<meta name=\"twitter:card\" content=\"summary_large_image\" \/>\n\t\t<meta name=\"twitter:title\" content=\"Raiva em c\u00e3es - A Not\u00edcia Online\" \/>\n\t\t<meta name=\"twitter:description\" content=\"Mutir\u00e3o de vacina\u00e7\u00e3o contra raiva para c\u00e3es e gatos acontece de 1 a 6 de agosto em Muria\u00e9 Acontece na pr\u00f3xima semana o mutir\u00e3o de vacina\u00e7\u00e3o antirr\u00e1bica para cachorros e gatos. A iniciativa tem o objetivo de proteger os animais de estima\u00e7\u00e3o contra a raiva, uma doen\u00e7a grave e de alto \u00edndice de mortalidade. A\" \/>\n\t\t<meta name=\"twitter:image\" content=\"https:\/\/scontent-gig4-1.xx.fbcdn.net\/v\/t39.30808-1\/270437624_4564083193639691_6907940295614233970_n.jpg?stp=dst-jpg_s200x200_tt6&amp;_nc_cat=111&amp;ccb=1-7&amp;_nc_sid=f907e8&amp;_nc_ohc=SM1wRlP3lJwQ7kNvwEPuBYA&amp;_nc_oc=AdnqrjDN_BNjSSHWO-GbkIWH6fkGMLw4bqvL_NH6e2wMveX7G-rP2dAqsDSq1mJMOaY&amp;_nc_zt=24&amp;_nc_ht=scontent-gig4-1.xx&amp;_nc_gid=AoBFJeGrT1hVaew_6rchkQ&amp;oh=00_AfX7QmFGhQhG2jAllVgXCiM1ZrWgvtp80-Bfppyexh1QEg&amp;oe=689E923C\" \/>\n\t\t<script type=\"application\/ld+json\" class=\"aioseo-schema\">\n\t\t\t{\"@context\":\"https:\\\/\\\/schema.org\",\"@graph\":[{\"@type\":\"BlogPosting\",\"@id\":\"https:\\\/\\\/anoticiaonline.com.br\\\/site\\\/raiva-em-caes\\\/#blogposting\",\"name\":\"Raiva em c\\u00e3es - A Not\\u00edcia Online\",\"headline\":\"Raiva em c\\u00e3es\",\"author\":{\"@id\":\"https:\\\/\\\/anoticiaonline.com.br\\\/site\\\/author\\\/flavio\\\/#author\"},\"publisher\":{\"@id\":\"https:\\\/\\\/anoticiaonline.com.br\\\/site\\\/#organization\"},\"image\":{\"@type\":\"ImageObject\",\"url\":\"https:\\\/\\\/anoticiaonline.com.br\\\/site\\\/wp-content\\\/uploads\\\/2022\\\/07\\\/vacina_antirabica_dg-1.jpg\",\"width\":800,\"height\":586},\"datePublished\":\"2022-07-28T17:33:40-03:00\",\"dateModified\":\"2022-07-28T17:33:42-03:00\",\"inLanguage\":\"pt-BR\",\"mainEntityOfPage\":{\"@id\":\"https:\\\/\\\/anoticiaonline.com.br\\\/site\\\/raiva-em-caes\\\/#webpage\"},\"isPartOf\":{\"@id\":\"https:\\\/\\\/anoticiaonline.com.br\\\/site\\\/raiva-em-caes\\\/#webpage\"},\"articleSection\":\"Blog, Cotidiano, Gerais, Mutir\\u00e3o de vacina\\u00e7\\u00e3o contra raiva para c\\u00e3es e gatos acontece de 1 a 6 de agosto em Muria\\u00e9\"},{\"@type\":\"BreadcrumbList\",\"@id\":\"https:\\\/\\\/anoticiaonline.com.br\\\/site\\\/raiva-em-caes\\\/#breadcrumblist\",\"itemListElement\":[{\"@type\":\"ListItem\",\"@id\":\"https:\\\/\\\/anoticiaonline.com.br\\\/site#listItem\",\"position\":1,\"name\":\"Home\",\"item\":\"https:\\\/\\\/anoticiaonline.com.br\\\/site\",\"nextItem\":{\"@type\":\"ListItem\",\"@id\":\"https:\\\/\\\/anoticiaonline.com.br\\\/site\\\/categoria\\\/muriae\\\/#listItem\",\"name\":\"Blog\"}},{\"@type\":\"ListItem\",\"@id\":\"https:\\\/\\\/anoticiaonline.com.br\\\/site\\\/categoria\\\/muriae\\\/#listItem\",\"position\":2,\"name\":\"Blog\",\"item\":\"https:\\\/\\\/anoticiaonline.com.br\\\/site\\\/categoria\\\/muriae\\\/\",\"nextItem\":{\"@type\":\"ListItem\",\"@id\":\"https:\\\/\\\/anoticiaonline.com.br\\\/site\\\/categoria\\\/muriae\\\/cotidiano\\\/#listItem\",\"name\":\"Cotidiano\"},\"previousItem\":{\"@type\":\"ListItem\",\"@id\":\"https:\\\/\\\/anoticiaonline.com.br\\\/site#listItem\",\"name\":\"Home\"}},{\"@type\":\"ListItem\",\"@id\":\"https:\\\/\\\/anoticiaonline.com.br\\\/site\\\/categoria\\\/muriae\\\/cotidiano\\\/#listItem\",\"position\":3,\"name\":\"Cotidiano\",\"item\":\"https:\\\/\\\/anoticiaonline.com.br\\\/site\\\/categoria\\\/muriae\\\/cotidiano\\\/\",\"nextItem\":{\"@type\":\"ListItem\",\"@id\":\"https:\\\/\\\/anoticiaonline.com.br\\\/site\\\/raiva-em-caes\\\/#listItem\",\"name\":\"Raiva em c\\u00e3es\"},\"previousItem\":{\"@type\":\"ListItem\",\"@id\":\"https:\\\/\\\/anoticiaonline.com.br\\\/site\\\/categoria\\\/muriae\\\/#listItem\",\"name\":\"Blog\"}},{\"@type\":\"ListItem\",\"@id\":\"https:\\\/\\\/anoticiaonline.com.br\\\/site\\\/raiva-em-caes\\\/#listItem\",\"position\":4,\"name\":\"Raiva em c\\u00e3es\",\"previousItem\":{\"@type\":\"ListItem\",\"@id\":\"https:\\\/\\\/anoticiaonline.com.br\\\/site\\\/categoria\\\/muriae\\\/cotidiano\\\/#listItem\",\"name\":\"Cotidiano\"}}]},{\"@type\":\"Organization\",\"@id\":\"https:\\\/\\\/anoticiaonline.com.br\\\/site\\\/#organization\",\"name\":\"A Not\\u00edcia Online\",\"description\":\"Noticias de Muria\\u00e9 e regi\\u00e3o\",\"url\":\"https:\\\/\\\/anoticiaonline.com.br\\\/site\\\/\",\"logo\":{\"@type\":\"ImageObject\",\"url\":\"https:\\\/\\\/scontent-gig4-1.xx.fbcdn.net\\\/v\\\/t39.30808-1\\\/270437624_4564083193639691_6907940295614233970_n.jpg?stp=dst-jpg_s200x200_tt6&_nc_cat=111&ccb=1-7&_nc_sid=f907e8&_nc_ohc=SM1wRlP3lJwQ7kNvwEPuBYA&_nc_oc=AdnqrjDN_BNjSSHWO-GbkIWH6fkGMLw4bqvL_NH6e2wMveX7G-rP2dAqsDSq1mJMOaY&_nc_zt=24&_nc_ht=scontent-gig4-1.xx&_nc_gid=AoBFJeGrT1hVaew_6rchkQ&oh=00_AfX7QmFGhQhG2jAllVgXCiM1ZrWgvtp80-Bfppyexh1QEg&oe=689E923C\",\"@id\":\"https:\\\/\\\/anoticiaonline.com.br\\\/site\\\/raiva-em-caes\\\/#organizationLogo\"},\"image\":{\"@id\":\"https:\\\/\\\/anoticiaonline.com.br\\\/site\\\/raiva-em-caes\\\/#organizationLogo\"}},{\"@type\":\"Person\",\"@id\":\"https:\\\/\\\/anoticiaonline.com.br\\\/site\\\/author\\\/flavio\\\/#author\",\"url\":\"https:\\\/\\\/anoticiaonline.com.br\\\/site\\\/author\\\/flavio\\\/\",\"name\":\"Flavio\",\"image\":{\"@type\":\"ImageObject\",\"@id\":\"https:\\\/\\\/anoticiaonline.com.br\\\/site\\\/raiva-em-caes\\\/#authorImage\",\"url\":\"https:\\\/\\\/secure.gravatar.com\\\/avatar\\\/15f468c802802b9079bce8dd6a2cfce0c97707adbc22c5062e758028c2874816?s=96&d=mm&r=g\",\"width\":96,\"height\":96,\"caption\":\"Flavio\"}},{\"@type\":\"WebPage\",\"@id\":\"https:\\\/\\\/anoticiaonline.com.br\\\/site\\\/raiva-em-caes\\\/#webpage\",\"url\":\"https:\\\/\\\/anoticiaonline.com.br\\\/site\\\/raiva-em-caes\\\/\",\"name\":\"Raiva em c\\u00e3es - A Not\\u00edcia Online\",\"description\":\"Mutir\\u00e3o de vacina\\u00e7\\u00e3o contra raiva para c\\u00e3es e gatos acontece de 1 a 6 de agosto em Muria\\u00e9 Acontece na pr\\u00f3xima semana o mutir\\u00e3o de vacina\\u00e7\\u00e3o antirr\\u00e1bica para cachorros e gatos. A iniciativa tem o objetivo de proteger os animais de estima\\u00e7\\u00e3o contra a raiva, uma doen\\u00e7a grave e de alto \\u00edndice de mortalidade. A\",\"inLanguage\":\"pt-BR\",\"isPartOf\":{\"@id\":\"https:\\\/\\\/anoticiaonline.com.br\\\/site\\\/#website\"},\"breadcrumb\":{\"@id\":\"https:\\\/\\\/anoticiaonline.com.br\\\/site\\\/raiva-em-caes\\\/#breadcrumblist\"},\"author\":{\"@id\":\"https:\\\/\\\/anoticiaonline.com.br\\\/site\\\/author\\\/flavio\\\/#author\"},\"creator\":{\"@id\":\"https:\\\/\\\/anoticiaonline.com.br\\\/site\\\/author\\\/flavio\\\/#author\"},\"image\":{\"@type\":\"ImageObject\",\"url\":\"https:\\\/\\\/anoticiaonline.com.br\\\/site\\\/wp-content\\\/uploads\\\/2022\\\/07\\\/vacina_antirabica_dg-1.jpg\",\"@id\":\"https:\\\/\\\/anoticiaonline.com.br\\\/site\\\/raiva-em-caes\\\/#mainImage\",\"width\":800,\"height\":586},\"primaryImageOfPage\":{\"@id\":\"https:\\\/\\\/anoticiaonline.com.br\\\/site\\\/raiva-em-caes\\\/#mainImage\"},\"datePublished\":\"2022-07-28T17:33:40-03:00\",\"dateModified\":\"2022-07-28T17:33:42-03:00\"},{\"@type\":\"WebSite\",\"@id\":\"https:\\\/\\\/anoticiaonline.com.br\\\/site\\\/#website\",\"url\":\"https:\\\/\\\/anoticiaonline.com.br\\\/site\\\/\",\"name\":\"A Not\\u00edcia Online\",\"description\":\"Noticias de Muria\\u00e9 e regi\\u00e3o\",\"inLanguage\":\"pt-BR\",\"publisher\":{\"@id\":\"https:\\\/\\\/anoticiaonline.com.br\\\/site\\\/#organization\"}}]}\n\t\t<\/script>\n\t\t<!-- All in One SEO -->\n\n","aioseo_head_json":{"title":"Raiva em c\u00e3es - A Not\u00edcia Online","description":"Mutir\u00e3o de vacina\u00e7\u00e3o contra raiva para c\u00e3es e gatos acontece de 1 a 6 de agosto em Muria\u00e9 Acontece na pr\u00f3xima semana o mutir\u00e3o de vacina\u00e7\u00e3o antirr\u00e1bica para cachorros e gatos. A iniciativa tem o objetivo de proteger os animais de estima\u00e7\u00e3o contra a raiva, uma doen\u00e7a grave e de alto \u00edndice de mortalidade. A","canonical_url":"https:\/\/anoticiaonline.com.br\/site\/raiva-em-caes\/","robots":"max-image-preview:large","keywords":"","webmasterTools":{"miscellaneous":""},"schema":{"@context":"https:\/\/schema.org","@graph":[{"@type":"BlogPosting","@id":"https:\/\/anoticiaonline.com.br\/site\/raiva-em-caes\/#blogposting","name":"Raiva em c\u00e3es - A Not\u00edcia Online","headline":"Raiva em c\u00e3es","author":{"@id":"https:\/\/anoticiaonline.com.br\/site\/author\/flavio\/#author"},"publisher":{"@id":"https:\/\/anoticiaonline.com.br\/site\/#organization"},"image":{"@type":"ImageObject","url":"https:\/\/anoticiaonline.com.br\/site\/wp-content\/uploads\/2022\/07\/vacina_antirabica_dg-1.jpg","width":800,"height":586},"datePublished":"2022-07-28T17:33:40-03:00","dateModified":"2022-07-28T17:33:42-03:00","inLanguage":"pt-BR","mainEntityOfPage":{"@id":"https:\/\/anoticiaonline.com.br\/site\/raiva-em-caes\/#webpage"},"isPartOf":{"@id":"https:\/\/anoticiaonline.com.br\/site\/raiva-em-caes\/#webpage"},"articleSection":"Blog, Cotidiano, Gerais, Mutir\u00e3o de vacina\u00e7\u00e3o contra raiva para c\u00e3es e gatos acontece de 1 a 6 de agosto em Muria\u00e9"},{"@type":"BreadcrumbList","@id":"https:\/\/anoticiaonline.com.br\/site\/raiva-em-caes\/#breadcrumblist","itemListElement":[{"@type":"ListItem","@id":"https:\/\/anoticiaonline.com.br\/site#listItem","position":1,"name":"Home","item":"https:\/\/anoticiaonline.com.br\/site","nextItem":{"@type":"ListItem","@id":"https:\/\/anoticiaonline.com.br\/site\/categoria\/muriae\/#listItem","name":"Blog"}},{"@type":"ListItem","@id":"https:\/\/anoticiaonline.com.br\/site\/categoria\/muriae\/#listItem","position":2,"name":"Blog","item":"https:\/\/anoticiaonline.com.br\/site\/categoria\/muriae\/","nextItem":{"@type":"ListItem","@id":"https:\/\/anoticiaonline.com.br\/site\/categoria\/muriae\/cotidiano\/#listItem","name":"Cotidiano"},"previousItem":{"@type":"ListItem","@id":"https:\/\/anoticiaonline.com.br\/site#listItem","name":"Home"}},{"@type":"ListItem","@id":"https:\/\/anoticiaonline.com.br\/site\/categoria\/muriae\/cotidiano\/#listItem","position":3,"name":"Cotidiano","item":"https:\/\/anoticiaonline.com.br\/site\/categoria\/muriae\/cotidiano\/","nextItem":{"@type":"ListItem","@id":"https:\/\/anoticiaonline.com.br\/site\/raiva-em-caes\/#listItem","name":"Raiva em c\u00e3es"},"previousItem":{"@type":"ListItem","@id":"https:\/\/anoticiaonline.com.br\/site\/categoria\/muriae\/#listItem","name":"Blog"}},{"@type":"ListItem","@id":"https:\/\/anoticiaonline.com.br\/site\/raiva-em-caes\/#listItem","position":4,"name":"Raiva em c\u00e3es","previousItem":{"@type":"ListItem","@id":"https:\/\/anoticiaonline.com.br\/site\/categoria\/muriae\/cotidiano\/#listItem","name":"Cotidiano"}}]},{"@type":"Organization","@id":"https:\/\/anoticiaonline.com.br\/site\/#organization","name":"A Not\u00edcia Online","description":"Noticias de Muria\u00e9 e regi\u00e3o","url":"https:\/\/anoticiaonline.com.br\/site\/","logo":{"@type":"ImageObject","url":"https:\/\/scontent-gig4-1.xx.fbcdn.net\/v\/t39.30808-1\/270437624_4564083193639691_6907940295614233970_n.jpg?stp=dst-jpg_s200x200_tt6&_nc_cat=111&ccb=1-7&_nc_sid=f907e8&_nc_ohc=SM1wRlP3lJwQ7kNvwEPuBYA&_nc_oc=AdnqrjDN_BNjSSHWO-GbkIWH6fkGMLw4bqvL_NH6e2wMveX7G-rP2dAqsDSq1mJMOaY&_nc_zt=24&_nc_ht=scontent-gig4-1.xx&_nc_gid=AoBFJeGrT1hVaew_6rchkQ&oh=00_AfX7QmFGhQhG2jAllVgXCiM1ZrWgvtp80-Bfppyexh1QEg&oe=689E923C","@id":"https:\/\/anoticiaonline.com.br\/site\/raiva-em-caes\/#organizationLogo"},"image":{"@id":"https:\/\/anoticiaonline.com.br\/site\/raiva-em-caes\/#organizationLogo"}},{"@type":"Person","@id":"https:\/\/anoticiaonline.com.br\/site\/author\/flavio\/#author","url":"https:\/\/anoticiaonline.com.br\/site\/author\/flavio\/","name":"Flavio","image":{"@type":"ImageObject","@id":"https:\/\/anoticiaonline.com.br\/site\/raiva-em-caes\/#authorImage","url":"https:\/\/secure.gravatar.com\/avatar\/15f468c802802b9079bce8dd6a2cfce0c97707adbc22c5062e758028c2874816?s=96&d=mm&r=g","width":96,"height":96,"caption":"Flavio"}},{"@type":"WebPage","@id":"https:\/\/anoticiaonline.com.br\/site\/raiva-em-caes\/#webpage","url":"https:\/\/anoticiaonline.com.br\/site\/raiva-em-caes\/","name":"Raiva em c\u00e3es - A Not\u00edcia Online","description":"Mutir\u00e3o de vacina\u00e7\u00e3o contra raiva para c\u00e3es e gatos acontece de 1 a 6 de agosto em Muria\u00e9 Acontece na pr\u00f3xima semana o mutir\u00e3o de vacina\u00e7\u00e3o antirr\u00e1bica para cachorros e gatos. A iniciativa tem o objetivo de proteger os animais de estima\u00e7\u00e3o contra a raiva, uma doen\u00e7a grave e de alto \u00edndice de mortalidade. A","inLanguage":"pt-BR","isPartOf":{"@id":"https:\/\/anoticiaonline.com.br\/site\/#website"},"breadcrumb":{"@id":"https:\/\/anoticiaonline.com.br\/site\/raiva-em-caes\/#breadcrumblist"},"author":{"@id":"https:\/\/anoticiaonline.com.br\/site\/author\/flavio\/#author"},"creator":{"@id":"https:\/\/anoticiaonline.com.br\/site\/author\/flavio\/#author"},"image":{"@type":"ImageObject","url":"https:\/\/anoticiaonline.com.br\/site\/wp-content\/uploads\/2022\/07\/vacina_antirabica_dg-1.jpg","@id":"https:\/\/anoticiaonline.com.br\/site\/raiva-em-caes\/#mainImage","width":800,"height":586},"primaryImageOfPage":{"@id":"https:\/\/anoticiaonline.com.br\/site\/raiva-em-caes\/#mainImage"},"datePublished":"2022-07-28T17:33:40-03:00","dateModified":"2022-07-28T17:33:42-03:00"},{"@type":"WebSite","@id":"https:\/\/anoticiaonline.com.br\/site\/#website","url":"https:\/\/anoticiaonline.com.br\/site\/","name":"A Not\u00edcia Online","description":"Noticias de Muria\u00e9 e regi\u00e3o","inLanguage":"pt-BR","publisher":{"@id":"https:\/\/anoticiaonline.com.br\/site\/#organization"}}]},"og:locale":"pt_BR","og:site_name":"A Not\u00edcia Online - Noticias de Muria\u00e9 e regi\u00e3o","og:type":"article","og:title":"Raiva em c\u00e3es - A Not\u00edcia Online","og:description":"Mutir\u00e3o de vacina\u00e7\u00e3o contra raiva para c\u00e3es e gatos acontece de 1 a 6 de agosto em Muria\u00e9 Acontece na pr\u00f3xima semana o mutir\u00e3o de vacina\u00e7\u00e3o antirr\u00e1bica para cachorros e gatos. A iniciativa tem o objetivo de proteger os animais de estima\u00e7\u00e3o contra a raiva, uma doen\u00e7a grave e de alto \u00edndice de mortalidade. A","og:url":"https:\/\/anoticiaonline.com.br\/site\/raiva-em-caes\/","og:image":"https:\/\/scontent-gig4-1.xx.fbcdn.net\/v\/t39.30808-1\/270437624_4564083193639691_6907940295614233970_n.jpg?stp=dst-jpg_s200x200_tt6&#038;_nc_cat=111&#038;ccb=1-7&#038;_nc_sid=f907e8&#038;_nc_ohc=SM1wRlP3lJwQ7kNvwEPuBYA&#038;_nc_oc=AdnqrjDN_BNjSSHWO-GbkIWH6fkGMLw4bqvL_NH6e2wMveX7G-rP2dAqsDSq1mJMOaY&#038;_nc_zt=24&#038;_nc_ht=scontent-gig4-1.xx&#038;_nc_gid=AoBFJeGrT1hVaew_6rchkQ&#038;oh=00_AfX7QmFGhQhG2jAllVgXCiM1ZrWgvtp80-Bfppyexh1QEg&#038;oe=689E923C","og:image:secure_url":"https:\/\/scontent-gig4-1.xx.fbcdn.net\/v\/t39.30808-1\/270437624_4564083193639691_6907940295614233970_n.jpg?stp=dst-jpg_s200x200_tt6&#038;_nc_cat=111&#038;ccb=1-7&#038;_nc_sid=f907e8&#038;_nc_ohc=SM1wRlP3lJwQ7kNvwEPuBYA&#038;_nc_oc=AdnqrjDN_BNjSSHWO-GbkIWH6fkGMLw4bqvL_NH6e2wMveX7G-rP2dAqsDSq1mJMOaY&#038;_nc_zt=24&#038;_nc_ht=scontent-gig4-1.xx&#038;_nc_gid=AoBFJeGrT1hVaew_6rchkQ&#038;oh=00_AfX7QmFGhQhG2jAllVgXCiM1ZrWgvtp80-Bfppyexh1QEg&#038;oe=689E923C","article:published_time":"2022-07-28T20:33:40+00:00","article:modified_time":"2022-07-28T20:33:42+00:00","twitter:card":"summary_large_image","twitter:title":"Raiva em c\u00e3es - A Not\u00edcia Online","twitter:description":"Mutir\u00e3o de vacina\u00e7\u00e3o contra raiva para c\u00e3es e gatos acontece de 1 a 6 de agosto em Muria\u00e9 Acontece na pr\u00f3xima semana o mutir\u00e3o de vacina\u00e7\u00e3o antirr\u00e1bica para cachorros e gatos. A iniciativa tem o objetivo de proteger os animais de estima\u00e7\u00e3o contra a raiva, uma doen\u00e7a grave e de alto \u00edndice de mortalidade. A","twitter:image":"https:\/\/scontent-gig4-1.xx.fbcdn.net\/v\/t39.30808-1\/270437624_4564083193639691_6907940295614233970_n.jpg?stp=dst-jpg_s200x200_tt6&_nc_cat=111&ccb=1-7&_nc_sid=f907e8&_nc_ohc=SM1wRlP3lJwQ7kNvwEPuBYA&_nc_oc=AdnqrjDN_BNjSSHWO-GbkIWH6fkGMLw4bqvL_NH6e2wMveX7G-rP2dAqsDSq1mJMOaY&_nc_zt=24&_nc_ht=scontent-gig4-1.xx&_nc_gid=AoBFJeGrT1hVaew_6rchkQ&oh=00_AfX7QmFGhQhG2jAllVgXCiM1ZrWgvtp80-Bfppyexh1QEg&oe=689E923C"},"aioseo_meta_data":{"post_id":"101207","title":null,"description":null,"keywords":null,"keyphrases":null,"primary_term":null,"canonical_url":null,"og_title":null,"og_description":null,"og_object_type":"default","og_image_type":"default","og_image_url":null,"og_image_width":null,"og_image_height":null,"og_image_custom_url":null,"og_image_custom_fields":null,"og_video":null,"og_custom_url":null,"og_article_section":null,"og_article_tags":null,"twitter_use_og":false,"twitter_card":"default","twitter_image_type":"default","twitter_image_url":null,"twitter_image_custom_url":null,"twitter_image_custom_fields":null,"twitter_title":null,"twitter_description":null,"schema":{"blockGraphs":[],"customGraphs":[],"default":{"data":{"Article":[],"Course":[],"Dataset":[],"FAQPage":[],"Movie":[],"Person":[],"Product":[],"ProductReview":[],"Car":[],"Recipe":[],"Service":[],"SoftwareApplication":[],"WebPage":[]},"graphName":"","isEnabled":true},"graphs":[]},"schema_type":"default","schema_type_options":null,"pillar_content":false,"robots_default":true,"robots_noindex":false,"robots_noarchive":false,"robots_nosnippet":false,"robots_nofollow":false,"robots_noimageindex":false,"robots_noodp":false,"robots_notranslate":false,"robots_max_snippet":null,"robots_max_videopreview":null,"robots_max_imagepreview":"large","priority":null,"frequency":null,"local_seo":null,"breadcrumb_settings":null,"limit_modified_date":false,"ai":null,"created":"2025-08-17 06:30:43","updated":"2025-08-17 06:30:43","focus_keyword":null,"additional_keywords":null,"truseo_locale":null,"seo_analyzer_scan_date":null},"aioseo_breadcrumb":"<div class=\"aioseo-breadcrumbs\"><span class=\"aioseo-breadcrumb\">\n\t\t\t<a href=\"https:\/\/anoticiaonline.com.br\/site\" title=\"Home\">Home<\/a>\n\t\t<\/span><span class=\"aioseo-breadcrumb-separator\">&raquo;<\/span><span class=\"aioseo-breadcrumb\">\n\t\t\t<a href=\"https:\/\/anoticiaonline.com.br\/site\/categoria\/muriae\/\" title=\"Blog\">Blog<\/a>\n\t\t<\/span><span class=\"aioseo-breadcrumb-separator\">&raquo;<\/span><span class=\"aioseo-breadcrumb\">\n\t\t\t<a href=\"https:\/\/anoticiaonline.com.br\/site\/categoria\/muriae\/cotidiano\/\" title=\"Cotidiano\">Cotidiano<\/a>\n\t\t<\/span><span class=\"aioseo-breadcrumb-separator\">&raquo;<\/span><span class=\"aioseo-breadcrumb\">\n\t\t\tRaiva em c\u00e3es\n\t\t<\/span><\/div>","aioseo_breadcrumb_json":[{"label":"Home","link":"https:\/\/anoticiaonline.com.br\/site"},{"label":"Blog","link":"https:\/\/anoticiaonline.com.br\/site\/categoria\/muriae\/"},{"label":"Cotidiano","link":"https:\/\/anoticiaonline.com.br\/site\/categoria\/muriae\/cotidiano\/"},{"label":"Raiva em c\u00e3es","link":"https:\/\/anoticiaonline.com.br\/site\/raiva-em-caes\/"}],"views":178,"_links":{"self":[{"href":"https:\/\/anoticiaonline.com.br\/site\/wp-json\/wp\/v2\/posts\/101207","targetHints":{"allow":["GET"]}}],"collection":[{"href":"https:\/\/anoticiaonline.com.br\/site\/wp-json\/wp\/v2\/posts"}],"about":[{"href":"https:\/\/anoticiaonline.com.br\/site\/wp-json\/wp\/v2\/types\/post"}],"author":[{"embeddable":true,"href":"https:\/\/anoticiaonline.com.br\/site\/wp-json\/wp\/v2\/users\/11"}],"replies":[{"embeddable":true,"href":"https:\/\/anoticiaonline.com.br\/site\/wp-json\/wp\/v2\/comments?post=101207"}],"version-history":[{"count":0,"href":"https:\/\/anoticiaonline.com.br\/site\/wp-json\/wp\/v2\/posts\/101207\/revisions"}],"wp:featuredmedia":[{"embeddable":true,"href":"https:\/\/anoticiaonline.com.br\/site\/wp-json\/wp\/v2\/media\/101209"}],"wp:attachment":[{"href":"https:\/\/anoticiaonline.com.br\/site\/wp-json\/wp\/v2\/media?parent=101207"}],"wp:term":[{"taxonomy":"category","embeddable":true,"href":"https:\/\/anoticiaonline.com.br\/site\/wp-json\/wp\/v2\/categories?post=101207"},{"taxonomy":"post_tag","embeddable":true,"href":"https:\/\/anoticiaonline.com.br\/site\/wp-json\/wp\/v2\/tags?post=101207"}],"curies":[{"name":"wp","href":"https:\/\/api.w.org\/{rel}","templated":true}]}}