{"id":101142,"date":"2022-07-30T10:00:00","date_gmt":"2022-07-30T13:00:00","guid":{"rendered":"http:\/\/anoticiaonline.com.br\/site\/?p=101142"},"modified":"2022-07-30T13:54:42","modified_gmt":"2022-07-30T16:54:42","slug":"fieis-mantem-a-tradicao-e-comparecem-ao-triduo-de-sao-cristovao-2","status":"publish","type":"post","link":"https:\/\/anoticiaonline.com.br\/site\/fieis-mantem-a-tradicao-e-comparecem-ao-triduo-de-sao-cristovao-2\/","title":{"rendered":"Fi\u00e9is mant\u00eam a tradi\u00e7\u00e3o e comparecem ao tr\u00edduo de S\u00e3o Crist\u00f3v\u00e3o"},"content":{"rendered":"\n<h5 class=\"wp-block-heading\"><em>Casa do Bombeiro \u00e9 patrono da 76\u00aa edi\u00e7\u00e3o da festa<\/em><\/h5>\n\n\n\n<figure class=\"wp-block-image size-large\"><a href=\"https:\/\/anoticiaonline.com.br\/site\/wp-content\/uploads\/2022\/07\/editada-1-4.jpg\"><img fetchpriority=\"high\" decoding=\"async\" width=\"800\" height=\"523\" src=\"https:\/\/anoticiaonline.com.br\/site\/wp-content\/uploads\/2022\/07\/editada-1-4.jpg\" alt=\"\" class=\"wp-image-101143\" srcset=\"https:\/\/anoticiaonline.com.br\/site\/wp-content\/uploads\/2022\/07\/editada-1-4.jpg 800w, https:\/\/anoticiaonline.com.br\/site\/wp-content\/uploads\/2022\/07\/editada-1-4-300x196.jpg 300w, https:\/\/anoticiaonline.com.br\/site\/wp-content\/uploads\/2022\/07\/editada-1-4-768x502.jpg 768w\" sizes=\"(max-width: 800px) 100vw, 800px\" \/><\/a><\/figure>\n\n\n\n<p class=\"wp-block-paragraph\">O Tr\u00edduo de S\u00e3o Crist\u00f3v\u00e3o atraiu centenas de fieis que acompanharam a 76\u00aa edi\u00e7\u00e3o da festa em honra ao santo, promovida pela Par\u00f3quia Nossa Senhora Aparecida, do Porto. O evento aconteceu entre quinta-feira (21) e domingo (24). Esse ano, a Casa do Bombeiro foi patrona da Festa. O propriet\u00e1rio Sr. Levy, seus filhos, Matheus e Mariana e sua nora, Laura, conduziram o tr\u00edduo e tamb\u00e9m a tradicional carreata em homenagem ao padroeiro dos motoristas, viajantes e peregrinos.<\/p>\n\n\n\n<!--more-->\n\n\n\n<p class=\"wp-block-paragraph\">A empresa Hidr\u00e1ulica Muria\u00e9 Ltda &#8211; Casa do Bombeiro existe desde 1982 e foi fundada pelo s\u00f3cio-propriet\u00e1rio Levy Rodrigues de Oliveira. Este ano, a empresa completa 40 anos e os empres\u00e1rios falam sobre a participa\u00e7\u00e3o no tr\u00edduo. \u201cFicamos extremamente honrados com o convite do Padre Marcelo, \u00e9 uma festa tradicional da cidade, nos empenhamos com muita dedica\u00e7\u00e3o e carinho. foi muito gratificante poder ajudar a comunidade Nossa Senhora Aparecida, esperamos ter correspondido \u00e0 expectativa\u201d, disseram.<\/p>\n\n\n\n<p class=\"wp-block-paragraph\">\u201cA Casa do Bombeiro agradece em nome dos seus propriet\u00e1rios e colaboradores a honra de ser patrona da 76\u00ba edi\u00e7\u00e3o da Festa de S\u00e3o Crist\u00f3v\u00e3o no ano de 2022. Esperamos que nosso trabalho e participa\u00e7\u00e3o tenham alcan\u00e7ado os objetivos e expectativas de um convite t\u00e3o nobre. Gostar\u00edamos tamb\u00e9m de agradecer carinhosamente a recep\u00e7\u00e3o de todas as empresas que contribu\u00edram com o livro de ouro.\u201d<\/p>\n\n\n\n<p class=\"wp-block-paragraph\">O Padre Marcelo S\u00e9rgio de Barros celebrou as missas, fez a ben\u00e7\u00e3o dos motoristas e acompanhou a carreata. A festa deste ano teve um sentido especial j\u00e1 que est\u00e1 acontecendo no per\u00edodo de p\u00f3s-pandemia.<\/p>\n\n\n\n<p class=\"wp-block-paragraph\">&nbsp;O Padre Marcelo falou sobre o Tr\u00edduo. \u201cPara mim e para o Padre Reginaldo est\u00e1 sendo uma experi\u00eancia muito bonita, porque eu sempre ouvia falar desta festa e hoje estou participando como p\u00e1roco da Par\u00f3quia. Estou encantado com a participa\u00e7\u00e3o dos fi\u00e9is que aderiram a esta tradi\u00e7\u00e3o. O fato de termos convidado a Casa do Bombeiro para nos apoiar este ano, foi muito importante. Agrade\u00e7o, ent\u00e3o, ao Sr. Levy, ao Matheus, \u00e0 Mariana e a toda fam\u00edlia pela participa\u00e7\u00e3o. Meu muito obrigado, tamb\u00e9m, a todos e aos comerciantes da cidade que nos ajudaram\u201d, concluiu.<\/p>\n\n\n\n<figure class=\"wp-block-gallery columns-2 is-cropped wp-block-gallery-1 is-layout-flex wp-block-gallery-is-layout-flex\"><ul class=\"blocks-gallery-grid\"><li class=\"blocks-gallery-item\"><figure><a href=\"https:\/\/anoticiaonline.com.br\/site\/wp-content\/uploads\/2022\/07\/001.jpg\"><img decoding=\"async\" width=\"800\" height=\"360\" src=\"https:\/\/anoticiaonline.com.br\/site\/wp-content\/uploads\/2022\/07\/001.jpg\" alt=\"\" data-id=\"101144\" data-full-url=\"https:\/\/anoticiaonline.com.br\/site\/wp-content\/uploads\/2022\/07\/001.jpg\" data-link=\"https:\/\/anoticiaonline.com.br\/site\/?attachment_id=101144\" class=\"wp-image-101144\" srcset=\"https:\/\/anoticiaonline.com.br\/site\/wp-content\/uploads\/2022\/07\/001.jpg 800w, https:\/\/anoticiaonline.com.br\/site\/wp-content\/uploads\/2022\/07\/001-300x135.jpg 300w, https:\/\/anoticiaonline.com.br\/site\/wp-content\/uploads\/2022\/07\/001-768x346.jpg 768w\" sizes=\"(max-width: 800px) 100vw, 800px\" \/><\/a><\/figure><\/li><li class=\"blocks-gallery-item\"><figure><a href=\"https:\/\/anoticiaonline.com.br\/site\/wp-content\/uploads\/2022\/07\/002.jpg\"><img decoding=\"async\" width=\"800\" height=\"360\" src=\"https:\/\/anoticiaonline.com.br\/site\/wp-content\/uploads\/2022\/07\/002.jpg\" alt=\"\" data-id=\"101145\" data-full-url=\"https:\/\/anoticiaonline.com.br\/site\/wp-content\/uploads\/2022\/07\/002.jpg\" data-link=\"https:\/\/anoticiaonline.com.br\/site\/?attachment_id=101145\" class=\"wp-image-101145\" srcset=\"https:\/\/anoticiaonline.com.br\/site\/wp-content\/uploads\/2022\/07\/002.jpg 800w, https:\/\/anoticiaonline.com.br\/site\/wp-content\/uploads\/2022\/07\/002-300x135.jpg 300w, https:\/\/anoticiaonline.com.br\/site\/wp-content\/uploads\/2022\/07\/002-768x346.jpg 768w\" sizes=\"(max-width: 800px) 100vw, 800px\" \/><\/a><\/figure><\/li><li class=\"blocks-gallery-item\"><figure><a href=\"https:\/\/anoticiaonline.com.br\/site\/wp-content\/uploads\/2022\/07\/editada-1-4-1.jpg\"><img loading=\"lazy\" decoding=\"async\" width=\"800\" height=\"523\" src=\"https:\/\/anoticiaonline.com.br\/site\/wp-content\/uploads\/2022\/07\/editada-1-4-1.jpg\" alt=\"\" data-id=\"101146\" data-full-url=\"https:\/\/anoticiaonline.com.br\/site\/wp-content\/uploads\/2022\/07\/editada-1-4-1.jpg\" data-link=\"https:\/\/anoticiaonline.com.br\/site\/?attachment_id=101146\" class=\"wp-image-101146\" srcset=\"https:\/\/anoticiaonline.com.br\/site\/wp-content\/uploads\/2022\/07\/editada-1-4-1.jpg 800w, https:\/\/anoticiaonline.com.br\/site\/wp-content\/uploads\/2022\/07\/editada-1-4-1-300x196.jpg 300w, https:\/\/anoticiaonline.com.br\/site\/wp-content\/uploads\/2022\/07\/editada-1-4-1-768x502.jpg 768w\" sizes=\"(max-width: 800px) 100vw, 800px\" \/><\/a><\/figure><\/li><li class=\"blocks-gallery-item\"><figure><a href=\"https:\/\/anoticiaonline.com.br\/site\/wp-content\/uploads\/2022\/07\/IMG_1604.jpg\"><img loading=\"lazy\" decoding=\"async\" width=\"800\" height=\"600\" src=\"https:\/\/anoticiaonline.com.br\/site\/wp-content\/uploads\/2022\/07\/IMG_1604.jpg\" alt=\"\" data-id=\"101147\" data-full-url=\"https:\/\/anoticiaonline.com.br\/site\/wp-content\/uploads\/2022\/07\/IMG_1604.jpg\" data-link=\"https:\/\/anoticiaonline.com.br\/site\/?attachment_id=101147\" class=\"wp-image-101147\" srcset=\"https:\/\/anoticiaonline.com.br\/site\/wp-content\/uploads\/2022\/07\/IMG_1604.jpg 800w, https:\/\/anoticiaonline.com.br\/site\/wp-content\/uploads\/2022\/07\/IMG_1604-300x225.jpg 300w, https:\/\/anoticiaonline.com.br\/site\/wp-content\/uploads\/2022\/07\/IMG_1604-768x576.jpg 768w, https:\/\/anoticiaonline.com.br\/site\/wp-content\/uploads\/2022\/07\/IMG_1604-105x80.jpg 105w\" sizes=\"(max-width: 800px) 100vw, 800px\" \/><\/a><\/figure><\/li><li class=\"blocks-gallery-item\"><figure><a href=\"https:\/\/anoticiaonline.com.br\/site\/wp-content\/uploads\/2022\/07\/IMG_1610.jpg\"><img loading=\"lazy\" decoding=\"async\" width=\"800\" height=\"600\" src=\"https:\/\/anoticiaonline.com.br\/site\/wp-content\/uploads\/2022\/07\/IMG_1610.jpg\" alt=\"\" data-id=\"101148\" data-full-url=\"https:\/\/anoticiaonline.com.br\/site\/wp-content\/uploads\/2022\/07\/IMG_1610.jpg\" data-link=\"https:\/\/anoticiaonline.com.br\/site\/?attachment_id=101148\" class=\"wp-image-101148\" srcset=\"https:\/\/anoticiaonline.com.br\/site\/wp-content\/uploads\/2022\/07\/IMG_1610.jpg 800w, https:\/\/anoticiaonline.com.br\/site\/wp-content\/uploads\/2022\/07\/IMG_1610-300x225.jpg 300w, https:\/\/anoticiaonline.com.br\/site\/wp-content\/uploads\/2022\/07\/IMG_1610-768x576.jpg 768w, https:\/\/anoticiaonline.com.br\/site\/wp-content\/uploads\/2022\/07\/IMG_1610-105x80.jpg 105w\" sizes=\"(max-width: 800px) 100vw, 800px\" \/><\/a><\/figure><\/li><li class=\"blocks-gallery-item\"><figure><a href=\"https:\/\/anoticiaonline.com.br\/site\/wp-content\/uploads\/2022\/07\/IMG_1653.jpg\"><img loading=\"lazy\" decoding=\"async\" width=\"800\" height=\"600\" src=\"https:\/\/anoticiaonline.com.br\/site\/wp-content\/uploads\/2022\/07\/IMG_1653.jpg\" alt=\"\" data-id=\"101149\" data-full-url=\"https:\/\/anoticiaonline.com.br\/site\/wp-content\/uploads\/2022\/07\/IMG_1653.jpg\" data-link=\"https:\/\/anoticiaonline.com.br\/site\/?attachment_id=101149\" class=\"wp-image-101149\" srcset=\"https:\/\/anoticiaonline.com.br\/site\/wp-content\/uploads\/2022\/07\/IMG_1653.jpg 800w, https:\/\/anoticiaonline.com.br\/site\/wp-content\/uploads\/2022\/07\/IMG_1653-300x225.jpg 300w, https:\/\/anoticiaonline.com.br\/site\/wp-content\/uploads\/2022\/07\/IMG_1653-768x576.jpg 768w, https:\/\/anoticiaonline.com.br\/site\/wp-content\/uploads\/2022\/07\/IMG_1653-105x80.jpg 105w\" sizes=\"(max-width: 800px) 100vw, 800px\" \/><\/a><\/figure><\/li><li class=\"blocks-gallery-item\"><figure><a href=\"https:\/\/anoticiaonline.com.br\/site\/wp-content\/uploads\/2022\/07\/IMG_1681.jpg\"><img loading=\"lazy\" decoding=\"async\" width=\"450\" height=\"600\" src=\"https:\/\/anoticiaonline.com.br\/site\/wp-content\/uploads\/2022\/07\/IMG_1681.jpg\" alt=\"\" data-id=\"101150\" data-full-url=\"https:\/\/anoticiaonline.com.br\/site\/wp-content\/uploads\/2022\/07\/IMG_1681.jpg\" data-link=\"https:\/\/anoticiaonline.com.br\/site\/?attachment_id=101150\" class=\"wp-image-101150\" srcset=\"https:\/\/anoticiaonline.com.br\/site\/wp-content\/uploads\/2022\/07\/IMG_1681.jpg 450w, https:\/\/anoticiaonline.com.br\/site\/wp-content\/uploads\/2022\/07\/IMG_1681-225x300.jpg 225w\" sizes=\"(max-width: 450px) 100vw, 450px\" \/><\/a><\/figure><\/li><li class=\"blocks-gallery-item\"><figure><a href=\"https:\/\/anoticiaonline.com.br\/site\/wp-content\/uploads\/2022\/07\/IMG_1717.jpg\"><img loading=\"lazy\" decoding=\"async\" width=\"800\" height=\"600\" src=\"https:\/\/anoticiaonline.com.br\/site\/wp-content\/uploads\/2022\/07\/IMG_1717.jpg\" alt=\"\" data-id=\"101151\" data-full-url=\"https:\/\/anoticiaonline.com.br\/site\/wp-content\/uploads\/2022\/07\/IMG_1717.jpg\" data-link=\"https:\/\/anoticiaonline.com.br\/site\/?attachment_id=101151\" class=\"wp-image-101151\" srcset=\"https:\/\/anoticiaonline.com.br\/site\/wp-content\/uploads\/2022\/07\/IMG_1717.jpg 800w, https:\/\/anoticiaonline.com.br\/site\/wp-content\/uploads\/2022\/07\/IMG_1717-300x225.jpg 300w, https:\/\/anoticiaonline.com.br\/site\/wp-content\/uploads\/2022\/07\/IMG_1717-768x576.jpg 768w, https:\/\/anoticiaonline.com.br\/site\/wp-content\/uploads\/2022\/07\/IMG_1717-105x80.jpg 105w\" sizes=\"(max-width: 800px) 100vw, 800px\" \/><\/a><\/figure><\/li><li class=\"blocks-gallery-item\"><figure><a href=\"https:\/\/anoticiaonline.com.br\/site\/wp-content\/uploads\/2022\/07\/IMG_1755.jpg\"><img loading=\"lazy\" decoding=\"async\" width=\"800\" height=\"600\" src=\"https:\/\/anoticiaonline.com.br\/site\/wp-content\/uploads\/2022\/07\/IMG_1755.jpg\" alt=\"\" data-id=\"101152\" data-full-url=\"https:\/\/anoticiaonline.com.br\/site\/wp-content\/uploads\/2022\/07\/IMG_1755.jpg\" data-link=\"https:\/\/anoticiaonline.com.br\/site\/?attachment_id=101152\" class=\"wp-image-101152\" srcset=\"https:\/\/anoticiaonline.com.br\/site\/wp-content\/uploads\/2022\/07\/IMG_1755.jpg 800w, https:\/\/anoticiaonline.com.br\/site\/wp-content\/uploads\/2022\/07\/IMG_1755-300x225.jpg 300w, https:\/\/anoticiaonline.com.br\/site\/wp-content\/uploads\/2022\/07\/IMG_1755-768x576.jpg 768w, https:\/\/anoticiaonline.com.br\/site\/wp-content\/uploads\/2022\/07\/IMG_1755-105x80.jpg 105w\" sizes=\"(max-width: 800px) 100vw, 800px\" \/><\/a><\/figure><\/li><li class=\"blocks-gallery-item\"><figure><a href=\"https:\/\/anoticiaonline.com.br\/site\/wp-content\/uploads\/2022\/07\/IMG_1774.jpg\"><img loading=\"lazy\" decoding=\"async\" width=\"800\" height=\"600\" src=\"https:\/\/anoticiaonline.com.br\/site\/wp-content\/uploads\/2022\/07\/IMG_1774.jpg\" alt=\"\" data-id=\"101153\" data-full-url=\"https:\/\/anoticiaonline.com.br\/site\/wp-content\/uploads\/2022\/07\/IMG_1774.jpg\" data-link=\"https:\/\/anoticiaonline.com.br\/site\/?attachment_id=101153\" class=\"wp-image-101153\" srcset=\"https:\/\/anoticiaonline.com.br\/site\/wp-content\/uploads\/2022\/07\/IMG_1774.jpg 800w, https:\/\/anoticiaonline.com.br\/site\/wp-content\/uploads\/2022\/07\/IMG_1774-300x225.jpg 300w, https:\/\/anoticiaonline.com.br\/site\/wp-content\/uploads\/2022\/07\/IMG_1774-768x576.jpg 768w, https:\/\/anoticiaonline.com.br\/site\/wp-content\/uploads\/2022\/07\/IMG_1774-105x80.jpg 105w\" sizes=\"(max-width: 800px) 100vw, 800px\" \/><\/a><\/figure><\/li><li class=\"blocks-gallery-item\"><figure><a href=\"https:\/\/anoticiaonline.com.br\/site\/wp-content\/uploads\/2022\/07\/IMG_1790.jpg\"><img loading=\"lazy\" decoding=\"async\" width=\"450\" height=\"600\" src=\"https:\/\/anoticiaonline.com.br\/site\/wp-content\/uploads\/2022\/07\/IMG_1790.jpg\" alt=\"\" data-id=\"101154\" data-full-url=\"https:\/\/anoticiaonline.com.br\/site\/wp-content\/uploads\/2022\/07\/IMG_1790.jpg\" data-link=\"https:\/\/anoticiaonline.com.br\/site\/?attachment_id=101154\" class=\"wp-image-101154\" srcset=\"https:\/\/anoticiaonline.com.br\/site\/wp-content\/uploads\/2022\/07\/IMG_1790.jpg 450w, https:\/\/anoticiaonline.com.br\/site\/wp-content\/uploads\/2022\/07\/IMG_1790-225x300.jpg 225w\" sizes=\"(max-width: 450px) 100vw, 450px\" \/><\/a><\/figure><\/li><li class=\"blocks-gallery-item\"><figure><a href=\"https:\/\/anoticiaonline.com.br\/site\/wp-content\/uploads\/2022\/07\/IMG_1791.jpg\"><img loading=\"lazy\" decoding=\"async\" width=\"800\" height=\"600\" src=\"https:\/\/anoticiaonline.com.br\/site\/wp-content\/uploads\/2022\/07\/IMG_1791.jpg\" alt=\"\" data-id=\"101155\" data-full-url=\"https:\/\/anoticiaonline.com.br\/site\/wp-content\/uploads\/2022\/07\/IMG_1791.jpg\" data-link=\"https:\/\/anoticiaonline.com.br\/site\/?attachment_id=101155\" class=\"wp-image-101155\" srcset=\"https:\/\/anoticiaonline.com.br\/site\/wp-content\/uploads\/2022\/07\/IMG_1791.jpg 800w, https:\/\/anoticiaonline.com.br\/site\/wp-content\/uploads\/2022\/07\/IMG_1791-300x225.jpg 300w, https:\/\/anoticiaonline.com.br\/site\/wp-content\/uploads\/2022\/07\/IMG_1791-768x576.jpg 768w, https:\/\/anoticiaonline.com.br\/site\/wp-content\/uploads\/2022\/07\/IMG_1791-105x80.jpg 105w\" sizes=\"(max-width: 800px) 100vw, 800px\" \/><\/a><\/figure><\/li><li class=\"blocks-gallery-item\"><figure><a href=\"https:\/\/anoticiaonline.com.br\/site\/wp-content\/uploads\/2022\/07\/IMG_1829.jpg\"><img loading=\"lazy\" decoding=\"async\" width=\"450\" height=\"600\" src=\"https:\/\/anoticiaonline.com.br\/site\/wp-content\/uploads\/2022\/07\/IMG_1829.jpg\" alt=\"\" data-id=\"101156\" data-full-url=\"https:\/\/anoticiaonline.com.br\/site\/wp-content\/uploads\/2022\/07\/IMG_1829.jpg\" data-link=\"https:\/\/anoticiaonline.com.br\/site\/?attachment_id=101156\" class=\"wp-image-101156\" srcset=\"https:\/\/anoticiaonline.com.br\/site\/wp-content\/uploads\/2022\/07\/IMG_1829.jpg 450w, https:\/\/anoticiaonline.com.br\/site\/wp-content\/uploads\/2022\/07\/IMG_1829-225x300.jpg 225w\" sizes=\"(max-width: 450px) 100vw, 450px\" \/><\/a><\/figure><\/li><li class=\"blocks-gallery-item\"><figure><a href=\"https:\/\/anoticiaonline.com.br\/site\/wp-content\/uploads\/2022\/07\/IMG_1838.jpg\"><img loading=\"lazy\" decoding=\"async\" width=\"800\" height=\"600\" src=\"https:\/\/anoticiaonline.com.br\/site\/wp-content\/uploads\/2022\/07\/IMG_1838.jpg\" alt=\"\" data-id=\"101157\" data-full-url=\"https:\/\/anoticiaonline.com.br\/site\/wp-content\/uploads\/2022\/07\/IMG_1838.jpg\" data-link=\"https:\/\/anoticiaonline.com.br\/site\/?attachment_id=101157\" class=\"wp-image-101157\" srcset=\"https:\/\/anoticiaonline.com.br\/site\/wp-content\/uploads\/2022\/07\/IMG_1838.jpg 800w, https:\/\/anoticiaonline.com.br\/site\/wp-content\/uploads\/2022\/07\/IMG_1838-300x225.jpg 300w, https:\/\/anoticiaonline.com.br\/site\/wp-content\/uploads\/2022\/07\/IMG_1838-768x576.jpg 768w, https:\/\/anoticiaonline.com.br\/site\/wp-content\/uploads\/2022\/07\/IMG_1838-105x80.jpg 105w\" sizes=\"(max-width: 800px) 100vw, 800px\" \/><\/a><\/figure><\/li><li class=\"blocks-gallery-item\"><figure><a href=\"https:\/\/anoticiaonline.com.br\/site\/wp-content\/uploads\/2022\/07\/IMG_2058.jpg\"><img loading=\"lazy\" decoding=\"async\" width=\"450\" height=\"600\" src=\"https:\/\/anoticiaonline.com.br\/site\/wp-content\/uploads\/2022\/07\/IMG_2058.jpg\" alt=\"\" data-id=\"101158\" data-full-url=\"https:\/\/anoticiaonline.com.br\/site\/wp-content\/uploads\/2022\/07\/IMG_2058.jpg\" data-link=\"https:\/\/anoticiaonline.com.br\/site\/?attachment_id=101158\" class=\"wp-image-101158\" srcset=\"https:\/\/anoticiaonline.com.br\/site\/wp-content\/uploads\/2022\/07\/IMG_2058.jpg 450w, https:\/\/anoticiaonline.com.br\/site\/wp-content\/uploads\/2022\/07\/IMG_2058-225x300.jpg 225w\" sizes=\"(max-width: 450px) 100vw, 450px\" \/><\/a><\/figure><\/li><li class=\"blocks-gallery-item\"><figure><a href=\"https:\/\/anoticiaonline.com.br\/site\/wp-content\/uploads\/2022\/07\/IMG_2093.jpg\"><img loading=\"lazy\" decoding=\"async\" width=\"800\" height=\"600\" src=\"https:\/\/anoticiaonline.com.br\/site\/wp-content\/uploads\/2022\/07\/IMG_2093.jpg\" alt=\"\" data-id=\"101159\" data-full-url=\"https:\/\/anoticiaonline.com.br\/site\/wp-content\/uploads\/2022\/07\/IMG_2093.jpg\" data-link=\"https:\/\/anoticiaonline.com.br\/site\/?attachment_id=101159\" class=\"wp-image-101159\" srcset=\"https:\/\/anoticiaonline.com.br\/site\/wp-content\/uploads\/2022\/07\/IMG_2093.jpg 800w, https:\/\/anoticiaonline.com.br\/site\/wp-content\/uploads\/2022\/07\/IMG_2093-300x225.jpg 300w, https:\/\/anoticiaonline.com.br\/site\/wp-content\/uploads\/2022\/07\/IMG_2093-768x576.jpg 768w, https:\/\/anoticiaonline.com.br\/site\/wp-content\/uploads\/2022\/07\/IMG_2093-105x80.jpg 105w\" sizes=\"(max-width: 800px) 100vw, 800px\" \/><\/a><\/figure><\/li><li class=\"blocks-gallery-item\"><figure><a href=\"https:\/\/anoticiaonline.com.br\/site\/wp-content\/uploads\/2022\/07\/IMG_2105.jpg\"><img loading=\"lazy\" decoding=\"async\" width=\"800\" height=\"600\" src=\"https:\/\/anoticiaonline.com.br\/site\/wp-content\/uploads\/2022\/07\/IMG_2105.jpg\" alt=\"\" data-id=\"101160\" data-full-url=\"https:\/\/anoticiaonline.com.br\/site\/wp-content\/uploads\/2022\/07\/IMG_2105.jpg\" data-link=\"https:\/\/anoticiaonline.com.br\/site\/?attachment_id=101160\" class=\"wp-image-101160\" srcset=\"https:\/\/anoticiaonline.com.br\/site\/wp-content\/uploads\/2022\/07\/IMG_2105.jpg 800w, https:\/\/anoticiaonline.com.br\/site\/wp-content\/uploads\/2022\/07\/IMG_2105-300x225.jpg 300w, https:\/\/anoticiaonline.com.br\/site\/wp-content\/uploads\/2022\/07\/IMG_2105-768x576.jpg 768w, https:\/\/anoticiaonline.com.br\/site\/wp-content\/uploads\/2022\/07\/IMG_2105-105x80.jpg 105w\" sizes=\"(max-width: 800px) 100vw, 800px\" \/><\/a><\/figure><\/li><li class=\"blocks-gallery-item\"><figure><a href=\"https:\/\/anoticiaonline.com.br\/site\/wp-content\/uploads\/2022\/07\/IMG_2106.jpg\"><img loading=\"lazy\" decoding=\"async\" width=\"679\" height=\"600\" src=\"https:\/\/anoticiaonline.com.br\/site\/wp-content\/uploads\/2022\/07\/IMG_2106.jpg\" alt=\"\" data-id=\"101161\" data-full-url=\"https:\/\/anoticiaonline.com.br\/site\/wp-content\/uploads\/2022\/07\/IMG_2106.jpg\" data-link=\"https:\/\/anoticiaonline.com.br\/site\/?attachment_id=101161\" class=\"wp-image-101161\" srcset=\"https:\/\/anoticiaonline.com.br\/site\/wp-content\/uploads\/2022\/07\/IMG_2106.jpg 679w, https:\/\/anoticiaonline.com.br\/site\/wp-content\/uploads\/2022\/07\/IMG_2106-300x265.jpg 300w\" sizes=\"(max-width: 679px) 100vw, 679px\" \/><\/a><\/figure><\/li><li class=\"blocks-gallery-item\"><figure><a href=\"https:\/\/anoticiaonline.com.br\/site\/wp-content\/uploads\/2022\/07\/IMG_6129.jpg\"><img loading=\"lazy\" decoding=\"async\" width=\"450\" height=\"600\" src=\"https:\/\/anoticiaonline.com.br\/site\/wp-content\/uploads\/2022\/07\/IMG_6129.jpg\" alt=\"\" data-id=\"101162\" data-full-url=\"https:\/\/anoticiaonline.com.br\/site\/wp-content\/uploads\/2022\/07\/IMG_6129.jpg\" data-link=\"https:\/\/anoticiaonline.com.br\/site\/?attachment_id=101162\" class=\"wp-image-101162\" srcset=\"https:\/\/anoticiaonline.com.br\/site\/wp-content\/uploads\/2022\/07\/IMG_6129.jpg 450w, https:\/\/anoticiaonline.com.br\/site\/wp-content\/uploads\/2022\/07\/IMG_6129-225x300.jpg 225w\" sizes=\"(max-width: 450px) 100vw, 450px\" \/><\/a><\/figure><\/li><li class=\"blocks-gallery-item\"><figure><a href=\"https:\/\/anoticiaonline.com.br\/site\/wp-content\/uploads\/2022\/07\/IMG_6148.jpg\"><img loading=\"lazy\" decoding=\"async\" width=\"450\" height=\"600\" src=\"https:\/\/anoticiaonline.com.br\/site\/wp-content\/uploads\/2022\/07\/IMG_6148.jpg\" alt=\"\" data-id=\"101163\" data-full-url=\"https:\/\/anoticiaonline.com.br\/site\/wp-content\/uploads\/2022\/07\/IMG_6148.jpg\" data-link=\"https:\/\/anoticiaonline.com.br\/site\/?attachment_id=101163\" class=\"wp-image-101163\" srcset=\"https:\/\/anoticiaonline.com.br\/site\/wp-content\/uploads\/2022\/07\/IMG_6148.jpg 450w, https:\/\/anoticiaonline.com.br\/site\/wp-content\/uploads\/2022\/07\/IMG_6148-225x300.jpg 225w\" sizes=\"(max-width: 450px) 100vw, 450px\" \/><\/a><\/figure><\/li><li class=\"blocks-gallery-item\"><figure><a href=\"https:\/\/anoticiaonline.com.br\/site\/wp-content\/uploads\/2022\/07\/IMG_6160.jpg\"><img loading=\"lazy\" decoding=\"async\" width=\"450\" height=\"600\" src=\"https:\/\/anoticiaonline.com.br\/site\/wp-content\/uploads\/2022\/07\/IMG_6160.jpg\" alt=\"\" data-id=\"101164\" data-full-url=\"https:\/\/anoticiaonline.com.br\/site\/wp-content\/uploads\/2022\/07\/IMG_6160.jpg\" data-link=\"https:\/\/anoticiaonline.com.br\/site\/?attachment_id=101164\" class=\"wp-image-101164\" srcset=\"https:\/\/anoticiaonline.com.br\/site\/wp-content\/uploads\/2022\/07\/IMG_6160.jpg 450w, https:\/\/anoticiaonline.com.br\/site\/wp-content\/uploads\/2022\/07\/IMG_6160-225x300.jpg 225w\" sizes=\"(max-width: 450px) 100vw, 450px\" \/><\/a><\/figure><\/li><li class=\"blocks-gallery-item\"><figure><a href=\"https:\/\/anoticiaonline.com.br\/site\/wp-content\/uploads\/2022\/07\/IMG_6189.jpg\"><img loading=\"lazy\" decoding=\"async\" width=\"450\" height=\"600\" src=\"https:\/\/anoticiaonline.com.br\/site\/wp-content\/uploads\/2022\/07\/IMG_6189.jpg\" alt=\"\" data-id=\"101165\" data-full-url=\"https:\/\/anoticiaonline.com.br\/site\/wp-content\/uploads\/2022\/07\/IMG_6189.jpg\" data-link=\"https:\/\/anoticiaonline.com.br\/site\/?attachment_id=101165\" class=\"wp-image-101165\" srcset=\"https:\/\/anoticiaonline.com.br\/site\/wp-content\/uploads\/2022\/07\/IMG_6189.jpg 450w, https:\/\/anoticiaonline.com.br\/site\/wp-content\/uploads\/2022\/07\/IMG_6189-225x300.jpg 225w\" sizes=\"(max-width: 450px) 100vw, 450px\" \/><\/a><\/figure><\/li><li class=\"blocks-gallery-item\"><figure><a href=\"https:\/\/anoticiaonline.com.br\/site\/wp-content\/uploads\/2022\/07\/IMG_6258.jpg\"><img loading=\"lazy\" decoding=\"async\" width=\"800\" height=\"600\" src=\"https:\/\/anoticiaonline.com.br\/site\/wp-content\/uploads\/2022\/07\/IMG_6258.jpg\" alt=\"\" data-id=\"101166\" data-full-url=\"https:\/\/anoticiaonline.com.br\/site\/wp-content\/uploads\/2022\/07\/IMG_6258.jpg\" data-link=\"https:\/\/anoticiaonline.com.br\/site\/?attachment_id=101166\" class=\"wp-image-101166\" srcset=\"https:\/\/anoticiaonline.com.br\/site\/wp-content\/uploads\/2022\/07\/IMG_6258.jpg 800w, https:\/\/anoticiaonline.com.br\/site\/wp-content\/uploads\/2022\/07\/IMG_6258-300x225.jpg 300w, https:\/\/anoticiaonline.com.br\/site\/wp-content\/uploads\/2022\/07\/IMG_6258-768x576.jpg 768w, https:\/\/anoticiaonline.com.br\/site\/wp-content\/uploads\/2022\/07\/IMG_6258-105x80.jpg 105w\" sizes=\"(max-width: 800px) 100vw, 800px\" \/><\/a><\/figure><\/li><\/ul><\/figure>\n\n\n\n<p class=\"wp-block-paragraph\"><strong>S\u00e3o Crist\u00f3v\u00e3o<\/strong><\/p>\n\n\n\n<p class=\"wp-block-paragraph\">S\u00e3o Crist\u00f3v\u00e3o nasceu no s\u00e9culo 3, provavelmente, na S\u00edria. A devo\u00e7\u00e3o a ele \u00e9 uma das mais antigas e populares. H\u00e1 centenas de igrejas dedicadas ao santo em todo o&nbsp;mundo. Crist\u00f3v\u00e3o significa &#8216;aquele que carrega o menino Jesus&#8217;.<\/p>\n\n\n\n<p class=\"wp-block-paragraph\">Suas virtudes despertavam&nbsp;admira\u00e7\u00e3o. Queria servir a um rei que fosse muito poderoso, mas percebeu que seguir a cruz era seu destino. Converteu-se ao Cristianismo e passou a vida ajudando os viajantes na travessia de um rio.<\/p>\n\n\n\n<p class=\"wp-block-paragraph\">S\u00e3o Crist\u00f3v\u00e3o \u00e9 conhecido como o&nbsp;protetor&nbsp;dos viajantes e dos motoristas.<\/p>\n\n\n\n<figure class=\"wp-block-gallery columns-1 is-cropped wp-block-gallery-2 is-layout-flex wp-block-gallery-is-layout-flex\"><ul class=\"blocks-gallery-grid\"><li class=\"blocks-gallery-item\"><figure><a href=\"https:\/\/anoticiaonline.com.br\/site\/wp-content\/uploads\/2022\/07\/WhatsApp-Image-2022-07-30-at-12.33.10.jpeg\"><img loading=\"lazy\" decoding=\"async\" width=\"1024\" height=\"1024\" src=\"https:\/\/anoticiaonline.com.br\/site\/wp-content\/uploads\/2022\/07\/WhatsApp-Image-2022-07-30-at-12.33.10-1024x1024.jpeg\" alt=\"\" data-id=\"101212\" data-full-url=\"https:\/\/anoticiaonline.com.br\/site\/wp-content\/uploads\/2022\/07\/WhatsApp-Image-2022-07-30-at-12.33.10.jpeg\" data-link=\"https:\/\/anoticiaonline.com.br\/site\/fieis-mantem-a-tradicao-e-comparecem-ao-triduo-de-sao-cristovao-2\/whatsapp-image-2022-07-30-at-12-33-10\/\" class=\"wp-image-101212\" srcset=\"https:\/\/anoticiaonline.com.br\/site\/wp-content\/uploads\/2022\/07\/WhatsApp-Image-2022-07-30-at-12.33.10-1024x1024.jpeg 1024w, https:\/\/anoticiaonline.com.br\/site\/wp-content\/uploads\/2022\/07\/WhatsApp-Image-2022-07-30-at-12.33.10-300x300.jpeg 300w, https:\/\/anoticiaonline.com.br\/site\/wp-content\/uploads\/2022\/07\/WhatsApp-Image-2022-07-30-at-12.33.10-150x150.jpeg 150w, https:\/\/anoticiaonline.com.br\/site\/wp-content\/uploads\/2022\/07\/WhatsApp-Image-2022-07-30-at-12.33.10-768x768.jpeg 768w, https:\/\/anoticiaonline.com.br\/site\/wp-content\/uploads\/2022\/07\/WhatsApp-Image-2022-07-30-at-12.33.10.jpeg 1280w\" sizes=\"(max-width: 1024px) 100vw, 1024px\" \/><\/a><\/figure><\/li><\/ul><\/figure>\n\n\n\n<figure class=\"wp-block-gallery columns-1 is-cropped wp-block-gallery-3 is-layout-flex wp-block-gallery-is-layout-flex\"><ul class=\"blocks-gallery-grid\"><li class=\"blocks-gallery-item\"><figure><a href=\"https:\/\/anoticiaonline.com.br\/site\/wp-content\/uploads\/2022\/07\/WhatsApp-Image-2022-07-30-at-12.33.08.jpeg\"><img loading=\"lazy\" decoding=\"async\" width=\"1024\" height=\"1024\" src=\"https:\/\/anoticiaonline.com.br\/site\/wp-content\/uploads\/2022\/07\/WhatsApp-Image-2022-07-30-at-12.33.08-1024x1024.jpeg\" alt=\"\" data-id=\"101214\" data-full-url=\"https:\/\/anoticiaonline.com.br\/site\/wp-content\/uploads\/2022\/07\/WhatsApp-Image-2022-07-30-at-12.33.08.jpeg\" data-link=\"https:\/\/anoticiaonline.com.br\/site\/fieis-mantem-a-tradicao-e-comparecem-ao-triduo-de-sao-cristovao-2\/whatsapp-image-2022-07-30-at-12-33-08\/\" class=\"wp-image-101214\" srcset=\"https:\/\/anoticiaonline.com.br\/site\/wp-content\/uploads\/2022\/07\/WhatsApp-Image-2022-07-30-at-12.33.08-1024x1024.jpeg 1024w, https:\/\/anoticiaonline.com.br\/site\/wp-content\/uploads\/2022\/07\/WhatsApp-Image-2022-07-30-at-12.33.08-300x300.jpeg 300w, https:\/\/anoticiaonline.com.br\/site\/wp-content\/uploads\/2022\/07\/WhatsApp-Image-2022-07-30-at-12.33.08-150x150.jpeg 150w, https:\/\/anoticiaonline.com.br\/site\/wp-content\/uploads\/2022\/07\/WhatsApp-Image-2022-07-30-at-12.33.08-768x768.jpeg 768w, https:\/\/anoticiaonline.com.br\/site\/wp-content\/uploads\/2022\/07\/WhatsApp-Image-2022-07-30-at-12.33.08.jpeg 1280w\" sizes=\"(max-width: 1024px) 100vw, 1024px\" \/><\/a><\/figure><\/li><\/ul><\/figure>\n\n\n\n<figure class=\"wp-block-gallery columns-1 is-cropped wp-block-gallery-4 is-layout-flex wp-block-gallery-is-layout-flex\"><ul class=\"blocks-gallery-grid\"><li class=\"blocks-gallery-item\"><figure><a href=\"https:\/\/anoticiaonline.com.br\/site\/wp-content\/uploads\/2022\/07\/WhatsApp-Image-2022-07-30-at-12.33.09.jpeg\"><img loading=\"lazy\" decoding=\"async\" width=\"1024\" height=\"1024\" src=\"https:\/\/anoticiaonline.com.br\/site\/wp-content\/uploads\/2022\/07\/WhatsApp-Image-2022-07-30-at-12.33.09-1024x1024.jpeg\" alt=\"\" data-id=\"101215\" data-full-url=\"https:\/\/anoticiaonline.com.br\/site\/wp-content\/uploads\/2022\/07\/WhatsApp-Image-2022-07-30-at-12.33.09.jpeg\" data-link=\"https:\/\/anoticiaonline.com.br\/site\/fieis-mantem-a-tradicao-e-comparecem-ao-triduo-de-sao-cristovao-2\/whatsapp-image-2022-07-30-at-12-33-09\/\" class=\"wp-image-101215\" srcset=\"https:\/\/anoticiaonline.com.br\/site\/wp-content\/uploads\/2022\/07\/WhatsApp-Image-2022-07-30-at-12.33.09-1024x1024.jpeg 1024w, https:\/\/anoticiaonline.com.br\/site\/wp-content\/uploads\/2022\/07\/WhatsApp-Image-2022-07-30-at-12.33.09-300x300.jpeg 300w, https:\/\/anoticiaonline.com.br\/site\/wp-content\/uploads\/2022\/07\/WhatsApp-Image-2022-07-30-at-12.33.09-150x150.jpeg 150w, https:\/\/anoticiaonline.com.br\/site\/wp-content\/uploads\/2022\/07\/WhatsApp-Image-2022-07-30-at-12.33.09-768x768.jpeg 768w, https:\/\/anoticiaonline.com.br\/site\/wp-content\/uploads\/2022\/07\/WhatsApp-Image-2022-07-30-at-12.33.09.jpeg 1280w\" sizes=\"(max-width: 1024px) 100vw, 1024px\" \/><\/a><\/figure><\/li><\/ul><\/figure>\n\n\n\n<figure class=\"wp-block-gallery columns-1 is-cropped wp-block-gallery-5 is-layout-flex wp-block-gallery-is-layout-flex\"><ul class=\"blocks-gallery-grid\"><li class=\"blocks-gallery-item\"><figure><a href=\"https:\/\/anoticiaonline.com.br\/site\/wp-content\/uploads\/2022\/07\/WhatsApp-Image-2022-07-30-at-12.33.09-2.jpeg\"><img loading=\"lazy\" decoding=\"async\" width=\"800\" height=\"800\" src=\"https:\/\/anoticiaonline.com.br\/site\/wp-content\/uploads\/2022\/07\/WhatsApp-Image-2022-07-30-at-12.33.09-2.jpeg\" alt=\"\" data-id=\"101217\" data-full-url=\"https:\/\/anoticiaonline.com.br\/site\/wp-content\/uploads\/2022\/07\/WhatsApp-Image-2022-07-30-at-12.33.09-2.jpeg\" data-link=\"https:\/\/anoticiaonline.com.br\/site\/fieis-mantem-a-tradicao-e-comparecem-ao-triduo-de-sao-cristovao-2\/whatsapp-image-2022-07-30-at-12-33-09-2\/\" class=\"wp-image-101217\" srcset=\"https:\/\/anoticiaonline.com.br\/site\/wp-content\/uploads\/2022\/07\/WhatsApp-Image-2022-07-30-at-12.33.09-2.jpeg 800w, https:\/\/anoticiaonline.com.br\/site\/wp-content\/uploads\/2022\/07\/WhatsApp-Image-2022-07-30-at-12.33.09-2-300x300.jpeg 300w, https:\/\/anoticiaonline.com.br\/site\/wp-content\/uploads\/2022\/07\/WhatsApp-Image-2022-07-30-at-12.33.09-2-150x150.jpeg 150w, https:\/\/anoticiaonline.com.br\/site\/wp-content\/uploads\/2022\/07\/WhatsApp-Image-2022-07-30-at-12.33.09-2-768x768.jpeg 768w\" sizes=\"(max-width: 800px) 100vw, 800px\" \/><\/a><\/figure><\/li><\/ul><\/figure>\n\n\n\n<figure class=\"wp-block-image size-large\"><a href=\"https:\/\/anoticiaonline.com.br\/site\/wp-content\/uploads\/2022\/07\/Produtos-Muriae-de-Minas-carreata-Sao-Cristovao-2022.jpg\"><img loading=\"lazy\" decoding=\"async\" width=\"800\" height=\"611\" src=\"https:\/\/anoticiaonline.com.br\/site\/wp-content\/uploads\/2022\/07\/Produtos-Muriae-de-Minas-carreata-Sao-Cristovao-2022.jpg\" alt=\"\" class=\"wp-image-101174\" srcset=\"https:\/\/anoticiaonline.com.br\/site\/wp-content\/uploads\/2022\/07\/Produtos-Muriae-de-Minas-carreata-Sao-Cristovao-2022.jpg 800w, https:\/\/anoticiaonline.com.br\/site\/wp-content\/uploads\/2022\/07\/Produtos-Muriae-de-Minas-carreata-Sao-Cristovao-2022-300x229.jpg 300w, https:\/\/anoticiaonline.com.br\/site\/wp-content\/uploads\/2022\/07\/Produtos-Muriae-de-Minas-carreata-Sao-Cristovao-2022-768x587.jpg 768w, https:\/\/anoticiaonline.com.br\/site\/wp-content\/uploads\/2022\/07\/Produtos-Muriae-de-Minas-carreata-Sao-Cristovao-2022-105x80.jpg 105w\" sizes=\"(max-width: 800px) 100vw, 800px\" \/><\/a><\/figure>\n","protected":false},"excerpt":{"rendered":"<p>Casa do Bombeiro \u00e9 patrono da 76\u00aa edi\u00e7\u00e3o da festa O Tr\u00edduo de S\u00e3o Crist\u00f3v\u00e3o atraiu centenas de fieis que acompanharam a 76\u00aa edi\u00e7\u00e3o da festa em honra ao santo, promovida pela Par\u00f3quia Nossa Senhora Aparecida, do Porto. O evento aconteceu entre quinta-feira (21) e domingo (24). Esse ano, a Casa do Bombeiro foi patrona &#8230; <a title=\"Fi\u00e9is mant\u00eam a tradi\u00e7\u00e3o e comparecem ao tr\u00edduo de S\u00e3o Crist\u00f3v\u00e3o\" class=\"read-more\" href=\"https:\/\/anoticiaonline.com.br\/site\/fieis-mantem-a-tradicao-e-comparecem-ao-triduo-de-sao-cristovao-2\/\" aria-label=\"Read more about Fi\u00e9is mant\u00eam a tradi\u00e7\u00e3o e comparecem ao tr\u00edduo de S\u00e3o Crist\u00f3v\u00e3o\">Ler mais<\/a><\/p>\n","protected":false},"author":11,"featured_media":101167,"comment_status":"open","ping_status":"open","sticky":false,"template":"","format":"standard","meta":{"_acf_changed":false,"_monsterinsights_skip_tracking":false,"footnotes":""},"categories":[30,2893,24],"tags":[7432,743,7433],"class_list":["post-101142","post","type-post","status-publish","format-standard","has-post-thumbnail","hentry","category-muriae","category-cotidiano","category-eventos","tag-casa-do-bombeiro","tag-festa-de-sao-cristovao","tag-triduo-de-sao-cristovao"],"acf":[],"aioseo_notices":[],"aioseo_head":"\n\t\t<!-- All in One SEO 5.0.0.1 - aioseo.com -->\n\t<meta name=\"description\" content=\"Casa do Bombeiro \u00e9 patrono da 76\u00aa edi\u00e7\u00e3o da festa O Tr\u00edduo de S\u00e3o Crist\u00f3v\u00e3o atraiu centenas de fieis que acompanharam a 76\u00aa edi\u00e7\u00e3o da festa em honra ao santo, promovida pela Par\u00f3quia Nossa Senhora Aparecida, do Porto. O evento aconteceu entre quinta-feira (21) e domingo (24). Esse ano, a Casa do Bombeiro foi patrona\" \/>\n\t<meta name=\"robots\" content=\"max-image-preview:large\" \/>\n\t<meta name=\"author\" content=\"Flavio\"\/>\n\t<link rel=\"canonical\" href=\"https:\/\/anoticiaonline.com.br\/site\/fieis-mantem-a-tradicao-e-comparecem-ao-triduo-de-sao-cristovao-2\/\" \/>\n\t<meta name=\"generator\" content=\"All in One SEO (AIOSEO) 5.0.0.1\" \/>\n\t\t<meta property=\"og:locale\" content=\"pt_BR\" \/>\n\t\t<meta property=\"og:site_name\" content=\"A Not\u00edcia Online - Noticias de Muria\u00e9 e regi\u00e3o\" \/>\n\t\t<meta property=\"og:type\" content=\"article\" \/>\n\t\t<meta property=\"og:title\" content=\"Fi\u00e9is mant\u00eam a tradi\u00e7\u00e3o e comparecem ao tr\u00edduo de S\u00e3o Crist\u00f3v\u00e3o - A Not\u00edcia Online\" \/>\n\t\t<meta property=\"og:description\" content=\"Casa do Bombeiro \u00e9 patrono da 76\u00aa edi\u00e7\u00e3o da festa O Tr\u00edduo de S\u00e3o Crist\u00f3v\u00e3o atraiu centenas de fieis que acompanharam a 76\u00aa edi\u00e7\u00e3o da festa em honra ao santo, promovida pela Par\u00f3quia Nossa Senhora Aparecida, do Porto. O evento aconteceu entre quinta-feira (21) e domingo (24). Esse ano, a Casa do Bombeiro foi patrona\" \/>\n\t\t<meta property=\"og:url\" content=\"https:\/\/anoticiaonline.com.br\/site\/fieis-mantem-a-tradicao-e-comparecem-ao-triduo-de-sao-cristovao-2\/\" \/>\n\t\t<meta property=\"og:image\" content=\"https:\/\/scontent-gig4-1.xx.fbcdn.net\/v\/t39.30808-1\/270437624_4564083193639691_6907940295614233970_n.jpg?stp=dst-jpg_s200x200_tt6&#038;_nc_cat=111&#038;ccb=1-7&#038;_nc_sid=f907e8&#038;_nc_ohc=SM1wRlP3lJwQ7kNvwEPuBYA&#038;_nc_oc=AdnqrjDN_BNjSSHWO-GbkIWH6fkGMLw4bqvL_NH6e2wMveX7G-rP2dAqsDSq1mJMOaY&#038;_nc_zt=24&#038;_nc_ht=scontent-gig4-1.xx&#038;_nc_gid=AoBFJeGrT1hVaew_6rchkQ&#038;oh=00_AfX7QmFGhQhG2jAllVgXCiM1ZrWgvtp80-Bfppyexh1QEg&#038;oe=689E923C\" \/>\n\t\t<meta property=\"og:image:secure_url\" content=\"https:\/\/scontent-gig4-1.xx.fbcdn.net\/v\/t39.30808-1\/270437624_4564083193639691_6907940295614233970_n.jpg?stp=dst-jpg_s200x200_tt6&#038;_nc_cat=111&#038;ccb=1-7&#038;_nc_sid=f907e8&#038;_nc_ohc=SM1wRlP3lJwQ7kNvwEPuBYA&#038;_nc_oc=AdnqrjDN_BNjSSHWO-GbkIWH6fkGMLw4bqvL_NH6e2wMveX7G-rP2dAqsDSq1mJMOaY&#038;_nc_zt=24&#038;_nc_ht=scontent-gig4-1.xx&#038;_nc_gid=AoBFJeGrT1hVaew_6rchkQ&#038;oh=00_AfX7QmFGhQhG2jAllVgXCiM1ZrWgvtp80-Bfppyexh1QEg&#038;oe=689E923C\" \/>\n\t\t<meta property=\"article:published_time\" content=\"2022-07-30T13:00:00+00:00\" \/>\n\t\t<meta property=\"article:modified_time\" content=\"2022-07-30T16:54:42+00:00\" \/>\n\t\t<meta name=\"twitter:card\" content=\"summary_large_image\" \/>\n\t\t<meta name=\"twitter:title\" content=\"Fi\u00e9is mant\u00eam a tradi\u00e7\u00e3o e comparecem ao tr\u00edduo de S\u00e3o Crist\u00f3v\u00e3o - A Not\u00edcia Online\" \/>\n\t\t<meta name=\"twitter:description\" content=\"Casa do Bombeiro \u00e9 patrono da 76\u00aa edi\u00e7\u00e3o da festa O Tr\u00edduo de S\u00e3o Crist\u00f3v\u00e3o atraiu centenas de fieis que acompanharam a 76\u00aa edi\u00e7\u00e3o da festa em honra ao santo, promovida pela Par\u00f3quia Nossa Senhora Aparecida, do Porto. O evento aconteceu entre quinta-feira (21) e domingo (24). Esse ano, a Casa do Bombeiro foi patrona\" \/>\n\t\t<meta name=\"twitter:image\" content=\"https:\/\/scontent-gig4-1.xx.fbcdn.net\/v\/t39.30808-1\/270437624_4564083193639691_6907940295614233970_n.jpg?stp=dst-jpg_s200x200_tt6&amp;_nc_cat=111&amp;ccb=1-7&amp;_nc_sid=f907e8&amp;_nc_ohc=SM1wRlP3lJwQ7kNvwEPuBYA&amp;_nc_oc=AdnqrjDN_BNjSSHWO-GbkIWH6fkGMLw4bqvL_NH6e2wMveX7G-rP2dAqsDSq1mJMOaY&amp;_nc_zt=24&amp;_nc_ht=scontent-gig4-1.xx&amp;_nc_gid=AoBFJeGrT1hVaew_6rchkQ&amp;oh=00_AfX7QmFGhQhG2jAllVgXCiM1ZrWgvtp80-Bfppyexh1QEg&amp;oe=689E923C\" \/>\n\t\t<script type=\"application\/ld+json\" class=\"aioseo-schema\">\n\t\t\t{\"@context\":\"https:\\\/\\\/schema.org\",\"@graph\":[{\"@type\":\"BlogPosting\",\"@id\":\"https:\\\/\\\/anoticiaonline.com.br\\\/site\\\/fieis-mantem-a-tradicao-e-comparecem-ao-triduo-de-sao-cristovao-2\\\/#blogposting\",\"name\":\"Fi\\u00e9is mant\\u00eam a tradi\\u00e7\\u00e3o e comparecem ao tr\\u00edduo de S\\u00e3o Crist\\u00f3v\\u00e3o - A Not\\u00edcia Online\",\"headline\":\"Fi\\u00e9is mant\\u00eam a tradi\\u00e7\\u00e3o e comparecem ao tr\\u00edduo de S\\u00e3o Crist\\u00f3v\\u00e3o\",\"author\":{\"@id\":\"https:\\\/\\\/anoticiaonline.com.br\\\/site\\\/author\\\/flavio\\\/#author\"},\"publisher\":{\"@id\":\"https:\\\/\\\/anoticiaonline.com.br\\\/site\\\/#organization\"},\"image\":{\"@type\":\"ImageObject\",\"url\":\"https:\\\/\\\/anoticiaonline.com.br\\\/site\\\/wp-content\\\/uploads\\\/2022\\\/07\\\/001sLIDE-CARREATA.jpg\",\"width\":1000,\"height\":350},\"datePublished\":\"2022-07-30T10:00:00-03:00\",\"dateModified\":\"2022-07-30T13:54:42-03:00\",\"inLanguage\":\"pt-BR\",\"mainEntityOfPage\":{\"@id\":\"https:\\\/\\\/anoticiaonline.com.br\\\/site\\\/fieis-mantem-a-tradicao-e-comparecem-ao-triduo-de-sao-cristovao-2\\\/#webpage\"},\"isPartOf\":{\"@id\":\"https:\\\/\\\/anoticiaonline.com.br\\\/site\\\/fieis-mantem-a-tradicao-e-comparecem-ao-triduo-de-sao-cristovao-2\\\/#webpage\"},\"articleSection\":\"Blog, Cotidiano, Eventos, Casa do Bombeiro, Festa de S\\u00e3o Crist\\u00f3v\\u00e3o, Tr\\u00edduo de S\\u00e3o Crist\\u00f3v\\u00e3o\"},{\"@type\":\"BreadcrumbList\",\"@id\":\"https:\\\/\\\/anoticiaonline.com.br\\\/site\\\/fieis-mantem-a-tradicao-e-comparecem-ao-triduo-de-sao-cristovao-2\\\/#breadcrumblist\",\"itemListElement\":[{\"@type\":\"ListItem\",\"@id\":\"https:\\\/\\\/anoticiaonline.com.br\\\/site#listItem\",\"position\":1,\"name\":\"Home\",\"item\":\"https:\\\/\\\/anoticiaonline.com.br\\\/site\",\"nextItem\":{\"@type\":\"ListItem\",\"@id\":\"https:\\\/\\\/anoticiaonline.com.br\\\/site\\\/categoria\\\/muriae\\\/#listItem\",\"name\":\"Blog\"}},{\"@type\":\"ListItem\",\"@id\":\"https:\\\/\\\/anoticiaonline.com.br\\\/site\\\/categoria\\\/muriae\\\/#listItem\",\"position\":2,\"name\":\"Blog\",\"item\":\"https:\\\/\\\/anoticiaonline.com.br\\\/site\\\/categoria\\\/muriae\\\/\",\"nextItem\":{\"@type\":\"ListItem\",\"@id\":\"https:\\\/\\\/anoticiaonline.com.br\\\/site\\\/categoria\\\/muriae\\\/cotidiano\\\/#listItem\",\"name\":\"Cotidiano\"},\"previousItem\":{\"@type\":\"ListItem\",\"@id\":\"https:\\\/\\\/anoticiaonline.com.br\\\/site#listItem\",\"name\":\"Home\"}},{\"@type\":\"ListItem\",\"@id\":\"https:\\\/\\\/anoticiaonline.com.br\\\/site\\\/categoria\\\/muriae\\\/cotidiano\\\/#listItem\",\"position\":3,\"name\":\"Cotidiano\",\"item\":\"https:\\\/\\\/anoticiaonline.com.br\\\/site\\\/categoria\\\/muriae\\\/cotidiano\\\/\",\"nextItem\":{\"@type\":\"ListItem\",\"@id\":\"https:\\\/\\\/anoticiaonline.com.br\\\/site\\\/fieis-mantem-a-tradicao-e-comparecem-ao-triduo-de-sao-cristovao-2\\\/#listItem\",\"name\":\"Fi\\u00e9is mant\\u00eam a tradi\\u00e7\\u00e3o e comparecem ao tr\\u00edduo de S\\u00e3o Crist\\u00f3v\\u00e3o\"},\"previousItem\":{\"@type\":\"ListItem\",\"@id\":\"https:\\\/\\\/anoticiaonline.com.br\\\/site\\\/categoria\\\/muriae\\\/#listItem\",\"name\":\"Blog\"}},{\"@type\":\"ListItem\",\"@id\":\"https:\\\/\\\/anoticiaonline.com.br\\\/site\\\/fieis-mantem-a-tradicao-e-comparecem-ao-triduo-de-sao-cristovao-2\\\/#listItem\",\"position\":4,\"name\":\"Fi\\u00e9is mant\\u00eam a tradi\\u00e7\\u00e3o e comparecem ao tr\\u00edduo de S\\u00e3o Crist\\u00f3v\\u00e3o\",\"previousItem\":{\"@type\":\"ListItem\",\"@id\":\"https:\\\/\\\/anoticiaonline.com.br\\\/site\\\/categoria\\\/muriae\\\/cotidiano\\\/#listItem\",\"name\":\"Cotidiano\"}}]},{\"@type\":\"Organization\",\"@id\":\"https:\\\/\\\/anoticiaonline.com.br\\\/site\\\/#organization\",\"name\":\"A Not\\u00edcia Online\",\"description\":\"Noticias de Muria\\u00e9 e regi\\u00e3o\",\"url\":\"https:\\\/\\\/anoticiaonline.com.br\\\/site\\\/\",\"logo\":{\"@type\":\"ImageObject\",\"url\":\"https:\\\/\\\/scontent-gig4-1.xx.fbcdn.net\\\/v\\\/t39.30808-1\\\/270437624_4564083193639691_6907940295614233970_n.jpg?stp=dst-jpg_s200x200_tt6&_nc_cat=111&ccb=1-7&_nc_sid=f907e8&_nc_ohc=SM1wRlP3lJwQ7kNvwEPuBYA&_nc_oc=AdnqrjDN_BNjSSHWO-GbkIWH6fkGMLw4bqvL_NH6e2wMveX7G-rP2dAqsDSq1mJMOaY&_nc_zt=24&_nc_ht=scontent-gig4-1.xx&_nc_gid=AoBFJeGrT1hVaew_6rchkQ&oh=00_AfX7QmFGhQhG2jAllVgXCiM1ZrWgvtp80-Bfppyexh1QEg&oe=689E923C\",\"@id\":\"https:\\\/\\\/anoticiaonline.com.br\\\/site\\\/fieis-mantem-a-tradicao-e-comparecem-ao-triduo-de-sao-cristovao-2\\\/#organizationLogo\"},\"image\":{\"@id\":\"https:\\\/\\\/anoticiaonline.com.br\\\/site\\\/fieis-mantem-a-tradicao-e-comparecem-ao-triduo-de-sao-cristovao-2\\\/#organizationLogo\"}},{\"@type\":\"Person\",\"@id\":\"https:\\\/\\\/anoticiaonline.com.br\\\/site\\\/author\\\/flavio\\\/#author\",\"url\":\"https:\\\/\\\/anoticiaonline.com.br\\\/site\\\/author\\\/flavio\\\/\",\"name\":\"Flavio\",\"image\":{\"@type\":\"ImageObject\",\"@id\":\"https:\\\/\\\/anoticiaonline.com.br\\\/site\\\/fieis-mantem-a-tradicao-e-comparecem-ao-triduo-de-sao-cristovao-2\\\/#authorImage\",\"url\":\"https:\\\/\\\/secure.gravatar.com\\\/avatar\\\/15f468c802802b9079bce8dd6a2cfce0c97707adbc22c5062e758028c2874816?s=96&d=mm&r=g\",\"width\":96,\"height\":96,\"caption\":\"Flavio\"}},{\"@type\":\"WebPage\",\"@id\":\"https:\\\/\\\/anoticiaonline.com.br\\\/site\\\/fieis-mantem-a-tradicao-e-comparecem-ao-triduo-de-sao-cristovao-2\\\/#webpage\",\"url\":\"https:\\\/\\\/anoticiaonline.com.br\\\/site\\\/fieis-mantem-a-tradicao-e-comparecem-ao-triduo-de-sao-cristovao-2\\\/\",\"name\":\"Fi\\u00e9is mant\\u00eam a tradi\\u00e7\\u00e3o e comparecem ao tr\\u00edduo de S\\u00e3o Crist\\u00f3v\\u00e3o - A Not\\u00edcia Online\",\"description\":\"Casa do Bombeiro \\u00e9 patrono da 76\\u00aa edi\\u00e7\\u00e3o da festa O Tr\\u00edduo de S\\u00e3o Crist\\u00f3v\\u00e3o atraiu centenas de fieis que acompanharam a 76\\u00aa edi\\u00e7\\u00e3o da festa em honra ao santo, promovida pela Par\\u00f3quia Nossa Senhora Aparecida, do Porto. O evento aconteceu entre quinta-feira (21) e domingo (24). Esse ano, a Casa do Bombeiro foi patrona\",\"inLanguage\":\"pt-BR\",\"isPartOf\":{\"@id\":\"https:\\\/\\\/anoticiaonline.com.br\\\/site\\\/#website\"},\"breadcrumb\":{\"@id\":\"https:\\\/\\\/anoticiaonline.com.br\\\/site\\\/fieis-mantem-a-tradicao-e-comparecem-ao-triduo-de-sao-cristovao-2\\\/#breadcrumblist\"},\"author\":{\"@id\":\"https:\\\/\\\/anoticiaonline.com.br\\\/site\\\/author\\\/flavio\\\/#author\"},\"creator\":{\"@id\":\"https:\\\/\\\/anoticiaonline.com.br\\\/site\\\/author\\\/flavio\\\/#author\"},\"image\":{\"@type\":\"ImageObject\",\"url\":\"https:\\\/\\\/anoticiaonline.com.br\\\/site\\\/wp-content\\\/uploads\\\/2022\\\/07\\\/001sLIDE-CARREATA.jpg\",\"@id\":\"https:\\\/\\\/anoticiaonline.com.br\\\/site\\\/fieis-mantem-a-tradicao-e-comparecem-ao-triduo-de-sao-cristovao-2\\\/#mainImage\",\"width\":1000,\"height\":350},\"primaryImageOfPage\":{\"@id\":\"https:\\\/\\\/anoticiaonline.com.br\\\/site\\\/fieis-mantem-a-tradicao-e-comparecem-ao-triduo-de-sao-cristovao-2\\\/#mainImage\"},\"datePublished\":\"2022-07-30T10:00:00-03:00\",\"dateModified\":\"2022-07-30T13:54:42-03:00\"},{\"@type\":\"WebSite\",\"@id\":\"https:\\\/\\\/anoticiaonline.com.br\\\/site\\\/#website\",\"url\":\"https:\\\/\\\/anoticiaonline.com.br\\\/site\\\/\",\"name\":\"A Not\\u00edcia Online\",\"description\":\"Noticias de Muria\\u00e9 e regi\\u00e3o\",\"inLanguage\":\"pt-BR\",\"publisher\":{\"@id\":\"https:\\\/\\\/anoticiaonline.com.br\\\/site\\\/#organization\"}}]}\n\t\t<\/script>\n\t\t<!-- All in One SEO -->\n\n","aioseo_head_json":{"title":"Fi\u00e9is mant\u00eam a tradi\u00e7\u00e3o e comparecem ao tr\u00edduo de S\u00e3o Crist\u00f3v\u00e3o - A Not\u00edcia Online","description":"Casa do Bombeiro \u00e9 patrono da 76\u00aa edi\u00e7\u00e3o da festa O Tr\u00edduo de S\u00e3o Crist\u00f3v\u00e3o atraiu centenas de fieis que acompanharam a 76\u00aa edi\u00e7\u00e3o da festa em honra ao santo, promovida pela Par\u00f3quia Nossa Senhora Aparecida, do Porto. O evento aconteceu entre quinta-feira (21) e domingo (24). Esse ano, a Casa do Bombeiro foi patrona","canonical_url":"https:\/\/anoticiaonline.com.br\/site\/fieis-mantem-a-tradicao-e-comparecem-ao-triduo-de-sao-cristovao-2\/","robots":"max-image-preview:large","keywords":"","webmasterTools":{"miscellaneous":""},"schema":{"@context":"https:\/\/schema.org","@graph":[{"@type":"BlogPosting","@id":"https:\/\/anoticiaonline.com.br\/site\/fieis-mantem-a-tradicao-e-comparecem-ao-triduo-de-sao-cristovao-2\/#blogposting","name":"Fi\u00e9is mant\u00eam a tradi\u00e7\u00e3o e comparecem ao tr\u00edduo de S\u00e3o Crist\u00f3v\u00e3o - A Not\u00edcia Online","headline":"Fi\u00e9is mant\u00eam a tradi\u00e7\u00e3o e comparecem ao tr\u00edduo de S\u00e3o Crist\u00f3v\u00e3o","author":{"@id":"https:\/\/anoticiaonline.com.br\/site\/author\/flavio\/#author"},"publisher":{"@id":"https:\/\/anoticiaonline.com.br\/site\/#organization"},"image":{"@type":"ImageObject","url":"https:\/\/anoticiaonline.com.br\/site\/wp-content\/uploads\/2022\/07\/001sLIDE-CARREATA.jpg","width":1000,"height":350},"datePublished":"2022-07-30T10:00:00-03:00","dateModified":"2022-07-30T13:54:42-03:00","inLanguage":"pt-BR","mainEntityOfPage":{"@id":"https:\/\/anoticiaonline.com.br\/site\/fieis-mantem-a-tradicao-e-comparecem-ao-triduo-de-sao-cristovao-2\/#webpage"},"isPartOf":{"@id":"https:\/\/anoticiaonline.com.br\/site\/fieis-mantem-a-tradicao-e-comparecem-ao-triduo-de-sao-cristovao-2\/#webpage"},"articleSection":"Blog, Cotidiano, Eventos, Casa do Bombeiro, Festa de S\u00e3o Crist\u00f3v\u00e3o, Tr\u00edduo de S\u00e3o Crist\u00f3v\u00e3o"},{"@type":"BreadcrumbList","@id":"https:\/\/anoticiaonline.com.br\/site\/fieis-mantem-a-tradicao-e-comparecem-ao-triduo-de-sao-cristovao-2\/#breadcrumblist","itemListElement":[{"@type":"ListItem","@id":"https:\/\/anoticiaonline.com.br\/site#listItem","position":1,"name":"Home","item":"https:\/\/anoticiaonline.com.br\/site","nextItem":{"@type":"ListItem","@id":"https:\/\/anoticiaonline.com.br\/site\/categoria\/muriae\/#listItem","name":"Blog"}},{"@type":"ListItem","@id":"https:\/\/anoticiaonline.com.br\/site\/categoria\/muriae\/#listItem","position":2,"name":"Blog","item":"https:\/\/anoticiaonline.com.br\/site\/categoria\/muriae\/","nextItem":{"@type":"ListItem","@id":"https:\/\/anoticiaonline.com.br\/site\/categoria\/muriae\/cotidiano\/#listItem","name":"Cotidiano"},"previousItem":{"@type":"ListItem","@id":"https:\/\/anoticiaonline.com.br\/site#listItem","name":"Home"}},{"@type":"ListItem","@id":"https:\/\/anoticiaonline.com.br\/site\/categoria\/muriae\/cotidiano\/#listItem","position":3,"name":"Cotidiano","item":"https:\/\/anoticiaonline.com.br\/site\/categoria\/muriae\/cotidiano\/","nextItem":{"@type":"ListItem","@id":"https:\/\/anoticiaonline.com.br\/site\/fieis-mantem-a-tradicao-e-comparecem-ao-triduo-de-sao-cristovao-2\/#listItem","name":"Fi\u00e9is mant\u00eam a tradi\u00e7\u00e3o e comparecem ao tr\u00edduo de S\u00e3o Crist\u00f3v\u00e3o"},"previousItem":{"@type":"ListItem","@id":"https:\/\/anoticiaonline.com.br\/site\/categoria\/muriae\/#listItem","name":"Blog"}},{"@type":"ListItem","@id":"https:\/\/anoticiaonline.com.br\/site\/fieis-mantem-a-tradicao-e-comparecem-ao-triduo-de-sao-cristovao-2\/#listItem","position":4,"name":"Fi\u00e9is mant\u00eam a tradi\u00e7\u00e3o e comparecem ao tr\u00edduo de S\u00e3o Crist\u00f3v\u00e3o","previousItem":{"@type":"ListItem","@id":"https:\/\/anoticiaonline.com.br\/site\/categoria\/muriae\/cotidiano\/#listItem","name":"Cotidiano"}}]},{"@type":"Organization","@id":"https:\/\/anoticiaonline.com.br\/site\/#organization","name":"A Not\u00edcia Online","description":"Noticias de Muria\u00e9 e regi\u00e3o","url":"https:\/\/anoticiaonline.com.br\/site\/","logo":{"@type":"ImageObject","url":"https:\/\/scontent-gig4-1.xx.fbcdn.net\/v\/t39.30808-1\/270437624_4564083193639691_6907940295614233970_n.jpg?stp=dst-jpg_s200x200_tt6&_nc_cat=111&ccb=1-7&_nc_sid=f907e8&_nc_ohc=SM1wRlP3lJwQ7kNvwEPuBYA&_nc_oc=AdnqrjDN_BNjSSHWO-GbkIWH6fkGMLw4bqvL_NH6e2wMveX7G-rP2dAqsDSq1mJMOaY&_nc_zt=24&_nc_ht=scontent-gig4-1.xx&_nc_gid=AoBFJeGrT1hVaew_6rchkQ&oh=00_AfX7QmFGhQhG2jAllVgXCiM1ZrWgvtp80-Bfppyexh1QEg&oe=689E923C","@id":"https:\/\/anoticiaonline.com.br\/site\/fieis-mantem-a-tradicao-e-comparecem-ao-triduo-de-sao-cristovao-2\/#organizationLogo"},"image":{"@id":"https:\/\/anoticiaonline.com.br\/site\/fieis-mantem-a-tradicao-e-comparecem-ao-triduo-de-sao-cristovao-2\/#organizationLogo"}},{"@type":"Person","@id":"https:\/\/anoticiaonline.com.br\/site\/author\/flavio\/#author","url":"https:\/\/anoticiaonline.com.br\/site\/author\/flavio\/","name":"Flavio","image":{"@type":"ImageObject","@id":"https:\/\/anoticiaonline.com.br\/site\/fieis-mantem-a-tradicao-e-comparecem-ao-triduo-de-sao-cristovao-2\/#authorImage","url":"https:\/\/secure.gravatar.com\/avatar\/15f468c802802b9079bce8dd6a2cfce0c97707adbc22c5062e758028c2874816?s=96&d=mm&r=g","width":96,"height":96,"caption":"Flavio"}},{"@type":"WebPage","@id":"https:\/\/anoticiaonline.com.br\/site\/fieis-mantem-a-tradicao-e-comparecem-ao-triduo-de-sao-cristovao-2\/#webpage","url":"https:\/\/anoticiaonline.com.br\/site\/fieis-mantem-a-tradicao-e-comparecem-ao-triduo-de-sao-cristovao-2\/","name":"Fi\u00e9is mant\u00eam a tradi\u00e7\u00e3o e comparecem ao tr\u00edduo de S\u00e3o Crist\u00f3v\u00e3o - A Not\u00edcia Online","description":"Casa do Bombeiro \u00e9 patrono da 76\u00aa edi\u00e7\u00e3o da festa O Tr\u00edduo de S\u00e3o Crist\u00f3v\u00e3o atraiu centenas de fieis que acompanharam a 76\u00aa edi\u00e7\u00e3o da festa em honra ao santo, promovida pela Par\u00f3quia Nossa Senhora Aparecida, do Porto. O evento aconteceu entre quinta-feira (21) e domingo (24). Esse ano, a Casa do Bombeiro foi patrona","inLanguage":"pt-BR","isPartOf":{"@id":"https:\/\/anoticiaonline.com.br\/site\/#website"},"breadcrumb":{"@id":"https:\/\/anoticiaonline.com.br\/site\/fieis-mantem-a-tradicao-e-comparecem-ao-triduo-de-sao-cristovao-2\/#breadcrumblist"},"author":{"@id":"https:\/\/anoticiaonline.com.br\/site\/author\/flavio\/#author"},"creator":{"@id":"https:\/\/anoticiaonline.com.br\/site\/author\/flavio\/#author"},"image":{"@type":"ImageObject","url":"https:\/\/anoticiaonline.com.br\/site\/wp-content\/uploads\/2022\/07\/001sLIDE-CARREATA.jpg","@id":"https:\/\/anoticiaonline.com.br\/site\/fieis-mantem-a-tradicao-e-comparecem-ao-triduo-de-sao-cristovao-2\/#mainImage","width":1000,"height":350},"primaryImageOfPage":{"@id":"https:\/\/anoticiaonline.com.br\/site\/fieis-mantem-a-tradicao-e-comparecem-ao-triduo-de-sao-cristovao-2\/#mainImage"},"datePublished":"2022-07-30T10:00:00-03:00","dateModified":"2022-07-30T13:54:42-03:00"},{"@type":"WebSite","@id":"https:\/\/anoticiaonline.com.br\/site\/#website","url":"https:\/\/anoticiaonline.com.br\/site\/","name":"A Not\u00edcia Online","description":"Noticias de Muria\u00e9 e regi\u00e3o","inLanguage":"pt-BR","publisher":{"@id":"https:\/\/anoticiaonline.com.br\/site\/#organization"}}]},"og:locale":"pt_BR","og:site_name":"A Not\u00edcia Online - Noticias de Muria\u00e9 e regi\u00e3o","og:type":"article","og:title":"Fi\u00e9is mant\u00eam a tradi\u00e7\u00e3o e comparecem ao tr\u00edduo de S\u00e3o Crist\u00f3v\u00e3o - A Not\u00edcia Online","og:description":"Casa do Bombeiro \u00e9 patrono da 76\u00aa edi\u00e7\u00e3o da festa O Tr\u00edduo de S\u00e3o Crist\u00f3v\u00e3o atraiu centenas de fieis que acompanharam a 76\u00aa edi\u00e7\u00e3o da festa em honra ao santo, promovida pela Par\u00f3quia Nossa Senhora Aparecida, do Porto. O evento aconteceu entre quinta-feira (21) e domingo (24). Esse ano, a Casa do Bombeiro foi patrona","og:url":"https:\/\/anoticiaonline.com.br\/site\/fieis-mantem-a-tradicao-e-comparecem-ao-triduo-de-sao-cristovao-2\/","og:image":"https:\/\/scontent-gig4-1.xx.fbcdn.net\/v\/t39.30808-1\/270437624_4564083193639691_6907940295614233970_n.jpg?stp=dst-jpg_s200x200_tt6&#038;_nc_cat=111&#038;ccb=1-7&#038;_nc_sid=f907e8&#038;_nc_ohc=SM1wRlP3lJwQ7kNvwEPuBYA&#038;_nc_oc=AdnqrjDN_BNjSSHWO-GbkIWH6fkGMLw4bqvL_NH6e2wMveX7G-rP2dAqsDSq1mJMOaY&#038;_nc_zt=24&#038;_nc_ht=scontent-gig4-1.xx&#038;_nc_gid=AoBFJeGrT1hVaew_6rchkQ&#038;oh=00_AfX7QmFGhQhG2jAllVgXCiM1ZrWgvtp80-Bfppyexh1QEg&#038;oe=689E923C","og:image:secure_url":"https:\/\/scontent-gig4-1.xx.fbcdn.net\/v\/t39.30808-1\/270437624_4564083193639691_6907940295614233970_n.jpg?stp=dst-jpg_s200x200_tt6&#038;_nc_cat=111&#038;ccb=1-7&#038;_nc_sid=f907e8&#038;_nc_ohc=SM1wRlP3lJwQ7kNvwEPuBYA&#038;_nc_oc=AdnqrjDN_BNjSSHWO-GbkIWH6fkGMLw4bqvL_NH6e2wMveX7G-rP2dAqsDSq1mJMOaY&#038;_nc_zt=24&#038;_nc_ht=scontent-gig4-1.xx&#038;_nc_gid=AoBFJeGrT1hVaew_6rchkQ&#038;oh=00_AfX7QmFGhQhG2jAllVgXCiM1ZrWgvtp80-Bfppyexh1QEg&#038;oe=689E923C","article:published_time":"2022-07-30T13:00:00+00:00","article:modified_time":"2022-07-30T16:54:42+00:00","twitter:card":"summary_large_image","twitter:title":"Fi\u00e9is mant\u00eam a tradi\u00e7\u00e3o e comparecem ao tr\u00edduo de S\u00e3o Crist\u00f3v\u00e3o - A Not\u00edcia Online","twitter:description":"Casa do Bombeiro \u00e9 patrono da 76\u00aa edi\u00e7\u00e3o da festa O Tr\u00edduo de S\u00e3o Crist\u00f3v\u00e3o atraiu centenas de fieis que acompanharam a 76\u00aa edi\u00e7\u00e3o da festa em honra ao santo, promovida pela Par\u00f3quia Nossa Senhora Aparecida, do Porto. O evento aconteceu entre quinta-feira (21) e domingo (24). Esse ano, a Casa do Bombeiro foi patrona","twitter:image":"https:\/\/scontent-gig4-1.xx.fbcdn.net\/v\/t39.30808-1\/270437624_4564083193639691_6907940295614233970_n.jpg?stp=dst-jpg_s200x200_tt6&_nc_cat=111&ccb=1-7&_nc_sid=f907e8&_nc_ohc=SM1wRlP3lJwQ7kNvwEPuBYA&_nc_oc=AdnqrjDN_BNjSSHWO-GbkIWH6fkGMLw4bqvL_NH6e2wMveX7G-rP2dAqsDSq1mJMOaY&_nc_zt=24&_nc_ht=scontent-gig4-1.xx&_nc_gid=AoBFJeGrT1hVaew_6rchkQ&oh=00_AfX7QmFGhQhG2jAllVgXCiM1ZrWgvtp80-Bfppyexh1QEg&oe=689E923C"},"aioseo_meta_data":{"post_id":"101142","title":null,"description":null,"keywords":null,"keyphrases":null,"primary_term":null,"canonical_url":null,"og_title":null,"og_description":null,"og_object_type":"default","og_image_type":"default","og_image_url":null,"og_image_width":null,"og_image_height":null,"og_image_custom_url":null,"og_image_custom_fields":null,"og_video":null,"og_custom_url":null,"og_article_section":null,"og_article_tags":null,"twitter_use_og":false,"twitter_card":"default","twitter_image_type":"default","twitter_image_url":null,"twitter_image_custom_url":null,"twitter_image_custom_fields":null,"twitter_title":null,"twitter_description":null,"schema":{"blockGraphs":[],"customGraphs":[],"default":{"data":{"Article":[],"Course":[],"Dataset":[],"FAQPage":[],"Movie":[],"Person":[],"Product":[],"ProductReview":[],"Car":[],"Recipe":[],"Service":[],"SoftwareApplication":[],"WebPage":[]},"graphName":"","isEnabled":true},"graphs":[]},"schema_type":"default","schema_type_options":null,"pillar_content":false,"robots_default":true,"robots_noindex":false,"robots_noarchive":false,"robots_nosnippet":false,"robots_nofollow":false,"robots_noimageindex":false,"robots_noodp":false,"robots_notranslate":false,"robots_max_snippet":null,"robots_max_videopreview":null,"robots_max_imagepreview":"large","priority":null,"frequency":null,"local_seo":null,"breadcrumb_settings":null,"limit_modified_date":false,"ai":null,"created":"2025-08-17 06:30:41","updated":"2025-08-17 06:30:41","focus_keyword":null,"additional_keywords":null,"truseo_locale":null,"seo_analyzer_scan_date":null},"aioseo_breadcrumb":"<div class=\"aioseo-breadcrumbs\"><span class=\"aioseo-breadcrumb\">\n\t\t\t<a href=\"https:\/\/anoticiaonline.com.br\/site\" title=\"Home\">Home<\/a>\n\t\t<\/span><span class=\"aioseo-breadcrumb-separator\">&raquo;<\/span><span class=\"aioseo-breadcrumb\">\n\t\t\t<a href=\"https:\/\/anoticiaonline.com.br\/site\/categoria\/muriae\/\" title=\"Blog\">Blog<\/a>\n\t\t<\/span><span class=\"aioseo-breadcrumb-separator\">&raquo;<\/span><span class=\"aioseo-breadcrumb\">\n\t\t\t<a href=\"https:\/\/anoticiaonline.com.br\/site\/categoria\/muriae\/cotidiano\/\" title=\"Cotidiano\">Cotidiano<\/a>\n\t\t<\/span><span class=\"aioseo-breadcrumb-separator\">&raquo;<\/span><span class=\"aioseo-breadcrumb\">\n\t\t\tFi\u00e9is mant\u00eam a tradi\u00e7\u00e3o e comparecem ao tr\u00edduo de S\u00e3o Crist\u00f3v\u00e3o\n\t\t<\/span><\/div>","aioseo_breadcrumb_json":[{"label":"Home","link":"https:\/\/anoticiaonline.com.br\/site"},{"label":"Blog","link":"https:\/\/anoticiaonline.com.br\/site\/categoria\/muriae\/"},{"label":"Cotidiano","link":"https:\/\/anoticiaonline.com.br\/site\/categoria\/muriae\/cotidiano\/"},{"label":"Fi\u00e9is mant\u00eam a tradi\u00e7\u00e3o e comparecem ao tr\u00edduo de S\u00e3o Crist\u00f3v\u00e3o","link":"https:\/\/anoticiaonline.com.br\/site\/fieis-mantem-a-tradicao-e-comparecem-ao-triduo-de-sao-cristovao-2\/"}],"views":170,"_links":{"self":[{"href":"https:\/\/anoticiaonline.com.br\/site\/wp-json\/wp\/v2\/posts\/101142","targetHints":{"allow":["GET"]}}],"collection":[{"href":"https:\/\/anoticiaonline.com.br\/site\/wp-json\/wp\/v2\/posts"}],"about":[{"href":"https:\/\/anoticiaonline.com.br\/site\/wp-json\/wp\/v2\/types\/post"}],"author":[{"embeddable":true,"href":"https:\/\/anoticiaonline.com.br\/site\/wp-json\/wp\/v2\/users\/11"}],"replies":[{"embeddable":true,"href":"https:\/\/anoticiaonline.com.br\/site\/wp-json\/wp\/v2\/comments?post=101142"}],"version-history":[{"count":0,"href":"https:\/\/anoticiaonline.com.br\/site\/wp-json\/wp\/v2\/posts\/101142\/revisions"}],"wp:featuredmedia":[{"embeddable":true,"href":"https:\/\/anoticiaonline.com.br\/site\/wp-json\/wp\/v2\/media\/101167"}],"wp:attachment":[{"href":"https:\/\/anoticiaonline.com.br\/site\/wp-json\/wp\/v2\/media?parent=101142"}],"wp:term":[{"taxonomy":"category","embeddable":true,"href":"https:\/\/anoticiaonline.com.br\/site\/wp-json\/wp\/v2\/categories?post=101142"},{"taxonomy":"post_tag","embeddable":true,"href":"https:\/\/anoticiaonline.com.br\/site\/wp-json\/wp\/v2\/tags?post=101142"}],"curies":[{"name":"wp","href":"https:\/\/api.w.org\/{rel}","templated":true}]}}