{"id":101075,"date":"2022-07-26T14:18:44","date_gmt":"2022-07-26T17:18:44","guid":{"rendered":"http:\/\/anoticiaonline.com.br\/site\/?p=101075"},"modified":"2022-07-26T14:18:46","modified_gmt":"2022-07-26T17:18:46","slug":"piacatuba-4","status":"publish","type":"post","link":"https:\/\/anoticiaonline.com.br\/site\/piacatuba-4\/","title":{"rendered":"Piacatuba"},"content":{"rendered":"\n<h5 class=\"wp-block-heading\"><em>Ap\u00f3s dois anos suspenso, Festival de Viola de Piacatuba e Gastronomia come\u00e7a dia 27<\/em><\/h5>\n\n\n\n<figure class=\"wp-block-image size-large\"><a href=\"https:\/\/anoticiaonline.com.br\/site\/wp-content\/uploads\/2022\/07\/nc-viola-campo-220821.jpg\"><img fetchpriority=\"high\" decoding=\"async\" width=\"800\" height=\"450\" src=\"https:\/\/anoticiaonline.com.br\/site\/wp-content\/uploads\/2022\/07\/nc-viola-campo-220821.jpg\" alt=\"\" class=\"wp-image-101076\" srcset=\"https:\/\/anoticiaonline.com.br\/site\/wp-content\/uploads\/2022\/07\/nc-viola-campo-220821.jpg 800w, https:\/\/anoticiaonline.com.br\/site\/wp-content\/uploads\/2022\/07\/nc-viola-campo-220821-300x169.jpg 300w, https:\/\/anoticiaonline.com.br\/site\/wp-content\/uploads\/2022\/07\/nc-viola-campo-220821-768x432.jpg 768w\" sizes=\"(max-width: 800px) 100vw, 800px\" \/><\/a><figcaption>Foto de arquivo<\/figcaption><\/figure>\n\n\n\n<p class=\"wp-block-paragraph\">Depois de dois anos sem acontecer por causa da pandemia do coronav\u00edrus, o charmoso Festival de Viola de Piacatuba e Gastronomia est\u00e1 de volta a partir desta quarta-feira (27). Esta \u00e9 a 17\u00aa edi\u00e7\u00e3o do evento, que segue at\u00e9 o pr\u00f3ximo domingo (31) com uma programa\u00e7\u00e3o diversificada, gratuita e para toda a fam\u00edlia.&nbsp;<\/p>\n\n\n\n<!--more-->\n\n\n\n<p class=\"wp-block-paragraph\">E para comemorar essa retomada em alto astral, ser\u00e3o mais de dez atra\u00e7\u00f5es musicais, um farto roteiro gastron\u00f4mico, oficinas culturais para crian\u00e7as e adolescentes, artesanato e as tradicionais mostras de viola, que ir\u00e3o distribuir R$ 28 mil em premia\u00e7\u00f5es aos novos talentos da m\u00fasica de raiz.&nbsp;<\/p>\n\n\n\n<p class=\"wp-block-paragraph\">O Festival come\u00e7a oficialmente \u00e0s 20h, com tr\u00eas shows: o grupo Doce Flauta &amp; Cia, do Conservat\u00f3rio Estadual de M\u00fasica Lia Salgado, Thaylis Carneiro e Carmim, a banda, e o pernambucano Geraldo Azevedo, a grande estrela da noite e uma das atra\u00e7\u00f5es mais esperadas do Festival.<\/p>\n\n\n\n<p class=\"wp-block-paragraph\">Na quinta-feira(28), sobem no palco Bruno Takashy e Felipe, a dupla vencedora da 16\u00ba edi\u00e7\u00e3o do Concurso de Viola, e os leopoldinenses Hermes Viola e Luiz. J\u00e1 a sexta-feira (29), come\u00e7a com o tradicional Cortejo dos Violeiros, seguido do Concurso Nacional e Regional de Viola e termina com a apresenta\u00e7\u00e3o do premiado violeiro, cantor e compositor Miltinho Edilberto, um dos maiores representantes da viola caipira e do \u201cforr\u00f3 p\u00e9 de serra\u201d do pa\u00eds.&nbsp;<\/p>\n\n\n\n<p class=\"wp-block-paragraph\">E para fechar a 17\u00aa edi\u00e7\u00e3o, o palco de Piacatuba recebe mais tr\u00eas grandes shows: as bandas leopoldinenses Porteira El\u00e9trica e Serafins, e a Banda de Pau e Corda, que estar\u00e1 comemorando 50 anos de carreira em Piacatuba.&nbsp;<\/p>\n\n\n\n<p class=\"wp-block-paragraph\">A 17\u00aa edi\u00e7\u00e3o do Festival de Viola de Piacatuba e Gastronomia tem produ\u00e7\u00e3o de Maria L\u00facia Braga e \u00e9 patrocinada pela Energisa, Governo de Minas, atrav\u00e9s da Lei Estadual de Incentivo \u00e0 Cultura, Prefeitura de Leopoldina e C\u00e2mara Municipal de Leopoldina, e apoio da Funda\u00e7\u00e3o Ormeo Junqueira Botelho.&nbsp;<\/p>\n\n\n\n<p class=\"wp-block-paragraph\">Programa\u00e7\u00e3o:<\/p>\n\n\n\n<p class=\"wp-block-paragraph\">27 de julho- Quarta-feira- A partir das 20h<\/p>\n\n\n\n<p class=\"wp-block-paragraph\">Doce Flauta &amp; Cia, do Conservat\u00f3rio Estadual de M\u00fasica Lia Salgado Carmim, a Banda<\/p>\n\n\n\n<p class=\"wp-block-paragraph\">Geraldo Azevedo<\/p>\n\n\n\n<p class=\"wp-block-paragraph\">28 de julho- Quinta-feira- A partir das 21h&nbsp;<\/p>\n\n\n\n<p class=\"wp-block-paragraph\">Bruno Takashy e Felipe- Vencedores do 16\u00ba Concurso de Viola , Hermes Viola e Luiz<\/p>\n\n\n\n<p class=\"wp-block-paragraph\">29 de julho- Sexta-feira- A partir das 20h<\/p>\n\n\n\n<p class=\"wp-block-paragraph\">Cortejo dos Violeiros<\/p>\n\n\n\n<p class=\"wp-block-paragraph\">Concurso Nacional e Regional de Viola<\/p>\n\n\n\n<p class=\"wp-block-paragraph\">Miltinho Edilberto<\/p>\n\n\n\n<p class=\"wp-block-paragraph\">30 de julho- S\u00e1bado- A partir das 21h<\/p>\n\n\n\n<p class=\"wp-block-paragraph\">Banda Porteira El\u00e9trica<\/p>\n\n\n\n<p class=\"wp-block-paragraph\">Serafins &nbsp;&nbsp;&nbsp;&nbsp;&nbsp;&nbsp;&nbsp;&nbsp;&nbsp;&nbsp;&nbsp;&nbsp;&nbsp;&nbsp;&nbsp;&nbsp;&nbsp;&nbsp;&nbsp;&nbsp;&nbsp;&nbsp;&nbsp;&nbsp;&nbsp;&nbsp;&nbsp;&nbsp;&nbsp;&nbsp;&nbsp;&nbsp;&nbsp;&nbsp;&nbsp;&nbsp;&nbsp;&nbsp;&nbsp;&nbsp;&nbsp;&nbsp;&nbsp;&nbsp;&nbsp;&nbsp;&nbsp;&nbsp;&nbsp;&nbsp;&nbsp;&nbsp;&nbsp;&nbsp;&nbsp;&nbsp;&nbsp;&nbsp;<\/p>\n\n\n\n<p class=\"wp-block-paragraph\">Banda de Pau e Corda-Comemorando 50 anos de carreira<\/p>\n\n\n\n<p class=\"wp-block-paragraph\">31 de julho- Domingo- A partir das 13h30<\/p>\n\n\n\n<p class=\"wp-block-paragraph\">Conta\u00e7\u00e3o de Hist\u00f3rias com a Tia Zez\u00e9<\/p>\n\n\n\n<p class=\"wp-block-paragraph\">Grupo de Dan\u00e7a P\u00e9rola Negra<\/p>\n","protected":false},"excerpt":{"rendered":"<p>Ap\u00f3s dois anos suspenso, Festival de Viola de Piacatuba e Gastronomia come\u00e7a dia 27 Depois de dois anos sem acontecer por causa da pandemia do coronav\u00edrus, o charmoso Festival de Viola de Piacatuba e Gastronomia est\u00e1 de volta a partir desta quarta-feira (27). Esta \u00e9 a 17\u00aa edi\u00e7\u00e3o do evento, que segue at\u00e9 o pr\u00f3ximo &#8230; <a title=\"Piacatuba\" class=\"read-more\" href=\"https:\/\/anoticiaonline.com.br\/site\/piacatuba-4\/\" aria-label=\"Read more about Piacatuba\">Ler mais<\/a><\/p>\n","protected":false},"author":11,"featured_media":101076,"comment_status":"open","ping_status":"open","sticky":false,"template":"","format":"standard","meta":{"_acf_changed":false,"_monsterinsights_skip_tracking":false,"footnotes":""},"categories":[30,19,24,6],"tags":[7068],"class_list":["post-101075","post","type-post","status-publish","format-standard","has-post-thumbnail","hentry","category-muriae","category-cultura","category-eventos","category-regiao","tag-festival-de-viola-de-piacatuba"],"acf":[],"aioseo_notices":[],"aioseo_head":"\n\t\t<!-- All in One SEO 5.0.0.1 - aioseo.com -->\n\t<meta name=\"description\" content=\"Ap\u00f3s dois anos suspenso, Festival de Viola de Piacatuba e Gastronomia come\u00e7a dia 27 Depois de dois anos sem acontecer por causa da pandemia do coronav\u00edrus, o charmoso Festival de Viola de Piacatuba e Gastronomia est\u00e1 de volta a partir desta quarta-feira (27). Esta \u00e9 a 17\u00aa edi\u00e7\u00e3o do evento, que segue at\u00e9 o pr\u00f3ximo\" \/>\n\t<meta name=\"robots\" content=\"max-image-preview:large\" \/>\n\t<meta name=\"author\" content=\"Flavio\"\/>\n\t<link rel=\"canonical\" href=\"https:\/\/anoticiaonline.com.br\/site\/piacatuba-4\/\" \/>\n\t<meta name=\"generator\" content=\"All in One SEO (AIOSEO) 5.0.0.1\" \/>\n\t\t<meta property=\"og:locale\" content=\"pt_BR\" \/>\n\t\t<meta property=\"og:site_name\" content=\"A Not\u00edcia Online - Noticias de Muria\u00e9 e regi\u00e3o\" \/>\n\t\t<meta property=\"og:type\" content=\"article\" \/>\n\t\t<meta property=\"og:title\" content=\"Piacatuba - A Not\u00edcia Online\" \/>\n\t\t<meta property=\"og:description\" content=\"Ap\u00f3s dois anos suspenso, Festival de Viola de Piacatuba e Gastronomia come\u00e7a dia 27 Depois de dois anos sem acontecer por causa da pandemia do coronav\u00edrus, o charmoso Festival de Viola de Piacatuba e Gastronomia est\u00e1 de volta a partir desta quarta-feira (27). Esta \u00e9 a 17\u00aa edi\u00e7\u00e3o do evento, que segue at\u00e9 o pr\u00f3ximo\" \/>\n\t\t<meta property=\"og:url\" content=\"https:\/\/anoticiaonline.com.br\/site\/piacatuba-4\/\" \/>\n\t\t<meta property=\"og:image\" content=\"https:\/\/scontent-gig4-1.xx.fbcdn.net\/v\/t39.30808-1\/270437624_4564083193639691_6907940295614233970_n.jpg?stp=dst-jpg_s200x200_tt6&#038;_nc_cat=111&#038;ccb=1-7&#038;_nc_sid=f907e8&#038;_nc_ohc=SM1wRlP3lJwQ7kNvwEPuBYA&#038;_nc_oc=AdnqrjDN_BNjSSHWO-GbkIWH6fkGMLw4bqvL_NH6e2wMveX7G-rP2dAqsDSq1mJMOaY&#038;_nc_zt=24&#038;_nc_ht=scontent-gig4-1.xx&#038;_nc_gid=AoBFJeGrT1hVaew_6rchkQ&#038;oh=00_AfX7QmFGhQhG2jAllVgXCiM1ZrWgvtp80-Bfppyexh1QEg&#038;oe=689E923C\" \/>\n\t\t<meta property=\"og:image:secure_url\" content=\"https:\/\/scontent-gig4-1.xx.fbcdn.net\/v\/t39.30808-1\/270437624_4564083193639691_6907940295614233970_n.jpg?stp=dst-jpg_s200x200_tt6&#038;_nc_cat=111&#038;ccb=1-7&#038;_nc_sid=f907e8&#038;_nc_ohc=SM1wRlP3lJwQ7kNvwEPuBYA&#038;_nc_oc=AdnqrjDN_BNjSSHWO-GbkIWH6fkGMLw4bqvL_NH6e2wMveX7G-rP2dAqsDSq1mJMOaY&#038;_nc_zt=24&#038;_nc_ht=scontent-gig4-1.xx&#038;_nc_gid=AoBFJeGrT1hVaew_6rchkQ&#038;oh=00_AfX7QmFGhQhG2jAllVgXCiM1ZrWgvtp80-Bfppyexh1QEg&#038;oe=689E923C\" \/>\n\t\t<meta property=\"article:published_time\" content=\"2022-07-26T17:18:44+00:00\" \/>\n\t\t<meta property=\"article:modified_time\" content=\"2022-07-26T17:18:46+00:00\" \/>\n\t\t<meta name=\"twitter:card\" content=\"summary_large_image\" \/>\n\t\t<meta name=\"twitter:title\" content=\"Piacatuba - A Not\u00edcia Online\" \/>\n\t\t<meta name=\"twitter:description\" content=\"Ap\u00f3s dois anos suspenso, Festival de Viola de Piacatuba e Gastronomia come\u00e7a dia 27 Depois de dois anos sem acontecer por causa da pandemia do coronav\u00edrus, o charmoso Festival de Viola de Piacatuba e Gastronomia est\u00e1 de volta a partir desta quarta-feira (27). Esta \u00e9 a 17\u00aa edi\u00e7\u00e3o do evento, que segue at\u00e9 o pr\u00f3ximo\" \/>\n\t\t<meta name=\"twitter:image\" content=\"https:\/\/scontent-gig4-1.xx.fbcdn.net\/v\/t39.30808-1\/270437624_4564083193639691_6907940295614233970_n.jpg?stp=dst-jpg_s200x200_tt6&amp;_nc_cat=111&amp;ccb=1-7&amp;_nc_sid=f907e8&amp;_nc_ohc=SM1wRlP3lJwQ7kNvwEPuBYA&amp;_nc_oc=AdnqrjDN_BNjSSHWO-GbkIWH6fkGMLw4bqvL_NH6e2wMveX7G-rP2dAqsDSq1mJMOaY&amp;_nc_zt=24&amp;_nc_ht=scontent-gig4-1.xx&amp;_nc_gid=AoBFJeGrT1hVaew_6rchkQ&amp;oh=00_AfX7QmFGhQhG2jAllVgXCiM1ZrWgvtp80-Bfppyexh1QEg&amp;oe=689E923C\" \/>\n\t\t<script type=\"application\/ld+json\" class=\"aioseo-schema\">\n\t\t\t{\"@context\":\"https:\\\/\\\/schema.org\",\"@graph\":[{\"@type\":\"BlogPosting\",\"@id\":\"https:\\\/\\\/anoticiaonline.com.br\\\/site\\\/piacatuba-4\\\/#blogposting\",\"name\":\"Piacatuba - A Not\\u00edcia Online\",\"headline\":\"Piacatuba\",\"author\":{\"@id\":\"https:\\\/\\\/anoticiaonline.com.br\\\/site\\\/author\\\/flavio\\\/#author\"},\"publisher\":{\"@id\":\"https:\\\/\\\/anoticiaonline.com.br\\\/site\\\/#organization\"},\"image\":{\"@type\":\"ImageObject\",\"url\":\"https:\\\/\\\/anoticiaonline.com.br\\\/site\\\/wp-content\\\/uploads\\\/2022\\\/07\\\/nc-viola-campo-220821.jpg\",\"width\":800,\"height\":450},\"datePublished\":\"2022-07-26T14:18:44-03:00\",\"dateModified\":\"2022-07-26T14:18:46-03:00\",\"inLanguage\":\"pt-BR\",\"mainEntityOfPage\":{\"@id\":\"https:\\\/\\\/anoticiaonline.com.br\\\/site\\\/piacatuba-4\\\/#webpage\"},\"isPartOf\":{\"@id\":\"https:\\\/\\\/anoticiaonline.com.br\\\/site\\\/piacatuba-4\\\/#webpage\"},\"articleSection\":\"Blog, Cultura, Eventos, Regi\\u00e3o, Festival de viola de Piacatuba\"},{\"@type\":\"BreadcrumbList\",\"@id\":\"https:\\\/\\\/anoticiaonline.com.br\\\/site\\\/piacatuba-4\\\/#breadcrumblist\",\"itemListElement\":[{\"@type\":\"ListItem\",\"@id\":\"https:\\\/\\\/anoticiaonline.com.br\\\/site#listItem\",\"position\":1,\"name\":\"Home\",\"item\":\"https:\\\/\\\/anoticiaonline.com.br\\\/site\",\"nextItem\":{\"@type\":\"ListItem\",\"@id\":\"https:\\\/\\\/anoticiaonline.com.br\\\/site\\\/categoria\\\/muriae\\\/#listItem\",\"name\":\"Blog\"}},{\"@type\":\"ListItem\",\"@id\":\"https:\\\/\\\/anoticiaonline.com.br\\\/site\\\/categoria\\\/muriae\\\/#listItem\",\"position\":2,\"name\":\"Blog\",\"item\":\"https:\\\/\\\/anoticiaonline.com.br\\\/site\\\/categoria\\\/muriae\\\/\",\"nextItem\":{\"@type\":\"ListItem\",\"@id\":\"https:\\\/\\\/anoticiaonline.com.br\\\/site\\\/categoria\\\/muriae\\\/cultura\\\/#listItem\",\"name\":\"Cultura\"},\"previousItem\":{\"@type\":\"ListItem\",\"@id\":\"https:\\\/\\\/anoticiaonline.com.br\\\/site#listItem\",\"name\":\"Home\"}},{\"@type\":\"ListItem\",\"@id\":\"https:\\\/\\\/anoticiaonline.com.br\\\/site\\\/categoria\\\/muriae\\\/cultura\\\/#listItem\",\"position\":3,\"name\":\"Cultura\",\"item\":\"https:\\\/\\\/anoticiaonline.com.br\\\/site\\\/categoria\\\/muriae\\\/cultura\\\/\",\"nextItem\":{\"@type\":\"ListItem\",\"@id\":\"https:\\\/\\\/anoticiaonline.com.br\\\/site\\\/piacatuba-4\\\/#listItem\",\"name\":\"Piacatuba\"},\"previousItem\":{\"@type\":\"ListItem\",\"@id\":\"https:\\\/\\\/anoticiaonline.com.br\\\/site\\\/categoria\\\/muriae\\\/#listItem\",\"name\":\"Blog\"}},{\"@type\":\"ListItem\",\"@id\":\"https:\\\/\\\/anoticiaonline.com.br\\\/site\\\/piacatuba-4\\\/#listItem\",\"position\":4,\"name\":\"Piacatuba\",\"previousItem\":{\"@type\":\"ListItem\",\"@id\":\"https:\\\/\\\/anoticiaonline.com.br\\\/site\\\/categoria\\\/muriae\\\/cultura\\\/#listItem\",\"name\":\"Cultura\"}}]},{\"@type\":\"Organization\",\"@id\":\"https:\\\/\\\/anoticiaonline.com.br\\\/site\\\/#organization\",\"name\":\"A Not\\u00edcia Online\",\"description\":\"Noticias de Muria\\u00e9 e regi\\u00e3o\",\"url\":\"https:\\\/\\\/anoticiaonline.com.br\\\/site\\\/\",\"logo\":{\"@type\":\"ImageObject\",\"url\":\"https:\\\/\\\/scontent-gig4-1.xx.fbcdn.net\\\/v\\\/t39.30808-1\\\/270437624_4564083193639691_6907940295614233970_n.jpg?stp=dst-jpg_s200x200_tt6&_nc_cat=111&ccb=1-7&_nc_sid=f907e8&_nc_ohc=SM1wRlP3lJwQ7kNvwEPuBYA&_nc_oc=AdnqrjDN_BNjSSHWO-GbkIWH6fkGMLw4bqvL_NH6e2wMveX7G-rP2dAqsDSq1mJMOaY&_nc_zt=24&_nc_ht=scontent-gig4-1.xx&_nc_gid=AoBFJeGrT1hVaew_6rchkQ&oh=00_AfX7QmFGhQhG2jAllVgXCiM1ZrWgvtp80-Bfppyexh1QEg&oe=689E923C\",\"@id\":\"https:\\\/\\\/anoticiaonline.com.br\\\/site\\\/piacatuba-4\\\/#organizationLogo\"},\"image\":{\"@id\":\"https:\\\/\\\/anoticiaonline.com.br\\\/site\\\/piacatuba-4\\\/#organizationLogo\"}},{\"@type\":\"Person\",\"@id\":\"https:\\\/\\\/anoticiaonline.com.br\\\/site\\\/author\\\/flavio\\\/#author\",\"url\":\"https:\\\/\\\/anoticiaonline.com.br\\\/site\\\/author\\\/flavio\\\/\",\"name\":\"Flavio\",\"image\":{\"@type\":\"ImageObject\",\"@id\":\"https:\\\/\\\/anoticiaonline.com.br\\\/site\\\/piacatuba-4\\\/#authorImage\",\"url\":\"https:\\\/\\\/secure.gravatar.com\\\/avatar\\\/15f468c802802b9079bce8dd6a2cfce0c97707adbc22c5062e758028c2874816?s=96&d=mm&r=g\",\"width\":96,\"height\":96,\"caption\":\"Flavio\"}},{\"@type\":\"WebPage\",\"@id\":\"https:\\\/\\\/anoticiaonline.com.br\\\/site\\\/piacatuba-4\\\/#webpage\",\"url\":\"https:\\\/\\\/anoticiaonline.com.br\\\/site\\\/piacatuba-4\\\/\",\"name\":\"Piacatuba - A Not\\u00edcia Online\",\"description\":\"Ap\\u00f3s dois anos suspenso, Festival de Viola de Piacatuba e Gastronomia come\\u00e7a dia 27 Depois de dois anos sem acontecer por causa da pandemia do coronav\\u00edrus, o charmoso Festival de Viola de Piacatuba e Gastronomia est\\u00e1 de volta a partir desta quarta-feira (27). Esta \\u00e9 a 17\\u00aa edi\\u00e7\\u00e3o do evento, que segue at\\u00e9 o pr\\u00f3ximo\",\"inLanguage\":\"pt-BR\",\"isPartOf\":{\"@id\":\"https:\\\/\\\/anoticiaonline.com.br\\\/site\\\/#website\"},\"breadcrumb\":{\"@id\":\"https:\\\/\\\/anoticiaonline.com.br\\\/site\\\/piacatuba-4\\\/#breadcrumblist\"},\"author\":{\"@id\":\"https:\\\/\\\/anoticiaonline.com.br\\\/site\\\/author\\\/flavio\\\/#author\"},\"creator\":{\"@id\":\"https:\\\/\\\/anoticiaonline.com.br\\\/site\\\/author\\\/flavio\\\/#author\"},\"image\":{\"@type\":\"ImageObject\",\"url\":\"https:\\\/\\\/anoticiaonline.com.br\\\/site\\\/wp-content\\\/uploads\\\/2022\\\/07\\\/nc-viola-campo-220821.jpg\",\"@id\":\"https:\\\/\\\/anoticiaonline.com.br\\\/site\\\/piacatuba-4\\\/#mainImage\",\"width\":800,\"height\":450},\"primaryImageOfPage\":{\"@id\":\"https:\\\/\\\/anoticiaonline.com.br\\\/site\\\/piacatuba-4\\\/#mainImage\"},\"datePublished\":\"2022-07-26T14:18:44-03:00\",\"dateModified\":\"2022-07-26T14:18:46-03:00\"},{\"@type\":\"WebSite\",\"@id\":\"https:\\\/\\\/anoticiaonline.com.br\\\/site\\\/#website\",\"url\":\"https:\\\/\\\/anoticiaonline.com.br\\\/site\\\/\",\"name\":\"A Not\\u00edcia Online\",\"description\":\"Noticias de Muria\\u00e9 e regi\\u00e3o\",\"inLanguage\":\"pt-BR\",\"publisher\":{\"@id\":\"https:\\\/\\\/anoticiaonline.com.br\\\/site\\\/#organization\"}}]}\n\t\t<\/script>\n\t\t<!-- All in One SEO -->\n\n","aioseo_head_json":{"title":"Piacatuba - A Not\u00edcia Online","description":"Ap\u00f3s dois anos suspenso, Festival de Viola de Piacatuba e Gastronomia come\u00e7a dia 27 Depois de dois anos sem acontecer por causa da pandemia do coronav\u00edrus, o charmoso Festival de Viola de Piacatuba e Gastronomia est\u00e1 de volta a partir desta quarta-feira (27). Esta \u00e9 a 17\u00aa edi\u00e7\u00e3o do evento, que segue at\u00e9 o pr\u00f3ximo","canonical_url":"https:\/\/anoticiaonline.com.br\/site\/piacatuba-4\/","robots":"max-image-preview:large","keywords":"","webmasterTools":{"miscellaneous":""},"schema":{"@context":"https:\/\/schema.org","@graph":[{"@type":"BlogPosting","@id":"https:\/\/anoticiaonline.com.br\/site\/piacatuba-4\/#blogposting","name":"Piacatuba - A Not\u00edcia Online","headline":"Piacatuba","author":{"@id":"https:\/\/anoticiaonline.com.br\/site\/author\/flavio\/#author"},"publisher":{"@id":"https:\/\/anoticiaonline.com.br\/site\/#organization"},"image":{"@type":"ImageObject","url":"https:\/\/anoticiaonline.com.br\/site\/wp-content\/uploads\/2022\/07\/nc-viola-campo-220821.jpg","width":800,"height":450},"datePublished":"2022-07-26T14:18:44-03:00","dateModified":"2022-07-26T14:18:46-03:00","inLanguage":"pt-BR","mainEntityOfPage":{"@id":"https:\/\/anoticiaonline.com.br\/site\/piacatuba-4\/#webpage"},"isPartOf":{"@id":"https:\/\/anoticiaonline.com.br\/site\/piacatuba-4\/#webpage"},"articleSection":"Blog, Cultura, Eventos, Regi\u00e3o, Festival de viola de Piacatuba"},{"@type":"BreadcrumbList","@id":"https:\/\/anoticiaonline.com.br\/site\/piacatuba-4\/#breadcrumblist","itemListElement":[{"@type":"ListItem","@id":"https:\/\/anoticiaonline.com.br\/site#listItem","position":1,"name":"Home","item":"https:\/\/anoticiaonline.com.br\/site","nextItem":{"@type":"ListItem","@id":"https:\/\/anoticiaonline.com.br\/site\/categoria\/muriae\/#listItem","name":"Blog"}},{"@type":"ListItem","@id":"https:\/\/anoticiaonline.com.br\/site\/categoria\/muriae\/#listItem","position":2,"name":"Blog","item":"https:\/\/anoticiaonline.com.br\/site\/categoria\/muriae\/","nextItem":{"@type":"ListItem","@id":"https:\/\/anoticiaonline.com.br\/site\/categoria\/muriae\/cultura\/#listItem","name":"Cultura"},"previousItem":{"@type":"ListItem","@id":"https:\/\/anoticiaonline.com.br\/site#listItem","name":"Home"}},{"@type":"ListItem","@id":"https:\/\/anoticiaonline.com.br\/site\/categoria\/muriae\/cultura\/#listItem","position":3,"name":"Cultura","item":"https:\/\/anoticiaonline.com.br\/site\/categoria\/muriae\/cultura\/","nextItem":{"@type":"ListItem","@id":"https:\/\/anoticiaonline.com.br\/site\/piacatuba-4\/#listItem","name":"Piacatuba"},"previousItem":{"@type":"ListItem","@id":"https:\/\/anoticiaonline.com.br\/site\/categoria\/muriae\/#listItem","name":"Blog"}},{"@type":"ListItem","@id":"https:\/\/anoticiaonline.com.br\/site\/piacatuba-4\/#listItem","position":4,"name":"Piacatuba","previousItem":{"@type":"ListItem","@id":"https:\/\/anoticiaonline.com.br\/site\/categoria\/muriae\/cultura\/#listItem","name":"Cultura"}}]},{"@type":"Organization","@id":"https:\/\/anoticiaonline.com.br\/site\/#organization","name":"A Not\u00edcia Online","description":"Noticias de Muria\u00e9 e regi\u00e3o","url":"https:\/\/anoticiaonline.com.br\/site\/","logo":{"@type":"ImageObject","url":"https:\/\/scontent-gig4-1.xx.fbcdn.net\/v\/t39.30808-1\/270437624_4564083193639691_6907940295614233970_n.jpg?stp=dst-jpg_s200x200_tt6&_nc_cat=111&ccb=1-7&_nc_sid=f907e8&_nc_ohc=SM1wRlP3lJwQ7kNvwEPuBYA&_nc_oc=AdnqrjDN_BNjSSHWO-GbkIWH6fkGMLw4bqvL_NH6e2wMveX7G-rP2dAqsDSq1mJMOaY&_nc_zt=24&_nc_ht=scontent-gig4-1.xx&_nc_gid=AoBFJeGrT1hVaew_6rchkQ&oh=00_AfX7QmFGhQhG2jAllVgXCiM1ZrWgvtp80-Bfppyexh1QEg&oe=689E923C","@id":"https:\/\/anoticiaonline.com.br\/site\/piacatuba-4\/#organizationLogo"},"image":{"@id":"https:\/\/anoticiaonline.com.br\/site\/piacatuba-4\/#organizationLogo"}},{"@type":"Person","@id":"https:\/\/anoticiaonline.com.br\/site\/author\/flavio\/#author","url":"https:\/\/anoticiaonline.com.br\/site\/author\/flavio\/","name":"Flavio","image":{"@type":"ImageObject","@id":"https:\/\/anoticiaonline.com.br\/site\/piacatuba-4\/#authorImage","url":"https:\/\/secure.gravatar.com\/avatar\/15f468c802802b9079bce8dd6a2cfce0c97707adbc22c5062e758028c2874816?s=96&d=mm&r=g","width":96,"height":96,"caption":"Flavio"}},{"@type":"WebPage","@id":"https:\/\/anoticiaonline.com.br\/site\/piacatuba-4\/#webpage","url":"https:\/\/anoticiaonline.com.br\/site\/piacatuba-4\/","name":"Piacatuba - A Not\u00edcia Online","description":"Ap\u00f3s dois anos suspenso, Festival de Viola de Piacatuba e Gastronomia come\u00e7a dia 27 Depois de dois anos sem acontecer por causa da pandemia do coronav\u00edrus, o charmoso Festival de Viola de Piacatuba e Gastronomia est\u00e1 de volta a partir desta quarta-feira (27). Esta \u00e9 a 17\u00aa edi\u00e7\u00e3o do evento, que segue at\u00e9 o pr\u00f3ximo","inLanguage":"pt-BR","isPartOf":{"@id":"https:\/\/anoticiaonline.com.br\/site\/#website"},"breadcrumb":{"@id":"https:\/\/anoticiaonline.com.br\/site\/piacatuba-4\/#breadcrumblist"},"author":{"@id":"https:\/\/anoticiaonline.com.br\/site\/author\/flavio\/#author"},"creator":{"@id":"https:\/\/anoticiaonline.com.br\/site\/author\/flavio\/#author"},"image":{"@type":"ImageObject","url":"https:\/\/anoticiaonline.com.br\/site\/wp-content\/uploads\/2022\/07\/nc-viola-campo-220821.jpg","@id":"https:\/\/anoticiaonline.com.br\/site\/piacatuba-4\/#mainImage","width":800,"height":450},"primaryImageOfPage":{"@id":"https:\/\/anoticiaonline.com.br\/site\/piacatuba-4\/#mainImage"},"datePublished":"2022-07-26T14:18:44-03:00","dateModified":"2022-07-26T14:18:46-03:00"},{"@type":"WebSite","@id":"https:\/\/anoticiaonline.com.br\/site\/#website","url":"https:\/\/anoticiaonline.com.br\/site\/","name":"A Not\u00edcia Online","description":"Noticias de Muria\u00e9 e regi\u00e3o","inLanguage":"pt-BR","publisher":{"@id":"https:\/\/anoticiaonline.com.br\/site\/#organization"}}]},"og:locale":"pt_BR","og:site_name":"A Not\u00edcia Online - Noticias de Muria\u00e9 e regi\u00e3o","og:type":"article","og:title":"Piacatuba - A Not\u00edcia Online","og:description":"Ap\u00f3s dois anos suspenso, Festival de Viola de Piacatuba e Gastronomia come\u00e7a dia 27 Depois de dois anos sem acontecer por causa da pandemia do coronav\u00edrus, o charmoso Festival de Viola de Piacatuba e Gastronomia est\u00e1 de volta a partir desta quarta-feira (27). Esta \u00e9 a 17\u00aa edi\u00e7\u00e3o do evento, que segue at\u00e9 o pr\u00f3ximo","og:url":"https:\/\/anoticiaonline.com.br\/site\/piacatuba-4\/","og:image":"https:\/\/scontent-gig4-1.xx.fbcdn.net\/v\/t39.30808-1\/270437624_4564083193639691_6907940295614233970_n.jpg?stp=dst-jpg_s200x200_tt6&#038;_nc_cat=111&#038;ccb=1-7&#038;_nc_sid=f907e8&#038;_nc_ohc=SM1wRlP3lJwQ7kNvwEPuBYA&#038;_nc_oc=AdnqrjDN_BNjSSHWO-GbkIWH6fkGMLw4bqvL_NH6e2wMveX7G-rP2dAqsDSq1mJMOaY&#038;_nc_zt=24&#038;_nc_ht=scontent-gig4-1.xx&#038;_nc_gid=AoBFJeGrT1hVaew_6rchkQ&#038;oh=00_AfX7QmFGhQhG2jAllVgXCiM1ZrWgvtp80-Bfppyexh1QEg&#038;oe=689E923C","og:image:secure_url":"https:\/\/scontent-gig4-1.xx.fbcdn.net\/v\/t39.30808-1\/270437624_4564083193639691_6907940295614233970_n.jpg?stp=dst-jpg_s200x200_tt6&#038;_nc_cat=111&#038;ccb=1-7&#038;_nc_sid=f907e8&#038;_nc_ohc=SM1wRlP3lJwQ7kNvwEPuBYA&#038;_nc_oc=AdnqrjDN_BNjSSHWO-GbkIWH6fkGMLw4bqvL_NH6e2wMveX7G-rP2dAqsDSq1mJMOaY&#038;_nc_zt=24&#038;_nc_ht=scontent-gig4-1.xx&#038;_nc_gid=AoBFJeGrT1hVaew_6rchkQ&#038;oh=00_AfX7QmFGhQhG2jAllVgXCiM1ZrWgvtp80-Bfppyexh1QEg&#038;oe=689E923C","article:published_time":"2022-07-26T17:18:44+00:00","article:modified_time":"2022-07-26T17:18:46+00:00","twitter:card":"summary_large_image","twitter:title":"Piacatuba - A Not\u00edcia Online","twitter:description":"Ap\u00f3s dois anos suspenso, Festival de Viola de Piacatuba e Gastronomia come\u00e7a dia 27 Depois de dois anos sem acontecer por causa da pandemia do coronav\u00edrus, o charmoso Festival de Viola de Piacatuba e Gastronomia est\u00e1 de volta a partir desta quarta-feira (27). Esta \u00e9 a 17\u00aa edi\u00e7\u00e3o do evento, que segue at\u00e9 o pr\u00f3ximo","twitter:image":"https:\/\/scontent-gig4-1.xx.fbcdn.net\/v\/t39.30808-1\/270437624_4564083193639691_6907940295614233970_n.jpg?stp=dst-jpg_s200x200_tt6&_nc_cat=111&ccb=1-7&_nc_sid=f907e8&_nc_ohc=SM1wRlP3lJwQ7kNvwEPuBYA&_nc_oc=AdnqrjDN_BNjSSHWO-GbkIWH6fkGMLw4bqvL_NH6e2wMveX7G-rP2dAqsDSq1mJMOaY&_nc_zt=24&_nc_ht=scontent-gig4-1.xx&_nc_gid=AoBFJeGrT1hVaew_6rchkQ&oh=00_AfX7QmFGhQhG2jAllVgXCiM1ZrWgvtp80-Bfppyexh1QEg&oe=689E923C"},"aioseo_meta_data":{"post_id":"101075","title":null,"description":null,"keywords":null,"keyphrases":null,"primary_term":null,"canonical_url":null,"og_title":null,"og_description":null,"og_object_type":"default","og_image_type":"default","og_image_url":null,"og_image_width":null,"og_image_height":null,"og_image_custom_url":null,"og_image_custom_fields":null,"og_video":null,"og_custom_url":null,"og_article_section":null,"og_article_tags":null,"twitter_use_og":false,"twitter_card":"default","twitter_image_type":"default","twitter_image_url":null,"twitter_image_custom_url":null,"twitter_image_custom_fields":null,"twitter_title":null,"twitter_description":null,"schema":{"blockGraphs":[],"customGraphs":[],"default":{"data":{"Article":[],"Course":[],"Dataset":[],"FAQPage":[],"Movie":[],"Person":[],"Product":[],"ProductReview":[],"Car":[],"Recipe":[],"Service":[],"SoftwareApplication":[],"WebPage":[]},"graphName":"","isEnabled":true},"graphs":[]},"schema_type":"default","schema_type_options":null,"pillar_content":false,"robots_default":true,"robots_noindex":false,"robots_noarchive":false,"robots_nosnippet":false,"robots_nofollow":false,"robots_noimageindex":false,"robots_noodp":false,"robots_notranslate":false,"robots_max_snippet":null,"robots_max_videopreview":null,"robots_max_imagepreview":"large","priority":null,"frequency":null,"local_seo":null,"breadcrumb_settings":null,"limit_modified_date":false,"ai":null,"created":"2025-08-17 06:29:38","updated":"2025-08-17 06:29:38","focus_keyword":null,"additional_keywords":null,"truseo_locale":null,"seo_analyzer_scan_date":null},"aioseo_breadcrumb":"<div class=\"aioseo-breadcrumbs\"><span class=\"aioseo-breadcrumb\">\n\t\t\t<a href=\"https:\/\/anoticiaonline.com.br\/site\" title=\"Home\">Home<\/a>\n\t\t<\/span><span class=\"aioseo-breadcrumb-separator\">&raquo;<\/span><span class=\"aioseo-breadcrumb\">\n\t\t\t<a href=\"https:\/\/anoticiaonline.com.br\/site\/categoria\/muriae\/\" title=\"Blog\">Blog<\/a>\n\t\t<\/span><span class=\"aioseo-breadcrumb-separator\">&raquo;<\/span><span class=\"aioseo-breadcrumb\">\n\t\t\t<a href=\"https:\/\/anoticiaonline.com.br\/site\/categoria\/muriae\/cultura\/\" title=\"Cultura\">Cultura<\/a>\n\t\t<\/span><span class=\"aioseo-breadcrumb-separator\">&raquo;<\/span><span class=\"aioseo-breadcrumb\">\n\t\t\tPiacatuba\n\t\t<\/span><\/div>","aioseo_breadcrumb_json":[{"label":"Home","link":"https:\/\/anoticiaonline.com.br\/site"},{"label":"Blog","link":"https:\/\/anoticiaonline.com.br\/site\/categoria\/muriae\/"},{"label":"Cultura","link":"https:\/\/anoticiaonline.com.br\/site\/categoria\/muriae\/cultura\/"},{"label":"Piacatuba","link":"https:\/\/anoticiaonline.com.br\/site\/piacatuba-4\/"}],"views":155,"_links":{"self":[{"href":"https:\/\/anoticiaonline.com.br\/site\/wp-json\/wp\/v2\/posts\/101075","targetHints":{"allow":["GET"]}}],"collection":[{"href":"https:\/\/anoticiaonline.com.br\/site\/wp-json\/wp\/v2\/posts"}],"about":[{"href":"https:\/\/anoticiaonline.com.br\/site\/wp-json\/wp\/v2\/types\/post"}],"author":[{"embeddable":true,"href":"https:\/\/anoticiaonline.com.br\/site\/wp-json\/wp\/v2\/users\/11"}],"replies":[{"embeddable":true,"href":"https:\/\/anoticiaonline.com.br\/site\/wp-json\/wp\/v2\/comments?post=101075"}],"version-history":[{"count":0,"href":"https:\/\/anoticiaonline.com.br\/site\/wp-json\/wp\/v2\/posts\/101075\/revisions"}],"wp:featuredmedia":[{"embeddable":true,"href":"https:\/\/anoticiaonline.com.br\/site\/wp-json\/wp\/v2\/media\/101076"}],"wp:attachment":[{"href":"https:\/\/anoticiaonline.com.br\/site\/wp-json\/wp\/v2\/media?parent=101075"}],"wp:term":[{"taxonomy":"category","embeddable":true,"href":"https:\/\/anoticiaonline.com.br\/site\/wp-json\/wp\/v2\/categories?post=101075"},{"taxonomy":"post_tag","embeddable":true,"href":"https:\/\/anoticiaonline.com.br\/site\/wp-json\/wp\/v2\/tags?post=101075"}],"curies":[{"name":"wp","href":"https:\/\/api.w.org\/{rel}","templated":true}]}}