{"id":101063,"date":"2022-07-25T17:26:42","date_gmt":"2022-07-25T20:26:42","guid":{"rendered":"http:\/\/anoticiaonline.com.br\/site\/?p=101063"},"modified":"2022-07-25T17:26:45","modified_gmt":"2022-07-25T20:26:45","slug":"estacao-historica-de-barao-do-monte-alto-e-parcialmente-destruida-por-incendio","status":"publish","type":"post","link":"https:\/\/anoticiaonline.com.br\/site\/estacao-historica-de-barao-do-monte-alto-e-parcialmente-destruida-por-incendio\/","title":{"rendered":"Esta\u00e7\u00e3o hist\u00f3rica de Bar\u00e3o do Monte Alto \u00e9 parcialmente destru\u00edda por inc\u00eandio"},"content":{"rendered":"\n<figure class=\"wp-block-image size-large\"><a href=\"https:\/\/anoticiaonline.com.br\/site\/wp-content\/uploads\/2022\/07\/03-15.jpg\"><img fetchpriority=\"high\" decoding=\"async\" width=\"800\" height=\"533\" src=\"https:\/\/anoticiaonline.com.br\/site\/wp-content\/uploads\/2022\/07\/03-15.jpg\" alt=\"\" class=\"wp-image-101064\" srcset=\"https:\/\/anoticiaonline.com.br\/site\/wp-content\/uploads\/2022\/07\/03-15.jpg 800w, https:\/\/anoticiaonline.com.br\/site\/wp-content\/uploads\/2022\/07\/03-15-300x200.jpg 300w, https:\/\/anoticiaonline.com.br\/site\/wp-content\/uploads\/2022\/07\/03-15-768x512.jpg 768w\" sizes=\"(max-width: 800px) 100vw, 800px\" \/><\/a><figcaption>Foto: R\u00e1dio Muria\u00e9<\/figcaption><\/figure>\n\n\n\n<p class=\"wp-block-paragraph\">A antiga esta\u00e7\u00e3o de trens de Bar\u00e3o do Monte Alto, cidade a 38 km de Muria\u00e9, ficou parcialmente destru\u00edda ap\u00f3s ser atingida por um inc\u00eandio na madrugada de segunda-feira (25). O pr\u00e9dio hist\u00f3rico tem mais de cem anos e, atualmente, abriga alguns setores da prefeitura e a biblioteca municipal.<\/p>\n\n\n\n<!--more-->\n\n\n\n<p class=\"wp-block-paragraph\">O local tem parte da estrutura em madeira, e, de acordo com informa\u00e7\u00f5es de moradores da cidade, o estrago s\u00f3 n\u00e3o foi maior, porque volunt\u00e1rios, combateram as chamas usando mangueiras comuns, at\u00e9 que os Bombeiros de Muria\u00e9 assumissem a ocorr\u00eancia. Ainda de acordo com a popula\u00e7\u00e3o, a suspeita \u00e9 que o inc\u00eandio possa ter come\u00e7ado ap\u00f3s algumas pessoas colocarem fogo em monte de lixo, nas proximidades da esta\u00e7\u00e3o.<\/p>\n\n\n\n<p class=\"wp-block-paragraph\">Segundo as autoridades locais, ningu\u00e9m ficou ferido e a ala mais afetada do pr\u00e9dio \u00e9 onde funcionava a Secretaria Municipal de Sa\u00fade. &nbsp;A Defesa Civil de Bar\u00e3o do Monte Alto far\u00e1 uma an\u00e1lise do espa\u00e7o para avaliar as condi\u00e7\u00f5es do im\u00f3vel e uma poss\u00edvel interdi\u00e7\u00e3o.<\/p>\n\n\n\n<p class=\"wp-block-paragraph\">A Esta\u00e7\u00e3o Ferrovi\u00e1ria de Bar\u00e3o do Monte Alto \u00e9 considerada uma das mais antigas da regi\u00e3o. \u00a0<\/p>\n\n\n\n<figure class=\"wp-block-gallery columns-3 is-cropped wp-block-gallery-1 is-layout-flex wp-block-gallery-is-layout-flex\"><ul class=\"blocks-gallery-grid\"><li class=\"blocks-gallery-item\"><figure><a href=\"https:\/\/anoticiaonline.com.br\/site\/wp-content\/uploads\/2022\/07\/01-26.jpg\"><img decoding=\"async\" width=\"750\" height=\"500\" src=\"https:\/\/anoticiaonline.com.br\/site\/wp-content\/uploads\/2022\/07\/01-26.jpg\" alt=\"\" data-id=\"101065\" data-full-url=\"https:\/\/anoticiaonline.com.br\/site\/wp-content\/uploads\/2022\/07\/01-26.jpg\" data-link=\"https:\/\/anoticiaonline.com.br\/site\/?attachment_id=101065\" class=\"wp-image-101065\" srcset=\"https:\/\/anoticiaonline.com.br\/site\/wp-content\/uploads\/2022\/07\/01-26.jpg 750w, https:\/\/anoticiaonline.com.br\/site\/wp-content\/uploads\/2022\/07\/01-26-300x200.jpg 300w\" sizes=\"(max-width: 750px) 100vw, 750px\" \/><\/a><\/figure><\/li><li class=\"blocks-gallery-item\"><figure><a href=\"https:\/\/anoticiaonline.com.br\/site\/wp-content\/uploads\/2022\/07\/02-18.jpg\"><img decoding=\"async\" width=\"750\" height=\"500\" src=\"https:\/\/anoticiaonline.com.br\/site\/wp-content\/uploads\/2022\/07\/02-18.jpg\" alt=\"\" data-id=\"101066\" data-full-url=\"https:\/\/anoticiaonline.com.br\/site\/wp-content\/uploads\/2022\/07\/02-18.jpg\" data-link=\"https:\/\/anoticiaonline.com.br\/site\/?attachment_id=101066\" class=\"wp-image-101066\" srcset=\"https:\/\/anoticiaonline.com.br\/site\/wp-content\/uploads\/2022\/07\/02-18.jpg 750w, https:\/\/anoticiaonline.com.br\/site\/wp-content\/uploads\/2022\/07\/02-18-300x200.jpg 300w\" sizes=\"(max-width: 750px) 100vw, 750px\" \/><\/a><\/figure><\/li><li class=\"blocks-gallery-item\"><figure><a href=\"https:\/\/anoticiaonline.com.br\/site\/wp-content\/uploads\/2022\/07\/03-15-1.jpg\"><img loading=\"lazy\" decoding=\"async\" width=\"800\" height=\"533\" src=\"https:\/\/anoticiaonline.com.br\/site\/wp-content\/uploads\/2022\/07\/03-15-1.jpg\" alt=\"\" data-id=\"101067\" data-full-url=\"https:\/\/anoticiaonline.com.br\/site\/wp-content\/uploads\/2022\/07\/03-15-1.jpg\" data-link=\"https:\/\/anoticiaonline.com.br\/site\/?attachment_id=101067\" class=\"wp-image-101067\" srcset=\"https:\/\/anoticiaonline.com.br\/site\/wp-content\/uploads\/2022\/07\/03-15-1.jpg 800w, https:\/\/anoticiaonline.com.br\/site\/wp-content\/uploads\/2022\/07\/03-15-1-300x200.jpg 300w, https:\/\/anoticiaonline.com.br\/site\/wp-content\/uploads\/2022\/07\/03-15-1-768x512.jpg 768w\" sizes=\"(max-width: 800px) 100vw, 800px\" \/><\/a><\/figure><\/li><li class=\"blocks-gallery-item\"><figure><a href=\"https:\/\/anoticiaonline.com.br\/site\/wp-content\/uploads\/2022\/07\/04-14.jpg\"><img loading=\"lazy\" decoding=\"async\" width=\"750\" height=\"500\" src=\"https:\/\/anoticiaonline.com.br\/site\/wp-content\/uploads\/2022\/07\/04-14.jpg\" alt=\"\" data-id=\"101068\" data-full-url=\"https:\/\/anoticiaonline.com.br\/site\/wp-content\/uploads\/2022\/07\/04-14.jpg\" data-link=\"https:\/\/anoticiaonline.com.br\/site\/?attachment_id=101068\" class=\"wp-image-101068\" srcset=\"https:\/\/anoticiaonline.com.br\/site\/wp-content\/uploads\/2022\/07\/04-14.jpg 750w, https:\/\/anoticiaonline.com.br\/site\/wp-content\/uploads\/2022\/07\/04-14-300x200.jpg 300w\" sizes=\"(max-width: 750px) 100vw, 750px\" \/><\/a><\/figure><\/li><li class=\"blocks-gallery-item\"><figure><a href=\"https:\/\/anoticiaonline.com.br\/site\/wp-content\/uploads\/2022\/07\/05-15.jpg\"><img loading=\"lazy\" decoding=\"async\" width=\"750\" height=\"500\" src=\"https:\/\/anoticiaonline.com.br\/site\/wp-content\/uploads\/2022\/07\/05-15.jpg\" alt=\"\" data-id=\"101069\" data-full-url=\"https:\/\/anoticiaonline.com.br\/site\/wp-content\/uploads\/2022\/07\/05-15.jpg\" data-link=\"https:\/\/anoticiaonline.com.br\/site\/?attachment_id=101069\" class=\"wp-image-101069\" srcset=\"https:\/\/anoticiaonline.com.br\/site\/wp-content\/uploads\/2022\/07\/05-15.jpg 750w, https:\/\/anoticiaonline.com.br\/site\/wp-content\/uploads\/2022\/07\/05-15-300x200.jpg 300w\" sizes=\"(max-width: 750px) 100vw, 750px\" \/><\/a><\/figure><\/li><li class=\"blocks-gallery-item\"><figure><a href=\"https:\/\/anoticiaonline.com.br\/site\/wp-content\/uploads\/2022\/07\/06-13.jpg\"><img loading=\"lazy\" decoding=\"async\" width=\"750\" height=\"500\" src=\"https:\/\/anoticiaonline.com.br\/site\/wp-content\/uploads\/2022\/07\/06-13.jpg\" alt=\"\" data-id=\"101070\" data-full-url=\"https:\/\/anoticiaonline.com.br\/site\/wp-content\/uploads\/2022\/07\/06-13.jpg\" data-link=\"https:\/\/anoticiaonline.com.br\/site\/?attachment_id=101070\" class=\"wp-image-101070\" srcset=\"https:\/\/anoticiaonline.com.br\/site\/wp-content\/uploads\/2022\/07\/06-13.jpg 750w, https:\/\/anoticiaonline.com.br\/site\/wp-content\/uploads\/2022\/07\/06-13-300x200.jpg 300w\" sizes=\"(max-width: 750px) 100vw, 750px\" \/><\/a><\/figure><\/li><li class=\"blocks-gallery-item\"><figure><a href=\"https:\/\/anoticiaonline.com.br\/site\/wp-content\/uploads\/2022\/07\/07-13.jpg\"><img loading=\"lazy\" decoding=\"async\" width=\"750\" height=\"500\" src=\"https:\/\/anoticiaonline.com.br\/site\/wp-content\/uploads\/2022\/07\/07-13.jpg\" alt=\"\" data-id=\"101071\" data-full-url=\"https:\/\/anoticiaonline.com.br\/site\/wp-content\/uploads\/2022\/07\/07-13.jpg\" data-link=\"https:\/\/anoticiaonline.com.br\/site\/?attachment_id=101071\" class=\"wp-image-101071\" srcset=\"https:\/\/anoticiaonline.com.br\/site\/wp-content\/uploads\/2022\/07\/07-13.jpg 750w, https:\/\/anoticiaonline.com.br\/site\/wp-content\/uploads\/2022\/07\/07-13-300x200.jpg 300w\" sizes=\"(max-width: 750px) 100vw, 750px\" \/><\/a><\/figure><\/li><li class=\"blocks-gallery-item\"><figure><a href=\"https:\/\/anoticiaonline.com.br\/site\/wp-content\/uploads\/2022\/07\/08-11.jpg\"><img loading=\"lazy\" decoding=\"async\" width=\"750\" height=\"500\" src=\"https:\/\/anoticiaonline.com.br\/site\/wp-content\/uploads\/2022\/07\/08-11.jpg\" alt=\"\" data-id=\"101072\" data-full-url=\"https:\/\/anoticiaonline.com.br\/site\/wp-content\/uploads\/2022\/07\/08-11.jpg\" data-link=\"https:\/\/anoticiaonline.com.br\/site\/?attachment_id=101072\" class=\"wp-image-101072\" srcset=\"https:\/\/anoticiaonline.com.br\/site\/wp-content\/uploads\/2022\/07\/08-11.jpg 750w, https:\/\/anoticiaonline.com.br\/site\/wp-content\/uploads\/2022\/07\/08-11-300x200.jpg 300w\" sizes=\"(max-width: 750px) 100vw, 750px\" \/><\/a><\/figure><\/li><\/ul><figcaption class=\"blocks-gallery-caption\">Fotos: R\u00e1dio Muria\u00e9<\/figcaption><\/figure>\n\n\n\n<p class=\"wp-block-paragraph\"><\/p>\n","protected":false},"excerpt":{"rendered":"<p>A antiga esta\u00e7\u00e3o de trens de Bar\u00e3o do Monte Alto, cidade a 38 km de Muria\u00e9, ficou parcialmente destru\u00edda ap\u00f3s ser atingida por um inc\u00eandio na madrugada de segunda-feira (25). O pr\u00e9dio hist\u00f3rico tem mais de cem anos e, atualmente, abriga alguns setores da prefeitura e a biblioteca municipal.<\/p>\n","protected":false},"author":11,"featured_media":101073,"comment_status":"open","ping_status":"open","sticky":false,"template":"","format":"standard","meta":{"_acf_changed":false,"_monsterinsights_skip_tracking":false,"footnotes":""},"categories":[30,2892,6],"tags":[7383],"class_list":["post-101063","post","type-post","status-publish","format-standard","has-post-thumbnail","hentry","category-muriae","category-policia","category-regiao","tag-estacao-historica-de-barao-do-monte-alto-e-parcialmente-destruida-por-incendio"],"acf":[],"aioseo_notices":[],"aioseo_head":"\n\t\t<!-- All in One SEO 5.0.0.1 - aioseo.com -->\n\t<meta name=\"description\" content=\"A antiga esta\u00e7\u00e3o de trens de Bar\u00e3o do Monte Alto, cidade a 38 km de Muria\u00e9, ficou parcialmente destru\u00edda ap\u00f3s ser atingida por um inc\u00eandio na madrugada de segunda-feira (25). O pr\u00e9dio hist\u00f3rico tem mais de cem anos e, atualmente, abriga alguns setores da prefeitura e a biblioteca municipal. O local tem parte da estrutura\" \/>\n\t<meta name=\"robots\" content=\"max-image-preview:large\" \/>\n\t<meta name=\"author\" content=\"Flavio\"\/>\n\t<link rel=\"canonical\" href=\"https:\/\/anoticiaonline.com.br\/site\/estacao-historica-de-barao-do-monte-alto-e-parcialmente-destruida-por-incendio\/\" \/>\n\t<meta name=\"generator\" content=\"All in One SEO (AIOSEO) 5.0.0.1\" \/>\n\t\t<meta property=\"og:locale\" content=\"pt_BR\" \/>\n\t\t<meta property=\"og:site_name\" content=\"A Not\u00edcia Online - Noticias de Muria\u00e9 e regi\u00e3o\" \/>\n\t\t<meta property=\"og:type\" content=\"article\" \/>\n\t\t<meta property=\"og:title\" content=\"Esta\u00e7\u00e3o hist\u00f3rica de Bar\u00e3o do Monte Alto \u00e9 parcialmente destru\u00edda por inc\u00eandio - A Not\u00edcia Online\" \/>\n\t\t<meta property=\"og:description\" content=\"A antiga esta\u00e7\u00e3o de trens de Bar\u00e3o do Monte Alto, cidade a 38 km de Muria\u00e9, ficou parcialmente destru\u00edda ap\u00f3s ser atingida por um inc\u00eandio na madrugada de segunda-feira (25). O pr\u00e9dio hist\u00f3rico tem mais de cem anos e, atualmente, abriga alguns setores da prefeitura e a biblioteca municipal. O local tem parte da estrutura\" \/>\n\t\t<meta property=\"og:url\" content=\"https:\/\/anoticiaonline.com.br\/site\/estacao-historica-de-barao-do-monte-alto-e-parcialmente-destruida-por-incendio\/\" \/>\n\t\t<meta property=\"og:image\" content=\"https:\/\/scontent-gig4-1.xx.fbcdn.net\/v\/t39.30808-1\/270437624_4564083193639691_6907940295614233970_n.jpg?stp=dst-jpg_s200x200_tt6&#038;_nc_cat=111&#038;ccb=1-7&#038;_nc_sid=f907e8&#038;_nc_ohc=SM1wRlP3lJwQ7kNvwEPuBYA&#038;_nc_oc=AdnqrjDN_BNjSSHWO-GbkIWH6fkGMLw4bqvL_NH6e2wMveX7G-rP2dAqsDSq1mJMOaY&#038;_nc_zt=24&#038;_nc_ht=scontent-gig4-1.xx&#038;_nc_gid=AoBFJeGrT1hVaew_6rchkQ&#038;oh=00_AfX7QmFGhQhG2jAllVgXCiM1ZrWgvtp80-Bfppyexh1QEg&#038;oe=689E923C\" \/>\n\t\t<meta property=\"og:image:secure_url\" content=\"https:\/\/scontent-gig4-1.xx.fbcdn.net\/v\/t39.30808-1\/270437624_4564083193639691_6907940295614233970_n.jpg?stp=dst-jpg_s200x200_tt6&#038;_nc_cat=111&#038;ccb=1-7&#038;_nc_sid=f907e8&#038;_nc_ohc=SM1wRlP3lJwQ7kNvwEPuBYA&#038;_nc_oc=AdnqrjDN_BNjSSHWO-GbkIWH6fkGMLw4bqvL_NH6e2wMveX7G-rP2dAqsDSq1mJMOaY&#038;_nc_zt=24&#038;_nc_ht=scontent-gig4-1.xx&#038;_nc_gid=AoBFJeGrT1hVaew_6rchkQ&#038;oh=00_AfX7QmFGhQhG2jAllVgXCiM1ZrWgvtp80-Bfppyexh1QEg&#038;oe=689E923C\" \/>\n\t\t<meta property=\"article:published_time\" content=\"2022-07-25T20:26:42+00:00\" \/>\n\t\t<meta property=\"article:modified_time\" content=\"2022-07-25T20:26:45+00:00\" \/>\n\t\t<meta name=\"twitter:card\" content=\"summary_large_image\" \/>\n\t\t<meta name=\"twitter:title\" content=\"Esta\u00e7\u00e3o hist\u00f3rica de Bar\u00e3o do Monte Alto \u00e9 parcialmente destru\u00edda por inc\u00eandio - A Not\u00edcia Online\" \/>\n\t\t<meta name=\"twitter:description\" content=\"A antiga esta\u00e7\u00e3o de trens de Bar\u00e3o do Monte Alto, cidade a 38 km de Muria\u00e9, ficou parcialmente destru\u00edda ap\u00f3s ser atingida por um inc\u00eandio na madrugada de segunda-feira (25). O pr\u00e9dio hist\u00f3rico tem mais de cem anos e, atualmente, abriga alguns setores da prefeitura e a biblioteca municipal. O local tem parte da estrutura\" \/>\n\t\t<meta name=\"twitter:image\" content=\"https:\/\/scontent-gig4-1.xx.fbcdn.net\/v\/t39.30808-1\/270437624_4564083193639691_6907940295614233970_n.jpg?stp=dst-jpg_s200x200_tt6&amp;_nc_cat=111&amp;ccb=1-7&amp;_nc_sid=f907e8&amp;_nc_ohc=SM1wRlP3lJwQ7kNvwEPuBYA&amp;_nc_oc=AdnqrjDN_BNjSSHWO-GbkIWH6fkGMLw4bqvL_NH6e2wMveX7G-rP2dAqsDSq1mJMOaY&amp;_nc_zt=24&amp;_nc_ht=scontent-gig4-1.xx&amp;_nc_gid=AoBFJeGrT1hVaew_6rchkQ&amp;oh=00_AfX7QmFGhQhG2jAllVgXCiM1ZrWgvtp80-Bfppyexh1QEg&amp;oe=689E923C\" \/>\n\t\t<script type=\"application\/ld+json\" class=\"aioseo-schema\">\n\t\t\t{\"@context\":\"https:\\\/\\\/schema.org\",\"@graph\":[{\"@type\":\"BlogPosting\",\"@id\":\"https:\\\/\\\/anoticiaonline.com.br\\\/site\\\/estacao-historica-de-barao-do-monte-alto-e-parcialmente-destruida-por-incendio\\\/#blogposting\",\"name\":\"Esta\\u00e7\\u00e3o hist\\u00f3rica de Bar\\u00e3o do Monte Alto \\u00e9 parcialmente destru\\u00edda por inc\\u00eandio - A Not\\u00edcia Online\",\"headline\":\"Esta\\u00e7\\u00e3o hist\\u00f3rica de Bar\\u00e3o do Monte Alto \\u00e9 parcialmente destru\\u00edda por inc\\u00eandio\",\"author\":{\"@id\":\"https:\\\/\\\/anoticiaonline.com.br\\\/site\\\/author\\\/flavio\\\/#author\"},\"publisher\":{\"@id\":\"https:\\\/\\\/anoticiaonline.com.br\\\/site\\\/#organization\"},\"image\":{\"@type\":\"ImageObject\",\"url\":\"https:\\\/\\\/anoticiaonline.com.br\\\/site\\\/wp-content\\\/uploads\\\/2022\\\/07\\\/0001Slide.jpg\",\"width\":1000,\"height\":350},\"datePublished\":\"2022-07-25T17:26:42-03:00\",\"dateModified\":\"2022-07-25T17:26:45-03:00\",\"inLanguage\":\"pt-BR\",\"mainEntityOfPage\":{\"@id\":\"https:\\\/\\\/anoticiaonline.com.br\\\/site\\\/estacao-historica-de-barao-do-monte-alto-e-parcialmente-destruida-por-incendio\\\/#webpage\"},\"isPartOf\":{\"@id\":\"https:\\\/\\\/anoticiaonline.com.br\\\/site\\\/estacao-historica-de-barao-do-monte-alto-e-parcialmente-destruida-por-incendio\\\/#webpage\"},\"articleSection\":\"Blog, Pol\\u00edcia, Regi\\u00e3o, Esta\\u00e7\\u00e3o hist\\u00f3rica de Bar\\u00e3o do Monte Alto \\u00e9 parcialmente destru\\u00edda por inc\\u00eandio\"},{\"@type\":\"BreadcrumbList\",\"@id\":\"https:\\\/\\\/anoticiaonline.com.br\\\/site\\\/estacao-historica-de-barao-do-monte-alto-e-parcialmente-destruida-por-incendio\\\/#breadcrumblist\",\"itemListElement\":[{\"@type\":\"ListItem\",\"@id\":\"https:\\\/\\\/anoticiaonline.com.br\\\/site#listItem\",\"position\":1,\"name\":\"Home\",\"item\":\"https:\\\/\\\/anoticiaonline.com.br\\\/site\",\"nextItem\":{\"@type\":\"ListItem\",\"@id\":\"https:\\\/\\\/anoticiaonline.com.br\\\/site\\\/categoria\\\/muriae\\\/#listItem\",\"name\":\"Blog\"}},{\"@type\":\"ListItem\",\"@id\":\"https:\\\/\\\/anoticiaonline.com.br\\\/site\\\/categoria\\\/muriae\\\/#listItem\",\"position\":2,\"name\":\"Blog\",\"item\":\"https:\\\/\\\/anoticiaonline.com.br\\\/site\\\/categoria\\\/muriae\\\/\",\"nextItem\":{\"@type\":\"ListItem\",\"@id\":\"https:\\\/\\\/anoticiaonline.com.br\\\/site\\\/categoria\\\/muriae\\\/policia\\\/#listItem\",\"name\":\"Pol\\u00edcia\"},\"previousItem\":{\"@type\":\"ListItem\",\"@id\":\"https:\\\/\\\/anoticiaonline.com.br\\\/site#listItem\",\"name\":\"Home\"}},{\"@type\":\"ListItem\",\"@id\":\"https:\\\/\\\/anoticiaonline.com.br\\\/site\\\/categoria\\\/muriae\\\/policia\\\/#listItem\",\"position\":3,\"name\":\"Pol\\u00edcia\",\"item\":\"https:\\\/\\\/anoticiaonline.com.br\\\/site\\\/categoria\\\/muriae\\\/policia\\\/\",\"nextItem\":{\"@type\":\"ListItem\",\"@id\":\"https:\\\/\\\/anoticiaonline.com.br\\\/site\\\/estacao-historica-de-barao-do-monte-alto-e-parcialmente-destruida-por-incendio\\\/#listItem\",\"name\":\"Esta\\u00e7\\u00e3o hist\\u00f3rica de Bar\\u00e3o do Monte Alto \\u00e9 parcialmente destru\\u00edda por inc\\u00eandio\"},\"previousItem\":{\"@type\":\"ListItem\",\"@id\":\"https:\\\/\\\/anoticiaonline.com.br\\\/site\\\/categoria\\\/muriae\\\/#listItem\",\"name\":\"Blog\"}},{\"@type\":\"ListItem\",\"@id\":\"https:\\\/\\\/anoticiaonline.com.br\\\/site\\\/estacao-historica-de-barao-do-monte-alto-e-parcialmente-destruida-por-incendio\\\/#listItem\",\"position\":4,\"name\":\"Esta\\u00e7\\u00e3o hist\\u00f3rica de Bar\\u00e3o do Monte Alto \\u00e9 parcialmente destru\\u00edda por inc\\u00eandio\",\"previousItem\":{\"@type\":\"ListItem\",\"@id\":\"https:\\\/\\\/anoticiaonline.com.br\\\/site\\\/categoria\\\/muriae\\\/policia\\\/#listItem\",\"name\":\"Pol\\u00edcia\"}}]},{\"@type\":\"Organization\",\"@id\":\"https:\\\/\\\/anoticiaonline.com.br\\\/site\\\/#organization\",\"name\":\"A Not\\u00edcia Online\",\"description\":\"Noticias de Muria\\u00e9 e regi\\u00e3o\",\"url\":\"https:\\\/\\\/anoticiaonline.com.br\\\/site\\\/\",\"logo\":{\"@type\":\"ImageObject\",\"url\":\"https:\\\/\\\/scontent-gig4-1.xx.fbcdn.net\\\/v\\\/t39.30808-1\\\/270437624_4564083193639691_6907940295614233970_n.jpg?stp=dst-jpg_s200x200_tt6&_nc_cat=111&ccb=1-7&_nc_sid=f907e8&_nc_ohc=SM1wRlP3lJwQ7kNvwEPuBYA&_nc_oc=AdnqrjDN_BNjSSHWO-GbkIWH6fkGMLw4bqvL_NH6e2wMveX7G-rP2dAqsDSq1mJMOaY&_nc_zt=24&_nc_ht=scontent-gig4-1.xx&_nc_gid=AoBFJeGrT1hVaew_6rchkQ&oh=00_AfX7QmFGhQhG2jAllVgXCiM1ZrWgvtp80-Bfppyexh1QEg&oe=689E923C\",\"@id\":\"https:\\\/\\\/anoticiaonline.com.br\\\/site\\\/estacao-historica-de-barao-do-monte-alto-e-parcialmente-destruida-por-incendio\\\/#organizationLogo\"},\"image\":{\"@id\":\"https:\\\/\\\/anoticiaonline.com.br\\\/site\\\/estacao-historica-de-barao-do-monte-alto-e-parcialmente-destruida-por-incendio\\\/#organizationLogo\"}},{\"@type\":\"Person\",\"@id\":\"https:\\\/\\\/anoticiaonline.com.br\\\/site\\\/author\\\/flavio\\\/#author\",\"url\":\"https:\\\/\\\/anoticiaonline.com.br\\\/site\\\/author\\\/flavio\\\/\",\"name\":\"Flavio\",\"image\":{\"@type\":\"ImageObject\",\"@id\":\"https:\\\/\\\/anoticiaonline.com.br\\\/site\\\/estacao-historica-de-barao-do-monte-alto-e-parcialmente-destruida-por-incendio\\\/#authorImage\",\"url\":\"https:\\\/\\\/secure.gravatar.com\\\/avatar\\\/15f468c802802b9079bce8dd6a2cfce0c97707adbc22c5062e758028c2874816?s=96&d=mm&r=g\",\"width\":96,\"height\":96,\"caption\":\"Flavio\"}},{\"@type\":\"WebPage\",\"@id\":\"https:\\\/\\\/anoticiaonline.com.br\\\/site\\\/estacao-historica-de-barao-do-monte-alto-e-parcialmente-destruida-por-incendio\\\/#webpage\",\"url\":\"https:\\\/\\\/anoticiaonline.com.br\\\/site\\\/estacao-historica-de-barao-do-monte-alto-e-parcialmente-destruida-por-incendio\\\/\",\"name\":\"Esta\\u00e7\\u00e3o hist\\u00f3rica de Bar\\u00e3o do Monte Alto \\u00e9 parcialmente destru\\u00edda por inc\\u00eandio - A Not\\u00edcia Online\",\"description\":\"A antiga esta\\u00e7\\u00e3o de trens de Bar\\u00e3o do Monte Alto, cidade a 38 km de Muria\\u00e9, ficou parcialmente destru\\u00edda ap\\u00f3s ser atingida por um inc\\u00eandio na madrugada de segunda-feira (25). O pr\\u00e9dio hist\\u00f3rico tem mais de cem anos e, atualmente, abriga alguns setores da prefeitura e a biblioteca municipal. O local tem parte da estrutura\",\"inLanguage\":\"pt-BR\",\"isPartOf\":{\"@id\":\"https:\\\/\\\/anoticiaonline.com.br\\\/site\\\/#website\"},\"breadcrumb\":{\"@id\":\"https:\\\/\\\/anoticiaonline.com.br\\\/site\\\/estacao-historica-de-barao-do-monte-alto-e-parcialmente-destruida-por-incendio\\\/#breadcrumblist\"},\"author\":{\"@id\":\"https:\\\/\\\/anoticiaonline.com.br\\\/site\\\/author\\\/flavio\\\/#author\"},\"creator\":{\"@id\":\"https:\\\/\\\/anoticiaonline.com.br\\\/site\\\/author\\\/flavio\\\/#author\"},\"image\":{\"@type\":\"ImageObject\",\"url\":\"https:\\\/\\\/anoticiaonline.com.br\\\/site\\\/wp-content\\\/uploads\\\/2022\\\/07\\\/0001Slide.jpg\",\"@id\":\"https:\\\/\\\/anoticiaonline.com.br\\\/site\\\/estacao-historica-de-barao-do-monte-alto-e-parcialmente-destruida-por-incendio\\\/#mainImage\",\"width\":1000,\"height\":350},\"primaryImageOfPage\":{\"@id\":\"https:\\\/\\\/anoticiaonline.com.br\\\/site\\\/estacao-historica-de-barao-do-monte-alto-e-parcialmente-destruida-por-incendio\\\/#mainImage\"},\"datePublished\":\"2022-07-25T17:26:42-03:00\",\"dateModified\":\"2022-07-25T17:26:45-03:00\"},{\"@type\":\"WebSite\",\"@id\":\"https:\\\/\\\/anoticiaonline.com.br\\\/site\\\/#website\",\"url\":\"https:\\\/\\\/anoticiaonline.com.br\\\/site\\\/\",\"name\":\"A Not\\u00edcia Online\",\"description\":\"Noticias de Muria\\u00e9 e regi\\u00e3o\",\"inLanguage\":\"pt-BR\",\"publisher\":{\"@id\":\"https:\\\/\\\/anoticiaonline.com.br\\\/site\\\/#organization\"}}]}\n\t\t<\/script>\n\t\t<!-- All in One SEO -->\n\n","aioseo_head_json":{"title":"Esta\u00e7\u00e3o hist\u00f3rica de Bar\u00e3o do Monte Alto \u00e9 parcialmente destru\u00edda por inc\u00eandio - A Not\u00edcia Online","description":"A antiga esta\u00e7\u00e3o de trens de Bar\u00e3o do Monte Alto, cidade a 38 km de Muria\u00e9, ficou parcialmente destru\u00edda ap\u00f3s ser atingida por um inc\u00eandio na madrugada de segunda-feira (25). O pr\u00e9dio hist\u00f3rico tem mais de cem anos e, atualmente, abriga alguns setores da prefeitura e a biblioteca municipal. O local tem parte da estrutura","canonical_url":"https:\/\/anoticiaonline.com.br\/site\/estacao-historica-de-barao-do-monte-alto-e-parcialmente-destruida-por-incendio\/","robots":"max-image-preview:large","keywords":"","webmasterTools":{"miscellaneous":""},"schema":{"@context":"https:\/\/schema.org","@graph":[{"@type":"BlogPosting","@id":"https:\/\/anoticiaonline.com.br\/site\/estacao-historica-de-barao-do-monte-alto-e-parcialmente-destruida-por-incendio\/#blogposting","name":"Esta\u00e7\u00e3o hist\u00f3rica de Bar\u00e3o do Monte Alto \u00e9 parcialmente destru\u00edda por inc\u00eandio - A Not\u00edcia Online","headline":"Esta\u00e7\u00e3o hist\u00f3rica de Bar\u00e3o do Monte Alto \u00e9 parcialmente destru\u00edda por inc\u00eandio","author":{"@id":"https:\/\/anoticiaonline.com.br\/site\/author\/flavio\/#author"},"publisher":{"@id":"https:\/\/anoticiaonline.com.br\/site\/#organization"},"image":{"@type":"ImageObject","url":"https:\/\/anoticiaonline.com.br\/site\/wp-content\/uploads\/2022\/07\/0001Slide.jpg","width":1000,"height":350},"datePublished":"2022-07-25T17:26:42-03:00","dateModified":"2022-07-25T17:26:45-03:00","inLanguage":"pt-BR","mainEntityOfPage":{"@id":"https:\/\/anoticiaonline.com.br\/site\/estacao-historica-de-barao-do-monte-alto-e-parcialmente-destruida-por-incendio\/#webpage"},"isPartOf":{"@id":"https:\/\/anoticiaonline.com.br\/site\/estacao-historica-de-barao-do-monte-alto-e-parcialmente-destruida-por-incendio\/#webpage"},"articleSection":"Blog, Pol\u00edcia, Regi\u00e3o, Esta\u00e7\u00e3o hist\u00f3rica de Bar\u00e3o do Monte Alto \u00e9 parcialmente destru\u00edda por inc\u00eandio"},{"@type":"BreadcrumbList","@id":"https:\/\/anoticiaonline.com.br\/site\/estacao-historica-de-barao-do-monte-alto-e-parcialmente-destruida-por-incendio\/#breadcrumblist","itemListElement":[{"@type":"ListItem","@id":"https:\/\/anoticiaonline.com.br\/site#listItem","position":1,"name":"Home","item":"https:\/\/anoticiaonline.com.br\/site","nextItem":{"@type":"ListItem","@id":"https:\/\/anoticiaonline.com.br\/site\/categoria\/muriae\/#listItem","name":"Blog"}},{"@type":"ListItem","@id":"https:\/\/anoticiaonline.com.br\/site\/categoria\/muriae\/#listItem","position":2,"name":"Blog","item":"https:\/\/anoticiaonline.com.br\/site\/categoria\/muriae\/","nextItem":{"@type":"ListItem","@id":"https:\/\/anoticiaonline.com.br\/site\/categoria\/muriae\/policia\/#listItem","name":"Pol\u00edcia"},"previousItem":{"@type":"ListItem","@id":"https:\/\/anoticiaonline.com.br\/site#listItem","name":"Home"}},{"@type":"ListItem","@id":"https:\/\/anoticiaonline.com.br\/site\/categoria\/muriae\/policia\/#listItem","position":3,"name":"Pol\u00edcia","item":"https:\/\/anoticiaonline.com.br\/site\/categoria\/muriae\/policia\/","nextItem":{"@type":"ListItem","@id":"https:\/\/anoticiaonline.com.br\/site\/estacao-historica-de-barao-do-monte-alto-e-parcialmente-destruida-por-incendio\/#listItem","name":"Esta\u00e7\u00e3o hist\u00f3rica de Bar\u00e3o do Monte Alto \u00e9 parcialmente destru\u00edda por inc\u00eandio"},"previousItem":{"@type":"ListItem","@id":"https:\/\/anoticiaonline.com.br\/site\/categoria\/muriae\/#listItem","name":"Blog"}},{"@type":"ListItem","@id":"https:\/\/anoticiaonline.com.br\/site\/estacao-historica-de-barao-do-monte-alto-e-parcialmente-destruida-por-incendio\/#listItem","position":4,"name":"Esta\u00e7\u00e3o hist\u00f3rica de Bar\u00e3o do Monte Alto \u00e9 parcialmente destru\u00edda por inc\u00eandio","previousItem":{"@type":"ListItem","@id":"https:\/\/anoticiaonline.com.br\/site\/categoria\/muriae\/policia\/#listItem","name":"Pol\u00edcia"}}]},{"@type":"Organization","@id":"https:\/\/anoticiaonline.com.br\/site\/#organization","name":"A Not\u00edcia Online","description":"Noticias de Muria\u00e9 e regi\u00e3o","url":"https:\/\/anoticiaonline.com.br\/site\/","logo":{"@type":"ImageObject","url":"https:\/\/scontent-gig4-1.xx.fbcdn.net\/v\/t39.30808-1\/270437624_4564083193639691_6907940295614233970_n.jpg?stp=dst-jpg_s200x200_tt6&_nc_cat=111&ccb=1-7&_nc_sid=f907e8&_nc_ohc=SM1wRlP3lJwQ7kNvwEPuBYA&_nc_oc=AdnqrjDN_BNjSSHWO-GbkIWH6fkGMLw4bqvL_NH6e2wMveX7G-rP2dAqsDSq1mJMOaY&_nc_zt=24&_nc_ht=scontent-gig4-1.xx&_nc_gid=AoBFJeGrT1hVaew_6rchkQ&oh=00_AfX7QmFGhQhG2jAllVgXCiM1ZrWgvtp80-Bfppyexh1QEg&oe=689E923C","@id":"https:\/\/anoticiaonline.com.br\/site\/estacao-historica-de-barao-do-monte-alto-e-parcialmente-destruida-por-incendio\/#organizationLogo"},"image":{"@id":"https:\/\/anoticiaonline.com.br\/site\/estacao-historica-de-barao-do-monte-alto-e-parcialmente-destruida-por-incendio\/#organizationLogo"}},{"@type":"Person","@id":"https:\/\/anoticiaonline.com.br\/site\/author\/flavio\/#author","url":"https:\/\/anoticiaonline.com.br\/site\/author\/flavio\/","name":"Flavio","image":{"@type":"ImageObject","@id":"https:\/\/anoticiaonline.com.br\/site\/estacao-historica-de-barao-do-monte-alto-e-parcialmente-destruida-por-incendio\/#authorImage","url":"https:\/\/secure.gravatar.com\/avatar\/15f468c802802b9079bce8dd6a2cfce0c97707adbc22c5062e758028c2874816?s=96&d=mm&r=g","width":96,"height":96,"caption":"Flavio"}},{"@type":"WebPage","@id":"https:\/\/anoticiaonline.com.br\/site\/estacao-historica-de-barao-do-monte-alto-e-parcialmente-destruida-por-incendio\/#webpage","url":"https:\/\/anoticiaonline.com.br\/site\/estacao-historica-de-barao-do-monte-alto-e-parcialmente-destruida-por-incendio\/","name":"Esta\u00e7\u00e3o hist\u00f3rica de Bar\u00e3o do Monte Alto \u00e9 parcialmente destru\u00edda por inc\u00eandio - A Not\u00edcia Online","description":"A antiga esta\u00e7\u00e3o de trens de Bar\u00e3o do Monte Alto, cidade a 38 km de Muria\u00e9, ficou parcialmente destru\u00edda ap\u00f3s ser atingida por um inc\u00eandio na madrugada de segunda-feira (25). O pr\u00e9dio hist\u00f3rico tem mais de cem anos e, atualmente, abriga alguns setores da prefeitura e a biblioteca municipal. O local tem parte da estrutura","inLanguage":"pt-BR","isPartOf":{"@id":"https:\/\/anoticiaonline.com.br\/site\/#website"},"breadcrumb":{"@id":"https:\/\/anoticiaonline.com.br\/site\/estacao-historica-de-barao-do-monte-alto-e-parcialmente-destruida-por-incendio\/#breadcrumblist"},"author":{"@id":"https:\/\/anoticiaonline.com.br\/site\/author\/flavio\/#author"},"creator":{"@id":"https:\/\/anoticiaonline.com.br\/site\/author\/flavio\/#author"},"image":{"@type":"ImageObject","url":"https:\/\/anoticiaonline.com.br\/site\/wp-content\/uploads\/2022\/07\/0001Slide.jpg","@id":"https:\/\/anoticiaonline.com.br\/site\/estacao-historica-de-barao-do-monte-alto-e-parcialmente-destruida-por-incendio\/#mainImage","width":1000,"height":350},"primaryImageOfPage":{"@id":"https:\/\/anoticiaonline.com.br\/site\/estacao-historica-de-barao-do-monte-alto-e-parcialmente-destruida-por-incendio\/#mainImage"},"datePublished":"2022-07-25T17:26:42-03:00","dateModified":"2022-07-25T17:26:45-03:00"},{"@type":"WebSite","@id":"https:\/\/anoticiaonline.com.br\/site\/#website","url":"https:\/\/anoticiaonline.com.br\/site\/","name":"A Not\u00edcia Online","description":"Noticias de Muria\u00e9 e regi\u00e3o","inLanguage":"pt-BR","publisher":{"@id":"https:\/\/anoticiaonline.com.br\/site\/#organization"}}]},"og:locale":"pt_BR","og:site_name":"A Not\u00edcia Online - Noticias de Muria\u00e9 e regi\u00e3o","og:type":"article","og:title":"Esta\u00e7\u00e3o hist\u00f3rica de Bar\u00e3o do Monte Alto \u00e9 parcialmente destru\u00edda por inc\u00eandio - A Not\u00edcia Online","og:description":"A antiga esta\u00e7\u00e3o de trens de Bar\u00e3o do Monte Alto, cidade a 38 km de Muria\u00e9, ficou parcialmente destru\u00edda ap\u00f3s ser atingida por um inc\u00eandio na madrugada de segunda-feira (25). O pr\u00e9dio hist\u00f3rico tem mais de cem anos e, atualmente, abriga alguns setores da prefeitura e a biblioteca municipal. O local tem parte da estrutura","og:url":"https:\/\/anoticiaonline.com.br\/site\/estacao-historica-de-barao-do-monte-alto-e-parcialmente-destruida-por-incendio\/","og:image":"https:\/\/scontent-gig4-1.xx.fbcdn.net\/v\/t39.30808-1\/270437624_4564083193639691_6907940295614233970_n.jpg?stp=dst-jpg_s200x200_tt6&#038;_nc_cat=111&#038;ccb=1-7&#038;_nc_sid=f907e8&#038;_nc_ohc=SM1wRlP3lJwQ7kNvwEPuBYA&#038;_nc_oc=AdnqrjDN_BNjSSHWO-GbkIWH6fkGMLw4bqvL_NH6e2wMveX7G-rP2dAqsDSq1mJMOaY&#038;_nc_zt=24&#038;_nc_ht=scontent-gig4-1.xx&#038;_nc_gid=AoBFJeGrT1hVaew_6rchkQ&#038;oh=00_AfX7QmFGhQhG2jAllVgXCiM1ZrWgvtp80-Bfppyexh1QEg&#038;oe=689E923C","og:image:secure_url":"https:\/\/scontent-gig4-1.xx.fbcdn.net\/v\/t39.30808-1\/270437624_4564083193639691_6907940295614233970_n.jpg?stp=dst-jpg_s200x200_tt6&#038;_nc_cat=111&#038;ccb=1-7&#038;_nc_sid=f907e8&#038;_nc_ohc=SM1wRlP3lJwQ7kNvwEPuBYA&#038;_nc_oc=AdnqrjDN_BNjSSHWO-GbkIWH6fkGMLw4bqvL_NH6e2wMveX7G-rP2dAqsDSq1mJMOaY&#038;_nc_zt=24&#038;_nc_ht=scontent-gig4-1.xx&#038;_nc_gid=AoBFJeGrT1hVaew_6rchkQ&#038;oh=00_AfX7QmFGhQhG2jAllVgXCiM1ZrWgvtp80-Bfppyexh1QEg&#038;oe=689E923C","article:published_time":"2022-07-25T20:26:42+00:00","article:modified_time":"2022-07-25T20:26:45+00:00","twitter:card":"summary_large_image","twitter:title":"Esta\u00e7\u00e3o hist\u00f3rica de Bar\u00e3o do Monte Alto \u00e9 parcialmente destru\u00edda por inc\u00eandio - A Not\u00edcia Online","twitter:description":"A antiga esta\u00e7\u00e3o de trens de Bar\u00e3o do Monte Alto, cidade a 38 km de Muria\u00e9, ficou parcialmente destru\u00edda ap\u00f3s ser atingida por um inc\u00eandio na madrugada de segunda-feira (25). O pr\u00e9dio hist\u00f3rico tem mais de cem anos e, atualmente, abriga alguns setores da prefeitura e a biblioteca municipal. O local tem parte da estrutura","twitter:image":"https:\/\/scontent-gig4-1.xx.fbcdn.net\/v\/t39.30808-1\/270437624_4564083193639691_6907940295614233970_n.jpg?stp=dst-jpg_s200x200_tt6&_nc_cat=111&ccb=1-7&_nc_sid=f907e8&_nc_ohc=SM1wRlP3lJwQ7kNvwEPuBYA&_nc_oc=AdnqrjDN_BNjSSHWO-GbkIWH6fkGMLw4bqvL_NH6e2wMveX7G-rP2dAqsDSq1mJMOaY&_nc_zt=24&_nc_ht=scontent-gig4-1.xx&_nc_gid=AoBFJeGrT1hVaew_6rchkQ&oh=00_AfX7QmFGhQhG2jAllVgXCiM1ZrWgvtp80-Bfppyexh1QEg&oe=689E923C"},"aioseo_meta_data":{"post_id":"101063","title":null,"description":null,"keywords":null,"keyphrases":null,"primary_term":null,"canonical_url":null,"og_title":null,"og_description":null,"og_object_type":"default","og_image_type":"default","og_image_url":null,"og_image_width":null,"og_image_height":null,"og_image_custom_url":null,"og_image_custom_fields":null,"og_video":null,"og_custom_url":null,"og_article_section":null,"og_article_tags":null,"twitter_use_og":false,"twitter_card":"default","twitter_image_type":"default","twitter_image_url":null,"twitter_image_custom_url":null,"twitter_image_custom_fields":null,"twitter_title":null,"twitter_description":null,"schema":{"blockGraphs":[],"customGraphs":[],"default":{"data":{"Article":[],"Course":[],"Dataset":[],"FAQPage":[],"Movie":[],"Person":[],"Product":[],"ProductReview":[],"Car":[],"Recipe":[],"Service":[],"SoftwareApplication":[],"WebPage":[]},"graphName":"","isEnabled":true},"graphs":[]},"schema_type":"default","schema_type_options":null,"pillar_content":false,"robots_default":true,"robots_noindex":false,"robots_noarchive":false,"robots_nosnippet":false,"robots_nofollow":false,"robots_noimageindex":false,"robots_noodp":false,"robots_notranslate":false,"robots_max_snippet":null,"robots_max_videopreview":null,"robots_max_imagepreview":"large","priority":null,"frequency":null,"local_seo":null,"breadcrumb_settings":null,"limit_modified_date":false,"ai":null,"created":"2025-08-17 06:29:38","updated":"2025-08-17 06:29:38","focus_keyword":null,"additional_keywords":null,"truseo_locale":null,"seo_analyzer_scan_date":null},"aioseo_breadcrumb":"<div class=\"aioseo-breadcrumbs\"><span class=\"aioseo-breadcrumb\">\n\t\t\t<a href=\"https:\/\/anoticiaonline.com.br\/site\" title=\"Home\">Home<\/a>\n\t\t<\/span><span class=\"aioseo-breadcrumb-separator\">&raquo;<\/span><span class=\"aioseo-breadcrumb\">\n\t\t\t<a href=\"https:\/\/anoticiaonline.com.br\/site\/categoria\/muriae\/\" title=\"Blog\">Blog<\/a>\n\t\t<\/span><span class=\"aioseo-breadcrumb-separator\">&raquo;<\/span><span class=\"aioseo-breadcrumb\">\n\t\t\t<a href=\"https:\/\/anoticiaonline.com.br\/site\/categoria\/muriae\/policia\/\" title=\"Pol\u00edcia\">Pol\u00edcia<\/a>\n\t\t<\/span><span class=\"aioseo-breadcrumb-separator\">&raquo;<\/span><span class=\"aioseo-breadcrumb\">\n\t\t\tEsta\u00e7\u00e3o hist\u00f3rica de Bar\u00e3o do Monte Alto \u00e9 parcialmente destru\u00edda por inc\u00eandio\n\t\t<\/span><\/div>","aioseo_breadcrumb_json":[{"label":"Home","link":"https:\/\/anoticiaonline.com.br\/site"},{"label":"Blog","link":"https:\/\/anoticiaonline.com.br\/site\/categoria\/muriae\/"},{"label":"Pol\u00edcia","link":"https:\/\/anoticiaonline.com.br\/site\/categoria\/muriae\/policia\/"},{"label":"Esta\u00e7\u00e3o hist\u00f3rica de Bar\u00e3o do Monte Alto \u00e9 parcialmente destru\u00edda por inc\u00eandio","link":"https:\/\/anoticiaonline.com.br\/site\/estacao-historica-de-barao-do-monte-alto-e-parcialmente-destruida-por-incendio\/"}],"views":182,"_links":{"self":[{"href":"https:\/\/anoticiaonline.com.br\/site\/wp-json\/wp\/v2\/posts\/101063","targetHints":{"allow":["GET"]}}],"collection":[{"href":"https:\/\/anoticiaonline.com.br\/site\/wp-json\/wp\/v2\/posts"}],"about":[{"href":"https:\/\/anoticiaonline.com.br\/site\/wp-json\/wp\/v2\/types\/post"}],"author":[{"embeddable":true,"href":"https:\/\/anoticiaonline.com.br\/site\/wp-json\/wp\/v2\/users\/11"}],"replies":[{"embeddable":true,"href":"https:\/\/anoticiaonline.com.br\/site\/wp-json\/wp\/v2\/comments?post=101063"}],"version-history":[{"count":0,"href":"https:\/\/anoticiaonline.com.br\/site\/wp-json\/wp\/v2\/posts\/101063\/revisions"}],"wp:featuredmedia":[{"embeddable":true,"href":"https:\/\/anoticiaonline.com.br\/site\/wp-json\/wp\/v2\/media\/101073"}],"wp:attachment":[{"href":"https:\/\/anoticiaonline.com.br\/site\/wp-json\/wp\/v2\/media?parent=101063"}],"wp:term":[{"taxonomy":"category","embeddable":true,"href":"https:\/\/anoticiaonline.com.br\/site\/wp-json\/wp\/v2\/categories?post=101063"},{"taxonomy":"post_tag","embeddable":true,"href":"https:\/\/anoticiaonline.com.br\/site\/wp-json\/wp\/v2\/tags?post=101063"}],"curies":[{"name":"wp","href":"https:\/\/api.w.org\/{rel}","templated":true}]}}