{"id":10098,"date":"2016-03-04T07:00:13","date_gmt":"2016-03-04T10:00:13","guid":{"rendered":"http:\/\/anoticiaonline.com.br\/site\/?p=10098"},"modified":"2016-03-03T19:40:59","modified_gmt":"2016-03-03T22:40:59","slug":"prefeitura-de-vieiras-inaugura-policlinica-com-diversas-especialidades-medicas","status":"publish","type":"post","link":"https:\/\/anoticiaonline.com.br\/site\/prefeitura-de-vieiras-inaugura-policlinica-com-diversas-especialidades-medicas\/","title":{"rendered":"Prefeitura de Vieiras inaugura policl\u00ednica com diversas especialidades m\u00e9dicas"},"content":{"rendered":"<p><a href=\"https:\/\/anoticiaonline.com.br\/site\/wp-content\/uploads\/2016\/03\/policlinica-vieiras.jpg\"><img fetchpriority=\"high\" decoding=\"async\" class=\" size-medium wp-image-10100 alignleft\" src=\"https:\/\/anoticiaonline.com.br\/site\/wp-content\/uploads\/2016\/03\/policlinica-vieiras-300x225.jpg\" alt=\"policlinica vieiras\" width=\"300\" height=\"225\" srcset=\"https:\/\/anoticiaonline.com.br\/site\/wp-content\/uploads\/2016\/03\/policlinica-vieiras-300x225.jpg 300w, https:\/\/anoticiaonline.com.br\/site\/wp-content\/uploads\/2016\/03\/policlinica-vieiras.jpg 600w\" sizes=\"(max-width: 300px) 100vw, 300px\" \/><\/a>A Prefeitura de Vieiras apresentou \u00e0 popula\u00e7\u00e3o mais um investimento na \u00e1rea de sa\u00fade daquele munic\u00edpio. A Policl\u00ednica Sebasti\u00e3o Dias Filho &#8211; antes Centro Municipal de Sa\u00fade &#8211; atende diversas especialidades m\u00e9dicas, entre elas, Cl\u00ednica Geral, Ginecologia e Obstetr\u00edcia, Fonoaudiologia, Psiquiatria, Psicologia e Nutri\u00e7\u00e3o. Tamb\u00e9m h\u00e1 equipe de Enfermagem, Laborat\u00f3rio de An\u00e1lises Cl\u00ednicas e dentistas.<\/p>\n<p>A cerim\u00f4nia de inaugura\u00e7\u00e3o, que aconteceu na noite da \u00faltima sexta-feira (26), contou com a presen\u00e7a de diversas autoridades, como o assessor institucional do Governo de Minas, Wagner Chicareli, o vice-prefeito de Vieiras, Wenceslau de Figueiredo Filho (Lau), vereadores, prefeitos da regi\u00e3o, secret\u00e1rios municipais e representantes do deputado federal Reginaldo Lopes e do deputado estadual Braulio Braz, al\u00e9m da fam\u00edlia de Sebasti\u00e3o Dias (j\u00e1 falecido), que foi o segundo prefeito de Vieiras.<\/p>\n<p>Com investimentos de mais de R$300 mil, a unidade foi constru\u00edda a partir de uma parceria entre o munic\u00edpio e o Governo Federal e traz benef\u00edcios diretos para a popula\u00e7\u00e3o, segundo afirmou o prefeito Waldinei Chicareli (Nei). \u201cA policl\u00ednica tem m\u00e9dicos especialistas e vamos, com esta nova estrutura, poder atender ainda melhor a popula\u00e7\u00e3o da cidade e tamb\u00e9m do distrito de Santo Ant\u00f4nio do Gl\u00f3ria e nossa Zona Rural. Fazemos quest\u00e3o de melhorar a sa\u00fade e a qualidade de vida de cada um que vive em nosso munic\u00edpio. Trabalharei em prol de Vieiras at\u00e9 o \u00faltimo dia do meu mandato. Muitas obras ainda vir\u00e3o\u201d, destaca Nei. O atendimento na unidade \u00e9 feito de segunda a sexta-feira, de 7h \u00e0s 16h.<\/p>\n<p>Al\u00e9m da inaugura\u00e7\u00e3o da policl\u00ednica, o prefeito Nei tamb\u00e9m fez a entrega de ve\u00edculos \u2013 um carro, uma ambul\u00e2ncia e sete motos -, que v\u00e3o atender Vieiras e o distrito de Santo Ant\u00f4nio do Gl\u00f3ria.<\/p>\n<p>\u201cSabemos a import\u00e2ncia e a aten\u00e7\u00e3o que o Nei d\u00e1 para as fam\u00edlias vieirenses e para o social do munic\u00edpio. Nei fez e faz muito pela cidade. Essa policl\u00ednica amplia os servi\u00e7os \u00e0 popula\u00e7\u00e3o de Vieiras e traz mais qualifica\u00e7\u00e3o profissional\u201d, afirma o assessor institucional do Governo de Minas, Wagner Chicareli, que foi secret\u00e1rio de Sa\u00fade de Vieiras.<\/p>\n<p>Ap\u00f3s a solenidade, houve show com a banda Bonde do Xamego.<\/p>\n<p><img decoding=\"async\" class=\"ngg_displayed_gallery mceItem\" src=\"https:\/\/anoticiaonline.com.br\/site\/nextgen-attach_to_post\/preview\/id--10121\" alt=\"\" \/><\/p>\n","protected":false},"excerpt":{"rendered":"<p>A Prefeitura de Vieiras apresentou \u00e0 popula\u00e7\u00e3o mais um investimento na \u00e1rea de sa\u00fade daquele munic\u00edpio. A Policl\u00ednica Sebasti\u00e3o Dias Filho &#8211; antes Centro Municipal de Sa\u00fade &#8211; atende diversas especialidades m\u00e9dicas, entre elas, Cl\u00ednica Geral, Ginecologia e Obstetr\u00edcia, Fonoaudiologia, Psiquiatria, Psicologia e Nutri\u00e7\u00e3o. Tamb\u00e9m h\u00e1 equipe de Enfermagem, Laborat\u00f3rio de An\u00e1lises Cl\u00ednicas e dentistas. &#8230; <a title=\"Prefeitura de Vieiras inaugura policl\u00ednica com diversas especialidades m\u00e9dicas\" class=\"read-more\" href=\"https:\/\/anoticiaonline.com.br\/site\/prefeitura-de-vieiras-inaugura-policlinica-com-diversas-especialidades-medicas\/\" aria-label=\"Read more about Prefeitura de Vieiras inaugura policl\u00ednica com diversas especialidades m\u00e9dicas\">Ler mais<\/a><\/p>\n","protected":false},"author":2,"featured_media":10100,"comment_status":"open","ping_status":"open","sticky":false,"template":"","format":"standard","meta":{"_acf_changed":false,"_monsterinsights_skip_tracking":false,"footnotes":""},"categories":[6],"tags":[3],"class_list":["post-10098","post","type-post","status-publish","format-standard","has-post-thumbnail","hentry","category-regiao","tag-slide"],"acf":[],"aioseo_notices":[],"aioseo_head":"\n\t\t<!-- All in One SEO 5.0.0.1 - aioseo.com -->\n\t<meta name=\"description\" content=\"A Prefeitura de Vieiras apresentou \u00e0 popula\u00e7\u00e3o mais um investimento na \u00e1rea de sa\u00fade daquele munic\u00edpio. A Policl\u00ednica Sebasti\u00e3o Dias Filho - antes Centro Municipal de Sa\u00fade - atende diversas especialidades m\u00e9dicas, entre elas, Cl\u00ednica Geral, Ginecologia e Obstetr\u00edcia, Fonoaudiologia, Psiquiatria, Psicologia e Nutri\u00e7\u00e3o. Tamb\u00e9m h\u00e1 equipe de Enfermagem, Laborat\u00f3rio de An\u00e1lises Cl\u00ednicas e dentistas.\" \/>\n\t<meta name=\"robots\" content=\"max-image-preview:large\" \/>\n\t<meta name=\"author\" content=\"Juliana Laviola\"\/>\n\t<link rel=\"canonical\" href=\"https:\/\/anoticiaonline.com.br\/site\/prefeitura-de-vieiras-inaugura-policlinica-com-diversas-especialidades-medicas\/\" \/>\n\t<meta name=\"generator\" content=\"All in One SEO (AIOSEO) 5.0.0.1\" \/>\n\t\t<meta property=\"og:locale\" content=\"pt_BR\" \/>\n\t\t<meta property=\"og:site_name\" content=\"A Not\u00edcia Online - Noticias de Muria\u00e9 e regi\u00e3o\" \/>\n\t\t<meta property=\"og:type\" content=\"article\" \/>\n\t\t<meta property=\"og:title\" content=\"Prefeitura de Vieiras inaugura policl\u00ednica com diversas especialidades m\u00e9dicas - A Not\u00edcia Online\" \/>\n\t\t<meta property=\"og:description\" content=\"A Prefeitura de Vieiras apresentou \u00e0 popula\u00e7\u00e3o mais um investimento na \u00e1rea de sa\u00fade daquele munic\u00edpio. A Policl\u00ednica Sebasti\u00e3o Dias Filho - antes Centro Municipal de Sa\u00fade - atende diversas especialidades m\u00e9dicas, entre elas, Cl\u00ednica Geral, Ginecologia e Obstetr\u00edcia, Fonoaudiologia, Psiquiatria, Psicologia e Nutri\u00e7\u00e3o. Tamb\u00e9m h\u00e1 equipe de Enfermagem, Laborat\u00f3rio de An\u00e1lises Cl\u00ednicas e dentistas.\" \/>\n\t\t<meta property=\"og:url\" content=\"https:\/\/anoticiaonline.com.br\/site\/prefeitura-de-vieiras-inaugura-policlinica-com-diversas-especialidades-medicas\/\" \/>\n\t\t<meta property=\"og:image\" content=\"https:\/\/scontent-gig4-1.xx.fbcdn.net\/v\/t39.30808-1\/270437624_4564083193639691_6907940295614233970_n.jpg?stp=dst-jpg_s200x200_tt6&#038;_nc_cat=111&#038;ccb=1-7&#038;_nc_sid=f907e8&#038;_nc_ohc=SM1wRlP3lJwQ7kNvwEPuBYA&#038;_nc_oc=AdnqrjDN_BNjSSHWO-GbkIWH6fkGMLw4bqvL_NH6e2wMveX7G-rP2dAqsDSq1mJMOaY&#038;_nc_zt=24&#038;_nc_ht=scontent-gig4-1.xx&#038;_nc_gid=AoBFJeGrT1hVaew_6rchkQ&#038;oh=00_AfX7QmFGhQhG2jAllVgXCiM1ZrWgvtp80-Bfppyexh1QEg&#038;oe=689E923C\" \/>\n\t\t<meta property=\"og:image:secure_url\" content=\"https:\/\/scontent-gig4-1.xx.fbcdn.net\/v\/t39.30808-1\/270437624_4564083193639691_6907940295614233970_n.jpg?stp=dst-jpg_s200x200_tt6&#038;_nc_cat=111&#038;ccb=1-7&#038;_nc_sid=f907e8&#038;_nc_ohc=SM1wRlP3lJwQ7kNvwEPuBYA&#038;_nc_oc=AdnqrjDN_BNjSSHWO-GbkIWH6fkGMLw4bqvL_NH6e2wMveX7G-rP2dAqsDSq1mJMOaY&#038;_nc_zt=24&#038;_nc_ht=scontent-gig4-1.xx&#038;_nc_gid=AoBFJeGrT1hVaew_6rchkQ&#038;oh=00_AfX7QmFGhQhG2jAllVgXCiM1ZrWgvtp80-Bfppyexh1QEg&#038;oe=689E923C\" \/>\n\t\t<meta property=\"article:published_time\" content=\"2016-03-04T10:00:13+00:00\" \/>\n\t\t<meta property=\"article:modified_time\" content=\"2016-03-03T22:40:59+00:00\" \/>\n\t\t<meta name=\"twitter:card\" content=\"summary_large_image\" \/>\n\t\t<meta name=\"twitter:title\" content=\"Prefeitura de Vieiras inaugura policl\u00ednica com diversas especialidades m\u00e9dicas - A Not\u00edcia Online\" \/>\n\t\t<meta name=\"twitter:description\" content=\"A Prefeitura de Vieiras apresentou \u00e0 popula\u00e7\u00e3o mais um investimento na \u00e1rea de sa\u00fade daquele munic\u00edpio. A Policl\u00ednica Sebasti\u00e3o Dias Filho - antes Centro Municipal de Sa\u00fade - atende diversas especialidades m\u00e9dicas, entre elas, Cl\u00ednica Geral, Ginecologia e Obstetr\u00edcia, Fonoaudiologia, Psiquiatria, Psicologia e Nutri\u00e7\u00e3o. Tamb\u00e9m h\u00e1 equipe de Enfermagem, Laborat\u00f3rio de An\u00e1lises Cl\u00ednicas e dentistas.\" \/>\n\t\t<meta name=\"twitter:image\" content=\"https:\/\/scontent-gig4-1.xx.fbcdn.net\/v\/t39.30808-1\/270437624_4564083193639691_6907940295614233970_n.jpg?stp=dst-jpg_s200x200_tt6&amp;_nc_cat=111&amp;ccb=1-7&amp;_nc_sid=f907e8&amp;_nc_ohc=SM1wRlP3lJwQ7kNvwEPuBYA&amp;_nc_oc=AdnqrjDN_BNjSSHWO-GbkIWH6fkGMLw4bqvL_NH6e2wMveX7G-rP2dAqsDSq1mJMOaY&amp;_nc_zt=24&amp;_nc_ht=scontent-gig4-1.xx&amp;_nc_gid=AoBFJeGrT1hVaew_6rchkQ&amp;oh=00_AfX7QmFGhQhG2jAllVgXCiM1ZrWgvtp80-Bfppyexh1QEg&amp;oe=689E923C\" \/>\n\t\t<script type=\"application\/ld+json\" class=\"aioseo-schema\">\n\t\t\t{\"@context\":\"https:\\\/\\\/schema.org\",\"@graph\":[{\"@type\":\"BlogPosting\",\"@id\":\"https:\\\/\\\/anoticiaonline.com.br\\\/site\\\/prefeitura-de-vieiras-inaugura-policlinica-com-diversas-especialidades-medicas\\\/#blogposting\",\"name\":\"Prefeitura de Vieiras inaugura policl\\u00ednica com diversas especialidades m\\u00e9dicas - A Not\\u00edcia Online\",\"headline\":\"Prefeitura de Vieiras inaugura policl\\u00ednica com diversas especialidades m\\u00e9dicas\",\"author\":{\"@id\":\"https:\\\/\\\/anoticiaonline.com.br\\\/site\\\/author\\\/juliana\\\/#author\"},\"publisher\":{\"@id\":\"https:\\\/\\\/anoticiaonline.com.br\\\/site\\\/#organization\"},\"image\":{\"@type\":\"ImageObject\",\"url\":\"https:\\\/\\\/anoticiaonline.com.br\\\/site\\\/wp-content\\\/uploads\\\/2016\\\/03\\\/policlinica-vieiras.jpg\",\"width\":600,\"height\":450},\"datePublished\":\"2016-03-04T07:00:13-03:00\",\"dateModified\":\"2016-03-03T19:40:59-03:00\",\"inLanguage\":\"pt-BR\",\"mainEntityOfPage\":{\"@id\":\"https:\\\/\\\/anoticiaonline.com.br\\\/site\\\/prefeitura-de-vieiras-inaugura-policlinica-com-diversas-especialidades-medicas\\\/#webpage\"},\"isPartOf\":{\"@id\":\"https:\\\/\\\/anoticiaonline.com.br\\\/site\\\/prefeitura-de-vieiras-inaugura-policlinica-com-diversas-especialidades-medicas\\\/#webpage\"},\"articleSection\":\"Regi\\u00e3o, slide\"},{\"@type\":\"BreadcrumbList\",\"@id\":\"https:\\\/\\\/anoticiaonline.com.br\\\/site\\\/prefeitura-de-vieiras-inaugura-policlinica-com-diversas-especialidades-medicas\\\/#breadcrumblist\",\"itemListElement\":[{\"@type\":\"ListItem\",\"@id\":\"https:\\\/\\\/anoticiaonline.com.br\\\/site#listItem\",\"position\":1,\"name\":\"Home\",\"item\":\"https:\\\/\\\/anoticiaonline.com.br\\\/site\",\"nextItem\":{\"@type\":\"ListItem\",\"@id\":\"https:\\\/\\\/anoticiaonline.com.br\\\/site\\\/categoria\\\/regiao\\\/#listItem\",\"name\":\"Regi\\u00e3o\"}},{\"@type\":\"ListItem\",\"@id\":\"https:\\\/\\\/anoticiaonline.com.br\\\/site\\\/categoria\\\/regiao\\\/#listItem\",\"position\":2,\"name\":\"Regi\\u00e3o\",\"item\":\"https:\\\/\\\/anoticiaonline.com.br\\\/site\\\/categoria\\\/regiao\\\/\",\"nextItem\":{\"@type\":\"ListItem\",\"@id\":\"https:\\\/\\\/anoticiaonline.com.br\\\/site\\\/prefeitura-de-vieiras-inaugura-policlinica-com-diversas-especialidades-medicas\\\/#listItem\",\"name\":\"Prefeitura de Vieiras inaugura policl\\u00ednica com diversas especialidades m\\u00e9dicas\"},\"previousItem\":{\"@type\":\"ListItem\",\"@id\":\"https:\\\/\\\/anoticiaonline.com.br\\\/site#listItem\",\"name\":\"Home\"}},{\"@type\":\"ListItem\",\"@id\":\"https:\\\/\\\/anoticiaonline.com.br\\\/site\\\/prefeitura-de-vieiras-inaugura-policlinica-com-diversas-especialidades-medicas\\\/#listItem\",\"position\":3,\"name\":\"Prefeitura de Vieiras inaugura policl\\u00ednica com diversas especialidades m\\u00e9dicas\",\"previousItem\":{\"@type\":\"ListItem\",\"@id\":\"https:\\\/\\\/anoticiaonline.com.br\\\/site\\\/categoria\\\/regiao\\\/#listItem\",\"name\":\"Regi\\u00e3o\"}}]},{\"@type\":\"Organization\",\"@id\":\"https:\\\/\\\/anoticiaonline.com.br\\\/site\\\/#organization\",\"name\":\"A Not\\u00edcia Online\",\"description\":\"Noticias de Muria\\u00e9 e regi\\u00e3o\",\"url\":\"https:\\\/\\\/anoticiaonline.com.br\\\/site\\\/\",\"logo\":{\"@type\":\"ImageObject\",\"url\":\"https:\\\/\\\/scontent-gig4-1.xx.fbcdn.net\\\/v\\\/t39.30808-1\\\/270437624_4564083193639691_6907940295614233970_n.jpg?stp=dst-jpg_s200x200_tt6&_nc_cat=111&ccb=1-7&_nc_sid=f907e8&_nc_ohc=SM1wRlP3lJwQ7kNvwEPuBYA&_nc_oc=AdnqrjDN_BNjSSHWO-GbkIWH6fkGMLw4bqvL_NH6e2wMveX7G-rP2dAqsDSq1mJMOaY&_nc_zt=24&_nc_ht=scontent-gig4-1.xx&_nc_gid=AoBFJeGrT1hVaew_6rchkQ&oh=00_AfX7QmFGhQhG2jAllVgXCiM1ZrWgvtp80-Bfppyexh1QEg&oe=689E923C\",\"@id\":\"https:\\\/\\\/anoticiaonline.com.br\\\/site\\\/prefeitura-de-vieiras-inaugura-policlinica-com-diversas-especialidades-medicas\\\/#organizationLogo\"},\"image\":{\"@id\":\"https:\\\/\\\/anoticiaonline.com.br\\\/site\\\/prefeitura-de-vieiras-inaugura-policlinica-com-diversas-especialidades-medicas\\\/#organizationLogo\"}},{\"@type\":\"Person\",\"@id\":\"https:\\\/\\\/anoticiaonline.com.br\\\/site\\\/author\\\/juliana\\\/#author\",\"url\":\"https:\\\/\\\/anoticiaonline.com.br\\\/site\\\/author\\\/juliana\\\/\",\"name\":\"Juliana Laviola\",\"image\":{\"@type\":\"ImageObject\",\"@id\":\"https:\\\/\\\/anoticiaonline.com.br\\\/site\\\/prefeitura-de-vieiras-inaugura-policlinica-com-diversas-especialidades-medicas\\\/#authorImage\",\"url\":\"https:\\\/\\\/secure.gravatar.com\\\/avatar\\\/b8d45f5c699b100dfaf0e543582f38f38bf94cb7ae3a5e9abf8d891a34773335?s=96&d=mm&r=g\",\"width\":96,\"height\":96,\"caption\":\"Juliana Laviola\"}},{\"@type\":\"WebPage\",\"@id\":\"https:\\\/\\\/anoticiaonline.com.br\\\/site\\\/prefeitura-de-vieiras-inaugura-policlinica-com-diversas-especialidades-medicas\\\/#webpage\",\"url\":\"https:\\\/\\\/anoticiaonline.com.br\\\/site\\\/prefeitura-de-vieiras-inaugura-policlinica-com-diversas-especialidades-medicas\\\/\",\"name\":\"Prefeitura de Vieiras inaugura policl\\u00ednica com diversas especialidades m\\u00e9dicas - A Not\\u00edcia Online\",\"description\":\"A Prefeitura de Vieiras apresentou \\u00e0 popula\\u00e7\\u00e3o mais um investimento na \\u00e1rea de sa\\u00fade daquele munic\\u00edpio. A Policl\\u00ednica Sebasti\\u00e3o Dias Filho - antes Centro Municipal de Sa\\u00fade - atende diversas especialidades m\\u00e9dicas, entre elas, Cl\\u00ednica Geral, Ginecologia e Obstetr\\u00edcia, Fonoaudiologia, Psiquiatria, Psicologia e Nutri\\u00e7\\u00e3o. Tamb\\u00e9m h\\u00e1 equipe de Enfermagem, Laborat\\u00f3rio de An\\u00e1lises Cl\\u00ednicas e dentistas.\",\"inLanguage\":\"pt-BR\",\"isPartOf\":{\"@id\":\"https:\\\/\\\/anoticiaonline.com.br\\\/site\\\/#website\"},\"breadcrumb\":{\"@id\":\"https:\\\/\\\/anoticiaonline.com.br\\\/site\\\/prefeitura-de-vieiras-inaugura-policlinica-com-diversas-especialidades-medicas\\\/#breadcrumblist\"},\"author\":{\"@id\":\"https:\\\/\\\/anoticiaonline.com.br\\\/site\\\/author\\\/juliana\\\/#author\"},\"creator\":{\"@id\":\"https:\\\/\\\/anoticiaonline.com.br\\\/site\\\/author\\\/juliana\\\/#author\"},\"image\":{\"@type\":\"ImageObject\",\"url\":\"https:\\\/\\\/anoticiaonline.com.br\\\/site\\\/wp-content\\\/uploads\\\/2016\\\/03\\\/policlinica-vieiras.jpg\",\"@id\":\"https:\\\/\\\/anoticiaonline.com.br\\\/site\\\/prefeitura-de-vieiras-inaugura-policlinica-com-diversas-especialidades-medicas\\\/#mainImage\",\"width\":600,\"height\":450},\"primaryImageOfPage\":{\"@id\":\"https:\\\/\\\/anoticiaonline.com.br\\\/site\\\/prefeitura-de-vieiras-inaugura-policlinica-com-diversas-especialidades-medicas\\\/#mainImage\"},\"datePublished\":\"2016-03-04T07:00:13-03:00\",\"dateModified\":\"2016-03-03T19:40:59-03:00\"},{\"@type\":\"WebSite\",\"@id\":\"https:\\\/\\\/anoticiaonline.com.br\\\/site\\\/#website\",\"url\":\"https:\\\/\\\/anoticiaonline.com.br\\\/site\\\/\",\"name\":\"A Not\\u00edcia Online\",\"description\":\"Noticias de Muria\\u00e9 e regi\\u00e3o\",\"inLanguage\":\"pt-BR\",\"publisher\":{\"@id\":\"https:\\\/\\\/anoticiaonline.com.br\\\/site\\\/#organization\"}}]}\n\t\t<\/script>\n\t\t<!-- All in One SEO -->\n\n","aioseo_head_json":{"title":"Prefeitura de Vieiras inaugura policl\u00ednica com diversas especialidades m\u00e9dicas - A Not\u00edcia Online","description":"A Prefeitura de Vieiras apresentou \u00e0 popula\u00e7\u00e3o mais um investimento na \u00e1rea de sa\u00fade daquele munic\u00edpio. A Policl\u00ednica Sebasti\u00e3o Dias Filho - antes Centro Municipal de Sa\u00fade - atende diversas especialidades m\u00e9dicas, entre elas, Cl\u00ednica Geral, Ginecologia e Obstetr\u00edcia, Fonoaudiologia, Psiquiatria, Psicologia e Nutri\u00e7\u00e3o. Tamb\u00e9m h\u00e1 equipe de Enfermagem, Laborat\u00f3rio de An\u00e1lises Cl\u00ednicas e dentistas.","canonical_url":"https:\/\/anoticiaonline.com.br\/site\/prefeitura-de-vieiras-inaugura-policlinica-com-diversas-especialidades-medicas\/","robots":"max-image-preview:large","keywords":"","webmasterTools":{"miscellaneous":""},"schema":{"@context":"https:\/\/schema.org","@graph":[{"@type":"BlogPosting","@id":"https:\/\/anoticiaonline.com.br\/site\/prefeitura-de-vieiras-inaugura-policlinica-com-diversas-especialidades-medicas\/#blogposting","name":"Prefeitura de Vieiras inaugura policl\u00ednica com diversas especialidades m\u00e9dicas - A Not\u00edcia Online","headline":"Prefeitura de Vieiras inaugura policl\u00ednica com diversas especialidades m\u00e9dicas","author":{"@id":"https:\/\/anoticiaonline.com.br\/site\/author\/juliana\/#author"},"publisher":{"@id":"https:\/\/anoticiaonline.com.br\/site\/#organization"},"image":{"@type":"ImageObject","url":"https:\/\/anoticiaonline.com.br\/site\/wp-content\/uploads\/2016\/03\/policlinica-vieiras.jpg","width":600,"height":450},"datePublished":"2016-03-04T07:00:13-03:00","dateModified":"2016-03-03T19:40:59-03:00","inLanguage":"pt-BR","mainEntityOfPage":{"@id":"https:\/\/anoticiaonline.com.br\/site\/prefeitura-de-vieiras-inaugura-policlinica-com-diversas-especialidades-medicas\/#webpage"},"isPartOf":{"@id":"https:\/\/anoticiaonline.com.br\/site\/prefeitura-de-vieiras-inaugura-policlinica-com-diversas-especialidades-medicas\/#webpage"},"articleSection":"Regi\u00e3o, slide"},{"@type":"BreadcrumbList","@id":"https:\/\/anoticiaonline.com.br\/site\/prefeitura-de-vieiras-inaugura-policlinica-com-diversas-especialidades-medicas\/#breadcrumblist","itemListElement":[{"@type":"ListItem","@id":"https:\/\/anoticiaonline.com.br\/site#listItem","position":1,"name":"Home","item":"https:\/\/anoticiaonline.com.br\/site","nextItem":{"@type":"ListItem","@id":"https:\/\/anoticiaonline.com.br\/site\/categoria\/regiao\/#listItem","name":"Regi\u00e3o"}},{"@type":"ListItem","@id":"https:\/\/anoticiaonline.com.br\/site\/categoria\/regiao\/#listItem","position":2,"name":"Regi\u00e3o","item":"https:\/\/anoticiaonline.com.br\/site\/categoria\/regiao\/","nextItem":{"@type":"ListItem","@id":"https:\/\/anoticiaonline.com.br\/site\/prefeitura-de-vieiras-inaugura-policlinica-com-diversas-especialidades-medicas\/#listItem","name":"Prefeitura de Vieiras inaugura policl\u00ednica com diversas especialidades m\u00e9dicas"},"previousItem":{"@type":"ListItem","@id":"https:\/\/anoticiaonline.com.br\/site#listItem","name":"Home"}},{"@type":"ListItem","@id":"https:\/\/anoticiaonline.com.br\/site\/prefeitura-de-vieiras-inaugura-policlinica-com-diversas-especialidades-medicas\/#listItem","position":3,"name":"Prefeitura de Vieiras inaugura policl\u00ednica com diversas especialidades m\u00e9dicas","previousItem":{"@type":"ListItem","@id":"https:\/\/anoticiaonline.com.br\/site\/categoria\/regiao\/#listItem","name":"Regi\u00e3o"}}]},{"@type":"Organization","@id":"https:\/\/anoticiaonline.com.br\/site\/#organization","name":"A Not\u00edcia Online","description":"Noticias de Muria\u00e9 e regi\u00e3o","url":"https:\/\/anoticiaonline.com.br\/site\/","logo":{"@type":"ImageObject","url":"https:\/\/scontent-gig4-1.xx.fbcdn.net\/v\/t39.30808-1\/270437624_4564083193639691_6907940295614233970_n.jpg?stp=dst-jpg_s200x200_tt6&_nc_cat=111&ccb=1-7&_nc_sid=f907e8&_nc_ohc=SM1wRlP3lJwQ7kNvwEPuBYA&_nc_oc=AdnqrjDN_BNjSSHWO-GbkIWH6fkGMLw4bqvL_NH6e2wMveX7G-rP2dAqsDSq1mJMOaY&_nc_zt=24&_nc_ht=scontent-gig4-1.xx&_nc_gid=AoBFJeGrT1hVaew_6rchkQ&oh=00_AfX7QmFGhQhG2jAllVgXCiM1ZrWgvtp80-Bfppyexh1QEg&oe=689E923C","@id":"https:\/\/anoticiaonline.com.br\/site\/prefeitura-de-vieiras-inaugura-policlinica-com-diversas-especialidades-medicas\/#organizationLogo"},"image":{"@id":"https:\/\/anoticiaonline.com.br\/site\/prefeitura-de-vieiras-inaugura-policlinica-com-diversas-especialidades-medicas\/#organizationLogo"}},{"@type":"Person","@id":"https:\/\/anoticiaonline.com.br\/site\/author\/juliana\/#author","url":"https:\/\/anoticiaonline.com.br\/site\/author\/juliana\/","name":"Juliana Laviola","image":{"@type":"ImageObject","@id":"https:\/\/anoticiaonline.com.br\/site\/prefeitura-de-vieiras-inaugura-policlinica-com-diversas-especialidades-medicas\/#authorImage","url":"https:\/\/secure.gravatar.com\/avatar\/b8d45f5c699b100dfaf0e543582f38f38bf94cb7ae3a5e9abf8d891a34773335?s=96&d=mm&r=g","width":96,"height":96,"caption":"Juliana Laviola"}},{"@type":"WebPage","@id":"https:\/\/anoticiaonline.com.br\/site\/prefeitura-de-vieiras-inaugura-policlinica-com-diversas-especialidades-medicas\/#webpage","url":"https:\/\/anoticiaonline.com.br\/site\/prefeitura-de-vieiras-inaugura-policlinica-com-diversas-especialidades-medicas\/","name":"Prefeitura de Vieiras inaugura policl\u00ednica com diversas especialidades m\u00e9dicas - A Not\u00edcia Online","description":"A Prefeitura de Vieiras apresentou \u00e0 popula\u00e7\u00e3o mais um investimento na \u00e1rea de sa\u00fade daquele munic\u00edpio. A Policl\u00ednica Sebasti\u00e3o Dias Filho - antes Centro Municipal de Sa\u00fade - atende diversas especialidades m\u00e9dicas, entre elas, Cl\u00ednica Geral, Ginecologia e Obstetr\u00edcia, Fonoaudiologia, Psiquiatria, Psicologia e Nutri\u00e7\u00e3o. Tamb\u00e9m h\u00e1 equipe de Enfermagem, Laborat\u00f3rio de An\u00e1lises Cl\u00ednicas e dentistas.","inLanguage":"pt-BR","isPartOf":{"@id":"https:\/\/anoticiaonline.com.br\/site\/#website"},"breadcrumb":{"@id":"https:\/\/anoticiaonline.com.br\/site\/prefeitura-de-vieiras-inaugura-policlinica-com-diversas-especialidades-medicas\/#breadcrumblist"},"author":{"@id":"https:\/\/anoticiaonline.com.br\/site\/author\/juliana\/#author"},"creator":{"@id":"https:\/\/anoticiaonline.com.br\/site\/author\/juliana\/#author"},"image":{"@type":"ImageObject","url":"https:\/\/anoticiaonline.com.br\/site\/wp-content\/uploads\/2016\/03\/policlinica-vieiras.jpg","@id":"https:\/\/anoticiaonline.com.br\/site\/prefeitura-de-vieiras-inaugura-policlinica-com-diversas-especialidades-medicas\/#mainImage","width":600,"height":450},"primaryImageOfPage":{"@id":"https:\/\/anoticiaonline.com.br\/site\/prefeitura-de-vieiras-inaugura-policlinica-com-diversas-especialidades-medicas\/#mainImage"},"datePublished":"2016-03-04T07:00:13-03:00","dateModified":"2016-03-03T19:40:59-03:00"},{"@type":"WebSite","@id":"https:\/\/anoticiaonline.com.br\/site\/#website","url":"https:\/\/anoticiaonline.com.br\/site\/","name":"A Not\u00edcia Online","description":"Noticias de Muria\u00e9 e regi\u00e3o","inLanguage":"pt-BR","publisher":{"@id":"https:\/\/anoticiaonline.com.br\/site\/#organization"}}]},"og:locale":"pt_BR","og:site_name":"A Not\u00edcia Online - Noticias de Muria\u00e9 e regi\u00e3o","og:type":"article","og:title":"Prefeitura de Vieiras inaugura policl\u00ednica com diversas especialidades m\u00e9dicas - A Not\u00edcia Online","og:description":"A Prefeitura de Vieiras apresentou \u00e0 popula\u00e7\u00e3o mais um investimento na \u00e1rea de sa\u00fade daquele munic\u00edpio. A Policl\u00ednica Sebasti\u00e3o Dias Filho - antes Centro Municipal de Sa\u00fade - atende diversas especialidades m\u00e9dicas, entre elas, Cl\u00ednica Geral, Ginecologia e Obstetr\u00edcia, Fonoaudiologia, Psiquiatria, Psicologia e Nutri\u00e7\u00e3o. Tamb\u00e9m h\u00e1 equipe de Enfermagem, Laborat\u00f3rio de An\u00e1lises Cl\u00ednicas e dentistas.","og:url":"https:\/\/anoticiaonline.com.br\/site\/prefeitura-de-vieiras-inaugura-policlinica-com-diversas-especialidades-medicas\/","og:image":"https:\/\/scontent-gig4-1.xx.fbcdn.net\/v\/t39.30808-1\/270437624_4564083193639691_6907940295614233970_n.jpg?stp=dst-jpg_s200x200_tt6&#038;_nc_cat=111&#038;ccb=1-7&#038;_nc_sid=f907e8&#038;_nc_ohc=SM1wRlP3lJwQ7kNvwEPuBYA&#038;_nc_oc=AdnqrjDN_BNjSSHWO-GbkIWH6fkGMLw4bqvL_NH6e2wMveX7G-rP2dAqsDSq1mJMOaY&#038;_nc_zt=24&#038;_nc_ht=scontent-gig4-1.xx&#038;_nc_gid=AoBFJeGrT1hVaew_6rchkQ&#038;oh=00_AfX7QmFGhQhG2jAllVgXCiM1ZrWgvtp80-Bfppyexh1QEg&#038;oe=689E923C","og:image:secure_url":"https:\/\/scontent-gig4-1.xx.fbcdn.net\/v\/t39.30808-1\/270437624_4564083193639691_6907940295614233970_n.jpg?stp=dst-jpg_s200x200_tt6&#038;_nc_cat=111&#038;ccb=1-7&#038;_nc_sid=f907e8&#038;_nc_ohc=SM1wRlP3lJwQ7kNvwEPuBYA&#038;_nc_oc=AdnqrjDN_BNjSSHWO-GbkIWH6fkGMLw4bqvL_NH6e2wMveX7G-rP2dAqsDSq1mJMOaY&#038;_nc_zt=24&#038;_nc_ht=scontent-gig4-1.xx&#038;_nc_gid=AoBFJeGrT1hVaew_6rchkQ&#038;oh=00_AfX7QmFGhQhG2jAllVgXCiM1ZrWgvtp80-Bfppyexh1QEg&#038;oe=689E923C","article:published_time":"2016-03-04T10:00:13+00:00","article:modified_time":"2016-03-03T22:40:59+00:00","twitter:card":"summary_large_image","twitter:title":"Prefeitura de Vieiras inaugura policl\u00ednica com diversas especialidades m\u00e9dicas - A Not\u00edcia Online","twitter:description":"A Prefeitura de Vieiras apresentou \u00e0 popula\u00e7\u00e3o mais um investimento na \u00e1rea de sa\u00fade daquele munic\u00edpio. A Policl\u00ednica Sebasti\u00e3o Dias Filho - antes Centro Municipal de Sa\u00fade - atende diversas especialidades m\u00e9dicas, entre elas, Cl\u00ednica Geral, Ginecologia e Obstetr\u00edcia, Fonoaudiologia, Psiquiatria, Psicologia e Nutri\u00e7\u00e3o. Tamb\u00e9m h\u00e1 equipe de Enfermagem, Laborat\u00f3rio de An\u00e1lises Cl\u00ednicas e dentistas.","twitter:image":"https:\/\/scontent-gig4-1.xx.fbcdn.net\/v\/t39.30808-1\/270437624_4564083193639691_6907940295614233970_n.jpg?stp=dst-jpg_s200x200_tt6&_nc_cat=111&ccb=1-7&_nc_sid=f907e8&_nc_ohc=SM1wRlP3lJwQ7kNvwEPuBYA&_nc_oc=AdnqrjDN_BNjSSHWO-GbkIWH6fkGMLw4bqvL_NH6e2wMveX7G-rP2dAqsDSq1mJMOaY&_nc_zt=24&_nc_ht=scontent-gig4-1.xx&_nc_gid=AoBFJeGrT1hVaew_6rchkQ&oh=00_AfX7QmFGhQhG2jAllVgXCiM1ZrWgvtp80-Bfppyexh1QEg&oe=689E923C"},"aioseo_meta_data":{"post_id":"10098","title":null,"description":null,"keywords":null,"keyphrases":null,"primary_term":null,"canonical_url":null,"og_title":null,"og_description":null,"og_object_type":"default","og_image_type":"default","og_image_url":null,"og_image_width":null,"og_image_height":null,"og_image_custom_url":null,"og_image_custom_fields":null,"og_video":null,"og_custom_url":null,"og_article_section":null,"og_article_tags":null,"twitter_use_og":false,"twitter_card":"default","twitter_image_type":"default","twitter_image_url":null,"twitter_image_custom_url":null,"twitter_image_custom_fields":null,"twitter_title":null,"twitter_description":null,"schema":{"blockGraphs":[],"customGraphs":[],"default":{"data":{"Article":[],"Course":[],"Dataset":[],"FAQPage":[],"Movie":[],"Person":[],"Product":[],"ProductReview":[],"Car":[],"Recipe":[],"Service":[],"SoftwareApplication":[],"WebPage":[]},"graphName":"","isEnabled":true},"graphs":[]},"schema_type":"default","schema_type_options":null,"pillar_content":false,"robots_default":true,"robots_noindex":false,"robots_noarchive":false,"robots_nosnippet":false,"robots_nofollow":false,"robots_noimageindex":false,"robots_noodp":false,"robots_notranslate":false,"robots_max_snippet":null,"robots_max_videopreview":null,"robots_max_imagepreview":"large","priority":null,"frequency":null,"local_seo":null,"breadcrumb_settings":null,"limit_modified_date":false,"ai":null,"created":"2025-08-16 15:26:20","updated":"2025-08-16 15:26:20","focus_keyword":null,"additional_keywords":null,"truseo_locale":null,"seo_analyzer_scan_date":null},"aioseo_breadcrumb":"<div class=\"aioseo-breadcrumbs\"><span class=\"aioseo-breadcrumb\">\n\t\t\t<a href=\"https:\/\/anoticiaonline.com.br\/site\" title=\"Home\">Home<\/a>\n\t\t<\/span><span class=\"aioseo-breadcrumb-separator\">&raquo;<\/span><span class=\"aioseo-breadcrumb\">\n\t\t\t<a href=\"https:\/\/anoticiaonline.com.br\/site\/categoria\/regiao\/\" title=\"Regi\u00e3o\">Regi\u00e3o<\/a>\n\t\t<\/span><span class=\"aioseo-breadcrumb-separator\">&raquo;<\/span><span class=\"aioseo-breadcrumb\">\n\t\t\tPrefeitura de Vieiras inaugura policl\u00ednica com diversas especialidades m\u00e9dicas\n\t\t<\/span><\/div>","aioseo_breadcrumb_json":[{"label":"Home","link":"https:\/\/anoticiaonline.com.br\/site"},{"label":"Regi\u00e3o","link":"https:\/\/anoticiaonline.com.br\/site\/categoria\/regiao\/"},{"label":"Prefeitura de Vieiras inaugura policl\u00ednica com diversas especialidades m\u00e9dicas","link":"https:\/\/anoticiaonline.com.br\/site\/prefeitura-de-vieiras-inaugura-policlinica-com-diversas-especialidades-medicas\/"}],"views":133,"_links":{"self":[{"href":"https:\/\/anoticiaonline.com.br\/site\/wp-json\/wp\/v2\/posts\/10098","targetHints":{"allow":["GET"]}}],"collection":[{"href":"https:\/\/anoticiaonline.com.br\/site\/wp-json\/wp\/v2\/posts"}],"about":[{"href":"https:\/\/anoticiaonline.com.br\/site\/wp-json\/wp\/v2\/types\/post"}],"author":[{"embeddable":true,"href":"https:\/\/anoticiaonline.com.br\/site\/wp-json\/wp\/v2\/users\/2"}],"replies":[{"embeddable":true,"href":"https:\/\/anoticiaonline.com.br\/site\/wp-json\/wp\/v2\/comments?post=10098"}],"version-history":[{"count":0,"href":"https:\/\/anoticiaonline.com.br\/site\/wp-json\/wp\/v2\/posts\/10098\/revisions"}],"wp:featuredmedia":[{"embeddable":true,"href":"https:\/\/anoticiaonline.com.br\/site\/wp-json\/wp\/v2\/media\/10100"}],"wp:attachment":[{"href":"https:\/\/anoticiaonline.com.br\/site\/wp-json\/wp\/v2\/media?parent=10098"}],"wp:term":[{"taxonomy":"category","embeddable":true,"href":"https:\/\/anoticiaonline.com.br\/site\/wp-json\/wp\/v2\/categories?post=10098"},{"taxonomy":"post_tag","embeddable":true,"href":"https:\/\/anoticiaonline.com.br\/site\/wp-json\/wp\/v2\/tags?post=10098"}],"curies":[{"name":"wp","href":"https:\/\/api.w.org\/{rel}","templated":true}]}}