{"id":10062,"date":"2016-03-03T16:28:40","date_gmt":"2016-03-03T19:28:40","guid":{"rendered":"http:\/\/anoticiaonline.com.br\/site\/?p=10062"},"modified":"2016-03-03T16:28:40","modified_gmt":"2016-03-03T19:28:40","slug":"lula-o-politico","status":"publish","type":"post","link":"https:\/\/anoticiaonline.com.br\/site\/lula-o-politico\/","title":{"rendered":"Lula, o pol\u00edtico"},"content":{"rendered":"<p>Um dia desses, conversando numa roda de amigos sobre pol\u00edtica, arrisquei um palpite sobre a figura do ex-presidente Lula. Emiti uma opini\u00e3o, que, na realidade, faz parte do meu entendimento sobre o perfil pol\u00edtico e tamb\u00e9m pessoal do ex-presidente, at\u00e9 porque, se conseguirem provar tudo o que est\u00e3o noticiando, Lula estar\u00e1 irremediavelmente perdido e, certamente, ter\u00e1 selado na sua biografia o t\u00edtulo de maior trapaceiro entre todos os chefes de Estado da hist\u00f3ria contempor\u00e2nea.<\/p>\n<p>Mas, voltando \u00e0 minha opini\u00e3o, eu disse que considerava o Lula o maior pol\u00edtico que o pa\u00eds conheceu nos \u00faltimos anos. Claro que os amigos levaram um susto. Al\u00e9m disso, quem l\u00ea essa coluna semanalmente, pode entender que a minha defini\u00e7\u00e3o se trata de um contrassenso ou de uma enorme incoer\u00eancia, levando-se em considera\u00e7\u00e3o tudo o que eu j\u00e1 escrevi aqui neste espa\u00e7o sobre a pol\u00edtica nacional.<\/p>\n<p>Assim, vamos l\u00e1, e pensem comigo. Lula enquanto sindicalista, criou o PT, um partido de esquerda extremamente radical. Combateu as elites, insultou banqueiros e empres\u00e1rios, foi preso; depois solto, foi aclamado como o grande l\u00edder, ou seja, cultivou uma lideran\u00e7a conhecida como \u201cpetistas\u201d, que era considerada pelos seus seguidores n\u00e3o como um partido pol\u00edtico, mas como se fosse uma verdadeira seita, tal o tamanho do seu radicalismo.<\/p>\n<p>Por tr\u00eas vezes, concorreu \u00e0 Presid\u00eancia da Rep\u00fablica, sendo derrotado. Come\u00e7ou a partir da\u00ed a sua metamorfose. Ao jogar no lixo toda a sua filosofia de esquerda radicalista e se unir aos empres\u00e1rios e banqueiros, aos quais ele tanto destratou, acabou sendo eleito e, em 2002, tornou-se o primeiro metal\u00fargico com direito a subir a rampa do Pal\u00e1cio do Planalto como presidente do Brasil. Os petistas, absolutamente euf\u00f3ricos, exibiam, orgulhosos, a estrela vermelha, s\u00edmbolo de muitas lutas anteriores. At\u00e9 que enfim, era Lula l\u00e1, diziam. Surfando na onda do Plano Real e da estabiliza\u00e7\u00e3o econ\u00f4mica promovida pelo governo de Fernando Henrique Cardoso, ele prometeu acabar com a fome, com a mis\u00e9ria, com a pobreza extrema, conheceu a popularidade, o mundo, desfilou de carruagem com a rainha da Inglaterra. Ao mesmo tempo, o presidente dos Estados Unidos, Barack Obama, dizia: \u201cEsse \u00e9 o cara\u201d.<\/p>\n<p>Mas como governar o pa\u00eds sem uma base parlamentar? Esperto, e capitaneado pelos seus fi\u00e9is escudeiros, Jos\u00e9 Dirceu, Jos\u00e9 Genu\u00edno e v\u00e1rios outros, montou uma base aliada em cuja fachada estava escrito: governo de coaliz\u00e3o. A estrat\u00e9gia deu certo at\u00e9 explodir o mensal\u00e3o, uma compra de apoio de partidos e parlamentares em troca de votos a favor de projetos de interesse do governo. Mas Lula \u201cn\u00e3o sabia de nada, nunca soube\u201d, dizia sempre. Enquanto os \u201ccompanheiros\u201d eram presos, processados e encarcerados, Lula escapou ileso, e, ainda por cima, com uma alta popularidade, apesar dos esc\u00e2ndalos de corrup\u00e7\u00e3o.<\/p>\n<p>Com o seu mandato por terminar, inventou a Dilma, ou a \u201cDilminha\u201d, como ele dizia. Na campanha da sua sucess\u00e3o, na inaugura\u00e7\u00e3o de uma plataforma para extrair petr\u00f3leo, sujou literalmente as m\u00e3os com o \u201couro negro\u201d e carimbou o macac\u00e3o da ent\u00e3o candidata Dilma. Mal sab\u00edamos n\u00f3s que aquelas m\u00e3os sujas de petr\u00f3leo, mostradas sob as luzes dos holofotes, naquele momento, era o pren\u00fancio do maior assalto aos cofres p\u00fablicos da nossa Hist\u00f3ria. J\u00e1 estava em curso o \u201cpropinoduto\u201d e selado o novo \u201calvo\u201d da corrup\u00e7\u00e3o. Ali, naquele momento, a Petrobras j\u00e1 estava sendo assaltada para saciar a fome de pol\u00edticos ligados ao governo. Como sempre, Lula nunca soube de nada e continua sem saber. Pobre dos brasileiros que n\u00e3o sabem votar. Reconduziram a \u201cDilminha\u201d para um novo governo, ou desgoverno, como queiram. O Brasil est\u00e1 naufragando e o \u201ccomandante\u201d, que nunca deixou de agir, agora acuado pela Pol\u00edcia Federal, continua afirmando que \u201cn\u00e3o sabe\u201d se tem um triplex na praia de Guaruj\u00e1 e nem um s\u00edtio em Atibaia (SP), at\u00e9 porque, ao que parece, os dois im\u00f3veis n\u00e3o est\u00e3o no seu nome, embora a empreiteira OAS tenha feito as reformas por sua conta, tendo sido enviado, pela fam\u00edlia, m\u00f3veis e objetos pessoais do ex-presidente para o local.<\/p>\n<p>E assim caminha a humanidade, ou melhor, caminham os brasileiros. Quando eu disse que Lula \u00e9 o maior pol\u00edtico que apareceu no Brasil nos \u00faltimos tempos, \u00e9 porque, apesar de acuado pela Pol\u00edcia Federal, e de tudo mais que j\u00e1 se sabe em rela\u00e7\u00e3o \u00e0 sua conduta, ele continua mandando. O ex-ministro da Justi\u00e7a, Jos\u00e9 Eduardo Cardozo, que o diga. Al\u00e9m disso, eu disse o maior, e n\u00e3o o melhor, at\u00e9 porque, \u00e9 bom que se esclare\u00e7a que, ressalvadas as exce\u00e7\u00f5es, pol\u00edtico no Brasil virou sin\u00f4nimo de corrup\u00e7\u00e3o.<\/p>\n","protected":false},"excerpt":{"rendered":"<p>Um dia desses, conversando numa roda de amigos sobre pol\u00edtica, arrisquei um palpite sobre a figura do ex-presidente Lula. Emiti uma opini\u00e3o, que, na realidade, faz parte do meu entendimento sobre o perfil pol\u00edtico e tamb\u00e9m pessoal do ex-presidente, at\u00e9 porque, se conseguirem provar tudo o que est\u00e3o noticiando, Lula estar\u00e1 irremediavelmente perdido e, certamente, &#8230; <a title=\"Lula, o pol\u00edtico\" class=\"read-more\" href=\"https:\/\/anoticiaonline.com.br\/site\/lula-o-politico\/\" aria-label=\"Read more about Lula, o pol\u00edtico\">Ler mais<\/a><\/p>\n","protected":false},"author":2,"featured_media":0,"comment_status":"open","ping_status":"open","sticky":false,"template":"","format":"standard","meta":{"_acf_changed":false,"_monsterinsights_skip_tracking":false,"footnotes":""},"categories":[33],"tags":[],"class_list":["post-10062","post","type-post","status-publish","format-standard","hentry","category-politica-e-atualidades-francisco-laviola"],"acf":[],"aioseo_notices":[],"aioseo_head":"\n\t\t<!-- All in One SEO 5.0.0.1 - aioseo.com -->\n\t<meta name=\"description\" content=\"Um dia desses, conversando numa roda de amigos sobre pol\u00edtica, arrisquei um palpite sobre a figura do ex-presidente Lula. Emiti uma opini\u00e3o, que, na realidade, faz parte do meu entendimento sobre o perfil pol\u00edtico e tamb\u00e9m pessoal do ex-presidente, at\u00e9 porque, se conseguirem provar tudo o que est\u00e3o noticiando, Lula estar\u00e1 irremediavelmente perdido e, certamente,\" \/>\n\t<meta name=\"robots\" content=\"max-image-preview:large\" \/>\n\t<meta name=\"author\" content=\"Juliana Laviola\"\/>\n\t<link rel=\"canonical\" href=\"https:\/\/anoticiaonline.com.br\/site\/lula-o-politico\/\" \/>\n\t<meta name=\"generator\" content=\"All in One SEO (AIOSEO) 5.0.0.1\" \/>\n\t\t<meta property=\"og:locale\" content=\"pt_BR\" \/>\n\t\t<meta property=\"og:site_name\" content=\"A Not\u00edcia Online - Noticias de Muria\u00e9 e regi\u00e3o\" \/>\n\t\t<meta property=\"og:type\" content=\"article\" \/>\n\t\t<meta property=\"og:title\" content=\"Lula, o pol\u00edtico - A Not\u00edcia Online\" \/>\n\t\t<meta property=\"og:description\" content=\"Um dia desses, conversando numa roda de amigos sobre pol\u00edtica, arrisquei um palpite sobre a figura do ex-presidente Lula. Emiti uma opini\u00e3o, que, na realidade, faz parte do meu entendimento sobre o perfil pol\u00edtico e tamb\u00e9m pessoal do ex-presidente, at\u00e9 porque, se conseguirem provar tudo o que est\u00e3o noticiando, Lula estar\u00e1 irremediavelmente perdido e, certamente,\" \/>\n\t\t<meta property=\"og:url\" content=\"https:\/\/anoticiaonline.com.br\/site\/lula-o-politico\/\" \/>\n\t\t<meta property=\"og:image\" content=\"https:\/\/scontent-gig4-1.xx.fbcdn.net\/v\/t39.30808-1\/270437624_4564083193639691_6907940295614233970_n.jpg?stp=dst-jpg_s200x200_tt6&#038;_nc_cat=111&#038;ccb=1-7&#038;_nc_sid=f907e8&#038;_nc_ohc=SM1wRlP3lJwQ7kNvwEPuBYA&#038;_nc_oc=AdnqrjDN_BNjSSHWO-GbkIWH6fkGMLw4bqvL_NH6e2wMveX7G-rP2dAqsDSq1mJMOaY&#038;_nc_zt=24&#038;_nc_ht=scontent-gig4-1.xx&#038;_nc_gid=AoBFJeGrT1hVaew_6rchkQ&#038;oh=00_AfX7QmFGhQhG2jAllVgXCiM1ZrWgvtp80-Bfppyexh1QEg&#038;oe=689E923C\" \/>\n\t\t<meta property=\"og:image:secure_url\" content=\"https:\/\/scontent-gig4-1.xx.fbcdn.net\/v\/t39.30808-1\/270437624_4564083193639691_6907940295614233970_n.jpg?stp=dst-jpg_s200x200_tt6&#038;_nc_cat=111&#038;ccb=1-7&#038;_nc_sid=f907e8&#038;_nc_ohc=SM1wRlP3lJwQ7kNvwEPuBYA&#038;_nc_oc=AdnqrjDN_BNjSSHWO-GbkIWH6fkGMLw4bqvL_NH6e2wMveX7G-rP2dAqsDSq1mJMOaY&#038;_nc_zt=24&#038;_nc_ht=scontent-gig4-1.xx&#038;_nc_gid=AoBFJeGrT1hVaew_6rchkQ&#038;oh=00_AfX7QmFGhQhG2jAllVgXCiM1ZrWgvtp80-Bfppyexh1QEg&#038;oe=689E923C\" \/>\n\t\t<meta property=\"article:published_time\" content=\"2016-03-03T19:28:40+00:00\" \/>\n\t\t<meta property=\"article:modified_time\" content=\"2016-03-03T19:28:40+00:00\" \/>\n\t\t<meta name=\"twitter:card\" content=\"summary_large_image\" \/>\n\t\t<meta name=\"twitter:title\" content=\"Lula, o pol\u00edtico - A Not\u00edcia Online\" \/>\n\t\t<meta name=\"twitter:description\" content=\"Um dia desses, conversando numa roda de amigos sobre pol\u00edtica, arrisquei um palpite sobre a figura do ex-presidente Lula. Emiti uma opini\u00e3o, que, na realidade, faz parte do meu entendimento sobre o perfil pol\u00edtico e tamb\u00e9m pessoal do ex-presidente, at\u00e9 porque, se conseguirem provar tudo o que est\u00e3o noticiando, Lula estar\u00e1 irremediavelmente perdido e, certamente,\" \/>\n\t\t<meta name=\"twitter:image\" content=\"https:\/\/scontent-gig4-1.xx.fbcdn.net\/v\/t39.30808-1\/270437624_4564083193639691_6907940295614233970_n.jpg?stp=dst-jpg_s200x200_tt6&amp;_nc_cat=111&amp;ccb=1-7&amp;_nc_sid=f907e8&amp;_nc_ohc=SM1wRlP3lJwQ7kNvwEPuBYA&amp;_nc_oc=AdnqrjDN_BNjSSHWO-GbkIWH6fkGMLw4bqvL_NH6e2wMveX7G-rP2dAqsDSq1mJMOaY&amp;_nc_zt=24&amp;_nc_ht=scontent-gig4-1.xx&amp;_nc_gid=AoBFJeGrT1hVaew_6rchkQ&amp;oh=00_AfX7QmFGhQhG2jAllVgXCiM1ZrWgvtp80-Bfppyexh1QEg&amp;oe=689E923C\" \/>\n\t\t<script type=\"application\/ld+json\" class=\"aioseo-schema\">\n\t\t\t{\"@context\":\"https:\\\/\\\/schema.org\",\"@graph\":[{\"@type\":\"BlogPosting\",\"@id\":\"https:\\\/\\\/anoticiaonline.com.br\\\/site\\\/lula-o-politico\\\/#blogposting\",\"name\":\"Lula, o pol\\u00edtico - A Not\\u00edcia Online\",\"headline\":\"Lula, o pol\\u00edtico\",\"author\":{\"@id\":\"https:\\\/\\\/anoticiaonline.com.br\\\/site\\\/author\\\/juliana\\\/#author\"},\"publisher\":{\"@id\":\"https:\\\/\\\/anoticiaonline.com.br\\\/site\\\/#organization\"},\"image\":{\"@type\":\"ImageObject\",\"url\":\"https:\\\/\\\/scontent-gig4-1.xx.fbcdn.net\\\/v\\\/t39.30808-1\\\/270437624_4564083193639691_6907940295614233970_n.jpg?stp=dst-jpg_s200x200_tt6&_nc_cat=111&ccb=1-7&_nc_sid=f907e8&_nc_ohc=SM1wRlP3lJwQ7kNvwEPuBYA&_nc_oc=AdnqrjDN_BNjSSHWO-GbkIWH6fkGMLw4bqvL_NH6e2wMveX7G-rP2dAqsDSq1mJMOaY&_nc_zt=24&_nc_ht=scontent-gig4-1.xx&_nc_gid=AoBFJeGrT1hVaew_6rchkQ&oh=00_AfX7QmFGhQhG2jAllVgXCiM1ZrWgvtp80-Bfppyexh1QEg&oe=689E923C\",\"@id\":\"https:\\\/\\\/anoticiaonline.com.br\\\/site\\\/#articleImage\"},\"datePublished\":\"2016-03-03T16:28:40-03:00\",\"dateModified\":\"2016-03-03T16:28:40-03:00\",\"inLanguage\":\"pt-BR\",\"mainEntityOfPage\":{\"@id\":\"https:\\\/\\\/anoticiaonline.com.br\\\/site\\\/lula-o-politico\\\/#webpage\"},\"isPartOf\":{\"@id\":\"https:\\\/\\\/anoticiaonline.com.br\\\/site\\\/lula-o-politico\\\/#webpage\"},\"articleSection\":\"Pol\\u00edtica e Atualidades - Francisco Laviola\"},{\"@type\":\"BreadcrumbList\",\"@id\":\"https:\\\/\\\/anoticiaonline.com.br\\\/site\\\/lula-o-politico\\\/#breadcrumblist\",\"itemListElement\":[{\"@type\":\"ListItem\",\"@id\":\"https:\\\/\\\/anoticiaonline.com.br\\\/site#listItem\",\"position\":1,\"name\":\"Home\",\"item\":\"https:\\\/\\\/anoticiaonline.com.br\\\/site\",\"nextItem\":{\"@type\":\"ListItem\",\"@id\":\"https:\\\/\\\/anoticiaonline.com.br\\\/site\\\/categoria\\\/colunistas\\\/#listItem\",\"name\":\"Colunistas\"}},{\"@type\":\"ListItem\",\"@id\":\"https:\\\/\\\/anoticiaonline.com.br\\\/site\\\/categoria\\\/colunistas\\\/#listItem\",\"position\":2,\"name\":\"Colunistas\",\"item\":\"https:\\\/\\\/anoticiaonline.com.br\\\/site\\\/categoria\\\/colunistas\\\/\",\"nextItem\":{\"@type\":\"ListItem\",\"@id\":\"https:\\\/\\\/anoticiaonline.com.br\\\/site\\\/categoria\\\/colunistas\\\/politica-e-atualidades-francisco-laviola\\\/#listItem\",\"name\":\"Pol\\u00edtica e Atualidades - Francisco Laviola\"},\"previousItem\":{\"@type\":\"ListItem\",\"@id\":\"https:\\\/\\\/anoticiaonline.com.br\\\/site#listItem\",\"name\":\"Home\"}},{\"@type\":\"ListItem\",\"@id\":\"https:\\\/\\\/anoticiaonline.com.br\\\/site\\\/categoria\\\/colunistas\\\/politica-e-atualidades-francisco-laviola\\\/#listItem\",\"position\":3,\"name\":\"Pol\\u00edtica e Atualidades - Francisco Laviola\",\"item\":\"https:\\\/\\\/anoticiaonline.com.br\\\/site\\\/categoria\\\/colunistas\\\/politica-e-atualidades-francisco-laviola\\\/\",\"nextItem\":{\"@type\":\"ListItem\",\"@id\":\"https:\\\/\\\/anoticiaonline.com.br\\\/site\\\/lula-o-politico\\\/#listItem\",\"name\":\"Lula, o pol\\u00edtico\"},\"previousItem\":{\"@type\":\"ListItem\",\"@id\":\"https:\\\/\\\/anoticiaonline.com.br\\\/site\\\/categoria\\\/colunistas\\\/#listItem\",\"name\":\"Colunistas\"}},{\"@type\":\"ListItem\",\"@id\":\"https:\\\/\\\/anoticiaonline.com.br\\\/site\\\/lula-o-politico\\\/#listItem\",\"position\":4,\"name\":\"Lula, o pol\\u00edtico\",\"previousItem\":{\"@type\":\"ListItem\",\"@id\":\"https:\\\/\\\/anoticiaonline.com.br\\\/site\\\/categoria\\\/colunistas\\\/politica-e-atualidades-francisco-laviola\\\/#listItem\",\"name\":\"Pol\\u00edtica e Atualidades - Francisco Laviola\"}}]},{\"@type\":\"Organization\",\"@id\":\"https:\\\/\\\/anoticiaonline.com.br\\\/site\\\/#organization\",\"name\":\"A Not\\u00edcia Online\",\"description\":\"Noticias de Muria\\u00e9 e regi\\u00e3o\",\"url\":\"https:\\\/\\\/anoticiaonline.com.br\\\/site\\\/\",\"logo\":{\"@type\":\"ImageObject\",\"url\":\"https:\\\/\\\/scontent-gig4-1.xx.fbcdn.net\\\/v\\\/t39.30808-1\\\/270437624_4564083193639691_6907940295614233970_n.jpg?stp=dst-jpg_s200x200_tt6&_nc_cat=111&ccb=1-7&_nc_sid=f907e8&_nc_ohc=SM1wRlP3lJwQ7kNvwEPuBYA&_nc_oc=AdnqrjDN_BNjSSHWO-GbkIWH6fkGMLw4bqvL_NH6e2wMveX7G-rP2dAqsDSq1mJMOaY&_nc_zt=24&_nc_ht=scontent-gig4-1.xx&_nc_gid=AoBFJeGrT1hVaew_6rchkQ&oh=00_AfX7QmFGhQhG2jAllVgXCiM1ZrWgvtp80-Bfppyexh1QEg&oe=689E923C\",\"@id\":\"https:\\\/\\\/anoticiaonline.com.br\\\/site\\\/lula-o-politico\\\/#organizationLogo\"},\"image\":{\"@id\":\"https:\\\/\\\/anoticiaonline.com.br\\\/site\\\/lula-o-politico\\\/#organizationLogo\"}},{\"@type\":\"Person\",\"@id\":\"https:\\\/\\\/anoticiaonline.com.br\\\/site\\\/author\\\/juliana\\\/#author\",\"url\":\"https:\\\/\\\/anoticiaonline.com.br\\\/site\\\/author\\\/juliana\\\/\",\"name\":\"Juliana Laviola\",\"image\":{\"@type\":\"ImageObject\",\"@id\":\"https:\\\/\\\/anoticiaonline.com.br\\\/site\\\/lula-o-politico\\\/#authorImage\",\"url\":\"https:\\\/\\\/secure.gravatar.com\\\/avatar\\\/b8d45f5c699b100dfaf0e543582f38f38bf94cb7ae3a5e9abf8d891a34773335?s=96&d=mm&r=g\",\"width\":96,\"height\":96,\"caption\":\"Juliana Laviola\"}},{\"@type\":\"WebPage\",\"@id\":\"https:\\\/\\\/anoticiaonline.com.br\\\/site\\\/lula-o-politico\\\/#webpage\",\"url\":\"https:\\\/\\\/anoticiaonline.com.br\\\/site\\\/lula-o-politico\\\/\",\"name\":\"Lula, o pol\\u00edtico - A Not\\u00edcia Online\",\"description\":\"Um dia desses, conversando numa roda de amigos sobre pol\\u00edtica, arrisquei um palpite sobre a figura do ex-presidente Lula. Emiti uma opini\\u00e3o, que, na realidade, faz parte do meu entendimento sobre o perfil pol\\u00edtico e tamb\\u00e9m pessoal do ex-presidente, at\\u00e9 porque, se conseguirem provar tudo o que est\\u00e3o noticiando, Lula estar\\u00e1 irremediavelmente perdido e, certamente,\",\"inLanguage\":\"pt-BR\",\"isPartOf\":{\"@id\":\"https:\\\/\\\/anoticiaonline.com.br\\\/site\\\/#website\"},\"breadcrumb\":{\"@id\":\"https:\\\/\\\/anoticiaonline.com.br\\\/site\\\/lula-o-politico\\\/#breadcrumblist\"},\"author\":{\"@id\":\"https:\\\/\\\/anoticiaonline.com.br\\\/site\\\/author\\\/juliana\\\/#author\"},\"creator\":{\"@id\":\"https:\\\/\\\/anoticiaonline.com.br\\\/site\\\/author\\\/juliana\\\/#author\"},\"datePublished\":\"2016-03-03T16:28:40-03:00\",\"dateModified\":\"2016-03-03T16:28:40-03:00\"},{\"@type\":\"WebSite\",\"@id\":\"https:\\\/\\\/anoticiaonline.com.br\\\/site\\\/#website\",\"url\":\"https:\\\/\\\/anoticiaonline.com.br\\\/site\\\/\",\"name\":\"A Not\\u00edcia Online\",\"description\":\"Noticias de Muria\\u00e9 e regi\\u00e3o\",\"inLanguage\":\"pt-BR\",\"publisher\":{\"@id\":\"https:\\\/\\\/anoticiaonline.com.br\\\/site\\\/#organization\"}}]}\n\t\t<\/script>\n\t\t<!-- All in One SEO -->\n\n","aioseo_head_json":{"title":"Lula, o pol\u00edtico - A Not\u00edcia Online","description":"Um dia desses, conversando numa roda de amigos sobre pol\u00edtica, arrisquei um palpite sobre a figura do ex-presidente Lula. Emiti uma opini\u00e3o, que, na realidade, faz parte do meu entendimento sobre o perfil pol\u00edtico e tamb\u00e9m pessoal do ex-presidente, at\u00e9 porque, se conseguirem provar tudo o que est\u00e3o noticiando, Lula estar\u00e1 irremediavelmente perdido e, certamente,","canonical_url":"https:\/\/anoticiaonline.com.br\/site\/lula-o-politico\/","robots":"max-image-preview:large","keywords":"","webmasterTools":{"miscellaneous":""},"schema":{"@context":"https:\/\/schema.org","@graph":[{"@type":"BlogPosting","@id":"https:\/\/anoticiaonline.com.br\/site\/lula-o-politico\/#blogposting","name":"Lula, o pol\u00edtico - A Not\u00edcia Online","headline":"Lula, o pol\u00edtico","author":{"@id":"https:\/\/anoticiaonline.com.br\/site\/author\/juliana\/#author"},"publisher":{"@id":"https:\/\/anoticiaonline.com.br\/site\/#organization"},"image":{"@type":"ImageObject","url":"https:\/\/scontent-gig4-1.xx.fbcdn.net\/v\/t39.30808-1\/270437624_4564083193639691_6907940295614233970_n.jpg?stp=dst-jpg_s200x200_tt6&_nc_cat=111&ccb=1-7&_nc_sid=f907e8&_nc_ohc=SM1wRlP3lJwQ7kNvwEPuBYA&_nc_oc=AdnqrjDN_BNjSSHWO-GbkIWH6fkGMLw4bqvL_NH6e2wMveX7G-rP2dAqsDSq1mJMOaY&_nc_zt=24&_nc_ht=scontent-gig4-1.xx&_nc_gid=AoBFJeGrT1hVaew_6rchkQ&oh=00_AfX7QmFGhQhG2jAllVgXCiM1ZrWgvtp80-Bfppyexh1QEg&oe=689E923C","@id":"https:\/\/anoticiaonline.com.br\/site\/#articleImage"},"datePublished":"2016-03-03T16:28:40-03:00","dateModified":"2016-03-03T16:28:40-03:00","inLanguage":"pt-BR","mainEntityOfPage":{"@id":"https:\/\/anoticiaonline.com.br\/site\/lula-o-politico\/#webpage"},"isPartOf":{"@id":"https:\/\/anoticiaonline.com.br\/site\/lula-o-politico\/#webpage"},"articleSection":"Pol\u00edtica e Atualidades - Francisco Laviola"},{"@type":"BreadcrumbList","@id":"https:\/\/anoticiaonline.com.br\/site\/lula-o-politico\/#breadcrumblist","itemListElement":[{"@type":"ListItem","@id":"https:\/\/anoticiaonline.com.br\/site#listItem","position":1,"name":"Home","item":"https:\/\/anoticiaonline.com.br\/site","nextItem":{"@type":"ListItem","@id":"https:\/\/anoticiaonline.com.br\/site\/categoria\/colunistas\/#listItem","name":"Colunistas"}},{"@type":"ListItem","@id":"https:\/\/anoticiaonline.com.br\/site\/categoria\/colunistas\/#listItem","position":2,"name":"Colunistas","item":"https:\/\/anoticiaonline.com.br\/site\/categoria\/colunistas\/","nextItem":{"@type":"ListItem","@id":"https:\/\/anoticiaonline.com.br\/site\/categoria\/colunistas\/politica-e-atualidades-francisco-laviola\/#listItem","name":"Pol\u00edtica e Atualidades - Francisco Laviola"},"previousItem":{"@type":"ListItem","@id":"https:\/\/anoticiaonline.com.br\/site#listItem","name":"Home"}},{"@type":"ListItem","@id":"https:\/\/anoticiaonline.com.br\/site\/categoria\/colunistas\/politica-e-atualidades-francisco-laviola\/#listItem","position":3,"name":"Pol\u00edtica e Atualidades - Francisco Laviola","item":"https:\/\/anoticiaonline.com.br\/site\/categoria\/colunistas\/politica-e-atualidades-francisco-laviola\/","nextItem":{"@type":"ListItem","@id":"https:\/\/anoticiaonline.com.br\/site\/lula-o-politico\/#listItem","name":"Lula, o pol\u00edtico"},"previousItem":{"@type":"ListItem","@id":"https:\/\/anoticiaonline.com.br\/site\/categoria\/colunistas\/#listItem","name":"Colunistas"}},{"@type":"ListItem","@id":"https:\/\/anoticiaonline.com.br\/site\/lula-o-politico\/#listItem","position":4,"name":"Lula, o pol\u00edtico","previousItem":{"@type":"ListItem","@id":"https:\/\/anoticiaonline.com.br\/site\/categoria\/colunistas\/politica-e-atualidades-francisco-laviola\/#listItem","name":"Pol\u00edtica e Atualidades - Francisco Laviola"}}]},{"@type":"Organization","@id":"https:\/\/anoticiaonline.com.br\/site\/#organization","name":"A Not\u00edcia Online","description":"Noticias de Muria\u00e9 e regi\u00e3o","url":"https:\/\/anoticiaonline.com.br\/site\/","logo":{"@type":"ImageObject","url":"https:\/\/scontent-gig4-1.xx.fbcdn.net\/v\/t39.30808-1\/270437624_4564083193639691_6907940295614233970_n.jpg?stp=dst-jpg_s200x200_tt6&_nc_cat=111&ccb=1-7&_nc_sid=f907e8&_nc_ohc=SM1wRlP3lJwQ7kNvwEPuBYA&_nc_oc=AdnqrjDN_BNjSSHWO-GbkIWH6fkGMLw4bqvL_NH6e2wMveX7G-rP2dAqsDSq1mJMOaY&_nc_zt=24&_nc_ht=scontent-gig4-1.xx&_nc_gid=AoBFJeGrT1hVaew_6rchkQ&oh=00_AfX7QmFGhQhG2jAllVgXCiM1ZrWgvtp80-Bfppyexh1QEg&oe=689E923C","@id":"https:\/\/anoticiaonline.com.br\/site\/lula-o-politico\/#organizationLogo"},"image":{"@id":"https:\/\/anoticiaonline.com.br\/site\/lula-o-politico\/#organizationLogo"}},{"@type":"Person","@id":"https:\/\/anoticiaonline.com.br\/site\/author\/juliana\/#author","url":"https:\/\/anoticiaonline.com.br\/site\/author\/juliana\/","name":"Juliana Laviola","image":{"@type":"ImageObject","@id":"https:\/\/anoticiaonline.com.br\/site\/lula-o-politico\/#authorImage","url":"https:\/\/secure.gravatar.com\/avatar\/b8d45f5c699b100dfaf0e543582f38f38bf94cb7ae3a5e9abf8d891a34773335?s=96&d=mm&r=g","width":96,"height":96,"caption":"Juliana Laviola"}},{"@type":"WebPage","@id":"https:\/\/anoticiaonline.com.br\/site\/lula-o-politico\/#webpage","url":"https:\/\/anoticiaonline.com.br\/site\/lula-o-politico\/","name":"Lula, o pol\u00edtico - A Not\u00edcia Online","description":"Um dia desses, conversando numa roda de amigos sobre pol\u00edtica, arrisquei um palpite sobre a figura do ex-presidente Lula. Emiti uma opini\u00e3o, que, na realidade, faz parte do meu entendimento sobre o perfil pol\u00edtico e tamb\u00e9m pessoal do ex-presidente, at\u00e9 porque, se conseguirem provar tudo o que est\u00e3o noticiando, Lula estar\u00e1 irremediavelmente perdido e, certamente,","inLanguage":"pt-BR","isPartOf":{"@id":"https:\/\/anoticiaonline.com.br\/site\/#website"},"breadcrumb":{"@id":"https:\/\/anoticiaonline.com.br\/site\/lula-o-politico\/#breadcrumblist"},"author":{"@id":"https:\/\/anoticiaonline.com.br\/site\/author\/juliana\/#author"},"creator":{"@id":"https:\/\/anoticiaonline.com.br\/site\/author\/juliana\/#author"},"datePublished":"2016-03-03T16:28:40-03:00","dateModified":"2016-03-03T16:28:40-03:00"},{"@type":"WebSite","@id":"https:\/\/anoticiaonline.com.br\/site\/#website","url":"https:\/\/anoticiaonline.com.br\/site\/","name":"A Not\u00edcia Online","description":"Noticias de Muria\u00e9 e regi\u00e3o","inLanguage":"pt-BR","publisher":{"@id":"https:\/\/anoticiaonline.com.br\/site\/#organization"}}]},"og:locale":"pt_BR","og:site_name":"A Not\u00edcia Online - Noticias de Muria\u00e9 e regi\u00e3o","og:type":"article","og:title":"Lula, o pol\u00edtico - A Not\u00edcia Online","og:description":"Um dia desses, conversando numa roda de amigos sobre pol\u00edtica, arrisquei um palpite sobre a figura do ex-presidente Lula. Emiti uma opini\u00e3o, que, na realidade, faz parte do meu entendimento sobre o perfil pol\u00edtico e tamb\u00e9m pessoal do ex-presidente, at\u00e9 porque, se conseguirem provar tudo o que est\u00e3o noticiando, Lula estar\u00e1 irremediavelmente perdido e, certamente,","og:url":"https:\/\/anoticiaonline.com.br\/site\/lula-o-politico\/","og:image":"https:\/\/scontent-gig4-1.xx.fbcdn.net\/v\/t39.30808-1\/270437624_4564083193639691_6907940295614233970_n.jpg?stp=dst-jpg_s200x200_tt6&#038;_nc_cat=111&#038;ccb=1-7&#038;_nc_sid=f907e8&#038;_nc_ohc=SM1wRlP3lJwQ7kNvwEPuBYA&#038;_nc_oc=AdnqrjDN_BNjSSHWO-GbkIWH6fkGMLw4bqvL_NH6e2wMveX7G-rP2dAqsDSq1mJMOaY&#038;_nc_zt=24&#038;_nc_ht=scontent-gig4-1.xx&#038;_nc_gid=AoBFJeGrT1hVaew_6rchkQ&#038;oh=00_AfX7QmFGhQhG2jAllVgXCiM1ZrWgvtp80-Bfppyexh1QEg&#038;oe=689E923C","og:image:secure_url":"https:\/\/scontent-gig4-1.xx.fbcdn.net\/v\/t39.30808-1\/270437624_4564083193639691_6907940295614233970_n.jpg?stp=dst-jpg_s200x200_tt6&#038;_nc_cat=111&#038;ccb=1-7&#038;_nc_sid=f907e8&#038;_nc_ohc=SM1wRlP3lJwQ7kNvwEPuBYA&#038;_nc_oc=AdnqrjDN_BNjSSHWO-GbkIWH6fkGMLw4bqvL_NH6e2wMveX7G-rP2dAqsDSq1mJMOaY&#038;_nc_zt=24&#038;_nc_ht=scontent-gig4-1.xx&#038;_nc_gid=AoBFJeGrT1hVaew_6rchkQ&#038;oh=00_AfX7QmFGhQhG2jAllVgXCiM1ZrWgvtp80-Bfppyexh1QEg&#038;oe=689E923C","article:published_time":"2016-03-03T19:28:40+00:00","article:modified_time":"2016-03-03T19:28:40+00:00","twitter:card":"summary_large_image","twitter:title":"Lula, o pol\u00edtico - A Not\u00edcia Online","twitter:description":"Um dia desses, conversando numa roda de amigos sobre pol\u00edtica, arrisquei um palpite sobre a figura do ex-presidente Lula. Emiti uma opini\u00e3o, que, na realidade, faz parte do meu entendimento sobre o perfil pol\u00edtico e tamb\u00e9m pessoal do ex-presidente, at\u00e9 porque, se conseguirem provar tudo o que est\u00e3o noticiando, Lula estar\u00e1 irremediavelmente perdido e, certamente,","twitter:image":"https:\/\/scontent-gig4-1.xx.fbcdn.net\/v\/t39.30808-1\/270437624_4564083193639691_6907940295614233970_n.jpg?stp=dst-jpg_s200x200_tt6&_nc_cat=111&ccb=1-7&_nc_sid=f907e8&_nc_ohc=SM1wRlP3lJwQ7kNvwEPuBYA&_nc_oc=AdnqrjDN_BNjSSHWO-GbkIWH6fkGMLw4bqvL_NH6e2wMveX7G-rP2dAqsDSq1mJMOaY&_nc_zt=24&_nc_ht=scontent-gig4-1.xx&_nc_gid=AoBFJeGrT1hVaew_6rchkQ&oh=00_AfX7QmFGhQhG2jAllVgXCiM1ZrWgvtp80-Bfppyexh1QEg&oe=689E923C"},"aioseo_meta_data":{"post_id":"10062","title":null,"description":null,"keywords":null,"keyphrases":null,"primary_term":null,"canonical_url":null,"og_title":null,"og_description":null,"og_object_type":"default","og_image_type":"default","og_image_url":null,"og_image_width":null,"og_image_height":null,"og_image_custom_url":null,"og_image_custom_fields":null,"og_video":null,"og_custom_url":null,"og_article_section":null,"og_article_tags":null,"twitter_use_og":false,"twitter_card":"default","twitter_image_type":"default","twitter_image_url":null,"twitter_image_custom_url":null,"twitter_image_custom_fields":null,"twitter_title":null,"twitter_description":null,"schema":{"blockGraphs":[],"customGraphs":[],"default":{"data":{"Article":[],"Course":[],"Dataset":[],"FAQPage":[],"Movie":[],"Person":[],"Product":[],"ProductReview":[],"Car":[],"Recipe":[],"Service":[],"SoftwareApplication":[],"WebPage":[]},"graphName":"","isEnabled":true},"graphs":[]},"schema_type":"default","schema_type_options":null,"pillar_content":false,"robots_default":true,"robots_noindex":false,"robots_noarchive":false,"robots_nosnippet":false,"robots_nofollow":false,"robots_noimageindex":false,"robots_noodp":false,"robots_notranslate":false,"robots_max_snippet":null,"robots_max_videopreview":null,"robots_max_imagepreview":"large","priority":null,"frequency":null,"local_seo":null,"breadcrumb_settings":null,"limit_modified_date":false,"ai":null,"created":"2025-08-16 15:26:20","updated":"2025-08-16 15:26:20","focus_keyword":null,"additional_keywords":null,"truseo_locale":null,"seo_analyzer_scan_date":null},"aioseo_breadcrumb":"<div class=\"aioseo-breadcrumbs\"><span class=\"aioseo-breadcrumb\">\n\t\t\t<a href=\"https:\/\/anoticiaonline.com.br\/site\" title=\"Home\">Home<\/a>\n\t\t<\/span><span class=\"aioseo-breadcrumb-separator\">&raquo;<\/span><span class=\"aioseo-breadcrumb\">\n\t\t\t<a href=\"https:\/\/anoticiaonline.com.br\/site\/categoria\/colunistas\/\" title=\"Colunistas\">Colunistas<\/a>\n\t\t<\/span><span class=\"aioseo-breadcrumb-separator\">&raquo;<\/span><span class=\"aioseo-breadcrumb\">\n\t\t\t<a href=\"https:\/\/anoticiaonline.com.br\/site\/categoria\/colunistas\/politica-e-atualidades-francisco-laviola\/\" title=\"Pol\u00edtica e Atualidades - Francisco Laviola\">Pol\u00edtica e Atualidades - Francisco Laviola<\/a>\n\t\t<\/span><span class=\"aioseo-breadcrumb-separator\">&raquo;<\/span><span class=\"aioseo-breadcrumb\">\n\t\t\tLula, o pol\u00edtico\n\t\t<\/span><\/div>","aioseo_breadcrumb_json":[{"label":"Home","link":"https:\/\/anoticiaonline.com.br\/site"},{"label":"Colunistas","link":"https:\/\/anoticiaonline.com.br\/site\/categoria\/colunistas\/"},{"label":"Pol\u00edtica e Atualidades - Francisco Laviola","link":"https:\/\/anoticiaonline.com.br\/site\/categoria\/colunistas\/politica-e-atualidades-francisco-laviola\/"},{"label":"Lula, o pol\u00edtico","link":"https:\/\/anoticiaonline.com.br\/site\/lula-o-politico\/"}],"views":137,"_links":{"self":[{"href":"https:\/\/anoticiaonline.com.br\/site\/wp-json\/wp\/v2\/posts\/10062","targetHints":{"allow":["GET"]}}],"collection":[{"href":"https:\/\/anoticiaonline.com.br\/site\/wp-json\/wp\/v2\/posts"}],"about":[{"href":"https:\/\/anoticiaonline.com.br\/site\/wp-json\/wp\/v2\/types\/post"}],"author":[{"embeddable":true,"href":"https:\/\/anoticiaonline.com.br\/site\/wp-json\/wp\/v2\/users\/2"}],"replies":[{"embeddable":true,"href":"https:\/\/anoticiaonline.com.br\/site\/wp-json\/wp\/v2\/comments?post=10062"}],"version-history":[{"count":0,"href":"https:\/\/anoticiaonline.com.br\/site\/wp-json\/wp\/v2\/posts\/10062\/revisions"}],"wp:attachment":[{"href":"https:\/\/anoticiaonline.com.br\/site\/wp-json\/wp\/v2\/media?parent=10062"}],"wp:term":[{"taxonomy":"category","embeddable":true,"href":"https:\/\/anoticiaonline.com.br\/site\/wp-json\/wp\/v2\/categories?post=10062"},{"taxonomy":"post_tag","embeddable":true,"href":"https:\/\/anoticiaonline.com.br\/site\/wp-json\/wp\/v2\/tags?post=10062"}],"curies":[{"name":"wp","href":"https:\/\/api.w.org\/{rel}","templated":true}]}}